{"id":147443,"date":"2015-11-29T22:00:38","date_gmt":"2015-11-29T21:00:38","guid":{"rendered":"https:\/\/sandzakpress.net\/arhiva\/?p=147443"},"modified":"2015-11-30T09:35:49","modified_gmt":"2015-11-30T08:35:49","slug":"bkz-njemacke-i-u-hanoveru-obiljezila-dan-drzavnosti-bih-i-dan-sandzaka","status":"publish","type":"post","link":"https:\/\/sandzakpress.net\/arhiva\/bkz-njemacke-i-u-hanoveru-obiljezila-dan-drzavnosti-bih-i-dan-sandzaka\/","title":{"rendered":"BKZ Njema\u010dke i u Hanoveru obilje\u017eila Dan dr\u017eavnosti BiH i Dan Sand\u017eaka"},"content":{"rendered":"<p><img decoding=\"async\" src=\"http:\/\/mesihat.org\/wp-content\/uploads\/2015\/11\/wpid-wp-1448809233102.jpeg\" alt=\"image\" \/><\/p>\n<p><strong>Njema\u010dka &#8211; Nakon velikog skupa u Hamburgu na kojem je prisustvovalo oko 1000 Bo\u0161njaka Njema\u010dke, u subotu 28.11.2015. godine u no\u0107nim satima, i u Hanoveru je odr\u017ean veliki skup u povodu godi\u0161njice osnivanja BKZ Njema\u010dke, Dana dr\u017eavnosti BiH i Dana Sand\u017eaka. \u00a0<\/strong><\/p>\n<p><span lang=\"SV\">Na skupu su govorili predsjednik BKZ Njema\u010dke Suljo D\u017eankovi\u0107, oblasni glavni imam i imam u d\u017eematu Hanover Aldin ef. Kusur, predsjednik BKZ prof. dr. Admir Muratovi\u0107, publicista i politi\u010dki analiti\u010dar Sejfudin Toki\u0107.<\/span><\/p>\n<p><span style=\"line-height: 1.5;\">Poseban gost veceri bio je predsjednik Me\u0161ihata IZ-e u Srbiji muftija dr. Mevlud ef. Dudi\u0107.<\/span><\/p>\n<p>Muftija dr. Dudi\u0107 je u svom nadahnutom govoru ukazao na va\u017enost o\u010duvanja duhovnog, kulturnog i nacionalnog identiteta Bo\u0161njaka u Hanoveru, Njema\u010dkoj i Evropi, posebno naglasiv\u0161i da paralelno sa tim treba i\u0107i proces integracije Bo\u0161njaka u njema\u010dko dru\u0161tvo.<\/p>\n<p>\u201cVi trebate u\u010diti svoju djecu da su muslimani koji nose sa sobom poruku mira, da su Bo\u0161njaci koji nose sa sobom poruku humanizma i su\u017eivota sa drugim i druga\u010dijim, ali i da nije grijeh biti zahvalan njema\u010dkoj dr\u017eavi za sve \u0161to radi za dobro svojih gra\u017eana, me\u0111u kojima ima puno pripadnika na\u0161eg naroda\u201d \u2013 istakao je muftija Dudi\u0107.<\/p>\n<p>(BKZ)<\/p>\n<p><a class=\"cb-lightbox\" title=\"wp-1448809320212\" href=\"http:\/\/mesihat.org\/wp-content\/uploads\/2015\/11\/wpid-wp-1448809320212.jpeg\"><img decoding=\"async\" class=\"alignnone size-full\" title=\"wp-1448809320212\" src=\"http:\/\/mesihat.org\/wp-content\/uploads\/2015\/11\/wpid-wp-1448809320212.jpeg\" alt=\"image\" \/><\/a><\/p>\n<p><a class=\"cb-lightbox\" title=\"wp-1448809130454\" href=\"http:\/\/mesihat.org\/wp-content\/uploads\/2015\/11\/wpid-wp-1448809130454.jpeg\"><img decoding=\"async\" class=\"alignnone size-full\" title=\"wp-1448809130454\" src=\"http:\/\/mesihat.org\/wp-content\/uploads\/2015\/11\/wpid-wp-1448809130454.jpeg\" alt=\"image\" \/><\/a><\/p>\n<p><a class=\"cb-lightbox\" title=\"wp-1448809152317\" href=\"http:\/\/mesihat.org\/wp-content\/uploads\/2015\/11\/wpid-wp-1448809152317.jpeg\"><img decoding=\"async\" class=\"alignnone size-full\" title=\"wp-1448809152317\" src=\"http:\/\/mesihat.org\/wp-content\/uploads\/2015\/11\/wpid-wp-1448809152317.jpeg\" alt=\"image\" \/><\/a><\/p>\n<p><a class=\"cb-lightbox\" title=\"wp-1448809178453\" href=\"http:\/\/mesihat.org\/wp-content\/uploads\/2015\/11\/wpid-wp-1448809178453.jpeg\"><img decoding=\"async\" class=\"alignnone size-full\" title=\"wp-1448809178453\" src=\"http:\/\/mesihat.org\/wp-content\/uploads\/2015\/11\/wpid-wp-1448809178453.jpeg\" alt=\"image\" \/><\/a><\/p>\n<p><a class=\"cb-lightbox\" title=\"wp-1448809192665\" href=\"http:\/\/mesihat.org\/wp-content\/uploads\/2015\/11\/wpid-wp-1448809192665.jpeg\"><img decoding=\"async\" class=\"alignnone size-full\" title=\"wp-1448809192665\" src=\"http:\/\/mesihat.org\/wp-content\/uploads\/2015\/11\/wpid-wp-1448809192665.jpeg\" alt=\"image\" \/><\/a><\/p>\n<p><a class=\"cb-lightbox\" title=\"wp-1448809208120\" href=\"http:\/\/mesihat.org\/wp-content\/uploads\/2015\/11\/wpid-wp-1448809208120.jpeg\"><img decoding=\"async\" class=\"alignnone size-full\" title=\"wp-1448809208120\" src=\"http:\/\/mesihat.org\/wp-content\/uploads\/2015\/11\/wpid-wp-1448809208120.jpeg\" alt=\"image\" \/><\/a><\/p>\n<p><a class=\"cb-lightbox\" title=\"wp-1448809233102\" href=\"http:\/\/mesihat.org\/wp-content\/uploads\/2015\/11\/wpid-wp-1448809233102.jpeg\"><img decoding=\"async\" class=\"alignnone size-full\" title=\"wp-1448809233102\" src=\"http:\/\/mesihat.org\/wp-content\/uploads\/2015\/11\/wpid-wp-1448809233102.jpeg\" alt=\"image\" \/><\/a><\/p>\n<p>&nbsp;<\/p>\n","protected":false},"excerpt":{"rendered":"<p>Njema\u010dka &#8211; Nakon velikog skupa u Hamburgu na kojem je prisustvovalo oko 1000 Bo\u0161njaka Njema\u010dke, u subotu 28.11.2015. godine u no\u0107nim satima, i u Hanoveru je odr\u017ean veliki skup u povodu godi\u0161njice osnivanja BKZ Njema\u010dke, Dana dr\u017eavnosti BiH i Dana Sand\u017eaka. \u00a0 Na skupu su govorili predsjednik BKZ Njema\u010dke Suljo D\u017eankovi\u0107, oblasni glavni imam i [&hellip;]<\/p>\n","protected":false},"author":83,"featured_media":147444,"comment_status":"open","ping_status":"open","sticky":false,"template":"","format":"standard","meta":{"footnotes":""},"categories":[800,9538,8957],"tags":[],"class_list":{"0":"post-147443","1":"post","2":"type-post","3":"status-publish","4":"format-standard","5":"has-post-thumbnail","7":"category-nacija","8":"category-njemacka-dijaspora-gradovi-vase-vijesti","9":"category-vijesti-dana"},"yoast_head":"<!-- This site is optimized with the Yoast SEO Premium plugin v23.1 (Yoast SEO v24.9) - https:\/\/yoast.com\/wordpress\/plugins\/seo\/ -->\n<title>BKZ Njema\u010dke i u Hanoveru obilje\u017eila Dan dr\u017eavnosti BiH i Dan Sand\u017eaka<\/title>\n<meta name=\"robots\" content=\"index, follow, max-snippet:-1, max-image-preview:large, max-video-preview:-1\" \/>\n<link rel=\"canonical\" href=\"https:\/\/sandzakpress.net\/arhiva\/bkz-njemacke-i-u-hanoveru-obiljezila-dan-drzavnosti-bih-i-dan-sandzaka\/\" \/>\n<meta property=\"og:locale\" content=\"bs_BA\" \/>\n<meta property=\"og:type\" content=\"article\" \/>\n<meta property=\"og:title\" content=\"BKZ Njema\u010dke i u Hanoveru obilje\u017eila Dan dr\u017eavnosti BiH i Dan Sand\u017eaka\" \/>\n<meta property=\"og:description\" content=\"Njema\u010dka &#8211; Nakon velikog skupa u Hamburgu na kojem je prisustvovalo oko 1000 Bo\u0161njaka Njema\u010dke, u subotu 28.11.2015. godine u no\u0107nim satima, i u Hanoveru je odr\u017ean veliki skup u povodu godi\u0161njice osnivanja BKZ Njema\u010dke, Dana dr\u017eavnosti BiH i Dana Sand\u017eaka. \u00a0 Na skupu su govorili predsjednik BKZ Njema\u010dke Suljo D\u017eankovi\u0107, oblasni glavni imam i [&hellip;]\" \/>\n<meta property=\"og:url\" content=\"https:\/\/sandzakpress.net\/arhiva\/bkz-njemacke-i-u-hanoveru-obiljezila-dan-drzavnosti-bih-i-dan-sandzaka\/\" \/>\n<meta property=\"og:site_name\" content=\"Sand\u017eak PRESS\" \/>\n<meta property=\"article:published_time\" content=\"2015-11-29T21:00:38+00:00\" \/>\n<meta property=\"article:modified_time\" content=\"2015-11-30T08:35:49+00:00\" \/>\n<meta property=\"og:image\" content=\"https:\/\/sandzakpress.net\/arhiva\/wp-content\/uploads\/2015\/11\/wpid-wp-1448809233102.jpeg.jpg\" \/>\n\t<meta property=\"og:image:width\" content=\"1280\" \/>\n\t<meta property=\"og:image:height\" content=\"850\" \/>\n\t<meta property=\"og:image:type\" content=\"image\/jpeg\" \/>\n<meta name=\"author\" content=\"bosniak\" \/>\n<meta name=\"twitter:card\" content=\"summary_large_image\" \/>\n<meta name=\"twitter:label1\" content=\"Written by\" \/>\n\t<meta name=\"twitter:data1\" content=\"bosniak\" \/>\n\t<meta name=\"twitter:label2\" content=\"Est. reading time\" \/>\n\t<meta name=\"twitter:data2\" content=\"1 minuta\" \/>\n<script type=\"application\/ld+json\" class=\"yoast-schema-graph\">{\"@context\":\"https:\/\/schema.org\",\"@graph\":[{\"@type\":\"Article\",\"@id\":\"https:\/\/sandzakpress.net\/arhiva\/bkz-njemacke-i-u-hanoveru-obiljezila-dan-drzavnosti-bih-i-dan-sandzaka\/#article\",\"isPartOf\":{\"@id\":\"https:\/\/sandzakpress.net\/arhiva\/bkz-njemacke-i-u-hanoveru-obiljezila-dan-drzavnosti-bih-i-dan-sandzaka\/\"},\"author\":{\"name\":\"bosniak\",\"@id\":\"https:\/\/sandzakpress.net\/arhiva\/#\/schema\/person\/c8baee722073534b583ea7bdb2e36c02\"},\"headline\":\"BKZ Njema\u010dke i u Hanoveru obilje\u017eila Dan dr\u017eavnosti BiH i Dan Sand\u017eaka\",\"datePublished\":\"2015-11-29T21:00:38+00:00\",\"dateModified\":\"2015-11-30T08:35:49+00:00\",\"mainEntityOfPage\":{\"@id\":\"https:\/\/sandzakpress.net\/arhiva\/bkz-njemacke-i-u-hanoveru-obiljezila-dan-drzavnosti-bih-i-dan-sandzaka\/\"},\"wordCount\":231,\"commentCount\":0,\"publisher\":{\"@id\":\"https:\/\/sandzakpress.net\/arhiva\/#\/schema\/person\/6e72b67d6e51910a1117b3b483ba20bd\"},\"image\":{\"@id\":\"https:\/\/sandzakpress.net\/arhiva\/bkz-njemacke-i-u-hanoveru-obiljezila-dan-drzavnosti-bih-i-dan-sandzaka\/#primaryimage\"},\"thumbnailUrl\":\"https:\/\/sandzakpress.net\/arhiva\/wp-content\/uploads\/2015\/11\/wpid-wp-1448809233102.jpeg.jpg\",\"articleSection\":[\"Nacija\",\"Njema\u010dka\",\"VIJESTI DANA\"],\"inLanguage\":\"bs-BA\",\"potentialAction\":[{\"@type\":\"CommentAction\",\"name\":\"Comment\",\"target\":[\"https:\/\/sandzakpress.net\/arhiva\/bkz-njemacke-i-u-hanoveru-obiljezila-dan-drzavnosti-bih-i-dan-sandzaka\/#respond\"]}]},{\"@type\":\"WebPage\",\"@id\":\"https:\/\/sandzakpress.net\/arhiva\/bkz-njemacke-i-u-hanoveru-obiljezila-dan-drzavnosti-bih-i-dan-sandzaka\/\",\"url\":\"https:\/\/sandzakpress.net\/arhiva\/bkz-njemacke-i-u-hanoveru-obiljezila-dan-drzavnosti-bih-i-dan-sandzaka\/\",\"name\":\"BKZ Njema\u010dke i u Hanoveru obilje\u017eila Dan dr\u017eavnosti BiH i Dan Sand\u017eaka\",\"isPartOf\":{\"@id\":\"https:\/\/sandzakpress.net\/arhiva\/#website\"},\"primaryImageOfPage\":{\"@id\":\"https:\/\/sandzakpress.net\/arhiva\/bkz-njemacke-i-u-hanoveru-obiljezila-dan-drzavnosti-bih-i-dan-sandzaka\/#primaryimage\"},\"image\":{\"@id\":\"https:\/\/sandzakpress.net\/arhiva\/bkz-njemacke-i-u-hanoveru-obiljezila-dan-drzavnosti-bih-i-dan-sandzaka\/#primaryimage\"},\"thumbnailUrl\":\"https:\/\/sandzakpress.net\/arhiva\/wp-content\/uploads\/2015\/11\/wpid-wp-1448809233102.jpeg.jpg\",\"datePublished\":\"2015-11-29T21:00:38+00:00\",\"dateModified\":\"2015-11-30T08:35:49+00:00\",\"breadcrumb\":{\"@id\":\"https:\/\/sandzakpress.net\/arhiva\/bkz-njemacke-i-u-hanoveru-obiljezila-dan-drzavnosti-bih-i-dan-sandzaka\/#breadcrumb\"},\"inLanguage\":\"bs-BA\",\"potentialAction\":[{\"@type\":\"ReadAction\",\"target\":[\"https:\/\/sandzakpress.net\/arhiva\/bkz-njemacke-i-u-hanoveru-obiljezila-dan-drzavnosti-bih-i-dan-sandzaka\/\"]}]},{\"@type\":\"ImageObject\",\"inLanguage\":\"bs-BA\",\"@id\":\"https:\/\/sandzakpress.net\/arhiva\/bkz-njemacke-i-u-hanoveru-obiljezila-dan-drzavnosti-bih-i-dan-sandzaka\/#primaryimage\",\"url\":\"https:\/\/sandzakpress.net\/arhiva\/wp-content\/uploads\/2015\/11\/wpid-wp-1448809233102.jpeg.jpg\",\"contentUrl\":\"https:\/\/sandzakpress.net\/arhiva\/wp-content\/uploads\/2015\/11\/wpid-wp-1448809233102.jpeg.jpg\",\"width\":1280,\"height\":850},{\"@type\":\"BreadcrumbList\",\"@id\":\"https:\/\/sandzakpress.net\/arhiva\/bkz-njemacke-i-u-hanoveru-obiljezila-dan-drzavnosti-bih-i-dan-sandzaka\/#breadcrumb\",\"itemListElement\":[{\"@type\":\"ListItem\",\"position\":1,\"name\":\"Home\",\"item\":\"https:\/\/sandzakpress.net\/arhiva\/\"},{\"@type\":\"ListItem\",\"position\":2,\"name\":\"BKZ Njema\u010dke i u Hanoveru obilje\u017eila Dan dr\u017eavnosti BiH i Dan Sand\u017eaka\"}]},{\"@type\":\"WebSite\",\"@id\":\"https:\/\/sandzakpress.net\/arhiva\/#website\",\"url\":\"https:\/\/sandzakpress.net\/arhiva\/\",\"name\":\"Sand\u017eak PRESS\",\"description\":\"Prve elektronske novine u Sand\u017eaku\",\"publisher\":{\"@id\":\"https:\/\/sandzakpress.net\/arhiva\/#\/schema\/person\/6e72b67d6e51910a1117b3b483ba20bd\"},\"potentialAction\":[{\"@type\":\"SearchAction\",\"target\":{\"@type\":\"EntryPoint\",\"urlTemplate\":\"https:\/\/sandzakpress.net\/arhiva\/?s={search_term_string}\"},\"query-input\":{\"@type\":\"PropertyValueSpecification\",\"valueRequired\":true,\"valueName\":\"search_term_string\"}}],\"inLanguage\":\"bs-BA\"},{\"@type\":[\"Person\",\"Organization\"],\"@id\":\"https:\/\/sandzakpress.net\/arhiva\/#\/schema\/person\/6e72b67d6e51910a1117b3b483ba20bd\",\"name\":\"Kul\",\"image\":{\"@type\":\"ImageObject\",\"inLanguage\":\"bs-BA\",\"@id\":\"https:\/\/sandzakpress.net\/arhiva\/#\/schema\/person\/image\/\",\"url\":\"https:\/\/secure.gravatar.com\/avatar\/42263f39aa27ac04c43cab85c280eb2e?s=96&d=mm&r=pg\",\"contentUrl\":\"https:\/\/secure.gravatar.com\/avatar\/42263f39aa27ac04c43cab85c280eb2e?s=96&d=mm&r=pg\",\"caption\":\"Kul\"},\"logo\":{\"@id\":\"https:\/\/sandzakpress.net\/arhiva\/#\/schema\/person\/image\/\"}},{\"@type\":\"Person\",\"@id\":\"https:\/\/sandzakpress.net\/arhiva\/#\/schema\/person\/c8baee722073534b583ea7bdb2e36c02\",\"name\":\"bosniak\",\"image\":{\"@type\":\"ImageObject\",\"inLanguage\":\"bs-BA\",\"@id\":\"https:\/\/sandzakpress.net\/arhiva\/#\/schema\/person\/image\/\",\"url\":\"https:\/\/secure.gravatar.com\/avatar\/a04fd330bfe3a36a72a0ad4a6d89fca7?s=96&d=mm&r=pg\",\"contentUrl\":\"https:\/\/secure.gravatar.com\/avatar\/a04fd330bfe3a36a72a0ad4a6d89fca7?s=96&d=mm&r=pg\",\"caption\":\"bosniak\"},\"url\":\"https:\/\/sandzakpress.net\/arhiva\/author\/bosniak\/\"}]}<\/script>\n<!-- \/ Yoast SEO Premium plugin. -->","yoast_head_json":{"title":"BKZ Njema\u010dke i u Hanoveru obilje\u017eila Dan dr\u017eavnosti BiH i Dan Sand\u017eaka","robots":{"index":"index","follow":"follow","max-snippet":"max-snippet:-1","max-image-preview":"max-image-preview:large","max-video-preview":"max-video-preview:-1"},"canonical":"https:\/\/sandzakpress.net\/arhiva\/bkz-njemacke-i-u-hanoveru-obiljezila-dan-drzavnosti-bih-i-dan-sandzaka\/","og_locale":"bs_BA","og_type":"article","og_title":"BKZ Njema\u010dke i u Hanoveru obilje\u017eila Dan dr\u017eavnosti BiH i Dan Sand\u017eaka","og_description":"Njema\u010dka &#8211; Nakon velikog skupa u Hamburgu na kojem je prisustvovalo oko 1000 Bo\u0161njaka Njema\u010dke, u subotu 28.11.2015. godine u no\u0107nim satima, i u Hanoveru je odr\u017ean veliki skup u povodu godi\u0161njice osnivanja BKZ Njema\u010dke, Dana dr\u017eavnosti BiH i Dana Sand\u017eaka. \u00a0 Na skupu su govorili predsjednik BKZ Njema\u010dke Suljo D\u017eankovi\u0107, oblasni glavni imam i [&hellip;]","og_url":"https:\/\/sandzakpress.net\/arhiva\/bkz-njemacke-i-u-hanoveru-obiljezila-dan-drzavnosti-bih-i-dan-sandzaka\/","og_site_name":"Sand\u017eak PRESS","article_published_time":"2015-11-29T21:00:38+00:00","article_modified_time":"2015-11-30T08:35:49+00:00","og_image":[{"width":1280,"height":850,"url":"https:\/\/sandzakpress.net\/arhiva\/wp-content\/uploads\/2015\/11\/wpid-wp-1448809233102.jpeg.jpg","type":"image\/jpeg"}],"author":"bosniak","twitter_card":"summary_large_image","twitter_misc":{"Written by":"bosniak","Est. reading time":"1 minuta"},"schema":{"@context":"https:\/\/schema.org","@graph":[{"@type":"Article","@id":"https:\/\/sandzakpress.net\/arhiva\/bkz-njemacke-i-u-hanoveru-obiljezila-dan-drzavnosti-bih-i-dan-sandzaka\/#article","isPartOf":{"@id":"https:\/\/sandzakpress.net\/arhiva\/bkz-njemacke-i-u-hanoveru-obiljezila-dan-drzavnosti-bih-i-dan-sandzaka\/"},"author":{"name":"bosniak","@id":"https:\/\/sandzakpress.net\/arhiva\/#\/schema\/person\/c8baee722073534b583ea7bdb2e36c02"},"headline":"BKZ Njema\u010dke i u Hanoveru obilje\u017eila Dan dr\u017eavnosti BiH i Dan Sand\u017eaka","datePublished":"2015-11-29T21:00:38+00:00","dateModified":"2015-11-30T08:35:49+00:00","mainEntityOfPage":{"@id":"https:\/\/sandzakpress.net\/arhiva\/bkz-njemacke-i-u-hanoveru-obiljezila-dan-drzavnosti-bih-i-dan-sandzaka\/"},"wordCount":231,"commentCount":0,"publisher":{"@id":"https:\/\/sandzakpress.net\/arhiva\/#\/schema\/person\/6e72b67d6e51910a1117b3b483ba20bd"},"image":{"@id":"https:\/\/sandzakpress.net\/arhiva\/bkz-njemacke-i-u-hanoveru-obiljezila-dan-drzavnosti-bih-i-dan-sandzaka\/#primaryimage"},"thumbnailUrl":"https:\/\/sandzakpress.net\/arhiva\/wp-content\/uploads\/2015\/11\/wpid-wp-1448809233102.jpeg.jpg","articleSection":["Nacija","Njema\u010dka","VIJESTI DANA"],"inLanguage":"bs-BA","potentialAction":[{"@type":"CommentAction","name":"Comment","target":["https:\/\/sandzakpress.net\/arhiva\/bkz-njemacke-i-u-hanoveru-obiljezila-dan-drzavnosti-bih-i-dan-sandzaka\/#respond"]}]},{"@type":"WebPage","@id":"https:\/\/sandzakpress.net\/arhiva\/bkz-njemacke-i-u-hanoveru-obiljezila-dan-drzavnosti-bih-i-dan-sandzaka\/","url":"https:\/\/sandzakpress.net\/arhiva\/bkz-njemacke-i-u-hanoveru-obiljezila-dan-drzavnosti-bih-i-dan-sandzaka\/","name":"BKZ Njema\u010dke i u Hanoveru obilje\u017eila Dan dr\u017eavnosti BiH i Dan Sand\u017eaka","isPartOf":{"@id":"https:\/\/sandzakpress.net\/arhiva\/#website"},"primaryImageOfPage":{"@id":"https:\/\/sandzakpress.net\/arhiva\/bkz-njemacke-i-u-hanoveru-obiljezila-dan-drzavnosti-bih-i-dan-sandzaka\/#primaryimage"},"image":{"@id":"https:\/\/sandzakpress.net\/arhiva\/bkz-njemacke-i-u-hanoveru-obiljezila-dan-drzavnosti-bih-i-dan-sandzaka\/#primaryimage"},"thumbnailUrl":"https:\/\/sandzakpress.net\/arhiva\/wp-content\/uploads\/2015\/11\/wpid-wp-1448809233102.jpeg.jpg","datePublished":"2015-11-29T21:00:38+00:00","dateModified":"2015-11-30T08:35:49+00:00","breadcrumb":{"@id":"https:\/\/sandzakpress.net\/arhiva\/bkz-njemacke-i-u-hanoveru-obiljezila-dan-drzavnosti-bih-i-dan-sandzaka\/#breadcrumb"},"inLanguage":"bs-BA","potentialAction":[{"@type":"ReadAction","target":["https:\/\/sandzakpress.net\/arhiva\/bkz-njemacke-i-u-hanoveru-obiljezila-dan-drzavnosti-bih-i-dan-sandzaka\/"]}]},{"@type":"ImageObject","inLanguage":"bs-BA","@id":"https:\/\/sandzakpress.net\/arhiva\/bkz-njemacke-i-u-hanoveru-obiljezila-dan-drzavnosti-bih-i-dan-sandzaka\/#primaryimage","url":"https:\/\/sandzakpress.net\/arhiva\/wp-content\/uploads\/2015\/11\/wpid-wp-1448809233102.jpeg.jpg","contentUrl":"https:\/\/sandzakpress.net\/arhiva\/wp-content\/uploads\/2015\/11\/wpid-wp-1448809233102.jpeg.jpg","width":1280,"height":850},{"@type":"BreadcrumbList","@id":"https:\/\/sandzakpress.net\/arhiva\/bkz-njemacke-i-u-hanoveru-obiljezila-dan-drzavnosti-bih-i-dan-sandzaka\/#breadcrumb","itemListElement":[{"@type":"ListItem","position":1,"name":"Home","item":"https:\/\/sandzakpress.net\/arhiva\/"},{"@type":"ListItem","position":2,"name":"BKZ Njema\u010dke i u Hanoveru obilje\u017eila Dan dr\u017eavnosti BiH i Dan Sand\u017eaka"}]},{"@type":"WebSite","@id":"https:\/\/sandzakpress.net\/arhiva\/#website","url":"https:\/\/sandzakpress.net\/arhiva\/","name":"Sand\u017eak PRESS","description":"Prve elektronske novine u Sand\u017eaku","publisher":{"@id":"https:\/\/sandzakpress.net\/arhiva\/#\/schema\/person\/6e72b67d6e51910a1117b3b483ba20bd"},"potentialAction":[{"@type":"SearchAction","target":{"@type":"EntryPoint","urlTemplate":"https:\/\/sandzakpress.net\/arhiva\/?s={search_term_string}"},"query-input":{"@type":"PropertyValueSpecification","valueRequired":true,"valueName":"search_term_string"}}],"inLanguage":"bs-BA"},{"@type":["Person","Organization"],"@id":"https:\/\/sandzakpress.net\/arhiva\/#\/schema\/person\/6e72b67d6e51910a1117b3b483ba20bd","name":"Kul","image":{"@type":"ImageObject","inLanguage":"bs-BA","@id":"https:\/\/sandzakpress.net\/arhiva\/#\/schema\/person\/image\/","url":"https:\/\/secure.gravatar.com\/avatar\/42263f39aa27ac04c43cab85c280eb2e?s=96&d=mm&r=pg","contentUrl":"https:\/\/secure.gravatar.com\/avatar\/42263f39aa27ac04c43cab85c280eb2e?s=96&d=mm&r=pg","caption":"Kul"},"logo":{"@id":"https:\/\/sandzakpress.net\/arhiva\/#\/schema\/person\/image\/"}},{"@type":"Person","@id":"https:\/\/sandzakpress.net\/arhiva\/#\/schema\/person\/c8baee722073534b583ea7bdb2e36c02","name":"bosniak","image":{"@type":"ImageObject","inLanguage":"bs-BA","@id":"https:\/\/sandzakpress.net\/arhiva\/#\/schema\/person\/image\/","url":"https:\/\/secure.gravatar.com\/avatar\/a04fd330bfe3a36a72a0ad4a6d89fca7?s=96&d=mm&r=pg","contentUrl":"https:\/\/secure.gravatar.com\/avatar\/a04fd330bfe3a36a72a0ad4a6d89fca7?s=96&d=mm&r=pg","caption":"bosniak"},"url":"https:\/\/sandzakpress.net\/arhiva\/author\/bosniak\/"}]}},"_links":{"self":[{"href":"https:\/\/sandzakpress.net\/arhiva\/wp-json\/wp\/v2\/posts\/147443"}],"collection":[{"href":"https:\/\/sandzakpress.net\/arhiva\/wp-json\/wp\/v2\/posts"}],"about":[{"href":"https:\/\/sandzakpress.net\/arhiva\/wp-json\/wp\/v2\/types\/post"}],"author":[{"embeddable":true,"href":"https:\/\/sandzakpress.net\/arhiva\/wp-json\/wp\/v2\/users\/83"}],"replies":[{"embeddable":true,"href":"https:\/\/sandzakpress.net\/arhiva\/wp-json\/wp\/v2\/comments?post=147443"}],"version-history":[{"count":0,"href":"https:\/\/sandzakpress.net\/arhiva\/wp-json\/wp\/v2\/posts\/147443\/revisions"}],"wp:featuredmedia":[{"embeddable":true,"href":"https:\/\/sandzakpress.net\/arhiva\/wp-json\/wp\/v2\/media\/147444"}],"wp:attachment":[{"href":"https:\/\/sandzakpress.net\/arhiva\/wp-json\/wp\/v2\/media?parent=147443"}],"wp:term":[{"taxonomy":"category","embeddable":true,"href":"https:\/\/sandzakpress.net\/arhiva\/wp-json\/wp\/v2\/categories?post=147443"},{"taxonomy":"post_tag","embeddable":true,"href":"https:\/\/sandzakpress.net\/arhiva\/wp-json\/wp\/v2\/tags?post=147443"}],"curies":[{"name":"wp","href":"https:\/\/api.w.org\/{rel}","templated":true}]}}