{"id":14735,"date":"2011-04-06T07:07:38","date_gmt":"2011-04-06T05:07:38","guid":{"rendered":"https:\/\/sandzakpress.net\/arhiva\/?p=14735"},"modified":"2011-04-06T07:21:15","modified_gmt":"2011-04-06T05:21:15","slug":"zjasnjavanje-bosnjaka-kao-muslimana-ili-crnogoraca-nanosi-veliku-stetu-nasem-narodu","status":"publish","type":"post","link":"https:\/\/sandzakpress.net\/arhiva\/zjasnjavanje-bosnjaka-kao-muslimana-ili-crnogoraca-nanosi-veliku-stetu-nasem-narodu\/","title":{"rendered":"Izja\u0161njavanje Bo\u0161njaka kao Muslimana ili Crnogoraca nanosi veliku \u0161tetu na\u0161em narodu"},"content":{"rendered":"<figure id=\"attachment_14736\" aria-describedby=\"caption-attachment-14736\" style=\"width: 256px\" class=\"wp-caption alignleft\"><a href=\"https:\/\/sandzakpress.net\/arhiva\/wp-content\/uploads\/2011\/04\/Kemal-Purisic1.jpg\"><img loading=\"lazy\" decoding=\"async\" class=\"size-medium wp-image-14736\" title=\"Kemal-Purisic1\" src=\"https:\/\/sandzakpress.net\/arhiva\/wp-content\/uploads\/2011\/04\/Kemal-Purisic1-256x300.jpg\" alt=\"\" width=\"256\" height=\"300\" \/><\/a><figcaption id=\"caption-attachment-14736\" class=\"wp-caption-text\">Kemal Puri\u0161i\u0107, narodni poslanik ispred BS-a<\/figcaption><\/figure>\n<p><strong>Gospodine Puri\u0161i\u0107u, popis stanovni\u0161tva je ve\u0107 po\u010deo a jo\u0161 uvijek je aktuelno pitanje da li je taj proces samo statisti\u010dko pitanje, ili, u crnogorskim prilikama, ipak, ne\u0161to mnogo vi\u0161e od toga?<\/strong><\/p>\n<p>Naravno da nije samo to, \u0161to se vidi iz kampanje koja se vodi i koja veoma li\u010di na izbornu. Razlog je \u0161to prikupljeni rezultati popisa imaju jake ekonomske, socijalne, kulturne, politi\u010dke i druge implikacije u narednom periodu. Iz tih razloga mnogi subjekti, prije svega politi\u010dke partije i nacionalne institucije, poku\u0161avaju da u kriti\u010dnom momentu popisa doziraju javnosti po\u017eeljne odgovore na ona popisna pitanja koja su za njih va\u017ena. U vi\u0161enacionalnoj dr\u017eavi kakva je Crna Gora, rezultati popisa su i indikator stepena asimilacije manjinskih nacionalnih zajednica, dakle i kvaliteta zvani\u010dne manjinske politike koja je promovirala princip \u201eintegracija bez asimilacije\u201c. Zato je po meni potpuno legitimno i na tragu te politike da se prije svega nacionalni savjeti pa i manjinske stranke uklju\u010de u proces obja\u0161njavanja popisnih pitanja i zna\u010daja pravilnog odgovaranja na pojedina pitanja.<\/p>\n<p><strong>Koliko je za Bo\u0161njake va\u017ean ovaj popis?<\/strong><\/p>\n<p>Veoma je va\u017ean iz vi\u0161e razloga. Jedan ja da \u0107e pokazati u kojem broju i kojem procentu smo se kao narod okupili oko na\u0161eg tradicionalnog imena bo\u0161njak i posebno oko na\u0161eg maternjeg bosanskog jezika kao glavnog stuba na\u0161e nacionalne posebnosti. Na pro\u0161lom popisu\u00a0 se bukvalno polovina na\u0161eg naroda izjasnila kao Musliman ili Crnogorac \u0161to je izazvalo ogromne \u0161tete u me\u0111uvremenu, pa je veoma va\u017eno da se takva gre\u0161ka ne ponovi i na ovom popisu. Ustav i zakoni su garantovali zna\u010dajan korpus posebnih manjinskih prava pripadnicima manje brojnih naroda, kako bi o\u010duvali svoje posebnosti u procesu njihove integracije u dru\u0161tvo. Od broja pripadnika odre\u0111enog manjinskog naroda i njegove organiziranosti zavisi mogu\u0107nost kori\u0161\u0107enja tih prava. Za ilustraciju, pomenu\u0107u dva primjera. Rezultati popisa o maternjem jeziku \u0107e biti osnova za planiranje u procesu obrazovanja pa \u0107e od toga koliko se Bo\u0161njaka izjasni da govori svojim maternjim bosanskim jezikom zavisti da li \u0107e se i u kojim sredinama organizirati proces nastave u \u0161kolama i na bosanskom jeziku. Drugi primjer je garancija srazmjerne zastupljenosti u javnim slu\u017ebama, organima dr\u017eavne vlasti i lokalne samouprave koja je u direktnoj korelaciji sa brojem pripadnika odre\u0111enog manjinskog naroda. To doslovno zna\u010di da brojniji narod sljeduje srazmjerno vi\u0161e radnih mjesta u javnom sektoru. U ovom momentu se mo\u017ee tvrditi da u javnomj administraciji radi vi\u0161e od 80% nacionalnih Crnogoraca, a oko 1% Bo\u0161njaka, pa \u0107e taj odnos morati da se mijenja u pravcu znatno ve\u0107e uklju\u010denosti Bo\u0161njaka.<\/p>\n<p><strong>Ustavni sud je odlu\u010dio da se gra\u0111ani na popisu ne moraju izja\u0161njavati na tzv.identitetska pitanja. Kako Vi u BS komentari\u0161ete tu \u010dinjenicu?<\/strong><\/p>\n<p>Uz sav rizik, mislim da se radi o \u010dudnoj odluci. Radi se o pitanjima u popisnici o nacionalnoj i etni\u010dkoj pripadnosti, o vjeroispovijesti i o maternjem jeziku na koje se, po pomenutoj odluci ne mora dati konkretan odgovor. Nije problem \u0161to je sud pro\u0161irio pravo na diskreciju o vjerskom i na pitanja o nacionalnom i jezi\u010dkom identitetu s obrazlo\u017eenjem da se radi o naprednim me\u0111unarodnim standardima, jer je to po na\u0161em Ustavu obavezno, nego je problem \u0161to se tako mo\u017ee blokirati ostvarivanje \u010ditavog seta manjinskih prava, naro\u010dito onih koja se ostvaruju kao kolektivna prava. O\u010digledno da Ustavni sud nije ravnopravno tretirao cjelinu ustavnih garancija i da je izgubio iz vida da se ovako mogu ugroziti prava vi\u0161e od polovine gra\u0111ana Crne Gore.<\/p>\n<p><strong>Monstat je ograni\u010dio broj pitanja za popisivanje na\u0161e dijaspore. Kako to komentari\u0161ete?<\/strong><\/p>\n<p>Monstat je, kreiraju\u0107i obrazac Popisnice o\u010digledno prekr\u0161io Zakon o popisu, bez obzira \u0161to se pravdaju da su to uradili na preporuku predstavnika Eurostata. O tome smo ih obavijestili i mi iz BS i rukovodstvo Bo\u0161nja\u010dkog savjeta i drugih bo\u0161nja\u010dkih institucija i organizacija. Posljedice takvog pristupa \u0107e biti zna\u010dajne, jer dr\u017eava ne\u0107e raspolagati podacima o tome koliko ima na\u0161ih dr\u017eavljana na\u0161e i dvojno dr\u017eavljanstvo, kakav je njihov socijalni status, obrazovna struktura, zdravstveno stanje, koje su nacionalnosti, vjere i kojim jezikom govore i td. Imaju\u0107i u vidu zvani\u010dno proklamovanu politiku ja\u010danja saradnje sa dijasporom, ovakav stav Ministarstva za finansije i Monstata je kontraproduktivan i simptomati\u010dan u smislu da mo\u017eda promovi\u0161e neku neformalnu politiku.<\/p>\n<p>Na takvu pomisao me navodi i dosta rigidni pristup Monstata kod prikupljanja podataka o dijaspori. Naime, oni insistiraju da podatke o njima mo\u017ee dati isklju\u010divo \u010dlan njihovog doma\u0107instva\u00a0 a ne i \u010dlan \u0161ire porodice, po ovla\u0161\u0107enju. Kako su bukvalno cijeli krajevi\u00a0 i cijele porodice, sa p\u0161rete\u017eno bo\u0161nja\u010dkim stanovni\u0161tvom\u00a0 iseljeni u inostranstvo, osta\u0107e veliki broj ljudi nepopisan, pa \u0107e ta podru\u010dja u perspektivi imati velike \u0161tete zbog toga. Kada se povremeno vrate u zavi\u010daj, ili se definitivno vrate da tu opet \u017eive, do\u010dekat \u0107e ih slabi \u017eivotni uslovi, nedostatak \u0161kola, bolnica, komunalne i druge infrastrukture jer se na njih nije\u00a0 ni ra\u010dunalo u koncipiranju i realizaciji razvojnih politika. Monstat je znao na\u0161 stav o ovim pitanjima kroz skup\u0161tinsku raspravu o zakonu, ali se o\u010digledno oglu\u0161io i tada, kada se izja\u0161njavao o na\u0161im amandmanima na zakon pa i sada povodom na\u0161eg protesta \u0161to su ovako postupili. Ipak, nagovije\u0161tena je makar jedna dobra inicijativa Monstata kao odgovor na na\u0161e zalaganje, da se u narednih pola godine eventualno dogovori popis dijaspore koji bi se organizirao preko diplomatsko-konzularnih predstavni\u0161tava, gdje bi kao osnova planiranja bili kori\u0161\u0107eni \u201ekrnji\u201c podaci koji se sada prikupe o na\u0161oj dijaspori.<\/p>\n<p>Zato apelujem na sve na\u0161e dr\u017eavljane koji \u017eive u insotranstvu da se uklju\u010de u popis kako tako \u0161tp \u0107e poslati osnovne li\u010dne podatke\u00a0 svojoj porodici ili bliskoj rodbini kako bi se obuhvatili popisom, jer \u0107e to biti osnov da se kasnije izvr\u0161i detaljni popis. Popis je va\u017ean i radi boljeg planiranja i kori\u0161\u0107enja i doma\u0107ih razvojnih fondova i strukturnih fondova Evropske unije.<\/p>\n<p><strong>Uva\u017eeni Gospodine Puri\u0161i\u0107u, uz zahvalnost \u0161to ste za na\u0161 portal dali ovaj kratki intervju, vjerujem da dijelimo strah da \u0107e ovo obe\u0107anje Monstata ipak biti samo jo\u0161 jedna lijepo upakovana prevara, po onom poznatom, \u201edr\u017ei rije\u010d ka re\u0161eto vodu\u201c i da \u0107e se dodatno na\u0107i neki novi izgovor ili smetnja tom naknadnom detaljnijem popisu. Uostalom i sama \u010dinjenica da \u0107e mnogi iz dijaspore ostati uskra\u0107eni i za taj \u201ekrnji\u201c popis, govori o diskriminaciji, osmi\u0161ljenoj da se umanji stvarni broj i procenat Bo\u0161njaka.<\/strong><\/p>\n<p><strong>Hvala vam jo\u0161 jednom i nadamo se da \u0107e ove Va\u0161e preporuke sti\u0107i do Bo\u0161njaka i u Crnoj Gori ali i u dijaspori.<\/strong><\/p>\n<p>Hvala i vama, na\u017ealost, na\u0161a iskustva su takva da nam se puno obe\u0107ava a da se ta obe\u0107anja naj\u010de\u0161\u0107e ili ne ostvaruju ili se ostvaruju okrnjena. Ipak, uradimo ono \u0161to je do nas, \u00a0i ja jo\u0161 jednom apelujem na Bo\u0161njake u zemlji da se ne osipaju, ve\u0107 izjasne da su Bo\u0161njaci, da govore bosanskim jezikom i da su pripadnici islama, ali i Bo\u0161njake u dijaspori da se obavezno preko svojih u zemlji upi\u0161u u mjeri u kojoj je to za sada mogu\u0107e.<\/p>\n<p>izvor: <strong>Bicent.com<\/strong><\/p>\n","protected":false},"excerpt":{"rendered":"<p>Gospodine Puri\u0161i\u0107u, popis stanovni\u0161tva je ve\u0107 po\u010deo a jo\u0161 uvijek je aktuelno pitanje da li je taj proces samo statisti\u010dko pitanje, ili, u crnogorskim prilikama, ipak, ne\u0161to mnogo vi\u0161e od toga? Naravno da nije samo to, \u0161to se vidi iz kampanje koja se vodi i koja veoma li\u010di na izbornu. Razlog je \u0161to prikupljeni rezultati [&hellip;]<\/p>\n","protected":false},"author":83,"featured_media":14736,"comment_status":"open","ping_status":"open","sticky":false,"template":"","format":"standard","meta":{"footnotes":""},"categories":[398,397,396,395,399],"tags":[],"class_list":{"0":"post-14735","1":"post","2":"type-post","3":"status-publish","4":"format-standard","5":"has-post-thumbnail","7":"category-rozaje","8":"category-berane","9":"category-bijelo_polje","10":"category-pljevlja_","11":"category-plav_"},"yoast_head":"<!-- This site is optimized with the Yoast SEO Premium plugin v23.1 (Yoast SEO v24.9) - https:\/\/yoast.com\/wordpress\/plugins\/seo\/ -->\n<title>Izja\u0161njavanje Bo\u0161njaka kao Muslimana ili Crnogoraca nanosi veliku \u0161tetu na\u0161em narodu<\/title>\n<meta name=\"robots\" content=\"index, follow, max-snippet:-1, max-image-preview:large, max-video-preview:-1\" \/>\n<link rel=\"canonical\" href=\"https:\/\/sandzakpress.net\/arhiva\/zjasnjavanje-bosnjaka-kao-muslimana-ili-crnogoraca-nanosi-veliku-stetu-nasem-narodu\/\" \/>\n<meta property=\"og:locale\" content=\"bs_BA\" \/>\n<meta property=\"og:type\" content=\"article\" \/>\n<meta property=\"og:title\" content=\"Izja\u0161njavanje Bo\u0161njaka kao Muslimana ili Crnogoraca nanosi veliku \u0161tetu na\u0161em narodu\" \/>\n<meta property=\"og:description\" content=\"Gospodine Puri\u0161i\u0107u, popis stanovni\u0161tva je ve\u0107 po\u010deo a jo\u0161 uvijek je aktuelno pitanje da li je taj proces samo statisti\u010dko pitanje, ili, u crnogorskim prilikama, ipak, ne\u0161to mnogo vi\u0161e od toga? Naravno da nije samo to, \u0161to se vidi iz kampanje koja se vodi i koja veoma li\u010di na izbornu. Razlog je \u0161to prikupljeni rezultati [&hellip;]\" \/>\n<meta property=\"og:url\" content=\"https:\/\/sandzakpress.net\/arhiva\/zjasnjavanje-bosnjaka-kao-muslimana-ili-crnogoraca-nanosi-veliku-stetu-nasem-narodu\/\" \/>\n<meta property=\"og:site_name\" content=\"Sand\u017eak PRESS\" \/>\n<meta property=\"article:published_time\" content=\"2011-04-06T05:07:38+00:00\" \/>\n<meta property=\"article:modified_time\" content=\"2011-04-06T05:21:15+00:00\" \/>\n<meta property=\"og:image\" content=\"https:\/\/sandzakpress.net\/arhiva\/wp-content\/uploads\/2011\/04\/Kemal-Purisic1.jpg\" \/>\n\t<meta property=\"og:image:width\" content=\"336\" \/>\n\t<meta property=\"og:image:height\" content=\"393\" \/>\n\t<meta property=\"og:image:type\" content=\"image\/jpeg\" \/>\n<meta name=\"author\" content=\"bosniak\" \/>\n<meta name=\"twitter:card\" content=\"summary_large_image\" \/>\n<meta name=\"twitter:label1\" content=\"Written by\" \/>\n\t<meta name=\"twitter:data1\" content=\"bosniak\" \/>\n\t<meta name=\"twitter:label2\" content=\"Est. reading time\" \/>\n\t<meta name=\"twitter:data2\" content=\"6 minuta\" \/>\n<script type=\"application\/ld+json\" class=\"yoast-schema-graph\">{\"@context\":\"https:\/\/schema.org\",\"@graph\":[{\"@type\":\"Article\",\"@id\":\"https:\/\/sandzakpress.net\/arhiva\/zjasnjavanje-bosnjaka-kao-muslimana-ili-crnogoraca-nanosi-veliku-stetu-nasem-narodu\/#article\",\"isPartOf\":{\"@id\":\"https:\/\/sandzakpress.net\/arhiva\/zjasnjavanje-bosnjaka-kao-muslimana-ili-crnogoraca-nanosi-veliku-stetu-nasem-narodu\/\"},\"author\":{\"name\":\"bosniak\",\"@id\":\"https:\/\/sandzakpress.net\/arhiva\/#\/schema\/person\/c8baee722073534b583ea7bdb2e36c02\"},\"headline\":\"Izja\u0161njavanje Bo\u0161njaka kao Muslimana ili Crnogoraca nanosi veliku \u0161tetu na\u0161em narodu\",\"datePublished\":\"2011-04-06T05:07:38+00:00\",\"dateModified\":\"2011-04-06T05:21:15+00:00\",\"mainEntityOfPage\":{\"@id\":\"https:\/\/sandzakpress.net\/arhiva\/zjasnjavanje-bosnjaka-kao-muslimana-ili-crnogoraca-nanosi-veliku-stetu-nasem-narodu\/\"},\"wordCount\":1291,\"commentCount\":9,\"publisher\":{\"@id\":\"https:\/\/sandzakpress.net\/arhiva\/#\/schema\/person\/6e72b67d6e51910a1117b3b483ba20bd\"},\"image\":{\"@id\":\"https:\/\/sandzakpress.net\/arhiva\/zjasnjavanje-bosnjaka-kao-muslimana-ili-crnogoraca-nanosi-veliku-stetu-nasem-narodu\/#primaryimage\"},\"thumbnailUrl\":\"https:\/\/sandzakpress.net\/arhiva\/wp-content\/uploads\/2011\/04\/Kemal-Purisic1.jpg\",\"articleSection\":[\"Ro\u017eaje\",\"Berane\",\"Bijelo Polje\",\"Pljevlja\",\"Plav\"],\"inLanguage\":\"bs-BA\",\"potentialAction\":[{\"@type\":\"CommentAction\",\"name\":\"Comment\",\"target\":[\"https:\/\/sandzakpress.net\/arhiva\/zjasnjavanje-bosnjaka-kao-muslimana-ili-crnogoraca-nanosi-veliku-stetu-nasem-narodu\/#respond\"]}]},{\"@type\":\"WebPage\",\"@id\":\"https:\/\/sandzakpress.net\/arhiva\/zjasnjavanje-bosnjaka-kao-muslimana-ili-crnogoraca-nanosi-veliku-stetu-nasem-narodu\/\",\"url\":\"https:\/\/sandzakpress.net\/arhiva\/zjasnjavanje-bosnjaka-kao-muslimana-ili-crnogoraca-nanosi-veliku-stetu-nasem-narodu\/\",\"name\":\"Izja\u0161njavanje Bo\u0161njaka kao Muslimana ili Crnogoraca nanosi veliku \u0161tetu na\u0161em narodu\",\"isPartOf\":{\"@id\":\"https:\/\/sandzakpress.net\/arhiva\/#website\"},\"primaryImageOfPage\":{\"@id\":\"https:\/\/sandzakpress.net\/arhiva\/zjasnjavanje-bosnjaka-kao-muslimana-ili-crnogoraca-nanosi-veliku-stetu-nasem-narodu\/#primaryimage\"},\"image\":{\"@id\":\"https:\/\/sandzakpress.net\/arhiva\/zjasnjavanje-bosnjaka-kao-muslimana-ili-crnogoraca-nanosi-veliku-stetu-nasem-narodu\/#primaryimage\"},\"thumbnailUrl\":\"https:\/\/sandzakpress.net\/arhiva\/wp-content\/uploads\/2011\/04\/Kemal-Purisic1.jpg\",\"datePublished\":\"2011-04-06T05:07:38+00:00\",\"dateModified\":\"2011-04-06T05:21:15+00:00\",\"breadcrumb\":{\"@id\":\"https:\/\/sandzakpress.net\/arhiva\/zjasnjavanje-bosnjaka-kao-muslimana-ili-crnogoraca-nanosi-veliku-stetu-nasem-narodu\/#breadcrumb\"},\"inLanguage\":\"bs-BA\",\"potentialAction\":[{\"@type\":\"ReadAction\",\"target\":[\"https:\/\/sandzakpress.net\/arhiva\/zjasnjavanje-bosnjaka-kao-muslimana-ili-crnogoraca-nanosi-veliku-stetu-nasem-narodu\/\"]}]},{\"@type\":\"ImageObject\",\"inLanguage\":\"bs-BA\",\"@id\":\"https:\/\/sandzakpress.net\/arhiva\/zjasnjavanje-bosnjaka-kao-muslimana-ili-crnogoraca-nanosi-veliku-stetu-nasem-narodu\/#primaryimage\",\"url\":\"https:\/\/sandzakpress.net\/arhiva\/wp-content\/uploads\/2011\/04\/Kemal-Purisic1.jpg\",\"contentUrl\":\"https:\/\/sandzakpress.net\/arhiva\/wp-content\/uploads\/2011\/04\/Kemal-Purisic1.jpg\",\"width\":336,\"height\":393},{\"@type\":\"BreadcrumbList\",\"@id\":\"https:\/\/sandzakpress.net\/arhiva\/zjasnjavanje-bosnjaka-kao-muslimana-ili-crnogoraca-nanosi-veliku-stetu-nasem-narodu\/#breadcrumb\",\"itemListElement\":[{\"@type\":\"ListItem\",\"position\":1,\"name\":\"Home\",\"item\":\"https:\/\/sandzakpress.net\/arhiva\/\"},{\"@type\":\"ListItem\",\"position\":2,\"name\":\"Izja\u0161njavanje Bo\u0161njaka kao Muslimana ili Crnogoraca nanosi veliku \u0161tetu na\u0161em narodu\"}]},{\"@type\":\"WebSite\",\"@id\":\"https:\/\/sandzakpress.net\/arhiva\/#website\",\"url\":\"https:\/\/sandzakpress.net\/arhiva\/\",\"name\":\"Sand\u017eak PRESS\",\"description\":\"Prve elektronske novine u Sand\u017eaku\",\"publisher\":{\"@id\":\"https:\/\/sandzakpress.net\/arhiva\/#\/schema\/person\/6e72b67d6e51910a1117b3b483ba20bd\"},\"potentialAction\":[{\"@type\":\"SearchAction\",\"target\":{\"@type\":\"EntryPoint\",\"urlTemplate\":\"https:\/\/sandzakpress.net\/arhiva\/?s={search_term_string}\"},\"query-input\":{\"@type\":\"PropertyValueSpecification\",\"valueRequired\":true,\"valueName\":\"search_term_string\"}}],\"inLanguage\":\"bs-BA\"},{\"@type\":[\"Person\",\"Organization\"],\"@id\":\"https:\/\/sandzakpress.net\/arhiva\/#\/schema\/person\/6e72b67d6e51910a1117b3b483ba20bd\",\"name\":\"Kul\",\"image\":{\"@type\":\"ImageObject\",\"inLanguage\":\"bs-BA\",\"@id\":\"https:\/\/sandzakpress.net\/arhiva\/#\/schema\/person\/image\/\",\"url\":\"https:\/\/secure.gravatar.com\/avatar\/42263f39aa27ac04c43cab85c280eb2e?s=96&d=mm&r=pg\",\"contentUrl\":\"https:\/\/secure.gravatar.com\/avatar\/42263f39aa27ac04c43cab85c280eb2e?s=96&d=mm&r=pg\",\"caption\":\"Kul\"},\"logo\":{\"@id\":\"https:\/\/sandzakpress.net\/arhiva\/#\/schema\/person\/image\/\"}},{\"@type\":\"Person\",\"@id\":\"https:\/\/sandzakpress.net\/arhiva\/#\/schema\/person\/c8baee722073534b583ea7bdb2e36c02\",\"name\":\"bosniak\",\"image\":{\"@type\":\"ImageObject\",\"inLanguage\":\"bs-BA\",\"@id\":\"https:\/\/sandzakpress.net\/arhiva\/#\/schema\/person\/image\/\",\"url\":\"https:\/\/secure.gravatar.com\/avatar\/a04fd330bfe3a36a72a0ad4a6d89fca7?s=96&d=mm&r=pg\",\"contentUrl\":\"https:\/\/secure.gravatar.com\/avatar\/a04fd330bfe3a36a72a0ad4a6d89fca7?s=96&d=mm&r=pg\",\"caption\":\"bosniak\"},\"url\":\"https:\/\/sandzakpress.net\/arhiva\/author\/bosniak\/\"}]}<\/script>\n<!-- \/ Yoast SEO Premium plugin. -->","yoast_head_json":{"title":"Izja\u0161njavanje Bo\u0161njaka kao Muslimana ili Crnogoraca nanosi veliku \u0161tetu na\u0161em narodu","robots":{"index":"index","follow":"follow","max-snippet":"max-snippet:-1","max-image-preview":"max-image-preview:large","max-video-preview":"max-video-preview:-1"},"canonical":"https:\/\/sandzakpress.net\/arhiva\/zjasnjavanje-bosnjaka-kao-muslimana-ili-crnogoraca-nanosi-veliku-stetu-nasem-narodu\/","og_locale":"bs_BA","og_type":"article","og_title":"Izja\u0161njavanje Bo\u0161njaka kao Muslimana ili Crnogoraca nanosi veliku \u0161tetu na\u0161em narodu","og_description":"Gospodine Puri\u0161i\u0107u, popis stanovni\u0161tva je ve\u0107 po\u010deo a jo\u0161 uvijek je aktuelno pitanje da li je taj proces samo statisti\u010dko pitanje, ili, u crnogorskim prilikama, ipak, ne\u0161to mnogo vi\u0161e od toga? Naravno da nije samo to, \u0161to se vidi iz kampanje koja se vodi i koja veoma li\u010di na izbornu. Razlog je \u0161to prikupljeni rezultati [&hellip;]","og_url":"https:\/\/sandzakpress.net\/arhiva\/zjasnjavanje-bosnjaka-kao-muslimana-ili-crnogoraca-nanosi-veliku-stetu-nasem-narodu\/","og_site_name":"Sand\u017eak PRESS","article_published_time":"2011-04-06T05:07:38+00:00","article_modified_time":"2011-04-06T05:21:15+00:00","og_image":[{"width":336,"height":393,"url":"https:\/\/sandzakpress.net\/arhiva\/wp-content\/uploads\/2011\/04\/Kemal-Purisic1.jpg","type":"image\/jpeg"}],"author":"bosniak","twitter_card":"summary_large_image","twitter_misc":{"Written by":"bosniak","Est. reading time":"6 minuta"},"schema":{"@context":"https:\/\/schema.org","@graph":[{"@type":"Article","@id":"https:\/\/sandzakpress.net\/arhiva\/zjasnjavanje-bosnjaka-kao-muslimana-ili-crnogoraca-nanosi-veliku-stetu-nasem-narodu\/#article","isPartOf":{"@id":"https:\/\/sandzakpress.net\/arhiva\/zjasnjavanje-bosnjaka-kao-muslimana-ili-crnogoraca-nanosi-veliku-stetu-nasem-narodu\/"},"author":{"name":"bosniak","@id":"https:\/\/sandzakpress.net\/arhiva\/#\/schema\/person\/c8baee722073534b583ea7bdb2e36c02"},"headline":"Izja\u0161njavanje Bo\u0161njaka kao Muslimana ili Crnogoraca nanosi veliku \u0161tetu na\u0161em narodu","datePublished":"2011-04-06T05:07:38+00:00","dateModified":"2011-04-06T05:21:15+00:00","mainEntityOfPage":{"@id":"https:\/\/sandzakpress.net\/arhiva\/zjasnjavanje-bosnjaka-kao-muslimana-ili-crnogoraca-nanosi-veliku-stetu-nasem-narodu\/"},"wordCount":1291,"commentCount":9,"publisher":{"@id":"https:\/\/sandzakpress.net\/arhiva\/#\/schema\/person\/6e72b67d6e51910a1117b3b483ba20bd"},"image":{"@id":"https:\/\/sandzakpress.net\/arhiva\/zjasnjavanje-bosnjaka-kao-muslimana-ili-crnogoraca-nanosi-veliku-stetu-nasem-narodu\/#primaryimage"},"thumbnailUrl":"https:\/\/sandzakpress.net\/arhiva\/wp-content\/uploads\/2011\/04\/Kemal-Purisic1.jpg","articleSection":["Ro\u017eaje","Berane","Bijelo Polje","Pljevlja","Plav"],"inLanguage":"bs-BA","potentialAction":[{"@type":"CommentAction","name":"Comment","target":["https:\/\/sandzakpress.net\/arhiva\/zjasnjavanje-bosnjaka-kao-muslimana-ili-crnogoraca-nanosi-veliku-stetu-nasem-narodu\/#respond"]}]},{"@type":"WebPage","@id":"https:\/\/sandzakpress.net\/arhiva\/zjasnjavanje-bosnjaka-kao-muslimana-ili-crnogoraca-nanosi-veliku-stetu-nasem-narodu\/","url":"https:\/\/sandzakpress.net\/arhiva\/zjasnjavanje-bosnjaka-kao-muslimana-ili-crnogoraca-nanosi-veliku-stetu-nasem-narodu\/","name":"Izja\u0161njavanje Bo\u0161njaka kao Muslimana ili Crnogoraca nanosi veliku \u0161tetu na\u0161em narodu","isPartOf":{"@id":"https:\/\/sandzakpress.net\/arhiva\/#website"},"primaryImageOfPage":{"@id":"https:\/\/sandzakpress.net\/arhiva\/zjasnjavanje-bosnjaka-kao-muslimana-ili-crnogoraca-nanosi-veliku-stetu-nasem-narodu\/#primaryimage"},"image":{"@id":"https:\/\/sandzakpress.net\/arhiva\/zjasnjavanje-bosnjaka-kao-muslimana-ili-crnogoraca-nanosi-veliku-stetu-nasem-narodu\/#primaryimage"},"thumbnailUrl":"https:\/\/sandzakpress.net\/arhiva\/wp-content\/uploads\/2011\/04\/Kemal-Purisic1.jpg","datePublished":"2011-04-06T05:07:38+00:00","dateModified":"2011-04-06T05:21:15+00:00","breadcrumb":{"@id":"https:\/\/sandzakpress.net\/arhiva\/zjasnjavanje-bosnjaka-kao-muslimana-ili-crnogoraca-nanosi-veliku-stetu-nasem-narodu\/#breadcrumb"},"inLanguage":"bs-BA","potentialAction":[{"@type":"ReadAction","target":["https:\/\/sandzakpress.net\/arhiva\/zjasnjavanje-bosnjaka-kao-muslimana-ili-crnogoraca-nanosi-veliku-stetu-nasem-narodu\/"]}]},{"@type":"ImageObject","inLanguage":"bs-BA","@id":"https:\/\/sandzakpress.net\/arhiva\/zjasnjavanje-bosnjaka-kao-muslimana-ili-crnogoraca-nanosi-veliku-stetu-nasem-narodu\/#primaryimage","url":"https:\/\/sandzakpress.net\/arhiva\/wp-content\/uploads\/2011\/04\/Kemal-Purisic1.jpg","contentUrl":"https:\/\/sandzakpress.net\/arhiva\/wp-content\/uploads\/2011\/04\/Kemal-Purisic1.jpg","width":336,"height":393},{"@type":"BreadcrumbList","@id":"https:\/\/sandzakpress.net\/arhiva\/zjasnjavanje-bosnjaka-kao-muslimana-ili-crnogoraca-nanosi-veliku-stetu-nasem-narodu\/#breadcrumb","itemListElement":[{"@type":"ListItem","position":1,"name":"Home","item":"https:\/\/sandzakpress.net\/arhiva\/"},{"@type":"ListItem","position":2,"name":"Izja\u0161njavanje Bo\u0161njaka kao Muslimana ili Crnogoraca nanosi veliku \u0161tetu na\u0161em narodu"}]},{"@type":"WebSite","@id":"https:\/\/sandzakpress.net\/arhiva\/#website","url":"https:\/\/sandzakpress.net\/arhiva\/","name":"Sand\u017eak PRESS","description":"Prve elektronske novine u Sand\u017eaku","publisher":{"@id":"https:\/\/sandzakpress.net\/arhiva\/#\/schema\/person\/6e72b67d6e51910a1117b3b483ba20bd"},"potentialAction":[{"@type":"SearchAction","target":{"@type":"EntryPoint","urlTemplate":"https:\/\/sandzakpress.net\/arhiva\/?s={search_term_string}"},"query-input":{"@type":"PropertyValueSpecification","valueRequired":true,"valueName":"search_term_string"}}],"inLanguage":"bs-BA"},{"@type":["Person","Organization"],"@id":"https:\/\/sandzakpress.net\/arhiva\/#\/schema\/person\/6e72b67d6e51910a1117b3b483ba20bd","name":"Kul","image":{"@type":"ImageObject","inLanguage":"bs-BA","@id":"https:\/\/sandzakpress.net\/arhiva\/#\/schema\/person\/image\/","url":"https:\/\/secure.gravatar.com\/avatar\/42263f39aa27ac04c43cab85c280eb2e?s=96&d=mm&r=pg","contentUrl":"https:\/\/secure.gravatar.com\/avatar\/42263f39aa27ac04c43cab85c280eb2e?s=96&d=mm&r=pg","caption":"Kul"},"logo":{"@id":"https:\/\/sandzakpress.net\/arhiva\/#\/schema\/person\/image\/"}},{"@type":"Person","@id":"https:\/\/sandzakpress.net\/arhiva\/#\/schema\/person\/c8baee722073534b583ea7bdb2e36c02","name":"bosniak","image":{"@type":"ImageObject","inLanguage":"bs-BA","@id":"https:\/\/sandzakpress.net\/arhiva\/#\/schema\/person\/image\/","url":"https:\/\/secure.gravatar.com\/avatar\/a04fd330bfe3a36a72a0ad4a6d89fca7?s=96&d=mm&r=pg","contentUrl":"https:\/\/secure.gravatar.com\/avatar\/a04fd330bfe3a36a72a0ad4a6d89fca7?s=96&d=mm&r=pg","caption":"bosniak"},"url":"https:\/\/sandzakpress.net\/arhiva\/author\/bosniak\/"}]}},"_links":{"self":[{"href":"https:\/\/sandzakpress.net\/arhiva\/wp-json\/wp\/v2\/posts\/14735"}],"collection":[{"href":"https:\/\/sandzakpress.net\/arhiva\/wp-json\/wp\/v2\/posts"}],"about":[{"href":"https:\/\/sandzakpress.net\/arhiva\/wp-json\/wp\/v2\/types\/post"}],"author":[{"embeddable":true,"href":"https:\/\/sandzakpress.net\/arhiva\/wp-json\/wp\/v2\/users\/83"}],"replies":[{"embeddable":true,"href":"https:\/\/sandzakpress.net\/arhiva\/wp-json\/wp\/v2\/comments?post=14735"}],"version-history":[{"count":0,"href":"https:\/\/sandzakpress.net\/arhiva\/wp-json\/wp\/v2\/posts\/14735\/revisions"}],"wp:featuredmedia":[{"embeddable":true,"href":"https:\/\/sandzakpress.net\/arhiva\/wp-json\/wp\/v2\/media\/14736"}],"wp:attachment":[{"href":"https:\/\/sandzakpress.net\/arhiva\/wp-json\/wp\/v2\/media?parent=14735"}],"wp:term":[{"taxonomy":"category","embeddable":true,"href":"https:\/\/sandzakpress.net\/arhiva\/wp-json\/wp\/v2\/categories?post=14735"},{"taxonomy":"post_tag","embeddable":true,"href":"https:\/\/sandzakpress.net\/arhiva\/wp-json\/wp\/v2\/tags?post=14735"}],"curies":[{"name":"wp","href":"https:\/\/api.w.org\/{rel}","templated":true}]}}