{"id":147152,"date":"2015-11-27T15:45:46","date_gmt":"2015-11-27T14:45:46","guid":{"rendered":"https:\/\/sandzakpress.net\/arhiva\/?p=147152"},"modified":"2015-11-27T16:09:17","modified_gmt":"2015-11-27T15:09:17","slug":"istinomer-rasim-ljajic-je-najbolji-prodavac-politicke-magle","status":"publish","type":"post","link":"https:\/\/sandzakpress.net\/arhiva\/istinomer-rasim-ljajic-je-najbolji-prodavac-politicke-magle\/","title":{"rendered":"Istinomjer: Rasim Ljaji\u0107 je najbolji prodava\u010d politi\u010dke magle"},"content":{"rendered":"<p><img loading=\"lazy\" decoding=\"async\" class=\"aligncenter size-full wp-image-58249\" src=\"https:\/\/sandzakpress.net\/arhiva\/wp-content\/uploads\/2012\/12\/194223-rasim-ljajic.jpg\" alt=\"194223-rasim-ljajic\" width=\"600\" height=\"360\" \/><\/p>\n<p>Dugogodi\u0161nji konsultant za politi\u010dke komunikacije Marko Selakovi\u0107, \u0161iroj javnosti najpoznatiji je iz perioda od 2012. do 2014. godine, kada je bio portparol Ujedinjenih regiona Srbije. Tako\u0111e, savjetovao je vi\u0161e nacionalnih, regionalnih i lokalnih politi\u010dkih lidera i stranaka na Balkanu. U knjizi \u201cProdaja politi\u010dara\u201d, koja \u0107e se uskoro na\u0107i pred \u010ditaocima, a \u010diji su delovi objavljeni u \u201cDanasu\u201d, Selakovi\u0107 ka\u017ee da mu je ideja bila da prika\u017ee strategije, ciljeve i na\u010dine komunikacije klju\u010dnih politi\u010dara u 21. vijeku u Srbiji &#8211; da opi\u0161e kako se pribli\u017eavaju bira\u010dima i kako plasiraju svoje ideje i postupke. \u017divi i radi na relaciji Dubai-Beograd.<\/p>\n<div><b>Kako u politiku vratiti stru\u010dnjake, sposobne da rje\u0161avaju probleme, nasuprot onima koji su samo talentovani da marketin\u0161ki dobro plasiraju politi\u010dku poruku?<\/b><\/div>\n<div>To mo\u017ee samo politi\u010dkom odlukom. Ali ne vidim da se ta odluka mo\u017ee donijeti tako lahko. Mnogo, mnogo dugo u Srbiji vlada princip negativne selekcije. Pa ne\u0107e niko od ministara da uzme boljeg od sebe da bude uz njega, nego goreg, jer pored njega i sebi i drugima onda izgledaju i lijepo i pametno. Ista stvar se de\u0161ava i u opoziciji, i kao ishod imamo totalnu katastrofu i mulj. Pristojni ljudi se trude da u taj mulj ne ulaze. A po\u0161to u Srbiji ne mogu da zarade za normalan \u017eivot, onda iz te iste Srbije idu. Ne vjerujem da je u dogledno vrijeme mogu\u0107e vratiti ih u politi\u010dki \u017eivot.<\/div>\n<div><b>Ko je, po va\u0161em mi\u0161ljenju, najbolji \u201cprodavac politi\u010dke robe\u201d na politi\u010dkom tr\u017ei\u0161tu Srbije?<\/b><\/div>\n<div>Zavisi koje robe. Ipak, nekako mi prvo padaju na pamet Dragan Markovi\u0107 Palma i Rasim Ljaji\u0107. Palma, kao velemajstor populizma i Rasim, kao velemajstor trajanja. Rasim Ljaji\u0107 je jedini politi\u010dar u Srbiji koji ima apsolutni kontinuitet vlasti od 5. oktobra do danas! \u010cak je i Dinki\u0107 imao neke periode u opoziciji, ali Rasim Ljaji\u0107 \u2013 u ovom milenijumu nikad. Istine radi, treba pomenuti da je Aleksandar Vu\u010di\u0107 \u010dovjek koji najvi\u0161e radi na sebi i najbolje u\u010di iz gre\u0161aka prethodnika. Generalno, ima dosta prodavaca, nego ne\u0161to ima malo robe. Mnogo je pri\u010de, malo rezultata na svim stranama.<\/div>\n<div>\n<div><b>U knjizi isti\u010dete da je Mla\u0111an Dinki\u0107 bio jedan od najnepopularnjih politi\u010dara. Da li ste uspeli da promijenite tu sliku?\u00a0<\/b><\/div>\n<div>U jednoj mjeri \u2013 da.\u00a0<\/div>\n<div><b>Na koji na\u010din?<\/b><\/div>\n<div>Da je Mla\u0111an Dinki\u0107 imao stranku koja je bila spremna vi\u0161e da brani njegove rezultate, a manje svoje privilegije, siguran sam da bismo u promjeni imid\u017ea bili uspe\u0161niji. Kada sam po\u010deo da radim s njim bilo je prekasno za neku su\u0161tinsku promjenu slike. Stranka je najvi\u0161e trebalo da radi \u00a02008. i 2009. godine, kada je trebalo da se odupre talasu tabloidnih strijela koje je krug oko Borisa Tadi\u0107a odapeo na Dinki\u0107a. Tada su ljudi na terenu, uz pojedine izuzetke, uglavnom mislili na sebe, a ne na stranku. Detaljno o Dinki\u0107u, tako\u0111e u knjizi.<\/div>\n<div><b>Ho\u0107ete li se vratiti u doma\u0107u politiku?<\/b><\/div>\n<div>Prelahko sam odlu\u010dio da odem iz nje da bih se lako vratio u istu. Ne namjeravam u skorije vrijeme da se vra\u0107am ni u Srbiju, a kamoli u srpsku politiku.<\/div>\n<\/div>\n<div>\u00a0<\/div>\n<div>Izvor: Informer<\/div>\n","protected":false},"excerpt":{"rendered":"<p>Dugogodi\u0161nji konsultant za politi\u010dke komunikacije Marko Selakovi\u0107, \u0161iroj javnosti najpoznatiji je iz perioda od 2012. do 2014. godine, kada je bio portparol Ujedinjenih regiona Srbije. Tako\u0111e, savjetovao je vi\u0161e nacionalnih, regionalnih i lokalnih politi\u010dkih lidera i stranaka na Balkanu. U knjizi \u201cProdaja politi\u010dara\u201d, koja \u0107e se uskoro na\u0107i pred \u010ditaocima, a \u010diji su delovi objavljeni [&hellip;]<\/p>\n","protected":false},"author":83,"featured_media":58249,"comment_status":"open","ping_status":"open","sticky":false,"template":"","format":"standard","meta":{"footnotes":""},"categories":[1,10307,8957],"tags":[],"class_list":{"0":"post-147152","1":"post","2":"type-post","3":"status-publish","4":"format-standard","5":"has-post-thumbnail","7":"category-politika","8":"category-srbija","9":"category-vijesti-dana"},"yoast_head":"<!-- This site is optimized with the Yoast SEO Premium plugin v23.1 (Yoast SEO v24.9) - https:\/\/yoast.com\/wordpress\/plugins\/seo\/ -->\n<title>Istinomjer: Rasim Ljaji\u0107 je najbolji prodava\u010d politi\u010dke magle<\/title>\n<meta name=\"robots\" content=\"index, follow, max-snippet:-1, max-image-preview:large, max-video-preview:-1\" \/>\n<link rel=\"canonical\" href=\"https:\/\/sandzakpress.net\/arhiva\/istinomer-rasim-ljajic-je-najbolji-prodavac-politicke-magle\/\" \/>\n<meta property=\"og:locale\" content=\"bs_BA\" \/>\n<meta property=\"og:type\" content=\"article\" \/>\n<meta property=\"og:title\" content=\"Istinomjer: Rasim Ljaji\u0107 je najbolji prodava\u010d politi\u010dke magle\" \/>\n<meta property=\"og:description\" content=\"Dugogodi\u0161nji konsultant za politi\u010dke komunikacije Marko Selakovi\u0107, \u0161iroj javnosti najpoznatiji je iz perioda od 2012. do 2014. godine, kada je bio portparol Ujedinjenih regiona Srbije. Tako\u0111e, savjetovao je vi\u0161e nacionalnih, regionalnih i lokalnih politi\u010dkih lidera i stranaka na Balkanu. U knjizi \u201cProdaja politi\u010dara\u201d, koja \u0107e se uskoro na\u0107i pred \u010ditaocima, a \u010diji su delovi objavljeni [&hellip;]\" \/>\n<meta property=\"og:url\" content=\"https:\/\/sandzakpress.net\/arhiva\/istinomer-rasim-ljajic-je-najbolji-prodavac-politicke-magle\/\" \/>\n<meta property=\"og:site_name\" content=\"Sand\u017eak PRESS\" \/>\n<meta property=\"article:published_time\" content=\"2015-11-27T14:45:46+00:00\" \/>\n<meta property=\"article:modified_time\" content=\"2015-11-27T15:09:17+00:00\" \/>\n<meta property=\"og:image\" content=\"https:\/\/sandzakpress.net\/arhiva\/wp-content\/uploads\/2012\/12\/194223-rasim-ljajic.jpg\" \/>\n\t<meta property=\"og:image:width\" content=\"600\" \/>\n\t<meta property=\"og:image:height\" content=\"360\" \/>\n\t<meta property=\"og:image:type\" content=\"image\/jpeg\" \/>\n<meta name=\"author\" content=\"bosniak\" \/>\n<meta name=\"twitter:card\" content=\"summary_large_image\" \/>\n<meta name=\"twitter:label1\" content=\"Written by\" \/>\n\t<meta name=\"twitter:data1\" content=\"bosniak\" \/>\n\t<meta name=\"twitter:label2\" content=\"Est. reading time\" \/>\n\t<meta name=\"twitter:data2\" content=\"3 minute\" \/>\n<script type=\"application\/ld+json\" class=\"yoast-schema-graph\">{\"@context\":\"https:\/\/schema.org\",\"@graph\":[{\"@type\":\"Article\",\"@id\":\"https:\/\/sandzakpress.net\/arhiva\/istinomer-rasim-ljajic-je-najbolji-prodavac-politicke-magle\/#article\",\"isPartOf\":{\"@id\":\"https:\/\/sandzakpress.net\/arhiva\/istinomer-rasim-ljajic-je-najbolji-prodavac-politicke-magle\/\"},\"author\":{\"name\":\"bosniak\",\"@id\":\"https:\/\/sandzakpress.net\/arhiva\/#\/schema\/person\/c8baee722073534b583ea7bdb2e36c02\"},\"headline\":\"Istinomjer: Rasim Ljaji\u0107 je najbolji prodava\u010d politi\u010dke magle\",\"datePublished\":\"2015-11-27T14:45:46+00:00\",\"dateModified\":\"2015-11-27T15:09:17+00:00\",\"mainEntityOfPage\":{\"@id\":\"https:\/\/sandzakpress.net\/arhiva\/istinomer-rasim-ljajic-je-najbolji-prodavac-politicke-magle\/\"},\"wordCount\":557,\"commentCount\":4,\"publisher\":{\"@id\":\"https:\/\/sandzakpress.net\/arhiva\/#\/schema\/person\/6e72b67d6e51910a1117b3b483ba20bd\"},\"image\":{\"@id\":\"https:\/\/sandzakpress.net\/arhiva\/istinomer-rasim-ljajic-je-najbolji-prodavac-politicke-magle\/#primaryimage\"},\"thumbnailUrl\":\"https:\/\/sandzakpress.net\/arhiva\/wp-content\/uploads\/2012\/12\/194223-rasim-ljajic.jpg\",\"articleSection\":[\"Politika\",\"Srbija\",\"VIJESTI DANA\"],\"inLanguage\":\"bs-BA\",\"potentialAction\":[{\"@type\":\"CommentAction\",\"name\":\"Comment\",\"target\":[\"https:\/\/sandzakpress.net\/arhiva\/istinomer-rasim-ljajic-je-najbolji-prodavac-politicke-magle\/#respond\"]}]},{\"@type\":\"WebPage\",\"@id\":\"https:\/\/sandzakpress.net\/arhiva\/istinomer-rasim-ljajic-je-najbolji-prodavac-politicke-magle\/\",\"url\":\"https:\/\/sandzakpress.net\/arhiva\/istinomer-rasim-ljajic-je-najbolji-prodavac-politicke-magle\/\",\"name\":\"Istinomjer: Rasim Ljaji\u0107 je najbolji prodava\u010d politi\u010dke magle\",\"isPartOf\":{\"@id\":\"https:\/\/sandzakpress.net\/arhiva\/#website\"},\"primaryImageOfPage\":{\"@id\":\"https:\/\/sandzakpress.net\/arhiva\/istinomer-rasim-ljajic-je-najbolji-prodavac-politicke-magle\/#primaryimage\"},\"image\":{\"@id\":\"https:\/\/sandzakpress.net\/arhiva\/istinomer-rasim-ljajic-je-najbolji-prodavac-politicke-magle\/#primaryimage\"},\"thumbnailUrl\":\"https:\/\/sandzakpress.net\/arhiva\/wp-content\/uploads\/2012\/12\/194223-rasim-ljajic.jpg\",\"datePublished\":\"2015-11-27T14:45:46+00:00\",\"dateModified\":\"2015-11-27T15:09:17+00:00\",\"breadcrumb\":{\"@id\":\"https:\/\/sandzakpress.net\/arhiva\/istinomer-rasim-ljajic-je-najbolji-prodavac-politicke-magle\/#breadcrumb\"},\"inLanguage\":\"bs-BA\",\"potentialAction\":[{\"@type\":\"ReadAction\",\"target\":[\"https:\/\/sandzakpress.net\/arhiva\/istinomer-rasim-ljajic-je-najbolji-prodavac-politicke-magle\/\"]}]},{\"@type\":\"ImageObject\",\"inLanguage\":\"bs-BA\",\"@id\":\"https:\/\/sandzakpress.net\/arhiva\/istinomer-rasim-ljajic-je-najbolji-prodavac-politicke-magle\/#primaryimage\",\"url\":\"https:\/\/sandzakpress.net\/arhiva\/wp-content\/uploads\/2012\/12\/194223-rasim-ljajic.jpg\",\"contentUrl\":\"https:\/\/sandzakpress.net\/arhiva\/wp-content\/uploads\/2012\/12\/194223-rasim-ljajic.jpg\",\"width\":600,\"height\":360},{\"@type\":\"BreadcrumbList\",\"@id\":\"https:\/\/sandzakpress.net\/arhiva\/istinomer-rasim-ljajic-je-najbolji-prodavac-politicke-magle\/#breadcrumb\",\"itemListElement\":[{\"@type\":\"ListItem\",\"position\":1,\"name\":\"Home\",\"item\":\"https:\/\/sandzakpress.net\/arhiva\/\"},{\"@type\":\"ListItem\",\"position\":2,\"name\":\"Istinomjer: Rasim Ljaji\u0107 je najbolji prodava\u010d politi\u010dke magle\"}]},{\"@type\":\"WebSite\",\"@id\":\"https:\/\/sandzakpress.net\/arhiva\/#website\",\"url\":\"https:\/\/sandzakpress.net\/arhiva\/\",\"name\":\"Sand\u017eak PRESS\",\"description\":\"Prve elektronske novine u Sand\u017eaku\",\"publisher\":{\"@id\":\"https:\/\/sandzakpress.net\/arhiva\/#\/schema\/person\/6e72b67d6e51910a1117b3b483ba20bd\"},\"potentialAction\":[{\"@type\":\"SearchAction\",\"target\":{\"@type\":\"EntryPoint\",\"urlTemplate\":\"https:\/\/sandzakpress.net\/arhiva\/?s={search_term_string}\"},\"query-input\":{\"@type\":\"PropertyValueSpecification\",\"valueRequired\":true,\"valueName\":\"search_term_string\"}}],\"inLanguage\":\"bs-BA\"},{\"@type\":[\"Person\",\"Organization\"],\"@id\":\"https:\/\/sandzakpress.net\/arhiva\/#\/schema\/person\/6e72b67d6e51910a1117b3b483ba20bd\",\"name\":\"Kul\",\"image\":{\"@type\":\"ImageObject\",\"inLanguage\":\"bs-BA\",\"@id\":\"https:\/\/sandzakpress.net\/arhiva\/#\/schema\/person\/image\/\",\"url\":\"https:\/\/secure.gravatar.com\/avatar\/42263f39aa27ac04c43cab85c280eb2e?s=96&d=mm&r=pg\",\"contentUrl\":\"https:\/\/secure.gravatar.com\/avatar\/42263f39aa27ac04c43cab85c280eb2e?s=96&d=mm&r=pg\",\"caption\":\"Kul\"},\"logo\":{\"@id\":\"https:\/\/sandzakpress.net\/arhiva\/#\/schema\/person\/image\/\"}},{\"@type\":\"Person\",\"@id\":\"https:\/\/sandzakpress.net\/arhiva\/#\/schema\/person\/c8baee722073534b583ea7bdb2e36c02\",\"name\":\"bosniak\",\"image\":{\"@type\":\"ImageObject\",\"inLanguage\":\"bs-BA\",\"@id\":\"https:\/\/sandzakpress.net\/arhiva\/#\/schema\/person\/image\/\",\"url\":\"https:\/\/secure.gravatar.com\/avatar\/a04fd330bfe3a36a72a0ad4a6d89fca7?s=96&d=mm&r=pg\",\"contentUrl\":\"https:\/\/secure.gravatar.com\/avatar\/a04fd330bfe3a36a72a0ad4a6d89fca7?s=96&d=mm&r=pg\",\"caption\":\"bosniak\"},\"url\":\"https:\/\/sandzakpress.net\/arhiva\/author\/bosniak\/\"}]}<\/script>\n<!-- \/ Yoast SEO Premium plugin. -->","yoast_head_json":{"title":"Istinomjer: Rasim Ljaji\u0107 je najbolji prodava\u010d politi\u010dke magle","robots":{"index":"index","follow":"follow","max-snippet":"max-snippet:-1","max-image-preview":"max-image-preview:large","max-video-preview":"max-video-preview:-1"},"canonical":"https:\/\/sandzakpress.net\/arhiva\/istinomer-rasim-ljajic-je-najbolji-prodavac-politicke-magle\/","og_locale":"bs_BA","og_type":"article","og_title":"Istinomjer: Rasim Ljaji\u0107 je najbolji prodava\u010d politi\u010dke magle","og_description":"Dugogodi\u0161nji konsultant za politi\u010dke komunikacije Marko Selakovi\u0107, \u0161iroj javnosti najpoznatiji je iz perioda od 2012. do 2014. godine, kada je bio portparol Ujedinjenih regiona Srbije. Tako\u0111e, savjetovao je vi\u0161e nacionalnih, regionalnih i lokalnih politi\u010dkih lidera i stranaka na Balkanu. U knjizi \u201cProdaja politi\u010dara\u201d, koja \u0107e se uskoro na\u0107i pred \u010ditaocima, a \u010diji su delovi objavljeni [&hellip;]","og_url":"https:\/\/sandzakpress.net\/arhiva\/istinomer-rasim-ljajic-je-najbolji-prodavac-politicke-magle\/","og_site_name":"Sand\u017eak PRESS","article_published_time":"2015-11-27T14:45:46+00:00","article_modified_time":"2015-11-27T15:09:17+00:00","og_image":[{"width":600,"height":360,"url":"https:\/\/sandzakpress.net\/arhiva\/wp-content\/uploads\/2012\/12\/194223-rasim-ljajic.jpg","type":"image\/jpeg"}],"author":"bosniak","twitter_card":"summary_large_image","twitter_misc":{"Written by":"bosniak","Est. reading time":"3 minute"},"schema":{"@context":"https:\/\/schema.org","@graph":[{"@type":"Article","@id":"https:\/\/sandzakpress.net\/arhiva\/istinomer-rasim-ljajic-je-najbolji-prodavac-politicke-magle\/#article","isPartOf":{"@id":"https:\/\/sandzakpress.net\/arhiva\/istinomer-rasim-ljajic-je-najbolji-prodavac-politicke-magle\/"},"author":{"name":"bosniak","@id":"https:\/\/sandzakpress.net\/arhiva\/#\/schema\/person\/c8baee722073534b583ea7bdb2e36c02"},"headline":"Istinomjer: Rasim Ljaji\u0107 je najbolji prodava\u010d politi\u010dke magle","datePublished":"2015-11-27T14:45:46+00:00","dateModified":"2015-11-27T15:09:17+00:00","mainEntityOfPage":{"@id":"https:\/\/sandzakpress.net\/arhiva\/istinomer-rasim-ljajic-je-najbolji-prodavac-politicke-magle\/"},"wordCount":557,"commentCount":4,"publisher":{"@id":"https:\/\/sandzakpress.net\/arhiva\/#\/schema\/person\/6e72b67d6e51910a1117b3b483ba20bd"},"image":{"@id":"https:\/\/sandzakpress.net\/arhiva\/istinomer-rasim-ljajic-je-najbolji-prodavac-politicke-magle\/#primaryimage"},"thumbnailUrl":"https:\/\/sandzakpress.net\/arhiva\/wp-content\/uploads\/2012\/12\/194223-rasim-ljajic.jpg","articleSection":["Politika","Srbija","VIJESTI DANA"],"inLanguage":"bs-BA","potentialAction":[{"@type":"CommentAction","name":"Comment","target":["https:\/\/sandzakpress.net\/arhiva\/istinomer-rasim-ljajic-je-najbolji-prodavac-politicke-magle\/#respond"]}]},{"@type":"WebPage","@id":"https:\/\/sandzakpress.net\/arhiva\/istinomer-rasim-ljajic-je-najbolji-prodavac-politicke-magle\/","url":"https:\/\/sandzakpress.net\/arhiva\/istinomer-rasim-ljajic-je-najbolji-prodavac-politicke-magle\/","name":"Istinomjer: Rasim Ljaji\u0107 je najbolji prodava\u010d politi\u010dke magle","isPartOf":{"@id":"https:\/\/sandzakpress.net\/arhiva\/#website"},"primaryImageOfPage":{"@id":"https:\/\/sandzakpress.net\/arhiva\/istinomer-rasim-ljajic-je-najbolji-prodavac-politicke-magle\/#primaryimage"},"image":{"@id":"https:\/\/sandzakpress.net\/arhiva\/istinomer-rasim-ljajic-je-najbolji-prodavac-politicke-magle\/#primaryimage"},"thumbnailUrl":"https:\/\/sandzakpress.net\/arhiva\/wp-content\/uploads\/2012\/12\/194223-rasim-ljajic.jpg","datePublished":"2015-11-27T14:45:46+00:00","dateModified":"2015-11-27T15:09:17+00:00","breadcrumb":{"@id":"https:\/\/sandzakpress.net\/arhiva\/istinomer-rasim-ljajic-je-najbolji-prodavac-politicke-magle\/#breadcrumb"},"inLanguage":"bs-BA","potentialAction":[{"@type":"ReadAction","target":["https:\/\/sandzakpress.net\/arhiva\/istinomer-rasim-ljajic-je-najbolji-prodavac-politicke-magle\/"]}]},{"@type":"ImageObject","inLanguage":"bs-BA","@id":"https:\/\/sandzakpress.net\/arhiva\/istinomer-rasim-ljajic-je-najbolji-prodavac-politicke-magle\/#primaryimage","url":"https:\/\/sandzakpress.net\/arhiva\/wp-content\/uploads\/2012\/12\/194223-rasim-ljajic.jpg","contentUrl":"https:\/\/sandzakpress.net\/arhiva\/wp-content\/uploads\/2012\/12\/194223-rasim-ljajic.jpg","width":600,"height":360},{"@type":"BreadcrumbList","@id":"https:\/\/sandzakpress.net\/arhiva\/istinomer-rasim-ljajic-je-najbolji-prodavac-politicke-magle\/#breadcrumb","itemListElement":[{"@type":"ListItem","position":1,"name":"Home","item":"https:\/\/sandzakpress.net\/arhiva\/"},{"@type":"ListItem","position":2,"name":"Istinomjer: Rasim Ljaji\u0107 je najbolji prodava\u010d politi\u010dke magle"}]},{"@type":"WebSite","@id":"https:\/\/sandzakpress.net\/arhiva\/#website","url":"https:\/\/sandzakpress.net\/arhiva\/","name":"Sand\u017eak PRESS","description":"Prve elektronske novine u Sand\u017eaku","publisher":{"@id":"https:\/\/sandzakpress.net\/arhiva\/#\/schema\/person\/6e72b67d6e51910a1117b3b483ba20bd"},"potentialAction":[{"@type":"SearchAction","target":{"@type":"EntryPoint","urlTemplate":"https:\/\/sandzakpress.net\/arhiva\/?s={search_term_string}"},"query-input":{"@type":"PropertyValueSpecification","valueRequired":true,"valueName":"search_term_string"}}],"inLanguage":"bs-BA"},{"@type":["Person","Organization"],"@id":"https:\/\/sandzakpress.net\/arhiva\/#\/schema\/person\/6e72b67d6e51910a1117b3b483ba20bd","name":"Kul","image":{"@type":"ImageObject","inLanguage":"bs-BA","@id":"https:\/\/sandzakpress.net\/arhiva\/#\/schema\/person\/image\/","url":"https:\/\/secure.gravatar.com\/avatar\/42263f39aa27ac04c43cab85c280eb2e?s=96&d=mm&r=pg","contentUrl":"https:\/\/secure.gravatar.com\/avatar\/42263f39aa27ac04c43cab85c280eb2e?s=96&d=mm&r=pg","caption":"Kul"},"logo":{"@id":"https:\/\/sandzakpress.net\/arhiva\/#\/schema\/person\/image\/"}},{"@type":"Person","@id":"https:\/\/sandzakpress.net\/arhiva\/#\/schema\/person\/c8baee722073534b583ea7bdb2e36c02","name":"bosniak","image":{"@type":"ImageObject","inLanguage":"bs-BA","@id":"https:\/\/sandzakpress.net\/arhiva\/#\/schema\/person\/image\/","url":"https:\/\/secure.gravatar.com\/avatar\/a04fd330bfe3a36a72a0ad4a6d89fca7?s=96&d=mm&r=pg","contentUrl":"https:\/\/secure.gravatar.com\/avatar\/a04fd330bfe3a36a72a0ad4a6d89fca7?s=96&d=mm&r=pg","caption":"bosniak"},"url":"https:\/\/sandzakpress.net\/arhiva\/author\/bosniak\/"}]}},"_links":{"self":[{"href":"https:\/\/sandzakpress.net\/arhiva\/wp-json\/wp\/v2\/posts\/147152"}],"collection":[{"href":"https:\/\/sandzakpress.net\/arhiva\/wp-json\/wp\/v2\/posts"}],"about":[{"href":"https:\/\/sandzakpress.net\/arhiva\/wp-json\/wp\/v2\/types\/post"}],"author":[{"embeddable":true,"href":"https:\/\/sandzakpress.net\/arhiva\/wp-json\/wp\/v2\/users\/83"}],"replies":[{"embeddable":true,"href":"https:\/\/sandzakpress.net\/arhiva\/wp-json\/wp\/v2\/comments?post=147152"}],"version-history":[{"count":0,"href":"https:\/\/sandzakpress.net\/arhiva\/wp-json\/wp\/v2\/posts\/147152\/revisions"}],"wp:featuredmedia":[{"embeddable":true,"href":"https:\/\/sandzakpress.net\/arhiva\/wp-json\/wp\/v2\/media\/58249"}],"wp:attachment":[{"href":"https:\/\/sandzakpress.net\/arhiva\/wp-json\/wp\/v2\/media?parent=147152"}],"wp:term":[{"taxonomy":"category","embeddable":true,"href":"https:\/\/sandzakpress.net\/arhiva\/wp-json\/wp\/v2\/categories?post=147152"},{"taxonomy":"post_tag","embeddable":true,"href":"https:\/\/sandzakpress.net\/arhiva\/wp-json\/wp\/v2\/tags?post=147152"}],"curies":[{"name":"wp","href":"https:\/\/api.w.org\/{rel}","templated":true}]}}