{"id":14713,"date":"2011-04-05T12:45:37","date_gmt":"2011-04-05T10:45:37","guid":{"rendered":"https:\/\/sandzakpress.net\/arhiva\/?p=14713"},"modified":"2011-04-05T12:45:37","modified_gmt":"2011-04-05T10:45:37","slug":"napadnut-bosnjak-u-vitomirici","status":"publish","type":"post","link":"https:\/\/sandzakpress.net\/arhiva\/napadnut-bosnjak-u-vitomirici\/","title":{"rendered":"Napadnut Bo\u0161njak u Vitomirici"},"content":{"rendered":"<p><strong><a href=\"https:\/\/sandzakpress.net\/arhiva\/wp-content\/uploads\/2011\/04\/bosnjak_napad.jpg\"><img loading=\"lazy\" decoding=\"async\" class=\"alignleft size-full wp-image-14714\" src=\"https:\/\/sandzakpress.net\/arhiva\/wp-content\/uploads\/2011\/04\/bosnjak_napad.jpg\" alt=\"\" width=\"220\" height=\"165\" \/><\/a>Kosovo &#8211; Radilo se o napadu na 45-ogodisnjeg Ervina Musi\u0107a koji je pre\u017eivio  fizi\u010dki i oru\u017eani napad u dvori\u0161tu svoje ku\u0107e u Vitomirici kraj Pe\u0107i.<\/strong><\/p>\n<p>Glasnogovornik Kosovske Policije za region Peci Zecir Kelmendi je  izjavio da se slu\u010daj desio ispred ku\u0107e povrije\u0111enog Ervina Musica koga  su 3 (tri) maskirane i naoru\u017eane osobe presrele, poku\u0161ale mu oteti torbu  a po\u0161to je Music pru\u017eio otpor napada\u010d je ispalio nekoliko hitaca  raniv\u0161i ga.<\/p>\n<p>Napada\u010di su pobjegli. Policija je iza\u0161la na licu mjesta  pru\u017eiv\u0161i pomo\u0107 ranjenom Musicu koga su prebacili u bolnici u Pe\u0107i a  nakon toga dalje u Pri\u0161tinu i van je \u017eivotne opasnosti. Policijski  glasnogovornik Kelmendi ka\u017ee da je izvr\u0161en policijski uvi\u0111aj na licu  mjesta, a da je sprovedena istraga ,te da je slu\u010daj preuzela i  regionalna jedinica Kosovske Policije za te\u0161ka krivi\u010dna djela.<\/p>\n<p>Izvor: <strong>Alem-Kosovo.com<\/strong><\/p>\n","protected":false},"excerpt":{"rendered":"<p>Kosovo &#8211; Radilo se o napadu na 45-ogodisnjeg Ervina Musi\u0107a koji je pre\u017eivio fizi\u010dki i oru\u017eani napad u dvori\u0161tu svoje ku\u0107e u Vitomirici kraj Pe\u0107i. Glasnogovornik Kosovske Policije za region Peci Zecir Kelmendi je izjavio da se slu\u010daj desio ispred ku\u0107e povrije\u0111enog Ervina Musica koga su 3 (tri) maskirane i naoru\u017eane osobe presrele, poku\u0161ale mu [&hellip;]<\/p>\n","protected":false},"author":13,"featured_media":14714,"comment_status":"open","ping_status":"open","sticky":false,"template":"","format":"standard","meta":{"footnotes":""},"categories":[2690],"tags":[],"class_list":{"0":"post-14713","1":"post","2":"type-post","3":"status-publish","4":"format-standard","5":"has-post-thumbnail","7":"category-kosovo-gradovi"},"yoast_head":"<!-- This site is optimized with the Yoast SEO Premium plugin v23.1 (Yoast SEO v24.9) - https:\/\/yoast.com\/wordpress\/plugins\/seo\/ -->\n<title>Napadnut Bo\u0161njak u Vitomirici<\/title>\n<meta name=\"robots\" content=\"index, follow, max-snippet:-1, max-image-preview:large, max-video-preview:-1\" \/>\n<link rel=\"canonical\" href=\"https:\/\/sandzakpress.net\/arhiva\/napadnut-bosnjak-u-vitomirici\/\" \/>\n<meta property=\"og:locale\" content=\"bs_BA\" \/>\n<meta property=\"og:type\" content=\"article\" \/>\n<meta property=\"og:title\" content=\"Napadnut Bo\u0161njak u Vitomirici\" \/>\n<meta property=\"og:description\" content=\"Kosovo &#8211; Radilo se o napadu na 45-ogodisnjeg Ervina Musi\u0107a koji je pre\u017eivio fizi\u010dki i oru\u017eani napad u dvori\u0161tu svoje ku\u0107e u Vitomirici kraj Pe\u0107i. Glasnogovornik Kosovske Policije za region Peci Zecir Kelmendi je izjavio da se slu\u010daj desio ispred ku\u0107e povrije\u0111enog Ervina Musica koga su 3 (tri) maskirane i naoru\u017eane osobe presrele, poku\u0161ale mu [&hellip;]\" \/>\n<meta property=\"og:url\" content=\"https:\/\/sandzakpress.net\/arhiva\/napadnut-bosnjak-u-vitomirici\/\" \/>\n<meta property=\"og:site_name\" content=\"Sand\u017eak PRESS\" \/>\n<meta property=\"article:published_time\" content=\"2011-04-05T10:45:37+00:00\" \/>\n<meta property=\"og:image\" content=\"https:\/\/sandzakpress.net\/arhiva\/wp-content\/uploads\/2011\/04\/bosnjak_napad.jpg\" \/>\n\t<meta property=\"og:image:width\" content=\"220\" \/>\n\t<meta property=\"og:image:height\" content=\"165\" \/>\n\t<meta property=\"og:image:type\" content=\"image\/jpeg\" \/>\n<meta name=\"twitter:card\" content=\"summary_large_image\" \/>\n<meta name=\"twitter:label1\" content=\"Written by\" \/>\n\t<meta name=\"twitter:data1\" content=\"\" \/>\n\t<meta name=\"twitter:label2\" content=\"Est. reading time\" \/>\n\t<meta name=\"twitter:data2\" content=\"1 minuta\" \/>\n<script type=\"application\/ld+json\" class=\"yoast-schema-graph\">{\"@context\":\"https:\/\/schema.org\",\"@graph\":[{\"@type\":\"Article\",\"@id\":\"https:\/\/sandzakpress.net\/arhiva\/napadnut-bosnjak-u-vitomirici\/#article\",\"isPartOf\":{\"@id\":\"https:\/\/sandzakpress.net\/arhiva\/napadnut-bosnjak-u-vitomirici\/\"},\"author\":{\"name\":\"\",\"@id\":\"\"},\"headline\":\"Napadnut Bo\u0161njak u Vitomirici\",\"datePublished\":\"2011-04-05T10:45:37+00:00\",\"mainEntityOfPage\":{\"@id\":\"https:\/\/sandzakpress.net\/arhiva\/napadnut-bosnjak-u-vitomirici\/\"},\"wordCount\":166,\"commentCount\":2,\"publisher\":{\"@id\":\"https:\/\/sandzakpress.net\/arhiva\/#\/schema\/person\/6e72b67d6e51910a1117b3b483ba20bd\"},\"image\":{\"@id\":\"https:\/\/sandzakpress.net\/arhiva\/napadnut-bosnjak-u-vitomirici\/#primaryimage\"},\"thumbnailUrl\":\"https:\/\/sandzakpress.net\/arhiva\/wp-content\/uploads\/2011\/04\/bosnjak_napad.jpg\",\"articleSection\":[\"Kosovo\"],\"inLanguage\":\"bs-BA\",\"potentialAction\":[{\"@type\":\"CommentAction\",\"name\":\"Comment\",\"target\":[\"https:\/\/sandzakpress.net\/arhiva\/napadnut-bosnjak-u-vitomirici\/#respond\"]}]},{\"@type\":\"WebPage\",\"@id\":\"https:\/\/sandzakpress.net\/arhiva\/napadnut-bosnjak-u-vitomirici\/\",\"url\":\"https:\/\/sandzakpress.net\/arhiva\/napadnut-bosnjak-u-vitomirici\/\",\"name\":\"Napadnut Bo\u0161njak u Vitomirici\",\"isPartOf\":{\"@id\":\"https:\/\/sandzakpress.net\/arhiva\/#website\"},\"primaryImageOfPage\":{\"@id\":\"https:\/\/sandzakpress.net\/arhiva\/napadnut-bosnjak-u-vitomirici\/#primaryimage\"},\"image\":{\"@id\":\"https:\/\/sandzakpress.net\/arhiva\/napadnut-bosnjak-u-vitomirici\/#primaryimage\"},\"thumbnailUrl\":\"https:\/\/sandzakpress.net\/arhiva\/wp-content\/uploads\/2011\/04\/bosnjak_napad.jpg\",\"datePublished\":\"2011-04-05T10:45:37+00:00\",\"breadcrumb\":{\"@id\":\"https:\/\/sandzakpress.net\/arhiva\/napadnut-bosnjak-u-vitomirici\/#breadcrumb\"},\"inLanguage\":\"bs-BA\",\"potentialAction\":[{\"@type\":\"ReadAction\",\"target\":[\"https:\/\/sandzakpress.net\/arhiva\/napadnut-bosnjak-u-vitomirici\/\"]}]},{\"@type\":\"ImageObject\",\"inLanguage\":\"bs-BA\",\"@id\":\"https:\/\/sandzakpress.net\/arhiva\/napadnut-bosnjak-u-vitomirici\/#primaryimage\",\"url\":\"https:\/\/sandzakpress.net\/arhiva\/wp-content\/uploads\/2011\/04\/bosnjak_napad.jpg\",\"contentUrl\":\"https:\/\/sandzakpress.net\/arhiva\/wp-content\/uploads\/2011\/04\/bosnjak_napad.jpg\",\"width\":220,\"height\":165},{\"@type\":\"BreadcrumbList\",\"@id\":\"https:\/\/sandzakpress.net\/arhiva\/napadnut-bosnjak-u-vitomirici\/#breadcrumb\",\"itemListElement\":[{\"@type\":\"ListItem\",\"position\":1,\"name\":\"Home\",\"item\":\"https:\/\/sandzakpress.net\/arhiva\/\"},{\"@type\":\"ListItem\",\"position\":2,\"name\":\"Napadnut Bo\u0161njak u Vitomirici\"}]},{\"@type\":\"WebSite\",\"@id\":\"https:\/\/sandzakpress.net\/arhiva\/#website\",\"url\":\"https:\/\/sandzakpress.net\/arhiva\/\",\"name\":\"Sand\u017eak PRESS\",\"description\":\"Prve elektronske novine u Sand\u017eaku\",\"publisher\":{\"@id\":\"https:\/\/sandzakpress.net\/arhiva\/#\/schema\/person\/6e72b67d6e51910a1117b3b483ba20bd\"},\"potentialAction\":[{\"@type\":\"SearchAction\",\"target\":{\"@type\":\"EntryPoint\",\"urlTemplate\":\"https:\/\/sandzakpress.net\/arhiva\/?s={search_term_string}\"},\"query-input\":{\"@type\":\"PropertyValueSpecification\",\"valueRequired\":true,\"valueName\":\"search_term_string\"}}],\"inLanguage\":\"bs-BA\"},{\"@type\":[\"Person\",\"Organization\"],\"@id\":\"https:\/\/sandzakpress.net\/arhiva\/#\/schema\/person\/6e72b67d6e51910a1117b3b483ba20bd\",\"name\":\"Kul\",\"image\":{\"@type\":\"ImageObject\",\"inLanguage\":\"bs-BA\",\"@id\":\"https:\/\/sandzakpress.net\/arhiva\/#\/schema\/person\/image\/\",\"url\":\"https:\/\/secure.gravatar.com\/avatar\/42263f39aa27ac04c43cab85c280eb2e?s=96&d=mm&r=pg\",\"contentUrl\":\"https:\/\/secure.gravatar.com\/avatar\/42263f39aa27ac04c43cab85c280eb2e?s=96&d=mm&r=pg\",\"caption\":\"Kul\"},\"logo\":{\"@id\":\"https:\/\/sandzakpress.net\/arhiva\/#\/schema\/person\/image\/\"}},{\"@type\":\"Person\",\"@id\":\"\",\"url\":\"https:\/\/sandzakpress.net\/arhiva\/author\/\"}]}<\/script>\n<!-- \/ Yoast SEO Premium plugin. -->","yoast_head_json":{"title":"Napadnut Bo\u0161njak u Vitomirici","robots":{"index":"index","follow":"follow","max-snippet":"max-snippet:-1","max-image-preview":"max-image-preview:large","max-video-preview":"max-video-preview:-1"},"canonical":"https:\/\/sandzakpress.net\/arhiva\/napadnut-bosnjak-u-vitomirici\/","og_locale":"bs_BA","og_type":"article","og_title":"Napadnut Bo\u0161njak u Vitomirici","og_description":"Kosovo &#8211; Radilo se o napadu na 45-ogodisnjeg Ervina Musi\u0107a koji je pre\u017eivio fizi\u010dki i oru\u017eani napad u dvori\u0161tu svoje ku\u0107e u Vitomirici kraj Pe\u0107i. Glasnogovornik Kosovske Policije za region Peci Zecir Kelmendi je izjavio da se slu\u010daj desio ispred ku\u0107e povrije\u0111enog Ervina Musica koga su 3 (tri) maskirane i naoru\u017eane osobe presrele, poku\u0161ale mu [&hellip;]","og_url":"https:\/\/sandzakpress.net\/arhiva\/napadnut-bosnjak-u-vitomirici\/","og_site_name":"Sand\u017eak PRESS","article_published_time":"2011-04-05T10:45:37+00:00","og_image":[{"width":220,"height":165,"url":"https:\/\/sandzakpress.net\/arhiva\/wp-content\/uploads\/2011\/04\/bosnjak_napad.jpg","type":"image\/jpeg"}],"twitter_card":"summary_large_image","twitter_misc":{"Written by":"","Est. reading time":"1 minuta"},"schema":{"@context":"https:\/\/schema.org","@graph":[{"@type":"Article","@id":"https:\/\/sandzakpress.net\/arhiva\/napadnut-bosnjak-u-vitomirici\/#article","isPartOf":{"@id":"https:\/\/sandzakpress.net\/arhiva\/napadnut-bosnjak-u-vitomirici\/"},"author":{"name":"","@id":""},"headline":"Napadnut Bo\u0161njak u Vitomirici","datePublished":"2011-04-05T10:45:37+00:00","mainEntityOfPage":{"@id":"https:\/\/sandzakpress.net\/arhiva\/napadnut-bosnjak-u-vitomirici\/"},"wordCount":166,"commentCount":2,"publisher":{"@id":"https:\/\/sandzakpress.net\/arhiva\/#\/schema\/person\/6e72b67d6e51910a1117b3b483ba20bd"},"image":{"@id":"https:\/\/sandzakpress.net\/arhiva\/napadnut-bosnjak-u-vitomirici\/#primaryimage"},"thumbnailUrl":"https:\/\/sandzakpress.net\/arhiva\/wp-content\/uploads\/2011\/04\/bosnjak_napad.jpg","articleSection":["Kosovo"],"inLanguage":"bs-BA","potentialAction":[{"@type":"CommentAction","name":"Comment","target":["https:\/\/sandzakpress.net\/arhiva\/napadnut-bosnjak-u-vitomirici\/#respond"]}]},{"@type":"WebPage","@id":"https:\/\/sandzakpress.net\/arhiva\/napadnut-bosnjak-u-vitomirici\/","url":"https:\/\/sandzakpress.net\/arhiva\/napadnut-bosnjak-u-vitomirici\/","name":"Napadnut Bo\u0161njak u Vitomirici","isPartOf":{"@id":"https:\/\/sandzakpress.net\/arhiva\/#website"},"primaryImageOfPage":{"@id":"https:\/\/sandzakpress.net\/arhiva\/napadnut-bosnjak-u-vitomirici\/#primaryimage"},"image":{"@id":"https:\/\/sandzakpress.net\/arhiva\/napadnut-bosnjak-u-vitomirici\/#primaryimage"},"thumbnailUrl":"https:\/\/sandzakpress.net\/arhiva\/wp-content\/uploads\/2011\/04\/bosnjak_napad.jpg","datePublished":"2011-04-05T10:45:37+00:00","breadcrumb":{"@id":"https:\/\/sandzakpress.net\/arhiva\/napadnut-bosnjak-u-vitomirici\/#breadcrumb"},"inLanguage":"bs-BA","potentialAction":[{"@type":"ReadAction","target":["https:\/\/sandzakpress.net\/arhiva\/napadnut-bosnjak-u-vitomirici\/"]}]},{"@type":"ImageObject","inLanguage":"bs-BA","@id":"https:\/\/sandzakpress.net\/arhiva\/napadnut-bosnjak-u-vitomirici\/#primaryimage","url":"https:\/\/sandzakpress.net\/arhiva\/wp-content\/uploads\/2011\/04\/bosnjak_napad.jpg","contentUrl":"https:\/\/sandzakpress.net\/arhiva\/wp-content\/uploads\/2011\/04\/bosnjak_napad.jpg","width":220,"height":165},{"@type":"BreadcrumbList","@id":"https:\/\/sandzakpress.net\/arhiva\/napadnut-bosnjak-u-vitomirici\/#breadcrumb","itemListElement":[{"@type":"ListItem","position":1,"name":"Home","item":"https:\/\/sandzakpress.net\/arhiva\/"},{"@type":"ListItem","position":2,"name":"Napadnut Bo\u0161njak u Vitomirici"}]},{"@type":"WebSite","@id":"https:\/\/sandzakpress.net\/arhiva\/#website","url":"https:\/\/sandzakpress.net\/arhiva\/","name":"Sand\u017eak PRESS","description":"Prve elektronske novine u Sand\u017eaku","publisher":{"@id":"https:\/\/sandzakpress.net\/arhiva\/#\/schema\/person\/6e72b67d6e51910a1117b3b483ba20bd"},"potentialAction":[{"@type":"SearchAction","target":{"@type":"EntryPoint","urlTemplate":"https:\/\/sandzakpress.net\/arhiva\/?s={search_term_string}"},"query-input":{"@type":"PropertyValueSpecification","valueRequired":true,"valueName":"search_term_string"}}],"inLanguage":"bs-BA"},{"@type":["Person","Organization"],"@id":"https:\/\/sandzakpress.net\/arhiva\/#\/schema\/person\/6e72b67d6e51910a1117b3b483ba20bd","name":"Kul","image":{"@type":"ImageObject","inLanguage":"bs-BA","@id":"https:\/\/sandzakpress.net\/arhiva\/#\/schema\/person\/image\/","url":"https:\/\/secure.gravatar.com\/avatar\/42263f39aa27ac04c43cab85c280eb2e?s=96&d=mm&r=pg","contentUrl":"https:\/\/secure.gravatar.com\/avatar\/42263f39aa27ac04c43cab85c280eb2e?s=96&d=mm&r=pg","caption":"Kul"},"logo":{"@id":"https:\/\/sandzakpress.net\/arhiva\/#\/schema\/person\/image\/"}},{"@type":"Person","@id":"","url":"https:\/\/sandzakpress.net\/arhiva\/author\/"}]}},"_links":{"self":[{"href":"https:\/\/sandzakpress.net\/arhiva\/wp-json\/wp\/v2\/posts\/14713"}],"collection":[{"href":"https:\/\/sandzakpress.net\/arhiva\/wp-json\/wp\/v2\/posts"}],"about":[{"href":"https:\/\/sandzakpress.net\/arhiva\/wp-json\/wp\/v2\/types\/post"}],"author":[{"embeddable":true,"href":"https:\/\/sandzakpress.net\/arhiva\/wp-json\/wp\/v2\/users\/13"}],"replies":[{"embeddable":true,"href":"https:\/\/sandzakpress.net\/arhiva\/wp-json\/wp\/v2\/comments?post=14713"}],"version-history":[{"count":0,"href":"https:\/\/sandzakpress.net\/arhiva\/wp-json\/wp\/v2\/posts\/14713\/revisions"}],"wp:featuredmedia":[{"embeddable":true,"href":"https:\/\/sandzakpress.net\/arhiva\/wp-json\/wp\/v2\/media\/14714"}],"wp:attachment":[{"href":"https:\/\/sandzakpress.net\/arhiva\/wp-json\/wp\/v2\/media?parent=14713"}],"wp:term":[{"taxonomy":"category","embeddable":true,"href":"https:\/\/sandzakpress.net\/arhiva\/wp-json\/wp\/v2\/categories?post=14713"},{"taxonomy":"post_tag","embeddable":true,"href":"https:\/\/sandzakpress.net\/arhiva\/wp-json\/wp\/v2\/tags?post=14713"}],"curies":[{"name":"wp","href":"https:\/\/api.w.org\/{rel}","templated":true}]}}