{"id":146705,"date":"2015-11-24T17:00:30","date_gmt":"2015-11-24T16:00:30","guid":{"rendered":"https:\/\/sandzakpress.net\/arhiva\/?p=146705"},"modified":"2015-11-24T17:00:30","modified_gmt":"2015-11-24T16:00:30","slug":"bnv-bojkotuje-drzavnu-radnu-grupu-drzava-ignorise-sve-sto-trazimo","status":"publish","type":"post","link":"https:\/\/sandzakpress.net\/arhiva\/bnv-bojkotuje-drzavnu-radnu-grupu-drzava-ignorise-sve-sto-trazimo\/","title":{"rendered":"BNV bojkotuje dr\u017eavnu radnu grupu: &#8216;Dr\u017eava ignori\u0161e sve \u0161to tra\u017eimo&#8217;"},"content":{"rendered":"<p><img loading=\"lazy\" decoding=\"async\" class=\"\" src=\"http:\/\/www.bnv.org.rs\/wp-content\/uploads\/2015\/03\/BNV-Sopcenje-za-javnost-300x165.jpg\" alt=\"Saop\u0107enje za javnost\" width=\"600\" height=\"330\" \/><\/p>\n<p><strong>Novi Pazar &#8211; Uzimaju\u0107i u obzir \u010dinjenicu da je proces pristupanja Evropskoj Uniji od presudnog zna\u010daja za budu\u0107nost bo\u0161nja\u010dkog naroda u Republici Srbiji, Bo\u0161nja\u010dko nacionalno vije\u0107e kao najve\u0107i predstavni\u010dki organ Bo\u0161njaka u Republici Srbiji uzelo je u\u010de\u0161\u0107e u radu Radne grupe za izradu Akcionog plana za ostvarivanje prava nacionalnih manjina u Republici Srbiji, kao jednog segmenta u okviru pregovara\u010dkog procesa za Poglavlje 23.<\/strong><span id=\"more-12461\"><\/span><\/p>\n<p>Na osnovu dosada\u0161njeg rada Radne grupe, o\u010digledno je, me\u0111utim, da predstavnici dr\u017eavnih organa u ovoj radnoj grupi ignori\u0161u sve probleme Bo\u0161njaka, bez komentara prelaze preko njih, ne dozvoljavaju da se o njima raspravlja, ignori\u0161u svaki prijedlog bo\u0161nja\u010dkih predstavnika za rje\u0161avanje tih problema i, \u010dak, ih ne evidentiraju, \u0161to, po na\u0161em dubokom uvjerenju, ne ispunjava svrhu i smisao izrade samog dokumenta.<\/p>\n<p>U skladu sa navedenim, smatramo da dalje u\u010de\u0161\u0107e bo\u0161nja\u010dkih predstavnika u Radnoj grupi za izradu Akcionog plana za ostvarivanje prava nacionalnih manjina u Republici Srbiji nema nikakvog smisla, s obzirom da ne \u017eelimo da na takav na\u010din damo legitimitet Akcionom planu za manjine koji ne uva\u017eava probleme Bo\u0161njaka i koji ignori\u0161e svaki prijedlog bo\u0161nja\u010dkih predstavnika za njihovo rje\u0161avanje.<\/p>\n<p>Potpredsjednik Vije\u0107a Muhedin Fijuljanin na dana\u0161njoj sjednici radne grupe za izradu Akcionog plana za manjine obavijestio je radnu grupu da predstavnici Vije\u0107a iz gore pomenutih razloga ne\u0107e u\u010destvovati u njenom daljem radu i da je prijedlog akcionog plana nelegitiman za Bo\u0161nja\u010dko nacionalno vije\u0107e.<\/p>\n<p>Potpredsjednik Fijuljanin najavio je da \u0107e Bo\u0161nja\u010dko nacionalno vije\u0107e izraditi poseban Akcioni plan za Bo\u0161njake i Sand\u017eak u okviru pregovara\u010dkih poglavlja 23. i 24. i da \u0107e sa sadr\u017einom tih Akcionih planova upoznati predstavnike Evropske unije i doma\u0107u i me\u0111unarodnu javnost.<\/p>\n<p><strong><em>THE BOSNIAK NATIONAL COUNCIL LEFT THE WORKING GROUP FOR DRAFTING THE ACTION PLAN FOR THE REALIZATION OF MINORITY RIGHTS<\/em><\/strong><\/p>\n<p>Considering the fact that the process of EU accession is crucial for the future of the Bosniak people in the Republic of Serbia, the Bosniak National Council as the highest representative body of the Bosniaks in the Republic of Serbia took part in the Working Group for drafting the Action Plan for the realization of the rights of national minorities in the Republic Serbia, as an integral part in the negotiation process for Chapter 23.<\/p>\n<p>Based on the previous work of the Working Group, it is obvious, however, that representatives of the state bodies in this working group ignore all the problems of Bosniaks, without commenting them, do not allow that these problems be debated, ignore any proposal from Bosniak representatives to address these problems and, even, this is not even recorded, which, in our profound conviction, does not fulfill the purpose and meaning of creation of the document itself.<\/p>\n<p>Accordingly, we believe that the continued participation of Bosniak representatives in the Working Group for drafting the Action Plan for the realization of the rights of national minorities in the Republic of Serbia makes no sense, given that we do not want to, in this way give legitimacy to the Action Plan for the minority which does not respect the problems of Bosniaks and which ignores any proposal Bosniak representatives give to addressing them.<\/p>\n<p>Vice President of the Council \u2013 Muhedin Fijuljanin at today's session of the Working Group for drafting the Action Plan for minorities informed the working group that the representatives of the Council due to the reasons mentioned above will not take part in its future work, and that the proposal of the action plan is illegitimate for the Bosniak National Council.<\/p>\n<p>Vice president Fijuljanin announced that the Bosniak National Council will prepare a separate Action Plan for the Bosniaks and Sandzak within chapters 23 and 24 and that representatives of the European Union and national and international public will be introduced with the content of these action plans.<\/p>\n<p>(bnv.org.rs)<\/p>\n","protected":false},"excerpt":{"rendered":"<p>Novi Pazar &#8211; Uzimaju\u0107i u obzir \u010dinjenicu da je proces pristupanja Evropskoj Uniji od presudnog zna\u010daja za budu\u0107nost bo\u0161nja\u010dkog naroda u Republici Srbiji, Bo\u0161nja\u010dko nacionalno vije\u0107e kao najve\u0107i predstavni\u010dki organ Bo\u0161njaka u Republici Srbiji uzelo je u\u010de\u0161\u0107e u radu Radne grupe za izradu Akcionog plana za ostvarivanje prava nacionalnih manjina u Republici Srbiji, kao jednog [&hellip;]<\/p>\n","protected":false},"author":509,"featured_media":146706,"comment_status":"open","ping_status":"open","sticky":false,"template":"","format":"standard","meta":{"footnotes":""},"categories":[72,1,8957,798],"tags":[],"class_list":{"0":"post-146705","1":"post","2":"type-post","3":"status-publish","4":"format-standard","5":"has-post-thumbnail","7":"category-novi-pazar","8":"category-politika","9":"category-vijesti-dana","10":"category-teme"},"yoast_head":"<!-- This site is optimized with the Yoast SEO Premium plugin v23.1 (Yoast SEO v24.9) - https:\/\/yoast.com\/wordpress\/plugins\/seo\/ -->\n<title>BNV bojkotuje dr\u017eavnu radnu grupu: &#039;Dr\u017eava ignori\u0161e sve \u0161to tra\u017eimo&#039;<\/title>\n<meta name=\"robots\" content=\"index, follow, max-snippet:-1, max-image-preview:large, max-video-preview:-1\" \/>\n<link rel=\"canonical\" href=\"https:\/\/sandzakpress.net\/arhiva\/bnv-bojkotuje-drzavnu-radnu-grupu-drzava-ignorise-sve-sto-trazimo\/\" \/>\n<meta property=\"og:locale\" content=\"bs_BA\" \/>\n<meta property=\"og:type\" content=\"article\" \/>\n<meta property=\"og:title\" content=\"BNV bojkotuje dr\u017eavnu radnu grupu: &#039;Dr\u017eava ignori\u0161e sve \u0161to tra\u017eimo&#039;\" \/>\n<meta property=\"og:description\" content=\"Novi Pazar &#8211; Uzimaju\u0107i u obzir \u010dinjenicu da je proces pristupanja Evropskoj Uniji od presudnog zna\u010daja za budu\u0107nost bo\u0161nja\u010dkog naroda u Republici Srbiji, Bo\u0161nja\u010dko nacionalno vije\u0107e kao najve\u0107i predstavni\u010dki organ Bo\u0161njaka u Republici Srbiji uzelo je u\u010de\u0161\u0107e u radu Radne grupe za izradu Akcionog plana za ostvarivanje prava nacionalnih manjina u Republici Srbiji, kao jednog [&hellip;]\" \/>\n<meta property=\"og:url\" content=\"https:\/\/sandzakpress.net\/arhiva\/bnv-bojkotuje-drzavnu-radnu-grupu-drzava-ignorise-sve-sto-trazimo\/\" \/>\n<meta property=\"og:site_name\" content=\"Sand\u017eak PRESS\" \/>\n<meta property=\"article:published_time\" content=\"2015-11-24T16:00:30+00:00\" \/>\n<meta property=\"og:image\" content=\"https:\/\/sandzakpress.net\/arhiva\/wp-content\/uploads\/2015\/11\/BNV-Sopcenje-za-javnost-300x165.jpg\" \/>\n\t<meta property=\"og:image:width\" content=\"300\" \/>\n\t<meta property=\"og:image:height\" content=\"165\" \/>\n\t<meta property=\"og:image:type\" content=\"image\/jpeg\" \/>\n<meta name=\"author\" content=\"Agencija\" \/>\n<meta name=\"twitter:card\" content=\"summary_large_image\" \/>\n<meta name=\"twitter:label1\" content=\"Written by\" \/>\n\t<meta name=\"twitter:data1\" content=\"Agencija\" \/>\n\t<meta name=\"twitter:label2\" content=\"Est. reading time\" \/>\n\t<meta name=\"twitter:data2\" content=\"3 minute\" \/>\n<script type=\"application\/ld+json\" class=\"yoast-schema-graph\">{\"@context\":\"https:\/\/schema.org\",\"@graph\":[{\"@type\":\"Article\",\"@id\":\"https:\/\/sandzakpress.net\/arhiva\/bnv-bojkotuje-drzavnu-radnu-grupu-drzava-ignorise-sve-sto-trazimo\/#article\",\"isPartOf\":{\"@id\":\"https:\/\/sandzakpress.net\/arhiva\/bnv-bojkotuje-drzavnu-radnu-grupu-drzava-ignorise-sve-sto-trazimo\/\"},\"author\":{\"name\":\"Agencija\",\"@id\":\"https:\/\/sandzakpress.net\/arhiva\/#\/schema\/person\/cb59d7e3ab91ab90dd680ad0305a6185\"},\"headline\":\"BNV bojkotuje dr\u017eavnu radnu grupu: &#8216;Dr\u017eava ignori\u0161e sve \u0161to tra\u017eimo&#8217;\",\"datePublished\":\"2015-11-24T16:00:30+00:00\",\"mainEntityOfPage\":{\"@id\":\"https:\/\/sandzakpress.net\/arhiva\/bnv-bojkotuje-drzavnu-radnu-grupu-drzava-ignorise-sve-sto-trazimo\/\"},\"wordCount\":680,\"commentCount\":13,\"publisher\":{\"@id\":\"https:\/\/sandzakpress.net\/arhiva\/#\/schema\/person\/6e72b67d6e51910a1117b3b483ba20bd\"},\"image\":{\"@id\":\"https:\/\/sandzakpress.net\/arhiva\/bnv-bojkotuje-drzavnu-radnu-grupu-drzava-ignorise-sve-sto-trazimo\/#primaryimage\"},\"thumbnailUrl\":\"https:\/\/sandzakpress.net\/arhiva\/wp-content\/uploads\/2015\/11\/BNV-Sopcenje-za-javnost-300x165.jpg\",\"articleSection\":[\"Novi Pazar\",\"Politika\",\"VIJESTI DANA\",\"NAJNOVIJE\"],\"inLanguage\":\"bs-BA\",\"potentialAction\":[{\"@type\":\"CommentAction\",\"name\":\"Comment\",\"target\":[\"https:\/\/sandzakpress.net\/arhiva\/bnv-bojkotuje-drzavnu-radnu-grupu-drzava-ignorise-sve-sto-trazimo\/#respond\"]}]},{\"@type\":\"WebPage\",\"@id\":\"https:\/\/sandzakpress.net\/arhiva\/bnv-bojkotuje-drzavnu-radnu-grupu-drzava-ignorise-sve-sto-trazimo\/\",\"url\":\"https:\/\/sandzakpress.net\/arhiva\/bnv-bojkotuje-drzavnu-radnu-grupu-drzava-ignorise-sve-sto-trazimo\/\",\"name\":\"BNV bojkotuje dr\u017eavnu radnu grupu: 'Dr\u017eava ignori\u0161e sve \u0161to tra\u017eimo'\",\"isPartOf\":{\"@id\":\"https:\/\/sandzakpress.net\/arhiva\/#website\"},\"primaryImageOfPage\":{\"@id\":\"https:\/\/sandzakpress.net\/arhiva\/bnv-bojkotuje-drzavnu-radnu-grupu-drzava-ignorise-sve-sto-trazimo\/#primaryimage\"},\"image\":{\"@id\":\"https:\/\/sandzakpress.net\/arhiva\/bnv-bojkotuje-drzavnu-radnu-grupu-drzava-ignorise-sve-sto-trazimo\/#primaryimage\"},\"thumbnailUrl\":\"https:\/\/sandzakpress.net\/arhiva\/wp-content\/uploads\/2015\/11\/BNV-Sopcenje-za-javnost-300x165.jpg\",\"datePublished\":\"2015-11-24T16:00:30+00:00\",\"breadcrumb\":{\"@id\":\"https:\/\/sandzakpress.net\/arhiva\/bnv-bojkotuje-drzavnu-radnu-grupu-drzava-ignorise-sve-sto-trazimo\/#breadcrumb\"},\"inLanguage\":\"bs-BA\",\"potentialAction\":[{\"@type\":\"ReadAction\",\"target\":[\"https:\/\/sandzakpress.net\/arhiva\/bnv-bojkotuje-drzavnu-radnu-grupu-drzava-ignorise-sve-sto-trazimo\/\"]}]},{\"@type\":\"ImageObject\",\"inLanguage\":\"bs-BA\",\"@id\":\"https:\/\/sandzakpress.net\/arhiva\/bnv-bojkotuje-drzavnu-radnu-grupu-drzava-ignorise-sve-sto-trazimo\/#primaryimage\",\"url\":\"https:\/\/sandzakpress.net\/arhiva\/wp-content\/uploads\/2015\/11\/BNV-Sopcenje-za-javnost-300x165.jpg\",\"contentUrl\":\"https:\/\/sandzakpress.net\/arhiva\/wp-content\/uploads\/2015\/11\/BNV-Sopcenje-za-javnost-300x165.jpg\",\"width\":300,\"height\":165},{\"@type\":\"BreadcrumbList\",\"@id\":\"https:\/\/sandzakpress.net\/arhiva\/bnv-bojkotuje-drzavnu-radnu-grupu-drzava-ignorise-sve-sto-trazimo\/#breadcrumb\",\"itemListElement\":[{\"@type\":\"ListItem\",\"position\":1,\"name\":\"Home\",\"item\":\"https:\/\/sandzakpress.net\/arhiva\/\"},{\"@type\":\"ListItem\",\"position\":2,\"name\":\"BNV bojkotuje dr\u017eavnu radnu grupu: &#8216;Dr\u017eava ignori\u0161e sve \u0161to tra\u017eimo&#8217;\"}]},{\"@type\":\"WebSite\",\"@id\":\"https:\/\/sandzakpress.net\/arhiva\/#website\",\"url\":\"https:\/\/sandzakpress.net\/arhiva\/\",\"name\":\"Sand\u017eak PRESS\",\"description\":\"Prve elektronske novine u Sand\u017eaku\",\"publisher\":{\"@id\":\"https:\/\/sandzakpress.net\/arhiva\/#\/schema\/person\/6e72b67d6e51910a1117b3b483ba20bd\"},\"potentialAction\":[{\"@type\":\"SearchAction\",\"target\":{\"@type\":\"EntryPoint\",\"urlTemplate\":\"https:\/\/sandzakpress.net\/arhiva\/?s={search_term_string}\"},\"query-input\":{\"@type\":\"PropertyValueSpecification\",\"valueRequired\":true,\"valueName\":\"search_term_string\"}}],\"inLanguage\":\"bs-BA\"},{\"@type\":[\"Person\",\"Organization\"],\"@id\":\"https:\/\/sandzakpress.net\/arhiva\/#\/schema\/person\/6e72b67d6e51910a1117b3b483ba20bd\",\"name\":\"Kul\",\"image\":{\"@type\":\"ImageObject\",\"inLanguage\":\"bs-BA\",\"@id\":\"https:\/\/sandzakpress.net\/arhiva\/#\/schema\/person\/image\/\",\"url\":\"https:\/\/secure.gravatar.com\/avatar\/42263f39aa27ac04c43cab85c280eb2e?s=96&d=mm&r=pg\",\"contentUrl\":\"https:\/\/secure.gravatar.com\/avatar\/42263f39aa27ac04c43cab85c280eb2e?s=96&d=mm&r=pg\",\"caption\":\"Kul\"},\"logo\":{\"@id\":\"https:\/\/sandzakpress.net\/arhiva\/#\/schema\/person\/image\/\"}},{\"@type\":\"Person\",\"@id\":\"https:\/\/sandzakpress.net\/arhiva\/#\/schema\/person\/cb59d7e3ab91ab90dd680ad0305a6185\",\"name\":\"Agencija\",\"image\":{\"@type\":\"ImageObject\",\"inLanguage\":\"bs-BA\",\"@id\":\"https:\/\/sandzakpress.net\/arhiva\/#\/schema\/person\/image\/\",\"url\":\"https:\/\/secure.gravatar.com\/avatar\/4b7fafa80a22f0c2afe23966b3961fe0?s=96&d=mm&r=pg\",\"contentUrl\":\"https:\/\/secure.gravatar.com\/avatar\/4b7fafa80a22f0c2afe23966b3961fe0?s=96&d=mm&r=pg\",\"caption\":\"Agencija\"},\"url\":\"https:\/\/sandzakpress.net\/arhiva\/author\/agencija\/\"}]}<\/script>\n<!-- \/ Yoast SEO Premium plugin. -->","yoast_head_json":{"title":"BNV bojkotuje dr\u017eavnu radnu grupu: 'Dr\u017eava ignori\u0161e sve \u0161to tra\u017eimo'","robots":{"index":"index","follow":"follow","max-snippet":"max-snippet:-1","max-image-preview":"max-image-preview:large","max-video-preview":"max-video-preview:-1"},"canonical":"https:\/\/sandzakpress.net\/arhiva\/bnv-bojkotuje-drzavnu-radnu-grupu-drzava-ignorise-sve-sto-trazimo\/","og_locale":"bs_BA","og_type":"article","og_title":"BNV bojkotuje dr\u017eavnu radnu grupu: 'Dr\u017eava ignori\u0161e sve \u0161to tra\u017eimo'","og_description":"Novi Pazar &#8211; Uzimaju\u0107i u obzir \u010dinjenicu da je proces pristupanja Evropskoj Uniji od presudnog zna\u010daja za budu\u0107nost bo\u0161nja\u010dkog naroda u Republici Srbiji, Bo\u0161nja\u010dko nacionalno vije\u0107e kao najve\u0107i predstavni\u010dki organ Bo\u0161njaka u Republici Srbiji uzelo je u\u010de\u0161\u0107e u radu Radne grupe za izradu Akcionog plana za ostvarivanje prava nacionalnih manjina u Republici Srbiji, kao jednog [&hellip;]","og_url":"https:\/\/sandzakpress.net\/arhiva\/bnv-bojkotuje-drzavnu-radnu-grupu-drzava-ignorise-sve-sto-trazimo\/","og_site_name":"Sand\u017eak PRESS","article_published_time":"2015-11-24T16:00:30+00:00","og_image":[{"width":300,"height":165,"url":"https:\/\/sandzakpress.net\/arhiva\/wp-content\/uploads\/2015\/11\/BNV-Sopcenje-za-javnost-300x165.jpg","type":"image\/jpeg"}],"author":"Agencija","twitter_card":"summary_large_image","twitter_misc":{"Written by":"Agencija","Est. reading time":"3 minute"},"schema":{"@context":"https:\/\/schema.org","@graph":[{"@type":"Article","@id":"https:\/\/sandzakpress.net\/arhiva\/bnv-bojkotuje-drzavnu-radnu-grupu-drzava-ignorise-sve-sto-trazimo\/#article","isPartOf":{"@id":"https:\/\/sandzakpress.net\/arhiva\/bnv-bojkotuje-drzavnu-radnu-grupu-drzava-ignorise-sve-sto-trazimo\/"},"author":{"name":"Agencija","@id":"https:\/\/sandzakpress.net\/arhiva\/#\/schema\/person\/cb59d7e3ab91ab90dd680ad0305a6185"},"headline":"BNV bojkotuje dr\u017eavnu radnu grupu: &#8216;Dr\u017eava ignori\u0161e sve \u0161to tra\u017eimo&#8217;","datePublished":"2015-11-24T16:00:30+00:00","mainEntityOfPage":{"@id":"https:\/\/sandzakpress.net\/arhiva\/bnv-bojkotuje-drzavnu-radnu-grupu-drzava-ignorise-sve-sto-trazimo\/"},"wordCount":680,"commentCount":13,"publisher":{"@id":"https:\/\/sandzakpress.net\/arhiva\/#\/schema\/person\/6e72b67d6e51910a1117b3b483ba20bd"},"image":{"@id":"https:\/\/sandzakpress.net\/arhiva\/bnv-bojkotuje-drzavnu-radnu-grupu-drzava-ignorise-sve-sto-trazimo\/#primaryimage"},"thumbnailUrl":"https:\/\/sandzakpress.net\/arhiva\/wp-content\/uploads\/2015\/11\/BNV-Sopcenje-za-javnost-300x165.jpg","articleSection":["Novi Pazar","Politika","VIJESTI DANA","NAJNOVIJE"],"inLanguage":"bs-BA","potentialAction":[{"@type":"CommentAction","name":"Comment","target":["https:\/\/sandzakpress.net\/arhiva\/bnv-bojkotuje-drzavnu-radnu-grupu-drzava-ignorise-sve-sto-trazimo\/#respond"]}]},{"@type":"WebPage","@id":"https:\/\/sandzakpress.net\/arhiva\/bnv-bojkotuje-drzavnu-radnu-grupu-drzava-ignorise-sve-sto-trazimo\/","url":"https:\/\/sandzakpress.net\/arhiva\/bnv-bojkotuje-drzavnu-radnu-grupu-drzava-ignorise-sve-sto-trazimo\/","name":"BNV bojkotuje dr\u017eavnu radnu grupu: 'Dr\u017eava ignori\u0161e sve \u0161to tra\u017eimo'","isPartOf":{"@id":"https:\/\/sandzakpress.net\/arhiva\/#website"},"primaryImageOfPage":{"@id":"https:\/\/sandzakpress.net\/arhiva\/bnv-bojkotuje-drzavnu-radnu-grupu-drzava-ignorise-sve-sto-trazimo\/#primaryimage"},"image":{"@id":"https:\/\/sandzakpress.net\/arhiva\/bnv-bojkotuje-drzavnu-radnu-grupu-drzava-ignorise-sve-sto-trazimo\/#primaryimage"},"thumbnailUrl":"https:\/\/sandzakpress.net\/arhiva\/wp-content\/uploads\/2015\/11\/BNV-Sopcenje-za-javnost-300x165.jpg","datePublished":"2015-11-24T16:00:30+00:00","breadcrumb":{"@id":"https:\/\/sandzakpress.net\/arhiva\/bnv-bojkotuje-drzavnu-radnu-grupu-drzava-ignorise-sve-sto-trazimo\/#breadcrumb"},"inLanguage":"bs-BA","potentialAction":[{"@type":"ReadAction","target":["https:\/\/sandzakpress.net\/arhiva\/bnv-bojkotuje-drzavnu-radnu-grupu-drzava-ignorise-sve-sto-trazimo\/"]}]},{"@type":"ImageObject","inLanguage":"bs-BA","@id":"https:\/\/sandzakpress.net\/arhiva\/bnv-bojkotuje-drzavnu-radnu-grupu-drzava-ignorise-sve-sto-trazimo\/#primaryimage","url":"https:\/\/sandzakpress.net\/arhiva\/wp-content\/uploads\/2015\/11\/BNV-Sopcenje-za-javnost-300x165.jpg","contentUrl":"https:\/\/sandzakpress.net\/arhiva\/wp-content\/uploads\/2015\/11\/BNV-Sopcenje-za-javnost-300x165.jpg","width":300,"height":165},{"@type":"BreadcrumbList","@id":"https:\/\/sandzakpress.net\/arhiva\/bnv-bojkotuje-drzavnu-radnu-grupu-drzava-ignorise-sve-sto-trazimo\/#breadcrumb","itemListElement":[{"@type":"ListItem","position":1,"name":"Home","item":"https:\/\/sandzakpress.net\/arhiva\/"},{"@type":"ListItem","position":2,"name":"BNV bojkotuje dr\u017eavnu radnu grupu: &#8216;Dr\u017eava ignori\u0161e sve \u0161to tra\u017eimo&#8217;"}]},{"@type":"WebSite","@id":"https:\/\/sandzakpress.net\/arhiva\/#website","url":"https:\/\/sandzakpress.net\/arhiva\/","name":"Sand\u017eak PRESS","description":"Prve elektronske novine u Sand\u017eaku","publisher":{"@id":"https:\/\/sandzakpress.net\/arhiva\/#\/schema\/person\/6e72b67d6e51910a1117b3b483ba20bd"},"potentialAction":[{"@type":"SearchAction","target":{"@type":"EntryPoint","urlTemplate":"https:\/\/sandzakpress.net\/arhiva\/?s={search_term_string}"},"query-input":{"@type":"PropertyValueSpecification","valueRequired":true,"valueName":"search_term_string"}}],"inLanguage":"bs-BA"},{"@type":["Person","Organization"],"@id":"https:\/\/sandzakpress.net\/arhiva\/#\/schema\/person\/6e72b67d6e51910a1117b3b483ba20bd","name":"Kul","image":{"@type":"ImageObject","inLanguage":"bs-BA","@id":"https:\/\/sandzakpress.net\/arhiva\/#\/schema\/person\/image\/","url":"https:\/\/secure.gravatar.com\/avatar\/42263f39aa27ac04c43cab85c280eb2e?s=96&d=mm&r=pg","contentUrl":"https:\/\/secure.gravatar.com\/avatar\/42263f39aa27ac04c43cab85c280eb2e?s=96&d=mm&r=pg","caption":"Kul"},"logo":{"@id":"https:\/\/sandzakpress.net\/arhiva\/#\/schema\/person\/image\/"}},{"@type":"Person","@id":"https:\/\/sandzakpress.net\/arhiva\/#\/schema\/person\/cb59d7e3ab91ab90dd680ad0305a6185","name":"Agencija","image":{"@type":"ImageObject","inLanguage":"bs-BA","@id":"https:\/\/sandzakpress.net\/arhiva\/#\/schema\/person\/image\/","url":"https:\/\/secure.gravatar.com\/avatar\/4b7fafa80a22f0c2afe23966b3961fe0?s=96&d=mm&r=pg","contentUrl":"https:\/\/secure.gravatar.com\/avatar\/4b7fafa80a22f0c2afe23966b3961fe0?s=96&d=mm&r=pg","caption":"Agencija"},"url":"https:\/\/sandzakpress.net\/arhiva\/author\/agencija\/"}]}},"_links":{"self":[{"href":"https:\/\/sandzakpress.net\/arhiva\/wp-json\/wp\/v2\/posts\/146705"}],"collection":[{"href":"https:\/\/sandzakpress.net\/arhiva\/wp-json\/wp\/v2\/posts"}],"about":[{"href":"https:\/\/sandzakpress.net\/arhiva\/wp-json\/wp\/v2\/types\/post"}],"author":[{"embeddable":true,"href":"https:\/\/sandzakpress.net\/arhiva\/wp-json\/wp\/v2\/users\/509"}],"replies":[{"embeddable":true,"href":"https:\/\/sandzakpress.net\/arhiva\/wp-json\/wp\/v2\/comments?post=146705"}],"version-history":[{"count":0,"href":"https:\/\/sandzakpress.net\/arhiva\/wp-json\/wp\/v2\/posts\/146705\/revisions"}],"wp:featuredmedia":[{"embeddable":true,"href":"https:\/\/sandzakpress.net\/arhiva\/wp-json\/wp\/v2\/media\/146706"}],"wp:attachment":[{"href":"https:\/\/sandzakpress.net\/arhiva\/wp-json\/wp\/v2\/media?parent=146705"}],"wp:term":[{"taxonomy":"category","embeddable":true,"href":"https:\/\/sandzakpress.net\/arhiva\/wp-json\/wp\/v2\/categories?post=146705"},{"taxonomy":"post_tag","embeddable":true,"href":"https:\/\/sandzakpress.net\/arhiva\/wp-json\/wp\/v2\/tags?post=146705"}],"curies":[{"name":"wp","href":"https:\/\/api.w.org\/{rel}","templated":true}]}}