{"id":146523,"date":"2015-11-23T09:48:47","date_gmt":"2015-11-23T08:48:47","guid":{"rendered":"https:\/\/sandzakpress.net\/arhiva\/?p=146523"},"modified":"2015-11-23T10:10:10","modified_gmt":"2015-11-23T09:10:10","slug":"u-becu-obiljezen-dan-sandzaka-u-organizaciji-zajednice-sandzacke-dijaspore","status":"publish","type":"post","link":"https:\/\/sandzakpress.net\/arhiva\/u-becu-obiljezen-dan-sandzaka-u-organizaciji-zajednice-sandzacke-dijaspore\/","title":{"rendered":"U Be\u010du obilje\u017een Dan Sand\u017eaka u organizaciji Zajednice sand\u017ea\u010dke dijaspore"},"content":{"rendered":"<p><span style=\"line-height: 1.5;\"><a href=\"https:\/\/sandzakpress.net\/arhiva\/wp-content\/uploads\/2015\/11\/DSC0968.jpg\"><img loading=\"lazy\" decoding=\"async\" class=\"alignnone  wp-image-146524\" src=\"https:\/\/sandzakpress.net\/arhiva\/wp-content\/uploads\/2015\/11\/DSC0968-300x220.jpg\" alt=\"DSC0968\" width=\"453\" height=\"332\" \/><\/a><\/span><\/p>\n<p><strong><span style=\"line-height: 1.5;\">U Be\u010du (Austrija) je, 21.11.2015. god.,\u00a0 povodom Dana Sand\u017eaka odr\u017eana manifestacija \u201eSand\u017eak je du\u0161a bo\u0161nja\u010dka\u201c u organizaciji Zajednice sand\u017ea\u010dke dijaspore.<\/span><\/strong><\/p>\n<p>U punoj sali i prelijepom ambijentu prisutnim se obratio se glavni imam u vojsci Austriji mr. hfz. Abdulmed\u017eid ef. Sijamhod\u017ei\u0107 ukazuju\u0107i na va\u017enost o\u010duvanja nacionalnog identiteta.<\/p>\n<p>Predsjednik Bo\u0161njacke nacionalne fondacije D\u017eevad Majdan\u010di\u0107 predstavio je Bo\u0161nja\u010dki kulturni centar kao prvi zna\u010dajniji projekat BNF-a u Be\u010du koji \u0107e prvenstveno okupljati mlade Bo\u0161njake i Bo\u0161njakinje koji \u0107e u\u010diti o svom nacionalnom i kulturnom identitetu.<\/p>\n<p>Predsjednik ZSD\u00a0 Mithat Mujovi\u0107 je izme\u0111u ostalog istakao da su sand\u017ea\u010dki\u00a0 Bo\u0161njaci vrijedni i ponosni\u00a0 bajraktari slobode koji nikada nisu zaboravili majku Bosnu iako su od nje odvojeni Berlinskim kongresom 1878. god. Tako\u0111er, ukazao je da su nam danas kao narodu\u00a0 potrebne dvije vrste snage i to: snaga investiranja u li\u010dni razvoj kao i snaga realizacije pozitivnih projekata kroz umre\u017eavanje zajedni\u010dkih potencijala.<\/p>\n<p>Lijepe i interesantne stihove o Sand\u017eaku recitirale su Ai\u0161a Ka\u010dapor, Selma D\u017eankovi\u0107 i Merima \u0160krijelj, a skup je posebno ukra\u0161en ilahijama i kasidama Hora \u201ePreporod\u201c iz Medlinga, Hora \u201eHilal\u201c iz Be\u010da kao i igrama Kulturno umjetni\u010dkog dru\u0161tva IKI \u201eWien\u201c.<\/p>\n<p><img decoding=\"async\" src=\"http:\/\/sanapress.info\/wp-content\/uploads\/2015\/11\/DSC1061.jpg\" alt=\"_DSC1061\" \/><\/p>\n<p><img decoding=\"async\" src=\"http:\/\/sanapress.info\/wp-content\/uploads\/2015\/11\/DSC1000.jpg\" alt=\"_DSC1000\" \/><\/p>\n<p><img decoding=\"async\" src=\"http:\/\/sanapress.info\/wp-content\/uploads\/2015\/11\/DSC1055.jpg\" alt=\"_DSC1055\" \/><\/p>\n<p><img decoding=\"async\" src=\"http:\/\/sanapress.info\/wp-content\/uploads\/2015\/11\/DSC1096.jpg\" alt=\"_DSC1096\" \/><\/p>\n<p><img decoding=\"async\" src=\"http:\/\/sanapress.info\/wp-content\/uploads\/2015\/11\/DSC1047.jpg\" alt=\"_DSC1047\" \/><\/p>\n<p><img decoding=\"async\" src=\"http:\/\/sanapress.info\/wp-content\/uploads\/2015\/11\/DSC0950.jpg\" alt=\"_DSC0950\" \/><\/p>\n<p><img decoding=\"async\" src=\"http:\/\/sanapress.info\/wp-content\/uploads\/2015\/11\/DSC0958.jpg\" alt=\"_DSC0958\" \/><\/p>\n<p><img decoding=\"async\" src=\"http:\/\/sanapress.info\/wp-content\/uploads\/2015\/11\/DSC0982.jpg\" alt=\"_DSC0982\" \/><\/p>\n<p><img decoding=\"async\" src=\"http:\/\/sanapress.info\/wp-content\/uploads\/2015\/11\/DSC1030.jpg\" alt=\"_DSC1030\" \/><\/p>\n<p>&nbsp;<\/p>\n<p><img decoding=\"async\" src=\"http:\/\/sanapress.info\/wp-content\/uploads\/2015\/11\/DSC1071.jpg\" alt=\"_DSC1071\" \/><\/p>\n<article id=\"post-24930\" class=\"post-24930 post type-post status-publish format-standard hentry category-novi-pazar\">\n<div class=\"entry-content\">\n<p>Agencija Sana<a href=\"http:\/\/sanapress.info\/wp-content\/uploads\/2015\/11\/DSC1061.jpg\"><br \/><\/a><a href=\"http:\/\/sanapress.info\/wp-content\/uploads\/2015\/11\/DSC1000.jpg\"><br \/><\/a><a href=\"http:\/\/sanapress.info\/wp-content\/uploads\/2015\/11\/DSC1055.jpg\"><br \/><\/a><a href=\"http:\/\/sanapress.info\/wp-content\/uploads\/2015\/11\/DSC1096.jpg\"><br \/><\/a><a href=\"http:\/\/sanapress.info\/wp-content\/uploads\/2015\/11\/DSC1047.jpg\"><br \/><\/a><a href=\"http:\/\/sanapress.info\/wp-content\/uploads\/2015\/11\/DSC0950.jpg\"><br \/><\/a><a href=\"http:\/\/sanapress.info\/wp-content\/uploads\/2015\/11\/DSC0958.jpg\"><br \/><\/a><a href=\"http:\/\/sanapress.info\/wp-content\/uploads\/2015\/11\/DSC0982.jpg\"><br \/><\/a><a href=\"http:\/\/sanapress.info\/wp-content\/uploads\/2015\/11\/DSC1030.jpg\"><br \/><\/a><\/p>\n<p>&nbsp;<\/p>\n<\/div>\n<\/article>\n<nav class=\"navigation post-navigation\"><\/nav>\n<p><a href=\"http:\/\/sanapress.info\/wp-content\/uploads\/2015\/11\/DSC1096.jpg\"><br \/><\/a><a href=\"http:\/\/sanapress.info\/wp-content\/uploads\/2015\/11\/DSC1047.jpg\"><br \/><\/a><a href=\"http:\/\/sanapress.info\/wp-content\/uploads\/2015\/11\/DSC0950.jpg\"><br \/><\/a><a href=\"http:\/\/sanapress.info\/wp-content\/uploads\/2015\/11\/DSC0958.jpg\"><br \/><\/a><a href=\"http:\/\/sanapress.info\/wp-content\/uploads\/2015\/11\/DSC0982.jpg\"><br \/><\/a><\/p>\n<p>&nbsp;<\/p>\n","protected":false},"excerpt":{"rendered":"<p>U Be\u010du (Austrija) je, 21.11.2015. god.,\u00a0 povodom Dana Sand\u017eaka odr\u017eana manifestacija \u201eSand\u017eak je du\u0161a bo\u0161nja\u010dka\u201c u organizaciji Zajednice sand\u017ea\u010dke dijaspore. U punoj sali i prelijepom ambijentu prisutnim se obratio se glavni imam u vojsci Austriji mr. hfz. Abdulmed\u017eid ef. Sijamhod\u017ei\u0107 ukazuju\u0107i na va\u017enost o\u010duvanja nacionalnog identiteta. Predsjednik Bo\u0161njacke nacionalne fondacije D\u017eevad Majdan\u010di\u0107 predstavio je Bo\u0161nja\u010dki [&hellip;]<\/p>\n","protected":false},"author":83,"featured_media":146525,"comment_status":"open","ping_status":"open","sticky":false,"template":"","format":"standard","meta":{"footnotes":""},"categories":[800,9539,8957,10193],"tags":[],"class_list":{"0":"post-146523","1":"post","2":"type-post","3":"status-publish","4":"format-standard","5":"has-post-thumbnail","7":"category-nacija","8":"category-austrija-dijaspora-gradovi-vase-vijesti","9":"category-vijesti-dana","10":"category-sandzak-2"},"yoast_head":"<!-- This site is optimized with the Yoast SEO Premium plugin v23.1 (Yoast SEO v24.9) - https:\/\/yoast.com\/wordpress\/plugins\/seo\/ -->\n<title>U Be\u010du obilje\u017een Dan Sand\u017eaka u organizaciji Zajednice sand\u017ea\u010dke dijaspore<\/title>\n<meta name=\"robots\" content=\"index, follow, max-snippet:-1, max-image-preview:large, max-video-preview:-1\" \/>\n<link rel=\"canonical\" href=\"https:\/\/sandzakpress.net\/arhiva\/u-becu-obiljezen-dan-sandzaka-u-organizaciji-zajednice-sandzacke-dijaspore\/\" \/>\n<meta property=\"og:locale\" content=\"bs_BA\" \/>\n<meta property=\"og:type\" content=\"article\" \/>\n<meta property=\"og:title\" content=\"U Be\u010du obilje\u017een Dan Sand\u017eaka u organizaciji Zajednice sand\u017ea\u010dke dijaspore\" \/>\n<meta property=\"og:description\" content=\"U Be\u010du (Austrija) je, 21.11.2015. god.,\u00a0 povodom Dana Sand\u017eaka odr\u017eana manifestacija \u201eSand\u017eak je du\u0161a bo\u0161nja\u010dka\u201c u organizaciji Zajednice sand\u017ea\u010dke dijaspore. U punoj sali i prelijepom ambijentu prisutnim se obratio se glavni imam u vojsci Austriji mr. hfz. Abdulmed\u017eid ef. Sijamhod\u017ei\u0107 ukazuju\u0107i na va\u017enost o\u010duvanja nacionalnog identiteta. Predsjednik Bo\u0161njacke nacionalne fondacije D\u017eevad Majdan\u010di\u0107 predstavio je Bo\u0161nja\u010dki [&hellip;]\" \/>\n<meta property=\"og:url\" content=\"https:\/\/sandzakpress.net\/arhiva\/u-becu-obiljezen-dan-sandzaka-u-organizaciji-zajednice-sandzacke-dijaspore\/\" \/>\n<meta property=\"og:site_name\" content=\"Sand\u017eak PRESS\" \/>\n<meta property=\"article:published_time\" content=\"2015-11-23T08:48:47+00:00\" \/>\n<meta property=\"article:modified_time\" content=\"2015-11-23T09:10:10+00:00\" \/>\n<meta property=\"og:image\" content=\"https:\/\/sandzakpress.net\/arhiva\/wp-content\/uploads\/2015\/11\/DSC0968-300x2201.jpg\" \/>\n\t<meta property=\"og:image:width\" content=\"300\" \/>\n\t<meta property=\"og:image:height\" content=\"220\" \/>\n\t<meta property=\"og:image:type\" content=\"image\/jpeg\" \/>\n<meta name=\"author\" content=\"bosniak\" \/>\n<meta name=\"twitter:card\" content=\"summary_large_image\" \/>\n<meta name=\"twitter:label1\" content=\"Written by\" \/>\n\t<meta name=\"twitter:data1\" content=\"bosniak\" \/>\n\t<meta name=\"twitter:label2\" content=\"Est. reading time\" \/>\n\t<meta name=\"twitter:data2\" content=\"1 minuta\" \/>\n<script type=\"application\/ld+json\" class=\"yoast-schema-graph\">{\"@context\":\"https:\/\/schema.org\",\"@graph\":[{\"@type\":\"Article\",\"@id\":\"https:\/\/sandzakpress.net\/arhiva\/u-becu-obiljezen-dan-sandzaka-u-organizaciji-zajednice-sandzacke-dijaspore\/#article\",\"isPartOf\":{\"@id\":\"https:\/\/sandzakpress.net\/arhiva\/u-becu-obiljezen-dan-sandzaka-u-organizaciji-zajednice-sandzacke-dijaspore\/\"},\"author\":{\"name\":\"bosniak\",\"@id\":\"https:\/\/sandzakpress.net\/arhiva\/#\/schema\/person\/c8baee722073534b583ea7bdb2e36c02\"},\"headline\":\"U Be\u010du obilje\u017een Dan Sand\u017eaka u organizaciji Zajednice sand\u017ea\u010dke dijaspore\",\"datePublished\":\"2015-11-23T08:48:47+00:00\",\"dateModified\":\"2015-11-23T09:10:10+00:00\",\"mainEntityOfPage\":{\"@id\":\"https:\/\/sandzakpress.net\/arhiva\/u-becu-obiljezen-dan-sandzaka-u-organizaciji-zajednice-sandzacke-dijaspore\/\"},\"wordCount\":240,\"commentCount\":0,\"publisher\":{\"@id\":\"https:\/\/sandzakpress.net\/arhiva\/#\/schema\/person\/6e72b67d6e51910a1117b3b483ba20bd\"},\"image\":{\"@id\":\"https:\/\/sandzakpress.net\/arhiva\/u-becu-obiljezen-dan-sandzaka-u-organizaciji-zajednice-sandzacke-dijaspore\/#primaryimage\"},\"thumbnailUrl\":\"https:\/\/sandzakpress.net\/arhiva\/wp-content\/uploads\/2015\/11\/DSC0968-300x2201.jpg\",\"articleSection\":[\"Nacija\",\"Austrija\",\"VIJESTI DANA\",\"Sand\u017eak\"],\"inLanguage\":\"bs-BA\",\"potentialAction\":[{\"@type\":\"CommentAction\",\"name\":\"Comment\",\"target\":[\"https:\/\/sandzakpress.net\/arhiva\/u-becu-obiljezen-dan-sandzaka-u-organizaciji-zajednice-sandzacke-dijaspore\/#respond\"]}]},{\"@type\":\"WebPage\",\"@id\":\"https:\/\/sandzakpress.net\/arhiva\/u-becu-obiljezen-dan-sandzaka-u-organizaciji-zajednice-sandzacke-dijaspore\/\",\"url\":\"https:\/\/sandzakpress.net\/arhiva\/u-becu-obiljezen-dan-sandzaka-u-organizaciji-zajednice-sandzacke-dijaspore\/\",\"name\":\"U Be\u010du obilje\u017een Dan Sand\u017eaka u organizaciji Zajednice sand\u017ea\u010dke dijaspore\",\"isPartOf\":{\"@id\":\"https:\/\/sandzakpress.net\/arhiva\/#website\"},\"primaryImageOfPage\":{\"@id\":\"https:\/\/sandzakpress.net\/arhiva\/u-becu-obiljezen-dan-sandzaka-u-organizaciji-zajednice-sandzacke-dijaspore\/#primaryimage\"},\"image\":{\"@id\":\"https:\/\/sandzakpress.net\/arhiva\/u-becu-obiljezen-dan-sandzaka-u-organizaciji-zajednice-sandzacke-dijaspore\/#primaryimage\"},\"thumbnailUrl\":\"https:\/\/sandzakpress.net\/arhiva\/wp-content\/uploads\/2015\/11\/DSC0968-300x2201.jpg\",\"datePublished\":\"2015-11-23T08:48:47+00:00\",\"dateModified\":\"2015-11-23T09:10:10+00:00\",\"breadcrumb\":{\"@id\":\"https:\/\/sandzakpress.net\/arhiva\/u-becu-obiljezen-dan-sandzaka-u-organizaciji-zajednice-sandzacke-dijaspore\/#breadcrumb\"},\"inLanguage\":\"bs-BA\",\"potentialAction\":[{\"@type\":\"ReadAction\",\"target\":[\"https:\/\/sandzakpress.net\/arhiva\/u-becu-obiljezen-dan-sandzaka-u-organizaciji-zajednice-sandzacke-dijaspore\/\"]}]},{\"@type\":\"ImageObject\",\"inLanguage\":\"bs-BA\",\"@id\":\"https:\/\/sandzakpress.net\/arhiva\/u-becu-obiljezen-dan-sandzaka-u-organizaciji-zajednice-sandzacke-dijaspore\/#primaryimage\",\"url\":\"https:\/\/sandzakpress.net\/arhiva\/wp-content\/uploads\/2015\/11\/DSC0968-300x2201.jpg\",\"contentUrl\":\"https:\/\/sandzakpress.net\/arhiva\/wp-content\/uploads\/2015\/11\/DSC0968-300x2201.jpg\",\"width\":300,\"height\":220},{\"@type\":\"BreadcrumbList\",\"@id\":\"https:\/\/sandzakpress.net\/arhiva\/u-becu-obiljezen-dan-sandzaka-u-organizaciji-zajednice-sandzacke-dijaspore\/#breadcrumb\",\"itemListElement\":[{\"@type\":\"ListItem\",\"position\":1,\"name\":\"Home\",\"item\":\"https:\/\/sandzakpress.net\/arhiva\/\"},{\"@type\":\"ListItem\",\"position\":2,\"name\":\"U Be\u010du obilje\u017een Dan Sand\u017eaka u organizaciji Zajednice sand\u017ea\u010dke dijaspore\"}]},{\"@type\":\"WebSite\",\"@id\":\"https:\/\/sandzakpress.net\/arhiva\/#website\",\"url\":\"https:\/\/sandzakpress.net\/arhiva\/\",\"name\":\"Sand\u017eak PRESS\",\"description\":\"Prve elektronske novine u Sand\u017eaku\",\"publisher\":{\"@id\":\"https:\/\/sandzakpress.net\/arhiva\/#\/schema\/person\/6e72b67d6e51910a1117b3b483ba20bd\"},\"potentialAction\":[{\"@type\":\"SearchAction\",\"target\":{\"@type\":\"EntryPoint\",\"urlTemplate\":\"https:\/\/sandzakpress.net\/arhiva\/?s={search_term_string}\"},\"query-input\":{\"@type\":\"PropertyValueSpecification\",\"valueRequired\":true,\"valueName\":\"search_term_string\"}}],\"inLanguage\":\"bs-BA\"},{\"@type\":[\"Person\",\"Organization\"],\"@id\":\"https:\/\/sandzakpress.net\/arhiva\/#\/schema\/person\/6e72b67d6e51910a1117b3b483ba20bd\",\"name\":\"Kul\",\"image\":{\"@type\":\"ImageObject\",\"inLanguage\":\"bs-BA\",\"@id\":\"https:\/\/sandzakpress.net\/arhiva\/#\/schema\/person\/image\/\",\"url\":\"https:\/\/secure.gravatar.com\/avatar\/42263f39aa27ac04c43cab85c280eb2e?s=96&d=mm&r=pg\",\"contentUrl\":\"https:\/\/secure.gravatar.com\/avatar\/42263f39aa27ac04c43cab85c280eb2e?s=96&d=mm&r=pg\",\"caption\":\"Kul\"},\"logo\":{\"@id\":\"https:\/\/sandzakpress.net\/arhiva\/#\/schema\/person\/image\/\"}},{\"@type\":\"Person\",\"@id\":\"https:\/\/sandzakpress.net\/arhiva\/#\/schema\/person\/c8baee722073534b583ea7bdb2e36c02\",\"name\":\"bosniak\",\"image\":{\"@type\":\"ImageObject\",\"inLanguage\":\"bs-BA\",\"@id\":\"https:\/\/sandzakpress.net\/arhiva\/#\/schema\/person\/image\/\",\"url\":\"https:\/\/secure.gravatar.com\/avatar\/a04fd330bfe3a36a72a0ad4a6d89fca7?s=96&d=mm&r=pg\",\"contentUrl\":\"https:\/\/secure.gravatar.com\/avatar\/a04fd330bfe3a36a72a0ad4a6d89fca7?s=96&d=mm&r=pg\",\"caption\":\"bosniak\"},\"url\":\"https:\/\/sandzakpress.net\/arhiva\/author\/bosniak\/\"}]}<\/script>\n<!-- \/ Yoast SEO Premium plugin. -->","yoast_head_json":{"title":"U Be\u010du obilje\u017een Dan Sand\u017eaka u organizaciji Zajednice sand\u017ea\u010dke dijaspore","robots":{"index":"index","follow":"follow","max-snippet":"max-snippet:-1","max-image-preview":"max-image-preview:large","max-video-preview":"max-video-preview:-1"},"canonical":"https:\/\/sandzakpress.net\/arhiva\/u-becu-obiljezen-dan-sandzaka-u-organizaciji-zajednice-sandzacke-dijaspore\/","og_locale":"bs_BA","og_type":"article","og_title":"U Be\u010du obilje\u017een Dan Sand\u017eaka u organizaciji Zajednice sand\u017ea\u010dke dijaspore","og_description":"U Be\u010du (Austrija) je, 21.11.2015. god.,\u00a0 povodom Dana Sand\u017eaka odr\u017eana manifestacija \u201eSand\u017eak je du\u0161a bo\u0161nja\u010dka\u201c u organizaciji Zajednice sand\u017ea\u010dke dijaspore. U punoj sali i prelijepom ambijentu prisutnim se obratio se glavni imam u vojsci Austriji mr. hfz. Abdulmed\u017eid ef. Sijamhod\u017ei\u0107 ukazuju\u0107i na va\u017enost o\u010duvanja nacionalnog identiteta. Predsjednik Bo\u0161njacke nacionalne fondacije D\u017eevad Majdan\u010di\u0107 predstavio je Bo\u0161nja\u010dki [&hellip;]","og_url":"https:\/\/sandzakpress.net\/arhiva\/u-becu-obiljezen-dan-sandzaka-u-organizaciji-zajednice-sandzacke-dijaspore\/","og_site_name":"Sand\u017eak PRESS","article_published_time":"2015-11-23T08:48:47+00:00","article_modified_time":"2015-11-23T09:10:10+00:00","og_image":[{"width":300,"height":220,"url":"https:\/\/sandzakpress.net\/arhiva\/wp-content\/uploads\/2015\/11\/DSC0968-300x2201.jpg","type":"image\/jpeg"}],"author":"bosniak","twitter_card":"summary_large_image","twitter_misc":{"Written by":"bosniak","Est. reading time":"1 minuta"},"schema":{"@context":"https:\/\/schema.org","@graph":[{"@type":"Article","@id":"https:\/\/sandzakpress.net\/arhiva\/u-becu-obiljezen-dan-sandzaka-u-organizaciji-zajednice-sandzacke-dijaspore\/#article","isPartOf":{"@id":"https:\/\/sandzakpress.net\/arhiva\/u-becu-obiljezen-dan-sandzaka-u-organizaciji-zajednice-sandzacke-dijaspore\/"},"author":{"name":"bosniak","@id":"https:\/\/sandzakpress.net\/arhiva\/#\/schema\/person\/c8baee722073534b583ea7bdb2e36c02"},"headline":"U Be\u010du obilje\u017een Dan Sand\u017eaka u organizaciji Zajednice sand\u017ea\u010dke dijaspore","datePublished":"2015-11-23T08:48:47+00:00","dateModified":"2015-11-23T09:10:10+00:00","mainEntityOfPage":{"@id":"https:\/\/sandzakpress.net\/arhiva\/u-becu-obiljezen-dan-sandzaka-u-organizaciji-zajednice-sandzacke-dijaspore\/"},"wordCount":240,"commentCount":0,"publisher":{"@id":"https:\/\/sandzakpress.net\/arhiva\/#\/schema\/person\/6e72b67d6e51910a1117b3b483ba20bd"},"image":{"@id":"https:\/\/sandzakpress.net\/arhiva\/u-becu-obiljezen-dan-sandzaka-u-organizaciji-zajednice-sandzacke-dijaspore\/#primaryimage"},"thumbnailUrl":"https:\/\/sandzakpress.net\/arhiva\/wp-content\/uploads\/2015\/11\/DSC0968-300x2201.jpg","articleSection":["Nacija","Austrija","VIJESTI DANA","Sand\u017eak"],"inLanguage":"bs-BA","potentialAction":[{"@type":"CommentAction","name":"Comment","target":["https:\/\/sandzakpress.net\/arhiva\/u-becu-obiljezen-dan-sandzaka-u-organizaciji-zajednice-sandzacke-dijaspore\/#respond"]}]},{"@type":"WebPage","@id":"https:\/\/sandzakpress.net\/arhiva\/u-becu-obiljezen-dan-sandzaka-u-organizaciji-zajednice-sandzacke-dijaspore\/","url":"https:\/\/sandzakpress.net\/arhiva\/u-becu-obiljezen-dan-sandzaka-u-organizaciji-zajednice-sandzacke-dijaspore\/","name":"U Be\u010du obilje\u017een Dan Sand\u017eaka u organizaciji Zajednice sand\u017ea\u010dke dijaspore","isPartOf":{"@id":"https:\/\/sandzakpress.net\/arhiva\/#website"},"primaryImageOfPage":{"@id":"https:\/\/sandzakpress.net\/arhiva\/u-becu-obiljezen-dan-sandzaka-u-organizaciji-zajednice-sandzacke-dijaspore\/#primaryimage"},"image":{"@id":"https:\/\/sandzakpress.net\/arhiva\/u-becu-obiljezen-dan-sandzaka-u-organizaciji-zajednice-sandzacke-dijaspore\/#primaryimage"},"thumbnailUrl":"https:\/\/sandzakpress.net\/arhiva\/wp-content\/uploads\/2015\/11\/DSC0968-300x2201.jpg","datePublished":"2015-11-23T08:48:47+00:00","dateModified":"2015-11-23T09:10:10+00:00","breadcrumb":{"@id":"https:\/\/sandzakpress.net\/arhiva\/u-becu-obiljezen-dan-sandzaka-u-organizaciji-zajednice-sandzacke-dijaspore\/#breadcrumb"},"inLanguage":"bs-BA","potentialAction":[{"@type":"ReadAction","target":["https:\/\/sandzakpress.net\/arhiva\/u-becu-obiljezen-dan-sandzaka-u-organizaciji-zajednice-sandzacke-dijaspore\/"]}]},{"@type":"ImageObject","inLanguage":"bs-BA","@id":"https:\/\/sandzakpress.net\/arhiva\/u-becu-obiljezen-dan-sandzaka-u-organizaciji-zajednice-sandzacke-dijaspore\/#primaryimage","url":"https:\/\/sandzakpress.net\/arhiva\/wp-content\/uploads\/2015\/11\/DSC0968-300x2201.jpg","contentUrl":"https:\/\/sandzakpress.net\/arhiva\/wp-content\/uploads\/2015\/11\/DSC0968-300x2201.jpg","width":300,"height":220},{"@type":"BreadcrumbList","@id":"https:\/\/sandzakpress.net\/arhiva\/u-becu-obiljezen-dan-sandzaka-u-organizaciji-zajednice-sandzacke-dijaspore\/#breadcrumb","itemListElement":[{"@type":"ListItem","position":1,"name":"Home","item":"https:\/\/sandzakpress.net\/arhiva\/"},{"@type":"ListItem","position":2,"name":"U Be\u010du obilje\u017een Dan Sand\u017eaka u organizaciji Zajednice sand\u017ea\u010dke dijaspore"}]},{"@type":"WebSite","@id":"https:\/\/sandzakpress.net\/arhiva\/#website","url":"https:\/\/sandzakpress.net\/arhiva\/","name":"Sand\u017eak PRESS","description":"Prve elektronske novine u Sand\u017eaku","publisher":{"@id":"https:\/\/sandzakpress.net\/arhiva\/#\/schema\/person\/6e72b67d6e51910a1117b3b483ba20bd"},"potentialAction":[{"@type":"SearchAction","target":{"@type":"EntryPoint","urlTemplate":"https:\/\/sandzakpress.net\/arhiva\/?s={search_term_string}"},"query-input":{"@type":"PropertyValueSpecification","valueRequired":true,"valueName":"search_term_string"}}],"inLanguage":"bs-BA"},{"@type":["Person","Organization"],"@id":"https:\/\/sandzakpress.net\/arhiva\/#\/schema\/person\/6e72b67d6e51910a1117b3b483ba20bd","name":"Kul","image":{"@type":"ImageObject","inLanguage":"bs-BA","@id":"https:\/\/sandzakpress.net\/arhiva\/#\/schema\/person\/image\/","url":"https:\/\/secure.gravatar.com\/avatar\/42263f39aa27ac04c43cab85c280eb2e?s=96&d=mm&r=pg","contentUrl":"https:\/\/secure.gravatar.com\/avatar\/42263f39aa27ac04c43cab85c280eb2e?s=96&d=mm&r=pg","caption":"Kul"},"logo":{"@id":"https:\/\/sandzakpress.net\/arhiva\/#\/schema\/person\/image\/"}},{"@type":"Person","@id":"https:\/\/sandzakpress.net\/arhiva\/#\/schema\/person\/c8baee722073534b583ea7bdb2e36c02","name":"bosniak","image":{"@type":"ImageObject","inLanguage":"bs-BA","@id":"https:\/\/sandzakpress.net\/arhiva\/#\/schema\/person\/image\/","url":"https:\/\/secure.gravatar.com\/avatar\/a04fd330bfe3a36a72a0ad4a6d89fca7?s=96&d=mm&r=pg","contentUrl":"https:\/\/secure.gravatar.com\/avatar\/a04fd330bfe3a36a72a0ad4a6d89fca7?s=96&d=mm&r=pg","caption":"bosniak"},"url":"https:\/\/sandzakpress.net\/arhiva\/author\/bosniak\/"}]}},"_links":{"self":[{"href":"https:\/\/sandzakpress.net\/arhiva\/wp-json\/wp\/v2\/posts\/146523"}],"collection":[{"href":"https:\/\/sandzakpress.net\/arhiva\/wp-json\/wp\/v2\/posts"}],"about":[{"href":"https:\/\/sandzakpress.net\/arhiva\/wp-json\/wp\/v2\/types\/post"}],"author":[{"embeddable":true,"href":"https:\/\/sandzakpress.net\/arhiva\/wp-json\/wp\/v2\/users\/83"}],"replies":[{"embeddable":true,"href":"https:\/\/sandzakpress.net\/arhiva\/wp-json\/wp\/v2\/comments?post=146523"}],"version-history":[{"count":0,"href":"https:\/\/sandzakpress.net\/arhiva\/wp-json\/wp\/v2\/posts\/146523\/revisions"}],"wp:featuredmedia":[{"embeddable":true,"href":"https:\/\/sandzakpress.net\/arhiva\/wp-json\/wp\/v2\/media\/146525"}],"wp:attachment":[{"href":"https:\/\/sandzakpress.net\/arhiva\/wp-json\/wp\/v2\/media?parent=146523"}],"wp:term":[{"taxonomy":"category","embeddable":true,"href":"https:\/\/sandzakpress.net\/arhiva\/wp-json\/wp\/v2\/categories?post=146523"},{"taxonomy":"post_tag","embeddable":true,"href":"https:\/\/sandzakpress.net\/arhiva\/wp-json\/wp\/v2\/tags?post=146523"}],"curies":[{"name":"wp","href":"https:\/\/api.w.org\/{rel}","templated":true}]}}