{"id":146502,"date":"2015-11-22T19:02:52","date_gmt":"2015-11-22T18:02:52","guid":{"rendered":"https:\/\/sandzakpress.net\/arhiva\/?p=146502"},"modified":"2015-11-22T19:05:20","modified_gmt":"2015-11-22T18:05:20","slug":"za-dan-bosne-i-sandzaka-iz-pariza-poslana-poruka-mira","status":"publish","type":"post","link":"https:\/\/sandzakpress.net\/arhiva\/za-dan-bosne-i-sandzaka-iz-pariza-poslana-poruka-mira\/","title":{"rendered":"Za dan Bosne i Sand\u017eaka iz Pariza poslana poruka mira"},"content":{"rendered":"<p style=\"text-align: left;\">\u00a0<\/p>\n<p><img loading=\"lazy\" decoding=\"async\" class=\"\" src=\"http:\/\/mesihat.org\/wp-content\/uploads\/2015\/11\/2e6ef376db46c8733bd16f42e521527b92ae13250d98bd95d094028704d335e7-533x300.jpg\" alt=\"2e6ef376db46c8733bd16f42e521527b92ae13250d98bd95d094028704d335e7\" width=\"601\" height=\"338\" \/><\/p>\n<p>U subotu 21. novembra povodom obilje\u017eavanja Dana Sand\u017eaka i Dana dr\u017eavnosti Bosne i Hercegovine u Bo\u0161nja\u010dkom vjersko-kulturnom centru d\u017eemat Pariz odr\u017eao je tribinu na temu: &#8220;Ljubav prema vjeri i domovini izvor je mira i sigurnosti&#8221;.\u00a0Gost i predava\u010d, hafiz Irfan ef. Mali\u0107 otvorio je tribinu u\u010denjem kur'anskih ajeta.<\/p>\n<p>Predsjednik d\u017eemata u Parizu had\u017ei \u0160efadil Li\u010dina \u010destitaju\u010di ove nacionalne blagdane ukazao je na historijsku\u00a0utemeljenost dr\u017eavnosti Bosne i Hercegovine kao i autonomije Sand\u017eaka. Poru\u010dio je povodom aktuelnih teroristi\u010dkih napada u Parizu da su Bo\u0161njaci \u017ertve vi\u0161evjekovnog terorizma i genocida a ne izvor terorizma.<\/p>\n<p>&#8220;Bo\u0161njaci su u najte\u017eim vremenima sa\u010duvali svoj obraz i nisu uzvratili zlo\u010dinima&#8221;, kazao je Li\u010dina.<\/p>\n<p>Imam d\u017eemata Abduselam ef. Feti\u0107, ukazao je na vi\u0161evjekovnu borbu Bo\u0161njaka za slobodu i prava koju su platili sa 11 valova genocida, uvijek se vode\u0107i kur'anskim ajetom: \u201cNemojte da vas nepravda koju drugi \u010dine navede da nepravedni budete! Budite pravedni to je bogobojaznosti najbli\u017ee.\u201d<\/p>\n<p>Hafiz Irfan ef. Mali\u0107 je kroz prizmu Kur'ana i \u017eivota Bo\u017eijeg poslanika, s.a.v.s., objasnio kako Islam tra\u017ei od muslimana da svojim lijepim rije\u010dima i djelima poka\u017eu svoju vjeru u srcu i da budu strpljivi i ustrajni na tom putu.<\/p>\n<p>Kroz pri\u010du o Jusufu, a.s., ukazao je na plodove strpljivosti i pravednosti koji vode ka miru i sigurnosti za sve ljude.<\/p>\n<p>Pri\u010dama iz \u017eivota Poslanika Muhameda, s.a.v.s., koji je poslan kao milost svim svjetovima, poslana je jasna poruka da je on, s.a.v.s., \u017eelio dobrobit, mir i sigurnost svim ljudima, te da nikada nije posegnuo za nasiljem \u010dak i prema onima koji su mu nanijeli puno zla i nepravde.<\/p>\n<p>Poruka tribine je da Islam nije izvor terorizma i nasilja, ve\u0107 sami blagostanja i mira.<\/p>\n<p>Na kraju je hafiz Irfan ef. Mali\u0107 govorio o uspjehu \u0161kole Kur'ana \u010casnoga i njenom zna\u010daju u odgoju zdravih i uspje\u0161nih li\u010dnosti.<\/p>\n<p>(mesihat.org)<\/p>\n<div id=\"fit-vids-style\" class=\"fit-vids-style\">\u00ad<\/div>\n<p><script id=\"www-widgetapi-script\" src=\"http:\/\/s.ytimg.com\/yts\/jsbin\/www-widgetapi-vflpCdzwa\/www-widgetapi.js\" async=\"\" type=\"text\/javascript\"><\/script><script src=\"\/\/www.youtube.com\/iframe_api\"><\/script><script src=\"https:\/\/apis.google.com\/_\/scs\/apps-static\/_\/js\/k=oz.gapi.de.ABBXky_NZB8.O\/m=auth\/exm=plusone\/rt=j\/sv=1\/d=1\/ed=1\/am=AQ\/rs=AGLTcCONAv2KMEHIgMZ9uLbhc38sOLvEsw\/t=zcms\/cb=gapi.loaded_1\" async=\"\"><\/script><script src=\"https:\/\/apis.google.com\/_\/scs\/apps-static\/_\/js\/k=oz.gapi.de.ABBXky_NZB8.O\/m=plusone\/rt=j\/sv=1\/d=1\/ed=1\/am=AQ\/rs=AGLTcCONAv2KMEHIgMZ9uLbhc38sOLvEsw\/t=zcms\/cb=gapi.loaded_0\" async=\"\"><\/script><script src=\"\/\/assets.pinterest.com\/js\/pinit_main.js\" async=\"\" type=\"text\/javascript\"><\/script><script src=\"http:\/\/platform.stumbleupon.com\/1\/widgets.js\" async=\"\" type=\"text\/javascript\"><\/script><script id=\"twitter-wjs\" src=\"http:\/\/platform.twitter.com\/widgets.js\"><\/script><script src=\"https:\/\/apis.google.com\/js\/plusone.js\" async=\"\" type=\"text\/javascript\"><\/script><script id=\"facebook-jssdk\" src=\"\/\/connect.facebook.net\/bs_BA\/all.js#xfbml=1\"><\/script><script type=\"text\/javascript\">\/\/ < ![CDATA[\n\/\/ < ![CDATA[\nwindow._wpemojiSettings = {\"baseUrl\":\"http:\\\/\\\/s.w.org\\\/images\\\/core\\\/emoji\\\/72x72\\\/\",\"ext\":\".png\",\"source\":{\"concatemoji\":\"http:\\\/\\\/mesihat.org\\\/wp-includes\\\/js\\\/wp-emoji-release.min.js?ver=4.3.1\"}};\n\t\t\t!function(a,b,c){function d(a){var c=b.createElement(\"canvas\"),d=c.getContext&#038;&#038;c.getContext(\"2d\");return d&#038;&#038;d.fillText?(d.textBaseline=\"top\",d.font=\"600 32px Arial\",\"flag\"===a?(d.fillText(String.fromCharCode(55356,56812,55356,56807),0,0),c.toDataURL().length>3e3):(d.fillText(String.fromCharCode(55357,56835),0,0),0!==d.getImageData(16,16,1,1).data[0])):!1}function e(a){var c=b.createElement(\"script\");c.src=a,c.type=\"text\/javascript\",b.getElementsByTagName(\"head\")[0].appendChild(c)}var f,g;c.supports={simple:d(\"simple\"),flag:d(\"flag\")},c.DOMReady=!1,c.readyCallback=function(){c.DOMReady=!0},c.supports.simple&#038;&c.supports.flag||(g=function(){c.readyCallback()},b.addEventListener?(b.addEventListener(\"DOMContentLoaded\",g,!1),a.addEventListener(\"load\",g,!1)):(a.attachEvent(\"onload\",g),b.attachEvent(\"onreadystatechange\",function(){\"complete\"===b.readyState&#038;&c.readyCallback()})),f=c.source||{},f.concatemoji?e(f.concatemoji):f.wpemoji&#038;&f.twemoji&#038;&(e(f.twemoji),e(f.wpemoji)))}(window,document,window._wpemojiSettings);\n\/\/ ]]><\/script><script src=\"http:\/\/mesihat.org\/wp-includes\/js\/wp-emoji-release.min.js?ver=4.3.1\" type=\"text\/javascript\"><\/script><!-- [if lt IE 9]>\n\n<link rel='stylesheet' id='cb-ie-only-css'  href='http:\/\/mesihat.org\/wp-content\/themes\/valenti\/library\/css\/ie.css?ver=3.2' type='text\/css' media='all' \/>\n< ![endif]--><script src=\"http:\/\/mesihat.org\/wp-content\/plugins\/masjidnow\/js\/WPMasjidNowWidget.js?ver=4.3.1\" type=\"text\/javascript\"><\/script><script src=\"http:\/\/mesihat.org\/wp-includes\/js\/jquery\/jquery.js?ver=1.11.3\" type=\"text\/javascript\"><\/script><script src=\"http:\/\/mesihat.org\/wp-includes\/js\/jquery\/jquery-migrate.min.js?ver=1.2.1\" type=\"text\/javascript\"><\/script><script type=\"text\/javascript\">\/\/ < ![CDATA[\n\/\/ < ![CDATA[\nvar LWA = {\"ajaxurl\":\"http:\\\/\\\/mesihat.org\\\/wp-admin\\\/admin-ajax.php\"};\n\/\/ ]]><\/script><script src=\"http:\/\/mesihat.org\/wp-content\/themes\/valenti\/plugins\/login-with-ajax\/login-with-ajax.js?ver=3.1.5\" type=\"text\/javascript\"><\/script><script src=\"http:\/\/mesihat.org\/wp-content\/themes\/valenti\/library\/js\/modernizr.custom.min.js?ver=2.6.2\" type=\"text\/javascript\"><\/script><!-- end custom css --><!-- end head functions--><script src=\"https:\/\/platform.twitter.com\/js\/button.c44c2dc193c555561d5830b3b543eb26.js\" async=\"\" type=\"text\/javascript\" charset=\"utf-8\"><\/script><\/p>\n<div id=\"cb-outer-container\">\u00a0<\/div>\n<p><img loading=\"lazy\" decoding=\"async\" class=\"\" src=\"http:\/\/mesihat.org\/wp-content\/uploads\/2015\/11\/717eeb27594231c4f9ea66fa35285dabde9fa10cc2e4a969e2493d7b6f7574d2.jpg\" alt=\"717eeb27594231c4f9ea66fa35285dabde9fa10cc2e4a969e2493d7b6f7574d2\" width=\"601\" height=\"338\" \/><\/p>\n<p><img loading=\"lazy\" decoding=\"async\" class=\"\" src=\"http:\/\/mesihat.org\/wp-content\/uploads\/2015\/11\/1d7fccdcbace575a1899fa55d72bee13b3b53b0709495cb3820d3647bf57a1e8.jpg\" alt=\"1d7fccdcbace575a1899fa55d72bee13b3b53b0709495cb3820d3647bf57a1e8\" width=\"600\" height=\"889\" \/><\/p>\n<p>(mesihat.org)<\/p>\n<section class=\"entry-content clearfix\">\n<p>&nbsp;<\/p>\n<\/section>\n<footer class=\"article-footer\"><\/footer>\n","protected":false},"excerpt":{"rendered":"<p>\u00a0 U subotu 21. novembra povodom obilje\u017eavanja Dana Sand\u017eaka i Dana dr\u017eavnosti Bosne i Hercegovine u Bo\u0161nja\u010dkom vjersko-kulturnom centru d\u017eemat Pariz odr\u017eao je tribinu na temu: &#8220;Ljubav prema vjeri i domovini izvor je mira i sigurnosti&#8221;.\u00a0Gost i predava\u010d, hafiz Irfan ef. Mali\u0107 otvorio je tribinu u\u010denjem kur'anskih ajeta. Predsjednik d\u017eemata u Parizu had\u017ei \u0160efadil Li\u010dina [&hellip;]<\/p>\n","protected":false},"author":509,"featured_media":146507,"comment_status":"open","ping_status":"open","sticky":false,"template":"","format":"standard","meta":{"footnotes":""},"categories":[2860,9550,802,8957,798,10193],"tags":[],"class_list":{"0":"post-146502","1":"post","2":"type-post","3":"status-publish","4":"format-standard","5":"has-post-thumbnail","7":"category-bosna-i-hercegovina-gradovi","8":"category-francuska-dijaspora-gradovi-vase-vijesti","9":"category-islamska_zajednica","10":"category-vijesti-dana","11":"category-teme","12":"category-sandzak-2"},"yoast_head":"<!-- This site is optimized with the Yoast SEO Premium plugin v23.1 (Yoast SEO v24.9) - https:\/\/yoast.com\/wordpress\/plugins\/seo\/ -->\n<title>Za dan Bosne i Sand\u017eaka iz Pariza poslana poruka mira<\/title>\n<meta name=\"robots\" content=\"index, follow, max-snippet:-1, max-image-preview:large, max-video-preview:-1\" \/>\n<link rel=\"canonical\" href=\"https:\/\/sandzakpress.net\/arhiva\/za-dan-bosne-i-sandzaka-iz-pariza-poslana-poruka-mira\/\" \/>\n<meta property=\"og:locale\" content=\"bs_BA\" \/>\n<meta property=\"og:type\" content=\"article\" \/>\n<meta property=\"og:title\" content=\"Za dan Bosne i Sand\u017eaka iz Pariza poslana poruka mira\" \/>\n<meta property=\"og:description\" content=\"\u00a0 U subotu 21. novembra povodom obilje\u017eavanja Dana Sand\u017eaka i Dana dr\u017eavnosti Bosne i Hercegovine u Bo\u0161nja\u010dkom vjersko-kulturnom centru d\u017eemat Pariz odr\u017eao je tribinu na temu: &#8220;Ljubav prema vjeri i domovini izvor je mira i sigurnosti&#8221;.\u00a0Gost i predava\u010d, hafiz Irfan ef. Mali\u0107 otvorio je tribinu u\u010denjem kur&#039;anskih ajeta. Predsjednik d\u017eemata u Parizu had\u017ei \u0160efadil Li\u010dina [&hellip;]\" \/>\n<meta property=\"og:url\" content=\"https:\/\/sandzakpress.net\/arhiva\/za-dan-bosne-i-sandzaka-iz-pariza-poslana-poruka-mira\/\" \/>\n<meta property=\"og:site_name\" content=\"Sand\u017eak PRESS\" \/>\n<meta property=\"article:published_time\" content=\"2015-11-22T18:02:52+00:00\" \/>\n<meta property=\"article:modified_time\" content=\"2015-11-22T18:05:20+00:00\" \/>\n<meta property=\"og:image\" content=\"https:\/\/sandzakpress.net\/arhiva\/wp-content\/uploads\/2015\/11\/2e6ef376db46c8733bd16f42e521527b92ae13250d98bd95d094028704d335e7-533x300.jpg\" \/>\n\t<meta property=\"og:image:width\" content=\"533\" \/>\n\t<meta property=\"og:image:height\" content=\"300\" \/>\n\t<meta property=\"og:image:type\" content=\"image\/jpeg\" \/>\n<meta name=\"author\" content=\"Agencija\" \/>\n<meta name=\"twitter:card\" content=\"summary_large_image\" \/>\n<meta name=\"twitter:label1\" content=\"Written by\" \/>\n\t<meta name=\"twitter:data1\" content=\"Agencija\" \/>\n\t<meta name=\"twitter:label2\" content=\"Est. reading time\" \/>\n\t<meta name=\"twitter:data2\" content=\"2 minute\" \/>\n<script type=\"application\/ld+json\" class=\"yoast-schema-graph\">{\"@context\":\"https:\/\/schema.org\",\"@graph\":[{\"@type\":\"Article\",\"@id\":\"https:\/\/sandzakpress.net\/arhiva\/za-dan-bosne-i-sandzaka-iz-pariza-poslana-poruka-mira\/#article\",\"isPartOf\":{\"@id\":\"https:\/\/sandzakpress.net\/arhiva\/za-dan-bosne-i-sandzaka-iz-pariza-poslana-poruka-mira\/\"},\"author\":{\"name\":\"Agencija\",\"@id\":\"https:\/\/sandzakpress.net\/arhiva\/#\/schema\/person\/cb59d7e3ab91ab90dd680ad0305a6185\"},\"headline\":\"Za dan Bosne i Sand\u017eaka iz Pariza poslana poruka mira\",\"datePublished\":\"2015-11-22T18:02:52+00:00\",\"dateModified\":\"2015-11-22T18:05:20+00:00\",\"mainEntityOfPage\":{\"@id\":\"https:\/\/sandzakpress.net\/arhiva\/za-dan-bosne-i-sandzaka-iz-pariza-poslana-poruka-mira\/\"},\"wordCount\":360,\"commentCount\":0,\"publisher\":{\"@id\":\"https:\/\/sandzakpress.net\/arhiva\/#\/schema\/person\/6e72b67d6e51910a1117b3b483ba20bd\"},\"image\":{\"@id\":\"https:\/\/sandzakpress.net\/arhiva\/za-dan-bosne-i-sandzaka-iz-pariza-poslana-poruka-mira\/#primaryimage\"},\"thumbnailUrl\":\"https:\/\/sandzakpress.net\/arhiva\/wp-content\/uploads\/2015\/11\/2e6ef376db46c8733bd16f42e521527b92ae13250d98bd95d094028704d335e7-533x300.jpg\",\"articleSection\":[\"Bosna i Hercegovina\",\"Francuska\",\"Islamska zajednica\",\"VIJESTI DANA\",\"NAJNOVIJE\",\"Sand\u017eak\"],\"inLanguage\":\"bs-BA\",\"potentialAction\":[{\"@type\":\"CommentAction\",\"name\":\"Comment\",\"target\":[\"https:\/\/sandzakpress.net\/arhiva\/za-dan-bosne-i-sandzaka-iz-pariza-poslana-poruka-mira\/#respond\"]}]},{\"@type\":\"WebPage\",\"@id\":\"https:\/\/sandzakpress.net\/arhiva\/za-dan-bosne-i-sandzaka-iz-pariza-poslana-poruka-mira\/\",\"url\":\"https:\/\/sandzakpress.net\/arhiva\/za-dan-bosne-i-sandzaka-iz-pariza-poslana-poruka-mira\/\",\"name\":\"Za dan Bosne i Sand\u017eaka iz Pariza poslana poruka mira\",\"isPartOf\":{\"@id\":\"https:\/\/sandzakpress.net\/arhiva\/#website\"},\"primaryImageOfPage\":{\"@id\":\"https:\/\/sandzakpress.net\/arhiva\/za-dan-bosne-i-sandzaka-iz-pariza-poslana-poruka-mira\/#primaryimage\"},\"image\":{\"@id\":\"https:\/\/sandzakpress.net\/arhiva\/za-dan-bosne-i-sandzaka-iz-pariza-poslana-poruka-mira\/#primaryimage\"},\"thumbnailUrl\":\"https:\/\/sandzakpress.net\/arhiva\/wp-content\/uploads\/2015\/11\/2e6ef376db46c8733bd16f42e521527b92ae13250d98bd95d094028704d335e7-533x300.jpg\",\"datePublished\":\"2015-11-22T18:02:52+00:00\",\"dateModified\":\"2015-11-22T18:05:20+00:00\",\"breadcrumb\":{\"@id\":\"https:\/\/sandzakpress.net\/arhiva\/za-dan-bosne-i-sandzaka-iz-pariza-poslana-poruka-mira\/#breadcrumb\"},\"inLanguage\":\"bs-BA\",\"potentialAction\":[{\"@type\":\"ReadAction\",\"target\":[\"https:\/\/sandzakpress.net\/arhiva\/za-dan-bosne-i-sandzaka-iz-pariza-poslana-poruka-mira\/\"]}]},{\"@type\":\"ImageObject\",\"inLanguage\":\"bs-BA\",\"@id\":\"https:\/\/sandzakpress.net\/arhiva\/za-dan-bosne-i-sandzaka-iz-pariza-poslana-poruka-mira\/#primaryimage\",\"url\":\"https:\/\/sandzakpress.net\/arhiva\/wp-content\/uploads\/2015\/11\/2e6ef376db46c8733bd16f42e521527b92ae13250d98bd95d094028704d335e7-533x300.jpg\",\"contentUrl\":\"https:\/\/sandzakpress.net\/arhiva\/wp-content\/uploads\/2015\/11\/2e6ef376db46c8733bd16f42e521527b92ae13250d98bd95d094028704d335e7-533x300.jpg\",\"width\":533,\"height\":300},{\"@type\":\"BreadcrumbList\",\"@id\":\"https:\/\/sandzakpress.net\/arhiva\/za-dan-bosne-i-sandzaka-iz-pariza-poslana-poruka-mira\/#breadcrumb\",\"itemListElement\":[{\"@type\":\"ListItem\",\"position\":1,\"name\":\"Home\",\"item\":\"https:\/\/sandzakpress.net\/arhiva\/\"},{\"@type\":\"ListItem\",\"position\":2,\"name\":\"Za dan Bosne i Sand\u017eaka iz Pariza poslana poruka mira\"}]},{\"@type\":\"WebSite\",\"@id\":\"https:\/\/sandzakpress.net\/arhiva\/#website\",\"url\":\"https:\/\/sandzakpress.net\/arhiva\/\",\"name\":\"Sand\u017eak PRESS\",\"description\":\"Prve elektronske novine u Sand\u017eaku\",\"publisher\":{\"@id\":\"https:\/\/sandzakpress.net\/arhiva\/#\/schema\/person\/6e72b67d6e51910a1117b3b483ba20bd\"},\"potentialAction\":[{\"@type\":\"SearchAction\",\"target\":{\"@type\":\"EntryPoint\",\"urlTemplate\":\"https:\/\/sandzakpress.net\/arhiva\/?s={search_term_string}\"},\"query-input\":{\"@type\":\"PropertyValueSpecification\",\"valueRequired\":true,\"valueName\":\"search_term_string\"}}],\"inLanguage\":\"bs-BA\"},{\"@type\":[\"Person\",\"Organization\"],\"@id\":\"https:\/\/sandzakpress.net\/arhiva\/#\/schema\/person\/6e72b67d6e51910a1117b3b483ba20bd\",\"name\":\"Kul\",\"image\":{\"@type\":\"ImageObject\",\"inLanguage\":\"bs-BA\",\"@id\":\"https:\/\/sandzakpress.net\/arhiva\/#\/schema\/person\/image\/\",\"url\":\"https:\/\/secure.gravatar.com\/avatar\/42263f39aa27ac04c43cab85c280eb2e?s=96&d=mm&r=pg\",\"contentUrl\":\"https:\/\/secure.gravatar.com\/avatar\/42263f39aa27ac04c43cab85c280eb2e?s=96&d=mm&r=pg\",\"caption\":\"Kul\"},\"logo\":{\"@id\":\"https:\/\/sandzakpress.net\/arhiva\/#\/schema\/person\/image\/\"}},{\"@type\":\"Person\",\"@id\":\"https:\/\/sandzakpress.net\/arhiva\/#\/schema\/person\/cb59d7e3ab91ab90dd680ad0305a6185\",\"name\":\"Agencija\",\"image\":{\"@type\":\"ImageObject\",\"inLanguage\":\"bs-BA\",\"@id\":\"https:\/\/sandzakpress.net\/arhiva\/#\/schema\/person\/image\/\",\"url\":\"https:\/\/secure.gravatar.com\/avatar\/4b7fafa80a22f0c2afe23966b3961fe0?s=96&d=mm&r=pg\",\"contentUrl\":\"https:\/\/secure.gravatar.com\/avatar\/4b7fafa80a22f0c2afe23966b3961fe0?s=96&d=mm&r=pg\",\"caption\":\"Agencija\"},\"url\":\"https:\/\/sandzakpress.net\/arhiva\/author\/agencija\/\"}]}<\/script>\n<!-- \/ Yoast SEO Premium plugin. -->","yoast_head_json":{"title":"Za dan Bosne i Sand\u017eaka iz Pariza poslana poruka mira","robots":{"index":"index","follow":"follow","max-snippet":"max-snippet:-1","max-image-preview":"max-image-preview:large","max-video-preview":"max-video-preview:-1"},"canonical":"https:\/\/sandzakpress.net\/arhiva\/za-dan-bosne-i-sandzaka-iz-pariza-poslana-poruka-mira\/","og_locale":"bs_BA","og_type":"article","og_title":"Za dan Bosne i Sand\u017eaka iz Pariza poslana poruka mira","og_description":"\u00a0 U subotu 21. novembra povodom obilje\u017eavanja Dana Sand\u017eaka i Dana dr\u017eavnosti Bosne i Hercegovine u Bo\u0161nja\u010dkom vjersko-kulturnom centru d\u017eemat Pariz odr\u017eao je tribinu na temu: &#8220;Ljubav prema vjeri i domovini izvor je mira i sigurnosti&#8221;.\u00a0Gost i predava\u010d, hafiz Irfan ef. Mali\u0107 otvorio je tribinu u\u010denjem kur'anskih ajeta. Predsjednik d\u017eemata u Parizu had\u017ei \u0160efadil Li\u010dina [&hellip;]","og_url":"https:\/\/sandzakpress.net\/arhiva\/za-dan-bosne-i-sandzaka-iz-pariza-poslana-poruka-mira\/","og_site_name":"Sand\u017eak PRESS","article_published_time":"2015-11-22T18:02:52+00:00","article_modified_time":"2015-11-22T18:05:20+00:00","og_image":[{"width":533,"height":300,"url":"https:\/\/sandzakpress.net\/arhiva\/wp-content\/uploads\/2015\/11\/2e6ef376db46c8733bd16f42e521527b92ae13250d98bd95d094028704d335e7-533x300.jpg","type":"image\/jpeg"}],"author":"Agencija","twitter_card":"summary_large_image","twitter_misc":{"Written by":"Agencija","Est. reading time":"2 minute"},"schema":{"@context":"https:\/\/schema.org","@graph":[{"@type":"Article","@id":"https:\/\/sandzakpress.net\/arhiva\/za-dan-bosne-i-sandzaka-iz-pariza-poslana-poruka-mira\/#article","isPartOf":{"@id":"https:\/\/sandzakpress.net\/arhiva\/za-dan-bosne-i-sandzaka-iz-pariza-poslana-poruka-mira\/"},"author":{"name":"Agencija","@id":"https:\/\/sandzakpress.net\/arhiva\/#\/schema\/person\/cb59d7e3ab91ab90dd680ad0305a6185"},"headline":"Za dan Bosne i Sand\u017eaka iz Pariza poslana poruka mira","datePublished":"2015-11-22T18:02:52+00:00","dateModified":"2015-11-22T18:05:20+00:00","mainEntityOfPage":{"@id":"https:\/\/sandzakpress.net\/arhiva\/za-dan-bosne-i-sandzaka-iz-pariza-poslana-poruka-mira\/"},"wordCount":360,"commentCount":0,"publisher":{"@id":"https:\/\/sandzakpress.net\/arhiva\/#\/schema\/person\/6e72b67d6e51910a1117b3b483ba20bd"},"image":{"@id":"https:\/\/sandzakpress.net\/arhiva\/za-dan-bosne-i-sandzaka-iz-pariza-poslana-poruka-mira\/#primaryimage"},"thumbnailUrl":"https:\/\/sandzakpress.net\/arhiva\/wp-content\/uploads\/2015\/11\/2e6ef376db46c8733bd16f42e521527b92ae13250d98bd95d094028704d335e7-533x300.jpg","articleSection":["Bosna i Hercegovina","Francuska","Islamska zajednica","VIJESTI DANA","NAJNOVIJE","Sand\u017eak"],"inLanguage":"bs-BA","potentialAction":[{"@type":"CommentAction","name":"Comment","target":["https:\/\/sandzakpress.net\/arhiva\/za-dan-bosne-i-sandzaka-iz-pariza-poslana-poruka-mira\/#respond"]}]},{"@type":"WebPage","@id":"https:\/\/sandzakpress.net\/arhiva\/za-dan-bosne-i-sandzaka-iz-pariza-poslana-poruka-mira\/","url":"https:\/\/sandzakpress.net\/arhiva\/za-dan-bosne-i-sandzaka-iz-pariza-poslana-poruka-mira\/","name":"Za dan Bosne i Sand\u017eaka iz Pariza poslana poruka mira","isPartOf":{"@id":"https:\/\/sandzakpress.net\/arhiva\/#website"},"primaryImageOfPage":{"@id":"https:\/\/sandzakpress.net\/arhiva\/za-dan-bosne-i-sandzaka-iz-pariza-poslana-poruka-mira\/#primaryimage"},"image":{"@id":"https:\/\/sandzakpress.net\/arhiva\/za-dan-bosne-i-sandzaka-iz-pariza-poslana-poruka-mira\/#primaryimage"},"thumbnailUrl":"https:\/\/sandzakpress.net\/arhiva\/wp-content\/uploads\/2015\/11\/2e6ef376db46c8733bd16f42e521527b92ae13250d98bd95d094028704d335e7-533x300.jpg","datePublished":"2015-11-22T18:02:52+00:00","dateModified":"2015-11-22T18:05:20+00:00","breadcrumb":{"@id":"https:\/\/sandzakpress.net\/arhiva\/za-dan-bosne-i-sandzaka-iz-pariza-poslana-poruka-mira\/#breadcrumb"},"inLanguage":"bs-BA","potentialAction":[{"@type":"ReadAction","target":["https:\/\/sandzakpress.net\/arhiva\/za-dan-bosne-i-sandzaka-iz-pariza-poslana-poruka-mira\/"]}]},{"@type":"ImageObject","inLanguage":"bs-BA","@id":"https:\/\/sandzakpress.net\/arhiva\/za-dan-bosne-i-sandzaka-iz-pariza-poslana-poruka-mira\/#primaryimage","url":"https:\/\/sandzakpress.net\/arhiva\/wp-content\/uploads\/2015\/11\/2e6ef376db46c8733bd16f42e521527b92ae13250d98bd95d094028704d335e7-533x300.jpg","contentUrl":"https:\/\/sandzakpress.net\/arhiva\/wp-content\/uploads\/2015\/11\/2e6ef376db46c8733bd16f42e521527b92ae13250d98bd95d094028704d335e7-533x300.jpg","width":533,"height":300},{"@type":"BreadcrumbList","@id":"https:\/\/sandzakpress.net\/arhiva\/za-dan-bosne-i-sandzaka-iz-pariza-poslana-poruka-mira\/#breadcrumb","itemListElement":[{"@type":"ListItem","position":1,"name":"Home","item":"https:\/\/sandzakpress.net\/arhiva\/"},{"@type":"ListItem","position":2,"name":"Za dan Bosne i Sand\u017eaka iz Pariza poslana poruka mira"}]},{"@type":"WebSite","@id":"https:\/\/sandzakpress.net\/arhiva\/#website","url":"https:\/\/sandzakpress.net\/arhiva\/","name":"Sand\u017eak PRESS","description":"Prve elektronske novine u Sand\u017eaku","publisher":{"@id":"https:\/\/sandzakpress.net\/arhiva\/#\/schema\/person\/6e72b67d6e51910a1117b3b483ba20bd"},"potentialAction":[{"@type":"SearchAction","target":{"@type":"EntryPoint","urlTemplate":"https:\/\/sandzakpress.net\/arhiva\/?s={search_term_string}"},"query-input":{"@type":"PropertyValueSpecification","valueRequired":true,"valueName":"search_term_string"}}],"inLanguage":"bs-BA"},{"@type":["Person","Organization"],"@id":"https:\/\/sandzakpress.net\/arhiva\/#\/schema\/person\/6e72b67d6e51910a1117b3b483ba20bd","name":"Kul","image":{"@type":"ImageObject","inLanguage":"bs-BA","@id":"https:\/\/sandzakpress.net\/arhiva\/#\/schema\/person\/image\/","url":"https:\/\/secure.gravatar.com\/avatar\/42263f39aa27ac04c43cab85c280eb2e?s=96&d=mm&r=pg","contentUrl":"https:\/\/secure.gravatar.com\/avatar\/42263f39aa27ac04c43cab85c280eb2e?s=96&d=mm&r=pg","caption":"Kul"},"logo":{"@id":"https:\/\/sandzakpress.net\/arhiva\/#\/schema\/person\/image\/"}},{"@type":"Person","@id":"https:\/\/sandzakpress.net\/arhiva\/#\/schema\/person\/cb59d7e3ab91ab90dd680ad0305a6185","name":"Agencija","image":{"@type":"ImageObject","inLanguage":"bs-BA","@id":"https:\/\/sandzakpress.net\/arhiva\/#\/schema\/person\/image\/","url":"https:\/\/secure.gravatar.com\/avatar\/4b7fafa80a22f0c2afe23966b3961fe0?s=96&d=mm&r=pg","contentUrl":"https:\/\/secure.gravatar.com\/avatar\/4b7fafa80a22f0c2afe23966b3961fe0?s=96&d=mm&r=pg","caption":"Agencija"},"url":"https:\/\/sandzakpress.net\/arhiva\/author\/agencija\/"}]}},"_links":{"self":[{"href":"https:\/\/sandzakpress.net\/arhiva\/wp-json\/wp\/v2\/posts\/146502"}],"collection":[{"href":"https:\/\/sandzakpress.net\/arhiva\/wp-json\/wp\/v2\/posts"}],"about":[{"href":"https:\/\/sandzakpress.net\/arhiva\/wp-json\/wp\/v2\/types\/post"}],"author":[{"embeddable":true,"href":"https:\/\/sandzakpress.net\/arhiva\/wp-json\/wp\/v2\/users\/509"}],"replies":[{"embeddable":true,"href":"https:\/\/sandzakpress.net\/arhiva\/wp-json\/wp\/v2\/comments?post=146502"}],"version-history":[{"count":0,"href":"https:\/\/sandzakpress.net\/arhiva\/wp-json\/wp\/v2\/posts\/146502\/revisions"}],"wp:featuredmedia":[{"embeddable":true,"href":"https:\/\/sandzakpress.net\/arhiva\/wp-json\/wp\/v2\/media\/146507"}],"wp:attachment":[{"href":"https:\/\/sandzakpress.net\/arhiva\/wp-json\/wp\/v2\/media?parent=146502"}],"wp:term":[{"taxonomy":"category","embeddable":true,"href":"https:\/\/sandzakpress.net\/arhiva\/wp-json\/wp\/v2\/categories?post=146502"},{"taxonomy":"post_tag","embeddable":true,"href":"https:\/\/sandzakpress.net\/arhiva\/wp-json\/wp\/v2\/tags?post=146502"}],"curies":[{"name":"wp","href":"https:\/\/api.w.org\/{rel}","templated":true}]}}