{"id":146473,"date":"2015-11-21T23:18:27","date_gmt":"2015-11-21T22:18:27","guid":{"rendered":"https:\/\/sandzakpress.net\/arhiva\/?p=146473"},"modified":"2015-11-22T10:29:49","modified_gmt":"2015-11-22T09:29:49","slug":"bdz-na-dan-sandzaka-otvorio-nove-prostorije-centrale-i-odrzao-svecanu-sjednicu-glavnog-odbora","status":"publish","type":"post","link":"https:\/\/sandzakpress.net\/arhiva\/bdz-na-dan-sandzaka-otvorio-nove-prostorije-centrale-i-odrzao-svecanu-sjednicu-glavnog-odbora\/","title":{"rendered":"BDZ na Dan Sand\u017eaka otvorio nove prostorije centrale i odr\u017eao sve\u010danu sjednicu Glavnog odbora"},"content":{"rendered":"<p><strong><img loading=\"lazy\" decoding=\"async\" class=\"alignleft size-full wp-image-24923\" src=\"http:\/\/sanapress.info\/wp-content\/uploads\/2015\/11\/EL2A5489.jpg\" alt=\"EL2A5489\" width=\"1280\" height=\"853\" \/><\/strong><\/p>\n<p><strong>Novi Pazar &#8211; Danas su sve\u010dano otvorene nove prostorije centrale BDZ Sand\u017eaka u zgradi Jedinstvo. Prilikom otvorenja prostorija prisutnima su se obratili predsjednik Izvr\u0161enog odbora gospodin Edin Ze\u0107irovi\u0107, zamjenik predsjednika partije gospodin Samir Tandir i predsjednik partije dr. Jahja Fehratovi\u0107.<\/strong><\/p>\n<p>Gospodin Ze\u0107irovi\u0107 se zahvalio prisutnima koji su do\u0161li iz svih gradova Sand\u017eaka kako bi pru\u017eili podr\u0161ku u radu stranke i zajedno obilje\u017eili Dan Sand\u017eaka.<\/p>\n<p>Zamjenik predsjednika Samir Tandir\u00a0 je istakao da je BDZ Sand\u017eaka snaga promjene, i da je danas\u00a0 dobila prostor za svoj rad koji zaslu\u017euje i najavljuje da \u0107e u narednih \u0161est mjeseci\u00a0 ova stranka probuditi Bo\u0161njake i obezbijediti im \u017eivot dostojan \u010dovjeka.<\/p>\n<p>Predsjednik Fehratovi\u0107 je istakao da je ovo veoma va\u017ean dan za BDZ Sand\u017eaka jer je ovo jo\u0161 jedna pokreta\u010dka snaga, koja \u0107e doprinijeti uspje\u0161nijem radu stranke.<\/p>\n<p>On je \u010destitao mladima na tre\u0107oj godi\u0161njici postojanja i dostojanstvenim obilje\u017eavanjem svog jubileja i Dana Sand\u017eaka, isti\u010du\u0107i posebno \u010dinjenicu njihovog izrastanja u budu\u0107u politi\u010dku i intelektulanu elitu Bo\u0161njaka.<\/p>\n<p>Na kraju je poru\u010dio da \u0107e BDZ Sand\u017eaka u novim prostorijama od danas po\u010deti sa intenzivnim radom kako bi predstoje\u0107i period iskoristili za pripremanje promjena u Sand\u017eaku, jer je neminovno, prema njemu, da \u0107e u predstoje\u0107em izbornom ciklusu odavde zra\u010diti dobro koje \u0107e donijeti prosperitetne promjene Sand\u017eaku i nadja\u010dati lo\u0161e koje je trenutno na vlasti.<\/p>\n<p>Nakon sve\u010danog otvaranja\u00a0 Centralnih prostorija, odr\u017eana je sve\u010dana Sjednica Glavnog odbora stranke povodom Dana Sand\u017eaka.<\/p>\n<p>Uvodne referate podnijeli su dr. Admir Muratovi\u0107, dr. Jahja Fehratovi\u0107 \u2013 predsjednik BDZ Sand\u017eaka i Hazbija Kala\u010d predsjednik BDZ u CG.<\/p>\n<p>Sva trojica su iz razli\u010ditih uglova iznijeli \u010dinjenice o historijskom, kulturolo\u0161kom i teritorijalnom jedinstvu Sand\u017eaka od prapovijesti do dana\u0161njice, uva\u017eavaju\u0107i posebno realnost sada\u0161njice i zala\u017eu\u0107i se za Sand\u017eak kao budu\u0107i modernu evropsku prekograni\u010dnu regiju.<\/p>\n<p>(SANA)<\/p>\n<p><a href=\"http:\/\/sanapress.info\/wp-content\/uploads\/2015\/11\/EL2A5399.jpg\"><img loading=\"lazy\" decoding=\"async\" class=\"alignleft size-full wp-image-24915\" src=\"http:\/\/sanapress.info\/wp-content\/uploads\/2015\/11\/EL2A5399.jpg\" alt=\"EL2A5399\" width=\"1280\" height=\"853\" \/><\/a><a href=\"http:\/\/sanapress.info\/wp-content\/uploads\/2015\/11\/EL2A5423.jpg\"><img loading=\"lazy\" decoding=\"async\" class=\"alignleft size-full wp-image-24916\" src=\"http:\/\/sanapress.info\/wp-content\/uploads\/2015\/11\/EL2A5423.jpg\" alt=\"EL2A5423\" width=\"1280\" height=\"860\" \/><\/a><a href=\"http:\/\/sanapress.info\/wp-content\/uploads\/2015\/11\/EL2A5442.jpg\"><img loading=\"lazy\" decoding=\"async\" class=\"alignleft size-full wp-image-24917\" src=\"http:\/\/sanapress.info\/wp-content\/uploads\/2015\/11\/EL2A5442.jpg\" alt=\"EL2A5442\" width=\"1280\" height=\"853\" \/><\/a><\/p>\n<p><a href=\"http:\/\/sanapress.info\/wp-content\/uploads\/2015\/11\/EL2A5533.jpg\"><img loading=\"lazy\" decoding=\"async\" class=\"alignleft size-full wp-image-24919\" src=\"http:\/\/sanapress.info\/wp-content\/uploads\/2015\/11\/EL2A5533.jpg\" alt=\"EL2A5533\" width=\"1280\" height=\"853\" \/><\/a><\/p>\n<p><a href=\"http:\/\/sanapress.info\/wp-content\/uploads\/2015\/11\/EL2A5489.jpg\"><br \/><img loading=\"lazy\" decoding=\"async\" class=\"alignleft size-full wp-image-24923\" src=\"http:\/\/sanapress.info\/wp-content\/uploads\/2015\/11\/EL2A5489.jpg\" alt=\"EL2A5489\" width=\"1280\" height=\"853\" \/><\/a><a href=\"http:\/\/sanapress.info\/wp-content\/uploads\/2015\/11\/EL2A5494.jpg\"><img loading=\"lazy\" decoding=\"async\" class=\"alignleft size-full wp-image-24924\" src=\"http:\/\/sanapress.info\/wp-content\/uploads\/2015\/11\/EL2A5494.jpg\" alt=\"EL2A5494\" width=\"1280\" height=\"853\" \/><\/a><a href=\"http:\/\/sanapress.info\/wp-content\/uploads\/2015\/11\/EL2A5502.jpg\"><img loading=\"lazy\" decoding=\"async\" class=\"alignleft size-full wp-image-24925\" src=\"http:\/\/sanapress.info\/wp-content\/uploads\/2015\/11\/EL2A5502.jpg\" alt=\"EL2A5502\" width=\"1280\" height=\"853\" \/><\/a><a href=\"http:\/\/sanapress.info\/wp-content\/uploads\/2015\/11\/EL2A5531.jpg\"><img loading=\"lazy\" decoding=\"async\" class=\"alignleft size-full wp-image-24926\" src=\"http:\/\/sanapress.info\/wp-content\/uploads\/2015\/11\/EL2A5531.jpg\" alt=\"EL2A5531\" width=\"1280\" height=\"853\" \/><\/a><\/p>\n<p><img loading=\"lazy\" decoding=\"async\" class=\"alignleft size-full wp-image-24922\" src=\"http:\/\/sanapress.info\/wp-content\/uploads\/2015\/11\/EL2A5514.jpg\" alt=\"EL2A5514\" width=\"853\" height=\"1280\" \/><\/p>\n<p><img loading=\"lazy\" decoding=\"async\" class=\"alignleft size-full wp-image-24920\" src=\"http:\/\/sanapress.info\/wp-content\/uploads\/2015\/11\/EL2A5551.jpg\" alt=\"EL2A5551\" width=\"857\" height=\"1280\" \/><\/p>\n","protected":false},"excerpt":{"rendered":"<p>Novi Pazar &#8211; Danas su sve\u010dano otvorene nove prostorije centrale BDZ Sand\u017eaka u zgradi Jedinstvo. Prilikom otvorenja prostorija prisutnima su se obratili predsjednik Izvr\u0161enog odbora gospodin Edin Ze\u0107irovi\u0107, zamjenik predsjednika partije gospodin Samir Tandir i predsjednik partije dr. Jahja Fehratovi\u0107. Gospodin Ze\u0107irovi\u0107 se zahvalio prisutnima koji su do\u0161li iz svih gradova Sand\u017eaka kako bi pru\u017eili [&hellip;]<\/p>\n","protected":false},"author":83,"featured_media":146475,"comment_status":"open","ping_status":"open","sticky":false,"template":"","format":"standard","meta":{"footnotes":""},"categories":[72,398,10503,52,397,1,10504,327,10174,392,396,393,395,394,399,10173,8957],"tags":[10223],"class_list":{"0":"post-146473","1":"post","2":"type-post","3":"status-publish","4":"format-standard","5":"has-post-thumbnail","7":"category-novi-pazar","8":"category-rozaje","9":"category-sjeverni-sandzak","10":"category-sjenica","11":"category-berane","12":"category-politika","13":"category-juzni-sandzak-sandzak-2","14":"category-tutin","15":"category-petnjica-vase-vijesti","16":"category-prijepolje_","17":"category-bijelo_polje","18":"category-priboj","19":"category-pljevlja_","20":"category-nova-varos","21":"category-plav_","22":"category-gusinje-vase-vijesti","23":"category-vijesti-dana","24":"tag-bdz"},"yoast_head":"<!-- This site is optimized with the Yoast SEO Premium plugin v23.1 (Yoast SEO v24.9) - https:\/\/yoast.com\/wordpress\/plugins\/seo\/ -->\n<title>BDZ na Dan Sand\u017eaka otvorio nove prostorije centrale i odr\u017eao sve\u010danu sjednicu Glavnog odbora<\/title>\n<meta name=\"robots\" content=\"index, follow, max-snippet:-1, max-image-preview:large, max-video-preview:-1\" \/>\n<link rel=\"canonical\" href=\"https:\/\/sandzakpress.net\/arhiva\/bdz-na-dan-sandzaka-otvorio-nove-prostorije-centrale-i-odrzao-svecanu-sjednicu-glavnog-odbora\/\" \/>\n<meta property=\"og:locale\" content=\"bs_BA\" \/>\n<meta property=\"og:type\" content=\"article\" \/>\n<meta property=\"og:title\" content=\"BDZ na Dan Sand\u017eaka otvorio nove prostorije centrale i odr\u017eao sve\u010danu sjednicu Glavnog odbora\" \/>\n<meta property=\"og:description\" content=\"Novi Pazar &#8211; Danas su sve\u010dano otvorene nove prostorije centrale BDZ Sand\u017eaka u zgradi Jedinstvo. Prilikom otvorenja prostorija prisutnima su se obratili predsjednik Izvr\u0161enog odbora gospodin Edin Ze\u0107irovi\u0107, zamjenik predsjednika partije gospodin Samir Tandir i predsjednik partije dr. Jahja Fehratovi\u0107. Gospodin Ze\u0107irovi\u0107 se zahvalio prisutnima koji su do\u0161li iz svih gradova Sand\u017eaka kako bi pru\u017eili [&hellip;]\" \/>\n<meta property=\"og:url\" content=\"https:\/\/sandzakpress.net\/arhiva\/bdz-na-dan-sandzaka-otvorio-nove-prostorije-centrale-i-odrzao-svecanu-sjednicu-glavnog-odbora\/\" \/>\n<meta property=\"og:site_name\" content=\"Sand\u017eak PRESS\" \/>\n<meta property=\"article:published_time\" content=\"2015-11-21T22:18:27+00:00\" \/>\n<meta property=\"article:modified_time\" content=\"2015-11-22T09:29:49+00:00\" \/>\n<meta property=\"og:image\" content=\"https:\/\/sandzakpress.net\/arhiva\/wp-content\/uploads\/2015\/11\/EL2A5489.jpg\" \/>\n\t<meta property=\"og:image:width\" content=\"1280\" \/>\n\t<meta property=\"og:image:height\" content=\"853\" \/>\n\t<meta property=\"og:image:type\" content=\"image\/jpeg\" \/>\n<meta name=\"author\" content=\"bosniak\" \/>\n<meta name=\"twitter:card\" content=\"summary_large_image\" \/>\n<meta name=\"twitter:label1\" content=\"Written by\" \/>\n\t<meta name=\"twitter:data1\" content=\"bosniak\" \/>\n\t<meta name=\"twitter:label2\" content=\"Est. reading time\" \/>\n\t<meta name=\"twitter:data2\" content=\"2 minute\" \/>\n<script type=\"application\/ld+json\" class=\"yoast-schema-graph\">{\"@context\":\"https:\/\/schema.org\",\"@graph\":[{\"@type\":\"Article\",\"@id\":\"https:\/\/sandzakpress.net\/arhiva\/bdz-na-dan-sandzaka-otvorio-nove-prostorije-centrale-i-odrzao-svecanu-sjednicu-glavnog-odbora\/#article\",\"isPartOf\":{\"@id\":\"https:\/\/sandzakpress.net\/arhiva\/bdz-na-dan-sandzaka-otvorio-nove-prostorije-centrale-i-odrzao-svecanu-sjednicu-glavnog-odbora\/\"},\"author\":{\"name\":\"bosniak\",\"@id\":\"https:\/\/sandzakpress.net\/arhiva\/#\/schema\/person\/c8baee722073534b583ea7bdb2e36c02\"},\"headline\":\"BDZ na Dan Sand\u017eaka otvorio nove prostorije centrale i odr\u017eao sve\u010danu sjednicu Glavnog odbora\",\"datePublished\":\"2015-11-21T22:18:27+00:00\",\"dateModified\":\"2015-11-22T09:29:49+00:00\",\"mainEntityOfPage\":{\"@id\":\"https:\/\/sandzakpress.net\/arhiva\/bdz-na-dan-sandzaka-otvorio-nove-prostorije-centrale-i-odrzao-svecanu-sjednicu-glavnog-odbora\/\"},\"wordCount\":355,\"commentCount\":2,\"publisher\":{\"@id\":\"https:\/\/sandzakpress.net\/arhiva\/#\/schema\/person\/6e72b67d6e51910a1117b3b483ba20bd\"},\"image\":{\"@id\":\"https:\/\/sandzakpress.net\/arhiva\/bdz-na-dan-sandzaka-otvorio-nove-prostorije-centrale-i-odrzao-svecanu-sjednicu-glavnog-odbora\/#primaryimage\"},\"thumbnailUrl\":\"https:\/\/sandzakpress.net\/arhiva\/wp-content\/uploads\/2015\/11\/EL2A5489.jpg\",\"keywords\":[\"BDZ\"],\"articleSection\":[\"Novi Pazar\",\"Ro\u017eaje\",\"Sjeverni Sand\u017eak\",\"Sjenica\",\"Berane\",\"Politika\",\"Ju\u017eni Sand\u017eak\",\"Tutin\",\"Petnjica\",\"Prijepolje\",\"Bijelo Polje\",\"Priboj\",\"Pljevlja\",\"Nova Varo\u0161\",\"Plav\",\"Gusinje\",\"VIJESTI DANA\"],\"inLanguage\":\"bs-BA\",\"potentialAction\":[{\"@type\":\"CommentAction\",\"name\":\"Comment\",\"target\":[\"https:\/\/sandzakpress.net\/arhiva\/bdz-na-dan-sandzaka-otvorio-nove-prostorije-centrale-i-odrzao-svecanu-sjednicu-glavnog-odbora\/#respond\"]}]},{\"@type\":\"WebPage\",\"@id\":\"https:\/\/sandzakpress.net\/arhiva\/bdz-na-dan-sandzaka-otvorio-nove-prostorije-centrale-i-odrzao-svecanu-sjednicu-glavnog-odbora\/\",\"url\":\"https:\/\/sandzakpress.net\/arhiva\/bdz-na-dan-sandzaka-otvorio-nove-prostorije-centrale-i-odrzao-svecanu-sjednicu-glavnog-odbora\/\",\"name\":\"BDZ na Dan Sand\u017eaka otvorio nove prostorije centrale i odr\u017eao sve\u010danu sjednicu Glavnog odbora\",\"isPartOf\":{\"@id\":\"https:\/\/sandzakpress.net\/arhiva\/#website\"},\"primaryImageOfPage\":{\"@id\":\"https:\/\/sandzakpress.net\/arhiva\/bdz-na-dan-sandzaka-otvorio-nove-prostorije-centrale-i-odrzao-svecanu-sjednicu-glavnog-odbora\/#primaryimage\"},\"image\":{\"@id\":\"https:\/\/sandzakpress.net\/arhiva\/bdz-na-dan-sandzaka-otvorio-nove-prostorije-centrale-i-odrzao-svecanu-sjednicu-glavnog-odbora\/#primaryimage\"},\"thumbnailUrl\":\"https:\/\/sandzakpress.net\/arhiva\/wp-content\/uploads\/2015\/11\/EL2A5489.jpg\",\"datePublished\":\"2015-11-21T22:18:27+00:00\",\"dateModified\":\"2015-11-22T09:29:49+00:00\",\"breadcrumb\":{\"@id\":\"https:\/\/sandzakpress.net\/arhiva\/bdz-na-dan-sandzaka-otvorio-nove-prostorije-centrale-i-odrzao-svecanu-sjednicu-glavnog-odbora\/#breadcrumb\"},\"inLanguage\":\"bs-BA\",\"potentialAction\":[{\"@type\":\"ReadAction\",\"target\":[\"https:\/\/sandzakpress.net\/arhiva\/bdz-na-dan-sandzaka-otvorio-nove-prostorije-centrale-i-odrzao-svecanu-sjednicu-glavnog-odbora\/\"]}]},{\"@type\":\"ImageObject\",\"inLanguage\":\"bs-BA\",\"@id\":\"https:\/\/sandzakpress.net\/arhiva\/bdz-na-dan-sandzaka-otvorio-nove-prostorije-centrale-i-odrzao-svecanu-sjednicu-glavnog-odbora\/#primaryimage\",\"url\":\"https:\/\/sandzakpress.net\/arhiva\/wp-content\/uploads\/2015\/11\/EL2A5489.jpg\",\"contentUrl\":\"https:\/\/sandzakpress.net\/arhiva\/wp-content\/uploads\/2015\/11\/EL2A5489.jpg\",\"width\":1280,\"height\":853},{\"@type\":\"BreadcrumbList\",\"@id\":\"https:\/\/sandzakpress.net\/arhiva\/bdz-na-dan-sandzaka-otvorio-nove-prostorije-centrale-i-odrzao-svecanu-sjednicu-glavnog-odbora\/#breadcrumb\",\"itemListElement\":[{\"@type\":\"ListItem\",\"position\":1,\"name\":\"Home\",\"item\":\"https:\/\/sandzakpress.net\/arhiva\/\"},{\"@type\":\"ListItem\",\"position\":2,\"name\":\"BDZ na Dan Sand\u017eaka otvorio nove prostorije centrale i odr\u017eao sve\u010danu sjednicu Glavnog odbora\"}]},{\"@type\":\"WebSite\",\"@id\":\"https:\/\/sandzakpress.net\/arhiva\/#website\",\"url\":\"https:\/\/sandzakpress.net\/arhiva\/\",\"name\":\"Sand\u017eak PRESS\",\"description\":\"Prve elektronske novine u Sand\u017eaku\",\"publisher\":{\"@id\":\"https:\/\/sandzakpress.net\/arhiva\/#\/schema\/person\/6e72b67d6e51910a1117b3b483ba20bd\"},\"potentialAction\":[{\"@type\":\"SearchAction\",\"target\":{\"@type\":\"EntryPoint\",\"urlTemplate\":\"https:\/\/sandzakpress.net\/arhiva\/?s={search_term_string}\"},\"query-input\":{\"@type\":\"PropertyValueSpecification\",\"valueRequired\":true,\"valueName\":\"search_term_string\"}}],\"inLanguage\":\"bs-BA\"},{\"@type\":[\"Person\",\"Organization\"],\"@id\":\"https:\/\/sandzakpress.net\/arhiva\/#\/schema\/person\/6e72b67d6e51910a1117b3b483ba20bd\",\"name\":\"Kul\",\"image\":{\"@type\":\"ImageObject\",\"inLanguage\":\"bs-BA\",\"@id\":\"https:\/\/sandzakpress.net\/arhiva\/#\/schema\/person\/image\/\",\"url\":\"https:\/\/secure.gravatar.com\/avatar\/42263f39aa27ac04c43cab85c280eb2e?s=96&d=mm&r=pg\",\"contentUrl\":\"https:\/\/secure.gravatar.com\/avatar\/42263f39aa27ac04c43cab85c280eb2e?s=96&d=mm&r=pg\",\"caption\":\"Kul\"},\"logo\":{\"@id\":\"https:\/\/sandzakpress.net\/arhiva\/#\/schema\/person\/image\/\"}},{\"@type\":\"Person\",\"@id\":\"https:\/\/sandzakpress.net\/arhiva\/#\/schema\/person\/c8baee722073534b583ea7bdb2e36c02\",\"name\":\"bosniak\",\"image\":{\"@type\":\"ImageObject\",\"inLanguage\":\"bs-BA\",\"@id\":\"https:\/\/sandzakpress.net\/arhiva\/#\/schema\/person\/image\/\",\"url\":\"https:\/\/secure.gravatar.com\/avatar\/a04fd330bfe3a36a72a0ad4a6d89fca7?s=96&d=mm&r=pg\",\"contentUrl\":\"https:\/\/secure.gravatar.com\/avatar\/a04fd330bfe3a36a72a0ad4a6d89fca7?s=96&d=mm&r=pg\",\"caption\":\"bosniak\"},\"url\":\"https:\/\/sandzakpress.net\/arhiva\/author\/bosniak\/\"}]}<\/script>\n<!-- \/ Yoast SEO Premium plugin. -->","yoast_head_json":{"title":"BDZ na Dan Sand\u017eaka otvorio nove prostorije centrale i odr\u017eao sve\u010danu sjednicu Glavnog odbora","robots":{"index":"index","follow":"follow","max-snippet":"max-snippet:-1","max-image-preview":"max-image-preview:large","max-video-preview":"max-video-preview:-1"},"canonical":"https:\/\/sandzakpress.net\/arhiva\/bdz-na-dan-sandzaka-otvorio-nove-prostorije-centrale-i-odrzao-svecanu-sjednicu-glavnog-odbora\/","og_locale":"bs_BA","og_type":"article","og_title":"BDZ na Dan Sand\u017eaka otvorio nove prostorije centrale i odr\u017eao sve\u010danu sjednicu Glavnog odbora","og_description":"Novi Pazar &#8211; Danas su sve\u010dano otvorene nove prostorije centrale BDZ Sand\u017eaka u zgradi Jedinstvo. Prilikom otvorenja prostorija prisutnima su se obratili predsjednik Izvr\u0161enog odbora gospodin Edin Ze\u0107irovi\u0107, zamjenik predsjednika partije gospodin Samir Tandir i predsjednik partije dr. Jahja Fehratovi\u0107. Gospodin Ze\u0107irovi\u0107 se zahvalio prisutnima koji su do\u0161li iz svih gradova Sand\u017eaka kako bi pru\u017eili [&hellip;]","og_url":"https:\/\/sandzakpress.net\/arhiva\/bdz-na-dan-sandzaka-otvorio-nove-prostorije-centrale-i-odrzao-svecanu-sjednicu-glavnog-odbora\/","og_site_name":"Sand\u017eak PRESS","article_published_time":"2015-11-21T22:18:27+00:00","article_modified_time":"2015-11-22T09:29:49+00:00","og_image":[{"width":1280,"height":853,"url":"https:\/\/sandzakpress.net\/arhiva\/wp-content\/uploads\/2015\/11\/EL2A5489.jpg","type":"image\/jpeg"}],"author":"bosniak","twitter_card":"summary_large_image","twitter_misc":{"Written by":"bosniak","Est. reading time":"2 minute"},"schema":{"@context":"https:\/\/schema.org","@graph":[{"@type":"Article","@id":"https:\/\/sandzakpress.net\/arhiva\/bdz-na-dan-sandzaka-otvorio-nove-prostorije-centrale-i-odrzao-svecanu-sjednicu-glavnog-odbora\/#article","isPartOf":{"@id":"https:\/\/sandzakpress.net\/arhiva\/bdz-na-dan-sandzaka-otvorio-nove-prostorije-centrale-i-odrzao-svecanu-sjednicu-glavnog-odbora\/"},"author":{"name":"bosniak","@id":"https:\/\/sandzakpress.net\/arhiva\/#\/schema\/person\/c8baee722073534b583ea7bdb2e36c02"},"headline":"BDZ na Dan Sand\u017eaka otvorio nove prostorije centrale i odr\u017eao sve\u010danu sjednicu Glavnog odbora","datePublished":"2015-11-21T22:18:27+00:00","dateModified":"2015-11-22T09:29:49+00:00","mainEntityOfPage":{"@id":"https:\/\/sandzakpress.net\/arhiva\/bdz-na-dan-sandzaka-otvorio-nove-prostorije-centrale-i-odrzao-svecanu-sjednicu-glavnog-odbora\/"},"wordCount":355,"commentCount":2,"publisher":{"@id":"https:\/\/sandzakpress.net\/arhiva\/#\/schema\/person\/6e72b67d6e51910a1117b3b483ba20bd"},"image":{"@id":"https:\/\/sandzakpress.net\/arhiva\/bdz-na-dan-sandzaka-otvorio-nove-prostorije-centrale-i-odrzao-svecanu-sjednicu-glavnog-odbora\/#primaryimage"},"thumbnailUrl":"https:\/\/sandzakpress.net\/arhiva\/wp-content\/uploads\/2015\/11\/EL2A5489.jpg","keywords":["BDZ"],"articleSection":["Novi Pazar","Ro\u017eaje","Sjeverni Sand\u017eak","Sjenica","Berane","Politika","Ju\u017eni Sand\u017eak","Tutin","Petnjica","Prijepolje","Bijelo Polje","Priboj","Pljevlja","Nova Varo\u0161","Plav","Gusinje","VIJESTI DANA"],"inLanguage":"bs-BA","potentialAction":[{"@type":"CommentAction","name":"Comment","target":["https:\/\/sandzakpress.net\/arhiva\/bdz-na-dan-sandzaka-otvorio-nove-prostorije-centrale-i-odrzao-svecanu-sjednicu-glavnog-odbora\/#respond"]}]},{"@type":"WebPage","@id":"https:\/\/sandzakpress.net\/arhiva\/bdz-na-dan-sandzaka-otvorio-nove-prostorije-centrale-i-odrzao-svecanu-sjednicu-glavnog-odbora\/","url":"https:\/\/sandzakpress.net\/arhiva\/bdz-na-dan-sandzaka-otvorio-nove-prostorije-centrale-i-odrzao-svecanu-sjednicu-glavnog-odbora\/","name":"BDZ na Dan Sand\u017eaka otvorio nove prostorije centrale i odr\u017eao sve\u010danu sjednicu Glavnog odbora","isPartOf":{"@id":"https:\/\/sandzakpress.net\/arhiva\/#website"},"primaryImageOfPage":{"@id":"https:\/\/sandzakpress.net\/arhiva\/bdz-na-dan-sandzaka-otvorio-nove-prostorije-centrale-i-odrzao-svecanu-sjednicu-glavnog-odbora\/#primaryimage"},"image":{"@id":"https:\/\/sandzakpress.net\/arhiva\/bdz-na-dan-sandzaka-otvorio-nove-prostorije-centrale-i-odrzao-svecanu-sjednicu-glavnog-odbora\/#primaryimage"},"thumbnailUrl":"https:\/\/sandzakpress.net\/arhiva\/wp-content\/uploads\/2015\/11\/EL2A5489.jpg","datePublished":"2015-11-21T22:18:27+00:00","dateModified":"2015-11-22T09:29:49+00:00","breadcrumb":{"@id":"https:\/\/sandzakpress.net\/arhiva\/bdz-na-dan-sandzaka-otvorio-nove-prostorije-centrale-i-odrzao-svecanu-sjednicu-glavnog-odbora\/#breadcrumb"},"inLanguage":"bs-BA","potentialAction":[{"@type":"ReadAction","target":["https:\/\/sandzakpress.net\/arhiva\/bdz-na-dan-sandzaka-otvorio-nove-prostorije-centrale-i-odrzao-svecanu-sjednicu-glavnog-odbora\/"]}]},{"@type":"ImageObject","inLanguage":"bs-BA","@id":"https:\/\/sandzakpress.net\/arhiva\/bdz-na-dan-sandzaka-otvorio-nove-prostorije-centrale-i-odrzao-svecanu-sjednicu-glavnog-odbora\/#primaryimage","url":"https:\/\/sandzakpress.net\/arhiva\/wp-content\/uploads\/2015\/11\/EL2A5489.jpg","contentUrl":"https:\/\/sandzakpress.net\/arhiva\/wp-content\/uploads\/2015\/11\/EL2A5489.jpg","width":1280,"height":853},{"@type":"BreadcrumbList","@id":"https:\/\/sandzakpress.net\/arhiva\/bdz-na-dan-sandzaka-otvorio-nove-prostorije-centrale-i-odrzao-svecanu-sjednicu-glavnog-odbora\/#breadcrumb","itemListElement":[{"@type":"ListItem","position":1,"name":"Home","item":"https:\/\/sandzakpress.net\/arhiva\/"},{"@type":"ListItem","position":2,"name":"BDZ na Dan Sand\u017eaka otvorio nove prostorije centrale i odr\u017eao sve\u010danu sjednicu Glavnog odbora"}]},{"@type":"WebSite","@id":"https:\/\/sandzakpress.net\/arhiva\/#website","url":"https:\/\/sandzakpress.net\/arhiva\/","name":"Sand\u017eak PRESS","description":"Prve elektronske novine u Sand\u017eaku","publisher":{"@id":"https:\/\/sandzakpress.net\/arhiva\/#\/schema\/person\/6e72b67d6e51910a1117b3b483ba20bd"},"potentialAction":[{"@type":"SearchAction","target":{"@type":"EntryPoint","urlTemplate":"https:\/\/sandzakpress.net\/arhiva\/?s={search_term_string}"},"query-input":{"@type":"PropertyValueSpecification","valueRequired":true,"valueName":"search_term_string"}}],"inLanguage":"bs-BA"},{"@type":["Person","Organization"],"@id":"https:\/\/sandzakpress.net\/arhiva\/#\/schema\/person\/6e72b67d6e51910a1117b3b483ba20bd","name":"Kul","image":{"@type":"ImageObject","inLanguage":"bs-BA","@id":"https:\/\/sandzakpress.net\/arhiva\/#\/schema\/person\/image\/","url":"https:\/\/secure.gravatar.com\/avatar\/42263f39aa27ac04c43cab85c280eb2e?s=96&d=mm&r=pg","contentUrl":"https:\/\/secure.gravatar.com\/avatar\/42263f39aa27ac04c43cab85c280eb2e?s=96&d=mm&r=pg","caption":"Kul"},"logo":{"@id":"https:\/\/sandzakpress.net\/arhiva\/#\/schema\/person\/image\/"}},{"@type":"Person","@id":"https:\/\/sandzakpress.net\/arhiva\/#\/schema\/person\/c8baee722073534b583ea7bdb2e36c02","name":"bosniak","image":{"@type":"ImageObject","inLanguage":"bs-BA","@id":"https:\/\/sandzakpress.net\/arhiva\/#\/schema\/person\/image\/","url":"https:\/\/secure.gravatar.com\/avatar\/a04fd330bfe3a36a72a0ad4a6d89fca7?s=96&d=mm&r=pg","contentUrl":"https:\/\/secure.gravatar.com\/avatar\/a04fd330bfe3a36a72a0ad4a6d89fca7?s=96&d=mm&r=pg","caption":"bosniak"},"url":"https:\/\/sandzakpress.net\/arhiva\/author\/bosniak\/"}]}},"_links":{"self":[{"href":"https:\/\/sandzakpress.net\/arhiva\/wp-json\/wp\/v2\/posts\/146473"}],"collection":[{"href":"https:\/\/sandzakpress.net\/arhiva\/wp-json\/wp\/v2\/posts"}],"about":[{"href":"https:\/\/sandzakpress.net\/arhiva\/wp-json\/wp\/v2\/types\/post"}],"author":[{"embeddable":true,"href":"https:\/\/sandzakpress.net\/arhiva\/wp-json\/wp\/v2\/users\/83"}],"replies":[{"embeddable":true,"href":"https:\/\/sandzakpress.net\/arhiva\/wp-json\/wp\/v2\/comments?post=146473"}],"version-history":[{"count":0,"href":"https:\/\/sandzakpress.net\/arhiva\/wp-json\/wp\/v2\/posts\/146473\/revisions"}],"wp:featuredmedia":[{"embeddable":true,"href":"https:\/\/sandzakpress.net\/arhiva\/wp-json\/wp\/v2\/media\/146475"}],"wp:attachment":[{"href":"https:\/\/sandzakpress.net\/arhiva\/wp-json\/wp\/v2\/media?parent=146473"}],"wp:term":[{"taxonomy":"category","embeddable":true,"href":"https:\/\/sandzakpress.net\/arhiva\/wp-json\/wp\/v2\/categories?post=146473"},{"taxonomy":"post_tag","embeddable":true,"href":"https:\/\/sandzakpress.net\/arhiva\/wp-json\/wp\/v2\/tags?post=146473"}],"curies":[{"name":"wp","href":"https:\/\/api.w.org\/{rel}","templated":true}]}}