{"id":146434,"date":"2015-11-22T12:12:33","date_gmt":"2015-11-22T11:12:33","guid":{"rendered":"https:\/\/sandzakpress.net\/arhiva\/?p=146434"},"modified":"2015-11-21T12:15:27","modified_gmt":"2015-11-21T11:15:27","slug":"u-prijepolju-zivi-vecina-bosnjaka-muslimana-a-grb-opstine-samo-sa-crkvenim-obiljezijima","status":"publish","type":"post","link":"https:\/\/sandzakpress.net\/arhiva\/u-prijepolju-zivi-vecina-bosnjaka-muslimana-a-grb-opstine-samo-sa-crkvenim-obiljezijima\/","title":{"rendered":"U Prijepolju \u017eivi ve\u0107ina Bo\u0161njaka-muslimana, a grb op\u0161tine samo sa crkvenim obilje\u017eijima"},"content":{"rendered":"<p><img loading=\"lazy\" decoding=\"async\" class=\"aligncenter size-large wp-image-146432\" src=\"https:\/\/sandzakpress.net\/arhiva\/wp-content\/uploads\/2015\/11\/prijepolje-grb-veliki-616x526-616x295.jpg\" alt=\"prijepolje-grb-veliki-616x526\" width=\"600\" height=\"287\" srcset=\"https:\/\/sandzakpress.net\/arhiva\/wp-content\/uploads\/2015\/11\/prijepolje-grb-veliki-616x526-616x295.jpg 616w, https:\/\/sandzakpress.net\/arhiva\/wp-content\/uploads\/2015\/11\/prijepolje-grb-veliki-616x526.jpg 1099w\" sizes=\"(max-width: 600px) 100vw, 600px\" \/><\/p>\n<p style=\"text-align: left;\"><span style=\"color: #000000;\"><strong>Prijepolje &#8211; Bo\u0161njaci-muslimani su ve\u0107ina u Prijepolju. Popis je u pro\u0161losti la\u017eiran, a posljednji bojkotovan. Bo\u0161nja\u010dke partije na izborima uvijek osvoje najmanje 55% glasova!<\/strong><\/span><\/p>\n<p>Rasprava oko toga da li \u0107e se lik Bijelog An\u0111ela i pe\u010dat Svetog Save nalaziti na novom grbu op\u0161tine Prijepolje, podijelila je tamo\u0161nju vladaju\u0107u koaliciju, pi\u0161e Glas zapadne Srbije.<\/p>\n<p>Ovaj portal navodi da je Srpsko heraldi\u010dko dru\u0161tvo iz Beograda uputilo Komisiji za pripremu izmjena simbola te op\u0161tine \u010detiri radna prijedloga novih simbola, na kojima nema ovih obilje\u017eja koja su krasila grb godinama.<\/p>\n<p>Prijepoljska Op\u0161tinska organizacija Dveri na konferenciji za \u0161tampu najavila je proteste kojima \u0107e zatra\u017eiti smjenu aktuelne vlasti ukoliko se usvoje novi simboli.<\/p>\n<p>\u201eZa\u0161to vlast mijenja obilje\u017eja koja \u010dine na\u0161 grad prepoznatljivim, ne samo u Evropi nego i u svijetu. Lik Bijelog An\u0111ela poslat je i u univerzumu, ali izgleda da nije dobrodo\u0161ao u Prijepolje\u201c, rekao je predsjednik Op\u0161tinske organizacije Dveri, Borko Pu\u0161ki\u0107.<\/p>\n<p>On tvrdi da o izmjeni simbola nije bilo javne rasprave, kao ni da svi \u010dlanovi vladaju\u0107e koalicije nisu obavije\u0161teni o tome.<\/p>\n<p>Jedan od \u010dlanova Komisije za pripremu prijedloga simbola ispred SDA Ned\u017ead Hod\u017ei\u0107 ka\u017ee da se predstavnici tog tijela jo\u0161 nisu usaglasili povodom \u010detiri prijedloga Srpskog heraldi\u010dkog dru\u0161tva, a na kojima su zastupljeni srpski i bo\u0161nja\u010dki znakovi, jer u Prijepolju \u017eivi 42 odsto Bo\u0161njaka i 56 odsto Srba (o.r. rezultati u skladu sa bojkotom popisa &#8211; Bo\u0161nja\u010dke stranke na izborima osvajaju preko 55% glasova).\u00a0<\/p>\n<p>\u201cZa mene su svi prijedlozi prihvatljivi.Ta\u010dno je da u njima nema lika Belog An\u0111ela, ali nije ni u redu da on zauzima 90 odsto grba, a da bo\u0161nja\u010dki simboli budu na preostalom prostoru\u201d, smatra Hod\u017ei\u0107.<\/p>\n<p>&nbsp;<\/p>\n<p>&nbsp;<\/p>\n","protected":false},"excerpt":{"rendered":"<p>Prijepolje &#8211; Bo\u0161njaci-muslimani su ve\u0107ina u Prijepolju. Popis je u pro\u0161losti la\u017eiran, a posljednji bojkotovan. Bo\u0161nja\u010dke partije na izborima uvijek osvoje najmanje 55% glasova! Rasprava oko toga da li \u0107e se lik Bijelog An\u0111ela i pe\u010dat Svetog Save nalaziti na novom grbu op\u0161tine Prijepolje, podijelila je tamo\u0161nju vladaju\u0107u koaliciju, pi\u0161e Glas zapadne Srbije. Ovaj portal [&hellip;]<\/p>\n","protected":false},"author":83,"featured_media":146487,"comment_status":"open","ping_status":"open","sticky":false,"template":"","format":"standard","meta":{"footnotes":""},"categories":[800,392,8957],"tags":[],"class_list":{"0":"post-146434","1":"post","2":"type-post","3":"status-publish","4":"format-standard","5":"has-post-thumbnail","7":"category-nacija","8":"category-prijepolje_","9":"category-vijesti-dana"},"yoast_head":"<!-- This site is optimized with the Yoast SEO Premium plugin v23.1 (Yoast SEO v24.9) - https:\/\/yoast.com\/wordpress\/plugins\/seo\/ -->\n<title>U Prijepolju \u017eivi ve\u0107ina Bo\u0161njaka-muslimana, a grb op\u0161tine samo sa crkvenim obilje\u017eijima<\/title>\n<meta name=\"robots\" content=\"index, follow, max-snippet:-1, max-image-preview:large, max-video-preview:-1\" \/>\n<link rel=\"canonical\" href=\"https:\/\/sandzakpress.net\/arhiva\/u-prijepolju-zivi-vecina-bosnjaka-muslimana-a-grb-opstine-samo-sa-crkvenim-obiljezijima\/\" \/>\n<meta property=\"og:locale\" content=\"bs_BA\" \/>\n<meta property=\"og:type\" content=\"article\" \/>\n<meta property=\"og:title\" content=\"U Prijepolju \u017eivi ve\u0107ina Bo\u0161njaka-muslimana, a grb op\u0161tine samo sa crkvenim obilje\u017eijima\" \/>\n<meta property=\"og:description\" content=\"Prijepolje &#8211; Bo\u0161njaci-muslimani su ve\u0107ina u Prijepolju. Popis je u pro\u0161losti la\u017eiran, a posljednji bojkotovan. Bo\u0161nja\u010dke partije na izborima uvijek osvoje najmanje 55% glasova! Rasprava oko toga da li \u0107e se lik Bijelog An\u0111ela i pe\u010dat Svetog Save nalaziti na novom grbu op\u0161tine Prijepolje, podijelila je tamo\u0161nju vladaju\u0107u koaliciju, pi\u0161e Glas zapadne Srbije. Ovaj portal [&hellip;]\" \/>\n<meta property=\"og:url\" content=\"https:\/\/sandzakpress.net\/arhiva\/u-prijepolju-zivi-vecina-bosnjaka-muslimana-a-grb-opstine-samo-sa-crkvenim-obiljezijima\/\" \/>\n<meta property=\"og:site_name\" content=\"Sand\u017eak PRESS\" \/>\n<meta property=\"article:published_time\" content=\"2015-11-22T11:12:33+00:00\" \/>\n<meta property=\"og:image\" content=\"https:\/\/sandzakpress.net\/arhiva\/wp-content\/uploads\/2015\/11\/prijepolje-grb-veliki-616x526-616x2952.jpg\" \/>\n\t<meta property=\"og:image:width\" content=\"616\" \/>\n\t<meta property=\"og:image:height\" content=\"295\" \/>\n\t<meta property=\"og:image:type\" content=\"image\/jpeg\" \/>\n<meta name=\"author\" content=\"bosniak\" \/>\n<meta name=\"twitter:card\" content=\"summary_large_image\" \/>\n<meta name=\"twitter:label1\" content=\"Written by\" \/>\n\t<meta name=\"twitter:data1\" content=\"bosniak\" \/>\n\t<meta name=\"twitter:label2\" content=\"Est. reading time\" \/>\n\t<meta name=\"twitter:data2\" content=\"2 minute\" \/>\n<script type=\"application\/ld+json\" class=\"yoast-schema-graph\">{\"@context\":\"https:\/\/schema.org\",\"@graph\":[{\"@type\":\"Article\",\"@id\":\"https:\/\/sandzakpress.net\/arhiva\/u-prijepolju-zivi-vecina-bosnjaka-muslimana-a-grb-opstine-samo-sa-crkvenim-obiljezijima\/#article\",\"isPartOf\":{\"@id\":\"https:\/\/sandzakpress.net\/arhiva\/u-prijepolju-zivi-vecina-bosnjaka-muslimana-a-grb-opstine-samo-sa-crkvenim-obiljezijima\/\"},\"author\":{\"name\":\"bosniak\",\"@id\":\"https:\/\/sandzakpress.net\/arhiva\/#\/schema\/person\/c8baee722073534b583ea7bdb2e36c02\"},\"headline\":\"U Prijepolju \u017eivi ve\u0107ina Bo\u0161njaka-muslimana, a grb op\u0161tine samo sa crkvenim obilje\u017eijima\",\"datePublished\":\"2015-11-22T11:12:33+00:00\",\"mainEntityOfPage\":{\"@id\":\"https:\/\/sandzakpress.net\/arhiva\/u-prijepolju-zivi-vecina-bosnjaka-muslimana-a-grb-opstine-samo-sa-crkvenim-obiljezijima\/\"},\"wordCount\":323,\"commentCount\":93,\"publisher\":{\"@id\":\"https:\/\/sandzakpress.net\/arhiva\/#\/schema\/person\/6e72b67d6e51910a1117b3b483ba20bd\"},\"image\":{\"@id\":\"https:\/\/sandzakpress.net\/arhiva\/u-prijepolju-zivi-vecina-bosnjaka-muslimana-a-grb-opstine-samo-sa-crkvenim-obiljezijima\/#primaryimage\"},\"thumbnailUrl\":\"https:\/\/sandzakpress.net\/arhiva\/wp-content\/uploads\/2015\/11\/prijepolje-grb-veliki-616x526-616x2952.jpg\",\"articleSection\":[\"Nacija\",\"Prijepolje\",\"VIJESTI DANA\"],\"inLanguage\":\"bs-BA\",\"potentialAction\":[{\"@type\":\"CommentAction\",\"name\":\"Comment\",\"target\":[\"https:\/\/sandzakpress.net\/arhiva\/u-prijepolju-zivi-vecina-bosnjaka-muslimana-a-grb-opstine-samo-sa-crkvenim-obiljezijima\/#respond\"]}]},{\"@type\":\"WebPage\",\"@id\":\"https:\/\/sandzakpress.net\/arhiva\/u-prijepolju-zivi-vecina-bosnjaka-muslimana-a-grb-opstine-samo-sa-crkvenim-obiljezijima\/\",\"url\":\"https:\/\/sandzakpress.net\/arhiva\/u-prijepolju-zivi-vecina-bosnjaka-muslimana-a-grb-opstine-samo-sa-crkvenim-obiljezijima\/\",\"name\":\"U Prijepolju \u017eivi ve\u0107ina Bo\u0161njaka-muslimana, a grb op\u0161tine samo sa crkvenim obilje\u017eijima\",\"isPartOf\":{\"@id\":\"https:\/\/sandzakpress.net\/arhiva\/#website\"},\"primaryImageOfPage\":{\"@id\":\"https:\/\/sandzakpress.net\/arhiva\/u-prijepolju-zivi-vecina-bosnjaka-muslimana-a-grb-opstine-samo-sa-crkvenim-obiljezijima\/#primaryimage\"},\"image\":{\"@id\":\"https:\/\/sandzakpress.net\/arhiva\/u-prijepolju-zivi-vecina-bosnjaka-muslimana-a-grb-opstine-samo-sa-crkvenim-obiljezijima\/#primaryimage\"},\"thumbnailUrl\":\"https:\/\/sandzakpress.net\/arhiva\/wp-content\/uploads\/2015\/11\/prijepolje-grb-veliki-616x526-616x2952.jpg\",\"datePublished\":\"2015-11-22T11:12:33+00:00\",\"breadcrumb\":{\"@id\":\"https:\/\/sandzakpress.net\/arhiva\/u-prijepolju-zivi-vecina-bosnjaka-muslimana-a-grb-opstine-samo-sa-crkvenim-obiljezijima\/#breadcrumb\"},\"inLanguage\":\"bs-BA\",\"potentialAction\":[{\"@type\":\"ReadAction\",\"target\":[\"https:\/\/sandzakpress.net\/arhiva\/u-prijepolju-zivi-vecina-bosnjaka-muslimana-a-grb-opstine-samo-sa-crkvenim-obiljezijima\/\"]}]},{\"@type\":\"ImageObject\",\"inLanguage\":\"bs-BA\",\"@id\":\"https:\/\/sandzakpress.net\/arhiva\/u-prijepolju-zivi-vecina-bosnjaka-muslimana-a-grb-opstine-samo-sa-crkvenim-obiljezijima\/#primaryimage\",\"url\":\"https:\/\/sandzakpress.net\/arhiva\/wp-content\/uploads\/2015\/11\/prijepolje-grb-veliki-616x526-616x2952.jpg\",\"contentUrl\":\"https:\/\/sandzakpress.net\/arhiva\/wp-content\/uploads\/2015\/11\/prijepolje-grb-veliki-616x526-616x2952.jpg\",\"width\":616,\"height\":295},{\"@type\":\"BreadcrumbList\",\"@id\":\"https:\/\/sandzakpress.net\/arhiva\/u-prijepolju-zivi-vecina-bosnjaka-muslimana-a-grb-opstine-samo-sa-crkvenim-obiljezijima\/#breadcrumb\",\"itemListElement\":[{\"@type\":\"ListItem\",\"position\":1,\"name\":\"Home\",\"item\":\"https:\/\/sandzakpress.net\/arhiva\/\"},{\"@type\":\"ListItem\",\"position\":2,\"name\":\"U Prijepolju \u017eivi ve\u0107ina Bo\u0161njaka-muslimana, a grb op\u0161tine samo sa crkvenim obilje\u017eijima\"}]},{\"@type\":\"WebSite\",\"@id\":\"https:\/\/sandzakpress.net\/arhiva\/#website\",\"url\":\"https:\/\/sandzakpress.net\/arhiva\/\",\"name\":\"Sand\u017eak PRESS\",\"description\":\"Prve elektronske novine u Sand\u017eaku\",\"publisher\":{\"@id\":\"https:\/\/sandzakpress.net\/arhiva\/#\/schema\/person\/6e72b67d6e51910a1117b3b483ba20bd\"},\"potentialAction\":[{\"@type\":\"SearchAction\",\"target\":{\"@type\":\"EntryPoint\",\"urlTemplate\":\"https:\/\/sandzakpress.net\/arhiva\/?s={search_term_string}\"},\"query-input\":{\"@type\":\"PropertyValueSpecification\",\"valueRequired\":true,\"valueName\":\"search_term_string\"}}],\"inLanguage\":\"bs-BA\"},{\"@type\":[\"Person\",\"Organization\"],\"@id\":\"https:\/\/sandzakpress.net\/arhiva\/#\/schema\/person\/6e72b67d6e51910a1117b3b483ba20bd\",\"name\":\"Kul\",\"image\":{\"@type\":\"ImageObject\",\"inLanguage\":\"bs-BA\",\"@id\":\"https:\/\/sandzakpress.net\/arhiva\/#\/schema\/person\/image\/\",\"url\":\"https:\/\/secure.gravatar.com\/avatar\/42263f39aa27ac04c43cab85c280eb2e?s=96&d=mm&r=pg\",\"contentUrl\":\"https:\/\/secure.gravatar.com\/avatar\/42263f39aa27ac04c43cab85c280eb2e?s=96&d=mm&r=pg\",\"caption\":\"Kul\"},\"logo\":{\"@id\":\"https:\/\/sandzakpress.net\/arhiva\/#\/schema\/person\/image\/\"}},{\"@type\":\"Person\",\"@id\":\"https:\/\/sandzakpress.net\/arhiva\/#\/schema\/person\/c8baee722073534b583ea7bdb2e36c02\",\"name\":\"bosniak\",\"image\":{\"@type\":\"ImageObject\",\"inLanguage\":\"bs-BA\",\"@id\":\"https:\/\/sandzakpress.net\/arhiva\/#\/schema\/person\/image\/\",\"url\":\"https:\/\/secure.gravatar.com\/avatar\/a04fd330bfe3a36a72a0ad4a6d89fca7?s=96&d=mm&r=pg\",\"contentUrl\":\"https:\/\/secure.gravatar.com\/avatar\/a04fd330bfe3a36a72a0ad4a6d89fca7?s=96&d=mm&r=pg\",\"caption\":\"bosniak\"},\"url\":\"https:\/\/sandzakpress.net\/arhiva\/author\/bosniak\/\"}]}<\/script>\n<!-- \/ Yoast SEO Premium plugin. -->","yoast_head_json":{"title":"U Prijepolju \u017eivi ve\u0107ina Bo\u0161njaka-muslimana, a grb op\u0161tine samo sa crkvenim obilje\u017eijima","robots":{"index":"index","follow":"follow","max-snippet":"max-snippet:-1","max-image-preview":"max-image-preview:large","max-video-preview":"max-video-preview:-1"},"canonical":"https:\/\/sandzakpress.net\/arhiva\/u-prijepolju-zivi-vecina-bosnjaka-muslimana-a-grb-opstine-samo-sa-crkvenim-obiljezijima\/","og_locale":"bs_BA","og_type":"article","og_title":"U Prijepolju \u017eivi ve\u0107ina Bo\u0161njaka-muslimana, a grb op\u0161tine samo sa crkvenim obilje\u017eijima","og_description":"Prijepolje &#8211; Bo\u0161njaci-muslimani su ve\u0107ina u Prijepolju. Popis je u pro\u0161losti la\u017eiran, a posljednji bojkotovan. Bo\u0161nja\u010dke partije na izborima uvijek osvoje najmanje 55% glasova! Rasprava oko toga da li \u0107e se lik Bijelog An\u0111ela i pe\u010dat Svetog Save nalaziti na novom grbu op\u0161tine Prijepolje, podijelila je tamo\u0161nju vladaju\u0107u koaliciju, pi\u0161e Glas zapadne Srbije. Ovaj portal [&hellip;]","og_url":"https:\/\/sandzakpress.net\/arhiva\/u-prijepolju-zivi-vecina-bosnjaka-muslimana-a-grb-opstine-samo-sa-crkvenim-obiljezijima\/","og_site_name":"Sand\u017eak PRESS","article_published_time":"2015-11-22T11:12:33+00:00","og_image":[{"width":616,"height":295,"url":"https:\/\/sandzakpress.net\/arhiva\/wp-content\/uploads\/2015\/11\/prijepolje-grb-veliki-616x526-616x2952.jpg","type":"image\/jpeg"}],"author":"bosniak","twitter_card":"summary_large_image","twitter_misc":{"Written by":"bosniak","Est. reading time":"2 minute"},"schema":{"@context":"https:\/\/schema.org","@graph":[{"@type":"Article","@id":"https:\/\/sandzakpress.net\/arhiva\/u-prijepolju-zivi-vecina-bosnjaka-muslimana-a-grb-opstine-samo-sa-crkvenim-obiljezijima\/#article","isPartOf":{"@id":"https:\/\/sandzakpress.net\/arhiva\/u-prijepolju-zivi-vecina-bosnjaka-muslimana-a-grb-opstine-samo-sa-crkvenim-obiljezijima\/"},"author":{"name":"bosniak","@id":"https:\/\/sandzakpress.net\/arhiva\/#\/schema\/person\/c8baee722073534b583ea7bdb2e36c02"},"headline":"U Prijepolju \u017eivi ve\u0107ina Bo\u0161njaka-muslimana, a grb op\u0161tine samo sa crkvenim obilje\u017eijima","datePublished":"2015-11-22T11:12:33+00:00","mainEntityOfPage":{"@id":"https:\/\/sandzakpress.net\/arhiva\/u-prijepolju-zivi-vecina-bosnjaka-muslimana-a-grb-opstine-samo-sa-crkvenim-obiljezijima\/"},"wordCount":323,"commentCount":93,"publisher":{"@id":"https:\/\/sandzakpress.net\/arhiva\/#\/schema\/person\/6e72b67d6e51910a1117b3b483ba20bd"},"image":{"@id":"https:\/\/sandzakpress.net\/arhiva\/u-prijepolju-zivi-vecina-bosnjaka-muslimana-a-grb-opstine-samo-sa-crkvenim-obiljezijima\/#primaryimage"},"thumbnailUrl":"https:\/\/sandzakpress.net\/arhiva\/wp-content\/uploads\/2015\/11\/prijepolje-grb-veliki-616x526-616x2952.jpg","articleSection":["Nacija","Prijepolje","VIJESTI DANA"],"inLanguage":"bs-BA","potentialAction":[{"@type":"CommentAction","name":"Comment","target":["https:\/\/sandzakpress.net\/arhiva\/u-prijepolju-zivi-vecina-bosnjaka-muslimana-a-grb-opstine-samo-sa-crkvenim-obiljezijima\/#respond"]}]},{"@type":"WebPage","@id":"https:\/\/sandzakpress.net\/arhiva\/u-prijepolju-zivi-vecina-bosnjaka-muslimana-a-grb-opstine-samo-sa-crkvenim-obiljezijima\/","url":"https:\/\/sandzakpress.net\/arhiva\/u-prijepolju-zivi-vecina-bosnjaka-muslimana-a-grb-opstine-samo-sa-crkvenim-obiljezijima\/","name":"U Prijepolju \u017eivi ve\u0107ina Bo\u0161njaka-muslimana, a grb op\u0161tine samo sa crkvenim obilje\u017eijima","isPartOf":{"@id":"https:\/\/sandzakpress.net\/arhiva\/#website"},"primaryImageOfPage":{"@id":"https:\/\/sandzakpress.net\/arhiva\/u-prijepolju-zivi-vecina-bosnjaka-muslimana-a-grb-opstine-samo-sa-crkvenim-obiljezijima\/#primaryimage"},"image":{"@id":"https:\/\/sandzakpress.net\/arhiva\/u-prijepolju-zivi-vecina-bosnjaka-muslimana-a-grb-opstine-samo-sa-crkvenim-obiljezijima\/#primaryimage"},"thumbnailUrl":"https:\/\/sandzakpress.net\/arhiva\/wp-content\/uploads\/2015\/11\/prijepolje-grb-veliki-616x526-616x2952.jpg","datePublished":"2015-11-22T11:12:33+00:00","breadcrumb":{"@id":"https:\/\/sandzakpress.net\/arhiva\/u-prijepolju-zivi-vecina-bosnjaka-muslimana-a-grb-opstine-samo-sa-crkvenim-obiljezijima\/#breadcrumb"},"inLanguage":"bs-BA","potentialAction":[{"@type":"ReadAction","target":["https:\/\/sandzakpress.net\/arhiva\/u-prijepolju-zivi-vecina-bosnjaka-muslimana-a-grb-opstine-samo-sa-crkvenim-obiljezijima\/"]}]},{"@type":"ImageObject","inLanguage":"bs-BA","@id":"https:\/\/sandzakpress.net\/arhiva\/u-prijepolju-zivi-vecina-bosnjaka-muslimana-a-grb-opstine-samo-sa-crkvenim-obiljezijima\/#primaryimage","url":"https:\/\/sandzakpress.net\/arhiva\/wp-content\/uploads\/2015\/11\/prijepolje-grb-veliki-616x526-616x2952.jpg","contentUrl":"https:\/\/sandzakpress.net\/arhiva\/wp-content\/uploads\/2015\/11\/prijepolje-grb-veliki-616x526-616x2952.jpg","width":616,"height":295},{"@type":"BreadcrumbList","@id":"https:\/\/sandzakpress.net\/arhiva\/u-prijepolju-zivi-vecina-bosnjaka-muslimana-a-grb-opstine-samo-sa-crkvenim-obiljezijima\/#breadcrumb","itemListElement":[{"@type":"ListItem","position":1,"name":"Home","item":"https:\/\/sandzakpress.net\/arhiva\/"},{"@type":"ListItem","position":2,"name":"U Prijepolju \u017eivi ve\u0107ina Bo\u0161njaka-muslimana, a grb op\u0161tine samo sa crkvenim obilje\u017eijima"}]},{"@type":"WebSite","@id":"https:\/\/sandzakpress.net\/arhiva\/#website","url":"https:\/\/sandzakpress.net\/arhiva\/","name":"Sand\u017eak PRESS","description":"Prve elektronske novine u Sand\u017eaku","publisher":{"@id":"https:\/\/sandzakpress.net\/arhiva\/#\/schema\/person\/6e72b67d6e51910a1117b3b483ba20bd"},"potentialAction":[{"@type":"SearchAction","target":{"@type":"EntryPoint","urlTemplate":"https:\/\/sandzakpress.net\/arhiva\/?s={search_term_string}"},"query-input":{"@type":"PropertyValueSpecification","valueRequired":true,"valueName":"search_term_string"}}],"inLanguage":"bs-BA"},{"@type":["Person","Organization"],"@id":"https:\/\/sandzakpress.net\/arhiva\/#\/schema\/person\/6e72b67d6e51910a1117b3b483ba20bd","name":"Kul","image":{"@type":"ImageObject","inLanguage":"bs-BA","@id":"https:\/\/sandzakpress.net\/arhiva\/#\/schema\/person\/image\/","url":"https:\/\/secure.gravatar.com\/avatar\/42263f39aa27ac04c43cab85c280eb2e?s=96&d=mm&r=pg","contentUrl":"https:\/\/secure.gravatar.com\/avatar\/42263f39aa27ac04c43cab85c280eb2e?s=96&d=mm&r=pg","caption":"Kul"},"logo":{"@id":"https:\/\/sandzakpress.net\/arhiva\/#\/schema\/person\/image\/"}},{"@type":"Person","@id":"https:\/\/sandzakpress.net\/arhiva\/#\/schema\/person\/c8baee722073534b583ea7bdb2e36c02","name":"bosniak","image":{"@type":"ImageObject","inLanguage":"bs-BA","@id":"https:\/\/sandzakpress.net\/arhiva\/#\/schema\/person\/image\/","url":"https:\/\/secure.gravatar.com\/avatar\/a04fd330bfe3a36a72a0ad4a6d89fca7?s=96&d=mm&r=pg","contentUrl":"https:\/\/secure.gravatar.com\/avatar\/a04fd330bfe3a36a72a0ad4a6d89fca7?s=96&d=mm&r=pg","caption":"bosniak"},"url":"https:\/\/sandzakpress.net\/arhiva\/author\/bosniak\/"}]}},"_links":{"self":[{"href":"https:\/\/sandzakpress.net\/arhiva\/wp-json\/wp\/v2\/posts\/146434"}],"collection":[{"href":"https:\/\/sandzakpress.net\/arhiva\/wp-json\/wp\/v2\/posts"}],"about":[{"href":"https:\/\/sandzakpress.net\/arhiva\/wp-json\/wp\/v2\/types\/post"}],"author":[{"embeddable":true,"href":"https:\/\/sandzakpress.net\/arhiva\/wp-json\/wp\/v2\/users\/83"}],"replies":[{"embeddable":true,"href":"https:\/\/sandzakpress.net\/arhiva\/wp-json\/wp\/v2\/comments?post=146434"}],"version-history":[{"count":0,"href":"https:\/\/sandzakpress.net\/arhiva\/wp-json\/wp\/v2\/posts\/146434\/revisions"}],"wp:featuredmedia":[{"embeddable":true,"href":"https:\/\/sandzakpress.net\/arhiva\/wp-json\/wp\/v2\/media\/146487"}],"wp:attachment":[{"href":"https:\/\/sandzakpress.net\/arhiva\/wp-json\/wp\/v2\/media?parent=146434"}],"wp:term":[{"taxonomy":"category","embeddable":true,"href":"https:\/\/sandzakpress.net\/arhiva\/wp-json\/wp\/v2\/categories?post=146434"},{"taxonomy":"post_tag","embeddable":true,"href":"https:\/\/sandzakpress.net\/arhiva\/wp-json\/wp\/v2\/tags?post=146434"}],"curies":[{"name":"wp","href":"https:\/\/api.w.org\/{rel}","templated":true}]}}