{"id":146145,"date":"2015-11-18T17:38:12","date_gmt":"2015-11-18T16:38:12","guid":{"rendered":"https:\/\/sandzakpress.net\/arhiva\/napadi-na-reisu-l-ulemu-su-nedopustivi-4"},"modified":"2015-11-18T17:38:12","modified_gmt":"2015-11-18T16:38:12","slug":"napadi-na-reisu-l-ulemu-su-nedopustivi-4","status":"publish","type":"post","link":"https:\/\/sandzakpress.net\/arhiva\/napadi-na-reisu-l-ulemu-su-nedopustivi-4\/","title":{"rendered":"Napadi na reisu-l-ulemu su nedopustivi"},"content":{"rendered":"<div><img decoding=\"async\" src=\"http:\/\/saff.ba\/wp-content\/uploads\/2015\/09\/reis-650x365.jpg\" alt=\"Napadi na reisu-l-ulemu su nedopustivi\" \/><\/div>\n<div id=\"yui_3_16_0_1_1447855809690_2400\"><strong>BiH \u2013 Povodom napada na \u00a0reisu-l-ulemu Islamske zajednice u Bosni i Hercegovini, a u vezi izdavanja fetve u znak saosje\u0107anja sa \u017ertvama teroristi\u010dkog napada u Parizu i uputstva da se pomjeri u\u010denje ezana za podne namaz (molitvu) za pet minuta, Koordinacija bo\u0161nja\u010dkih NVO izdaje saop\u0107enje za javnost.<\/strong><\/div>\n<div id=\"yui_3_16_0_1_1447855809690_2401\"><\/div>\n<div id=\"yui_3_16_0_1_1447855809690_2399\">Kao \u010dlanovi Koordinacije bo\u0161nja\u010dkih NVO zate\u010deni smo i iznena\u0111eni napadima koji su usmjereni na krovnu vjersku instituciju muslimana Bosne i Hercegovine i bo\u0161nja\u010dke dijaspore, odnosno na njenog poglavara reisu-l-ulemu Husein ef. Kavazovi\u0107a. Smatramo da reisu-l-ulema ima pravo i obavezu da digne svoj glas protiv terora i nasilja ali i da stane u za\u0161titu islama ma odakle ti napadi dolazili. Upravo na na\u010din kako je to nedavno u\u010dinio kada je napisao pismo ma\u0111arskom premijeru Viktoru Orbanu brane\u0107i islam i njegove vrijednosti, ali i kada je osudio nasilje nad stanovnicima Egipta od strane diktatorskog re\u017eima, pa i kada je mnogo puta ranije, odlu\u010dno, hrabro i dostojanstveno, stao na stranu odbrane islama i muslimana bilo da je rije\u010d o vanjskim ili unutarnjim napadima.<\/div>\n<div id=\"yui_3_16_0_1_1447855809690_2450\"><\/div>\n<div id=\"yui_3_16_0_1_1447855809690_2441\">Stoga, sve napade i uvrede koje su ovih dana izre\u010dene i napisane protiv reisu-l-uleme smatramo neprimjerenim i nedopustivim. Takve vulgarne i drske uvrede koje se kose sa osnovnim normama eti\u010dnosti i lijepog pona\u0161anja, a pogotovo sa normama islamskog pona\u0161anja, atakuju na li\u010dnost i moralni integritet uva\u017eenog reisu-l-uleme. Isti su nedopustivi jer proizvode smutnju me\u0111u muslimanima Bosne i Hercegovine, dovode u pitanje autoritet Islamske zajednice, udaraju na na\u0161e vjersko i nacionalno jedinstvo i produbljuju postoje\u0107u krizu koja odgovara jedino neprijateljima Bo\u0161njaka i domovine Bosne i Hercegovine.<\/div>\n<div id=\"yui_3_16_0_1_1447855809690_2456\"><\/div>\n<div id=\"yui_3_16_0_1_1447855809690_2398\">\u017delimo poru\u010diti svim Bo\u0161njacima muslimanima u Bosni i Hercegovini i dijaspori, da, bez obzira na stanovita razila\u017eenja u nekim vjerskim pitanjima, posebno ona iz domena tuma\u010denja islama, ne smijemo sebe dovesti u situaciju da jedni druge anatemi\u0161emo, progla\u0161avamo nevjernicima, vrije\u0111amo, a posebno nas ne smije navesti da dovodimo u pitanje autoritet Islamske zajednice i njenih predvodnika, jer to vodi haosu koji nikome ne mo\u017ee donijeti ni\u0161ta dobro.<\/div>\n<div id=\"yui_3_16_0_1_1447855809690_2457\"><\/div>\n<div id=\"yui_3_16_0_1_1447855809690_2458\">Tako\u0111er, uz izra\u017eavanje pune podr\u0161ke Islamskoj zajednici i njenom vo\u0111stvu, \u017eelimo ih i ovim putem pozvati da nastave i ustraju u svojim plemenitim nastojanjima zbijanja redova Bo\u0161njaka i da, kao i od sada, na vrijeme osude i osujete sve poku\u0161aje razbijanja, isklju\u010divosti i ekstremizma bez obzira od koga dolazili.<\/div>\n<div id=\"yui_3_16_0_1_1447855809690_2459\"><\/div>\n<div id=\"yui_3_16_0_1_1447855809690_2460\"><a href=\"https:\/\/www.facebook.com\/Koordinacija-bo%C5%A1nja%C4%8Dkih-NVO-164630103881735\/?fref=ts\" target=\"_blank\" rel=\"nofollow\">Koordinacija BNVO<\/a><\/div>\n<div><\/div>\n<div id=\"yui_3_16_0_1_1447855809690_2393\">Srebrenica<\/div>\n<div><img decoding=\"async\" src=\"http:\/\/saff.ba\/wp-content\/uploads\/2015\/11\/000-A-A-KBNVO-LOGO1.png\" alt=\"\" \/><\/div>\n<p>(Saff)<\/p>\n<p>Pogledajte vijest na izvornom sajtu:<\/p>\n<p><a href=\"http:\/\/bosnapress.net\/napadi-na-reisu-l-ulemu-su-nedopustivi\/\" target=\"_blank\">Napadi na reisu-l-ulemu su nedopustivi<\/a><\/p>\n","protected":false},"excerpt":{"rendered":"<p>BiH \u2013 Povodom napada na \u00a0reisu-l-ulemu Islamske zajednice u Bosni i Hercegovini, a u vezi izdavanja fetve u znak saosje\u0107anja sa \u017ertvama teroristi\u010dkog napada u Parizu i uputstva da se pomjeri u\u010denje ezana za podne namaz (molitvu) za pet minuta, Koordinacija bo\u0161nja\u010dkih NVO izdaje saop\u0107enje za javnost. Kao \u010dlanovi Koordinacije bo\u0161nja\u010dkih NVO zate\u010deni smo i [&hellip;]<\/p>\n","protected":false},"author":83,"featured_media":146149,"comment_status":"open","ping_status":"open","sticky":false,"template":"","format":"standard","meta":{"footnotes":""},"categories":[10513],"tags":[10466],"class_list":{"0":"post-146145","1":"post","2":"type-post","3":"status-publish","4":"format-standard","5":"has-post-thumbnail","7":"category-bosna-press","8":"tag-bosna-i-hercegovina"},"yoast_head":"<!-- This site is optimized with the Yoast SEO Premium plugin v23.1 (Yoast SEO v24.9) - https:\/\/yoast.com\/wordpress\/plugins\/seo\/ -->\n<title>Napadi na reisu-l-ulemu su nedopustivi<\/title>\n<meta name=\"robots\" content=\"index, follow, max-snippet:-1, max-image-preview:large, max-video-preview:-1\" \/>\n<link rel=\"canonical\" href=\"https:\/\/sandzakpress.net\/arhiva\/napadi-na-reisu-l-ulemu-su-nedopustivi-4\/\" \/>\n<meta property=\"og:locale\" content=\"bs_BA\" \/>\n<meta property=\"og:type\" content=\"article\" \/>\n<meta property=\"og:title\" content=\"Napadi na reisu-l-ulemu su nedopustivi\" \/>\n<meta property=\"og:description\" content=\"BiH \u2013 Povodom napada na \u00a0reisu-l-ulemu Islamske zajednice u Bosni i Hercegovini, a u vezi izdavanja fetve u znak saosje\u0107anja sa \u017ertvama teroristi\u010dkog napada u Parizu i uputstva da se pomjeri u\u010denje ezana za podne namaz (molitvu) za pet minuta, Koordinacija bo\u0161nja\u010dkih NVO izdaje saop\u0107enje za javnost. Kao \u010dlanovi Koordinacije bo\u0161nja\u010dkih NVO zate\u010deni smo i [&hellip;]\" \/>\n<meta property=\"og:url\" content=\"https:\/\/sandzakpress.net\/arhiva\/napadi-na-reisu-l-ulemu-su-nedopustivi-4\/\" \/>\n<meta property=\"og:site_name\" content=\"Sand\u017eak PRESS\" \/>\n<meta property=\"article:published_time\" content=\"2015-11-18T16:38:12+00:00\" \/>\n<meta property=\"og:image\" content=\"https:\/\/sandzakpress.net\/arhiva\/wp-content\/uploads\/2015\/11\/reis-650x3657.jpg\" \/>\n\t<meta property=\"og:image:width\" content=\"650\" \/>\n\t<meta property=\"og:image:height\" content=\"365\" \/>\n\t<meta property=\"og:image:type\" content=\"image\/jpeg\" \/>\n<meta name=\"author\" content=\"bosniak\" \/>\n<meta name=\"twitter:card\" content=\"summary_large_image\" \/>\n<meta name=\"twitter:label1\" content=\"Written by\" \/>\n\t<meta name=\"twitter:data1\" content=\"bosniak\" \/>\n\t<meta name=\"twitter:label2\" content=\"Est. reading time\" \/>\n\t<meta name=\"twitter:data2\" content=\"2 minute\" \/>\n<script type=\"application\/ld+json\" class=\"yoast-schema-graph\">{\"@context\":\"https:\/\/schema.org\",\"@graph\":[{\"@type\":\"Article\",\"@id\":\"https:\/\/sandzakpress.net\/arhiva\/napadi-na-reisu-l-ulemu-su-nedopustivi-4\/#article\",\"isPartOf\":{\"@id\":\"https:\/\/sandzakpress.net\/arhiva\/napadi-na-reisu-l-ulemu-su-nedopustivi-4\/\"},\"author\":{\"name\":\"bosniak\",\"@id\":\"https:\/\/sandzakpress.net\/arhiva\/#\/schema\/person\/c8baee722073534b583ea7bdb2e36c02\"},\"headline\":\"Napadi na reisu-l-ulemu su nedopustivi\",\"datePublished\":\"2015-11-18T16:38:12+00:00\",\"mainEntityOfPage\":{\"@id\":\"https:\/\/sandzakpress.net\/arhiva\/napadi-na-reisu-l-ulemu-su-nedopustivi-4\/\"},\"wordCount\":432,\"commentCount\":1,\"publisher\":{\"@id\":\"https:\/\/sandzakpress.net\/arhiva\/#\/schema\/person\/6e72b67d6e51910a1117b3b483ba20bd\"},\"image\":{\"@id\":\"https:\/\/sandzakpress.net\/arhiva\/napadi-na-reisu-l-ulemu-su-nedopustivi-4\/#primaryimage\"},\"thumbnailUrl\":\"https:\/\/sandzakpress.net\/arhiva\/wp-content\/uploads\/2015\/11\/reis-650x3657.jpg\",\"keywords\":[\"Bosna i Hercegovina\"],\"articleSection\":[\"Bosna PRESS\"],\"inLanguage\":\"bs-BA\",\"potentialAction\":[{\"@type\":\"CommentAction\",\"name\":\"Comment\",\"target\":[\"https:\/\/sandzakpress.net\/arhiva\/napadi-na-reisu-l-ulemu-su-nedopustivi-4\/#respond\"]}]},{\"@type\":\"WebPage\",\"@id\":\"https:\/\/sandzakpress.net\/arhiva\/napadi-na-reisu-l-ulemu-su-nedopustivi-4\/\",\"url\":\"https:\/\/sandzakpress.net\/arhiva\/napadi-na-reisu-l-ulemu-su-nedopustivi-4\/\",\"name\":\"Napadi na reisu-l-ulemu su nedopustivi\",\"isPartOf\":{\"@id\":\"https:\/\/sandzakpress.net\/arhiva\/#website\"},\"primaryImageOfPage\":{\"@id\":\"https:\/\/sandzakpress.net\/arhiva\/napadi-na-reisu-l-ulemu-su-nedopustivi-4\/#primaryimage\"},\"image\":{\"@id\":\"https:\/\/sandzakpress.net\/arhiva\/napadi-na-reisu-l-ulemu-su-nedopustivi-4\/#primaryimage\"},\"thumbnailUrl\":\"https:\/\/sandzakpress.net\/arhiva\/wp-content\/uploads\/2015\/11\/reis-650x3657.jpg\",\"datePublished\":\"2015-11-18T16:38:12+00:00\",\"breadcrumb\":{\"@id\":\"https:\/\/sandzakpress.net\/arhiva\/napadi-na-reisu-l-ulemu-su-nedopustivi-4\/#breadcrumb\"},\"inLanguage\":\"bs-BA\",\"potentialAction\":[{\"@type\":\"ReadAction\",\"target\":[\"https:\/\/sandzakpress.net\/arhiva\/napadi-na-reisu-l-ulemu-su-nedopustivi-4\/\"]}]},{\"@type\":\"ImageObject\",\"inLanguage\":\"bs-BA\",\"@id\":\"https:\/\/sandzakpress.net\/arhiva\/napadi-na-reisu-l-ulemu-su-nedopustivi-4\/#primaryimage\",\"url\":\"https:\/\/sandzakpress.net\/arhiva\/wp-content\/uploads\/2015\/11\/reis-650x3657.jpg\",\"contentUrl\":\"https:\/\/sandzakpress.net\/arhiva\/wp-content\/uploads\/2015\/11\/reis-650x3657.jpg\",\"width\":650,\"height\":365},{\"@type\":\"BreadcrumbList\",\"@id\":\"https:\/\/sandzakpress.net\/arhiva\/napadi-na-reisu-l-ulemu-su-nedopustivi-4\/#breadcrumb\",\"itemListElement\":[{\"@type\":\"ListItem\",\"position\":1,\"name\":\"Home\",\"item\":\"https:\/\/sandzakpress.net\/arhiva\/\"},{\"@type\":\"ListItem\",\"position\":2,\"name\":\"Napadi na reisu-l-ulemu su nedopustivi\"}]},{\"@type\":\"WebSite\",\"@id\":\"https:\/\/sandzakpress.net\/arhiva\/#website\",\"url\":\"https:\/\/sandzakpress.net\/arhiva\/\",\"name\":\"Sand\u017eak PRESS\",\"description\":\"Prve elektronske novine u Sand\u017eaku\",\"publisher\":{\"@id\":\"https:\/\/sandzakpress.net\/arhiva\/#\/schema\/person\/6e72b67d6e51910a1117b3b483ba20bd\"},\"potentialAction\":[{\"@type\":\"SearchAction\",\"target\":{\"@type\":\"EntryPoint\",\"urlTemplate\":\"https:\/\/sandzakpress.net\/arhiva\/?s={search_term_string}\"},\"query-input\":{\"@type\":\"PropertyValueSpecification\",\"valueRequired\":true,\"valueName\":\"search_term_string\"}}],\"inLanguage\":\"bs-BA\"},{\"@type\":[\"Person\",\"Organization\"],\"@id\":\"https:\/\/sandzakpress.net\/arhiva\/#\/schema\/person\/6e72b67d6e51910a1117b3b483ba20bd\",\"name\":\"Kul\",\"image\":{\"@type\":\"ImageObject\",\"inLanguage\":\"bs-BA\",\"@id\":\"https:\/\/sandzakpress.net\/arhiva\/#\/schema\/person\/image\/\",\"url\":\"https:\/\/secure.gravatar.com\/avatar\/42263f39aa27ac04c43cab85c280eb2e?s=96&d=mm&r=pg\",\"contentUrl\":\"https:\/\/secure.gravatar.com\/avatar\/42263f39aa27ac04c43cab85c280eb2e?s=96&d=mm&r=pg\",\"caption\":\"Kul\"},\"logo\":{\"@id\":\"https:\/\/sandzakpress.net\/arhiva\/#\/schema\/person\/image\/\"}},{\"@type\":\"Person\",\"@id\":\"https:\/\/sandzakpress.net\/arhiva\/#\/schema\/person\/c8baee722073534b583ea7bdb2e36c02\",\"name\":\"bosniak\",\"image\":{\"@type\":\"ImageObject\",\"inLanguage\":\"bs-BA\",\"@id\":\"https:\/\/sandzakpress.net\/arhiva\/#\/schema\/person\/image\/\",\"url\":\"https:\/\/secure.gravatar.com\/avatar\/a04fd330bfe3a36a72a0ad4a6d89fca7?s=96&d=mm&r=pg\",\"contentUrl\":\"https:\/\/secure.gravatar.com\/avatar\/a04fd330bfe3a36a72a0ad4a6d89fca7?s=96&d=mm&r=pg\",\"caption\":\"bosniak\"},\"url\":\"https:\/\/sandzakpress.net\/arhiva\/author\/bosniak\/\"}]}<\/script>\n<!-- \/ Yoast SEO Premium plugin. -->","yoast_head_json":{"title":"Napadi na reisu-l-ulemu su nedopustivi","robots":{"index":"index","follow":"follow","max-snippet":"max-snippet:-1","max-image-preview":"max-image-preview:large","max-video-preview":"max-video-preview:-1"},"canonical":"https:\/\/sandzakpress.net\/arhiva\/napadi-na-reisu-l-ulemu-su-nedopustivi-4\/","og_locale":"bs_BA","og_type":"article","og_title":"Napadi na reisu-l-ulemu su nedopustivi","og_description":"BiH \u2013 Povodom napada na \u00a0reisu-l-ulemu Islamske zajednice u Bosni i Hercegovini, a u vezi izdavanja fetve u znak saosje\u0107anja sa \u017ertvama teroristi\u010dkog napada u Parizu i uputstva da se pomjeri u\u010denje ezana za podne namaz (molitvu) za pet minuta, Koordinacija bo\u0161nja\u010dkih NVO izdaje saop\u0107enje za javnost. Kao \u010dlanovi Koordinacije bo\u0161nja\u010dkih NVO zate\u010deni smo i [&hellip;]","og_url":"https:\/\/sandzakpress.net\/arhiva\/napadi-na-reisu-l-ulemu-su-nedopustivi-4\/","og_site_name":"Sand\u017eak PRESS","article_published_time":"2015-11-18T16:38:12+00:00","og_image":[{"width":650,"height":365,"url":"https:\/\/sandzakpress.net\/arhiva\/wp-content\/uploads\/2015\/11\/reis-650x3657.jpg","type":"image\/jpeg"}],"author":"bosniak","twitter_card":"summary_large_image","twitter_misc":{"Written by":"bosniak","Est. reading time":"2 minute"},"schema":{"@context":"https:\/\/schema.org","@graph":[{"@type":"Article","@id":"https:\/\/sandzakpress.net\/arhiva\/napadi-na-reisu-l-ulemu-su-nedopustivi-4\/#article","isPartOf":{"@id":"https:\/\/sandzakpress.net\/arhiva\/napadi-na-reisu-l-ulemu-su-nedopustivi-4\/"},"author":{"name":"bosniak","@id":"https:\/\/sandzakpress.net\/arhiva\/#\/schema\/person\/c8baee722073534b583ea7bdb2e36c02"},"headline":"Napadi na reisu-l-ulemu su nedopustivi","datePublished":"2015-11-18T16:38:12+00:00","mainEntityOfPage":{"@id":"https:\/\/sandzakpress.net\/arhiva\/napadi-na-reisu-l-ulemu-su-nedopustivi-4\/"},"wordCount":432,"commentCount":1,"publisher":{"@id":"https:\/\/sandzakpress.net\/arhiva\/#\/schema\/person\/6e72b67d6e51910a1117b3b483ba20bd"},"image":{"@id":"https:\/\/sandzakpress.net\/arhiva\/napadi-na-reisu-l-ulemu-su-nedopustivi-4\/#primaryimage"},"thumbnailUrl":"https:\/\/sandzakpress.net\/arhiva\/wp-content\/uploads\/2015\/11\/reis-650x3657.jpg","keywords":["Bosna i Hercegovina"],"articleSection":["Bosna PRESS"],"inLanguage":"bs-BA","potentialAction":[{"@type":"CommentAction","name":"Comment","target":["https:\/\/sandzakpress.net\/arhiva\/napadi-na-reisu-l-ulemu-su-nedopustivi-4\/#respond"]}]},{"@type":"WebPage","@id":"https:\/\/sandzakpress.net\/arhiva\/napadi-na-reisu-l-ulemu-su-nedopustivi-4\/","url":"https:\/\/sandzakpress.net\/arhiva\/napadi-na-reisu-l-ulemu-su-nedopustivi-4\/","name":"Napadi na reisu-l-ulemu su nedopustivi","isPartOf":{"@id":"https:\/\/sandzakpress.net\/arhiva\/#website"},"primaryImageOfPage":{"@id":"https:\/\/sandzakpress.net\/arhiva\/napadi-na-reisu-l-ulemu-su-nedopustivi-4\/#primaryimage"},"image":{"@id":"https:\/\/sandzakpress.net\/arhiva\/napadi-na-reisu-l-ulemu-su-nedopustivi-4\/#primaryimage"},"thumbnailUrl":"https:\/\/sandzakpress.net\/arhiva\/wp-content\/uploads\/2015\/11\/reis-650x3657.jpg","datePublished":"2015-11-18T16:38:12+00:00","breadcrumb":{"@id":"https:\/\/sandzakpress.net\/arhiva\/napadi-na-reisu-l-ulemu-su-nedopustivi-4\/#breadcrumb"},"inLanguage":"bs-BA","potentialAction":[{"@type":"ReadAction","target":["https:\/\/sandzakpress.net\/arhiva\/napadi-na-reisu-l-ulemu-su-nedopustivi-4\/"]}]},{"@type":"ImageObject","inLanguage":"bs-BA","@id":"https:\/\/sandzakpress.net\/arhiva\/napadi-na-reisu-l-ulemu-su-nedopustivi-4\/#primaryimage","url":"https:\/\/sandzakpress.net\/arhiva\/wp-content\/uploads\/2015\/11\/reis-650x3657.jpg","contentUrl":"https:\/\/sandzakpress.net\/arhiva\/wp-content\/uploads\/2015\/11\/reis-650x3657.jpg","width":650,"height":365},{"@type":"BreadcrumbList","@id":"https:\/\/sandzakpress.net\/arhiva\/napadi-na-reisu-l-ulemu-su-nedopustivi-4\/#breadcrumb","itemListElement":[{"@type":"ListItem","position":1,"name":"Home","item":"https:\/\/sandzakpress.net\/arhiva\/"},{"@type":"ListItem","position":2,"name":"Napadi na reisu-l-ulemu su nedopustivi"}]},{"@type":"WebSite","@id":"https:\/\/sandzakpress.net\/arhiva\/#website","url":"https:\/\/sandzakpress.net\/arhiva\/","name":"Sand\u017eak PRESS","description":"Prve elektronske novine u Sand\u017eaku","publisher":{"@id":"https:\/\/sandzakpress.net\/arhiva\/#\/schema\/person\/6e72b67d6e51910a1117b3b483ba20bd"},"potentialAction":[{"@type":"SearchAction","target":{"@type":"EntryPoint","urlTemplate":"https:\/\/sandzakpress.net\/arhiva\/?s={search_term_string}"},"query-input":{"@type":"PropertyValueSpecification","valueRequired":true,"valueName":"search_term_string"}}],"inLanguage":"bs-BA"},{"@type":["Person","Organization"],"@id":"https:\/\/sandzakpress.net\/arhiva\/#\/schema\/person\/6e72b67d6e51910a1117b3b483ba20bd","name":"Kul","image":{"@type":"ImageObject","inLanguage":"bs-BA","@id":"https:\/\/sandzakpress.net\/arhiva\/#\/schema\/person\/image\/","url":"https:\/\/secure.gravatar.com\/avatar\/42263f39aa27ac04c43cab85c280eb2e?s=96&d=mm&r=pg","contentUrl":"https:\/\/secure.gravatar.com\/avatar\/42263f39aa27ac04c43cab85c280eb2e?s=96&d=mm&r=pg","caption":"Kul"},"logo":{"@id":"https:\/\/sandzakpress.net\/arhiva\/#\/schema\/person\/image\/"}},{"@type":"Person","@id":"https:\/\/sandzakpress.net\/arhiva\/#\/schema\/person\/c8baee722073534b583ea7bdb2e36c02","name":"bosniak","image":{"@type":"ImageObject","inLanguage":"bs-BA","@id":"https:\/\/sandzakpress.net\/arhiva\/#\/schema\/person\/image\/","url":"https:\/\/secure.gravatar.com\/avatar\/a04fd330bfe3a36a72a0ad4a6d89fca7?s=96&d=mm&r=pg","contentUrl":"https:\/\/secure.gravatar.com\/avatar\/a04fd330bfe3a36a72a0ad4a6d89fca7?s=96&d=mm&r=pg","caption":"bosniak"},"url":"https:\/\/sandzakpress.net\/arhiva\/author\/bosniak\/"}]}},"_links":{"self":[{"href":"https:\/\/sandzakpress.net\/arhiva\/wp-json\/wp\/v2\/posts\/146145"}],"collection":[{"href":"https:\/\/sandzakpress.net\/arhiva\/wp-json\/wp\/v2\/posts"}],"about":[{"href":"https:\/\/sandzakpress.net\/arhiva\/wp-json\/wp\/v2\/types\/post"}],"author":[{"embeddable":true,"href":"https:\/\/sandzakpress.net\/arhiva\/wp-json\/wp\/v2\/users\/83"}],"replies":[{"embeddable":true,"href":"https:\/\/sandzakpress.net\/arhiva\/wp-json\/wp\/v2\/comments?post=146145"}],"version-history":[{"count":0,"href":"https:\/\/sandzakpress.net\/arhiva\/wp-json\/wp\/v2\/posts\/146145\/revisions"}],"wp:featuredmedia":[{"embeddable":true,"href":"https:\/\/sandzakpress.net\/arhiva\/wp-json\/wp\/v2\/media\/146149"}],"wp:attachment":[{"href":"https:\/\/sandzakpress.net\/arhiva\/wp-json\/wp\/v2\/media?parent=146145"}],"wp:term":[{"taxonomy":"category","embeddable":true,"href":"https:\/\/sandzakpress.net\/arhiva\/wp-json\/wp\/v2\/categories?post=146145"},{"taxonomy":"post_tag","embeddable":true,"href":"https:\/\/sandzakpress.net\/arhiva\/wp-json\/wp\/v2\/tags?post=146145"}],"curies":[{"name":"wp","href":"https:\/\/api.w.org\/{rel}","templated":true}]}}