{"id":145846,"date":"2015-11-17T13:42:41","date_gmt":"2015-11-17T12:42:41","guid":{"rendered":"https:\/\/sandzakpress.net\/arhiva\/?p=145846"},"modified":"2015-11-17T13:42:41","modified_gmt":"2015-11-17T12:42:41","slug":"ko-je-vlasnik-evropskih-mass-medija","status":"publish","type":"post","link":"https:\/\/sandzakpress.net\/arhiva\/ko-je-vlasnik-evropskih-mass-medija\/","title":{"rendered":"Ko je vlasnik evropskih mass medija"},"content":{"rendered":"<p><img decoding=\"async\" src=\"http:\/\/www.sandzacke.rs\/wp-content\/uploads\/2015\/11\/evropski-mediji.jpg\" alt=\"evropski mediji\" \/><\/p>\n<p>Mediji su korijen mo\u0107i koji se ra\u010dva od jednog kraja svijeta do drugog. Od njih zavise cijene, jer kapitalizam se hrani reklamama, od njih zavisi politika, jer ko se vrti po novinama i emisijama taj i pobje\u0111uje. Sve \u0161to gleda\u0161, \u010dita\u0161, slu\u0161a\u0161, pripada malom broju ljudi koji ne pola\u017eu ra\u010dune nikom osim samom sebi. Sloboda medija je u ve\u0107ini slu\u010dajeva samo obi\u010dna gomila dvije rije\u010di. Zamislite, od koga zavisi proizvod jedne fabrike? Od \u0161efa i direktora. Da li obi\u010dan radnik ima uticaja na proizvod? Ne! Tako je i u novinama i televiziji, to \u0161to \u0107e\u0161 \u010ditat i gledat zavisi samo od onog koji posjeduje medije i direkrtora odnosno urednika. Voditelji i novinari su ve\u0107inom obi\u010dni radnici, bez stvarne mo\u0107i i uticaja. Iza evropskih medija se podmuklo kriju tri imena, to je popularna Bonier grupa u Stokholmu, Axel Springier izdava\u0161tvo, nekoliko porodica i milijarder Haim Saban. Svi oni posjeduju neprikosnovenu vlast u evropskim medijima. Mo\u017eete ih na\u0107i samo na vrhovima forbsovih lista po bogatstvu i mo\u0107i.<\/p>\n<p>Bonier grupa je porodi\u010dni medijsko preduze\u0107e sa sedi\u0161tem u Stokholmu. Osnovana jo\u0161 1837. Godine. Te\u017ei\u0161te ovog medijskog giganta su izdava\u0161tvo knjiga i \u010dasopisa. Osim toga posjeduju ve\u0107inske akcije mnogih televizijskih kanala kao tv4, Mtv media, i filmskih ku\u0107a kao \u0161to je Svensk Filmindustri. Posjeduju tako\u0111e 175 kompanija u 17 dr\u017eava. Bonier je najuticajnija medijska grupa u \u0160vedskoj i Finskoj. Njihove novine i \u010dasopisi su, Bold Printing Group, Expressen, Dagens Industri, Dagens Nyheter. U Nema\u010dkoj posjeduju izdava\u010dku ku\u0107u Carlsen, Piper i arsEdition, Berlin Verlag i mnoge druge. Cijela imperija pripada akcionarskom dru\u0161tvu \u010diji je predsjednik od januara Jonnas Bonnier. Porodica Bonier posjeduje gotovo sve skandinavske medije, i vi\u0161e od pola izdava\u010dkih ku\u0107a u Njema\u010dkoj. Bonier je jevrejska porodica iz Njema\u010dke, koja se prvobitno prezivala Hirschel. Prezime mijenjaju kada se sele u Kopenhagen 1802. Godine.<\/p>\n<p>U Njema\u010dkoj su svi mediji u posjedu svega tri porodice. Prva je porodica Springer, na \u010dijem \u010delu je \u017eena sa imenom Fride Springer. Njihovi su Bild, Bild am Sonntag, Bild der frau, Computer Bild, Welt, Welt am Sontag, akcije televizijskih programa, i n24 skoro cio kupljen. Kad smo ve\u0107 kod Springera naj\u010ditanija novina Srbije Blic pripada tako\u0111e ovoj porodici. Zanimljivo je i to da je direktor Axel Springer-ag Mathias Dopfner \u010dlan Ameri\u010dkog jevrejskog kongresa. Druga najmo\u0107nija je porodica Mohn, na \u010dijem \u010delu je tako\u0111e \u017eena Liz Mohn, njima pripada gigant Bertelsmann. Mnogi misle da je Angela Merkel najmo\u0107nija \u017eena Evrope, ali to nije istina, ovo su najmo\u0107nije \u017eene Evrope. Bertelsmann je Stern, Brigitte, veliki dio novine Spiegel, televizijski kanal rtl. I tre\u0107a porodica je Burda. Hubert Burda Media njima pripada Focus, Bunte, Ard Buffet, Amica, Playboy, Elle i mnogi, mnogi drugi. Ostale televizijske programe ve\u0107inom posjeduje izraelski milijarder Haim Saban. Haim Saban je interesantan, jer tragovi svih medija vode ve\u0107inom ka njemu. To je \u010dovjek koji je zajedno sa Rupertom Murdokom 2001 godine prodao Fox Family firmi Walt Disney za 5,3 milijardi dolara.<\/p>\n<p>Mediji srednje i isto\u010dne Evrope su ve\u0107inom u vlasni\u0161tvu Ronalda Laudera, tako\u0111e Jevreja. Central European Media Enterprises je vode\u0107a televizijska grupacija u isto\u010dnoj i srednjoj evropi. Ovom grupacijom vodi Ronald Lauder. U njoj spadaju svi poznatiji televizijsku programi Bugarske, Hrvatske, Rumunije, Slovenije, \u010ce\u0161ke i Slova\u010dke.<\/p>\n<p>Medijima vlada jevrejski lobi. Direktno ili indirektno. Napomenuo sam samo velike ribe, ima tu i mnogih sitnijih. Bavio sam se samo velikim imenima, jer ve\u0107ina ostalih su sestrinske firme. Uglavnom ovo su imena koja u bodljikavim \u017eicama porobljavaju mozgove miliona ljudi.<\/p>\n<p><strong>O autoru:<\/strong><\/p>\n<p>Haris Ibrahimovi\u0107, ro\u0111en 1989. godine u Novom Pazaru. Odrastao i osnovnu \u0161kolu zavr\u0161io u selu Lukare. Srednju medicinsku \u0161kolu, osnovne akademske i master studije, smjer srpski i bosanski jezik i knji\u017eevnost zavr\u0161io u Novom Pazaru. U\u017eiva u radu sa djecom, bavi se prevo\u0111enjem, informatikom i novinarstvom. Interesuje se za historiju i politiku. Veliki zaljubljenik u knji\u017eevnost, jo\u0161 kao student sa Mladim perimaorganizovao knji\u017eevne ve\u010deri i dru\u017eenja sa istaknutim ljudima iz bo\u0161nja\u010dke knji\u017eevnosti. Objavljivao u \u010dasopisima, i osvajao neka od prvih mjesta na knji\u017eevnim konkursima. Trenutno priprema zbirku pripovjedaka koju planira objaviti, ali samo ukoliko je budu vrjednovali ljudi iz svijeta knji\u017eevnosti koje cijeni. San mu je da objavi kvalitetnu knjigu koju \u0107e posvetiti porodici i prijateljima. Ima \u017eelju da organizuje ljude iz svoje generacije i izvadi ih iz stanja pasivnosti, kako bi sutra stvorili ne bolji svijet, nego bolje okru\u017eenje za svoju djecu.<\/p>\n<p>(bosnjaci.agency\/)<\/p>\n","protected":false},"excerpt":{"rendered":"<p> Haris Ibrahimovi\u0107<\/p>\n","protected":false},"author":83,"featured_media":145847,"comment_status":"open","ping_status":"open","sticky":false,"template":"","format":"standard","meta":{"footnotes":""},"categories":[10196],"tags":[],"class_list":{"0":"post-145846","1":"post","2":"type-post","3":"status-publish","4":"format-standard","5":"has-post-thumbnail","7":"category-iz-pera-nasih-autora"},"yoast_head":"<!-- This site is optimized with the Yoast SEO Premium plugin v23.1 (Yoast SEO v24.9) - https:\/\/yoast.com\/wordpress\/plugins\/seo\/ -->\n<title>Ko je vlasnik evropskih mass medija<\/title>\n<meta name=\"robots\" content=\"index, follow, max-snippet:-1, max-image-preview:large, max-video-preview:-1\" \/>\n<link rel=\"canonical\" href=\"https:\/\/sandzakpress.net\/arhiva\/ko-je-vlasnik-evropskih-mass-medija\/\" \/>\n<meta property=\"og:locale\" content=\"bs_BA\" \/>\n<meta property=\"og:type\" content=\"article\" \/>\n<meta property=\"og:title\" content=\"Ko je vlasnik evropskih mass medija\" \/>\n<meta property=\"og:description\" content=\"Haris Ibrahimovi\u0107\" \/>\n<meta property=\"og:url\" content=\"https:\/\/sandzakpress.net\/arhiva\/ko-je-vlasnik-evropskih-mass-medija\/\" \/>\n<meta property=\"og:site_name\" content=\"Sand\u017eak PRESS\" \/>\n<meta property=\"article:published_time\" content=\"2015-11-17T12:42:41+00:00\" \/>\n<meta property=\"og:image\" content=\"https:\/\/sandzakpress.net\/arhiva\/wp-content\/uploads\/2015\/11\/evropski-mediji.jpg\" \/>\n\t<meta property=\"og:image:width\" content=\"640\" \/>\n\t<meta property=\"og:image:height\" content=\"400\" \/>\n\t<meta property=\"og:image:type\" content=\"image\/jpeg\" \/>\n<meta name=\"author\" content=\"bosniak\" \/>\n<meta name=\"twitter:card\" content=\"summary_large_image\" \/>\n<meta name=\"twitter:label1\" content=\"Written by\" \/>\n\t<meta name=\"twitter:data1\" content=\"bosniak\" \/>\n\t<meta name=\"twitter:label2\" content=\"Est. reading time\" \/>\n\t<meta name=\"twitter:data2\" content=\"4 minute\" \/>\n<script type=\"application\/ld+json\" class=\"yoast-schema-graph\">{\"@context\":\"https:\/\/schema.org\",\"@graph\":[{\"@type\":\"Article\",\"@id\":\"https:\/\/sandzakpress.net\/arhiva\/ko-je-vlasnik-evropskih-mass-medija\/#article\",\"isPartOf\":{\"@id\":\"https:\/\/sandzakpress.net\/arhiva\/ko-je-vlasnik-evropskih-mass-medija\/\"},\"author\":{\"name\":\"bosniak\",\"@id\":\"https:\/\/sandzakpress.net\/arhiva\/#\/schema\/person\/c8baee722073534b583ea7bdb2e36c02\"},\"headline\":\"Ko je vlasnik evropskih mass medija\",\"datePublished\":\"2015-11-17T12:42:41+00:00\",\"mainEntityOfPage\":{\"@id\":\"https:\/\/sandzakpress.net\/arhiva\/ko-je-vlasnik-evropskih-mass-medija\/\"},\"wordCount\":786,\"commentCount\":6,\"publisher\":{\"@id\":\"https:\/\/sandzakpress.net\/arhiva\/#\/schema\/person\/6e72b67d6e51910a1117b3b483ba20bd\"},\"image\":{\"@id\":\"https:\/\/sandzakpress.net\/arhiva\/ko-je-vlasnik-evropskih-mass-medija\/#primaryimage\"},\"thumbnailUrl\":\"https:\/\/sandzakpress.net\/arhiva\/wp-content\/uploads\/2015\/11\/evropski-mediji.jpg\",\"articleSection\":[\"Iz pera na\u0161ih autora\"],\"inLanguage\":\"bs-BA\",\"potentialAction\":[{\"@type\":\"CommentAction\",\"name\":\"Comment\",\"target\":[\"https:\/\/sandzakpress.net\/arhiva\/ko-je-vlasnik-evropskih-mass-medija\/#respond\"]}]},{\"@type\":\"WebPage\",\"@id\":\"https:\/\/sandzakpress.net\/arhiva\/ko-je-vlasnik-evropskih-mass-medija\/\",\"url\":\"https:\/\/sandzakpress.net\/arhiva\/ko-je-vlasnik-evropskih-mass-medija\/\",\"name\":\"Ko je vlasnik evropskih mass medija\",\"isPartOf\":{\"@id\":\"https:\/\/sandzakpress.net\/arhiva\/#website\"},\"primaryImageOfPage\":{\"@id\":\"https:\/\/sandzakpress.net\/arhiva\/ko-je-vlasnik-evropskih-mass-medija\/#primaryimage\"},\"image\":{\"@id\":\"https:\/\/sandzakpress.net\/arhiva\/ko-je-vlasnik-evropskih-mass-medija\/#primaryimage\"},\"thumbnailUrl\":\"https:\/\/sandzakpress.net\/arhiva\/wp-content\/uploads\/2015\/11\/evropski-mediji.jpg\",\"datePublished\":\"2015-11-17T12:42:41+00:00\",\"breadcrumb\":{\"@id\":\"https:\/\/sandzakpress.net\/arhiva\/ko-je-vlasnik-evropskih-mass-medija\/#breadcrumb\"},\"inLanguage\":\"bs-BA\",\"potentialAction\":[{\"@type\":\"ReadAction\",\"target\":[\"https:\/\/sandzakpress.net\/arhiva\/ko-je-vlasnik-evropskih-mass-medija\/\"]}]},{\"@type\":\"ImageObject\",\"inLanguage\":\"bs-BA\",\"@id\":\"https:\/\/sandzakpress.net\/arhiva\/ko-je-vlasnik-evropskih-mass-medija\/#primaryimage\",\"url\":\"https:\/\/sandzakpress.net\/arhiva\/wp-content\/uploads\/2015\/11\/evropski-mediji.jpg\",\"contentUrl\":\"https:\/\/sandzakpress.net\/arhiva\/wp-content\/uploads\/2015\/11\/evropski-mediji.jpg\",\"width\":640,\"height\":400},{\"@type\":\"BreadcrumbList\",\"@id\":\"https:\/\/sandzakpress.net\/arhiva\/ko-je-vlasnik-evropskih-mass-medija\/#breadcrumb\",\"itemListElement\":[{\"@type\":\"ListItem\",\"position\":1,\"name\":\"Home\",\"item\":\"https:\/\/sandzakpress.net\/arhiva\/\"},{\"@type\":\"ListItem\",\"position\":2,\"name\":\"Ko je vlasnik evropskih mass medija\"}]},{\"@type\":\"WebSite\",\"@id\":\"https:\/\/sandzakpress.net\/arhiva\/#website\",\"url\":\"https:\/\/sandzakpress.net\/arhiva\/\",\"name\":\"Sand\u017eak PRESS\",\"description\":\"Prve elektronske novine u Sand\u017eaku\",\"publisher\":{\"@id\":\"https:\/\/sandzakpress.net\/arhiva\/#\/schema\/person\/6e72b67d6e51910a1117b3b483ba20bd\"},\"potentialAction\":[{\"@type\":\"SearchAction\",\"target\":{\"@type\":\"EntryPoint\",\"urlTemplate\":\"https:\/\/sandzakpress.net\/arhiva\/?s={search_term_string}\"},\"query-input\":{\"@type\":\"PropertyValueSpecification\",\"valueRequired\":true,\"valueName\":\"search_term_string\"}}],\"inLanguage\":\"bs-BA\"},{\"@type\":[\"Person\",\"Organization\"],\"@id\":\"https:\/\/sandzakpress.net\/arhiva\/#\/schema\/person\/6e72b67d6e51910a1117b3b483ba20bd\",\"name\":\"Kul\",\"image\":{\"@type\":\"ImageObject\",\"inLanguage\":\"bs-BA\",\"@id\":\"https:\/\/sandzakpress.net\/arhiva\/#\/schema\/person\/image\/\",\"url\":\"https:\/\/secure.gravatar.com\/avatar\/42263f39aa27ac04c43cab85c280eb2e?s=96&d=mm&r=pg\",\"contentUrl\":\"https:\/\/secure.gravatar.com\/avatar\/42263f39aa27ac04c43cab85c280eb2e?s=96&d=mm&r=pg\",\"caption\":\"Kul\"},\"logo\":{\"@id\":\"https:\/\/sandzakpress.net\/arhiva\/#\/schema\/person\/image\/\"}},{\"@type\":\"Person\",\"@id\":\"https:\/\/sandzakpress.net\/arhiva\/#\/schema\/person\/c8baee722073534b583ea7bdb2e36c02\",\"name\":\"bosniak\",\"image\":{\"@type\":\"ImageObject\",\"inLanguage\":\"bs-BA\",\"@id\":\"https:\/\/sandzakpress.net\/arhiva\/#\/schema\/person\/image\/\",\"url\":\"https:\/\/secure.gravatar.com\/avatar\/a04fd330bfe3a36a72a0ad4a6d89fca7?s=96&d=mm&r=pg\",\"contentUrl\":\"https:\/\/secure.gravatar.com\/avatar\/a04fd330bfe3a36a72a0ad4a6d89fca7?s=96&d=mm&r=pg\",\"caption\":\"bosniak\"},\"url\":\"https:\/\/sandzakpress.net\/arhiva\/author\/bosniak\/\"}]}<\/script>\n<!-- \/ Yoast SEO Premium plugin. -->","yoast_head_json":{"title":"Ko je vlasnik evropskih mass medija","robots":{"index":"index","follow":"follow","max-snippet":"max-snippet:-1","max-image-preview":"max-image-preview:large","max-video-preview":"max-video-preview:-1"},"canonical":"https:\/\/sandzakpress.net\/arhiva\/ko-je-vlasnik-evropskih-mass-medija\/","og_locale":"bs_BA","og_type":"article","og_title":"Ko je vlasnik evropskih mass medija","og_description":"Haris Ibrahimovi\u0107","og_url":"https:\/\/sandzakpress.net\/arhiva\/ko-je-vlasnik-evropskih-mass-medija\/","og_site_name":"Sand\u017eak PRESS","article_published_time":"2015-11-17T12:42:41+00:00","og_image":[{"width":640,"height":400,"url":"https:\/\/sandzakpress.net\/arhiva\/wp-content\/uploads\/2015\/11\/evropski-mediji.jpg","type":"image\/jpeg"}],"author":"bosniak","twitter_card":"summary_large_image","twitter_misc":{"Written by":"bosniak","Est. reading time":"4 minute"},"schema":{"@context":"https:\/\/schema.org","@graph":[{"@type":"Article","@id":"https:\/\/sandzakpress.net\/arhiva\/ko-je-vlasnik-evropskih-mass-medija\/#article","isPartOf":{"@id":"https:\/\/sandzakpress.net\/arhiva\/ko-je-vlasnik-evropskih-mass-medija\/"},"author":{"name":"bosniak","@id":"https:\/\/sandzakpress.net\/arhiva\/#\/schema\/person\/c8baee722073534b583ea7bdb2e36c02"},"headline":"Ko je vlasnik evropskih mass medija","datePublished":"2015-11-17T12:42:41+00:00","mainEntityOfPage":{"@id":"https:\/\/sandzakpress.net\/arhiva\/ko-je-vlasnik-evropskih-mass-medija\/"},"wordCount":786,"commentCount":6,"publisher":{"@id":"https:\/\/sandzakpress.net\/arhiva\/#\/schema\/person\/6e72b67d6e51910a1117b3b483ba20bd"},"image":{"@id":"https:\/\/sandzakpress.net\/arhiva\/ko-je-vlasnik-evropskih-mass-medija\/#primaryimage"},"thumbnailUrl":"https:\/\/sandzakpress.net\/arhiva\/wp-content\/uploads\/2015\/11\/evropski-mediji.jpg","articleSection":["Iz pera na\u0161ih autora"],"inLanguage":"bs-BA","potentialAction":[{"@type":"CommentAction","name":"Comment","target":["https:\/\/sandzakpress.net\/arhiva\/ko-je-vlasnik-evropskih-mass-medija\/#respond"]}]},{"@type":"WebPage","@id":"https:\/\/sandzakpress.net\/arhiva\/ko-je-vlasnik-evropskih-mass-medija\/","url":"https:\/\/sandzakpress.net\/arhiva\/ko-je-vlasnik-evropskih-mass-medija\/","name":"Ko je vlasnik evropskih mass medija","isPartOf":{"@id":"https:\/\/sandzakpress.net\/arhiva\/#website"},"primaryImageOfPage":{"@id":"https:\/\/sandzakpress.net\/arhiva\/ko-je-vlasnik-evropskih-mass-medija\/#primaryimage"},"image":{"@id":"https:\/\/sandzakpress.net\/arhiva\/ko-je-vlasnik-evropskih-mass-medija\/#primaryimage"},"thumbnailUrl":"https:\/\/sandzakpress.net\/arhiva\/wp-content\/uploads\/2015\/11\/evropski-mediji.jpg","datePublished":"2015-11-17T12:42:41+00:00","breadcrumb":{"@id":"https:\/\/sandzakpress.net\/arhiva\/ko-je-vlasnik-evropskih-mass-medija\/#breadcrumb"},"inLanguage":"bs-BA","potentialAction":[{"@type":"ReadAction","target":["https:\/\/sandzakpress.net\/arhiva\/ko-je-vlasnik-evropskih-mass-medija\/"]}]},{"@type":"ImageObject","inLanguage":"bs-BA","@id":"https:\/\/sandzakpress.net\/arhiva\/ko-je-vlasnik-evropskih-mass-medija\/#primaryimage","url":"https:\/\/sandzakpress.net\/arhiva\/wp-content\/uploads\/2015\/11\/evropski-mediji.jpg","contentUrl":"https:\/\/sandzakpress.net\/arhiva\/wp-content\/uploads\/2015\/11\/evropski-mediji.jpg","width":640,"height":400},{"@type":"BreadcrumbList","@id":"https:\/\/sandzakpress.net\/arhiva\/ko-je-vlasnik-evropskih-mass-medija\/#breadcrumb","itemListElement":[{"@type":"ListItem","position":1,"name":"Home","item":"https:\/\/sandzakpress.net\/arhiva\/"},{"@type":"ListItem","position":2,"name":"Ko je vlasnik evropskih mass medija"}]},{"@type":"WebSite","@id":"https:\/\/sandzakpress.net\/arhiva\/#website","url":"https:\/\/sandzakpress.net\/arhiva\/","name":"Sand\u017eak PRESS","description":"Prve elektronske novine u Sand\u017eaku","publisher":{"@id":"https:\/\/sandzakpress.net\/arhiva\/#\/schema\/person\/6e72b67d6e51910a1117b3b483ba20bd"},"potentialAction":[{"@type":"SearchAction","target":{"@type":"EntryPoint","urlTemplate":"https:\/\/sandzakpress.net\/arhiva\/?s={search_term_string}"},"query-input":{"@type":"PropertyValueSpecification","valueRequired":true,"valueName":"search_term_string"}}],"inLanguage":"bs-BA"},{"@type":["Person","Organization"],"@id":"https:\/\/sandzakpress.net\/arhiva\/#\/schema\/person\/6e72b67d6e51910a1117b3b483ba20bd","name":"Kul","image":{"@type":"ImageObject","inLanguage":"bs-BA","@id":"https:\/\/sandzakpress.net\/arhiva\/#\/schema\/person\/image\/","url":"https:\/\/secure.gravatar.com\/avatar\/42263f39aa27ac04c43cab85c280eb2e?s=96&d=mm&r=pg","contentUrl":"https:\/\/secure.gravatar.com\/avatar\/42263f39aa27ac04c43cab85c280eb2e?s=96&d=mm&r=pg","caption":"Kul"},"logo":{"@id":"https:\/\/sandzakpress.net\/arhiva\/#\/schema\/person\/image\/"}},{"@type":"Person","@id":"https:\/\/sandzakpress.net\/arhiva\/#\/schema\/person\/c8baee722073534b583ea7bdb2e36c02","name":"bosniak","image":{"@type":"ImageObject","inLanguage":"bs-BA","@id":"https:\/\/sandzakpress.net\/arhiva\/#\/schema\/person\/image\/","url":"https:\/\/secure.gravatar.com\/avatar\/a04fd330bfe3a36a72a0ad4a6d89fca7?s=96&d=mm&r=pg","contentUrl":"https:\/\/secure.gravatar.com\/avatar\/a04fd330bfe3a36a72a0ad4a6d89fca7?s=96&d=mm&r=pg","caption":"bosniak"},"url":"https:\/\/sandzakpress.net\/arhiva\/author\/bosniak\/"}]}},"_links":{"self":[{"href":"https:\/\/sandzakpress.net\/arhiva\/wp-json\/wp\/v2\/posts\/145846"}],"collection":[{"href":"https:\/\/sandzakpress.net\/arhiva\/wp-json\/wp\/v2\/posts"}],"about":[{"href":"https:\/\/sandzakpress.net\/arhiva\/wp-json\/wp\/v2\/types\/post"}],"author":[{"embeddable":true,"href":"https:\/\/sandzakpress.net\/arhiva\/wp-json\/wp\/v2\/users\/83"}],"replies":[{"embeddable":true,"href":"https:\/\/sandzakpress.net\/arhiva\/wp-json\/wp\/v2\/comments?post=145846"}],"version-history":[{"count":0,"href":"https:\/\/sandzakpress.net\/arhiva\/wp-json\/wp\/v2\/posts\/145846\/revisions"}],"wp:featuredmedia":[{"embeddable":true,"href":"https:\/\/sandzakpress.net\/arhiva\/wp-json\/wp\/v2\/media\/145847"}],"wp:attachment":[{"href":"https:\/\/sandzakpress.net\/arhiva\/wp-json\/wp\/v2\/media?parent=145846"}],"wp:term":[{"taxonomy":"category","embeddable":true,"href":"https:\/\/sandzakpress.net\/arhiva\/wp-json\/wp\/v2\/categories?post=145846"},{"taxonomy":"post_tag","embeddable":true,"href":"https:\/\/sandzakpress.net\/arhiva\/wp-json\/wp\/v2\/tags?post=145846"}],"curies":[{"name":"wp","href":"https:\/\/api.w.org\/{rel}","templated":true}]}}