{"id":145830,"date":"2015-11-17T13:34:45","date_gmt":"2015-11-17T12:34:45","guid":{"rendered":"https:\/\/sandzakpress.net\/arhiva\/?p=145830"},"modified":"2015-11-17T13:34:45","modified_gmt":"2015-11-17T12:34:45","slug":"ako-imate-pitanja-za-nadlezne-u-beranskoj-opstini","status":"publish","type":"post","link":"https:\/\/sandzakpress.net\/arhiva\/ako-imate-pitanja-za-nadlezne-u-beranskoj-opstini\/","title":{"rendered":"Ako imate pitanja za nadle\u017ene u beranskoj op\u0161tini&#8230;"},"content":{"rendered":"<p><img decoding=\"async\" src=\"http:\/\/www.vijesti.me\/media\/cache\/ae\/0c\/ae0c186e0b70af33876adbfbd6bbb852.jpg\" alt=\"Ako imate pitanja za nadle\u017ene u beranskoj op\u0161tini...\" \/><\/p>\n<p><strong>Berane &#8211; Darko Stojanovi\u0107, menad\u017eer Op\u0161tine Berane, bi\u0107e gost Boja jutra na TV Vijesti u petak, 20. novembra u okviru rubrike &#8220;Moj grad&#8221;.<\/strong><\/p>\n<p>\u0160ta lokalna uprava tog grada konkretno radi, \u0161ta planiraju,sazna\u0107ete ukoliko budete uz kanal televizije Vijesti.<\/p>\n<p>Ukoliko imate pitanja za nadle\u017ene u beranskoj op\u0161tini \u00a0mo\u017eete ih poslati na e-mail adresu boje.jutra@gmail.com ili na <em><strong><a href=\"https:\/\/www.facebook.com\/boje.jutra\/?fref=ts\" target=\"_blank\">Facebook nalog emisije &#8220;Boje jutra&#8221;<\/a><\/strong><\/em>.\u00a0<\/p>\n<p>&#8220;Moj grad&#8221; je rubrika u okviru jutarnjeg programa TV Vijesti koja je posve\u0107ena rje\u0161avanju komunalnih, ekolo\u0161kih i sli\u010dnih problema gra\u0111ana i lokalne zajednice. Tokom ove rubrike, stanovnike svih crnogorskih gradova reporteri Boja jutra poveziva\u0107e sa predstavnicima lokalnih uprava. Svakog petka u okviru rubrike &#8220;Moj grad&#8221; gostuju menad\u017eeri razli\u010ditih crnogorskih op\u0161tina koji \u0107e obavje\u0161tavati javnost \u0161ta konkretno op\u0161tinari rade u gradu, \u0161ta planiraju i odgovara\u0107e na sva pitanja zainteresovanih gra\u0111ana.\u00a0<\/p>\n<p>(Vijesti)<\/p>\n","protected":false},"excerpt":{"rendered":"<p>Berane &#8211; Darko Stojanovi\u0107, menad\u017eer Op\u0161tine Berane, bi\u0107e gost Boja jutra na TV Vijesti u petak, 20. novembra u okviru rubrike &#8220;Moj grad&#8221;. \u0160ta lokalna uprava tog grada konkretno radi, \u0161ta planiraju,sazna\u0107ete ukoliko budete uz kanal televizije Vijesti. Ukoliko imate pitanja za nadle\u017ene u beranskoj op\u0161tini \u00a0mo\u017eete ih poslati na e-mail adresu boje.jutra@gmail.com ili na [&hellip;]<\/p>\n","protected":false},"author":83,"featured_media":145838,"comment_status":"open","ping_status":"open","sticky":false,"template":"","format":"standard","meta":{"footnotes":""},"categories":[1,397],"tags":[],"class_list":{"0":"post-145830","1":"post","2":"type-post","3":"status-publish","4":"format-standard","5":"has-post-thumbnail","7":"category-politika","8":"category-berane"},"yoast_head":"<!-- This site is optimized with the Yoast SEO Premium plugin v23.1 (Yoast SEO v24.9) - https:\/\/yoast.com\/wordpress\/plugins\/seo\/ -->\n<title>Ako imate pitanja za nadle\u017ene u beranskoj op\u0161tini...<\/title>\n<meta name=\"robots\" content=\"index, follow, max-snippet:-1, max-image-preview:large, max-video-preview:-1\" \/>\n<link rel=\"canonical\" href=\"https:\/\/sandzakpress.net\/arhiva\/ako-imate-pitanja-za-nadlezne-u-beranskoj-opstini\/\" \/>\n<meta property=\"og:locale\" content=\"bs_BA\" \/>\n<meta property=\"og:type\" content=\"article\" \/>\n<meta property=\"og:title\" content=\"Ako imate pitanja za nadle\u017ene u beranskoj op\u0161tini...\" \/>\n<meta property=\"og:description\" content=\"Berane &#8211; Darko Stojanovi\u0107, menad\u017eer Op\u0161tine Berane, bi\u0107e gost Boja jutra na TV Vijesti u petak, 20. novembra u okviru rubrike &#8220;Moj grad&#8221;. \u0160ta lokalna uprava tog grada konkretno radi, \u0161ta planiraju,sazna\u0107ete ukoliko budete uz kanal televizije Vijesti. Ukoliko imate pitanja za nadle\u017ene u beranskoj op\u0161tini \u00a0mo\u017eete ih poslati na e-mail adresu boje.jutra@gmail.com ili na [&hellip;]\" \/>\n<meta property=\"og:url\" content=\"https:\/\/sandzakpress.net\/arhiva\/ako-imate-pitanja-za-nadlezne-u-beranskoj-opstini\/\" \/>\n<meta property=\"og:site_name\" content=\"Sand\u017eak PRESS\" \/>\n<meta property=\"article:published_time\" content=\"2015-11-17T12:34:45+00:00\" \/>\n<meta property=\"og:image\" content=\"https:\/\/sandzakpress.net\/arhiva\/wp-content\/uploads\/2015\/11\/ae0c186e0b70af33876adbfbd6bbb852.jpg\" \/>\n\t<meta property=\"og:image:width\" content=\"560\" \/>\n\t<meta property=\"og:image:height\" content=\"352\" \/>\n\t<meta property=\"og:image:type\" content=\"image\/jpeg\" \/>\n<meta name=\"author\" content=\"bosniak\" \/>\n<meta name=\"twitter:card\" content=\"summary_large_image\" \/>\n<meta name=\"twitter:label1\" content=\"Written by\" \/>\n\t<meta name=\"twitter:data1\" content=\"bosniak\" \/>\n\t<meta name=\"twitter:label2\" content=\"Est. reading time\" \/>\n\t<meta name=\"twitter:data2\" content=\"1 minuta\" \/>\n<script type=\"application\/ld+json\" class=\"yoast-schema-graph\">{\"@context\":\"https:\/\/schema.org\",\"@graph\":[{\"@type\":\"Article\",\"@id\":\"https:\/\/sandzakpress.net\/arhiva\/ako-imate-pitanja-za-nadlezne-u-beranskoj-opstini\/#article\",\"isPartOf\":{\"@id\":\"https:\/\/sandzakpress.net\/arhiva\/ako-imate-pitanja-za-nadlezne-u-beranskoj-opstini\/\"},\"author\":{\"name\":\"bosniak\",\"@id\":\"https:\/\/sandzakpress.net\/arhiva\/#\/schema\/person\/c8baee722073534b583ea7bdb2e36c02\"},\"headline\":\"Ako imate pitanja za nadle\u017ene u beranskoj op\u0161tini&#8230;\",\"datePublished\":\"2015-11-17T12:34:45+00:00\",\"mainEntityOfPage\":{\"@id\":\"https:\/\/sandzakpress.net\/arhiva\/ako-imate-pitanja-za-nadlezne-u-beranskoj-opstini\/\"},\"wordCount\":163,\"commentCount\":0,\"publisher\":{\"@id\":\"https:\/\/sandzakpress.net\/arhiva\/#\/schema\/person\/6e72b67d6e51910a1117b3b483ba20bd\"},\"image\":{\"@id\":\"https:\/\/sandzakpress.net\/arhiva\/ako-imate-pitanja-za-nadlezne-u-beranskoj-opstini\/#primaryimage\"},\"thumbnailUrl\":\"https:\/\/sandzakpress.net\/arhiva\/wp-content\/uploads\/2015\/11\/ae0c186e0b70af33876adbfbd6bbb852.jpg\",\"articleSection\":[\"Politika\",\"Berane\"],\"inLanguage\":\"bs-BA\",\"potentialAction\":[{\"@type\":\"CommentAction\",\"name\":\"Comment\",\"target\":[\"https:\/\/sandzakpress.net\/arhiva\/ako-imate-pitanja-za-nadlezne-u-beranskoj-opstini\/#respond\"]}]},{\"@type\":\"WebPage\",\"@id\":\"https:\/\/sandzakpress.net\/arhiva\/ako-imate-pitanja-za-nadlezne-u-beranskoj-opstini\/\",\"url\":\"https:\/\/sandzakpress.net\/arhiva\/ako-imate-pitanja-za-nadlezne-u-beranskoj-opstini\/\",\"name\":\"Ako imate pitanja za nadle\u017ene u beranskoj op\u0161tini...\",\"isPartOf\":{\"@id\":\"https:\/\/sandzakpress.net\/arhiva\/#website\"},\"primaryImageOfPage\":{\"@id\":\"https:\/\/sandzakpress.net\/arhiva\/ako-imate-pitanja-za-nadlezne-u-beranskoj-opstini\/#primaryimage\"},\"image\":{\"@id\":\"https:\/\/sandzakpress.net\/arhiva\/ako-imate-pitanja-za-nadlezne-u-beranskoj-opstini\/#primaryimage\"},\"thumbnailUrl\":\"https:\/\/sandzakpress.net\/arhiva\/wp-content\/uploads\/2015\/11\/ae0c186e0b70af33876adbfbd6bbb852.jpg\",\"datePublished\":\"2015-11-17T12:34:45+00:00\",\"breadcrumb\":{\"@id\":\"https:\/\/sandzakpress.net\/arhiva\/ako-imate-pitanja-za-nadlezne-u-beranskoj-opstini\/#breadcrumb\"},\"inLanguage\":\"bs-BA\",\"potentialAction\":[{\"@type\":\"ReadAction\",\"target\":[\"https:\/\/sandzakpress.net\/arhiva\/ako-imate-pitanja-za-nadlezne-u-beranskoj-opstini\/\"]}]},{\"@type\":\"ImageObject\",\"inLanguage\":\"bs-BA\",\"@id\":\"https:\/\/sandzakpress.net\/arhiva\/ako-imate-pitanja-za-nadlezne-u-beranskoj-opstini\/#primaryimage\",\"url\":\"https:\/\/sandzakpress.net\/arhiva\/wp-content\/uploads\/2015\/11\/ae0c186e0b70af33876adbfbd6bbb852.jpg\",\"contentUrl\":\"https:\/\/sandzakpress.net\/arhiva\/wp-content\/uploads\/2015\/11\/ae0c186e0b70af33876adbfbd6bbb852.jpg\",\"width\":560,\"height\":352},{\"@type\":\"BreadcrumbList\",\"@id\":\"https:\/\/sandzakpress.net\/arhiva\/ako-imate-pitanja-za-nadlezne-u-beranskoj-opstini\/#breadcrumb\",\"itemListElement\":[{\"@type\":\"ListItem\",\"position\":1,\"name\":\"Home\",\"item\":\"https:\/\/sandzakpress.net\/arhiva\/\"},{\"@type\":\"ListItem\",\"position\":2,\"name\":\"Ako imate pitanja za nadle\u017ene u beranskoj op\u0161tini&#8230;\"}]},{\"@type\":\"WebSite\",\"@id\":\"https:\/\/sandzakpress.net\/arhiva\/#website\",\"url\":\"https:\/\/sandzakpress.net\/arhiva\/\",\"name\":\"Sand\u017eak PRESS\",\"description\":\"Prve elektronske novine u Sand\u017eaku\",\"publisher\":{\"@id\":\"https:\/\/sandzakpress.net\/arhiva\/#\/schema\/person\/6e72b67d6e51910a1117b3b483ba20bd\"},\"potentialAction\":[{\"@type\":\"SearchAction\",\"target\":{\"@type\":\"EntryPoint\",\"urlTemplate\":\"https:\/\/sandzakpress.net\/arhiva\/?s={search_term_string}\"},\"query-input\":{\"@type\":\"PropertyValueSpecification\",\"valueRequired\":true,\"valueName\":\"search_term_string\"}}],\"inLanguage\":\"bs-BA\"},{\"@type\":[\"Person\",\"Organization\"],\"@id\":\"https:\/\/sandzakpress.net\/arhiva\/#\/schema\/person\/6e72b67d6e51910a1117b3b483ba20bd\",\"name\":\"Kul\",\"image\":{\"@type\":\"ImageObject\",\"inLanguage\":\"bs-BA\",\"@id\":\"https:\/\/sandzakpress.net\/arhiva\/#\/schema\/person\/image\/\",\"url\":\"https:\/\/secure.gravatar.com\/avatar\/42263f39aa27ac04c43cab85c280eb2e?s=96&d=mm&r=pg\",\"contentUrl\":\"https:\/\/secure.gravatar.com\/avatar\/42263f39aa27ac04c43cab85c280eb2e?s=96&d=mm&r=pg\",\"caption\":\"Kul\"},\"logo\":{\"@id\":\"https:\/\/sandzakpress.net\/arhiva\/#\/schema\/person\/image\/\"}},{\"@type\":\"Person\",\"@id\":\"https:\/\/sandzakpress.net\/arhiva\/#\/schema\/person\/c8baee722073534b583ea7bdb2e36c02\",\"name\":\"bosniak\",\"image\":{\"@type\":\"ImageObject\",\"inLanguage\":\"bs-BA\",\"@id\":\"https:\/\/sandzakpress.net\/arhiva\/#\/schema\/person\/image\/\",\"url\":\"https:\/\/secure.gravatar.com\/avatar\/a04fd330bfe3a36a72a0ad4a6d89fca7?s=96&d=mm&r=pg\",\"contentUrl\":\"https:\/\/secure.gravatar.com\/avatar\/a04fd330bfe3a36a72a0ad4a6d89fca7?s=96&d=mm&r=pg\",\"caption\":\"bosniak\"},\"url\":\"https:\/\/sandzakpress.net\/arhiva\/author\/bosniak\/\"}]}<\/script>\n<!-- \/ Yoast SEO Premium plugin. -->","yoast_head_json":{"title":"Ako imate pitanja za nadle\u017ene u beranskoj op\u0161tini...","robots":{"index":"index","follow":"follow","max-snippet":"max-snippet:-1","max-image-preview":"max-image-preview:large","max-video-preview":"max-video-preview:-1"},"canonical":"https:\/\/sandzakpress.net\/arhiva\/ako-imate-pitanja-za-nadlezne-u-beranskoj-opstini\/","og_locale":"bs_BA","og_type":"article","og_title":"Ako imate pitanja za nadle\u017ene u beranskoj op\u0161tini...","og_description":"Berane &#8211; Darko Stojanovi\u0107, menad\u017eer Op\u0161tine Berane, bi\u0107e gost Boja jutra na TV Vijesti u petak, 20. novembra u okviru rubrike &#8220;Moj grad&#8221;. \u0160ta lokalna uprava tog grada konkretno radi, \u0161ta planiraju,sazna\u0107ete ukoliko budete uz kanal televizije Vijesti. Ukoliko imate pitanja za nadle\u017ene u beranskoj op\u0161tini \u00a0mo\u017eete ih poslati na e-mail adresu boje.jutra@gmail.com ili na [&hellip;]","og_url":"https:\/\/sandzakpress.net\/arhiva\/ako-imate-pitanja-za-nadlezne-u-beranskoj-opstini\/","og_site_name":"Sand\u017eak PRESS","article_published_time":"2015-11-17T12:34:45+00:00","og_image":[{"width":560,"height":352,"url":"https:\/\/sandzakpress.net\/arhiva\/wp-content\/uploads\/2015\/11\/ae0c186e0b70af33876adbfbd6bbb852.jpg","type":"image\/jpeg"}],"author":"bosniak","twitter_card":"summary_large_image","twitter_misc":{"Written by":"bosniak","Est. reading time":"1 minuta"},"schema":{"@context":"https:\/\/schema.org","@graph":[{"@type":"Article","@id":"https:\/\/sandzakpress.net\/arhiva\/ako-imate-pitanja-za-nadlezne-u-beranskoj-opstini\/#article","isPartOf":{"@id":"https:\/\/sandzakpress.net\/arhiva\/ako-imate-pitanja-za-nadlezne-u-beranskoj-opstini\/"},"author":{"name":"bosniak","@id":"https:\/\/sandzakpress.net\/arhiva\/#\/schema\/person\/c8baee722073534b583ea7bdb2e36c02"},"headline":"Ako imate pitanja za nadle\u017ene u beranskoj op\u0161tini&#8230;","datePublished":"2015-11-17T12:34:45+00:00","mainEntityOfPage":{"@id":"https:\/\/sandzakpress.net\/arhiva\/ako-imate-pitanja-za-nadlezne-u-beranskoj-opstini\/"},"wordCount":163,"commentCount":0,"publisher":{"@id":"https:\/\/sandzakpress.net\/arhiva\/#\/schema\/person\/6e72b67d6e51910a1117b3b483ba20bd"},"image":{"@id":"https:\/\/sandzakpress.net\/arhiva\/ako-imate-pitanja-za-nadlezne-u-beranskoj-opstini\/#primaryimage"},"thumbnailUrl":"https:\/\/sandzakpress.net\/arhiva\/wp-content\/uploads\/2015\/11\/ae0c186e0b70af33876adbfbd6bbb852.jpg","articleSection":["Politika","Berane"],"inLanguage":"bs-BA","potentialAction":[{"@type":"CommentAction","name":"Comment","target":["https:\/\/sandzakpress.net\/arhiva\/ako-imate-pitanja-za-nadlezne-u-beranskoj-opstini\/#respond"]}]},{"@type":"WebPage","@id":"https:\/\/sandzakpress.net\/arhiva\/ako-imate-pitanja-za-nadlezne-u-beranskoj-opstini\/","url":"https:\/\/sandzakpress.net\/arhiva\/ako-imate-pitanja-za-nadlezne-u-beranskoj-opstini\/","name":"Ako imate pitanja za nadle\u017ene u beranskoj op\u0161tini...","isPartOf":{"@id":"https:\/\/sandzakpress.net\/arhiva\/#website"},"primaryImageOfPage":{"@id":"https:\/\/sandzakpress.net\/arhiva\/ako-imate-pitanja-za-nadlezne-u-beranskoj-opstini\/#primaryimage"},"image":{"@id":"https:\/\/sandzakpress.net\/arhiva\/ako-imate-pitanja-za-nadlezne-u-beranskoj-opstini\/#primaryimage"},"thumbnailUrl":"https:\/\/sandzakpress.net\/arhiva\/wp-content\/uploads\/2015\/11\/ae0c186e0b70af33876adbfbd6bbb852.jpg","datePublished":"2015-11-17T12:34:45+00:00","breadcrumb":{"@id":"https:\/\/sandzakpress.net\/arhiva\/ako-imate-pitanja-za-nadlezne-u-beranskoj-opstini\/#breadcrumb"},"inLanguage":"bs-BA","potentialAction":[{"@type":"ReadAction","target":["https:\/\/sandzakpress.net\/arhiva\/ako-imate-pitanja-za-nadlezne-u-beranskoj-opstini\/"]}]},{"@type":"ImageObject","inLanguage":"bs-BA","@id":"https:\/\/sandzakpress.net\/arhiva\/ako-imate-pitanja-za-nadlezne-u-beranskoj-opstini\/#primaryimage","url":"https:\/\/sandzakpress.net\/arhiva\/wp-content\/uploads\/2015\/11\/ae0c186e0b70af33876adbfbd6bbb852.jpg","contentUrl":"https:\/\/sandzakpress.net\/arhiva\/wp-content\/uploads\/2015\/11\/ae0c186e0b70af33876adbfbd6bbb852.jpg","width":560,"height":352},{"@type":"BreadcrumbList","@id":"https:\/\/sandzakpress.net\/arhiva\/ako-imate-pitanja-za-nadlezne-u-beranskoj-opstini\/#breadcrumb","itemListElement":[{"@type":"ListItem","position":1,"name":"Home","item":"https:\/\/sandzakpress.net\/arhiva\/"},{"@type":"ListItem","position":2,"name":"Ako imate pitanja za nadle\u017ene u beranskoj op\u0161tini&#8230;"}]},{"@type":"WebSite","@id":"https:\/\/sandzakpress.net\/arhiva\/#website","url":"https:\/\/sandzakpress.net\/arhiva\/","name":"Sand\u017eak PRESS","description":"Prve elektronske novine u Sand\u017eaku","publisher":{"@id":"https:\/\/sandzakpress.net\/arhiva\/#\/schema\/person\/6e72b67d6e51910a1117b3b483ba20bd"},"potentialAction":[{"@type":"SearchAction","target":{"@type":"EntryPoint","urlTemplate":"https:\/\/sandzakpress.net\/arhiva\/?s={search_term_string}"},"query-input":{"@type":"PropertyValueSpecification","valueRequired":true,"valueName":"search_term_string"}}],"inLanguage":"bs-BA"},{"@type":["Person","Organization"],"@id":"https:\/\/sandzakpress.net\/arhiva\/#\/schema\/person\/6e72b67d6e51910a1117b3b483ba20bd","name":"Kul","image":{"@type":"ImageObject","inLanguage":"bs-BA","@id":"https:\/\/sandzakpress.net\/arhiva\/#\/schema\/person\/image\/","url":"https:\/\/secure.gravatar.com\/avatar\/42263f39aa27ac04c43cab85c280eb2e?s=96&d=mm&r=pg","contentUrl":"https:\/\/secure.gravatar.com\/avatar\/42263f39aa27ac04c43cab85c280eb2e?s=96&d=mm&r=pg","caption":"Kul"},"logo":{"@id":"https:\/\/sandzakpress.net\/arhiva\/#\/schema\/person\/image\/"}},{"@type":"Person","@id":"https:\/\/sandzakpress.net\/arhiva\/#\/schema\/person\/c8baee722073534b583ea7bdb2e36c02","name":"bosniak","image":{"@type":"ImageObject","inLanguage":"bs-BA","@id":"https:\/\/sandzakpress.net\/arhiva\/#\/schema\/person\/image\/","url":"https:\/\/secure.gravatar.com\/avatar\/a04fd330bfe3a36a72a0ad4a6d89fca7?s=96&d=mm&r=pg","contentUrl":"https:\/\/secure.gravatar.com\/avatar\/a04fd330bfe3a36a72a0ad4a6d89fca7?s=96&d=mm&r=pg","caption":"bosniak"},"url":"https:\/\/sandzakpress.net\/arhiva\/author\/bosniak\/"}]}},"_links":{"self":[{"href":"https:\/\/sandzakpress.net\/arhiva\/wp-json\/wp\/v2\/posts\/145830"}],"collection":[{"href":"https:\/\/sandzakpress.net\/arhiva\/wp-json\/wp\/v2\/posts"}],"about":[{"href":"https:\/\/sandzakpress.net\/arhiva\/wp-json\/wp\/v2\/types\/post"}],"author":[{"embeddable":true,"href":"https:\/\/sandzakpress.net\/arhiva\/wp-json\/wp\/v2\/users\/83"}],"replies":[{"embeddable":true,"href":"https:\/\/sandzakpress.net\/arhiva\/wp-json\/wp\/v2\/comments?post=145830"}],"version-history":[{"count":0,"href":"https:\/\/sandzakpress.net\/arhiva\/wp-json\/wp\/v2\/posts\/145830\/revisions"}],"wp:featuredmedia":[{"embeddable":true,"href":"https:\/\/sandzakpress.net\/arhiva\/wp-json\/wp\/v2\/media\/145838"}],"wp:attachment":[{"href":"https:\/\/sandzakpress.net\/arhiva\/wp-json\/wp\/v2\/media?parent=145830"}],"wp:term":[{"taxonomy":"category","embeddable":true,"href":"https:\/\/sandzakpress.net\/arhiva\/wp-json\/wp\/v2\/categories?post=145830"},{"taxonomy":"post_tag","embeddable":true,"href":"https:\/\/sandzakpress.net\/arhiva\/wp-json\/wp\/v2\/tags?post=145830"}],"curies":[{"name":"wp","href":"https:\/\/api.w.org\/{rel}","templated":true}]}}