{"id":14570,"date":"2011-04-02T18:02:04","date_gmt":"2011-04-02T16:02:04","guid":{"rendered":"https:\/\/sandzakpress.net\/arhiva\/?p=14570"},"modified":"2011-04-02T18:51:16","modified_gmt":"2011-04-02T16:51:16","slug":"klati-turke-na-buljuke","status":"publish","type":"post","link":"https:\/\/sandzakpress.net\/arhiva\/klati-turke-na-buljuke\/","title":{"rendered":"Klati Turke na buljuke"},"content":{"rendered":"<p><a href=\"https:\/\/sandzakpress.net\/arhiva\/wp-content\/uploads\/2011\/04\/cetnici.jpg\"><img loading=\"lazy\" decoding=\"async\" class=\"aligncenter size-full wp-image-14575\" title=\"cetnici\" src=\"https:\/\/sandzakpress.net\/arhiva\/wp-content\/uploads\/2011\/04\/cetnici.jpg\" alt=\"\" width=\"616\" height=\"285\" \/><\/a><\/p>\n<p><strong>&#8220;sand\u017eak&#8221; &#8211; \u010cetni\u010dki pokret Dra\u017ee Mihailovi\u0107a, kao prakti\u010dan izraz velikosrpskih aspiracija, od samog svog po\u010detka je sna\u017eno nagla\u0161avao svoju &#8220;istorijsku misiju oslobo\u0111enja i \u0161irenja ideje etni\u010dki homogene Velike Srbije koju je trebalo stvoriti u okvirima poslijeratne Jugoslavije. U sprovodjenju svoje nacionalne politike \u010detnici su imali posebno ofanzivan antimuslimanski kurs, tuma\u010de\u0107i to uzajamnom &#8220;infemalnom mr\u017enjom&#8221; \u0161irokih srpskih i muslimanskih masa i besperspektivno\u0161\u0107u zajedni\u010dkog \u017eivljenja. <\/strong><\/p>\n<p>Zato je trebalo preduzeti sve mjere za njihovo istrebljivanje, asimilaciju i iseljavanje u Tursku. Daju\u0107i tom pitanju platformu borbe protiv &#8220;Turaka&#8221;, \u0161to je trebalo biti nas\u00adtavak nekada\u0161nje borbe i politike iz vremena oslobodjenja Srbije od turske vlasti, \u010detnici su spremo o\u017eivljavali neugasle i revan\u0161isti\u010dki raspirene strasti.\u00a0 Na putu ostvarivanja\u00a0 homogene\u00a0\u00a0 srpske\u00a0 dr\u017eavne zajednice, \u010detni\u010dki politi\u010dki program predvi\u0111ao je integralno \u010di\u0161\u0107enje Bosne i Hercegovine i Sand\u017eaka od mus\u00adlimanskog i hrvatskog \u017eivlja.<\/p>\n<p>Iako je \u010detni\u010dki politi\u010dki program dobio konkretnu razradu za Sand\u017eak u dijelu Mihailovi\u0107evih &#8220;Instruk\u00adcija&#8221; od 20. decembra 1941. godine, u kojima se \u010detni\u010dkim odredima u Cmoj Gori daju zadaci koji su predvi\u0111ali da se dijelom snaga u saradnji sa Javorskim i Golijskim odredom, dejstvuje dolinom Lima pravcem Bjelo Polje &#8211; Sjenica, sa zadatkom da se Pe\u0161ter o\u010disti od muslimanskog i albanskog \u017eivlja, a da se dijelom snaga sa prethodnim i Kopaoni\u010dkim odredom, dejstvuje preko \u010cakora ka Metohiji, sa zadatkom da se teritorija na tome pravcu o\u010disti od Albanaca, kao i da se presretnu izbjeglice sa Pe\u0161tera, odnosno Sand\u017eaka, u toku prve dvije ratae godine na \u010detni\u010dkom udaru se posebno na\u0161lo muslimansko stanovni\u0161tvo u isto\u010dnoj Bosni, pogotovo podru\u010dje 7. srezova: Fo\u010de, \u010cajni\u010da, Gora\u017eda, Vi\u0161egrada, Vlasenice, Srebrenice i Rogatice.<\/p>\n<p>Ovako koncipiran \u010detni\u010dki politi\u010dki program, sa defanzivnom strategijom protiv okupatora, ali agresiv\u00adnom protiv cijelih naroda, prije svih Muslimana, uticao je da se \u010detni\u010dka organizacija u Sand\u017eaku dosta rano for\u00admira. U de\u017eevskom i \u0161tavi\u010dkom srezu djelovali su \u010detnici Radomira Cveti\u0107a i Ma\u0161ana \u0110urovi\u0107a. U sjeni\u010dkom srezu, na organizovanju \u010detnika radili su Ljubomir i Milosav Ranitovi\u0107. U novovaro\u0161kom srezu \u010detni\u010dke grupe su formirali Bo\u017eo \u0106osovi\u0107, Vlajko \u0106uri\u010di\u0107 i Vuk Kalaitovi\u0107. U mile\u0161evskom srezu od \u010detni\u010dkih starje\u0161ina djelovali su: Milinko Radovi\u0107, Nikola Kijanovi\u0107, Mi\u0161o Jovanovi\u0107, Krsto Adamovi\u0107, Sre\u0107ko Matovi\u0107 i Simo Despotovi\u0107. U pribojskom srezu je na okupljanju \u010detnika radio Dordje Ano\u010di\u0107, ali ga je ubrzo zamjenio biv\u0161i kaluder Zakarije Mileki\u0107. Preko pribojskog, organizacija Dra\u017ee Mihailovi\u0107a je uspostavila vezu u pljevaljskom srezu, gdje su na stvaranju \u010detni\u010dkih organizacija radili: Petar Vojinovi\u0107, Ratko Durovi\u0107, Bo\u0161ko Topalovi\u0107, Vojislav i Bogdan Nenadi\u0107, Grigorije Bo\u017eovi\u0107, Ni\u0107ifor Lisi\u010di\u0107, Savo Damjanovi\u0107, Bora Mitrovi\u0107, Bogoljub Iri\u0107, Petar i Dobrilo Jestrovi\u0107 i drugi, prva \u010detni\u010dka vojna formacija u bjelopoljskom srezu formirana je u rasovskoj op\u0161tini pod komandom Milivoja B.Obradovi\u0107a.<\/p>\n<p>Nakon dobijenih obavje\u0161tenja o politi\u010dkim prilikama u Sand\u017eaku Mihailovi\u0107 je preduzeo mjere da uredi \u010detni\u010dko komandovanje na ovom prostoru. Bjelopoljski, prijepoljski, pljevaljski i barska i budjevska op\u0161tina u sjeni\u010dkom srezu, do\u0161li su pod komandu Pavla \u0110uri\u0161i\u0107a. Formiranjem Limsko &#8211; sand\u017ea\u010dkih \u010detni\u010dkih odreda na \u010delu sa Duri\u0161i\u0107em, zavr\u0161i\u0107e se objedin\u00adjavanje \u010detni\u010dkih formacija Sand\u017eaka, s ob\u00adzirom da su oni pored navedenih srezova obuhvatili i \u010detni\u010dke formacije pribojskog i novovaro\u0161kog sreza. Polovinom 1942. godine Limsko &#8211; sand\u017ea\u010dki \u010detni\u010dki odredi su nakon reorganizacije imali \u010detiri korpusa: Komski, Limski, Mile\u0161evski i Durmitorski. Komandant Limskog korpusa bio je major Milorad Joksimovi\u0107, a korpus su sa\u010dinjavale tri brigade, od kojih je tre\u0107a brigada bila bjelopoljska na \u010delu sa majorom Zdravkom Kasalovi\u0107em. Mile\u0161evski korpus je obuh\u00advatao teritorije pljevaljskog, mile\u0161evskog, pribojskog, novovaro\u0161kog i sjeni\u010dkog sreza, a na teritoriji svakog od ovih srezova for\u00admirana je po jedna brigada. Pljevaljska brigada (komandant poru\u010dnik Jovan Jelovac) imala je 13 oficira, 1756 vojnika i 608 pu\u0161aka; priboj ska brigada (komandant poru\u010dnik Vukola Tomi\u0107) imala je 4 oficira, 940 vojnika i 614 pu\u0161aka. O brojnom stanju novovaro\u0161ke i sjeni\u010dke brigade nema podataka. Zna se samo koliko su pu\u0161aka imale na raspolaganju: novovaro\u0161ka brigada (komandant poru\u010dnik Vuk Kalaitovi\u0107) 650, a sjeni\u010dka (komandant potporu\u010dnik Ratko Krivokapi\u0107) 1700 pu\u0161aka, komandant Mile\u0161evi\u0107kog korpusa bio je rezervni kapetan Vojislav Luka\u010devi\u0107.<\/p>\n<p>Ra\u010duna se da su po\u010detkom 1943. godine Limsko &#8211; sand\u017ea\u010dki \u010detni\u010dki odredi raspolagali sa 15349 vojnika, oko 200 oficira, 13116 pu\u0161aka, 51 pu\u0161komitraljezom, 15 mitraljeza i 5 minobaca\u010da.<\/p>\n<p>Iz navedenih podataka se vidi da je ovo bila vrlo jaka formacija, i to u periodu kada se \u010detni\u010dki pokqet nalazio u svom \u017eenim i is\u00adtovremeno najbrojnije jedinice Dra\u017ee Mihailovi\u0107a.<\/p>\n<p>Vrhovna komanda Dra\u017ee Mihailovi\u0107a je procijenila da su sazrijeli uslovi da po\u010detkom 1943. godine pristupi sis\u00adtematskom uni\u0161tenju Muslimana u Sand\u017eaku. \u010cetni\u010dke jedinice koje su krajem 1942. godine bile mobilisane u Crnoj Gori i spremale se za planirani, ali odlo\u017eeni &#8220;mar\u0161 na Bosnu&#8221; dobile su nare\u0111enje po\u010detkom januara 1943. godine za \u010di\u0161\u0107enje teritorija bjelopoljskog sjeni\u010dkog, pljevaljsko, \u010dajni\u010dkog i fo\u010danskog sreza od mus\u00adlimanskog \u017eivlja. Po\u010detkom januara je u \u0160ahovi\u0107ima kod Bijelog Polja odr\u017eana kon\u00adferencija \u010detni\u010dkih komandanata na kojoj je razra\u0111ena odluka \u010detni\u010dke vrhovne komande o obra\u010dunu sa &#8220;turcima&#8221;.<\/p>\n<p><a href=\"https:\/\/sandzakpress.net\/arhiva\/wp-content\/uploads\/2011\/04\/cetnik-kroji-evropu.jpg\"><img loading=\"lazy\" decoding=\"async\" class=\"alignright size-medium wp-image-14573\" title=\"cetnik kroji evropu\" src=\"https:\/\/sandzakpress.net\/arhiva\/wp-content\/uploads\/2011\/04\/cetnik-kroji-evropu-215x300.jpg\" alt=\"\" width=\"215\" height=\"300\" \/><\/a>S obzirom na to da \u010detnici nisu imali dovoljno snage za frontalni napad i obra\u010dun na cijelom ovom predvidjenom prostoru, donijeta je odluka da se najprije obra\u010dunaju sa muslimanskim stanovi\u0161tvom u bjelopoljskom srezu. U napadu na mus\u00adlimansko stanovni\u0161tvo ovog sreza uzelo je u\u010de\u0161\u0107e oko 3000 \u010detnika podjeljenih na dvije grupe: lijeve pod komandom Vojislava Luka\u010devi\u0107a i desne pod komandom Mira\u0161a Savi\u0107a.<\/p>\n<p>Endemska mr\u017enja i revan\u0161isti\u010dka politika krvave simetrije uni\u0161tavale su sve pred sobom. Nedu\u017eno nebora\u010dko muslimansko stanovni\u0161tvo bjelopoljskog sreza na\u0161lo se u krvavom \u017ervnju stradanja pred opasno\u0161\u0107u svog potpunog isrebljivanja. Dokumenti koji govore o tim zlo\u010dinima daju vi\u0161e no poraznu sliku. U pismu od 6. januara 1943. godine, komandant Limsko &#8211; sand\u017ea\u010dkih \u010detni\u010dkih odreda Pavle \u0110uri\u0161i\u0107 obavje\u0161tava Dra\u017eu Mihailovi\u0107a o po\u010detku akcije i o represalijama nad muslimanskim \u017eivljem, konstatuju\u0107i da se sve izvodi ta\u010dno po planu.<\/p>\n<p>Italijani su prvog dana akcije 6. januara 1943, godine, poku\u0161ali da interveni\u0161u. medjutim, iz Kola\u0161ina im je Pavle \u0110uri\u0161i\u0107 javio da \u0107e li\u010dno lokalizovati sukob, u protivnom \u0107e italijanske trupe biti napadnute od samog naroda. Radi toga Italijani nisu smijeli ni intervenisati. Tako se poku\u0161aj italijanskog okupatora da interveni\u0161e zavr\u0161io pre\u0107utno, pa su Italijani \u010dak \u0110uri\u0161i\u0107u poslali 100 litara nafte da bi mogao obi\u0107i teren automobilom. Kada je smirio italijanskog okupatora, \u0110uri\u0161i\u0107 je istoga dana poslao svojim koman\u00addantima slijede\u0107e nare\u0111enje: &#8220;Produ\u017eite s napadom sve dotle dok se ne postigne cilj koji sam odredio na konferenciji u \u0160ahovi\u0107ima, a kada se taj cilj dostigne onda stanite. Na prisustvo Italijana se ne obazirite. Ako dobijete kakvo nare\u0111enje da se obustavi napad pre nego \u0161to se postigne postavljeni cilj, onda po njemu ne postupite, jer takvo \u0107e se nare\u0111enje pisati u prisustvu Italijana radi obmane&#8221;. O rezultatima ove akcije saznajemo iz izvje\u0161taja Pavla Duri\u0161i\u0107a \u010detiri dana kasnije Dra\u017ei Mihailovi\u0107u, gdje stoji: &#8220;Akcija na desnoj obali Lima u srezu bjelopoljskom zavr\u0161ena je. Ista je izvedena ta\u010dno po utvrdjenom planu&#8221;. Dalje u izvje\u0161taju stoji daje rezultat ove akcije potpuno uni\u0161tenje 33 mus\u00adlimanska sela. Tom prilikom je ubijeno 400 pripadnika Muslimanske milicije i oko 1.000 \u017eena i djece.<\/p>\n<p>Me\u0111utim, na ovom prvom pokolju se nije stalo. Ovaj zlo\u010din predstavljao je samo uver\u00adtiru u novi, jo\u0161 strasniji, mjesec dana kasnije koji je izvr\u0161en na teritoriji pljevljaskog, \u010dajni\u010dkog i fo\u010danskog sreza.<\/p>\n<p>Najprije je bilo zami\u0161ljeno da se \u010di\u0161\u0107enje muslimanskog \u017eivlja izvr\u0161i samo u \u010dajni\u010dkom srezu. Pripreme za ovaj pokolj izvr\u0161ene su jo\u0161 po\u010detkom januara 1943, godine, a Zaharije Ostoji\u0107 je jo\u0161 3. januara izdao svoju zapovijest za &#8220;\u010di\u0161\u0107enje&#8221; pomenutog sreza, ali navodno od usta\u0161ko -muslimanske milicije. \u010cetni\u010dkim koman\u00addantima, da ne bi ostali tragovi, date su us\u00admene instrukcije, jer je ta akcija bila zama\u0161nija i imala je daleko ve\u0107i obim od prvog napada i masakra muslimanskog stanovni\u0161tva u bjelopoljskom srezu.<\/p>\n<p>Me\u0111utim, s po\u010detkom akcije u \u010dajni\u010dkom srezu se kasnilo, jer su \u010detnici iz Crne Gore, Sand\u017eaka i isto\u010dne Bosne o\u010dekivali nare\u0111enje da se upute prema Neretvi i Biha\u0107koj republici, \u010dije je uni\u0161tenje bila stal\u00adna Dra\u017eina opsesija. U takvom i\u0161\u010dekivanju stiglo je obavje\u0161tenje od italijsnkog okupatora da se pokret prema Neretvi odla\u017ee. Zbog toga je Dra\u017ea odlu\u010dio da \u010det\u00adnici, koji su ve\u0107 bili prikupljeni, napadnu Muslimane. A po\u0161to su na okupu bile ja\u010de \u010detni\u010dke snage, odlu\u010deno je da se akcija pro\u0161iri i na podru\u010dja jo\u0161 dva sreza: pljevaljsko i fo\u010danskog. Idejni plan je bio da se muslimanske snage uklije\u0161te u uglu Lima i Drine i to uni\u0161te.<\/p>\n<p>Za rukovo\u0111enje ovom zlo\u010dina\u010dkom ak\u00adcijom, Mihailovi\u0107 je odredio Pavla \u0110uri\u0161i\u0107a, umjesto Ostoji\u0107a koji je oti\u0161ao u isto\u010dnu Bosnu. \u0110uri\u0161i\u0107 je u svojstvu koman\u00addanta Limsko &#8211; sand\u017ea\u010dkih \u010detni\u010dkih odreda izdao 29. januara 1943. godine zapovijest u kojoj je stajalo: &#8220;Zverstva Muslimana, komunista i usta\u0161a u \u010dajni\u010dkom, fo\u010danskom i pljevaljskom srezu prema srpskom \u017eivlju pre\u0161la su sve granice. Da bi se jednom za svagda srpski \u017eivalj spasio narodnih izroda i izdajica, preduze\u0107e se akcija za njihovo uni\u0161tenje.&#8221; U vezi sa ovim \u0110uri\u0161i\u0107 je naredio formiranje \u010detiri odreda koji \u0106e dejstvovati u \u0161est kolona, ukupno 6.000 \u010det\u00adnika. Predvidjeno je da Prvim odredom, ja\u010dine oko 1.600 ljudi kbmanduje Vojislav Luka\u010devi\u0107, Drugim odredom, 1.650 \u010detnika Andrija Veskovi\u0107, Tre\u0107im odredom, 1.050 \u010detnika, Zdravko Kasalovi\u0107, i \u010cetvrtim odredom, Bajo Niki\u0107. Upu\u0107uju\u0107i se prema navedenim srezovima, \u010detnici su or-ganizovali pet napadnih kolona sprenih na ubijanje i plja\u010dku. Budu\u0107i da se na tom terenu nalazilo vi\u0161e italijanskih garnizona, nare\u0111eno je da se oni ne napadaju, dok je za ostalo stanovni\u0161tvo u nare\u0111enju stajalo: &#8220;&#8230;sve borce Muslimane, usta\u0161e i komuniste ubijati, \u017eene i djecu ne ubijati.&#8221; ustvari, bila je ovo \u010detni\u010dka podvala. Da ne bi ostavili pisane tragove o ubijanju mus\u00adlimanskog stanovni\u0161tva, \u0110uri\u0161i\u0107 je namjer\u00adno stavio ovu klauzulu, ali je zato u povjerljivom nare\u0111enju od 8. februara.<\/p>\n<p>\u010cetni\u010dke jedinice su krenule u napad 5. februara i ve\u0107 nakon dva dana izbile na Drinu po\u0161to ozbiljnijeg otpora Muslimanske milicije nije bilo, izuzev na Trebe\u0161kom brdu, gdje su borbe trajale oko \u010detirf sata. \u010cetnici su odmah pristupili sprovodenju zami\u0161ljene akcije uni\u0161tavanja ljudi. Kako oko Drine nije bilo ja\u010dih partizanskih snaga koje bi onemogu\u0107ile pokolj, a po\u0161to su se italijanske snage pod prijetnjama \u010detnika ograni\u010dile samo na to da preduzmu mjere obezbjedenja od \u010detni\u010dke bujice, \u010detni\u010dkim e\u0161alonima smrti bile su fakti\u010dki odrije\u0161ene ruke za izvr\u0161avanje \u010dudovi\u0161nih zlo\u010dina nad neza\u0161ti\u0107enim muslimanskim stanovni\u0161tvom. U ovoj akciji Limsko &#8211; sand\u017ea\u010dki \u010detni\u010dki odredi pobili su na podru\u010dju pljevaljskog, \u010dajni\u010dkog i fo\u010danskog sreza oko 1.200 odraslih Muslimana i 8.000 \u017eena, djece i staraca. Nakon osam dana od po\u010detka ak\u00adcije, \u010detni\u010dki komandant Pavle \u0110uri\u0161i\u0107 je iz\u00advijestio Dra\u017eu Mihailovi\u0107a da su sva muslimanska sela u ova tri sreza potpuno spaljena, da nijedna ku\u0107a nije ostala \u010ditava i da se za vrijeme operacije pristupilo pot\u00adpunom uni\u0161tavanju muslimanskog \u017eivlja i bez obzira na pol i godine starosti. Jedan dio muslimanskog \u017eivlja uspio je da se spasi i da pobjegne na Metaljku, u \u010cajni\u010de i preko Drine. Muslimanski gubici bili bi sigurno jo\u0161 ve\u0107i da ih veliki broj nije ve\u0107 na samom po\u010detku akcije pobjegao prema Sarajevu i drugim mjestima izvan \u010detni\u010dkog doma\u0161aja.<\/p>\n<p>Ovo je nesumnjivo jedan od najve\u0107ih zlo\u010dina, koji je po\u010dinjen u toku rata u Jugos\u00adlaviji, u jednom mahu, pod okriljem okupatora. Mada su \u010detnici predstavljali &#8220;akcija \u010di\u0161\u0107enja&#8221; i klanja &#8220;Turaka na bul\u00adjuke&#8221; u Sand\u017eaku i isto\u010dnoj Bosni kao proti vmj ere navodne muslimanske agresivne djelatnosti prema srpskom stanov\u00adni\u0161tvu na ovom podru\u010dju, sve okolnosti govore daje ova operacija bila prakti\u010dni dio sprovojenja \u0161iroko zami\u0161ljene \u010detni\u010dke ak\u00adcije koja se posebno pominje u Mihailovi\u0107evoj &#8220;Instrukciji&#8221; od 20. decembra 1941. godine, a odnosi se kako smo ve\u0107 naveli, na \u010di\u0161\u0107enje Sand\u017eaka i Bosne od Muslimana i Hrvata.<\/p>\n<p><strong>&#8211; Ovaj rad je iz arhive revije Sand\u017eak, objavljene u Sarajevu 24. 12. 1990. &#8211;<\/strong><\/p>\n<p>Autor: <strong>Nijazija Maslak<\/strong><\/p>\n","protected":false},"excerpt":{"rendered":"<p>&#8220;sand\u017eak&#8221; &#8211; \u010cetni\u010dki pokret Dra\u017ee Mihailovi\u0107a, kao prakti\u010dan izraz velikosrpskih aspiracija, od samog svog po\u010detka je sna\u017eno nagla\u0161avao svoju &#8220;istorijsku misiju oslobo\u0111enja i \u0161irenja ideje etni\u010dki homogene Velike Srbije koju je trebalo stvoriti u okvirima poslijeratne Jugoslavije. U sprovodjenju svoje nacionalne politike \u010detnici su imali posebno ofanzivan antimuslimanski kurs, tuma\u010de\u0107i to uzajamnom &#8220;infemalnom mr\u017enjom&#8221; \u0161irokih [&hellip;]<\/p>\n","protected":false},"author":83,"featured_media":14575,"comment_status":"open","ping_status":"open","sticky":false,"template":"","format":"standard","meta":{"footnotes":""},"categories":[14,72,2860,392,396,393,395,394],"tags":[],"class_list":{"0":"post-14570","1":"post","2":"type-post","3":"status-publish","4":"format-standard","5":"has-post-thumbnail","7":"category-sandzak-historija","8":"category-novi-pazar","9":"category-bosna-i-hercegovina-gradovi","10":"category-prijepolje_","11":"category-bijelo_polje","12":"category-priboj","13":"category-pljevlja_","14":"category-nova-varos"},"yoast_head":"<!-- This site is optimized with the Yoast SEO Premium plugin v23.1 (Yoast SEO v24.9) - https:\/\/yoast.com\/wordpress\/plugins\/seo\/ -->\n<title>Klati Turke na buljuke<\/title>\n<meta name=\"robots\" content=\"index, follow, max-snippet:-1, max-image-preview:large, max-video-preview:-1\" \/>\n<link rel=\"canonical\" href=\"https:\/\/sandzakpress.net\/arhiva\/klati-turke-na-buljuke\/\" \/>\n<meta property=\"og:locale\" content=\"bs_BA\" \/>\n<meta property=\"og:type\" content=\"article\" \/>\n<meta property=\"og:title\" content=\"Klati Turke na buljuke\" \/>\n<meta property=\"og:description\" content=\"&#8220;sand\u017eak&#8221; &#8211; \u010cetni\u010dki pokret Dra\u017ee Mihailovi\u0107a, kao prakti\u010dan izraz velikosrpskih aspiracija, od samog svog po\u010detka je sna\u017eno nagla\u0161avao svoju &#8220;istorijsku misiju oslobo\u0111enja i \u0161irenja ideje etni\u010dki homogene Velike Srbije koju je trebalo stvoriti u okvirima poslijeratne Jugoslavije. U sprovodjenju svoje nacionalne politike \u010detnici su imali posebno ofanzivan antimuslimanski kurs, tuma\u010de\u0107i to uzajamnom &#8220;infemalnom mr\u017enjom&#8221; \u0161irokih [&hellip;]\" \/>\n<meta property=\"og:url\" content=\"https:\/\/sandzakpress.net\/arhiva\/klati-turke-na-buljuke\/\" \/>\n<meta property=\"og:site_name\" content=\"Sand\u017eak PRESS\" \/>\n<meta property=\"article:published_time\" content=\"2011-04-02T16:02:04+00:00\" \/>\n<meta property=\"article:modified_time\" content=\"2011-04-02T16:51:16+00:00\" \/>\n<meta property=\"og:image\" content=\"https:\/\/sandzakpress.net\/arhiva\/wp-content\/uploads\/2011\/04\/cetnici.jpg\" \/>\n\t<meta property=\"og:image:width\" content=\"616\" \/>\n\t<meta property=\"og:image:height\" content=\"285\" \/>\n\t<meta property=\"og:image:type\" content=\"image\/jpeg\" \/>\n<meta name=\"author\" content=\"bosniak\" \/>\n<meta name=\"twitter:card\" content=\"summary_large_image\" \/>\n<meta name=\"twitter:label1\" content=\"Written by\" \/>\n\t<meta name=\"twitter:data1\" content=\"bosniak\" \/>\n\t<meta name=\"twitter:label2\" content=\"Est. reading time\" \/>\n\t<meta name=\"twitter:data2\" content=\"11 minuta\" \/>\n<script type=\"application\/ld+json\" class=\"yoast-schema-graph\">{\"@context\":\"https:\/\/schema.org\",\"@graph\":[{\"@type\":\"Article\",\"@id\":\"https:\/\/sandzakpress.net\/arhiva\/klati-turke-na-buljuke\/#article\",\"isPartOf\":{\"@id\":\"https:\/\/sandzakpress.net\/arhiva\/klati-turke-na-buljuke\/\"},\"author\":{\"name\":\"bosniak\",\"@id\":\"https:\/\/sandzakpress.net\/arhiva\/#\/schema\/person\/c8baee722073534b583ea7bdb2e36c02\"},\"headline\":\"Klati Turke na buljuke\",\"datePublished\":\"2011-04-02T16:02:04+00:00\",\"dateModified\":\"2011-04-02T16:51:16+00:00\",\"mainEntityOfPage\":{\"@id\":\"https:\/\/sandzakpress.net\/arhiva\/klati-turke-na-buljuke\/\"},\"wordCount\":2200,\"commentCount\":70,\"publisher\":{\"@id\":\"https:\/\/sandzakpress.net\/arhiva\/#\/schema\/person\/6e72b67d6e51910a1117b3b483ba20bd\"},\"image\":{\"@id\":\"https:\/\/sandzakpress.net\/arhiva\/klati-turke-na-buljuke\/#primaryimage\"},\"thumbnailUrl\":\"https:\/\/sandzakpress.net\/arhiva\/wp-content\/uploads\/2011\/04\/cetnici.jpg\",\"articleSection\":[\"Sand\u017eak HISTORIJA\",\"Novi Pazar\",\"Bosna i Hercegovina\",\"Prijepolje\",\"Bijelo Polje\",\"Priboj\",\"Pljevlja\",\"Nova Varo\u0161\"],\"inLanguage\":\"bs-BA\",\"potentialAction\":[{\"@type\":\"CommentAction\",\"name\":\"Comment\",\"target\":[\"https:\/\/sandzakpress.net\/arhiva\/klati-turke-na-buljuke\/#respond\"]}]},{\"@type\":\"WebPage\",\"@id\":\"https:\/\/sandzakpress.net\/arhiva\/klati-turke-na-buljuke\/\",\"url\":\"https:\/\/sandzakpress.net\/arhiva\/klati-turke-na-buljuke\/\",\"name\":\"Klati Turke na buljuke\",\"isPartOf\":{\"@id\":\"https:\/\/sandzakpress.net\/arhiva\/#website\"},\"primaryImageOfPage\":{\"@id\":\"https:\/\/sandzakpress.net\/arhiva\/klati-turke-na-buljuke\/#primaryimage\"},\"image\":{\"@id\":\"https:\/\/sandzakpress.net\/arhiva\/klati-turke-na-buljuke\/#primaryimage\"},\"thumbnailUrl\":\"https:\/\/sandzakpress.net\/arhiva\/wp-content\/uploads\/2011\/04\/cetnici.jpg\",\"datePublished\":\"2011-04-02T16:02:04+00:00\",\"dateModified\":\"2011-04-02T16:51:16+00:00\",\"breadcrumb\":{\"@id\":\"https:\/\/sandzakpress.net\/arhiva\/klati-turke-na-buljuke\/#breadcrumb\"},\"inLanguage\":\"bs-BA\",\"potentialAction\":[{\"@type\":\"ReadAction\",\"target\":[\"https:\/\/sandzakpress.net\/arhiva\/klati-turke-na-buljuke\/\"]}]},{\"@type\":\"ImageObject\",\"inLanguage\":\"bs-BA\",\"@id\":\"https:\/\/sandzakpress.net\/arhiva\/klati-turke-na-buljuke\/#primaryimage\",\"url\":\"https:\/\/sandzakpress.net\/arhiva\/wp-content\/uploads\/2011\/04\/cetnici.jpg\",\"contentUrl\":\"https:\/\/sandzakpress.net\/arhiva\/wp-content\/uploads\/2011\/04\/cetnici.jpg\",\"width\":616,\"height\":285},{\"@type\":\"BreadcrumbList\",\"@id\":\"https:\/\/sandzakpress.net\/arhiva\/klati-turke-na-buljuke\/#breadcrumb\",\"itemListElement\":[{\"@type\":\"ListItem\",\"position\":1,\"name\":\"Home\",\"item\":\"https:\/\/sandzakpress.net\/arhiva\/\"},{\"@type\":\"ListItem\",\"position\":2,\"name\":\"Klati Turke na buljuke\"}]},{\"@type\":\"WebSite\",\"@id\":\"https:\/\/sandzakpress.net\/arhiva\/#website\",\"url\":\"https:\/\/sandzakpress.net\/arhiva\/\",\"name\":\"Sand\u017eak PRESS\",\"description\":\"Prve elektronske novine u Sand\u017eaku\",\"publisher\":{\"@id\":\"https:\/\/sandzakpress.net\/arhiva\/#\/schema\/person\/6e72b67d6e51910a1117b3b483ba20bd\"},\"potentialAction\":[{\"@type\":\"SearchAction\",\"target\":{\"@type\":\"EntryPoint\",\"urlTemplate\":\"https:\/\/sandzakpress.net\/arhiva\/?s={search_term_string}\"},\"query-input\":{\"@type\":\"PropertyValueSpecification\",\"valueRequired\":true,\"valueName\":\"search_term_string\"}}],\"inLanguage\":\"bs-BA\"},{\"@type\":[\"Person\",\"Organization\"],\"@id\":\"https:\/\/sandzakpress.net\/arhiva\/#\/schema\/person\/6e72b67d6e51910a1117b3b483ba20bd\",\"name\":\"Kul\",\"image\":{\"@type\":\"ImageObject\",\"inLanguage\":\"bs-BA\",\"@id\":\"https:\/\/sandzakpress.net\/arhiva\/#\/schema\/person\/image\/\",\"url\":\"https:\/\/secure.gravatar.com\/avatar\/42263f39aa27ac04c43cab85c280eb2e?s=96&d=mm&r=pg\",\"contentUrl\":\"https:\/\/secure.gravatar.com\/avatar\/42263f39aa27ac04c43cab85c280eb2e?s=96&d=mm&r=pg\",\"caption\":\"Kul\"},\"logo\":{\"@id\":\"https:\/\/sandzakpress.net\/arhiva\/#\/schema\/person\/image\/\"}},{\"@type\":\"Person\",\"@id\":\"https:\/\/sandzakpress.net\/arhiva\/#\/schema\/person\/c8baee722073534b583ea7bdb2e36c02\",\"name\":\"bosniak\",\"image\":{\"@type\":\"ImageObject\",\"inLanguage\":\"bs-BA\",\"@id\":\"https:\/\/sandzakpress.net\/arhiva\/#\/schema\/person\/image\/\",\"url\":\"https:\/\/secure.gravatar.com\/avatar\/a04fd330bfe3a36a72a0ad4a6d89fca7?s=96&d=mm&r=pg\",\"contentUrl\":\"https:\/\/secure.gravatar.com\/avatar\/a04fd330bfe3a36a72a0ad4a6d89fca7?s=96&d=mm&r=pg\",\"caption\":\"bosniak\"},\"url\":\"https:\/\/sandzakpress.net\/arhiva\/author\/bosniak\/\"}]}<\/script>\n<!-- \/ Yoast SEO Premium plugin. -->","yoast_head_json":{"title":"Klati Turke na buljuke","robots":{"index":"index","follow":"follow","max-snippet":"max-snippet:-1","max-image-preview":"max-image-preview:large","max-video-preview":"max-video-preview:-1"},"canonical":"https:\/\/sandzakpress.net\/arhiva\/klati-turke-na-buljuke\/","og_locale":"bs_BA","og_type":"article","og_title":"Klati Turke na buljuke","og_description":"&#8220;sand\u017eak&#8221; &#8211; \u010cetni\u010dki pokret Dra\u017ee Mihailovi\u0107a, kao prakti\u010dan izraz velikosrpskih aspiracija, od samog svog po\u010detka je sna\u017eno nagla\u0161avao svoju &#8220;istorijsku misiju oslobo\u0111enja i \u0161irenja ideje etni\u010dki homogene Velike Srbije koju je trebalo stvoriti u okvirima poslijeratne Jugoslavije. U sprovodjenju svoje nacionalne politike \u010detnici su imali posebno ofanzivan antimuslimanski kurs, tuma\u010de\u0107i to uzajamnom &#8220;infemalnom mr\u017enjom&#8221; \u0161irokih [&hellip;]","og_url":"https:\/\/sandzakpress.net\/arhiva\/klati-turke-na-buljuke\/","og_site_name":"Sand\u017eak PRESS","article_published_time":"2011-04-02T16:02:04+00:00","article_modified_time":"2011-04-02T16:51:16+00:00","og_image":[{"width":616,"height":285,"url":"https:\/\/sandzakpress.net\/arhiva\/wp-content\/uploads\/2011\/04\/cetnici.jpg","type":"image\/jpeg"}],"author":"bosniak","twitter_card":"summary_large_image","twitter_misc":{"Written by":"bosniak","Est. reading time":"11 minuta"},"schema":{"@context":"https:\/\/schema.org","@graph":[{"@type":"Article","@id":"https:\/\/sandzakpress.net\/arhiva\/klati-turke-na-buljuke\/#article","isPartOf":{"@id":"https:\/\/sandzakpress.net\/arhiva\/klati-turke-na-buljuke\/"},"author":{"name":"bosniak","@id":"https:\/\/sandzakpress.net\/arhiva\/#\/schema\/person\/c8baee722073534b583ea7bdb2e36c02"},"headline":"Klati Turke na buljuke","datePublished":"2011-04-02T16:02:04+00:00","dateModified":"2011-04-02T16:51:16+00:00","mainEntityOfPage":{"@id":"https:\/\/sandzakpress.net\/arhiva\/klati-turke-na-buljuke\/"},"wordCount":2200,"commentCount":70,"publisher":{"@id":"https:\/\/sandzakpress.net\/arhiva\/#\/schema\/person\/6e72b67d6e51910a1117b3b483ba20bd"},"image":{"@id":"https:\/\/sandzakpress.net\/arhiva\/klati-turke-na-buljuke\/#primaryimage"},"thumbnailUrl":"https:\/\/sandzakpress.net\/arhiva\/wp-content\/uploads\/2011\/04\/cetnici.jpg","articleSection":["Sand\u017eak HISTORIJA","Novi Pazar","Bosna i Hercegovina","Prijepolje","Bijelo Polje","Priboj","Pljevlja","Nova Varo\u0161"],"inLanguage":"bs-BA","potentialAction":[{"@type":"CommentAction","name":"Comment","target":["https:\/\/sandzakpress.net\/arhiva\/klati-turke-na-buljuke\/#respond"]}]},{"@type":"WebPage","@id":"https:\/\/sandzakpress.net\/arhiva\/klati-turke-na-buljuke\/","url":"https:\/\/sandzakpress.net\/arhiva\/klati-turke-na-buljuke\/","name":"Klati Turke na buljuke","isPartOf":{"@id":"https:\/\/sandzakpress.net\/arhiva\/#website"},"primaryImageOfPage":{"@id":"https:\/\/sandzakpress.net\/arhiva\/klati-turke-na-buljuke\/#primaryimage"},"image":{"@id":"https:\/\/sandzakpress.net\/arhiva\/klati-turke-na-buljuke\/#primaryimage"},"thumbnailUrl":"https:\/\/sandzakpress.net\/arhiva\/wp-content\/uploads\/2011\/04\/cetnici.jpg","datePublished":"2011-04-02T16:02:04+00:00","dateModified":"2011-04-02T16:51:16+00:00","breadcrumb":{"@id":"https:\/\/sandzakpress.net\/arhiva\/klati-turke-na-buljuke\/#breadcrumb"},"inLanguage":"bs-BA","potentialAction":[{"@type":"ReadAction","target":["https:\/\/sandzakpress.net\/arhiva\/klati-turke-na-buljuke\/"]}]},{"@type":"ImageObject","inLanguage":"bs-BA","@id":"https:\/\/sandzakpress.net\/arhiva\/klati-turke-na-buljuke\/#primaryimage","url":"https:\/\/sandzakpress.net\/arhiva\/wp-content\/uploads\/2011\/04\/cetnici.jpg","contentUrl":"https:\/\/sandzakpress.net\/arhiva\/wp-content\/uploads\/2011\/04\/cetnici.jpg","width":616,"height":285},{"@type":"BreadcrumbList","@id":"https:\/\/sandzakpress.net\/arhiva\/klati-turke-na-buljuke\/#breadcrumb","itemListElement":[{"@type":"ListItem","position":1,"name":"Home","item":"https:\/\/sandzakpress.net\/arhiva\/"},{"@type":"ListItem","position":2,"name":"Klati Turke na buljuke"}]},{"@type":"WebSite","@id":"https:\/\/sandzakpress.net\/arhiva\/#website","url":"https:\/\/sandzakpress.net\/arhiva\/","name":"Sand\u017eak PRESS","description":"Prve elektronske novine u Sand\u017eaku","publisher":{"@id":"https:\/\/sandzakpress.net\/arhiva\/#\/schema\/person\/6e72b67d6e51910a1117b3b483ba20bd"},"potentialAction":[{"@type":"SearchAction","target":{"@type":"EntryPoint","urlTemplate":"https:\/\/sandzakpress.net\/arhiva\/?s={search_term_string}"},"query-input":{"@type":"PropertyValueSpecification","valueRequired":true,"valueName":"search_term_string"}}],"inLanguage":"bs-BA"},{"@type":["Person","Organization"],"@id":"https:\/\/sandzakpress.net\/arhiva\/#\/schema\/person\/6e72b67d6e51910a1117b3b483ba20bd","name":"Kul","image":{"@type":"ImageObject","inLanguage":"bs-BA","@id":"https:\/\/sandzakpress.net\/arhiva\/#\/schema\/person\/image\/","url":"https:\/\/secure.gravatar.com\/avatar\/42263f39aa27ac04c43cab85c280eb2e?s=96&d=mm&r=pg","contentUrl":"https:\/\/secure.gravatar.com\/avatar\/42263f39aa27ac04c43cab85c280eb2e?s=96&d=mm&r=pg","caption":"Kul"},"logo":{"@id":"https:\/\/sandzakpress.net\/arhiva\/#\/schema\/person\/image\/"}},{"@type":"Person","@id":"https:\/\/sandzakpress.net\/arhiva\/#\/schema\/person\/c8baee722073534b583ea7bdb2e36c02","name":"bosniak","image":{"@type":"ImageObject","inLanguage":"bs-BA","@id":"https:\/\/sandzakpress.net\/arhiva\/#\/schema\/person\/image\/","url":"https:\/\/secure.gravatar.com\/avatar\/a04fd330bfe3a36a72a0ad4a6d89fca7?s=96&d=mm&r=pg","contentUrl":"https:\/\/secure.gravatar.com\/avatar\/a04fd330bfe3a36a72a0ad4a6d89fca7?s=96&d=mm&r=pg","caption":"bosniak"},"url":"https:\/\/sandzakpress.net\/arhiva\/author\/bosniak\/"}]}},"_links":{"self":[{"href":"https:\/\/sandzakpress.net\/arhiva\/wp-json\/wp\/v2\/posts\/14570"}],"collection":[{"href":"https:\/\/sandzakpress.net\/arhiva\/wp-json\/wp\/v2\/posts"}],"about":[{"href":"https:\/\/sandzakpress.net\/arhiva\/wp-json\/wp\/v2\/types\/post"}],"author":[{"embeddable":true,"href":"https:\/\/sandzakpress.net\/arhiva\/wp-json\/wp\/v2\/users\/83"}],"replies":[{"embeddable":true,"href":"https:\/\/sandzakpress.net\/arhiva\/wp-json\/wp\/v2\/comments?post=14570"}],"version-history":[{"count":0,"href":"https:\/\/sandzakpress.net\/arhiva\/wp-json\/wp\/v2\/posts\/14570\/revisions"}],"wp:featuredmedia":[{"embeddable":true,"href":"https:\/\/sandzakpress.net\/arhiva\/wp-json\/wp\/v2\/media\/14575"}],"wp:attachment":[{"href":"https:\/\/sandzakpress.net\/arhiva\/wp-json\/wp\/v2\/media?parent=14570"}],"wp:term":[{"taxonomy":"category","embeddable":true,"href":"https:\/\/sandzakpress.net\/arhiva\/wp-json\/wp\/v2\/categories?post=14570"},{"taxonomy":"post_tag","embeddable":true,"href":"https:\/\/sandzakpress.net\/arhiva\/wp-json\/wp\/v2\/tags?post=14570"}],"curies":[{"name":"wp","href":"https:\/\/api.w.org\/{rel}","templated":true}]}}