{"id":145668,"date":"2015-11-16T12:29:36","date_gmt":"2015-11-16T11:29:36","guid":{"rendered":"https:\/\/sandzakpress.net\/arhiva\/?p=145668"},"modified":"2015-11-16T12:29:36","modified_gmt":"2015-11-16T11:29:36","slug":"muftija-dr-dudic-na-manifestaciji-u-darmstatu","status":"publish","type":"post","link":"https:\/\/sandzakpress.net\/arhiva\/muftija-dr-dudic-na-manifestaciji-u-darmstatu\/","title":{"rendered":"Muftija dr. Dudi\u0107 na manifestaciji u Darm\u0161tatu"},"content":{"rendered":"<p><img decoding=\"async\" src=\"http:\/\/mesihat.org\/wp-content\/uploads\/2015\/11\/eb9a8d32058db5ac7a9dfcd36072d3b20579d5f93a61b324de8310799ac9d39b.jpg\" alt=\"eb9a8d32058db5ac7a9dfcd36072d3b20579d5f93a61b324de8310799ac9d39b\" \/><\/p>\n<p><strong>Njema\u010dka &#8211; U povodu 20 godina od postojanja bo\u0161nja\u010dkog d\u017eemata u njema\u010dkom gradu Darm\u0161tatu, u subotu 14.11.2015. godine, predsjednik Me\u0161ihata Islamske zajednice u Srbiji muftija dr. Mevlud ef. Dudi\u0107 prisustvovao je sve\u010danosti na kojoj je u\u010de\u0161\u0107e uzeo veliki broj Bo\u0161njaka u Njema\u010dkoj.<\/strong><\/p>\n<p>U ime Rijaseta IZ-e u BiH prisutnima se obratio Zijad ef. Ljevakovi\u0107, a u ime Me\u0161ihata IZ-e u Srbiji muftija dr. Dudi\u0107. Dio obra\u0107anja predsjednika Me\u0161ihata preveli su i objavili pojedini njema\u010dki mediji.<\/p>\n<p>Dan prije, u d\u017eematu Gazi Isa-beg u Frankfurtu, muftija dr. Dudi\u0107 odr\u017eao je hutbu i predvodio d\u017euma namaz.<\/p>\n<p>Man darf lediglich zwischen Menschen und Unmenschen unterscheiden\u2026<\/p>\n<p>Der Gro\u00dfmufti der islamischen Gemeinschaft in Serbien Prof. Dr. Mevlud ef. Dudic \u00e4u\u00dfert sich bei seinem Besuch in Darmstadt zu dem Geschehen in Paris<\/p>\n<p>\u201e[\u2026] Gestern Abend ist etwas Schreckliches in Paris geschehen, wo mehr als einhundert unschuldige Menschen kaltbl\u00fctig und grundlos niedergemetzelt wurden. Deswegen m\u00f6chte ich noch einmal betonen: Das ist nicht der Islam! Das ist nicht unser Islam, das ist nicht unser Qur\u2019an und auch nicht das was uns der Prophet (s.a.w.s.) hinterlassen hat. Islam bedeutet Frieden, mit sich selbst und mit allen anderen. Deswegen zittern wir nicht vor dem was in Paris geschehen ist, wir zittern vor keiner dieser Taten, die von Menschen im Namen des Islam begangen wurde. Ihr d\u00fcrft nicht zulassen, dass ihr nach diesen Geschehnissen gesenkten Hauptes umherschleicht. Richtet euch auf und zeigt, dass ihr die wahren Tr\u00e4ger des Islam seid und dass ihr mit euren guten Handlungen und Taten zeigt was der wahre Islam ist. Lasst nicht zu, dass man uns wegen des Terrorismus dieser Leute belangt, denn es gibt keinen Terrorismus im Islam, das ist einzig und allein das Metier Satans. Ihr habt hier mehr Freiheiten und Rechte als in den L\u00e4ndern aus denen ihr hierhergekommen seid, deswegen m\u00fcsst ihr diesem Land und diesen Menschen gegen\u00fcber dankbar sein. Wir sind n\u00e4mlich, gemeinsam mit den Albanern die europ\u00e4ischen Muslime und wir m\u00fcssen den Gesellschaften in denen wir Leben zeigen was der Islam ist und wie der Islam \u00fcberhaupt aussieht. Wir d\u00fcrfen nicht zulassen, dass jemand anderes diese Aufgabe \u00fcbernimmt und dann in unserem Namen spricht. Wir m\u00fcssen uns in unseren Gemeinden und Gemeinschaften organisieren und unsere Jugend so erziehen wie wir erzogen wurden. Sie sollen zu ehrenhaften und rechtschaffenen Menschen werden, zu wahren Nachkommen und Anh\u00e4ngern des Islam und unseres Propheten Muhammad (s.a.w.s.): \u201eDie Besten unter euch sind diejenigen, die den Menschen am meisten n\u00fctzen und die Schlimmsten unter euch sind diejenigen die den Menschen schaden.\u201c Vergesst dies nicht, liebe Br\u00fcder und Schwestern. Seid diejenigen, die etwas erbauen und nicht diejenigen, die zerst\u00f6ren. Helft den Menschen, und geh\u00f6rt nicht zu denjenigen, die anderen Stolpersteine in den Weg legen. Liebt alle Menschen, unabh\u00e4ngig von ihrer Nation, Religion oder anderen Faktoren. Unterscheidet lediglich zwischen Menschen und Unmenschen und am J\u00fcngsten Tag wird sich zeigen wer ehrlich war und wer nicht. Wer Recht hatte und wer nicht. Gebt auf eure Familien acht, auf eure Gemeinschaft und zu allererst nat\u00fcrlich auf euren Glauben an den Allerbarmer, Allah (s.w.t.)<\/p>\n<p><img decoding=\"async\" src=\"http:\/\/mesihat.org\/wp-content\/uploads\/2015\/11\/0dbc38efea4efb5ecbe783858faa16bd670c786b9782ce14f84169cee81fbba5.jpg\" alt=\"\" \/><\/p>\n<p>(Mesihat)<\/p>\n","protected":false},"excerpt":{"rendered":"<p>Njema\u010dka &#8211; U povodu 20 godina od postojanja bo\u0161nja\u010dkog d\u017eemata u njema\u010dkom gradu Darm\u0161tatu, u subotu 14.11.2015. godine, predsjednik Me\u0161ihata Islamske zajednice u Srbiji muftija dr. Mevlud ef. Dudi\u0107 prisustvovao je sve\u010danosti na kojoj je u\u010de\u0161\u0107e uzeo veliki broj Bo\u0161njaka u Njema\u010dkoj. U ime Rijaseta IZ-e u BiH prisutnima se obratio Zijad ef. Ljevakovi\u0107, a [&hellip;]<\/p>\n","protected":false},"author":83,"featured_media":145669,"comment_status":"open","ping_status":"open","sticky":false,"template":"","format":"standard","meta":{"footnotes":""},"categories":[9538,802,8957],"tags":[],"class_list":{"0":"post-145668","1":"post","2":"type-post","3":"status-publish","4":"format-standard","5":"has-post-thumbnail","7":"category-njemacka-dijaspora-gradovi-vase-vijesti","8":"category-islamska_zajednica","9":"category-vijesti-dana"},"yoast_head":"<!-- This site is optimized with the Yoast SEO Premium plugin v23.1 (Yoast SEO v24.9) - https:\/\/yoast.com\/wordpress\/plugins\/seo\/ -->\n<title>Muftija dr. Dudi\u0107 na manifestaciji u Darm\u0161tatu<\/title>\n<meta name=\"robots\" content=\"index, follow, max-snippet:-1, max-image-preview:large, max-video-preview:-1\" \/>\n<link rel=\"canonical\" href=\"https:\/\/sandzakpress.net\/arhiva\/muftija-dr-dudic-na-manifestaciji-u-darmstatu\/\" \/>\n<meta property=\"og:locale\" content=\"bs_BA\" \/>\n<meta property=\"og:type\" content=\"article\" \/>\n<meta property=\"og:title\" content=\"Muftija dr. Dudi\u0107 na manifestaciji u Darm\u0161tatu\" \/>\n<meta property=\"og:description\" content=\"Njema\u010dka &#8211; U povodu 20 godina od postojanja bo\u0161nja\u010dkog d\u017eemata u njema\u010dkom gradu Darm\u0161tatu, u subotu 14.11.2015. godine, predsjednik Me\u0161ihata Islamske zajednice u Srbiji muftija dr. Mevlud ef. Dudi\u0107 prisustvovao je sve\u010danosti na kojoj je u\u010de\u0161\u0107e uzeo veliki broj Bo\u0161njaka u Njema\u010dkoj. U ime Rijaseta IZ-e u BiH prisutnima se obratio Zijad ef. Ljevakovi\u0107, a [&hellip;]\" \/>\n<meta property=\"og:url\" content=\"https:\/\/sandzakpress.net\/arhiva\/muftija-dr-dudic-na-manifestaciji-u-darmstatu\/\" \/>\n<meta property=\"og:site_name\" content=\"Sand\u017eak PRESS\" \/>\n<meta property=\"article:published_time\" content=\"2015-11-16T11:29:36+00:00\" \/>\n<meta property=\"og:image\" content=\"https:\/\/sandzakpress.net\/arhiva\/wp-content\/uploads\/2015\/11\/eb9a8d32058db5ac7a9dfcd36072d3b20579d5f93a61b324de8310799ac9d39b.jpg\" \/>\n\t<meta property=\"og:image:width\" content=\"1280\" \/>\n\t<meta property=\"og:image:height\" content=\"960\" \/>\n\t<meta property=\"og:image:type\" content=\"image\/jpeg\" \/>\n<meta name=\"author\" content=\"bosniak\" \/>\n<meta name=\"twitter:card\" content=\"summary_large_image\" \/>\n<meta name=\"twitter:label1\" content=\"Written by\" \/>\n\t<meta name=\"twitter:data1\" content=\"bosniak\" \/>\n\t<meta name=\"twitter:label2\" content=\"Est. reading time\" \/>\n\t<meta name=\"twitter:data2\" content=\"3 minute\" \/>\n<script type=\"application\/ld+json\" class=\"yoast-schema-graph\">{\"@context\":\"https:\/\/schema.org\",\"@graph\":[{\"@type\":\"Article\",\"@id\":\"https:\/\/sandzakpress.net\/arhiva\/muftija-dr-dudic-na-manifestaciji-u-darmstatu\/#article\",\"isPartOf\":{\"@id\":\"https:\/\/sandzakpress.net\/arhiva\/muftija-dr-dudic-na-manifestaciji-u-darmstatu\/\"},\"author\":{\"name\":\"bosniak\",\"@id\":\"https:\/\/sandzakpress.net\/arhiva\/#\/schema\/person\/c8baee722073534b583ea7bdb2e36c02\"},\"headline\":\"Muftija dr. Dudi\u0107 na manifestaciji u Darm\u0161tatu\",\"datePublished\":\"2015-11-16T11:29:36+00:00\",\"mainEntityOfPage\":{\"@id\":\"https:\/\/sandzakpress.net\/arhiva\/muftija-dr-dudic-na-manifestaciji-u-darmstatu\/\"},\"wordCount\":558,\"commentCount\":2,\"publisher\":{\"@id\":\"https:\/\/sandzakpress.net\/arhiva\/#\/schema\/person\/6e72b67d6e51910a1117b3b483ba20bd\"},\"image\":{\"@id\":\"https:\/\/sandzakpress.net\/arhiva\/muftija-dr-dudic-na-manifestaciji-u-darmstatu\/#primaryimage\"},\"thumbnailUrl\":\"https:\/\/sandzakpress.net\/arhiva\/wp-content\/uploads\/2015\/11\/eb9a8d32058db5ac7a9dfcd36072d3b20579d5f93a61b324de8310799ac9d39b.jpg\",\"articleSection\":[\"Njema\u010dka\",\"Islamska zajednica\",\"VIJESTI DANA\"],\"inLanguage\":\"bs-BA\",\"potentialAction\":[{\"@type\":\"CommentAction\",\"name\":\"Comment\",\"target\":[\"https:\/\/sandzakpress.net\/arhiva\/muftija-dr-dudic-na-manifestaciji-u-darmstatu\/#respond\"]}]},{\"@type\":\"WebPage\",\"@id\":\"https:\/\/sandzakpress.net\/arhiva\/muftija-dr-dudic-na-manifestaciji-u-darmstatu\/\",\"url\":\"https:\/\/sandzakpress.net\/arhiva\/muftija-dr-dudic-na-manifestaciji-u-darmstatu\/\",\"name\":\"Muftija dr. Dudi\u0107 na manifestaciji u Darm\u0161tatu\",\"isPartOf\":{\"@id\":\"https:\/\/sandzakpress.net\/arhiva\/#website\"},\"primaryImageOfPage\":{\"@id\":\"https:\/\/sandzakpress.net\/arhiva\/muftija-dr-dudic-na-manifestaciji-u-darmstatu\/#primaryimage\"},\"image\":{\"@id\":\"https:\/\/sandzakpress.net\/arhiva\/muftija-dr-dudic-na-manifestaciji-u-darmstatu\/#primaryimage\"},\"thumbnailUrl\":\"https:\/\/sandzakpress.net\/arhiva\/wp-content\/uploads\/2015\/11\/eb9a8d32058db5ac7a9dfcd36072d3b20579d5f93a61b324de8310799ac9d39b.jpg\",\"datePublished\":\"2015-11-16T11:29:36+00:00\",\"breadcrumb\":{\"@id\":\"https:\/\/sandzakpress.net\/arhiva\/muftija-dr-dudic-na-manifestaciji-u-darmstatu\/#breadcrumb\"},\"inLanguage\":\"bs-BA\",\"potentialAction\":[{\"@type\":\"ReadAction\",\"target\":[\"https:\/\/sandzakpress.net\/arhiva\/muftija-dr-dudic-na-manifestaciji-u-darmstatu\/\"]}]},{\"@type\":\"ImageObject\",\"inLanguage\":\"bs-BA\",\"@id\":\"https:\/\/sandzakpress.net\/arhiva\/muftija-dr-dudic-na-manifestaciji-u-darmstatu\/#primaryimage\",\"url\":\"https:\/\/sandzakpress.net\/arhiva\/wp-content\/uploads\/2015\/11\/eb9a8d32058db5ac7a9dfcd36072d3b20579d5f93a61b324de8310799ac9d39b.jpg\",\"contentUrl\":\"https:\/\/sandzakpress.net\/arhiva\/wp-content\/uploads\/2015\/11\/eb9a8d32058db5ac7a9dfcd36072d3b20579d5f93a61b324de8310799ac9d39b.jpg\",\"width\":1280,\"height\":960},{\"@type\":\"BreadcrumbList\",\"@id\":\"https:\/\/sandzakpress.net\/arhiva\/muftija-dr-dudic-na-manifestaciji-u-darmstatu\/#breadcrumb\",\"itemListElement\":[{\"@type\":\"ListItem\",\"position\":1,\"name\":\"Home\",\"item\":\"https:\/\/sandzakpress.net\/arhiva\/\"},{\"@type\":\"ListItem\",\"position\":2,\"name\":\"Muftija dr. Dudi\u0107 na manifestaciji u Darm\u0161tatu\"}]},{\"@type\":\"WebSite\",\"@id\":\"https:\/\/sandzakpress.net\/arhiva\/#website\",\"url\":\"https:\/\/sandzakpress.net\/arhiva\/\",\"name\":\"Sand\u017eak PRESS\",\"description\":\"Prve elektronske novine u Sand\u017eaku\",\"publisher\":{\"@id\":\"https:\/\/sandzakpress.net\/arhiva\/#\/schema\/person\/6e72b67d6e51910a1117b3b483ba20bd\"},\"potentialAction\":[{\"@type\":\"SearchAction\",\"target\":{\"@type\":\"EntryPoint\",\"urlTemplate\":\"https:\/\/sandzakpress.net\/arhiva\/?s={search_term_string}\"},\"query-input\":{\"@type\":\"PropertyValueSpecification\",\"valueRequired\":true,\"valueName\":\"search_term_string\"}}],\"inLanguage\":\"bs-BA\"},{\"@type\":[\"Person\",\"Organization\"],\"@id\":\"https:\/\/sandzakpress.net\/arhiva\/#\/schema\/person\/6e72b67d6e51910a1117b3b483ba20bd\",\"name\":\"Kul\",\"image\":{\"@type\":\"ImageObject\",\"inLanguage\":\"bs-BA\",\"@id\":\"https:\/\/sandzakpress.net\/arhiva\/#\/schema\/person\/image\/\",\"url\":\"https:\/\/secure.gravatar.com\/avatar\/42263f39aa27ac04c43cab85c280eb2e?s=96&d=mm&r=pg\",\"contentUrl\":\"https:\/\/secure.gravatar.com\/avatar\/42263f39aa27ac04c43cab85c280eb2e?s=96&d=mm&r=pg\",\"caption\":\"Kul\"},\"logo\":{\"@id\":\"https:\/\/sandzakpress.net\/arhiva\/#\/schema\/person\/image\/\"}},{\"@type\":\"Person\",\"@id\":\"https:\/\/sandzakpress.net\/arhiva\/#\/schema\/person\/c8baee722073534b583ea7bdb2e36c02\",\"name\":\"bosniak\",\"image\":{\"@type\":\"ImageObject\",\"inLanguage\":\"bs-BA\",\"@id\":\"https:\/\/sandzakpress.net\/arhiva\/#\/schema\/person\/image\/\",\"url\":\"https:\/\/secure.gravatar.com\/avatar\/a04fd330bfe3a36a72a0ad4a6d89fca7?s=96&d=mm&r=pg\",\"contentUrl\":\"https:\/\/secure.gravatar.com\/avatar\/a04fd330bfe3a36a72a0ad4a6d89fca7?s=96&d=mm&r=pg\",\"caption\":\"bosniak\"},\"url\":\"https:\/\/sandzakpress.net\/arhiva\/author\/bosniak\/\"}]}<\/script>\n<!-- \/ Yoast SEO Premium plugin. -->","yoast_head_json":{"title":"Muftija dr. Dudi\u0107 na manifestaciji u Darm\u0161tatu","robots":{"index":"index","follow":"follow","max-snippet":"max-snippet:-1","max-image-preview":"max-image-preview:large","max-video-preview":"max-video-preview:-1"},"canonical":"https:\/\/sandzakpress.net\/arhiva\/muftija-dr-dudic-na-manifestaciji-u-darmstatu\/","og_locale":"bs_BA","og_type":"article","og_title":"Muftija dr. Dudi\u0107 na manifestaciji u Darm\u0161tatu","og_description":"Njema\u010dka &#8211; U povodu 20 godina od postojanja bo\u0161nja\u010dkog d\u017eemata u njema\u010dkom gradu Darm\u0161tatu, u subotu 14.11.2015. godine, predsjednik Me\u0161ihata Islamske zajednice u Srbiji muftija dr. Mevlud ef. Dudi\u0107 prisustvovao je sve\u010danosti na kojoj je u\u010de\u0161\u0107e uzeo veliki broj Bo\u0161njaka u Njema\u010dkoj. U ime Rijaseta IZ-e u BiH prisutnima se obratio Zijad ef. Ljevakovi\u0107, a [&hellip;]","og_url":"https:\/\/sandzakpress.net\/arhiva\/muftija-dr-dudic-na-manifestaciji-u-darmstatu\/","og_site_name":"Sand\u017eak PRESS","article_published_time":"2015-11-16T11:29:36+00:00","og_image":[{"width":1280,"height":960,"url":"https:\/\/sandzakpress.net\/arhiva\/wp-content\/uploads\/2015\/11\/eb9a8d32058db5ac7a9dfcd36072d3b20579d5f93a61b324de8310799ac9d39b.jpg","type":"image\/jpeg"}],"author":"bosniak","twitter_card":"summary_large_image","twitter_misc":{"Written by":"bosniak","Est. reading time":"3 minute"},"schema":{"@context":"https:\/\/schema.org","@graph":[{"@type":"Article","@id":"https:\/\/sandzakpress.net\/arhiva\/muftija-dr-dudic-na-manifestaciji-u-darmstatu\/#article","isPartOf":{"@id":"https:\/\/sandzakpress.net\/arhiva\/muftija-dr-dudic-na-manifestaciji-u-darmstatu\/"},"author":{"name":"bosniak","@id":"https:\/\/sandzakpress.net\/arhiva\/#\/schema\/person\/c8baee722073534b583ea7bdb2e36c02"},"headline":"Muftija dr. Dudi\u0107 na manifestaciji u Darm\u0161tatu","datePublished":"2015-11-16T11:29:36+00:00","mainEntityOfPage":{"@id":"https:\/\/sandzakpress.net\/arhiva\/muftija-dr-dudic-na-manifestaciji-u-darmstatu\/"},"wordCount":558,"commentCount":2,"publisher":{"@id":"https:\/\/sandzakpress.net\/arhiva\/#\/schema\/person\/6e72b67d6e51910a1117b3b483ba20bd"},"image":{"@id":"https:\/\/sandzakpress.net\/arhiva\/muftija-dr-dudic-na-manifestaciji-u-darmstatu\/#primaryimage"},"thumbnailUrl":"https:\/\/sandzakpress.net\/arhiva\/wp-content\/uploads\/2015\/11\/eb9a8d32058db5ac7a9dfcd36072d3b20579d5f93a61b324de8310799ac9d39b.jpg","articleSection":["Njema\u010dka","Islamska zajednica","VIJESTI DANA"],"inLanguage":"bs-BA","potentialAction":[{"@type":"CommentAction","name":"Comment","target":["https:\/\/sandzakpress.net\/arhiva\/muftija-dr-dudic-na-manifestaciji-u-darmstatu\/#respond"]}]},{"@type":"WebPage","@id":"https:\/\/sandzakpress.net\/arhiva\/muftija-dr-dudic-na-manifestaciji-u-darmstatu\/","url":"https:\/\/sandzakpress.net\/arhiva\/muftija-dr-dudic-na-manifestaciji-u-darmstatu\/","name":"Muftija dr. Dudi\u0107 na manifestaciji u Darm\u0161tatu","isPartOf":{"@id":"https:\/\/sandzakpress.net\/arhiva\/#website"},"primaryImageOfPage":{"@id":"https:\/\/sandzakpress.net\/arhiva\/muftija-dr-dudic-na-manifestaciji-u-darmstatu\/#primaryimage"},"image":{"@id":"https:\/\/sandzakpress.net\/arhiva\/muftija-dr-dudic-na-manifestaciji-u-darmstatu\/#primaryimage"},"thumbnailUrl":"https:\/\/sandzakpress.net\/arhiva\/wp-content\/uploads\/2015\/11\/eb9a8d32058db5ac7a9dfcd36072d3b20579d5f93a61b324de8310799ac9d39b.jpg","datePublished":"2015-11-16T11:29:36+00:00","breadcrumb":{"@id":"https:\/\/sandzakpress.net\/arhiva\/muftija-dr-dudic-na-manifestaciji-u-darmstatu\/#breadcrumb"},"inLanguage":"bs-BA","potentialAction":[{"@type":"ReadAction","target":["https:\/\/sandzakpress.net\/arhiva\/muftija-dr-dudic-na-manifestaciji-u-darmstatu\/"]}]},{"@type":"ImageObject","inLanguage":"bs-BA","@id":"https:\/\/sandzakpress.net\/arhiva\/muftija-dr-dudic-na-manifestaciji-u-darmstatu\/#primaryimage","url":"https:\/\/sandzakpress.net\/arhiva\/wp-content\/uploads\/2015\/11\/eb9a8d32058db5ac7a9dfcd36072d3b20579d5f93a61b324de8310799ac9d39b.jpg","contentUrl":"https:\/\/sandzakpress.net\/arhiva\/wp-content\/uploads\/2015\/11\/eb9a8d32058db5ac7a9dfcd36072d3b20579d5f93a61b324de8310799ac9d39b.jpg","width":1280,"height":960},{"@type":"BreadcrumbList","@id":"https:\/\/sandzakpress.net\/arhiva\/muftija-dr-dudic-na-manifestaciji-u-darmstatu\/#breadcrumb","itemListElement":[{"@type":"ListItem","position":1,"name":"Home","item":"https:\/\/sandzakpress.net\/arhiva\/"},{"@type":"ListItem","position":2,"name":"Muftija dr. Dudi\u0107 na manifestaciji u Darm\u0161tatu"}]},{"@type":"WebSite","@id":"https:\/\/sandzakpress.net\/arhiva\/#website","url":"https:\/\/sandzakpress.net\/arhiva\/","name":"Sand\u017eak PRESS","description":"Prve elektronske novine u Sand\u017eaku","publisher":{"@id":"https:\/\/sandzakpress.net\/arhiva\/#\/schema\/person\/6e72b67d6e51910a1117b3b483ba20bd"},"potentialAction":[{"@type":"SearchAction","target":{"@type":"EntryPoint","urlTemplate":"https:\/\/sandzakpress.net\/arhiva\/?s={search_term_string}"},"query-input":{"@type":"PropertyValueSpecification","valueRequired":true,"valueName":"search_term_string"}}],"inLanguage":"bs-BA"},{"@type":["Person","Organization"],"@id":"https:\/\/sandzakpress.net\/arhiva\/#\/schema\/person\/6e72b67d6e51910a1117b3b483ba20bd","name":"Kul","image":{"@type":"ImageObject","inLanguage":"bs-BA","@id":"https:\/\/sandzakpress.net\/arhiva\/#\/schema\/person\/image\/","url":"https:\/\/secure.gravatar.com\/avatar\/42263f39aa27ac04c43cab85c280eb2e?s=96&d=mm&r=pg","contentUrl":"https:\/\/secure.gravatar.com\/avatar\/42263f39aa27ac04c43cab85c280eb2e?s=96&d=mm&r=pg","caption":"Kul"},"logo":{"@id":"https:\/\/sandzakpress.net\/arhiva\/#\/schema\/person\/image\/"}},{"@type":"Person","@id":"https:\/\/sandzakpress.net\/arhiva\/#\/schema\/person\/c8baee722073534b583ea7bdb2e36c02","name":"bosniak","image":{"@type":"ImageObject","inLanguage":"bs-BA","@id":"https:\/\/sandzakpress.net\/arhiva\/#\/schema\/person\/image\/","url":"https:\/\/secure.gravatar.com\/avatar\/a04fd330bfe3a36a72a0ad4a6d89fca7?s=96&d=mm&r=pg","contentUrl":"https:\/\/secure.gravatar.com\/avatar\/a04fd330bfe3a36a72a0ad4a6d89fca7?s=96&d=mm&r=pg","caption":"bosniak"},"url":"https:\/\/sandzakpress.net\/arhiva\/author\/bosniak\/"}]}},"_links":{"self":[{"href":"https:\/\/sandzakpress.net\/arhiva\/wp-json\/wp\/v2\/posts\/145668"}],"collection":[{"href":"https:\/\/sandzakpress.net\/arhiva\/wp-json\/wp\/v2\/posts"}],"about":[{"href":"https:\/\/sandzakpress.net\/arhiva\/wp-json\/wp\/v2\/types\/post"}],"author":[{"embeddable":true,"href":"https:\/\/sandzakpress.net\/arhiva\/wp-json\/wp\/v2\/users\/83"}],"replies":[{"embeddable":true,"href":"https:\/\/sandzakpress.net\/arhiva\/wp-json\/wp\/v2\/comments?post=145668"}],"version-history":[{"count":0,"href":"https:\/\/sandzakpress.net\/arhiva\/wp-json\/wp\/v2\/posts\/145668\/revisions"}],"wp:featuredmedia":[{"embeddable":true,"href":"https:\/\/sandzakpress.net\/arhiva\/wp-json\/wp\/v2\/media\/145669"}],"wp:attachment":[{"href":"https:\/\/sandzakpress.net\/arhiva\/wp-json\/wp\/v2\/media?parent=145668"}],"wp:term":[{"taxonomy":"category","embeddable":true,"href":"https:\/\/sandzakpress.net\/arhiva\/wp-json\/wp\/v2\/categories?post=145668"},{"taxonomy":"post_tag","embeddable":true,"href":"https:\/\/sandzakpress.net\/arhiva\/wp-json\/wp\/v2\/tags?post=145668"}],"curies":[{"name":"wp","href":"https:\/\/api.w.org\/{rel}","templated":true}]}}