{"id":14563,"date":"2011-04-02T17:53:14","date_gmt":"2011-04-02T15:53:14","guid":{"rendered":"https:\/\/sandzakpress.net\/arhiva\/?p=14563"},"modified":"2011-04-02T17:53:14","modified_gmt":"2011-04-02T15:53:14","slug":"kada-zarez-preraste-u-tacku","status":"publish","type":"post","link":"https:\/\/sandzakpress.net\/arhiva\/kada-zarez-preraste-u-tacku\/","title":{"rendered":"Kada zarez preraste u ta\u010dku"},"content":{"rendered":"<p><a href=\"https:\/\/sandzakpress.net\/arhiva\/wp-content\/uploads\/2011\/04\/zarez-prerasta-u-tacku.jpg\"><img loading=\"lazy\" decoding=\"async\" class=\"aligncenter size-full wp-image-14564\" title=\"zarez prerasta u tacku\" src=\"https:\/\/sandzakpress.net\/arhiva\/wp-content\/uploads\/2011\/04\/zarez-prerasta-u-tacku.jpg\" alt=\"\" width=\"616\" height=\"285\" \/><\/a><\/p>\n<p><strong>&#8220;sand\u017eak&#8221; &#8211; Poslije briljantnih vijesti o tome kako \u0107e nam dvojica srbijanskih ministara rodom iz Sand\u017eaka kona\u010dno obezbijediti nekakve investicije, koje \u0107e napokon koristiti i ovom narodu, uslijedile su brojne posjete \u2013 ambasadori, privrednici, eksperti&#8230; <\/strong><\/p>\n<p>Sje\u0107amo se i aerodroma, a negdje blizu na\u0161ih avlija \u0107e biti i autoput. Naravno, tom prilikom su pojasnili i obaveze ljudi koji \u0107e imati haira od ovog poduhvata bajnih nam ministara. Mislio sam da \u0107e traziti ne\u0161to te\u017ee, ali njihovi uvjeti se svode na to da pe\u0161terski doma\u0107ini pripreme pr\u0161utu, sir, kajmak, da tove stoku&#8230; i, naravno, glasaju za njih, jer se na Izborima za nacionalne savjete nisu ba\u0161 pokazali. Usput \u0107emo tim strancima, na\u0161im autoputem i preko aerodroma, uvaliti i pazarske \u0107evape. Ka\u017eu, ako im se nekako u imenu ugradi ovo \u201cpe\u0161terski\u201d prodavat \u0107emo ih kao halvu.<\/p>\n<p>Pe\u0161terci, onaj dio njih koji nije u stanju razumjeti kakvim se marifetlucima ova vlast slu\u017ei (sre\u0107om takvih je sve manje), pripremili pr\u0161utu, sir, kajmak&#8230; To su ina\u010de vrijedni ljudi, i da ovo nije \u010disto poigravanje s njima, bilo bi sjajno nastaviti pri\u010du, ali&#8230;<\/p>\n<p>Narod ovih prostora je, valjda zato \u0161to ga je muka natjerala, sklon brzom povjeravanju, ali ima i jednu nevjerovatnu osobinu da sve dobro provjerava, naro\u010dito one od kojih je jednom prevaren. Naravno da do danas ni\u0161ta od ove pri\u010de nije realizirano niti \u0107e biti, a ljudi se ni ne ibreti\u0161u! Gdje li se dedo\u0161e onim silni ministri, privrednici, ahbapi iz Turske, gazde iz Beograda?<\/p>\n<p>Dok se u ostalim dijelovima Sand\u017eaka \u010deka odgovora na ta pitanja, u Tutinu je ponu\u0111eno rje\u0161enje&#8230; Bilo je na \u201cnezavisnoj\u201d Televiziji Tutin. Ko je vidio, vidio je. Bilo je vi\u0161e od sahat vremena promoviranja onog \u0161to se nama, u ovoj kasabi, nudi kao spas. Stekao sam utisak da o tome nije dobro pisati, jer \u0107e nam tako sjajnu ideju preuzeti susjedne op\u0107ine. Ipak, ne\u0107u da krijem, makar se svi seirili o kakvoj je prevari rije\u010d.<br \/>\nNa nekoliko kilometara od Tutina, u Ljeskovi, izgradit \u0107e se industrijska zona!<\/p>\n<p>Da nije tu\u017eno, bilo bi smije\u0161no. Pomislio sam, hajde da odgledam ovo \u010dudo i jo\u0161 jednom se uvjerim u krajnje domete jedne, vi\u0161e nego proma\u0161ene, politike. Znam da u ovo niko ne vjeruje, ali isto tako znam i da ljudskoj gluposti nema kraja. Bajke se ne pri\u010daju odraslima.<\/p>\n<p>Narod je ovim ljudima, koji su poznati samo po obe\u0107anjima i upropa\u0161\u0107avanju svega \u0161to je zajedni\u010dko, uputio jasnu poruku na posljednjim izborima. Pored svih mogu\u0107ih intervencija njihovih mentora, oni su izgubili od na\u0161eg naroda. Stavljeno im je do znanja da vi\u0161e nema trgovine bo\u0161nja\u010dkim glasovima. Dolaze ljudi koji znaju da se bore za Sand\u017eak i prava koja nam pripadaju. Kona\u010dno \u0107e oni koji su upropastili Sand\u017eak u ekonomskom, politi\u010dkom i svakom drugom smislu biti historija.<\/p>\n<p>Pobjedom na tim izborima poslata je i jasna poruka kriminalcima da takav na\u010din egzistencije nestaje, da je blizu dan kada \u0107e ih otrgnuti iz naru\u010dja njihovih gazda. Tada \u0107e ovom narodu podnositi izvje\u0161taj. Za\u0161to je ovaj grad sve siroma\u0161niji, a oni sve bogatiji?<\/p>\n<p>Za\u0161to se u ovom gradu mogu zaposliti samo njihovi ro\u0111aci? Kod nas posao \u010deka oko sedam hiljada ljudi, a brojni su i oni koji su zavr\u0161ili fakultete a nemaju gdje raditi.<\/p>\n<p>Ipak, ho\u0107u da ve\u010deras prvi put u \u017eivotu obezvrijedim logiku, zaboravim to \u0161to je jasno i da ovih sahat vremena vjerujem u ono \u0161to nam se servira preko lokalne televizije. Industrijska zona \u0107e, po njihovim rije\u010dima, rije\u0161iti sve probleme u Tutinu, ali i \u0161ire. Ovdje \u0107e dr\u017eava, sa svojim ministrima porijeklom iz na\u0161ih krajeva, investirati silne milijarde. Sve \u0107e to pomo\u0107i bratska nam Turska sa jo\u0161 toliko i koliko god nam bude zapelo. Mi samo se trebamo trsiti ovog hala i da, kada nam ministri dolaze, imaju, brate, gdje do\u0107i.<\/p>\n<p>Zaposlit \u0107e, vele, petnaest hiljada ljudi. Nije to kraj, bit \u0107e i isto toliko stanova u ovom \u010dudu od Ljeskove. Ma\u0161allah!<\/p>\n<p>Priznajem da sam bio malo zbunjen, ali obe\u0107ao sam da \u0107u im povjerovati, pa kud puklo da puklo. Pro\u0111e mi kroz glavu i da \u0107e sada biti problem na\u0107i toliko ljudi u Tutinu koji nemaju posla. Pravo da vam ka\u017eem, obradovah se. Znam da svi oni koji trenutno upravljaju ovom op\u0107inom nemaju toliko svojti i da je ovo kona\u010dno \u0161ansa\u00a0 i za nas. Ne\u0107e valjda dovoditi ljude iz Ra\u0161ke, Kraljeva, Kragujevca, a nas zaobi\u0107i.<\/p>\n<p>Na vrhuncu ovog remek-djela, prikaza\u0161e prelijepu d\u017eamiju. Laknulo mi je, jer mi je bilo jasno da im ovi iz pobrojanih gradova ne\u0107e dolaziti ba\u0161 zbog nje. Ljeskova, onako poplo\u010dana, okolo ogromne zgrade, fontane i zelenilo na sve strane \u2013 a put do tog \u010duda? E, to ne znam ni da opi\u0161em. U\u017eivam u tim prizorima a vidim isto je i sa mojim musafirom, amid\u017eom Suljom, rodom s Pe\u0161teri, koji se obreo na posedak.<\/p>\n<p>U\u017eivaju\u0107i u kadrovima, sjetih se nekih \u0161kolskih ahbaba sa Pe\u0161teri, Uvijek su zimi kasnili, dolazili puni studi, kvasnih nogavica, nosili vunene kape, da se nekako izbore s hladno\u0107om. Sjedili su uvijek do radijatora. Rekoh: \u201cKada odem da vidim ovo \u010dudo, svratit \u0107u i do njih.\u201d<\/p>\n<p>Znam koliko su surove zime u ovim krajevima i po\u010deo sam da razim\u0161ljam kako \u0107emo sutra putovat tamo na posao, ako nas padne. Nije lahko po onoj hladno\u0107i. Upravo u tom momentu na ekran nekako pokaza\u0161e i \u010dovjeka koji je najzaslu\u017eniji za ovaj rahatluk. Meni svanu, prepoznadoh ga. To je onaj gospodin \u0161to je u Ko\u0161tuni\u010dinoj vladi imao konkretna zadu\u017eenja da vrijeme bude lijepo.<\/p>\n<p>Ovom narodu nije mnogo pomogao, ali valjda \u0107e makar za nas to u\u010diniti. Neka \u201cnaru\u0107i\u201d da se pe\u0161terska hladno\u0107a premesti u \u010ca\u010dak kod onog njegovog prijatelja, \u0161to ga je grijalo sunce u Pazaru.<br \/>\nAmid\u017ea, kojeg sam skoro i zaboravio, nekako ljutito ustade, ho\u0107e da ide ku\u0107i. Meni se u\u010dini da je mo\u017eda ljut, ni\u0161ta nismo razgovarali, krenuh za njim. \u201cStani, \u010dovje\u010de, \u0161to \u017euri\u0161, da se nisi \u0161ta naljutio?\u201d\u00a0 Okrenu se kad smo ve\u0107 stigli do kapije i onim njegovim smirenim glasom, kakav je i ina\u010de, po\u010de pri\u010dati: \u201cVidi\u0161 li ti \u0161ta oni pri\u010daju, hastaluk ih pogodio&#8230; Danas sam cio dan vukao vodu za pi\u0107e od Mehova kr\u0161a. Pobjegao sam iz one moje hurdulije, jer nismo imali ni hi\u010d vodu. Sad kad sam se doselio ovdje, ona nije za pi\u0107e. Svake godine obe\u0107avaju da \u0107e to sredit do Nove godine, i stalno je tako. Voda i dalje nije ispravna. Oni da mi, \u0161im\u0107im, probijaju neke tunele od Crkvina do Tutina, oni da skracuju put&#8230; E moj sinovac, sit sam ja te njihove pri\u010de! Ta njihova politika za mene zna\u010di nikad ili kasno. Eto, kad \u0107e ti to biti.\u201d<\/p>\n<p>Sve sam ovo i sam znao, ali probao sam da im makar ve\u010deras vjerujem i ova me njegova hi\u0107aja vrati u realnost. Izgleda da i on to osjeti, te mi onako pomirljivim glasom re\u010de: \u201cHalali mi, ja to vi\u0161e ne mogu da trpim, ti ako ho\u0107e\u0161 idi gledaj to do kraja, ja ne mogu.\u201d<\/p>\n<p>Probah malo da ga ohrabrim, znam kako mu je, rekoh: \u201cMid\u017eo Suljko, sabur, bit \u0107e bolje, ni\u010dija nije do gore sijala.\u201d Kao da je samo to i \u010dekao cijelu ve\u010der. Okrenu se jo\u0161 jednom i odbrusi: \u201cHo\u0107e, bit \u0107e kad istina bude gornja, kad se zarez pretvori u ta\u010dku, samo tad \u0107e bit bolje!\u201d<br \/>\nOde niz ulicu.<\/p>\n<p>Autor: <strong>Zaim Red\u017eepovi\u0107<\/strong><\/p>\n","protected":false},"excerpt":{"rendered":"<p>&#8220;sand\u017eak&#8221; &#8211; Poslije briljantnih vijesti o tome kako \u0107e nam dvojica srbijanskih ministara rodom iz Sand\u017eaka kona\u010dno obezbijediti nekakve investicije, koje \u0107e napokon koristiti i ovom narodu, uslijedile su brojne posjete \u2013 ambasadori, privrednici, eksperti&#8230; Sje\u0107amo se i aerodroma, a negdje blizu na\u0161ih avlija \u0107e biti i autoput. Naravno, tom prilikom su pojasnili i obaveze [&hellip;]<\/p>\n","protected":false},"author":83,"featured_media":14564,"comment_status":"open","ping_status":"open","sticky":false,"template":"","format":"standard","meta":{"footnotes":""},"categories":[72,52,327,392,393,394],"tags":[],"class_list":{"0":"post-14563","1":"post","2":"type-post","3":"status-publish","4":"format-standard","5":"has-post-thumbnail","7":"category-novi-pazar","8":"category-sjenica","9":"category-tutin","10":"category-prijepolje_","11":"category-priboj","12":"category-nova-varos"},"yoast_head":"<!-- This site is optimized with the Yoast SEO Premium plugin v23.1 (Yoast SEO v24.9) - https:\/\/yoast.com\/wordpress\/plugins\/seo\/ -->\n<title>Kada zarez preraste u ta\u010dku<\/title>\n<meta name=\"robots\" content=\"index, follow, max-snippet:-1, max-image-preview:large, max-video-preview:-1\" \/>\n<link rel=\"canonical\" href=\"https:\/\/sandzakpress.net\/arhiva\/kada-zarez-preraste-u-tacku\/\" \/>\n<meta property=\"og:locale\" content=\"bs_BA\" \/>\n<meta property=\"og:type\" content=\"article\" \/>\n<meta property=\"og:title\" content=\"Kada zarez preraste u ta\u010dku\" \/>\n<meta property=\"og:description\" content=\"&#8220;sand\u017eak&#8221; &#8211; Poslije briljantnih vijesti o tome kako \u0107e nam dvojica srbijanskih ministara rodom iz Sand\u017eaka kona\u010dno obezbijediti nekakve investicije, koje \u0107e napokon koristiti i ovom narodu, uslijedile su brojne posjete \u2013 ambasadori, privrednici, eksperti&#8230; Sje\u0107amo se i aerodroma, a negdje blizu na\u0161ih avlija \u0107e biti i autoput. Naravno, tom prilikom su pojasnili i obaveze [&hellip;]\" \/>\n<meta property=\"og:url\" content=\"https:\/\/sandzakpress.net\/arhiva\/kada-zarez-preraste-u-tacku\/\" \/>\n<meta property=\"og:site_name\" content=\"Sand\u017eak PRESS\" \/>\n<meta property=\"article:published_time\" content=\"2011-04-02T15:53:14+00:00\" \/>\n<meta property=\"og:image\" content=\"https:\/\/sandzakpress.net\/arhiva\/wp-content\/uploads\/2011\/04\/zarez-prerasta-u-tacku.jpg\" \/>\n\t<meta property=\"og:image:width\" content=\"616\" \/>\n\t<meta property=\"og:image:height\" content=\"285\" \/>\n\t<meta property=\"og:image:type\" content=\"image\/jpeg\" \/>\n<meta name=\"author\" content=\"bosniak\" \/>\n<meta name=\"twitter:card\" content=\"summary_large_image\" \/>\n<meta name=\"twitter:label1\" content=\"Written by\" \/>\n\t<meta name=\"twitter:data1\" content=\"bosniak\" \/>\n\t<meta name=\"twitter:label2\" content=\"Est. reading time\" \/>\n\t<meta name=\"twitter:data2\" content=\"7 minuta\" \/>\n<script type=\"application\/ld+json\" class=\"yoast-schema-graph\">{\"@context\":\"https:\/\/schema.org\",\"@graph\":[{\"@type\":\"Article\",\"@id\":\"https:\/\/sandzakpress.net\/arhiva\/kada-zarez-preraste-u-tacku\/#article\",\"isPartOf\":{\"@id\":\"https:\/\/sandzakpress.net\/arhiva\/kada-zarez-preraste-u-tacku\/\"},\"author\":{\"name\":\"bosniak\",\"@id\":\"https:\/\/sandzakpress.net\/arhiva\/#\/schema\/person\/c8baee722073534b583ea7bdb2e36c02\"},\"headline\":\"Kada zarez preraste u ta\u010dku\",\"datePublished\":\"2011-04-02T15:53:14+00:00\",\"mainEntityOfPage\":{\"@id\":\"https:\/\/sandzakpress.net\/arhiva\/kada-zarez-preraste-u-tacku\/\"},\"wordCount\":1323,\"commentCount\":19,\"publisher\":{\"@id\":\"https:\/\/sandzakpress.net\/arhiva\/#\/schema\/person\/6e72b67d6e51910a1117b3b483ba20bd\"},\"image\":{\"@id\":\"https:\/\/sandzakpress.net\/arhiva\/kada-zarez-preraste-u-tacku\/#primaryimage\"},\"thumbnailUrl\":\"https:\/\/sandzakpress.net\/arhiva\/wp-content\/uploads\/2011\/04\/zarez-prerasta-u-tacku.jpg\",\"articleSection\":[\"Novi Pazar\",\"Sjenica\",\"Tutin\",\"Prijepolje\",\"Priboj\",\"Nova Varo\u0161\"],\"inLanguage\":\"bs-BA\",\"potentialAction\":[{\"@type\":\"CommentAction\",\"name\":\"Comment\",\"target\":[\"https:\/\/sandzakpress.net\/arhiva\/kada-zarez-preraste-u-tacku\/#respond\"]}]},{\"@type\":\"WebPage\",\"@id\":\"https:\/\/sandzakpress.net\/arhiva\/kada-zarez-preraste-u-tacku\/\",\"url\":\"https:\/\/sandzakpress.net\/arhiva\/kada-zarez-preraste-u-tacku\/\",\"name\":\"Kada zarez preraste u ta\u010dku\",\"isPartOf\":{\"@id\":\"https:\/\/sandzakpress.net\/arhiva\/#website\"},\"primaryImageOfPage\":{\"@id\":\"https:\/\/sandzakpress.net\/arhiva\/kada-zarez-preraste-u-tacku\/#primaryimage\"},\"image\":{\"@id\":\"https:\/\/sandzakpress.net\/arhiva\/kada-zarez-preraste-u-tacku\/#primaryimage\"},\"thumbnailUrl\":\"https:\/\/sandzakpress.net\/arhiva\/wp-content\/uploads\/2011\/04\/zarez-prerasta-u-tacku.jpg\",\"datePublished\":\"2011-04-02T15:53:14+00:00\",\"breadcrumb\":{\"@id\":\"https:\/\/sandzakpress.net\/arhiva\/kada-zarez-preraste-u-tacku\/#breadcrumb\"},\"inLanguage\":\"bs-BA\",\"potentialAction\":[{\"@type\":\"ReadAction\",\"target\":[\"https:\/\/sandzakpress.net\/arhiva\/kada-zarez-preraste-u-tacku\/\"]}]},{\"@type\":\"ImageObject\",\"inLanguage\":\"bs-BA\",\"@id\":\"https:\/\/sandzakpress.net\/arhiva\/kada-zarez-preraste-u-tacku\/#primaryimage\",\"url\":\"https:\/\/sandzakpress.net\/arhiva\/wp-content\/uploads\/2011\/04\/zarez-prerasta-u-tacku.jpg\",\"contentUrl\":\"https:\/\/sandzakpress.net\/arhiva\/wp-content\/uploads\/2011\/04\/zarez-prerasta-u-tacku.jpg\",\"width\":616,\"height\":285},{\"@type\":\"BreadcrumbList\",\"@id\":\"https:\/\/sandzakpress.net\/arhiva\/kada-zarez-preraste-u-tacku\/#breadcrumb\",\"itemListElement\":[{\"@type\":\"ListItem\",\"position\":1,\"name\":\"Home\",\"item\":\"https:\/\/sandzakpress.net\/arhiva\/\"},{\"@type\":\"ListItem\",\"position\":2,\"name\":\"Kada zarez preraste u ta\u010dku\"}]},{\"@type\":\"WebSite\",\"@id\":\"https:\/\/sandzakpress.net\/arhiva\/#website\",\"url\":\"https:\/\/sandzakpress.net\/arhiva\/\",\"name\":\"Sand\u017eak PRESS\",\"description\":\"Prve elektronske novine u Sand\u017eaku\",\"publisher\":{\"@id\":\"https:\/\/sandzakpress.net\/arhiva\/#\/schema\/person\/6e72b67d6e51910a1117b3b483ba20bd\"},\"potentialAction\":[{\"@type\":\"SearchAction\",\"target\":{\"@type\":\"EntryPoint\",\"urlTemplate\":\"https:\/\/sandzakpress.net\/arhiva\/?s={search_term_string}\"},\"query-input\":{\"@type\":\"PropertyValueSpecification\",\"valueRequired\":true,\"valueName\":\"search_term_string\"}}],\"inLanguage\":\"bs-BA\"},{\"@type\":[\"Person\",\"Organization\"],\"@id\":\"https:\/\/sandzakpress.net\/arhiva\/#\/schema\/person\/6e72b67d6e51910a1117b3b483ba20bd\",\"name\":\"Kul\",\"image\":{\"@type\":\"ImageObject\",\"inLanguage\":\"bs-BA\",\"@id\":\"https:\/\/sandzakpress.net\/arhiva\/#\/schema\/person\/image\/\",\"url\":\"https:\/\/secure.gravatar.com\/avatar\/42263f39aa27ac04c43cab85c280eb2e?s=96&d=mm&r=pg\",\"contentUrl\":\"https:\/\/secure.gravatar.com\/avatar\/42263f39aa27ac04c43cab85c280eb2e?s=96&d=mm&r=pg\",\"caption\":\"Kul\"},\"logo\":{\"@id\":\"https:\/\/sandzakpress.net\/arhiva\/#\/schema\/person\/image\/\"}},{\"@type\":\"Person\",\"@id\":\"https:\/\/sandzakpress.net\/arhiva\/#\/schema\/person\/c8baee722073534b583ea7bdb2e36c02\",\"name\":\"bosniak\",\"image\":{\"@type\":\"ImageObject\",\"inLanguage\":\"bs-BA\",\"@id\":\"https:\/\/sandzakpress.net\/arhiva\/#\/schema\/person\/image\/\",\"url\":\"https:\/\/secure.gravatar.com\/avatar\/a04fd330bfe3a36a72a0ad4a6d89fca7?s=96&d=mm&r=pg\",\"contentUrl\":\"https:\/\/secure.gravatar.com\/avatar\/a04fd330bfe3a36a72a0ad4a6d89fca7?s=96&d=mm&r=pg\",\"caption\":\"bosniak\"},\"url\":\"https:\/\/sandzakpress.net\/arhiva\/author\/bosniak\/\"}]}<\/script>\n<!-- \/ Yoast SEO Premium plugin. -->","yoast_head_json":{"title":"Kada zarez preraste u ta\u010dku","robots":{"index":"index","follow":"follow","max-snippet":"max-snippet:-1","max-image-preview":"max-image-preview:large","max-video-preview":"max-video-preview:-1"},"canonical":"https:\/\/sandzakpress.net\/arhiva\/kada-zarez-preraste-u-tacku\/","og_locale":"bs_BA","og_type":"article","og_title":"Kada zarez preraste u ta\u010dku","og_description":"&#8220;sand\u017eak&#8221; &#8211; Poslije briljantnih vijesti o tome kako \u0107e nam dvojica srbijanskih ministara rodom iz Sand\u017eaka kona\u010dno obezbijediti nekakve investicije, koje \u0107e napokon koristiti i ovom narodu, uslijedile su brojne posjete \u2013 ambasadori, privrednici, eksperti&#8230; Sje\u0107amo se i aerodroma, a negdje blizu na\u0161ih avlija \u0107e biti i autoput. Naravno, tom prilikom su pojasnili i obaveze [&hellip;]","og_url":"https:\/\/sandzakpress.net\/arhiva\/kada-zarez-preraste-u-tacku\/","og_site_name":"Sand\u017eak PRESS","article_published_time":"2011-04-02T15:53:14+00:00","og_image":[{"width":616,"height":285,"url":"https:\/\/sandzakpress.net\/arhiva\/wp-content\/uploads\/2011\/04\/zarez-prerasta-u-tacku.jpg","type":"image\/jpeg"}],"author":"bosniak","twitter_card":"summary_large_image","twitter_misc":{"Written by":"bosniak","Est. reading time":"7 minuta"},"schema":{"@context":"https:\/\/schema.org","@graph":[{"@type":"Article","@id":"https:\/\/sandzakpress.net\/arhiva\/kada-zarez-preraste-u-tacku\/#article","isPartOf":{"@id":"https:\/\/sandzakpress.net\/arhiva\/kada-zarez-preraste-u-tacku\/"},"author":{"name":"bosniak","@id":"https:\/\/sandzakpress.net\/arhiva\/#\/schema\/person\/c8baee722073534b583ea7bdb2e36c02"},"headline":"Kada zarez preraste u ta\u010dku","datePublished":"2011-04-02T15:53:14+00:00","mainEntityOfPage":{"@id":"https:\/\/sandzakpress.net\/arhiva\/kada-zarez-preraste-u-tacku\/"},"wordCount":1323,"commentCount":19,"publisher":{"@id":"https:\/\/sandzakpress.net\/arhiva\/#\/schema\/person\/6e72b67d6e51910a1117b3b483ba20bd"},"image":{"@id":"https:\/\/sandzakpress.net\/arhiva\/kada-zarez-preraste-u-tacku\/#primaryimage"},"thumbnailUrl":"https:\/\/sandzakpress.net\/arhiva\/wp-content\/uploads\/2011\/04\/zarez-prerasta-u-tacku.jpg","articleSection":["Novi Pazar","Sjenica","Tutin","Prijepolje","Priboj","Nova Varo\u0161"],"inLanguage":"bs-BA","potentialAction":[{"@type":"CommentAction","name":"Comment","target":["https:\/\/sandzakpress.net\/arhiva\/kada-zarez-preraste-u-tacku\/#respond"]}]},{"@type":"WebPage","@id":"https:\/\/sandzakpress.net\/arhiva\/kada-zarez-preraste-u-tacku\/","url":"https:\/\/sandzakpress.net\/arhiva\/kada-zarez-preraste-u-tacku\/","name":"Kada zarez preraste u ta\u010dku","isPartOf":{"@id":"https:\/\/sandzakpress.net\/arhiva\/#website"},"primaryImageOfPage":{"@id":"https:\/\/sandzakpress.net\/arhiva\/kada-zarez-preraste-u-tacku\/#primaryimage"},"image":{"@id":"https:\/\/sandzakpress.net\/arhiva\/kada-zarez-preraste-u-tacku\/#primaryimage"},"thumbnailUrl":"https:\/\/sandzakpress.net\/arhiva\/wp-content\/uploads\/2011\/04\/zarez-prerasta-u-tacku.jpg","datePublished":"2011-04-02T15:53:14+00:00","breadcrumb":{"@id":"https:\/\/sandzakpress.net\/arhiva\/kada-zarez-preraste-u-tacku\/#breadcrumb"},"inLanguage":"bs-BA","potentialAction":[{"@type":"ReadAction","target":["https:\/\/sandzakpress.net\/arhiva\/kada-zarez-preraste-u-tacku\/"]}]},{"@type":"ImageObject","inLanguage":"bs-BA","@id":"https:\/\/sandzakpress.net\/arhiva\/kada-zarez-preraste-u-tacku\/#primaryimage","url":"https:\/\/sandzakpress.net\/arhiva\/wp-content\/uploads\/2011\/04\/zarez-prerasta-u-tacku.jpg","contentUrl":"https:\/\/sandzakpress.net\/arhiva\/wp-content\/uploads\/2011\/04\/zarez-prerasta-u-tacku.jpg","width":616,"height":285},{"@type":"BreadcrumbList","@id":"https:\/\/sandzakpress.net\/arhiva\/kada-zarez-preraste-u-tacku\/#breadcrumb","itemListElement":[{"@type":"ListItem","position":1,"name":"Home","item":"https:\/\/sandzakpress.net\/arhiva\/"},{"@type":"ListItem","position":2,"name":"Kada zarez preraste u ta\u010dku"}]},{"@type":"WebSite","@id":"https:\/\/sandzakpress.net\/arhiva\/#website","url":"https:\/\/sandzakpress.net\/arhiva\/","name":"Sand\u017eak PRESS","description":"Prve elektronske novine u Sand\u017eaku","publisher":{"@id":"https:\/\/sandzakpress.net\/arhiva\/#\/schema\/person\/6e72b67d6e51910a1117b3b483ba20bd"},"potentialAction":[{"@type":"SearchAction","target":{"@type":"EntryPoint","urlTemplate":"https:\/\/sandzakpress.net\/arhiva\/?s={search_term_string}"},"query-input":{"@type":"PropertyValueSpecification","valueRequired":true,"valueName":"search_term_string"}}],"inLanguage":"bs-BA"},{"@type":["Person","Organization"],"@id":"https:\/\/sandzakpress.net\/arhiva\/#\/schema\/person\/6e72b67d6e51910a1117b3b483ba20bd","name":"Kul","image":{"@type":"ImageObject","inLanguage":"bs-BA","@id":"https:\/\/sandzakpress.net\/arhiva\/#\/schema\/person\/image\/","url":"https:\/\/secure.gravatar.com\/avatar\/42263f39aa27ac04c43cab85c280eb2e?s=96&d=mm&r=pg","contentUrl":"https:\/\/secure.gravatar.com\/avatar\/42263f39aa27ac04c43cab85c280eb2e?s=96&d=mm&r=pg","caption":"Kul"},"logo":{"@id":"https:\/\/sandzakpress.net\/arhiva\/#\/schema\/person\/image\/"}},{"@type":"Person","@id":"https:\/\/sandzakpress.net\/arhiva\/#\/schema\/person\/c8baee722073534b583ea7bdb2e36c02","name":"bosniak","image":{"@type":"ImageObject","inLanguage":"bs-BA","@id":"https:\/\/sandzakpress.net\/arhiva\/#\/schema\/person\/image\/","url":"https:\/\/secure.gravatar.com\/avatar\/a04fd330bfe3a36a72a0ad4a6d89fca7?s=96&d=mm&r=pg","contentUrl":"https:\/\/secure.gravatar.com\/avatar\/a04fd330bfe3a36a72a0ad4a6d89fca7?s=96&d=mm&r=pg","caption":"bosniak"},"url":"https:\/\/sandzakpress.net\/arhiva\/author\/bosniak\/"}]}},"_links":{"self":[{"href":"https:\/\/sandzakpress.net\/arhiva\/wp-json\/wp\/v2\/posts\/14563"}],"collection":[{"href":"https:\/\/sandzakpress.net\/arhiva\/wp-json\/wp\/v2\/posts"}],"about":[{"href":"https:\/\/sandzakpress.net\/arhiva\/wp-json\/wp\/v2\/types\/post"}],"author":[{"embeddable":true,"href":"https:\/\/sandzakpress.net\/arhiva\/wp-json\/wp\/v2\/users\/83"}],"replies":[{"embeddable":true,"href":"https:\/\/sandzakpress.net\/arhiva\/wp-json\/wp\/v2\/comments?post=14563"}],"version-history":[{"count":0,"href":"https:\/\/sandzakpress.net\/arhiva\/wp-json\/wp\/v2\/posts\/14563\/revisions"}],"wp:featuredmedia":[{"embeddable":true,"href":"https:\/\/sandzakpress.net\/arhiva\/wp-json\/wp\/v2\/media\/14564"}],"wp:attachment":[{"href":"https:\/\/sandzakpress.net\/arhiva\/wp-json\/wp\/v2\/media?parent=14563"}],"wp:term":[{"taxonomy":"category","embeddable":true,"href":"https:\/\/sandzakpress.net\/arhiva\/wp-json\/wp\/v2\/categories?post=14563"},{"taxonomy":"post_tag","embeddable":true,"href":"https:\/\/sandzakpress.net\/arhiva\/wp-json\/wp\/v2\/tags?post=14563"}],"curies":[{"name":"wp","href":"https:\/\/api.w.org\/{rel}","templated":true}]}}