{"id":145096,"date":"2015-11-12T10:55:30","date_gmt":"2015-11-12T09:55:30","guid":{"rendered":"https:\/\/sandzakpress.net\/arhiva\/?p=145096"},"modified":"2015-11-12T10:55:30","modified_gmt":"2015-11-12T09:55:30","slug":"solange-in-den-serbischen-medien-serbischer-adem-serbische-amela-serbischer-arifi-steht-gibt-es-keine-positiven-gefuhle-gegenuber-serbien","status":"publish","type":"post","link":"https:\/\/sandzakpress.net\/arhiva\/solange-in-den-serbischen-medien-serbischer-adem-serbische-amela-serbischer-arifi-steht-gibt-es-keine-positiven-gefuhle-gegenuber-serbien\/","title":{"rendered":"Solange in den Serbischen Medien &#8220;Serbischer Adem, Serbische Amela, Serbischer Arifi &#8230; steht&#8221; gibt es keine positiven Gef\u00fchle gegen\u00fcber Serbien"},"content":{"rendered":"<p><img decoding=\"async\" src=\"http:\/\/www.vecernji.hr\/media\/cache\/c8\/1f\/c81f1da1bf9ebee75051d292f2dcb8fd.jpg\" alt=\"Muftija Zukorli\u0107 u Sand\u017eaku gradi najve\u0107u d\u017eamiju u Europi\" \/><\/p>\n<p><strong>Sandzak , Presevo \u2013 Besuch des \u00a0Mufti von Sandschak Muamer Zukorlic im Fernsehen Pink hat erhebliche \u00f6ffentliche Aufmerksamkeit sowohl im Land als auch in der Region angezogen.\u00a0<\/strong><\/p>\n<p>Die Medien wurden besonders daran interessiert, bei dem Teil der Show, in der Mufti Zukorlic Serbien kritisiert das sie alle die in ihr leben, durch das serbische Adjektiv nennen. Adem Ljajic ist f\u00fcr die \u00d6ffentlichkeit und die Medien in Serbien, der serbische Fu\u00dfballspieler, f\u00fcr den Polizist aus Pre\u0161evo Redzep Arifi sagen sie er sei der serbische Polizist, auch wenn keiner der anderen, Nationaler Serbe ist.\u00a0<\/p>\n<p>Serbische Medien schreiben \u00fcber Redzep das er ein serbischer Polizist ist, w\u00e4hrend er eine Aussage im Fernsehen als Albaner macht, der kaum die serbische Sprache spricht. Der Punkt ist, so lange der Polizist ist ein serbischer Polizist ist, so lange Adem Ljajic der beste serbische Spieler ist, so lange die beste serbische sportlerin Amela Terzic als Serbin ausgezeichnet wird es keine positiven Gef\u00fchle gegen\u00fcber Serbien geben und nicht als Heimat angesehn, &#8220;sagte Mufti Zukorlic.\u00a0<\/p>\n<p>Mufti Zukorlic sagt, es sei nicht die nicht serbische Armee, aber die Armee von Serbien, genaus so ist es beim Fu\u00dfball team und bei der Polizei nicht alle sind Serben. Der Grund, sagte Mufti ist, dass serbische Adjektiv nicht ein Substantiv aus Serbien, sondern es wird von den Substantiv Serben abgeleitet. Nach den lexikalischen Regeln des Adjektiv w\u00fcrde es man des serbischen lesen, weil es von Substantiven Serbien abgeleitet wird. Serbisch Adjektiv wird von den Serben als Adjektiv der Nationalit\u00e4t abgeleitet.<\/p>\n","protected":false},"excerpt":{"rendered":"<p>Sandzak , Presevo \u2013 Besuch des \u00a0Mufti von Sandschak Muamer Zukorlic im Fernsehen Pink hat erhebliche \u00f6ffentliche Aufmerksamkeit sowohl im Land als auch in der Region angezogen.\u00a0 Die Medien wurden besonders daran interessiert, bei dem Teil der Show, in der Mufti Zukorlic Serbien kritisiert das sie alle die in ihr leben, durch das serbische Adjektiv [&hellip;]<\/p>\n","protected":false},"author":83,"featured_media":145100,"comment_status":"open","ping_status":"open","sticky":false,"template":"","format":"standard","meta":{"footnotes":""},"categories":[10502],"tags":[],"class_list":{"0":"post-145096","1":"post","2":"type-post","3":"status-publish","4":"format-standard","5":"has-post-thumbnail","7":"category-deutsch"},"yoast_head":"<!-- This site is optimized with the Yoast SEO Premium plugin v23.1 (Yoast SEO v24.9) - https:\/\/yoast.com\/wordpress\/plugins\/seo\/ -->\n<title>Solange in den Serbischen Medien &quot;Serbischer Adem, Serbische Amela, Serbischer Arifi ... steht&quot; gibt es keine positiven Gef\u00fchle gegen\u00fcber Serbien<\/title>\n<meta name=\"robots\" content=\"index, follow, max-snippet:-1, max-image-preview:large, max-video-preview:-1\" \/>\n<link rel=\"canonical\" href=\"https:\/\/sandzakpress.net\/arhiva\/solange-in-den-serbischen-medien-serbischer-adem-serbische-amela-serbischer-arifi-steht-gibt-es-keine-positiven-gefuhle-gegenuber-serbien\/\" \/>\n<meta property=\"og:locale\" content=\"bs_BA\" \/>\n<meta property=\"og:type\" content=\"article\" \/>\n<meta property=\"og:title\" content=\"Solange in den Serbischen Medien &quot;Serbischer Adem, Serbische Amela, Serbischer Arifi ... steht&quot; gibt es keine positiven Gef\u00fchle gegen\u00fcber Serbien\" \/>\n<meta property=\"og:description\" content=\"Sandzak , Presevo \u2013 Besuch des \u00a0Mufti von Sandschak Muamer Zukorlic im Fernsehen Pink hat erhebliche \u00f6ffentliche Aufmerksamkeit sowohl im Land als auch in der Region angezogen.\u00a0 Die Medien wurden besonders daran interessiert, bei dem Teil der Show, in der Mufti Zukorlic Serbien kritisiert das sie alle die in ihr leben, durch das serbische Adjektiv [&hellip;]\" \/>\n<meta property=\"og:url\" content=\"https:\/\/sandzakpress.net\/arhiva\/solange-in-den-serbischen-medien-serbischer-adem-serbische-amela-serbischer-arifi-steht-gibt-es-keine-positiven-gefuhle-gegenuber-serbien\/\" \/>\n<meta property=\"og:site_name\" content=\"Sand\u017eak PRESS\" \/>\n<meta property=\"article:published_time\" content=\"2015-11-12T09:55:30+00:00\" \/>\n<meta property=\"og:image\" content=\"https:\/\/sandzakpress.net\/arhiva\/wp-content\/uploads\/2015\/11\/c81f1da1bf9ebee75051d292f2dcb8fd1.jpg\" \/>\n\t<meta property=\"og:image:width\" content=\"780\" \/>\n\t<meta property=\"og:image:height\" content=\"505\" \/>\n\t<meta property=\"og:image:type\" content=\"image\/jpeg\" \/>\n<meta name=\"author\" content=\"bosniak\" \/>\n<meta name=\"twitter:card\" content=\"summary_large_image\" \/>\n<meta name=\"twitter:label1\" content=\"Written by\" \/>\n\t<meta name=\"twitter:data1\" content=\"bosniak\" \/>\n\t<meta name=\"twitter:label2\" content=\"Est. reading time\" \/>\n\t<meta name=\"twitter:data2\" content=\"1 minuta\" \/>\n<script type=\"application\/ld+json\" class=\"yoast-schema-graph\">{\"@context\":\"https:\/\/schema.org\",\"@graph\":[{\"@type\":\"Article\",\"@id\":\"https:\/\/sandzakpress.net\/arhiva\/solange-in-den-serbischen-medien-serbischer-adem-serbische-amela-serbischer-arifi-steht-gibt-es-keine-positiven-gefuhle-gegenuber-serbien\/#article\",\"isPartOf\":{\"@id\":\"https:\/\/sandzakpress.net\/arhiva\/solange-in-den-serbischen-medien-serbischer-adem-serbische-amela-serbischer-arifi-steht-gibt-es-keine-positiven-gefuhle-gegenuber-serbien\/\"},\"author\":{\"name\":\"bosniak\",\"@id\":\"https:\/\/sandzakpress.net\/arhiva\/#\/schema\/person\/c8baee722073534b583ea7bdb2e36c02\"},\"headline\":\"Solange in den Serbischen Medien &#8220;Serbischer Adem, Serbische Amela, Serbischer Arifi &#8230; steht&#8221; gibt es keine positiven Gef\u00fchle gegen\u00fcber Serbien\",\"datePublished\":\"2015-11-12T09:55:30+00:00\",\"mainEntityOfPage\":{\"@id\":\"https:\/\/sandzakpress.net\/arhiva\/solange-in-den-serbischen-medien-serbischer-adem-serbische-amela-serbischer-arifi-steht-gibt-es-keine-positiven-gefuhle-gegenuber-serbien\/\"},\"wordCount\":276,\"commentCount\":0,\"publisher\":{\"@id\":\"https:\/\/sandzakpress.net\/arhiva\/#\/schema\/person\/6e72b67d6e51910a1117b3b483ba20bd\"},\"image\":{\"@id\":\"https:\/\/sandzakpress.net\/arhiva\/solange-in-den-serbischen-medien-serbischer-adem-serbische-amela-serbischer-arifi-steht-gibt-es-keine-positiven-gefuhle-gegenuber-serbien\/#primaryimage\"},\"thumbnailUrl\":\"https:\/\/sandzakpress.net\/arhiva\/wp-content\/uploads\/2015\/11\/c81f1da1bf9ebee75051d292f2dcb8fd1.jpg\",\"articleSection\":[\"Deutsch\"],\"inLanguage\":\"bs-BA\",\"potentialAction\":[{\"@type\":\"CommentAction\",\"name\":\"Comment\",\"target\":[\"https:\/\/sandzakpress.net\/arhiva\/solange-in-den-serbischen-medien-serbischer-adem-serbische-amela-serbischer-arifi-steht-gibt-es-keine-positiven-gefuhle-gegenuber-serbien\/#respond\"]}]},{\"@type\":\"WebPage\",\"@id\":\"https:\/\/sandzakpress.net\/arhiva\/solange-in-den-serbischen-medien-serbischer-adem-serbische-amela-serbischer-arifi-steht-gibt-es-keine-positiven-gefuhle-gegenuber-serbien\/\",\"url\":\"https:\/\/sandzakpress.net\/arhiva\/solange-in-den-serbischen-medien-serbischer-adem-serbische-amela-serbischer-arifi-steht-gibt-es-keine-positiven-gefuhle-gegenuber-serbien\/\",\"name\":\"Solange in den Serbischen Medien \\\"Serbischer Adem, Serbische Amela, Serbischer Arifi ... steht\\\" gibt es keine positiven Gef\u00fchle gegen\u00fcber Serbien\",\"isPartOf\":{\"@id\":\"https:\/\/sandzakpress.net\/arhiva\/#website\"},\"primaryImageOfPage\":{\"@id\":\"https:\/\/sandzakpress.net\/arhiva\/solange-in-den-serbischen-medien-serbischer-adem-serbische-amela-serbischer-arifi-steht-gibt-es-keine-positiven-gefuhle-gegenuber-serbien\/#primaryimage\"},\"image\":{\"@id\":\"https:\/\/sandzakpress.net\/arhiva\/solange-in-den-serbischen-medien-serbischer-adem-serbische-amela-serbischer-arifi-steht-gibt-es-keine-positiven-gefuhle-gegenuber-serbien\/#primaryimage\"},\"thumbnailUrl\":\"https:\/\/sandzakpress.net\/arhiva\/wp-content\/uploads\/2015\/11\/c81f1da1bf9ebee75051d292f2dcb8fd1.jpg\",\"datePublished\":\"2015-11-12T09:55:30+00:00\",\"breadcrumb\":{\"@id\":\"https:\/\/sandzakpress.net\/arhiva\/solange-in-den-serbischen-medien-serbischer-adem-serbische-amela-serbischer-arifi-steht-gibt-es-keine-positiven-gefuhle-gegenuber-serbien\/#breadcrumb\"},\"inLanguage\":\"bs-BA\",\"potentialAction\":[{\"@type\":\"ReadAction\",\"target\":[\"https:\/\/sandzakpress.net\/arhiva\/solange-in-den-serbischen-medien-serbischer-adem-serbische-amela-serbischer-arifi-steht-gibt-es-keine-positiven-gefuhle-gegenuber-serbien\/\"]}]},{\"@type\":\"ImageObject\",\"inLanguage\":\"bs-BA\",\"@id\":\"https:\/\/sandzakpress.net\/arhiva\/solange-in-den-serbischen-medien-serbischer-adem-serbische-amela-serbischer-arifi-steht-gibt-es-keine-positiven-gefuhle-gegenuber-serbien\/#primaryimage\",\"url\":\"https:\/\/sandzakpress.net\/arhiva\/wp-content\/uploads\/2015\/11\/c81f1da1bf9ebee75051d292f2dcb8fd1.jpg\",\"contentUrl\":\"https:\/\/sandzakpress.net\/arhiva\/wp-content\/uploads\/2015\/11\/c81f1da1bf9ebee75051d292f2dcb8fd1.jpg\",\"width\":780,\"height\":505},{\"@type\":\"BreadcrumbList\",\"@id\":\"https:\/\/sandzakpress.net\/arhiva\/solange-in-den-serbischen-medien-serbischer-adem-serbische-amela-serbischer-arifi-steht-gibt-es-keine-positiven-gefuhle-gegenuber-serbien\/#breadcrumb\",\"itemListElement\":[{\"@type\":\"ListItem\",\"position\":1,\"name\":\"Home\",\"item\":\"https:\/\/sandzakpress.net\/arhiva\/\"},{\"@type\":\"ListItem\",\"position\":2,\"name\":\"Solange in den Serbischen Medien &#8220;Serbischer Adem, Serbische Amela, Serbischer Arifi &#8230; steht&#8221; gibt es keine positiven Gef\u00fchle gegen\u00fcber Serbien\"}]},{\"@type\":\"WebSite\",\"@id\":\"https:\/\/sandzakpress.net\/arhiva\/#website\",\"url\":\"https:\/\/sandzakpress.net\/arhiva\/\",\"name\":\"Sand\u017eak PRESS\",\"description\":\"Prve elektronske novine u Sand\u017eaku\",\"publisher\":{\"@id\":\"https:\/\/sandzakpress.net\/arhiva\/#\/schema\/person\/6e72b67d6e51910a1117b3b483ba20bd\"},\"potentialAction\":[{\"@type\":\"SearchAction\",\"target\":{\"@type\":\"EntryPoint\",\"urlTemplate\":\"https:\/\/sandzakpress.net\/arhiva\/?s={search_term_string}\"},\"query-input\":{\"@type\":\"PropertyValueSpecification\",\"valueRequired\":true,\"valueName\":\"search_term_string\"}}],\"inLanguage\":\"bs-BA\"},{\"@type\":[\"Person\",\"Organization\"],\"@id\":\"https:\/\/sandzakpress.net\/arhiva\/#\/schema\/person\/6e72b67d6e51910a1117b3b483ba20bd\",\"name\":\"Kul\",\"image\":{\"@type\":\"ImageObject\",\"inLanguage\":\"bs-BA\",\"@id\":\"https:\/\/sandzakpress.net\/arhiva\/#\/schema\/person\/image\/\",\"url\":\"https:\/\/secure.gravatar.com\/avatar\/42263f39aa27ac04c43cab85c280eb2e?s=96&d=mm&r=pg\",\"contentUrl\":\"https:\/\/secure.gravatar.com\/avatar\/42263f39aa27ac04c43cab85c280eb2e?s=96&d=mm&r=pg\",\"caption\":\"Kul\"},\"logo\":{\"@id\":\"https:\/\/sandzakpress.net\/arhiva\/#\/schema\/person\/image\/\"}},{\"@type\":\"Person\",\"@id\":\"https:\/\/sandzakpress.net\/arhiva\/#\/schema\/person\/c8baee722073534b583ea7bdb2e36c02\",\"name\":\"bosniak\",\"image\":{\"@type\":\"ImageObject\",\"inLanguage\":\"bs-BA\",\"@id\":\"https:\/\/sandzakpress.net\/arhiva\/#\/schema\/person\/image\/\",\"url\":\"https:\/\/secure.gravatar.com\/avatar\/a04fd330bfe3a36a72a0ad4a6d89fca7?s=96&d=mm&r=pg\",\"contentUrl\":\"https:\/\/secure.gravatar.com\/avatar\/a04fd330bfe3a36a72a0ad4a6d89fca7?s=96&d=mm&r=pg\",\"caption\":\"bosniak\"},\"url\":\"https:\/\/sandzakpress.net\/arhiva\/author\/bosniak\/\"}]}<\/script>\n<!-- \/ Yoast SEO Premium plugin. -->","yoast_head_json":{"title":"Solange in den Serbischen Medien \"Serbischer Adem, Serbische Amela, Serbischer Arifi ... steht\" gibt es keine positiven Gef\u00fchle gegen\u00fcber Serbien","robots":{"index":"index","follow":"follow","max-snippet":"max-snippet:-1","max-image-preview":"max-image-preview:large","max-video-preview":"max-video-preview:-1"},"canonical":"https:\/\/sandzakpress.net\/arhiva\/solange-in-den-serbischen-medien-serbischer-adem-serbische-amela-serbischer-arifi-steht-gibt-es-keine-positiven-gefuhle-gegenuber-serbien\/","og_locale":"bs_BA","og_type":"article","og_title":"Solange in den Serbischen Medien \"Serbischer Adem, Serbische Amela, Serbischer Arifi ... steht\" gibt es keine positiven Gef\u00fchle gegen\u00fcber Serbien","og_description":"Sandzak , Presevo \u2013 Besuch des \u00a0Mufti von Sandschak Muamer Zukorlic im Fernsehen Pink hat erhebliche \u00f6ffentliche Aufmerksamkeit sowohl im Land als auch in der Region angezogen.\u00a0 Die Medien wurden besonders daran interessiert, bei dem Teil der Show, in der Mufti Zukorlic Serbien kritisiert das sie alle die in ihr leben, durch das serbische Adjektiv [&hellip;]","og_url":"https:\/\/sandzakpress.net\/arhiva\/solange-in-den-serbischen-medien-serbischer-adem-serbische-amela-serbischer-arifi-steht-gibt-es-keine-positiven-gefuhle-gegenuber-serbien\/","og_site_name":"Sand\u017eak PRESS","article_published_time":"2015-11-12T09:55:30+00:00","og_image":[{"width":780,"height":505,"url":"https:\/\/sandzakpress.net\/arhiva\/wp-content\/uploads\/2015\/11\/c81f1da1bf9ebee75051d292f2dcb8fd1.jpg","type":"image\/jpeg"}],"author":"bosniak","twitter_card":"summary_large_image","twitter_misc":{"Written by":"bosniak","Est. reading time":"1 minuta"},"schema":{"@context":"https:\/\/schema.org","@graph":[{"@type":"Article","@id":"https:\/\/sandzakpress.net\/arhiva\/solange-in-den-serbischen-medien-serbischer-adem-serbische-amela-serbischer-arifi-steht-gibt-es-keine-positiven-gefuhle-gegenuber-serbien\/#article","isPartOf":{"@id":"https:\/\/sandzakpress.net\/arhiva\/solange-in-den-serbischen-medien-serbischer-adem-serbische-amela-serbischer-arifi-steht-gibt-es-keine-positiven-gefuhle-gegenuber-serbien\/"},"author":{"name":"bosniak","@id":"https:\/\/sandzakpress.net\/arhiva\/#\/schema\/person\/c8baee722073534b583ea7bdb2e36c02"},"headline":"Solange in den Serbischen Medien &#8220;Serbischer Adem, Serbische Amela, Serbischer Arifi &#8230; steht&#8221; gibt es keine positiven Gef\u00fchle gegen\u00fcber Serbien","datePublished":"2015-11-12T09:55:30+00:00","mainEntityOfPage":{"@id":"https:\/\/sandzakpress.net\/arhiva\/solange-in-den-serbischen-medien-serbischer-adem-serbische-amela-serbischer-arifi-steht-gibt-es-keine-positiven-gefuhle-gegenuber-serbien\/"},"wordCount":276,"commentCount":0,"publisher":{"@id":"https:\/\/sandzakpress.net\/arhiva\/#\/schema\/person\/6e72b67d6e51910a1117b3b483ba20bd"},"image":{"@id":"https:\/\/sandzakpress.net\/arhiva\/solange-in-den-serbischen-medien-serbischer-adem-serbische-amela-serbischer-arifi-steht-gibt-es-keine-positiven-gefuhle-gegenuber-serbien\/#primaryimage"},"thumbnailUrl":"https:\/\/sandzakpress.net\/arhiva\/wp-content\/uploads\/2015\/11\/c81f1da1bf9ebee75051d292f2dcb8fd1.jpg","articleSection":["Deutsch"],"inLanguage":"bs-BA","potentialAction":[{"@type":"CommentAction","name":"Comment","target":["https:\/\/sandzakpress.net\/arhiva\/solange-in-den-serbischen-medien-serbischer-adem-serbische-amela-serbischer-arifi-steht-gibt-es-keine-positiven-gefuhle-gegenuber-serbien\/#respond"]}]},{"@type":"WebPage","@id":"https:\/\/sandzakpress.net\/arhiva\/solange-in-den-serbischen-medien-serbischer-adem-serbische-amela-serbischer-arifi-steht-gibt-es-keine-positiven-gefuhle-gegenuber-serbien\/","url":"https:\/\/sandzakpress.net\/arhiva\/solange-in-den-serbischen-medien-serbischer-adem-serbische-amela-serbischer-arifi-steht-gibt-es-keine-positiven-gefuhle-gegenuber-serbien\/","name":"Solange in den Serbischen Medien \"Serbischer Adem, Serbische Amela, Serbischer Arifi ... steht\" gibt es keine positiven Gef\u00fchle gegen\u00fcber Serbien","isPartOf":{"@id":"https:\/\/sandzakpress.net\/arhiva\/#website"},"primaryImageOfPage":{"@id":"https:\/\/sandzakpress.net\/arhiva\/solange-in-den-serbischen-medien-serbischer-adem-serbische-amela-serbischer-arifi-steht-gibt-es-keine-positiven-gefuhle-gegenuber-serbien\/#primaryimage"},"image":{"@id":"https:\/\/sandzakpress.net\/arhiva\/solange-in-den-serbischen-medien-serbischer-adem-serbische-amela-serbischer-arifi-steht-gibt-es-keine-positiven-gefuhle-gegenuber-serbien\/#primaryimage"},"thumbnailUrl":"https:\/\/sandzakpress.net\/arhiva\/wp-content\/uploads\/2015\/11\/c81f1da1bf9ebee75051d292f2dcb8fd1.jpg","datePublished":"2015-11-12T09:55:30+00:00","breadcrumb":{"@id":"https:\/\/sandzakpress.net\/arhiva\/solange-in-den-serbischen-medien-serbischer-adem-serbische-amela-serbischer-arifi-steht-gibt-es-keine-positiven-gefuhle-gegenuber-serbien\/#breadcrumb"},"inLanguage":"bs-BA","potentialAction":[{"@type":"ReadAction","target":["https:\/\/sandzakpress.net\/arhiva\/solange-in-den-serbischen-medien-serbischer-adem-serbische-amela-serbischer-arifi-steht-gibt-es-keine-positiven-gefuhle-gegenuber-serbien\/"]}]},{"@type":"ImageObject","inLanguage":"bs-BA","@id":"https:\/\/sandzakpress.net\/arhiva\/solange-in-den-serbischen-medien-serbischer-adem-serbische-amela-serbischer-arifi-steht-gibt-es-keine-positiven-gefuhle-gegenuber-serbien\/#primaryimage","url":"https:\/\/sandzakpress.net\/arhiva\/wp-content\/uploads\/2015\/11\/c81f1da1bf9ebee75051d292f2dcb8fd1.jpg","contentUrl":"https:\/\/sandzakpress.net\/arhiva\/wp-content\/uploads\/2015\/11\/c81f1da1bf9ebee75051d292f2dcb8fd1.jpg","width":780,"height":505},{"@type":"BreadcrumbList","@id":"https:\/\/sandzakpress.net\/arhiva\/solange-in-den-serbischen-medien-serbischer-adem-serbische-amela-serbischer-arifi-steht-gibt-es-keine-positiven-gefuhle-gegenuber-serbien\/#breadcrumb","itemListElement":[{"@type":"ListItem","position":1,"name":"Home","item":"https:\/\/sandzakpress.net\/arhiva\/"},{"@type":"ListItem","position":2,"name":"Solange in den Serbischen Medien &#8220;Serbischer Adem, Serbische Amela, Serbischer Arifi &#8230; steht&#8221; gibt es keine positiven Gef\u00fchle gegen\u00fcber Serbien"}]},{"@type":"WebSite","@id":"https:\/\/sandzakpress.net\/arhiva\/#website","url":"https:\/\/sandzakpress.net\/arhiva\/","name":"Sand\u017eak PRESS","description":"Prve elektronske novine u Sand\u017eaku","publisher":{"@id":"https:\/\/sandzakpress.net\/arhiva\/#\/schema\/person\/6e72b67d6e51910a1117b3b483ba20bd"},"potentialAction":[{"@type":"SearchAction","target":{"@type":"EntryPoint","urlTemplate":"https:\/\/sandzakpress.net\/arhiva\/?s={search_term_string}"},"query-input":{"@type":"PropertyValueSpecification","valueRequired":true,"valueName":"search_term_string"}}],"inLanguage":"bs-BA"},{"@type":["Person","Organization"],"@id":"https:\/\/sandzakpress.net\/arhiva\/#\/schema\/person\/6e72b67d6e51910a1117b3b483ba20bd","name":"Kul","image":{"@type":"ImageObject","inLanguage":"bs-BA","@id":"https:\/\/sandzakpress.net\/arhiva\/#\/schema\/person\/image\/","url":"https:\/\/secure.gravatar.com\/avatar\/42263f39aa27ac04c43cab85c280eb2e?s=96&d=mm&r=pg","contentUrl":"https:\/\/secure.gravatar.com\/avatar\/42263f39aa27ac04c43cab85c280eb2e?s=96&d=mm&r=pg","caption":"Kul"},"logo":{"@id":"https:\/\/sandzakpress.net\/arhiva\/#\/schema\/person\/image\/"}},{"@type":"Person","@id":"https:\/\/sandzakpress.net\/arhiva\/#\/schema\/person\/c8baee722073534b583ea7bdb2e36c02","name":"bosniak","image":{"@type":"ImageObject","inLanguage":"bs-BA","@id":"https:\/\/sandzakpress.net\/arhiva\/#\/schema\/person\/image\/","url":"https:\/\/secure.gravatar.com\/avatar\/a04fd330bfe3a36a72a0ad4a6d89fca7?s=96&d=mm&r=pg","contentUrl":"https:\/\/secure.gravatar.com\/avatar\/a04fd330bfe3a36a72a0ad4a6d89fca7?s=96&d=mm&r=pg","caption":"bosniak"},"url":"https:\/\/sandzakpress.net\/arhiva\/author\/bosniak\/"}]}},"_links":{"self":[{"href":"https:\/\/sandzakpress.net\/arhiva\/wp-json\/wp\/v2\/posts\/145096"}],"collection":[{"href":"https:\/\/sandzakpress.net\/arhiva\/wp-json\/wp\/v2\/posts"}],"about":[{"href":"https:\/\/sandzakpress.net\/arhiva\/wp-json\/wp\/v2\/types\/post"}],"author":[{"embeddable":true,"href":"https:\/\/sandzakpress.net\/arhiva\/wp-json\/wp\/v2\/users\/83"}],"replies":[{"embeddable":true,"href":"https:\/\/sandzakpress.net\/arhiva\/wp-json\/wp\/v2\/comments?post=145096"}],"version-history":[{"count":0,"href":"https:\/\/sandzakpress.net\/arhiva\/wp-json\/wp\/v2\/posts\/145096\/revisions"}],"wp:featuredmedia":[{"embeddable":true,"href":"https:\/\/sandzakpress.net\/arhiva\/wp-json\/wp\/v2\/media\/145100"}],"wp:attachment":[{"href":"https:\/\/sandzakpress.net\/arhiva\/wp-json\/wp\/v2\/media?parent=145096"}],"wp:term":[{"taxonomy":"category","embeddable":true,"href":"https:\/\/sandzakpress.net\/arhiva\/wp-json\/wp\/v2\/categories?post=145096"},{"taxonomy":"post_tag","embeddable":true,"href":"https:\/\/sandzakpress.net\/arhiva\/wp-json\/wp\/v2\/tags?post=145096"}],"curies":[{"name":"wp","href":"https:\/\/api.w.org\/{rel}","templated":true}]}}