{"id":145023,"date":"2015-11-11T13:50:58","date_gmt":"2015-11-11T12:50:58","guid":{"rendered":"https:\/\/sandzakpress.net\/arhiva\/arapske-diplomate-i-politicari-abbas-javno-i-tajno-radi-za-interese-cionista"},"modified":"2015-11-11T13:50:58","modified_gmt":"2015-11-11T12:50:58","slug":"arapske-diplomate-i-politicari-abbas-javno-i-tajno-radi-za-interese-cionista","status":"publish","type":"post","link":"https:\/\/sandzakpress.net\/arhiva\/arapske-diplomate-i-politicari-abbas-javno-i-tajno-radi-za-interese-cionista\/","title":{"rendered":"Arapske diplomate i politi\u010dari- Abbas javno i tajno radi za interese cionista"},"content":{"rendered":"<p><img decoding=\"async\" src=\"http:\/\/www.islambosna.ba\/wp-content\/uploads\/2015\/11\/900x450_uploads2015103056338fdd501d2.jpeg\" alt=\"\" \/><\/p>\n<p><strong>Palestina \u2013 Predsjednik palestinske uprave i vo\u0111a pokreta Fatah, Mahmud Abbas iznio je tvrdnje po kojima je navodno\u00a0odbio prijedlog predsjednika Muhammeda Mursija, koji je on nazvao \u201cizraelskim uz Mursijevu podr\u0161ku\u201d da Palestincima bude ustupljeno hiljadu kvadratnih kilometara na Sinaju gdje bi se pro\u0161irilo podru\u010dje Gazze. Prema njegovim rije\u010dima, taj prijedlog je bio tema razgovora izme\u0111u Hamasa i Izraela.<\/strong><\/p>\n<p>Tu tvrdnju su negirali brojni arapski diplomate i politi\u010dari. Biv\u0161i palestinski ambasador u Kairu, ina\u010de jedan od istaknutih vo\u0111a pokreta Fatah, negirao je informaciju da je predsjednik Mursi ponudio hiljadu kvadratnih kilometara na podru\u010dju Sinaja kako bi se pro\u0161irilo podru\u010dje Gazze.<\/p>\n<p>Biv\u0161i ambasador u Indiji, Adli Sadik je u ponedjeljak, na svome Facebook profilu napisao: \u201cAbbas je pogrije\u0161io kada je kazao da je Mursi nudio hiljadu kvadratnih kilometara na Sinaju. Gre\u0161ka je ovdje trojaka; eti\u010dka, politi\u010dka i organizaciona.\u201d<\/p>\n<p>Biv\u0161i egipatski ministar investicija Muhammed Hamid, okarakterisao je Abbasove tvrdnje kao la\u017ene zatra\u017eiv\u0161i od njega da iznese argumente za svoju tvrdnju.<\/p>\n<p>On se oglasio putem svoga Facebook profila gdje je napisao: \u201cMahmud Abbas izlazi praktikuju\u0107i ponovo najgori i najpokvareniji vid politike. Jasno i nedvosmisleno la\u017ee tvrde\u0107i da mu je predsjednik Muhammed Mursi nudio dio Sinaja.\u201d On je jo\u0161 dodao: \u201cMahmud Abbas, koji javno i tajno radi za interese cionista, niti mo\u017ee niti \u0107e ikada mo\u0107i da donese niti jedan dokaz za svoje tvrdnje.\u201d<\/p>\n<p>On je jo\u0161 istakao da dvije godine nakon herojskog dr\u017eanja predsjednika Mursija i egipatskih revolucionara postaje jasno ko je prodao Sinaj, ko ubija, raseljava i proganja njegove stanovnike i ko je prvi put u historiji Egipta glasao za cionisti\u010dku tvorevinu u UN-u.<\/p>\n<p>IslamBosna.ba<\/p>\n<p>Pogledajte vijest na izvornom sajtu:<\/p>\n<p><a href=\"http:\/\/islampress.net\/dijeli\/arapske-diplomate-i-politicari-abbas-javno-i-tajno-radi-za-interese-cionista\" target=\"_blank\">Arapske diplomate i politi\u010dari- Abbas javno i tajno radi za interese cionista<\/a><\/p>\n","protected":false},"excerpt":{"rendered":"<p>Palestina \u2013 Predsjednik palestinske uprave i vo\u0111a pokreta Fatah, Mahmud Abbas iznio je tvrdnje po kojima je navodno\u00a0odbio prijedlog predsjednika Muhammeda Mursija, koji je on nazvao \u201cizraelskim uz Mursijevu podr\u0161ku\u201d da Palestincima bude ustupljeno hiljadu kvadratnih kilometara na Sinaju gdje bi se pro\u0161irilo podru\u010dje Gazze. Prema njegovim rije\u010dima, taj prijedlog je bio tema razgovora izme\u0111u [&hellip;]<\/p>\n","protected":false},"author":83,"featured_media":145025,"comment_status":"open","ping_status":"open","sticky":false,"template":"","format":"standard","meta":{"footnotes":""},"categories":[9],"tags":[10499],"class_list":{"0":"post-145023","1":"post","2":"type-post","3":"status-publish","4":"format-standard","5":"has-post-thumbnail","7":"category-svijet","8":"tag-a"},"yoast_head":"<!-- This site is optimized with the Yoast SEO Premium plugin v23.1 (Yoast SEO v24.9) - https:\/\/yoast.com\/wordpress\/plugins\/seo\/ -->\n<title>Arapske diplomate i politi\u010dari- Abbas javno i tajno radi za interese cionista<\/title>\n<meta name=\"robots\" content=\"index, follow, max-snippet:-1, max-image-preview:large, max-video-preview:-1\" \/>\n<link rel=\"canonical\" href=\"https:\/\/sandzakpress.net\/arhiva\/arapske-diplomate-i-politicari-abbas-javno-i-tajno-radi-za-interese-cionista\/\" \/>\n<meta property=\"og:locale\" content=\"bs_BA\" \/>\n<meta property=\"og:type\" content=\"article\" \/>\n<meta property=\"og:title\" content=\"Arapske diplomate i politi\u010dari- Abbas javno i tajno radi za interese cionista\" \/>\n<meta property=\"og:description\" content=\"Palestina \u2013 Predsjednik palestinske uprave i vo\u0111a pokreta Fatah, Mahmud Abbas iznio je tvrdnje po kojima je navodno\u00a0odbio prijedlog predsjednika Muhammeda Mursija, koji je on nazvao \u201cizraelskim uz Mursijevu podr\u0161ku\u201d da Palestincima bude ustupljeno hiljadu kvadratnih kilometara na Sinaju gdje bi se pro\u0161irilo podru\u010dje Gazze. Prema njegovim rije\u010dima, taj prijedlog je bio tema razgovora izme\u0111u [&hellip;]\" \/>\n<meta property=\"og:url\" content=\"https:\/\/sandzakpress.net\/arhiva\/arapske-diplomate-i-politicari-abbas-javno-i-tajno-radi-za-interese-cionista\/\" \/>\n<meta property=\"og:site_name\" content=\"Sand\u017eak PRESS\" \/>\n<meta property=\"article:published_time\" content=\"2015-11-11T12:50:58+00:00\" \/>\n<meta property=\"og:image\" content=\"https:\/\/sandzakpress.net\/arhiva\/wp-content\/uploads\/2015\/11\/900x450_uploads2015103056338fdd501d2.jpeg\" \/>\n\t<meta property=\"og:image:width\" content=\"900\" \/>\n\t<meta property=\"og:image:height\" content=\"450\" \/>\n\t<meta property=\"og:image:type\" content=\"image\/jpeg\" \/>\n<meta name=\"author\" content=\"bosniak\" \/>\n<meta name=\"twitter:card\" content=\"summary_large_image\" \/>\n<meta name=\"twitter:label1\" content=\"Written by\" \/>\n\t<meta name=\"twitter:data1\" content=\"bosniak\" \/>\n\t<meta name=\"twitter:label2\" content=\"Est. reading time\" \/>\n\t<meta name=\"twitter:data2\" content=\"2 minute\" \/>\n<script type=\"application\/ld+json\" class=\"yoast-schema-graph\">{\"@context\":\"https:\/\/schema.org\",\"@graph\":[{\"@type\":\"Article\",\"@id\":\"https:\/\/sandzakpress.net\/arhiva\/arapske-diplomate-i-politicari-abbas-javno-i-tajno-radi-za-interese-cionista\/#article\",\"isPartOf\":{\"@id\":\"https:\/\/sandzakpress.net\/arhiva\/arapske-diplomate-i-politicari-abbas-javno-i-tajno-radi-za-interese-cionista\/\"},\"author\":{\"name\":\"bosniak\",\"@id\":\"https:\/\/sandzakpress.net\/arhiva\/#\/schema\/person\/c8baee722073534b583ea7bdb2e36c02\"},\"headline\":\"Arapske diplomate i politi\u010dari- Abbas javno i tajno radi za interese cionista\",\"datePublished\":\"2015-11-11T12:50:58+00:00\",\"mainEntityOfPage\":{\"@id\":\"https:\/\/sandzakpress.net\/arhiva\/arapske-diplomate-i-politicari-abbas-javno-i-tajno-radi-za-interese-cionista\/\"},\"wordCount\":323,\"commentCount\":11,\"publisher\":{\"@id\":\"https:\/\/sandzakpress.net\/arhiva\/#\/schema\/person\/6e72b67d6e51910a1117b3b483ba20bd\"},\"image\":{\"@id\":\"https:\/\/sandzakpress.net\/arhiva\/arapske-diplomate-i-politicari-abbas-javno-i-tajno-radi-za-interese-cionista\/#primaryimage\"},\"thumbnailUrl\":\"https:\/\/sandzakpress.net\/arhiva\/wp-content\/uploads\/2015\/11\/900x450_uploads2015103056338fdd501d2.jpeg\",\"keywords\":[\"A\"],\"articleSection\":[\"Svijet\"],\"inLanguage\":\"bs-BA\",\"potentialAction\":[{\"@type\":\"CommentAction\",\"name\":\"Comment\",\"target\":[\"https:\/\/sandzakpress.net\/arhiva\/arapske-diplomate-i-politicari-abbas-javno-i-tajno-radi-za-interese-cionista\/#respond\"]}]},{\"@type\":\"WebPage\",\"@id\":\"https:\/\/sandzakpress.net\/arhiva\/arapske-diplomate-i-politicari-abbas-javno-i-tajno-radi-za-interese-cionista\/\",\"url\":\"https:\/\/sandzakpress.net\/arhiva\/arapske-diplomate-i-politicari-abbas-javno-i-tajno-radi-za-interese-cionista\/\",\"name\":\"Arapske diplomate i politi\u010dari- Abbas javno i tajno radi za interese cionista\",\"isPartOf\":{\"@id\":\"https:\/\/sandzakpress.net\/arhiva\/#website\"},\"primaryImageOfPage\":{\"@id\":\"https:\/\/sandzakpress.net\/arhiva\/arapske-diplomate-i-politicari-abbas-javno-i-tajno-radi-za-interese-cionista\/#primaryimage\"},\"image\":{\"@id\":\"https:\/\/sandzakpress.net\/arhiva\/arapske-diplomate-i-politicari-abbas-javno-i-tajno-radi-za-interese-cionista\/#primaryimage\"},\"thumbnailUrl\":\"https:\/\/sandzakpress.net\/arhiva\/wp-content\/uploads\/2015\/11\/900x450_uploads2015103056338fdd501d2.jpeg\",\"datePublished\":\"2015-11-11T12:50:58+00:00\",\"breadcrumb\":{\"@id\":\"https:\/\/sandzakpress.net\/arhiva\/arapske-diplomate-i-politicari-abbas-javno-i-tajno-radi-za-interese-cionista\/#breadcrumb\"},\"inLanguage\":\"bs-BA\",\"potentialAction\":[{\"@type\":\"ReadAction\",\"target\":[\"https:\/\/sandzakpress.net\/arhiva\/arapske-diplomate-i-politicari-abbas-javno-i-tajno-radi-za-interese-cionista\/\"]}]},{\"@type\":\"ImageObject\",\"inLanguage\":\"bs-BA\",\"@id\":\"https:\/\/sandzakpress.net\/arhiva\/arapske-diplomate-i-politicari-abbas-javno-i-tajno-radi-za-interese-cionista\/#primaryimage\",\"url\":\"https:\/\/sandzakpress.net\/arhiva\/wp-content\/uploads\/2015\/11\/900x450_uploads2015103056338fdd501d2.jpeg\",\"contentUrl\":\"https:\/\/sandzakpress.net\/arhiva\/wp-content\/uploads\/2015\/11\/900x450_uploads2015103056338fdd501d2.jpeg\",\"width\":900,\"height\":450},{\"@type\":\"BreadcrumbList\",\"@id\":\"https:\/\/sandzakpress.net\/arhiva\/arapske-diplomate-i-politicari-abbas-javno-i-tajno-radi-za-interese-cionista\/#breadcrumb\",\"itemListElement\":[{\"@type\":\"ListItem\",\"position\":1,\"name\":\"Home\",\"item\":\"https:\/\/sandzakpress.net\/arhiva\/\"},{\"@type\":\"ListItem\",\"position\":2,\"name\":\"Arapske diplomate i politi\u010dari- Abbas javno i tajno radi za interese cionista\"}]},{\"@type\":\"WebSite\",\"@id\":\"https:\/\/sandzakpress.net\/arhiva\/#website\",\"url\":\"https:\/\/sandzakpress.net\/arhiva\/\",\"name\":\"Sand\u017eak PRESS\",\"description\":\"Prve elektronske novine u Sand\u017eaku\",\"publisher\":{\"@id\":\"https:\/\/sandzakpress.net\/arhiva\/#\/schema\/person\/6e72b67d6e51910a1117b3b483ba20bd\"},\"potentialAction\":[{\"@type\":\"SearchAction\",\"target\":{\"@type\":\"EntryPoint\",\"urlTemplate\":\"https:\/\/sandzakpress.net\/arhiva\/?s={search_term_string}\"},\"query-input\":{\"@type\":\"PropertyValueSpecification\",\"valueRequired\":true,\"valueName\":\"search_term_string\"}}],\"inLanguage\":\"bs-BA\"},{\"@type\":[\"Person\",\"Organization\"],\"@id\":\"https:\/\/sandzakpress.net\/arhiva\/#\/schema\/person\/6e72b67d6e51910a1117b3b483ba20bd\",\"name\":\"Kul\",\"image\":{\"@type\":\"ImageObject\",\"inLanguage\":\"bs-BA\",\"@id\":\"https:\/\/sandzakpress.net\/arhiva\/#\/schema\/person\/image\/\",\"url\":\"https:\/\/secure.gravatar.com\/avatar\/42263f39aa27ac04c43cab85c280eb2e?s=96&d=mm&r=pg\",\"contentUrl\":\"https:\/\/secure.gravatar.com\/avatar\/42263f39aa27ac04c43cab85c280eb2e?s=96&d=mm&r=pg\",\"caption\":\"Kul\"},\"logo\":{\"@id\":\"https:\/\/sandzakpress.net\/arhiva\/#\/schema\/person\/image\/\"}},{\"@type\":\"Person\",\"@id\":\"https:\/\/sandzakpress.net\/arhiva\/#\/schema\/person\/c8baee722073534b583ea7bdb2e36c02\",\"name\":\"bosniak\",\"image\":{\"@type\":\"ImageObject\",\"inLanguage\":\"bs-BA\",\"@id\":\"https:\/\/sandzakpress.net\/arhiva\/#\/schema\/person\/image\/\",\"url\":\"https:\/\/secure.gravatar.com\/avatar\/a04fd330bfe3a36a72a0ad4a6d89fca7?s=96&d=mm&r=pg\",\"contentUrl\":\"https:\/\/secure.gravatar.com\/avatar\/a04fd330bfe3a36a72a0ad4a6d89fca7?s=96&d=mm&r=pg\",\"caption\":\"bosniak\"},\"url\":\"https:\/\/sandzakpress.net\/arhiva\/author\/bosniak\/\"}]}<\/script>\n<!-- \/ Yoast SEO Premium plugin. -->","yoast_head_json":{"title":"Arapske diplomate i politi\u010dari- Abbas javno i tajno radi za interese cionista","robots":{"index":"index","follow":"follow","max-snippet":"max-snippet:-1","max-image-preview":"max-image-preview:large","max-video-preview":"max-video-preview:-1"},"canonical":"https:\/\/sandzakpress.net\/arhiva\/arapske-diplomate-i-politicari-abbas-javno-i-tajno-radi-za-interese-cionista\/","og_locale":"bs_BA","og_type":"article","og_title":"Arapske diplomate i politi\u010dari- Abbas javno i tajno radi za interese cionista","og_description":"Palestina \u2013 Predsjednik palestinske uprave i vo\u0111a pokreta Fatah, Mahmud Abbas iznio je tvrdnje po kojima je navodno\u00a0odbio prijedlog predsjednika Muhammeda Mursija, koji je on nazvao \u201cizraelskim uz Mursijevu podr\u0161ku\u201d da Palestincima bude ustupljeno hiljadu kvadratnih kilometara na Sinaju gdje bi se pro\u0161irilo podru\u010dje Gazze. Prema njegovim rije\u010dima, taj prijedlog je bio tema razgovora izme\u0111u [&hellip;]","og_url":"https:\/\/sandzakpress.net\/arhiva\/arapske-diplomate-i-politicari-abbas-javno-i-tajno-radi-za-interese-cionista\/","og_site_name":"Sand\u017eak PRESS","article_published_time":"2015-11-11T12:50:58+00:00","og_image":[{"width":900,"height":450,"url":"https:\/\/sandzakpress.net\/arhiva\/wp-content\/uploads\/2015\/11\/900x450_uploads2015103056338fdd501d2.jpeg","type":"image\/jpeg"}],"author":"bosniak","twitter_card":"summary_large_image","twitter_misc":{"Written by":"bosniak","Est. reading time":"2 minute"},"schema":{"@context":"https:\/\/schema.org","@graph":[{"@type":"Article","@id":"https:\/\/sandzakpress.net\/arhiva\/arapske-diplomate-i-politicari-abbas-javno-i-tajno-radi-za-interese-cionista\/#article","isPartOf":{"@id":"https:\/\/sandzakpress.net\/arhiva\/arapske-diplomate-i-politicari-abbas-javno-i-tajno-radi-za-interese-cionista\/"},"author":{"name":"bosniak","@id":"https:\/\/sandzakpress.net\/arhiva\/#\/schema\/person\/c8baee722073534b583ea7bdb2e36c02"},"headline":"Arapske diplomate i politi\u010dari- Abbas javno i tajno radi za interese cionista","datePublished":"2015-11-11T12:50:58+00:00","mainEntityOfPage":{"@id":"https:\/\/sandzakpress.net\/arhiva\/arapske-diplomate-i-politicari-abbas-javno-i-tajno-radi-za-interese-cionista\/"},"wordCount":323,"commentCount":11,"publisher":{"@id":"https:\/\/sandzakpress.net\/arhiva\/#\/schema\/person\/6e72b67d6e51910a1117b3b483ba20bd"},"image":{"@id":"https:\/\/sandzakpress.net\/arhiva\/arapske-diplomate-i-politicari-abbas-javno-i-tajno-radi-za-interese-cionista\/#primaryimage"},"thumbnailUrl":"https:\/\/sandzakpress.net\/arhiva\/wp-content\/uploads\/2015\/11\/900x450_uploads2015103056338fdd501d2.jpeg","keywords":["A"],"articleSection":["Svijet"],"inLanguage":"bs-BA","potentialAction":[{"@type":"CommentAction","name":"Comment","target":["https:\/\/sandzakpress.net\/arhiva\/arapske-diplomate-i-politicari-abbas-javno-i-tajno-radi-za-interese-cionista\/#respond"]}]},{"@type":"WebPage","@id":"https:\/\/sandzakpress.net\/arhiva\/arapske-diplomate-i-politicari-abbas-javno-i-tajno-radi-za-interese-cionista\/","url":"https:\/\/sandzakpress.net\/arhiva\/arapske-diplomate-i-politicari-abbas-javno-i-tajno-radi-za-interese-cionista\/","name":"Arapske diplomate i politi\u010dari- Abbas javno i tajno radi za interese cionista","isPartOf":{"@id":"https:\/\/sandzakpress.net\/arhiva\/#website"},"primaryImageOfPage":{"@id":"https:\/\/sandzakpress.net\/arhiva\/arapske-diplomate-i-politicari-abbas-javno-i-tajno-radi-za-interese-cionista\/#primaryimage"},"image":{"@id":"https:\/\/sandzakpress.net\/arhiva\/arapske-diplomate-i-politicari-abbas-javno-i-tajno-radi-za-interese-cionista\/#primaryimage"},"thumbnailUrl":"https:\/\/sandzakpress.net\/arhiva\/wp-content\/uploads\/2015\/11\/900x450_uploads2015103056338fdd501d2.jpeg","datePublished":"2015-11-11T12:50:58+00:00","breadcrumb":{"@id":"https:\/\/sandzakpress.net\/arhiva\/arapske-diplomate-i-politicari-abbas-javno-i-tajno-radi-za-interese-cionista\/#breadcrumb"},"inLanguage":"bs-BA","potentialAction":[{"@type":"ReadAction","target":["https:\/\/sandzakpress.net\/arhiva\/arapske-diplomate-i-politicari-abbas-javno-i-tajno-radi-za-interese-cionista\/"]}]},{"@type":"ImageObject","inLanguage":"bs-BA","@id":"https:\/\/sandzakpress.net\/arhiva\/arapske-diplomate-i-politicari-abbas-javno-i-tajno-radi-za-interese-cionista\/#primaryimage","url":"https:\/\/sandzakpress.net\/arhiva\/wp-content\/uploads\/2015\/11\/900x450_uploads2015103056338fdd501d2.jpeg","contentUrl":"https:\/\/sandzakpress.net\/arhiva\/wp-content\/uploads\/2015\/11\/900x450_uploads2015103056338fdd501d2.jpeg","width":900,"height":450},{"@type":"BreadcrumbList","@id":"https:\/\/sandzakpress.net\/arhiva\/arapske-diplomate-i-politicari-abbas-javno-i-tajno-radi-za-interese-cionista\/#breadcrumb","itemListElement":[{"@type":"ListItem","position":1,"name":"Home","item":"https:\/\/sandzakpress.net\/arhiva\/"},{"@type":"ListItem","position":2,"name":"Arapske diplomate i politi\u010dari- Abbas javno i tajno radi za interese cionista"}]},{"@type":"WebSite","@id":"https:\/\/sandzakpress.net\/arhiva\/#website","url":"https:\/\/sandzakpress.net\/arhiva\/","name":"Sand\u017eak PRESS","description":"Prve elektronske novine u Sand\u017eaku","publisher":{"@id":"https:\/\/sandzakpress.net\/arhiva\/#\/schema\/person\/6e72b67d6e51910a1117b3b483ba20bd"},"potentialAction":[{"@type":"SearchAction","target":{"@type":"EntryPoint","urlTemplate":"https:\/\/sandzakpress.net\/arhiva\/?s={search_term_string}"},"query-input":{"@type":"PropertyValueSpecification","valueRequired":true,"valueName":"search_term_string"}}],"inLanguage":"bs-BA"},{"@type":["Person","Organization"],"@id":"https:\/\/sandzakpress.net\/arhiva\/#\/schema\/person\/6e72b67d6e51910a1117b3b483ba20bd","name":"Kul","image":{"@type":"ImageObject","inLanguage":"bs-BA","@id":"https:\/\/sandzakpress.net\/arhiva\/#\/schema\/person\/image\/","url":"https:\/\/secure.gravatar.com\/avatar\/42263f39aa27ac04c43cab85c280eb2e?s=96&d=mm&r=pg","contentUrl":"https:\/\/secure.gravatar.com\/avatar\/42263f39aa27ac04c43cab85c280eb2e?s=96&d=mm&r=pg","caption":"Kul"},"logo":{"@id":"https:\/\/sandzakpress.net\/arhiva\/#\/schema\/person\/image\/"}},{"@type":"Person","@id":"https:\/\/sandzakpress.net\/arhiva\/#\/schema\/person\/c8baee722073534b583ea7bdb2e36c02","name":"bosniak","image":{"@type":"ImageObject","inLanguage":"bs-BA","@id":"https:\/\/sandzakpress.net\/arhiva\/#\/schema\/person\/image\/","url":"https:\/\/secure.gravatar.com\/avatar\/a04fd330bfe3a36a72a0ad4a6d89fca7?s=96&d=mm&r=pg","contentUrl":"https:\/\/secure.gravatar.com\/avatar\/a04fd330bfe3a36a72a0ad4a6d89fca7?s=96&d=mm&r=pg","caption":"bosniak"},"url":"https:\/\/sandzakpress.net\/arhiva\/author\/bosniak\/"}]}},"_links":{"self":[{"href":"https:\/\/sandzakpress.net\/arhiva\/wp-json\/wp\/v2\/posts\/145023"}],"collection":[{"href":"https:\/\/sandzakpress.net\/arhiva\/wp-json\/wp\/v2\/posts"}],"about":[{"href":"https:\/\/sandzakpress.net\/arhiva\/wp-json\/wp\/v2\/types\/post"}],"author":[{"embeddable":true,"href":"https:\/\/sandzakpress.net\/arhiva\/wp-json\/wp\/v2\/users\/83"}],"replies":[{"embeddable":true,"href":"https:\/\/sandzakpress.net\/arhiva\/wp-json\/wp\/v2\/comments?post=145023"}],"version-history":[{"count":0,"href":"https:\/\/sandzakpress.net\/arhiva\/wp-json\/wp\/v2\/posts\/145023\/revisions"}],"wp:featuredmedia":[{"embeddable":true,"href":"https:\/\/sandzakpress.net\/arhiva\/wp-json\/wp\/v2\/media\/145025"}],"wp:attachment":[{"href":"https:\/\/sandzakpress.net\/arhiva\/wp-json\/wp\/v2\/media?parent=145023"}],"wp:term":[{"taxonomy":"category","embeddable":true,"href":"https:\/\/sandzakpress.net\/arhiva\/wp-json\/wp\/v2\/categories?post=145023"},{"taxonomy":"post_tag","embeddable":true,"href":"https:\/\/sandzakpress.net\/arhiva\/wp-json\/wp\/v2\/tags?post=145023"}],"curies":[{"name":"wp","href":"https:\/\/api.w.org\/{rel}","templated":true}]}}