{"id":144936,"date":"2015-11-10T14:24:25","date_gmt":"2015-11-10T13:24:25","guid":{"rendered":"https:\/\/sandzakpress.net\/arhiva\/medunarodna-zajednica-treba-sa-politicke-scene-ukloniti-one-koji-ne-priznaju-bih"},"modified":"2015-11-11T11:52:53","modified_gmt":"2015-11-11T10:52:53","slug":"medunarodna-zajednica-treba-sa-politicke-scene-ukloniti-one-koji-ne-priznaju-bih","status":"publish","type":"post","link":"https:\/\/sandzakpress.net\/arhiva\/medunarodna-zajednica-treba-sa-politicke-scene-ukloniti-one-koji-ne-priznaju-bih\/","title":{"rendered":"Me\u0111unarodna zajednica treba sa politi\u010dke scene ukloniti one koji ne priznaju BiH"},"content":{"rendered":"<p><img decoding=\"async\" src=\"http:\/\/balkans.aljazeera.net\/sites\/staff.balkans.aljazeera.com\/files\/styles\/aljazeera_article_main_image\/public\/stjepan_mesic-epa_0.jpg\" alt=\"\" \/><\/p>\n<p><strong>Hrvatska, BiH \u2013 Dejtonski sporazum nije uspostavio funkcionalnu dr\u017eavu da bi se ona mogla pripremiti i u\u0107i u EU, a tu je BiH mjesto. Budu\u0107i da se politi\u010dke elite ne mogu dogovoriti o svemu \u0161to je potrebno da bi dr\u017eava dobila funkcionalnost, potrebno je da se ponovo umije\u0161a me\u0111unarodna zajednica, poru\u010dio je u Dnevniku TV1 Stjepan Mesi\u0107, biv\u0161i predsjednik Hrvatske.<\/strong><\/p>\n<p>TV1: Kako komentari\u0161ete rezultate parlamentarnih izbora u Hrvatskoj? Je su li za Vas o\u010dekivani ili ne?<\/p>\n<p>MESI\u0106: Za mene su bili o\u010dekivani, jer se Hrvatska podijelila na jednu liberalnu Hrvatsku, evropeiziranu Hrvatsku i na, \u010dini mi se, previ\u0161e nacionalno nabrijanu Hrvatsku. To je bilo sasvim o\u010dito, posebno na kraju izborne kampanje.<\/p>\n<p>TV1: Ko, prema Va\u0161em mi\u0161ljenju, ima najvi\u0161e \u0161ansi za sastavljanje vlade?<\/p>\n<p>MESI\u0106: Sada najvi\u0161e \u0161anse vjerovatno ima HDZ, koji ima ne\u0161to vi\u0161e zastupnika. Me\u0111utim, hrvatski Ustav je tu sasvim jasan. Onaj ko donese predsjednici dokaz da ima ve\u0107inu zastupnika, taj dobija mandat, iako ima ustava gdje je to druk\u010dije rije\u0161eno. Naime, ima ustava u kojima stoji da onaj ko ima najvi\u0161e glasova dobija mandat. U Hrvatskoj to nije tako, nego upravo ko donese dokaz da ima najve\u0107i broj zastupnika, a to je onaj ko donese popis sa potpisima i dobija mandat.<br \/> TV1: Da li je i za vas iznena\u0111enje izborni rezultat koalicije \u201cMost\u201d?<\/p>\n<p>MESI\u0106: Za mene ni to nije nikakvo iznena\u0111enje, jer su ljudi razo\u010darani u biv\u0161u HDZ-ovu vlast, koja je provela kriminalnu privatizaciju uz koju se ve\u017eu mnoge afere. \u010cak je i premijer iz te stranke u zatvoru. Razo\u010darenje je dijelom i sa SDP-ovom vla\u0161\u0107u, jer nije odmah shvatila \u0161ta treba napraviti. Naime, ta Vlada je rekla: bi\u0107emo d\u017eentlmeni, ne\u0107emo nikoga optu\u017eivati. Ono \u0161to su morali napraviti jeste da naprave snimak postoje\u0107eg stanja, da ka\u017eu sa kojim mjerama idu i koji \u0107e efekti tih mjera biti. To je gra\u0111ane zanimalo, ali to su po\u010deli govoriti tek zadnju godinu svoje vladavine.<\/p>\n<p>TV1: Kako gledate na najavu Tomislava Karamarka da \u0107e ukinuti ured biv\u0161eg predsjednika?<\/p>\n<p>MESI\u0106: On to mo\u017ee ako dobije najve\u0107i broj glasova u parlamentu. Samo, da dobije sve glasove u parlamentu, ne mo\u017ee mene ukinuti. To je ne\u0161to \u0161to je izvan njegove mo\u0107i.<\/p>\n<p>TV1: U BiH je u toku niz manifestacija kojim se obilje\u017eava 20-godi\u0161njica Dejtona. Kako vi vidite BiH danas, 20 godina nakon rata?<\/p>\n<p>MESI\u0106: BiH pre\u017eivjela je krvavi rat, brutalnu agresiju sa genocidom, izmje\u0161tanjem stanovni\u0161tva i Dejtonski sporazum je pomogao da do\u0111e do prekida rata. Me\u0111utim, Dejtonski sporazum nije uspostavio funkcionalnu dr\u017eavu da bi se ona mogla pripremiti i u\u0107i u EU. Sve zemlje jugoistoka Evrope moraju u\u0107i u EU, moraju u\u0107i \u0161to prije. Tu je mjesto i BiH. No, budu\u0107i da se politi\u010dke elite ne mogu dogovoriti o svemu \u0161to je potrebno da bi dr\u017eava dobila funkcionalnost, potrebno je da se ponovo umje\u0161a me\u0111unarodna zajednica.<\/p>\n<p>TV1: Je li, prema Va\u0161em mi\u0161ljenju, rje\u0161enje novi Dejton, odnosno Dejton II?<\/p>\n<p>MESI\u0106: Mo\u017eemo to nazvati kako ho\u0107emo, mo\u017eemo re\u0107i i da je to Dejton II. No, bitno je da me\u0111unarodna zajednica da ovlasti da onoga ko ne priznaje BiH ukloni sa politi\u010dke scene. Tu me\u0111unarodni predstavnik mora imati odre\u0161ene ruke.<\/p>\n<p>TV1: Mislite li da \u0107e me\u0111unarodna zajednica, kako mnogi ka\u017eu, po\u010deti raditi svoj posao upravo na temu o kojoj govorite?<\/p>\n<p>MESI\u0106: Za sada ja ne vidim volju na strani me\u0111unarodne zajednice, jer ona je optere\u0107ena ovom krizom biblijskih razmjera. Pokrenuta je masa od miliona ljudi, dakle ne\u0161to na \u0161ta me\u0111unarodna zajednica, svijet nema odgovora. Naime, tra\u017ei se rje\u0161enje uvijek kako smjestiti izbjeglice. Ja znam \u0161ta zna\u010di biti izbjeglica. Me\u0111unarodna zajednica, prije svega, Evropa i Amerika moraju na\u0107i rje\u0161enje. Dakle, treba zbrinuti ljude, ali niko ne postavlja pitanje za\u0161to ti ljudi bje\u017ee.<\/p>\n<p>Ako novinari ka\u017eu da su te izbjeglice dobro uhranjene, da dobro izgledaju, da imaju dobru obu\u0107u i odje\u0107u, da \u010dak imaju i dobre mobilne telefone, to je samo dokaz da su imali kvalitetan \u017eivot u onom prostoru iz kojeg dolaze. No, neko je natjerao te ljude da napuste svoje domove i tamo treba rje\u0161avati taj problem. Dakle, u Siriji treba rje\u0161avati problem, ne protiv Asada, nego sa Asadom.<\/p>\n<p>TV1: Vratimo se kratko na BiH. Ne dogodili li se ono \u0161to ste Vi rekli da bi bilo dobro kada je u pitanju uloga me\u0111unarodne zajednice prema BiH i ne promijeni li se politi\u010dka situacija unutar same BiH, kako vidite ovu zemlju za pet, odnosno deset godina?<\/p>\n<p>MESI\u0106: Ona se ne mo\u017ee pomaknuti sa mjesta ako ne do\u0111e do kvalitetnih izmjena. Do toga jednostavno mora do\u0107i. Evropa se mora udru\u017eiti. Vidimo sada da se u ovom svijetu tra\u017ei nova paradigma, a u tom evropskom svijetu mjesto je i BiH. Samo udru\u017eena Evropa mo\u017ee ostati pravi igra\u010d u ovom velikom svijetu, koji nema odgovore na izazove koje danas imamo u svijetu.<\/p>\n<p>TV1: Kako vidite ulogu Srbije u regiji?<\/p>\n<p>MESI\u0106: Srbija nije u\u010dinila ono \u0161to je Hrvatska u\u010dinila u vrijeme kada sam ja bio predsjednik Hrvatske. Na mene se neki Hrvati ljute. Rekao sam Hrvatima u BiH: va\u0161a domovina je BiH, va\u0161 glavni grad je Sarajevo, svoju politiku morate rje\u0161avati u Sarajevu. Tu se kreira va\u0161a politika.<\/p>\n<p>Iz Srbije jo\u0161 nismo dobili takvu poruku. Iz Srbije, iz oficijelnog Beograda dobijamo poruke: mi smo za cjelovitu BiH, ali u svemu podr\u017eavamo RS, gdje veliki broj najodgovornijih ljudi ne priznaje BiH. Ono \u0161to oficijelni Beograd treba napraviti jeste da poru\u010di Srbima: va\u0161a domovina je BiH, va\u0161 glavni grad je Sarajevo, svoju sre\u0107u i zadovoljstvo tra\u017eite u BiH, u granicama BiH, a ne izvan BiH.<\/p>\n<p>(TV1)<\/p>\n<p>Pogledajte vijest na izvornom sajtu:<\/p>\n<p><a href=\"http:\/\/bosnapress.net\/medunarodna-zajednica-treba-sa-politicke-scene-ukloniti-one-koji-ne-priznaju-bih\/\" target=\"_blank\">Me\u0111unarodna zajednica treba sa politi\u010dke scene ukloniti one koji ne priznaju BiH<\/a><\/p>\n","protected":false},"excerpt":{"rendered":"<p>Hrvatska, BiH \u2013 Dejtonski sporazum nije uspostavio funkcionalnu dr\u017eavu da bi se ona mogla pripremiti i u\u0107i u EU, a tu je BiH mjesto. Budu\u0107i da se politi\u010dke elite ne mogu dogovoriti o svemu \u0161to je potrebno da bi dr\u017eava dobila funkcionalnost, potrebno je da se ponovo umije\u0161a me\u0111unarodna zajednica, poru\u010dio je u Dnevniku TV1 [&hellip;]<\/p>\n","protected":false},"author":83,"featured_media":144938,"comment_status":"open","ping_status":"open","sticky":false,"template":"","format":"standard","meta":{"footnotes":""},"categories":[10513,8957],"tags":[10466],"class_list":{"0":"post-144936","1":"post","2":"type-post","3":"status-publish","4":"format-standard","5":"has-post-thumbnail","7":"category-bosna-press","8":"category-vijesti-dana","9":"tag-bosna-i-hercegovina"},"yoast_head":"<!-- This site is optimized with the Yoast SEO Premium plugin v23.1 (Yoast SEO v24.9) - https:\/\/yoast.com\/wordpress\/plugins\/seo\/ -->\n<title>Me\u0111unarodna zajednica treba sa politi\u010dke scene ukloniti one koji ne priznaju BiH<\/title>\n<meta name=\"robots\" content=\"index, follow, max-snippet:-1, max-image-preview:large, max-video-preview:-1\" \/>\n<link rel=\"canonical\" href=\"https:\/\/sandzakpress.net\/arhiva\/medunarodna-zajednica-treba-sa-politicke-scene-ukloniti-one-koji-ne-priznaju-bih\/\" \/>\n<meta property=\"og:locale\" content=\"bs_BA\" \/>\n<meta property=\"og:type\" content=\"article\" \/>\n<meta property=\"og:title\" content=\"Me\u0111unarodna zajednica treba sa politi\u010dke scene ukloniti one koji ne priznaju BiH\" \/>\n<meta property=\"og:description\" content=\"Hrvatska, BiH \u2013 Dejtonski sporazum nije uspostavio funkcionalnu dr\u017eavu da bi se ona mogla pripremiti i u\u0107i u EU, a tu je BiH mjesto. Budu\u0107i da se politi\u010dke elite ne mogu dogovoriti o svemu \u0161to je potrebno da bi dr\u017eava dobila funkcionalnost, potrebno je da se ponovo umije\u0161a me\u0111unarodna zajednica, poru\u010dio je u Dnevniku TV1 [&hellip;]\" \/>\n<meta property=\"og:url\" content=\"https:\/\/sandzakpress.net\/arhiva\/medunarodna-zajednica-treba-sa-politicke-scene-ukloniti-one-koji-ne-priznaju-bih\/\" \/>\n<meta property=\"og:site_name\" content=\"Sand\u017eak PRESS\" \/>\n<meta property=\"article:published_time\" content=\"2015-11-10T13:24:25+00:00\" \/>\n<meta property=\"article:modified_time\" content=\"2015-11-11T10:52:53+00:00\" \/>\n<meta property=\"og:image\" content=\"https:\/\/sandzakpress.net\/arhiva\/wp-content\/uploads\/2015\/11\/stjepan_mesic-epa_01.jpg\" \/>\n\t<meta property=\"og:image:width\" content=\"900\" \/>\n\t<meta property=\"og:image:height\" content=\"586\" \/>\n\t<meta property=\"og:image:type\" content=\"image\/jpeg\" \/>\n<meta name=\"author\" content=\"bosniak\" \/>\n<meta name=\"twitter:card\" content=\"summary_large_image\" \/>\n<meta name=\"twitter:label1\" content=\"Written by\" \/>\n\t<meta name=\"twitter:data1\" content=\"bosniak\" \/>\n\t<meta name=\"twitter:label2\" content=\"Est. reading time\" \/>\n\t<meta name=\"twitter:data2\" content=\"5 minuta\" \/>\n<script type=\"application\/ld+json\" class=\"yoast-schema-graph\">{\"@context\":\"https:\/\/schema.org\",\"@graph\":[{\"@type\":\"Article\",\"@id\":\"https:\/\/sandzakpress.net\/arhiva\/medunarodna-zajednica-treba-sa-politicke-scene-ukloniti-one-koji-ne-priznaju-bih\/#article\",\"isPartOf\":{\"@id\":\"https:\/\/sandzakpress.net\/arhiva\/medunarodna-zajednica-treba-sa-politicke-scene-ukloniti-one-koji-ne-priznaju-bih\/\"},\"author\":{\"name\":\"bosniak\",\"@id\":\"https:\/\/sandzakpress.net\/arhiva\/#\/schema\/person\/c8baee722073534b583ea7bdb2e36c02\"},\"headline\":\"Me\u0111unarodna zajednica treba sa politi\u010dke scene ukloniti one koji ne priznaju BiH\",\"datePublished\":\"2015-11-10T13:24:25+00:00\",\"dateModified\":\"2015-11-11T10:52:53+00:00\",\"mainEntityOfPage\":{\"@id\":\"https:\/\/sandzakpress.net\/arhiva\/medunarodna-zajednica-treba-sa-politicke-scene-ukloniti-one-koji-ne-priznaju-bih\/\"},\"wordCount\":1045,\"commentCount\":15,\"publisher\":{\"@id\":\"https:\/\/sandzakpress.net\/arhiva\/#\/schema\/person\/6e72b67d6e51910a1117b3b483ba20bd\"},\"image\":{\"@id\":\"https:\/\/sandzakpress.net\/arhiva\/medunarodna-zajednica-treba-sa-politicke-scene-ukloniti-one-koji-ne-priznaju-bih\/#primaryimage\"},\"thumbnailUrl\":\"https:\/\/sandzakpress.net\/arhiva\/wp-content\/uploads\/2015\/11\/stjepan_mesic-epa_01.jpg\",\"keywords\":[\"Bosna i Hercegovina\"],\"articleSection\":[\"Bosna PRESS\",\"VIJESTI DANA\"],\"inLanguage\":\"bs-BA\",\"potentialAction\":[{\"@type\":\"CommentAction\",\"name\":\"Comment\",\"target\":[\"https:\/\/sandzakpress.net\/arhiva\/medunarodna-zajednica-treba-sa-politicke-scene-ukloniti-one-koji-ne-priznaju-bih\/#respond\"]}]},{\"@type\":\"WebPage\",\"@id\":\"https:\/\/sandzakpress.net\/arhiva\/medunarodna-zajednica-treba-sa-politicke-scene-ukloniti-one-koji-ne-priznaju-bih\/\",\"url\":\"https:\/\/sandzakpress.net\/arhiva\/medunarodna-zajednica-treba-sa-politicke-scene-ukloniti-one-koji-ne-priznaju-bih\/\",\"name\":\"Me\u0111unarodna zajednica treba sa politi\u010dke scene ukloniti one koji ne priznaju BiH\",\"isPartOf\":{\"@id\":\"https:\/\/sandzakpress.net\/arhiva\/#website\"},\"primaryImageOfPage\":{\"@id\":\"https:\/\/sandzakpress.net\/arhiva\/medunarodna-zajednica-treba-sa-politicke-scene-ukloniti-one-koji-ne-priznaju-bih\/#primaryimage\"},\"image\":{\"@id\":\"https:\/\/sandzakpress.net\/arhiva\/medunarodna-zajednica-treba-sa-politicke-scene-ukloniti-one-koji-ne-priznaju-bih\/#primaryimage\"},\"thumbnailUrl\":\"https:\/\/sandzakpress.net\/arhiva\/wp-content\/uploads\/2015\/11\/stjepan_mesic-epa_01.jpg\",\"datePublished\":\"2015-11-10T13:24:25+00:00\",\"dateModified\":\"2015-11-11T10:52:53+00:00\",\"breadcrumb\":{\"@id\":\"https:\/\/sandzakpress.net\/arhiva\/medunarodna-zajednica-treba-sa-politicke-scene-ukloniti-one-koji-ne-priznaju-bih\/#breadcrumb\"},\"inLanguage\":\"bs-BA\",\"potentialAction\":[{\"@type\":\"ReadAction\",\"target\":[\"https:\/\/sandzakpress.net\/arhiva\/medunarodna-zajednica-treba-sa-politicke-scene-ukloniti-one-koji-ne-priznaju-bih\/\"]}]},{\"@type\":\"ImageObject\",\"inLanguage\":\"bs-BA\",\"@id\":\"https:\/\/sandzakpress.net\/arhiva\/medunarodna-zajednica-treba-sa-politicke-scene-ukloniti-one-koji-ne-priznaju-bih\/#primaryimage\",\"url\":\"https:\/\/sandzakpress.net\/arhiva\/wp-content\/uploads\/2015\/11\/stjepan_mesic-epa_01.jpg\",\"contentUrl\":\"https:\/\/sandzakpress.net\/arhiva\/wp-content\/uploads\/2015\/11\/stjepan_mesic-epa_01.jpg\",\"width\":900,\"height\":586},{\"@type\":\"BreadcrumbList\",\"@id\":\"https:\/\/sandzakpress.net\/arhiva\/medunarodna-zajednica-treba-sa-politicke-scene-ukloniti-one-koji-ne-priznaju-bih\/#breadcrumb\",\"itemListElement\":[{\"@type\":\"ListItem\",\"position\":1,\"name\":\"Home\",\"item\":\"https:\/\/sandzakpress.net\/arhiva\/\"},{\"@type\":\"ListItem\",\"position\":2,\"name\":\"Me\u0111unarodna zajednica treba sa politi\u010dke scene ukloniti one koji ne priznaju BiH\"}]},{\"@type\":\"WebSite\",\"@id\":\"https:\/\/sandzakpress.net\/arhiva\/#website\",\"url\":\"https:\/\/sandzakpress.net\/arhiva\/\",\"name\":\"Sand\u017eak PRESS\",\"description\":\"Prve elektronske novine u Sand\u017eaku\",\"publisher\":{\"@id\":\"https:\/\/sandzakpress.net\/arhiva\/#\/schema\/person\/6e72b67d6e51910a1117b3b483ba20bd\"},\"potentialAction\":[{\"@type\":\"SearchAction\",\"target\":{\"@type\":\"EntryPoint\",\"urlTemplate\":\"https:\/\/sandzakpress.net\/arhiva\/?s={search_term_string}\"},\"query-input\":{\"@type\":\"PropertyValueSpecification\",\"valueRequired\":true,\"valueName\":\"search_term_string\"}}],\"inLanguage\":\"bs-BA\"},{\"@type\":[\"Person\",\"Organization\"],\"@id\":\"https:\/\/sandzakpress.net\/arhiva\/#\/schema\/person\/6e72b67d6e51910a1117b3b483ba20bd\",\"name\":\"Kul\",\"image\":{\"@type\":\"ImageObject\",\"inLanguage\":\"bs-BA\",\"@id\":\"https:\/\/sandzakpress.net\/arhiva\/#\/schema\/person\/image\/\",\"url\":\"https:\/\/secure.gravatar.com\/avatar\/42263f39aa27ac04c43cab85c280eb2e?s=96&d=mm&r=pg\",\"contentUrl\":\"https:\/\/secure.gravatar.com\/avatar\/42263f39aa27ac04c43cab85c280eb2e?s=96&d=mm&r=pg\",\"caption\":\"Kul\"},\"logo\":{\"@id\":\"https:\/\/sandzakpress.net\/arhiva\/#\/schema\/person\/image\/\"}},{\"@type\":\"Person\",\"@id\":\"https:\/\/sandzakpress.net\/arhiva\/#\/schema\/person\/c8baee722073534b583ea7bdb2e36c02\",\"name\":\"bosniak\",\"image\":{\"@type\":\"ImageObject\",\"inLanguage\":\"bs-BA\",\"@id\":\"https:\/\/sandzakpress.net\/arhiva\/#\/schema\/person\/image\/\",\"url\":\"https:\/\/secure.gravatar.com\/avatar\/a04fd330bfe3a36a72a0ad4a6d89fca7?s=96&d=mm&r=pg\",\"contentUrl\":\"https:\/\/secure.gravatar.com\/avatar\/a04fd330bfe3a36a72a0ad4a6d89fca7?s=96&d=mm&r=pg\",\"caption\":\"bosniak\"},\"url\":\"https:\/\/sandzakpress.net\/arhiva\/author\/bosniak\/\"}]}<\/script>\n<!-- \/ Yoast SEO Premium plugin. -->","yoast_head_json":{"title":"Me\u0111unarodna zajednica treba sa politi\u010dke scene ukloniti one koji ne priznaju BiH","robots":{"index":"index","follow":"follow","max-snippet":"max-snippet:-1","max-image-preview":"max-image-preview:large","max-video-preview":"max-video-preview:-1"},"canonical":"https:\/\/sandzakpress.net\/arhiva\/medunarodna-zajednica-treba-sa-politicke-scene-ukloniti-one-koji-ne-priznaju-bih\/","og_locale":"bs_BA","og_type":"article","og_title":"Me\u0111unarodna zajednica treba sa politi\u010dke scene ukloniti one koji ne priznaju BiH","og_description":"Hrvatska, BiH \u2013 Dejtonski sporazum nije uspostavio funkcionalnu dr\u017eavu da bi se ona mogla pripremiti i u\u0107i u EU, a tu je BiH mjesto. Budu\u0107i da se politi\u010dke elite ne mogu dogovoriti o svemu \u0161to je potrebno da bi dr\u017eava dobila funkcionalnost, potrebno je da se ponovo umije\u0161a me\u0111unarodna zajednica, poru\u010dio je u Dnevniku TV1 [&hellip;]","og_url":"https:\/\/sandzakpress.net\/arhiva\/medunarodna-zajednica-treba-sa-politicke-scene-ukloniti-one-koji-ne-priznaju-bih\/","og_site_name":"Sand\u017eak PRESS","article_published_time":"2015-11-10T13:24:25+00:00","article_modified_time":"2015-11-11T10:52:53+00:00","og_image":[{"width":900,"height":586,"url":"https:\/\/sandzakpress.net\/arhiva\/wp-content\/uploads\/2015\/11\/stjepan_mesic-epa_01.jpg","type":"image\/jpeg"}],"author":"bosniak","twitter_card":"summary_large_image","twitter_misc":{"Written by":"bosniak","Est. reading time":"5 minuta"},"schema":{"@context":"https:\/\/schema.org","@graph":[{"@type":"Article","@id":"https:\/\/sandzakpress.net\/arhiva\/medunarodna-zajednica-treba-sa-politicke-scene-ukloniti-one-koji-ne-priznaju-bih\/#article","isPartOf":{"@id":"https:\/\/sandzakpress.net\/arhiva\/medunarodna-zajednica-treba-sa-politicke-scene-ukloniti-one-koji-ne-priznaju-bih\/"},"author":{"name":"bosniak","@id":"https:\/\/sandzakpress.net\/arhiva\/#\/schema\/person\/c8baee722073534b583ea7bdb2e36c02"},"headline":"Me\u0111unarodna zajednica treba sa politi\u010dke scene ukloniti one koji ne priznaju BiH","datePublished":"2015-11-10T13:24:25+00:00","dateModified":"2015-11-11T10:52:53+00:00","mainEntityOfPage":{"@id":"https:\/\/sandzakpress.net\/arhiva\/medunarodna-zajednica-treba-sa-politicke-scene-ukloniti-one-koji-ne-priznaju-bih\/"},"wordCount":1045,"commentCount":15,"publisher":{"@id":"https:\/\/sandzakpress.net\/arhiva\/#\/schema\/person\/6e72b67d6e51910a1117b3b483ba20bd"},"image":{"@id":"https:\/\/sandzakpress.net\/arhiva\/medunarodna-zajednica-treba-sa-politicke-scene-ukloniti-one-koji-ne-priznaju-bih\/#primaryimage"},"thumbnailUrl":"https:\/\/sandzakpress.net\/arhiva\/wp-content\/uploads\/2015\/11\/stjepan_mesic-epa_01.jpg","keywords":["Bosna i Hercegovina"],"articleSection":["Bosna PRESS","VIJESTI DANA"],"inLanguage":"bs-BA","potentialAction":[{"@type":"CommentAction","name":"Comment","target":["https:\/\/sandzakpress.net\/arhiva\/medunarodna-zajednica-treba-sa-politicke-scene-ukloniti-one-koji-ne-priznaju-bih\/#respond"]}]},{"@type":"WebPage","@id":"https:\/\/sandzakpress.net\/arhiva\/medunarodna-zajednica-treba-sa-politicke-scene-ukloniti-one-koji-ne-priznaju-bih\/","url":"https:\/\/sandzakpress.net\/arhiva\/medunarodna-zajednica-treba-sa-politicke-scene-ukloniti-one-koji-ne-priznaju-bih\/","name":"Me\u0111unarodna zajednica treba sa politi\u010dke scene ukloniti one koji ne priznaju BiH","isPartOf":{"@id":"https:\/\/sandzakpress.net\/arhiva\/#website"},"primaryImageOfPage":{"@id":"https:\/\/sandzakpress.net\/arhiva\/medunarodna-zajednica-treba-sa-politicke-scene-ukloniti-one-koji-ne-priznaju-bih\/#primaryimage"},"image":{"@id":"https:\/\/sandzakpress.net\/arhiva\/medunarodna-zajednica-treba-sa-politicke-scene-ukloniti-one-koji-ne-priznaju-bih\/#primaryimage"},"thumbnailUrl":"https:\/\/sandzakpress.net\/arhiva\/wp-content\/uploads\/2015\/11\/stjepan_mesic-epa_01.jpg","datePublished":"2015-11-10T13:24:25+00:00","dateModified":"2015-11-11T10:52:53+00:00","breadcrumb":{"@id":"https:\/\/sandzakpress.net\/arhiva\/medunarodna-zajednica-treba-sa-politicke-scene-ukloniti-one-koji-ne-priznaju-bih\/#breadcrumb"},"inLanguage":"bs-BA","potentialAction":[{"@type":"ReadAction","target":["https:\/\/sandzakpress.net\/arhiva\/medunarodna-zajednica-treba-sa-politicke-scene-ukloniti-one-koji-ne-priznaju-bih\/"]}]},{"@type":"ImageObject","inLanguage":"bs-BA","@id":"https:\/\/sandzakpress.net\/arhiva\/medunarodna-zajednica-treba-sa-politicke-scene-ukloniti-one-koji-ne-priznaju-bih\/#primaryimage","url":"https:\/\/sandzakpress.net\/arhiva\/wp-content\/uploads\/2015\/11\/stjepan_mesic-epa_01.jpg","contentUrl":"https:\/\/sandzakpress.net\/arhiva\/wp-content\/uploads\/2015\/11\/stjepan_mesic-epa_01.jpg","width":900,"height":586},{"@type":"BreadcrumbList","@id":"https:\/\/sandzakpress.net\/arhiva\/medunarodna-zajednica-treba-sa-politicke-scene-ukloniti-one-koji-ne-priznaju-bih\/#breadcrumb","itemListElement":[{"@type":"ListItem","position":1,"name":"Home","item":"https:\/\/sandzakpress.net\/arhiva\/"},{"@type":"ListItem","position":2,"name":"Me\u0111unarodna zajednica treba sa politi\u010dke scene ukloniti one koji ne priznaju BiH"}]},{"@type":"WebSite","@id":"https:\/\/sandzakpress.net\/arhiva\/#website","url":"https:\/\/sandzakpress.net\/arhiva\/","name":"Sand\u017eak PRESS","description":"Prve elektronske novine u Sand\u017eaku","publisher":{"@id":"https:\/\/sandzakpress.net\/arhiva\/#\/schema\/person\/6e72b67d6e51910a1117b3b483ba20bd"},"potentialAction":[{"@type":"SearchAction","target":{"@type":"EntryPoint","urlTemplate":"https:\/\/sandzakpress.net\/arhiva\/?s={search_term_string}"},"query-input":{"@type":"PropertyValueSpecification","valueRequired":true,"valueName":"search_term_string"}}],"inLanguage":"bs-BA"},{"@type":["Person","Organization"],"@id":"https:\/\/sandzakpress.net\/arhiva\/#\/schema\/person\/6e72b67d6e51910a1117b3b483ba20bd","name":"Kul","image":{"@type":"ImageObject","inLanguage":"bs-BA","@id":"https:\/\/sandzakpress.net\/arhiva\/#\/schema\/person\/image\/","url":"https:\/\/secure.gravatar.com\/avatar\/42263f39aa27ac04c43cab85c280eb2e?s=96&d=mm&r=pg","contentUrl":"https:\/\/secure.gravatar.com\/avatar\/42263f39aa27ac04c43cab85c280eb2e?s=96&d=mm&r=pg","caption":"Kul"},"logo":{"@id":"https:\/\/sandzakpress.net\/arhiva\/#\/schema\/person\/image\/"}},{"@type":"Person","@id":"https:\/\/sandzakpress.net\/arhiva\/#\/schema\/person\/c8baee722073534b583ea7bdb2e36c02","name":"bosniak","image":{"@type":"ImageObject","inLanguage":"bs-BA","@id":"https:\/\/sandzakpress.net\/arhiva\/#\/schema\/person\/image\/","url":"https:\/\/secure.gravatar.com\/avatar\/a04fd330bfe3a36a72a0ad4a6d89fca7?s=96&d=mm&r=pg","contentUrl":"https:\/\/secure.gravatar.com\/avatar\/a04fd330bfe3a36a72a0ad4a6d89fca7?s=96&d=mm&r=pg","caption":"bosniak"},"url":"https:\/\/sandzakpress.net\/arhiva\/author\/bosniak\/"}]}},"_links":{"self":[{"href":"https:\/\/sandzakpress.net\/arhiva\/wp-json\/wp\/v2\/posts\/144936"}],"collection":[{"href":"https:\/\/sandzakpress.net\/arhiva\/wp-json\/wp\/v2\/posts"}],"about":[{"href":"https:\/\/sandzakpress.net\/arhiva\/wp-json\/wp\/v2\/types\/post"}],"author":[{"embeddable":true,"href":"https:\/\/sandzakpress.net\/arhiva\/wp-json\/wp\/v2\/users\/83"}],"replies":[{"embeddable":true,"href":"https:\/\/sandzakpress.net\/arhiva\/wp-json\/wp\/v2\/comments?post=144936"}],"version-history":[{"count":0,"href":"https:\/\/sandzakpress.net\/arhiva\/wp-json\/wp\/v2\/posts\/144936\/revisions"}],"wp:featuredmedia":[{"embeddable":true,"href":"https:\/\/sandzakpress.net\/arhiva\/wp-json\/wp\/v2\/media\/144938"}],"wp:attachment":[{"href":"https:\/\/sandzakpress.net\/arhiva\/wp-json\/wp\/v2\/media?parent=144936"}],"wp:term":[{"taxonomy":"category","embeddable":true,"href":"https:\/\/sandzakpress.net\/arhiva\/wp-json\/wp\/v2\/categories?post=144936"},{"taxonomy":"post_tag","embeddable":true,"href":"https:\/\/sandzakpress.net\/arhiva\/wp-json\/wp\/v2\/tags?post=144936"}],"curies":[{"name":"wp","href":"https:\/\/api.w.org\/{rel}","templated":true}]}}