{"id":144870,"date":"2015-11-10T13:38:37","date_gmt":"2015-11-10T12:38:37","guid":{"rendered":"https:\/\/sandzakpress.net\/arhiva\/?p=144870"},"modified":"2015-11-10T13:38:37","modified_gmt":"2015-11-10T12:38:37","slug":"delegacija-bosnjaka-iz-makedonije-u-posjeti-sandzaku","status":"publish","type":"post","link":"https:\/\/sandzakpress.net\/arhiva\/delegacija-bosnjaka-iz-makedonije-u-posjeti-sandzaku\/","title":{"rendered":"Delegacija Bo\u0161njaka iz Makedonije u posjeti Sand\u017eaku"},"content":{"rendered":"<p><strong><img loading=\"lazy\" decoding=\"async\" class=\"aligncenter size-full wp-image-144872\" src=\"https:\/\/sandzakpress.net\/arhiva\/wp-content\/uploads\/2015\/11\/b6581194e3bc04407ac8807a3b2dfc5af24e423f2c4d9167a211738828176c17.jpg\" alt=\"b6581194e3bc04407ac8807a3b2dfc5af24e423f2c4d9167a211738828176c17\" width=\"759\" height=\"496\" srcset=\"https:\/\/sandzakpress.net\/arhiva\/wp-content\/uploads\/2015\/11\/b6581194e3bc04407ac8807a3b2dfc5af24e423f2c4d9167a211738828176c17.jpg 759w, https:\/\/sandzakpress.net\/arhiva\/wp-content\/uploads\/2015\/11\/b6581194e3bc04407ac8807a3b2dfc5af24e423f2c4d9167a211738828176c17-616x403.jpg 616w\" sizes=\"(max-width: 759px) 100vw, 759px\" \/>Novi Pazar, Makedonija &#8211; Delegacija iz Bo\u0161njaka iz Makedonije predvo\u0111ena D\u017eevadom Hotom, boravila je 07.11.2015. godine u Novom Pazaru, kojom prilikom su obi\u0161li ustanove Islamske zajednice i Internacionalni univerzitet u Novom Pazaru.<\/strong><\/p>\n<p>Posjeta je otpo\u010dela obilaskom Medrese Gazi Isa-beg u Novom Pazaru, nastavljena obilaskom Fakulteta za islamske studije, Mektebskih ustanova Reuda i Vildan, CHR Hajrata, Media centra i \u0160kole Kur'ana \u010casnog.<\/p>\n<p>Delegaciju su ugostili direktor Medrese Re\u0161ad-ef. Plojovi\u0107, dekan FIS-a dr. Enver Gici\u0107, sekretar Mektebskih ustanova Harun Ka\u010dapor, sekretar CHR-a Zuhdija Zukorli\u0107, direktor Media centra Salahudin Feti\u0107 te zamjenik direktora \u0160kole Kur'ana hfz. Ammar Muderizovi\u0107.<\/p>\n<p>Doma\u0107ini su goste upoznali sa historijatom i aktualnim radom ustanova, te na\u010dinu na koji svaka od ovih institucija mo\u017ee biti na raspolaganju Bo\u0161njacima svugdje u svijetu, u ovom slu\u010daju Bo\u0161njacima u Makedoniji.<\/p>\n<p>Gosti su obi\u0161li i prostorije Muftijstva sand\u017ea\u010dkog i Me\u0161ihata gdje ih je usgostio sekretar Edin \u0110erlek, a u ve\u010dernjim satima delegacija se sastala sa predsjednikom Me\u0161ihata muftijom dr. Mevlud-ef. Dudi\u0107em i njegovim saradnicima.<\/p>\n<p>Nakon posjete Islamskoj zajednici uslijedila je posjeta Internacionalnom univerzitetu u Novom Pazaru gdje ih je ugostio predsjednik Univerziteta muftija Muamer Zukorli\u0107.<\/p>\n<p>Cilj posjete je, prema rije\u010dima gostiju, upoznavanje sa sistemom institucija, kako nacionalnih tako vjerskih i obrazovnih koje djeluju u Sand\u017eaku, kako bi se Bo\u0161njaci Makedonije okoristili i dali svoj doprinos njegovom \u0161irenju.<\/p>\n<p><a class=\"cb-lightbox\" href=\"http:\/\/mesihat.org\/wp-content\/uploads\/2015\/11\/0ab4dc3fe8e66c7f79162ef59828f958c3bc2a3eed0902a690957ecbe2a2509d.jpg\"><img loading=\"lazy\" decoding=\"async\" class=\"alignnone size-full wp-image-28908\" src=\"http:\/\/mesihat.org\/wp-content\/uploads\/2015\/11\/0ab4dc3fe8e66c7f79162ef59828f958c3bc2a3eed0902a690957ecbe2a2509d.jpg\" alt=\"0ab4dc3fe8e66c7f79162ef59828f958c3bc2a3eed0902a690957ecbe2a2509d\" width=\"1280\" height=\"856\" \/><\/a><a class=\"cb-lightbox\" href=\"http:\/\/mesihat.org\/wp-content\/uploads\/2015\/11\/0c594fe02c1a92b521f1fe82221d8ed5dccd1f541b3a6d74c930444f1eb3db20.jpg\"><img loading=\"lazy\" decoding=\"async\" class=\"alignnone size-full wp-image-28909\" src=\"http:\/\/mesihat.org\/wp-content\/uploads\/2015\/11\/0c594fe02c1a92b521f1fe82221d8ed5dccd1f541b3a6d74c930444f1eb3db20.jpg\" alt=\"0c594fe02c1a92b521f1fe82221d8ed5dccd1f541b3a6d74c930444f1eb3db20\" width=\"1280\" height=\"856\" \/><\/a><a class=\"cb-lightbox\" href=\"http:\/\/mesihat.org\/wp-content\/uploads\/2015\/11\/05d699a8e5afa7d1693ce279df5203baae912e4aedb0bd344f7227b77d13d707.jpg\"><img loading=\"lazy\" decoding=\"async\" class=\"alignnone size-full wp-image-28910\" src=\"http:\/\/mesihat.org\/wp-content\/uploads\/2015\/11\/05d699a8e5afa7d1693ce279df5203baae912e4aedb0bd344f7227b77d13d707.jpg\" alt=\"05d699a8e5afa7d1693ce279df5203baae912e4aedb0bd344f7227b77d13d707\" width=\"1280\" height=\"856\" \/><\/a><a class=\"cb-lightbox\" href=\"http:\/\/mesihat.org\/wp-content\/uploads\/2015\/11\/7cdfdca0dce3d568639746dea0ceea29db3eae1ceb977eb8d73ec99c6887e219.jpg\"><img loading=\"lazy\" decoding=\"async\" class=\"alignnone size-full wp-image-28911\" src=\"http:\/\/mesihat.org\/wp-content\/uploads\/2015\/11\/7cdfdca0dce3d568639746dea0ceea29db3eae1ceb977eb8d73ec99c6887e219.jpg\" alt=\"7cdfdca0dce3d568639746dea0ceea29db3eae1ceb977eb8d73ec99c6887e219\" width=\"1280\" height=\"856\" \/><\/a><a class=\"cb-lightbox\" href=\"http:\/\/mesihat.org\/wp-content\/uploads\/2015\/11\/7fac970be17811a5cfdb45dec9f6b8392dafc8f7ee4823595120aa6257046172.jpg\"><img loading=\"lazy\" decoding=\"async\" class=\"alignnone size-full wp-image-28912\" src=\"http:\/\/mesihat.org\/wp-content\/uploads\/2015\/11\/7fac970be17811a5cfdb45dec9f6b8392dafc8f7ee4823595120aa6257046172.jpg\" alt=\"7fac970be17811a5cfdb45dec9f6b8392dafc8f7ee4823595120aa6257046172\" width=\"1280\" height=\"856\" \/><\/a><a class=\"cb-lightbox\" href=\"http:\/\/mesihat.org\/wp-content\/uploads\/2015\/11\/9dcbf1993c318cf137081c5f031c1bdcd4f33431b14ea152441787fc50c00b0f.jpg\"><img loading=\"lazy\" decoding=\"async\" class=\"alignnone size-full wp-image-28913\" src=\"http:\/\/mesihat.org\/wp-content\/uploads\/2015\/11\/9dcbf1993c318cf137081c5f031c1bdcd4f33431b14ea152441787fc50c00b0f.jpg\" alt=\"9dcbf1993c318cf137081c5f031c1bdcd4f33431b14ea152441787fc50c00b0f\" width=\"1280\" height=\"853\" \/><\/a><a class=\"cb-lightbox\" href=\"http:\/\/mesihat.org\/wp-content\/uploads\/2015\/11\/61da573d107d4d42ac9c237b41c1721a75b944993986db1fafeecacd3ae9cf55.jpg\"><img loading=\"lazy\" decoding=\"async\" class=\"alignnone size-full wp-image-28914\" src=\"http:\/\/mesihat.org\/wp-content\/uploads\/2015\/11\/61da573d107d4d42ac9c237b41c1721a75b944993986db1fafeecacd3ae9cf55.jpg\" alt=\"61da573d107d4d42ac9c237b41c1721a75b944993986db1fafeecacd3ae9cf55\" width=\"1280\" height=\"856\" \/><\/a><a class=\"cb-lightbox\" href=\"http:\/\/mesihat.org\/wp-content\/uploads\/2015\/11\/74e40fb48dbd7a7718b8be112433b9c7faad4121c4726d3bf36a81694c56b7f3.jpg\"><img loading=\"lazy\" decoding=\"async\" class=\"alignnone size-full wp-image-28915\" src=\"http:\/\/mesihat.org\/wp-content\/uploads\/2015\/11\/74e40fb48dbd7a7718b8be112433b9c7faad4121c4726d3bf36a81694c56b7f3.jpg\" alt=\"74e40fb48dbd7a7718b8be112433b9c7faad4121c4726d3bf36a81694c56b7f3\" width=\"1280\" height=\"856\" \/><\/a><a class=\"cb-lightbox\" href=\"http:\/\/mesihat.org\/wp-content\/uploads\/2015\/11\/141dc40d433219fa7c0e30711fb8d6fbded53c55d80326761d38c715c2ccf9b5.jpg\"><img loading=\"lazy\" decoding=\"async\" class=\"alignnone size-full wp-image-28916\" src=\"http:\/\/mesihat.org\/wp-content\/uploads\/2015\/11\/141dc40d433219fa7c0e30711fb8d6fbded53c55d80326761d38c715c2ccf9b5.jpg\" alt=\"141dc40d433219fa7c0e30711fb8d6fbded53c55d80326761d38c715c2ccf9b5\" width=\"1280\" height=\"856\" \/><\/a><a class=\"cb-lightbox\" href=\"http:\/\/mesihat.org\/wp-content\/uploads\/2015\/11\/5994b78196ef3a6e341a4b800bcb1657e35cd5c83b25f7e2e853a4170886540f.jpg\"><img loading=\"lazy\" decoding=\"async\" class=\"alignnone size-full wp-image-28917\" src=\"http:\/\/mesihat.org\/wp-content\/uploads\/2015\/11\/5994b78196ef3a6e341a4b800bcb1657e35cd5c83b25f7e2e853a4170886540f.jpg\" alt=\"5994b78196ef3a6e341a4b800bcb1657e35cd5c83b25f7e2e853a4170886540f\" width=\"1280\" height=\"856\" \/><\/a><a class=\"cb-lightbox\" href=\"http:\/\/mesihat.org\/wp-content\/uploads\/2015\/11\/551025c3a0de50ad600a828d0231d9c21d88411b583be17320fc279211a81d3d.jpg\"><img loading=\"lazy\" decoding=\"async\" class=\"alignnone size-full wp-image-28918\" src=\"http:\/\/mesihat.org\/wp-content\/uploads\/2015\/11\/551025c3a0de50ad600a828d0231d9c21d88411b583be17320fc279211a81d3d.jpg\" alt=\"551025c3a0de50ad600a828d0231d9c21d88411b583be17320fc279211a81d3d\" width=\"1280\" height=\"856\" \/><\/a><a class=\"cb-lightbox\" href=\"http:\/\/mesihat.org\/wp-content\/uploads\/2015\/11\/8290619880d3ef8f4fb092be358823ad7d61b9439d4d1f16bed3cac1bdfcb080.jpg\"><img loading=\"lazy\" decoding=\"async\" class=\"alignnone size-full wp-image-28919\" src=\"http:\/\/mesihat.org\/wp-content\/uploads\/2015\/11\/8290619880d3ef8f4fb092be358823ad7d61b9439d4d1f16bed3cac1bdfcb080.jpg\" alt=\"8290619880d3ef8f4fb092be358823ad7d61b9439d4d1f16bed3cac1bdfcb080\" width=\"1280\" height=\"856\" \/><\/a><a class=\"cb-lightbox\" href=\"http:\/\/mesihat.org\/wp-content\/uploads\/2015\/11\/a5c9f85de1fa8bffc7c65145dd318922b26a1625c0ff4a4e2c7c6e2b8272f575.jpg\"><img loading=\"lazy\" decoding=\"async\" class=\"alignnone size-full wp-image-28920\" src=\"http:\/\/mesihat.org\/wp-content\/uploads\/2015\/11\/a5c9f85de1fa8bffc7c65145dd318922b26a1625c0ff4a4e2c7c6e2b8272f575.jpg\" alt=\"a5c9f85de1fa8bffc7c65145dd318922b26a1625c0ff4a4e2c7c6e2b8272f575\" width=\"1280\" height=\"856\" \/><\/a><a class=\"cb-lightbox\" href=\"http:\/\/mesihat.org\/wp-content\/uploads\/2015\/11\/b2c39694e20ee6949e3bebc695f4b22448115e5f58c5cf2a6c67147f782c38e6.jpg\"><img loading=\"lazy\" decoding=\"async\" class=\"alignnone size-full wp-image-28921\" src=\"http:\/\/mesihat.org\/wp-content\/uploads\/2015\/11\/b2c39694e20ee6949e3bebc695f4b22448115e5f58c5cf2a6c67147f782c38e6.jpg\" alt=\"b2c39694e20ee6949e3bebc695f4b22448115e5f58c5cf2a6c67147f782c38e6\" width=\"1280\" height=\"856\" \/><\/a><a class=\"cb-lightbox\" href=\"http:\/\/mesihat.org\/wp-content\/uploads\/2015\/11\/bb7ab5b42587f8a62770c705ef3ab18ed73c25ce48bdc957e89da97602601d22.jpg\"><img loading=\"lazy\" decoding=\"async\" class=\"alignnone size-full wp-image-28923\" src=\"http:\/\/mesihat.org\/wp-content\/uploads\/2015\/11\/bb7ab5b42587f8a62770c705ef3ab18ed73c25ce48bdc957e89da97602601d22.jpg\" alt=\"bb7ab5b42587f8a62770c705ef3ab18ed73c25ce48bdc957e89da97602601d22\" width=\"1280\" height=\"856\" \/><\/a><a class=\"cb-lightbox\" href=\"http:\/\/mesihat.org\/wp-content\/uploads\/2015\/11\/bbfda2258e642ee5dc1464e93d00dcca9f38c48938f9c6167c3ca7e77f2d8903.jpg\"><img loading=\"lazy\" decoding=\"async\" class=\"alignnone size-full wp-image-28924\" src=\"http:\/\/mesihat.org\/wp-content\/uploads\/2015\/11\/bbfda2258e642ee5dc1464e93d00dcca9f38c48938f9c6167c3ca7e77f2d8903.jpg\" alt=\"bbfda2258e642ee5dc1464e93d00dcca9f38c48938f9c6167c3ca7e77f2d8903\" width=\"1280\" height=\"853\" \/><\/a><a class=\"cb-lightbox\" href=\"http:\/\/mesihat.org\/wp-content\/uploads\/2015\/11\/cbc1d49e82bbe5b5ccac0a710e0d973a8fbaed9646e7f1cf9e4b51e2e473a6d5.jpg\"><img loading=\"lazy\" decoding=\"async\" class=\"alignnone size-full wp-image-28925\" src=\"http:\/\/mesihat.org\/wp-content\/uploads\/2015\/11\/cbc1d49e82bbe5b5ccac0a710e0d973a8fbaed9646e7f1cf9e4b51e2e473a6d5.jpg\" alt=\"cbc1d49e82bbe5b5ccac0a710e0d973a8fbaed9646e7f1cf9e4b51e2e473a6d5\" width=\"1280\" height=\"856\" \/><\/a><a class=\"cb-lightbox\" href=\"http:\/\/mesihat.org\/wp-content\/uploads\/2015\/11\/efc1663acab479af4c35456f846b9c0aba81caf637c971cf4747905aa455fadc.jpg\"><img loading=\"lazy\" decoding=\"async\" class=\"alignnone size-full wp-image-28926\" src=\"http:\/\/mesihat.org\/wp-content\/uploads\/2015\/11\/efc1663acab479af4c35456f846b9c0aba81caf637c971cf4747905aa455fadc.jpg\" alt=\"efc1663acab479af4c35456f846b9c0aba81caf637c971cf4747905aa455fadc\" width=\"1280\" height=\"856\" \/><\/a><a class=\"cb-lightbox\" href=\"http:\/\/mesihat.org\/wp-content\/uploads\/2015\/11\/f61f981043957b6d8440a591c927d553ccdb1be772ffaf74ec61c88c49705dc0.jpg\"><img loading=\"lazy\" decoding=\"async\" class=\"alignnone size-full wp-image-28927\" src=\"http:\/\/mesihat.org\/wp-content\/uploads\/2015\/11\/f61f981043957b6d8440a591c927d553ccdb1be772ffaf74ec61c88c49705dc0.jpg\" alt=\"f61f981043957b6d8440a591c927d553ccdb1be772ffaf74ec61c88c49705dc0\" width=\"1280\" height=\"856\" \/><\/a><a class=\"cb-lightbox\" href=\"http:\/\/mesihat.org\/wp-content\/uploads\/2015\/11\/f19175a5fcd4b94518c0bf9320526948985973976eb26bc3a9b6dcb84efeed76.jpg\"><img loading=\"lazy\" decoding=\"async\" class=\"alignnone size-full wp-image-28928\" src=\"http:\/\/mesihat.org\/wp-content\/uploads\/2015\/11\/f19175a5fcd4b94518c0bf9320526948985973976eb26bc3a9b6dcb84efeed76.jpg\" alt=\"f19175a5fcd4b94518c0bf9320526948985973976eb26bc3a9b6dcb84efeed76\" width=\"1280\" height=\"856\" \/><\/a><br \/>(SANA)<\/p>\n","protected":false},"excerpt":{"rendered":"<p>Novi Pazar, Makedonija &#8211; Delegacija iz Bo\u0161njaka iz Makedonije predvo\u0111ena D\u017eevadom Hotom, boravila je 07.11.2015. godine u Novom Pazaru, kojom prilikom su obi\u0161li ustanove Islamske zajednice i Internacionalni univerzitet u Novom Pazaru. Posjeta je otpo\u010dela obilaskom Medrese Gazi Isa-beg u Novom Pazaru, nastavljena obilaskom Fakulteta za islamske studije, Mektebskih ustanova Reuda i Vildan, CHR Hajrata, [&hellip;]<\/p>\n","protected":false},"author":83,"featured_media":144872,"comment_status":"open","ping_status":"open","sticky":false,"template":"","format":"standard","meta":{"footnotes":""},"categories":[72,800,2691,8957],"tags":[],"class_list":{"0":"post-144870","1":"post","2":"type-post","3":"status-publish","4":"format-standard","5":"has-post-thumbnail","7":"category-novi-pazar","8":"category-nacija","9":"category-makedonija","10":"category-vijesti-dana"},"yoast_head":"<!-- This site is optimized with the Yoast SEO Premium plugin v23.1 (Yoast SEO v24.9) - https:\/\/yoast.com\/wordpress\/plugins\/seo\/ -->\n<title>Delegacija Bo\u0161njaka iz Makedonije u posjeti Sand\u017eaku<\/title>\n<meta name=\"robots\" content=\"index, follow, max-snippet:-1, max-image-preview:large, max-video-preview:-1\" \/>\n<link rel=\"canonical\" href=\"https:\/\/sandzakpress.net\/arhiva\/delegacija-bosnjaka-iz-makedonije-u-posjeti-sandzaku\/\" \/>\n<meta property=\"og:locale\" content=\"bs_BA\" \/>\n<meta property=\"og:type\" content=\"article\" \/>\n<meta property=\"og:title\" content=\"Delegacija Bo\u0161njaka iz Makedonije u posjeti Sand\u017eaku\" \/>\n<meta property=\"og:description\" content=\"Novi Pazar, Makedonija &#8211; Delegacija iz Bo\u0161njaka iz Makedonije predvo\u0111ena D\u017eevadom Hotom, boravila je 07.11.2015. godine u Novom Pazaru, kojom prilikom su obi\u0161li ustanove Islamske zajednice i Internacionalni univerzitet u Novom Pazaru. Posjeta je otpo\u010dela obilaskom Medrese Gazi Isa-beg u Novom Pazaru, nastavljena obilaskom Fakulteta za islamske studije, Mektebskih ustanova Reuda i Vildan, CHR Hajrata, [&hellip;]\" \/>\n<meta property=\"og:url\" content=\"https:\/\/sandzakpress.net\/arhiva\/delegacija-bosnjaka-iz-makedonije-u-posjeti-sandzaku\/\" \/>\n<meta property=\"og:site_name\" content=\"Sand\u017eak PRESS\" \/>\n<meta property=\"article:published_time\" content=\"2015-11-10T12:38:37+00:00\" \/>\n<meta property=\"og:image\" content=\"https:\/\/sandzakpress.net\/arhiva\/wp-content\/uploads\/2015\/11\/b6581194e3bc04407ac8807a3b2dfc5af24e423f2c4d9167a211738828176c17.jpg\" \/>\n\t<meta property=\"og:image:width\" content=\"759\" \/>\n\t<meta property=\"og:image:height\" content=\"496\" \/>\n\t<meta property=\"og:image:type\" content=\"image\/jpeg\" \/>\n<meta name=\"author\" content=\"bosniak\" \/>\n<meta name=\"twitter:card\" content=\"summary_large_image\" \/>\n<meta name=\"twitter:label1\" content=\"Written by\" \/>\n\t<meta name=\"twitter:data1\" content=\"bosniak\" \/>\n\t<meta name=\"twitter:label2\" content=\"Est. reading time\" \/>\n\t<meta name=\"twitter:data2\" content=\"1 minuta\" \/>\n<script type=\"application\/ld+json\" class=\"yoast-schema-graph\">{\"@context\":\"https:\/\/schema.org\",\"@graph\":[{\"@type\":\"Article\",\"@id\":\"https:\/\/sandzakpress.net\/arhiva\/delegacija-bosnjaka-iz-makedonije-u-posjeti-sandzaku\/#article\",\"isPartOf\":{\"@id\":\"https:\/\/sandzakpress.net\/arhiva\/delegacija-bosnjaka-iz-makedonije-u-posjeti-sandzaku\/\"},\"author\":{\"name\":\"bosniak\",\"@id\":\"https:\/\/sandzakpress.net\/arhiva\/#\/schema\/person\/c8baee722073534b583ea7bdb2e36c02\"},\"headline\":\"Delegacija Bo\u0161njaka iz Makedonije u posjeti Sand\u017eaku\",\"datePublished\":\"2015-11-10T12:38:37+00:00\",\"mainEntityOfPage\":{\"@id\":\"https:\/\/sandzakpress.net\/arhiva\/delegacija-bosnjaka-iz-makedonije-u-posjeti-sandzaku\/\"},\"wordCount\":247,\"commentCount\":1,\"publisher\":{\"@id\":\"https:\/\/sandzakpress.net\/arhiva\/#\/schema\/person\/6e72b67d6e51910a1117b3b483ba20bd\"},\"image\":{\"@id\":\"https:\/\/sandzakpress.net\/arhiva\/delegacija-bosnjaka-iz-makedonije-u-posjeti-sandzaku\/#primaryimage\"},\"thumbnailUrl\":\"https:\/\/sandzakpress.net\/arhiva\/wp-content\/uploads\/2015\/11\/b6581194e3bc04407ac8807a3b2dfc5af24e423f2c4d9167a211738828176c17.jpg\",\"articleSection\":[\"Novi Pazar\",\"Nacija\",\"Makedonija\",\"VIJESTI DANA\"],\"inLanguage\":\"bs-BA\",\"potentialAction\":[{\"@type\":\"CommentAction\",\"name\":\"Comment\",\"target\":[\"https:\/\/sandzakpress.net\/arhiva\/delegacija-bosnjaka-iz-makedonije-u-posjeti-sandzaku\/#respond\"]}]},{\"@type\":\"WebPage\",\"@id\":\"https:\/\/sandzakpress.net\/arhiva\/delegacija-bosnjaka-iz-makedonije-u-posjeti-sandzaku\/\",\"url\":\"https:\/\/sandzakpress.net\/arhiva\/delegacija-bosnjaka-iz-makedonije-u-posjeti-sandzaku\/\",\"name\":\"Delegacija Bo\u0161njaka iz Makedonije u posjeti Sand\u017eaku\",\"isPartOf\":{\"@id\":\"https:\/\/sandzakpress.net\/arhiva\/#website\"},\"primaryImageOfPage\":{\"@id\":\"https:\/\/sandzakpress.net\/arhiva\/delegacija-bosnjaka-iz-makedonije-u-posjeti-sandzaku\/#primaryimage\"},\"image\":{\"@id\":\"https:\/\/sandzakpress.net\/arhiva\/delegacija-bosnjaka-iz-makedonije-u-posjeti-sandzaku\/#primaryimage\"},\"thumbnailUrl\":\"https:\/\/sandzakpress.net\/arhiva\/wp-content\/uploads\/2015\/11\/b6581194e3bc04407ac8807a3b2dfc5af24e423f2c4d9167a211738828176c17.jpg\",\"datePublished\":\"2015-11-10T12:38:37+00:00\",\"breadcrumb\":{\"@id\":\"https:\/\/sandzakpress.net\/arhiva\/delegacija-bosnjaka-iz-makedonije-u-posjeti-sandzaku\/#breadcrumb\"},\"inLanguage\":\"bs-BA\",\"potentialAction\":[{\"@type\":\"ReadAction\",\"target\":[\"https:\/\/sandzakpress.net\/arhiva\/delegacija-bosnjaka-iz-makedonije-u-posjeti-sandzaku\/\"]}]},{\"@type\":\"ImageObject\",\"inLanguage\":\"bs-BA\",\"@id\":\"https:\/\/sandzakpress.net\/arhiva\/delegacija-bosnjaka-iz-makedonije-u-posjeti-sandzaku\/#primaryimage\",\"url\":\"https:\/\/sandzakpress.net\/arhiva\/wp-content\/uploads\/2015\/11\/b6581194e3bc04407ac8807a3b2dfc5af24e423f2c4d9167a211738828176c17.jpg\",\"contentUrl\":\"https:\/\/sandzakpress.net\/arhiva\/wp-content\/uploads\/2015\/11\/b6581194e3bc04407ac8807a3b2dfc5af24e423f2c4d9167a211738828176c17.jpg\",\"width\":759,\"height\":496},{\"@type\":\"BreadcrumbList\",\"@id\":\"https:\/\/sandzakpress.net\/arhiva\/delegacija-bosnjaka-iz-makedonije-u-posjeti-sandzaku\/#breadcrumb\",\"itemListElement\":[{\"@type\":\"ListItem\",\"position\":1,\"name\":\"Home\",\"item\":\"https:\/\/sandzakpress.net\/arhiva\/\"},{\"@type\":\"ListItem\",\"position\":2,\"name\":\"Delegacija Bo\u0161njaka iz Makedonije u posjeti Sand\u017eaku\"}]},{\"@type\":\"WebSite\",\"@id\":\"https:\/\/sandzakpress.net\/arhiva\/#website\",\"url\":\"https:\/\/sandzakpress.net\/arhiva\/\",\"name\":\"Sand\u017eak PRESS\",\"description\":\"Prve elektronske novine u Sand\u017eaku\",\"publisher\":{\"@id\":\"https:\/\/sandzakpress.net\/arhiva\/#\/schema\/person\/6e72b67d6e51910a1117b3b483ba20bd\"},\"potentialAction\":[{\"@type\":\"SearchAction\",\"target\":{\"@type\":\"EntryPoint\",\"urlTemplate\":\"https:\/\/sandzakpress.net\/arhiva\/?s={search_term_string}\"},\"query-input\":{\"@type\":\"PropertyValueSpecification\",\"valueRequired\":true,\"valueName\":\"search_term_string\"}}],\"inLanguage\":\"bs-BA\"},{\"@type\":[\"Person\",\"Organization\"],\"@id\":\"https:\/\/sandzakpress.net\/arhiva\/#\/schema\/person\/6e72b67d6e51910a1117b3b483ba20bd\",\"name\":\"Kul\",\"image\":{\"@type\":\"ImageObject\",\"inLanguage\":\"bs-BA\",\"@id\":\"https:\/\/sandzakpress.net\/arhiva\/#\/schema\/person\/image\/\",\"url\":\"https:\/\/secure.gravatar.com\/avatar\/42263f39aa27ac04c43cab85c280eb2e?s=96&d=mm&r=pg\",\"contentUrl\":\"https:\/\/secure.gravatar.com\/avatar\/42263f39aa27ac04c43cab85c280eb2e?s=96&d=mm&r=pg\",\"caption\":\"Kul\"},\"logo\":{\"@id\":\"https:\/\/sandzakpress.net\/arhiva\/#\/schema\/person\/image\/\"}},{\"@type\":\"Person\",\"@id\":\"https:\/\/sandzakpress.net\/arhiva\/#\/schema\/person\/c8baee722073534b583ea7bdb2e36c02\",\"name\":\"bosniak\",\"image\":{\"@type\":\"ImageObject\",\"inLanguage\":\"bs-BA\",\"@id\":\"https:\/\/sandzakpress.net\/arhiva\/#\/schema\/person\/image\/\",\"url\":\"https:\/\/secure.gravatar.com\/avatar\/a04fd330bfe3a36a72a0ad4a6d89fca7?s=96&d=mm&r=pg\",\"contentUrl\":\"https:\/\/secure.gravatar.com\/avatar\/a04fd330bfe3a36a72a0ad4a6d89fca7?s=96&d=mm&r=pg\",\"caption\":\"bosniak\"},\"url\":\"https:\/\/sandzakpress.net\/arhiva\/author\/bosniak\/\"}]}<\/script>\n<!-- \/ Yoast SEO Premium plugin. -->","yoast_head_json":{"title":"Delegacija Bo\u0161njaka iz Makedonije u posjeti Sand\u017eaku","robots":{"index":"index","follow":"follow","max-snippet":"max-snippet:-1","max-image-preview":"max-image-preview:large","max-video-preview":"max-video-preview:-1"},"canonical":"https:\/\/sandzakpress.net\/arhiva\/delegacija-bosnjaka-iz-makedonije-u-posjeti-sandzaku\/","og_locale":"bs_BA","og_type":"article","og_title":"Delegacija Bo\u0161njaka iz Makedonije u posjeti Sand\u017eaku","og_description":"Novi Pazar, Makedonija &#8211; Delegacija iz Bo\u0161njaka iz Makedonije predvo\u0111ena D\u017eevadom Hotom, boravila je 07.11.2015. godine u Novom Pazaru, kojom prilikom su obi\u0161li ustanove Islamske zajednice i Internacionalni univerzitet u Novom Pazaru. Posjeta je otpo\u010dela obilaskom Medrese Gazi Isa-beg u Novom Pazaru, nastavljena obilaskom Fakulteta za islamske studije, Mektebskih ustanova Reuda i Vildan, CHR Hajrata, [&hellip;]","og_url":"https:\/\/sandzakpress.net\/arhiva\/delegacija-bosnjaka-iz-makedonije-u-posjeti-sandzaku\/","og_site_name":"Sand\u017eak PRESS","article_published_time":"2015-11-10T12:38:37+00:00","og_image":[{"width":759,"height":496,"url":"https:\/\/sandzakpress.net\/arhiva\/wp-content\/uploads\/2015\/11\/b6581194e3bc04407ac8807a3b2dfc5af24e423f2c4d9167a211738828176c17.jpg","type":"image\/jpeg"}],"author":"bosniak","twitter_card":"summary_large_image","twitter_misc":{"Written by":"bosniak","Est. reading time":"1 minuta"},"schema":{"@context":"https:\/\/schema.org","@graph":[{"@type":"Article","@id":"https:\/\/sandzakpress.net\/arhiva\/delegacija-bosnjaka-iz-makedonije-u-posjeti-sandzaku\/#article","isPartOf":{"@id":"https:\/\/sandzakpress.net\/arhiva\/delegacija-bosnjaka-iz-makedonije-u-posjeti-sandzaku\/"},"author":{"name":"bosniak","@id":"https:\/\/sandzakpress.net\/arhiva\/#\/schema\/person\/c8baee722073534b583ea7bdb2e36c02"},"headline":"Delegacija Bo\u0161njaka iz Makedonije u posjeti Sand\u017eaku","datePublished":"2015-11-10T12:38:37+00:00","mainEntityOfPage":{"@id":"https:\/\/sandzakpress.net\/arhiva\/delegacija-bosnjaka-iz-makedonije-u-posjeti-sandzaku\/"},"wordCount":247,"commentCount":1,"publisher":{"@id":"https:\/\/sandzakpress.net\/arhiva\/#\/schema\/person\/6e72b67d6e51910a1117b3b483ba20bd"},"image":{"@id":"https:\/\/sandzakpress.net\/arhiva\/delegacija-bosnjaka-iz-makedonije-u-posjeti-sandzaku\/#primaryimage"},"thumbnailUrl":"https:\/\/sandzakpress.net\/arhiva\/wp-content\/uploads\/2015\/11\/b6581194e3bc04407ac8807a3b2dfc5af24e423f2c4d9167a211738828176c17.jpg","articleSection":["Novi Pazar","Nacija","Makedonija","VIJESTI DANA"],"inLanguage":"bs-BA","potentialAction":[{"@type":"CommentAction","name":"Comment","target":["https:\/\/sandzakpress.net\/arhiva\/delegacija-bosnjaka-iz-makedonije-u-posjeti-sandzaku\/#respond"]}]},{"@type":"WebPage","@id":"https:\/\/sandzakpress.net\/arhiva\/delegacija-bosnjaka-iz-makedonije-u-posjeti-sandzaku\/","url":"https:\/\/sandzakpress.net\/arhiva\/delegacija-bosnjaka-iz-makedonije-u-posjeti-sandzaku\/","name":"Delegacija Bo\u0161njaka iz Makedonije u posjeti Sand\u017eaku","isPartOf":{"@id":"https:\/\/sandzakpress.net\/arhiva\/#website"},"primaryImageOfPage":{"@id":"https:\/\/sandzakpress.net\/arhiva\/delegacija-bosnjaka-iz-makedonije-u-posjeti-sandzaku\/#primaryimage"},"image":{"@id":"https:\/\/sandzakpress.net\/arhiva\/delegacija-bosnjaka-iz-makedonije-u-posjeti-sandzaku\/#primaryimage"},"thumbnailUrl":"https:\/\/sandzakpress.net\/arhiva\/wp-content\/uploads\/2015\/11\/b6581194e3bc04407ac8807a3b2dfc5af24e423f2c4d9167a211738828176c17.jpg","datePublished":"2015-11-10T12:38:37+00:00","breadcrumb":{"@id":"https:\/\/sandzakpress.net\/arhiva\/delegacija-bosnjaka-iz-makedonije-u-posjeti-sandzaku\/#breadcrumb"},"inLanguage":"bs-BA","potentialAction":[{"@type":"ReadAction","target":["https:\/\/sandzakpress.net\/arhiva\/delegacija-bosnjaka-iz-makedonije-u-posjeti-sandzaku\/"]}]},{"@type":"ImageObject","inLanguage":"bs-BA","@id":"https:\/\/sandzakpress.net\/arhiva\/delegacija-bosnjaka-iz-makedonije-u-posjeti-sandzaku\/#primaryimage","url":"https:\/\/sandzakpress.net\/arhiva\/wp-content\/uploads\/2015\/11\/b6581194e3bc04407ac8807a3b2dfc5af24e423f2c4d9167a211738828176c17.jpg","contentUrl":"https:\/\/sandzakpress.net\/arhiva\/wp-content\/uploads\/2015\/11\/b6581194e3bc04407ac8807a3b2dfc5af24e423f2c4d9167a211738828176c17.jpg","width":759,"height":496},{"@type":"BreadcrumbList","@id":"https:\/\/sandzakpress.net\/arhiva\/delegacija-bosnjaka-iz-makedonije-u-posjeti-sandzaku\/#breadcrumb","itemListElement":[{"@type":"ListItem","position":1,"name":"Home","item":"https:\/\/sandzakpress.net\/arhiva\/"},{"@type":"ListItem","position":2,"name":"Delegacija Bo\u0161njaka iz Makedonije u posjeti Sand\u017eaku"}]},{"@type":"WebSite","@id":"https:\/\/sandzakpress.net\/arhiva\/#website","url":"https:\/\/sandzakpress.net\/arhiva\/","name":"Sand\u017eak PRESS","description":"Prve elektronske novine u Sand\u017eaku","publisher":{"@id":"https:\/\/sandzakpress.net\/arhiva\/#\/schema\/person\/6e72b67d6e51910a1117b3b483ba20bd"},"potentialAction":[{"@type":"SearchAction","target":{"@type":"EntryPoint","urlTemplate":"https:\/\/sandzakpress.net\/arhiva\/?s={search_term_string}"},"query-input":{"@type":"PropertyValueSpecification","valueRequired":true,"valueName":"search_term_string"}}],"inLanguage":"bs-BA"},{"@type":["Person","Organization"],"@id":"https:\/\/sandzakpress.net\/arhiva\/#\/schema\/person\/6e72b67d6e51910a1117b3b483ba20bd","name":"Kul","image":{"@type":"ImageObject","inLanguage":"bs-BA","@id":"https:\/\/sandzakpress.net\/arhiva\/#\/schema\/person\/image\/","url":"https:\/\/secure.gravatar.com\/avatar\/42263f39aa27ac04c43cab85c280eb2e?s=96&d=mm&r=pg","contentUrl":"https:\/\/secure.gravatar.com\/avatar\/42263f39aa27ac04c43cab85c280eb2e?s=96&d=mm&r=pg","caption":"Kul"},"logo":{"@id":"https:\/\/sandzakpress.net\/arhiva\/#\/schema\/person\/image\/"}},{"@type":"Person","@id":"https:\/\/sandzakpress.net\/arhiva\/#\/schema\/person\/c8baee722073534b583ea7bdb2e36c02","name":"bosniak","image":{"@type":"ImageObject","inLanguage":"bs-BA","@id":"https:\/\/sandzakpress.net\/arhiva\/#\/schema\/person\/image\/","url":"https:\/\/secure.gravatar.com\/avatar\/a04fd330bfe3a36a72a0ad4a6d89fca7?s=96&d=mm&r=pg","contentUrl":"https:\/\/secure.gravatar.com\/avatar\/a04fd330bfe3a36a72a0ad4a6d89fca7?s=96&d=mm&r=pg","caption":"bosniak"},"url":"https:\/\/sandzakpress.net\/arhiva\/author\/bosniak\/"}]}},"_links":{"self":[{"href":"https:\/\/sandzakpress.net\/arhiva\/wp-json\/wp\/v2\/posts\/144870"}],"collection":[{"href":"https:\/\/sandzakpress.net\/arhiva\/wp-json\/wp\/v2\/posts"}],"about":[{"href":"https:\/\/sandzakpress.net\/arhiva\/wp-json\/wp\/v2\/types\/post"}],"author":[{"embeddable":true,"href":"https:\/\/sandzakpress.net\/arhiva\/wp-json\/wp\/v2\/users\/83"}],"replies":[{"embeddable":true,"href":"https:\/\/sandzakpress.net\/arhiva\/wp-json\/wp\/v2\/comments?post=144870"}],"version-history":[{"count":0,"href":"https:\/\/sandzakpress.net\/arhiva\/wp-json\/wp\/v2\/posts\/144870\/revisions"}],"wp:featuredmedia":[{"embeddable":true,"href":"https:\/\/sandzakpress.net\/arhiva\/wp-json\/wp\/v2\/media\/144872"}],"wp:attachment":[{"href":"https:\/\/sandzakpress.net\/arhiva\/wp-json\/wp\/v2\/media?parent=144870"}],"wp:term":[{"taxonomy":"category","embeddable":true,"href":"https:\/\/sandzakpress.net\/arhiva\/wp-json\/wp\/v2\/categories?post=144870"},{"taxonomy":"post_tag","embeddable":true,"href":"https:\/\/sandzakpress.net\/arhiva\/wp-json\/wp\/v2\/tags?post=144870"}],"curies":[{"name":"wp","href":"https:\/\/api.w.org\/{rel}","templated":true}]}}