{"id":144823,"date":"2015-11-09T14:21:12","date_gmt":"2015-11-09T13:21:12","guid":{"rendered":"https:\/\/sandzakpress.net\/arhiva\/drama-u-tuzli-sprijecen-popis-imovine-bivsem-logorasu-fotovideo"},"modified":"2015-11-09T14:21:12","modified_gmt":"2015-11-09T13:21:12","slug":"drama-u-tuzli-sprijecen-popis-imovine-bivsem-logorasu-fotovideo","status":"publish","type":"post","link":"https:\/\/sandzakpress.net\/arhiva\/drama-u-tuzli-sprijecen-popis-imovine-bivsem-logorasu-fotovideo\/","title":{"rendered":"Drama u Tuzli: Sprije\u010den popis imovine biv\u0161em logora\u0161u (FOTO\/VIDEO)"},"content":{"rendered":"<h4 class=\"post-subtitle in-single-page\"><img decoding=\"async\" src=\"http:\/\/faktor.ba\/wp-content\/uploads\/2015\/11\/Tuzla-logorasi-imovina-popis-911215-9-658x370.jpg\" alt=\"Tuzla-logorasi-imovina-popis-911215 (9)\" \/><\/h4>\n<h4 class=\"post-subtitle in-single-page\">Tuzla \u2013 Preko \u010detrdesetak logora\u0161a danas je u tuzlanskom naselju Ku\u017ei\u0107i, u Mjesnoj zajednici Miladije sprije\u010dilo sudske izvr\u0161itelje da popi\u0161u pokretnu imovinu biv\u0161eg logora\u0161a iz Janje Hasana \u010celikovi\u0107a.<\/h4>\n<div class=\"entry\">\n<p>Naime, imovina je trebala biti popisana radi procjene, pljenidbe i naplate duga, koji \u010celikovi\u0107 i mnogi drugi logora\u0161i, duguju sudovima u entitetu RS, gdje su izgubili tu\u017ebe. Sudovi u entitetu RS su, prema svom poimanju prava i pravde, odbacili tu\u017ebe mnogih logora\u0161a koji su pro\u0161li torture u logorima na podru\u010dju ovog entiteta.<\/p>\n<p>Prema rije\u010dima \u010celikovi\u0107a, on mora platiti tro\u0161kove u iznosu od 1.500 maraka, zajedno sa zateznom kamatom.<\/p>\n<p>Za provo\u0111enje postupka popisa imovine \u010celikovi\u0107a je zadu\u017een Op\u0107inski sud u Tuzli. No, njihove slu\u017ebenike danas su do\u010dekali ogor\u010deni logora\u0161i, koji su ih sprije\u010dili da u\u0111u u ku\u0107u \u010celikovi\u0107a.<\/p>\n<p>\u2013 Prvo, neka do\u0111e taj nivo iz Banja Luke i sudska policija iz Banja Luke. Nemojte preuzimati ne\u0161to osjetljivo. Neka do\u0111u oni iza Banja Luke u \u0161to ve\u0107em broju. Vas bacaju ovdje da izgubite glavu. Neka po\u0161alju Srbe i njihovu policiju u \u0161to ve\u0107em broju i neka oni plijene \u2013 kazali su danas logora\u0161.<\/p>\n<p>Sudski izvr\u0161itelji su nakon toga konstatovali da nisu u mogu\u0107nosti da obave posao, te su napustili dvori\u0161te porodi\u010dne ku\u0107e \u010celikovi\u0107a.<\/p>\n<p>\u2013 Na\u017ealost, de\u0161ava se jo\u0161 jedan genocid, sa iste strane, od srpskog entiteta. Do\u0161li su da popi\u0161u imovinu jednom na\u0161em logora\u0161u koji \u017eivi u jednoj skromnoj ku\u0107i. Do\u0161li su da plijene imovinu koju je krvavo stekao. Sve na\u0161 logora\u0161e ovo \u010deka. Poru\u010dujem na\u0161em sudstvu da ne preuzima predmete iz srpskog entiteta, iz Banja Luke. \u010cekat \u0107emo dok se o\u010dituje Vrhovni sud i sud u Strazburu, a do tada oni neka ne dolaze, jer svaki naredni logora\u0161 \u0107e imati veliku podr\u0161ku \u2013 kazao je Mirsad Gavranovi\u0107, biv\u0161i logora\u0161.<\/p>\n<p>Hasan \u010celikovi\u0107 je kazao da je u ratu bio u logoru Batkovi\u0107, a danas je logora\u0161 u vlastitoj ku\u0107i.<\/p>\n<\/p>\n<p>\u2013 Evo, 90 dana lupam glavom kako na\u0107i pare, koje je nemogu\u0107e na\u0107i. Oni svoje tra\u017ee, a ja izgleda svoje ne smijem tra\u017eiti. Do sada sam dao \u017eivot, a sada moram da dajem pare. Sud ne zanima. Njih ne zanima \u0161to \u0107u ja roviti po kontejneru. Oni tra\u017ee svoje \u2013 kazao je \u010celikovi\u0107.<\/p>\n<p>Hasan je nezaposlen i \u017eivi u ku\u0107i sa suprugom i dvoje djece.<\/p>\n<p><strong>(S. K.\/Faktor.ba)<\/strong><\/p>\n<\/div>\n<p>Pogledajte vijest na izvornom sajtu:<\/p>\n<p><a href=\"http:\/\/bosnapress.net\/drama-u-tuzli-sprijecen-popis-imovine-bivsem-logorasu-fotovideo\/\" target=\"_blank\">Drama u Tuzli: Sprije\u010den popis imovine biv\u0161em logora\u0161u (FOTO\/VIDEO)<\/a><\/p>\n","protected":false},"excerpt":{"rendered":"<p>Tuzla \u2013 Preko \u010detrdesetak logora\u0161a danas je u tuzlanskom naselju Ku\u017ei\u0107i, u Mjesnoj zajednici Miladije sprije\u010dilo sudske izvr\u0161itelje da popi\u0161u pokretnu imovinu biv\u0161eg logora\u0161a iz Janje Hasana \u010celikovi\u0107a. Naime, imovina je trebala biti popisana radi procjene, pljenidbe i naplate duga, koji \u010celikovi\u0107 i mnogi drugi logora\u0161i, duguju sudovima u entitetu RS, gdje su izgubili tu\u017ebe. [&hellip;]<\/p>\n","protected":false},"author":83,"featured_media":144825,"comment_status":"open","ping_status":"open","sticky":false,"template":"","format":"standard","meta":{"footnotes":""},"categories":[10513],"tags":[10466],"class_list":{"0":"post-144823","1":"post","2":"type-post","3":"status-publish","4":"format-standard","5":"has-post-thumbnail","7":"category-bosna-press","8":"tag-bosna-i-hercegovina"},"yoast_head":"<!-- This site is optimized with the Yoast SEO Premium plugin v23.1 (Yoast SEO v24.9) - https:\/\/yoast.com\/wordpress\/plugins\/seo\/ -->\n<title>Drama u Tuzli: Sprije\u010den popis imovine biv\u0161em logora\u0161u (FOTO\/VIDEO)<\/title>\n<meta name=\"robots\" content=\"index, follow, max-snippet:-1, max-image-preview:large, max-video-preview:-1\" \/>\n<link rel=\"canonical\" href=\"https:\/\/sandzakpress.net\/arhiva\/drama-u-tuzli-sprijecen-popis-imovine-bivsem-logorasu-fotovideo\/\" \/>\n<meta property=\"og:locale\" content=\"bs_BA\" \/>\n<meta property=\"og:type\" content=\"article\" \/>\n<meta property=\"og:title\" content=\"Drama u Tuzli: Sprije\u010den popis imovine biv\u0161em logora\u0161u (FOTO\/VIDEO)\" \/>\n<meta property=\"og:description\" content=\"Tuzla \u2013 Preko \u010detrdesetak logora\u0161a danas je u tuzlanskom naselju Ku\u017ei\u0107i, u Mjesnoj zajednici Miladije sprije\u010dilo sudske izvr\u0161itelje da popi\u0161u pokretnu imovinu biv\u0161eg logora\u0161a iz Janje Hasana \u010celikovi\u0107a. Naime, imovina je trebala biti popisana radi procjene, pljenidbe i naplate duga, koji \u010celikovi\u0107 i mnogi drugi logora\u0161i, duguju sudovima u entitetu RS, gdje su izgubili tu\u017ebe. [&hellip;]\" \/>\n<meta property=\"og:url\" content=\"https:\/\/sandzakpress.net\/arhiva\/drama-u-tuzli-sprijecen-popis-imovine-bivsem-logorasu-fotovideo\/\" \/>\n<meta property=\"og:site_name\" content=\"Sand\u017eak PRESS\" \/>\n<meta property=\"article:published_time\" content=\"2015-11-09T13:21:12+00:00\" \/>\n<meta property=\"og:image\" content=\"https:\/\/sandzakpress.net\/arhiva\/wp-content\/uploads\/2015\/11\/Tuzla-logorasi-imovina-popis-911215-9-658x3701.jpg\" \/>\n\t<meta property=\"og:image:width\" content=\"658\" \/>\n\t<meta property=\"og:image:height\" content=\"370\" \/>\n\t<meta property=\"og:image:type\" content=\"image\/jpeg\" \/>\n<meta name=\"author\" content=\"bosniak\" \/>\n<meta name=\"twitter:card\" content=\"summary_large_image\" \/>\n<meta name=\"twitter:label1\" content=\"Written by\" \/>\n\t<meta name=\"twitter:data1\" content=\"bosniak\" \/>\n\t<meta name=\"twitter:label2\" content=\"Est. reading time\" \/>\n\t<meta name=\"twitter:data2\" content=\"2 minute\" \/>\n<script type=\"application\/ld+json\" class=\"yoast-schema-graph\">{\"@context\":\"https:\/\/schema.org\",\"@graph\":[{\"@type\":\"Article\",\"@id\":\"https:\/\/sandzakpress.net\/arhiva\/drama-u-tuzli-sprijecen-popis-imovine-bivsem-logorasu-fotovideo\/#article\",\"isPartOf\":{\"@id\":\"https:\/\/sandzakpress.net\/arhiva\/drama-u-tuzli-sprijecen-popis-imovine-bivsem-logorasu-fotovideo\/\"},\"author\":{\"name\":\"bosniak\",\"@id\":\"https:\/\/sandzakpress.net\/arhiva\/#\/schema\/person\/c8baee722073534b583ea7bdb2e36c02\"},\"headline\":\"Drama u Tuzli: Sprije\u010den popis imovine biv\u0161em logora\u0161u (FOTO\/VIDEO)\",\"datePublished\":\"2015-11-09T13:21:12+00:00\",\"mainEntityOfPage\":{\"@id\":\"https:\/\/sandzakpress.net\/arhiva\/drama-u-tuzli-sprijecen-popis-imovine-bivsem-logorasu-fotovideo\/\"},\"wordCount\":460,\"commentCount\":0,\"publisher\":{\"@id\":\"https:\/\/sandzakpress.net\/arhiva\/#\/schema\/person\/6e72b67d6e51910a1117b3b483ba20bd\"},\"image\":{\"@id\":\"https:\/\/sandzakpress.net\/arhiva\/drama-u-tuzli-sprijecen-popis-imovine-bivsem-logorasu-fotovideo\/#primaryimage\"},\"thumbnailUrl\":\"https:\/\/sandzakpress.net\/arhiva\/wp-content\/uploads\/2015\/11\/Tuzla-logorasi-imovina-popis-911215-9-658x3701.jpg\",\"keywords\":[\"Bosna i Hercegovina\"],\"articleSection\":[\"Bosna PRESS\"],\"inLanguage\":\"bs-BA\",\"potentialAction\":[{\"@type\":\"CommentAction\",\"name\":\"Comment\",\"target\":[\"https:\/\/sandzakpress.net\/arhiva\/drama-u-tuzli-sprijecen-popis-imovine-bivsem-logorasu-fotovideo\/#respond\"]}]},{\"@type\":\"WebPage\",\"@id\":\"https:\/\/sandzakpress.net\/arhiva\/drama-u-tuzli-sprijecen-popis-imovine-bivsem-logorasu-fotovideo\/\",\"url\":\"https:\/\/sandzakpress.net\/arhiva\/drama-u-tuzli-sprijecen-popis-imovine-bivsem-logorasu-fotovideo\/\",\"name\":\"Drama u Tuzli: Sprije\u010den popis imovine biv\u0161em logora\u0161u (FOTO\/VIDEO)\",\"isPartOf\":{\"@id\":\"https:\/\/sandzakpress.net\/arhiva\/#website\"},\"primaryImageOfPage\":{\"@id\":\"https:\/\/sandzakpress.net\/arhiva\/drama-u-tuzli-sprijecen-popis-imovine-bivsem-logorasu-fotovideo\/#primaryimage\"},\"image\":{\"@id\":\"https:\/\/sandzakpress.net\/arhiva\/drama-u-tuzli-sprijecen-popis-imovine-bivsem-logorasu-fotovideo\/#primaryimage\"},\"thumbnailUrl\":\"https:\/\/sandzakpress.net\/arhiva\/wp-content\/uploads\/2015\/11\/Tuzla-logorasi-imovina-popis-911215-9-658x3701.jpg\",\"datePublished\":\"2015-11-09T13:21:12+00:00\",\"breadcrumb\":{\"@id\":\"https:\/\/sandzakpress.net\/arhiva\/drama-u-tuzli-sprijecen-popis-imovine-bivsem-logorasu-fotovideo\/#breadcrumb\"},\"inLanguage\":\"bs-BA\",\"potentialAction\":[{\"@type\":\"ReadAction\",\"target\":[\"https:\/\/sandzakpress.net\/arhiva\/drama-u-tuzli-sprijecen-popis-imovine-bivsem-logorasu-fotovideo\/\"]}]},{\"@type\":\"ImageObject\",\"inLanguage\":\"bs-BA\",\"@id\":\"https:\/\/sandzakpress.net\/arhiva\/drama-u-tuzli-sprijecen-popis-imovine-bivsem-logorasu-fotovideo\/#primaryimage\",\"url\":\"https:\/\/sandzakpress.net\/arhiva\/wp-content\/uploads\/2015\/11\/Tuzla-logorasi-imovina-popis-911215-9-658x3701.jpg\",\"contentUrl\":\"https:\/\/sandzakpress.net\/arhiva\/wp-content\/uploads\/2015\/11\/Tuzla-logorasi-imovina-popis-911215-9-658x3701.jpg\",\"width\":658,\"height\":370},{\"@type\":\"BreadcrumbList\",\"@id\":\"https:\/\/sandzakpress.net\/arhiva\/drama-u-tuzli-sprijecen-popis-imovine-bivsem-logorasu-fotovideo\/#breadcrumb\",\"itemListElement\":[{\"@type\":\"ListItem\",\"position\":1,\"name\":\"Home\",\"item\":\"https:\/\/sandzakpress.net\/arhiva\/\"},{\"@type\":\"ListItem\",\"position\":2,\"name\":\"Drama u Tuzli: Sprije\u010den popis imovine biv\u0161em logora\u0161u (FOTO\/VIDEO)\"}]},{\"@type\":\"WebSite\",\"@id\":\"https:\/\/sandzakpress.net\/arhiva\/#website\",\"url\":\"https:\/\/sandzakpress.net\/arhiva\/\",\"name\":\"Sand\u017eak PRESS\",\"description\":\"Prve elektronske novine u Sand\u017eaku\",\"publisher\":{\"@id\":\"https:\/\/sandzakpress.net\/arhiva\/#\/schema\/person\/6e72b67d6e51910a1117b3b483ba20bd\"},\"potentialAction\":[{\"@type\":\"SearchAction\",\"target\":{\"@type\":\"EntryPoint\",\"urlTemplate\":\"https:\/\/sandzakpress.net\/arhiva\/?s={search_term_string}\"},\"query-input\":{\"@type\":\"PropertyValueSpecification\",\"valueRequired\":true,\"valueName\":\"search_term_string\"}}],\"inLanguage\":\"bs-BA\"},{\"@type\":[\"Person\",\"Organization\"],\"@id\":\"https:\/\/sandzakpress.net\/arhiva\/#\/schema\/person\/6e72b67d6e51910a1117b3b483ba20bd\",\"name\":\"Kul\",\"image\":{\"@type\":\"ImageObject\",\"inLanguage\":\"bs-BA\",\"@id\":\"https:\/\/sandzakpress.net\/arhiva\/#\/schema\/person\/image\/\",\"url\":\"https:\/\/secure.gravatar.com\/avatar\/42263f39aa27ac04c43cab85c280eb2e?s=96&d=mm&r=pg\",\"contentUrl\":\"https:\/\/secure.gravatar.com\/avatar\/42263f39aa27ac04c43cab85c280eb2e?s=96&d=mm&r=pg\",\"caption\":\"Kul\"},\"logo\":{\"@id\":\"https:\/\/sandzakpress.net\/arhiva\/#\/schema\/person\/image\/\"}},{\"@type\":\"Person\",\"@id\":\"https:\/\/sandzakpress.net\/arhiva\/#\/schema\/person\/c8baee722073534b583ea7bdb2e36c02\",\"name\":\"bosniak\",\"image\":{\"@type\":\"ImageObject\",\"inLanguage\":\"bs-BA\",\"@id\":\"https:\/\/sandzakpress.net\/arhiva\/#\/schema\/person\/image\/\",\"url\":\"https:\/\/secure.gravatar.com\/avatar\/a04fd330bfe3a36a72a0ad4a6d89fca7?s=96&d=mm&r=pg\",\"contentUrl\":\"https:\/\/secure.gravatar.com\/avatar\/a04fd330bfe3a36a72a0ad4a6d89fca7?s=96&d=mm&r=pg\",\"caption\":\"bosniak\"},\"url\":\"https:\/\/sandzakpress.net\/arhiva\/author\/bosniak\/\"}]}<\/script>\n<!-- \/ Yoast SEO Premium plugin. -->","yoast_head_json":{"title":"Drama u Tuzli: Sprije\u010den popis imovine biv\u0161em logora\u0161u (FOTO\/VIDEO)","robots":{"index":"index","follow":"follow","max-snippet":"max-snippet:-1","max-image-preview":"max-image-preview:large","max-video-preview":"max-video-preview:-1"},"canonical":"https:\/\/sandzakpress.net\/arhiva\/drama-u-tuzli-sprijecen-popis-imovine-bivsem-logorasu-fotovideo\/","og_locale":"bs_BA","og_type":"article","og_title":"Drama u Tuzli: Sprije\u010den popis imovine biv\u0161em logora\u0161u (FOTO\/VIDEO)","og_description":"Tuzla \u2013 Preko \u010detrdesetak logora\u0161a danas je u tuzlanskom naselju Ku\u017ei\u0107i, u Mjesnoj zajednici Miladije sprije\u010dilo sudske izvr\u0161itelje da popi\u0161u pokretnu imovinu biv\u0161eg logora\u0161a iz Janje Hasana \u010celikovi\u0107a. Naime, imovina je trebala biti popisana radi procjene, pljenidbe i naplate duga, koji \u010celikovi\u0107 i mnogi drugi logora\u0161i, duguju sudovima u entitetu RS, gdje su izgubili tu\u017ebe. [&hellip;]","og_url":"https:\/\/sandzakpress.net\/arhiva\/drama-u-tuzli-sprijecen-popis-imovine-bivsem-logorasu-fotovideo\/","og_site_name":"Sand\u017eak PRESS","article_published_time":"2015-11-09T13:21:12+00:00","og_image":[{"width":658,"height":370,"url":"https:\/\/sandzakpress.net\/arhiva\/wp-content\/uploads\/2015\/11\/Tuzla-logorasi-imovina-popis-911215-9-658x3701.jpg","type":"image\/jpeg"}],"author":"bosniak","twitter_card":"summary_large_image","twitter_misc":{"Written by":"bosniak","Est. reading time":"2 minute"},"schema":{"@context":"https:\/\/schema.org","@graph":[{"@type":"Article","@id":"https:\/\/sandzakpress.net\/arhiva\/drama-u-tuzli-sprijecen-popis-imovine-bivsem-logorasu-fotovideo\/#article","isPartOf":{"@id":"https:\/\/sandzakpress.net\/arhiva\/drama-u-tuzli-sprijecen-popis-imovine-bivsem-logorasu-fotovideo\/"},"author":{"name":"bosniak","@id":"https:\/\/sandzakpress.net\/arhiva\/#\/schema\/person\/c8baee722073534b583ea7bdb2e36c02"},"headline":"Drama u Tuzli: Sprije\u010den popis imovine biv\u0161em logora\u0161u (FOTO\/VIDEO)","datePublished":"2015-11-09T13:21:12+00:00","mainEntityOfPage":{"@id":"https:\/\/sandzakpress.net\/arhiva\/drama-u-tuzli-sprijecen-popis-imovine-bivsem-logorasu-fotovideo\/"},"wordCount":460,"commentCount":0,"publisher":{"@id":"https:\/\/sandzakpress.net\/arhiva\/#\/schema\/person\/6e72b67d6e51910a1117b3b483ba20bd"},"image":{"@id":"https:\/\/sandzakpress.net\/arhiva\/drama-u-tuzli-sprijecen-popis-imovine-bivsem-logorasu-fotovideo\/#primaryimage"},"thumbnailUrl":"https:\/\/sandzakpress.net\/arhiva\/wp-content\/uploads\/2015\/11\/Tuzla-logorasi-imovina-popis-911215-9-658x3701.jpg","keywords":["Bosna i Hercegovina"],"articleSection":["Bosna PRESS"],"inLanguage":"bs-BA","potentialAction":[{"@type":"CommentAction","name":"Comment","target":["https:\/\/sandzakpress.net\/arhiva\/drama-u-tuzli-sprijecen-popis-imovine-bivsem-logorasu-fotovideo\/#respond"]}]},{"@type":"WebPage","@id":"https:\/\/sandzakpress.net\/arhiva\/drama-u-tuzli-sprijecen-popis-imovine-bivsem-logorasu-fotovideo\/","url":"https:\/\/sandzakpress.net\/arhiva\/drama-u-tuzli-sprijecen-popis-imovine-bivsem-logorasu-fotovideo\/","name":"Drama u Tuzli: Sprije\u010den popis imovine biv\u0161em logora\u0161u (FOTO\/VIDEO)","isPartOf":{"@id":"https:\/\/sandzakpress.net\/arhiva\/#website"},"primaryImageOfPage":{"@id":"https:\/\/sandzakpress.net\/arhiva\/drama-u-tuzli-sprijecen-popis-imovine-bivsem-logorasu-fotovideo\/#primaryimage"},"image":{"@id":"https:\/\/sandzakpress.net\/arhiva\/drama-u-tuzli-sprijecen-popis-imovine-bivsem-logorasu-fotovideo\/#primaryimage"},"thumbnailUrl":"https:\/\/sandzakpress.net\/arhiva\/wp-content\/uploads\/2015\/11\/Tuzla-logorasi-imovina-popis-911215-9-658x3701.jpg","datePublished":"2015-11-09T13:21:12+00:00","breadcrumb":{"@id":"https:\/\/sandzakpress.net\/arhiva\/drama-u-tuzli-sprijecen-popis-imovine-bivsem-logorasu-fotovideo\/#breadcrumb"},"inLanguage":"bs-BA","potentialAction":[{"@type":"ReadAction","target":["https:\/\/sandzakpress.net\/arhiva\/drama-u-tuzli-sprijecen-popis-imovine-bivsem-logorasu-fotovideo\/"]}]},{"@type":"ImageObject","inLanguage":"bs-BA","@id":"https:\/\/sandzakpress.net\/arhiva\/drama-u-tuzli-sprijecen-popis-imovine-bivsem-logorasu-fotovideo\/#primaryimage","url":"https:\/\/sandzakpress.net\/arhiva\/wp-content\/uploads\/2015\/11\/Tuzla-logorasi-imovina-popis-911215-9-658x3701.jpg","contentUrl":"https:\/\/sandzakpress.net\/arhiva\/wp-content\/uploads\/2015\/11\/Tuzla-logorasi-imovina-popis-911215-9-658x3701.jpg","width":658,"height":370},{"@type":"BreadcrumbList","@id":"https:\/\/sandzakpress.net\/arhiva\/drama-u-tuzli-sprijecen-popis-imovine-bivsem-logorasu-fotovideo\/#breadcrumb","itemListElement":[{"@type":"ListItem","position":1,"name":"Home","item":"https:\/\/sandzakpress.net\/arhiva\/"},{"@type":"ListItem","position":2,"name":"Drama u Tuzli: Sprije\u010den popis imovine biv\u0161em logora\u0161u (FOTO\/VIDEO)"}]},{"@type":"WebSite","@id":"https:\/\/sandzakpress.net\/arhiva\/#website","url":"https:\/\/sandzakpress.net\/arhiva\/","name":"Sand\u017eak PRESS","description":"Prve elektronske novine u Sand\u017eaku","publisher":{"@id":"https:\/\/sandzakpress.net\/arhiva\/#\/schema\/person\/6e72b67d6e51910a1117b3b483ba20bd"},"potentialAction":[{"@type":"SearchAction","target":{"@type":"EntryPoint","urlTemplate":"https:\/\/sandzakpress.net\/arhiva\/?s={search_term_string}"},"query-input":{"@type":"PropertyValueSpecification","valueRequired":true,"valueName":"search_term_string"}}],"inLanguage":"bs-BA"},{"@type":["Person","Organization"],"@id":"https:\/\/sandzakpress.net\/arhiva\/#\/schema\/person\/6e72b67d6e51910a1117b3b483ba20bd","name":"Kul","image":{"@type":"ImageObject","inLanguage":"bs-BA","@id":"https:\/\/sandzakpress.net\/arhiva\/#\/schema\/person\/image\/","url":"https:\/\/secure.gravatar.com\/avatar\/42263f39aa27ac04c43cab85c280eb2e?s=96&d=mm&r=pg","contentUrl":"https:\/\/secure.gravatar.com\/avatar\/42263f39aa27ac04c43cab85c280eb2e?s=96&d=mm&r=pg","caption":"Kul"},"logo":{"@id":"https:\/\/sandzakpress.net\/arhiva\/#\/schema\/person\/image\/"}},{"@type":"Person","@id":"https:\/\/sandzakpress.net\/arhiva\/#\/schema\/person\/c8baee722073534b583ea7bdb2e36c02","name":"bosniak","image":{"@type":"ImageObject","inLanguage":"bs-BA","@id":"https:\/\/sandzakpress.net\/arhiva\/#\/schema\/person\/image\/","url":"https:\/\/secure.gravatar.com\/avatar\/a04fd330bfe3a36a72a0ad4a6d89fca7?s=96&d=mm&r=pg","contentUrl":"https:\/\/secure.gravatar.com\/avatar\/a04fd330bfe3a36a72a0ad4a6d89fca7?s=96&d=mm&r=pg","caption":"bosniak"},"url":"https:\/\/sandzakpress.net\/arhiva\/author\/bosniak\/"}]}},"_links":{"self":[{"href":"https:\/\/sandzakpress.net\/arhiva\/wp-json\/wp\/v2\/posts\/144823"}],"collection":[{"href":"https:\/\/sandzakpress.net\/arhiva\/wp-json\/wp\/v2\/posts"}],"about":[{"href":"https:\/\/sandzakpress.net\/arhiva\/wp-json\/wp\/v2\/types\/post"}],"author":[{"embeddable":true,"href":"https:\/\/sandzakpress.net\/arhiva\/wp-json\/wp\/v2\/users\/83"}],"replies":[{"embeddable":true,"href":"https:\/\/sandzakpress.net\/arhiva\/wp-json\/wp\/v2\/comments?post=144823"}],"version-history":[{"count":0,"href":"https:\/\/sandzakpress.net\/arhiva\/wp-json\/wp\/v2\/posts\/144823\/revisions"}],"wp:featuredmedia":[{"embeddable":true,"href":"https:\/\/sandzakpress.net\/arhiva\/wp-json\/wp\/v2\/media\/144825"}],"wp:attachment":[{"href":"https:\/\/sandzakpress.net\/arhiva\/wp-json\/wp\/v2\/media?parent=144823"}],"wp:term":[{"taxonomy":"category","embeddable":true,"href":"https:\/\/sandzakpress.net\/arhiva\/wp-json\/wp\/v2\/categories?post=144823"},{"taxonomy":"post_tag","embeddable":true,"href":"https:\/\/sandzakpress.net\/arhiva\/wp-json\/wp\/v2\/tags?post=144823"}],"curies":[{"name":"wp","href":"https:\/\/api.w.org\/{rel}","templated":true}]}}