{"id":144679,"date":"2015-11-08T14:55:35","date_gmt":"2015-11-08T13:55:35","guid":{"rendered":"https:\/\/sandzakpress.net\/arhiva\/?p=144679"},"modified":"2015-11-08T14:55:35","modified_gmt":"2015-11-08T13:55:35","slug":"neznani-junak-sa-avale-bosnjak-iz-sandzaka","status":"publish","type":"post","link":"https:\/\/sandzakpress.net\/arhiva\/neznani-junak-sa-avale-bosnjak-iz-sandzaka\/","title":{"rendered":"Neznani junak sa Avale Bo\u0161njak iz Sand\u017eaka"},"content":{"rendered":"<div class=\"art-PostContent\">\n<div class=\"art-article\">\n<p><img loading=\"lazy\" decoding=\"async\" class=\"\" src=\"http:\/\/kosovapersanxhakun.org\/wp-content\/uploads\/2015\/11\/avalla-400x300.jpg\" alt=\"avalla\" width=\"601\" height=\"451\" \/><\/p>\n<p><strong>Ugledni histori\u010dari iz Sarajeva i Sand\u017eaka tvrde da je neznani junak sa Avale Bo\u0161njak iz Sand\u017eaka.<\/strong><\/p>\n<\/div>\n<\/div>\n<p>I poslije pola vijeka polaganja vjenaca i cvije\u0107a na grob neznanog junaka na Avali u Beogradu, \u0161ira javnost ne zna ko je zapravo \u201cneznani junak\u201d. Ipak, u stru\u010dnim krugovima, ali i me\u0111u narodima u Sand\u017eaku taj neznanac ima svoje i ime i prezime, rije\u010d je o sand\u017ea\u010dkom Bo\u0161njaku Sulejmanu Bali\u0107u.<\/p>\n<p>Prema njihovim tvrdnjama, koje su objavljene i u nekim historijskim knjigama, kao i u nekim nau\u010dnim studijama uglednih histori\u010dara, Sulejman Bali\u0107 je ro\u0111en u mjestu zvanom Duga Poljana, koja se nalazi izme\u0111u Novog Pazara i Sjenice. Naime, Bali\u0107 je hrabro poginuo na Avali, bore\u0107i se protiv Austrougarske.<\/p>\n<p>Kako se mo\u017ee \u010duti u Sand\u017eaku, i ovo je primjer zapostavljenosti Bo\u0161njaka kroz historiju od biv\u0161ih srpskih re\u017eima.<\/p>\n<p>\u201cTo je spomenik Sulejmanu Bali\u0107u, koji je sa grupom vojnika Sand\u017eaklija hrabro poginuo brane\u0107i Beograd od austrougarske vojske. O tome \u0161uti srpska historijografija iako im je sasvim jasno o kome se radi. O\u010dito je, kako nam ka\u017eu u Sand\u017eaku, da nije odgovaralo da se spomenik na Avali nazove spomenikom Sulejmanu, pa je neko do\u0161ao na ideju da Sulejmana preimenuje u neznanog junaka.\u201d<\/p>\n<p>Na Pe\u0161teru i danas \u017eivi nekoliko porodica s prezimenom Bali\u0107. Neki od njih, poput Ramiza Bali\u0107a, iz pri\u010da svojih predaka tvrde da je u grobu neznanog junaka u stvari njihov ro\u0111ak Sulejman.<\/p>\n<p>\u2013 Jo\u0161 su na\u0161i stari za Titova doba pri\u010dali da je na\u0161 Suljo taj neznani junak, ali se niko nije usu\u0111ivao da o tome javno progovori. To je bila tajna, zbog politike i zato se \u0107utalo. Mo\u017eda bi sada, kad se o svemu otvoreno govori, trebalo i ova dilema da se rasvijetli. Naravno, za nas nije dilema, ali jeste za javnost. Mi nemamo konkretnih dokaza za ovu tvrdnju, ali s koljena na koljeno se prenosio amanet starih da se ne zaboravi gdje po\u010diva na\u0161 Sulejman \u2013 ka\u017ee Ramiz.<\/p>\n<p>\u0160ta ka\u017ee srpska historija<\/p>\n<p>Prema tuma\u010denju srpskih histori\u010dara \u201cNeznani junak\u201d na Avali je vjerovatno stajao na osmatra\u010dnici, gdje ga je pogodio neprijateljski \u0161rapnel. Po obliku lobanje, stru\u010dnjaci su utvrdili da je rije\u010d o mladom \u010dovjeku, ne starijem od 19 do 20 godina, vrlo krhke gra\u0111e.<\/p>\n<p>U grobu nije prona\u0111ena ratni\u010dka zna\u010dka, niti plo\u010dica s imenom. Navodno, u pitanju je bio mlad vojnik, na brzinu mobilisan, pa nije uspio da dobije identifikacionu plo\u010dicu.<\/p>\n<p>Okupan u vinu<\/p>\n<p>Po starom obi\u010daju, kosti neznanog junaka na licu mjesta su oprane u bijelom vinu, zavijene u platno i polo\u017eene u plehani sanduk, a potom sahranjene u blizini mjesta pogibije. Krst sa groba neznanog junaka danas je u porti crkve u Belom Potoku.<\/p>\n<p>Spomenik neznanom junaku na Avali, po narud\u017ebini kralja Aleksandra, podigao je poznati vajar Ivan Me\u0161trovi\u0107<\/p>\n<p>(kosovapersanxhakun.org)<\/p>\n","protected":false},"excerpt":{"rendered":"<p>Ugledni histori\u010dari iz Sarajeva i Sand\u017eaka tvrde da je neznani junak sa Avale Bo\u0161njak iz Sand\u017eaka. I poslije pola vijeka polaganja vjenaca i cvije\u0107a na grob neznanog junaka na Avali u Beogradu, \u0161ira javnost ne zna ko je zapravo \u201cneznani junak\u201d. Ipak, u stru\u010dnim krugovima, ali i me\u0111u narodima u Sand\u017eaku taj neznanac ima svoje [&hellip;]<\/p>\n","protected":false},"author":509,"featured_media":144680,"comment_status":"open","ping_status":"open","sticky":false,"template":"","format":"standard","meta":{"footnotes":""},"categories":[14,798,10193],"tags":[],"class_list":{"0":"post-144679","1":"post","2":"type-post","3":"status-publish","4":"format-standard","5":"has-post-thumbnail","7":"category-sandzak-historija","8":"category-teme","9":"category-sandzak-2"},"yoast_head":"<!-- This site is optimized with the Yoast SEO Premium plugin v23.1 (Yoast SEO v24.9) - https:\/\/yoast.com\/wordpress\/plugins\/seo\/ -->\n<title>Neznani junak sa Avale Bo\u0161njak iz Sand\u017eaka<\/title>\n<meta name=\"robots\" content=\"index, follow, max-snippet:-1, max-image-preview:large, max-video-preview:-1\" \/>\n<link rel=\"canonical\" href=\"https:\/\/sandzakpress.net\/arhiva\/neznani-junak-sa-avale-bosnjak-iz-sandzaka\/\" \/>\n<meta property=\"og:locale\" content=\"bs_BA\" \/>\n<meta property=\"og:type\" content=\"article\" \/>\n<meta property=\"og:title\" content=\"Neznani junak sa Avale Bo\u0161njak iz Sand\u017eaka\" \/>\n<meta property=\"og:description\" content=\"Ugledni histori\u010dari iz Sarajeva i Sand\u017eaka tvrde da je neznani junak sa Avale Bo\u0161njak iz Sand\u017eaka. I poslije pola vijeka polaganja vjenaca i cvije\u0107a na grob neznanog junaka na Avali u Beogradu, \u0161ira javnost ne zna ko je zapravo \u201cneznani junak\u201d. Ipak, u stru\u010dnim krugovima, ali i me\u0111u narodima u Sand\u017eaku taj neznanac ima svoje [&hellip;]\" \/>\n<meta property=\"og:url\" content=\"https:\/\/sandzakpress.net\/arhiva\/neznani-junak-sa-avale-bosnjak-iz-sandzaka\/\" \/>\n<meta property=\"og:site_name\" content=\"Sand\u017eak PRESS\" \/>\n<meta property=\"article:published_time\" content=\"2015-11-08T13:55:35+00:00\" \/>\n<meta property=\"og:image\" content=\"https:\/\/sandzakpress.net\/arhiva\/wp-content\/uploads\/2015\/11\/avalla-400x300.jpg\" \/>\n\t<meta property=\"og:image:width\" content=\"400\" \/>\n\t<meta property=\"og:image:height\" content=\"300\" \/>\n\t<meta property=\"og:image:type\" content=\"image\/jpeg\" \/>\n<meta name=\"author\" content=\"Agencija\" \/>\n<meta name=\"twitter:card\" content=\"summary_large_image\" \/>\n<meta name=\"twitter:label1\" content=\"Written by\" \/>\n\t<meta name=\"twitter:data1\" content=\"Agencija\" \/>\n\t<meta name=\"twitter:label2\" content=\"Est. reading time\" \/>\n\t<meta name=\"twitter:data2\" content=\"2 minute\" \/>\n<script type=\"application\/ld+json\" class=\"yoast-schema-graph\">{\"@context\":\"https:\/\/schema.org\",\"@graph\":[{\"@type\":\"Article\",\"@id\":\"https:\/\/sandzakpress.net\/arhiva\/neznani-junak-sa-avale-bosnjak-iz-sandzaka\/#article\",\"isPartOf\":{\"@id\":\"https:\/\/sandzakpress.net\/arhiva\/neznani-junak-sa-avale-bosnjak-iz-sandzaka\/\"},\"author\":{\"name\":\"Agencija\",\"@id\":\"https:\/\/sandzakpress.net\/arhiva\/#\/schema\/person\/cb59d7e3ab91ab90dd680ad0305a6185\"},\"headline\":\"Neznani junak sa Avale Bo\u0161njak iz Sand\u017eaka\",\"datePublished\":\"2015-11-08T13:55:35+00:00\",\"mainEntityOfPage\":{\"@id\":\"https:\/\/sandzakpress.net\/arhiva\/neznani-junak-sa-avale-bosnjak-iz-sandzaka\/\"},\"wordCount\":506,\"commentCount\":30,\"publisher\":{\"@id\":\"https:\/\/sandzakpress.net\/arhiva\/#\/schema\/person\/6e72b67d6e51910a1117b3b483ba20bd\"},\"image\":{\"@id\":\"https:\/\/sandzakpress.net\/arhiva\/neznani-junak-sa-avale-bosnjak-iz-sandzaka\/#primaryimage\"},\"thumbnailUrl\":\"https:\/\/sandzakpress.net\/arhiva\/wp-content\/uploads\/2015\/11\/avalla-400x300.jpg\",\"articleSection\":[\"Sand\u017eak HISTORIJA\",\"NAJNOVIJE\",\"Sand\u017eak\"],\"inLanguage\":\"bs-BA\",\"potentialAction\":[{\"@type\":\"CommentAction\",\"name\":\"Comment\",\"target\":[\"https:\/\/sandzakpress.net\/arhiva\/neznani-junak-sa-avale-bosnjak-iz-sandzaka\/#respond\"]}]},{\"@type\":\"WebPage\",\"@id\":\"https:\/\/sandzakpress.net\/arhiva\/neznani-junak-sa-avale-bosnjak-iz-sandzaka\/\",\"url\":\"https:\/\/sandzakpress.net\/arhiva\/neznani-junak-sa-avale-bosnjak-iz-sandzaka\/\",\"name\":\"Neznani junak sa Avale Bo\u0161njak iz Sand\u017eaka\",\"isPartOf\":{\"@id\":\"https:\/\/sandzakpress.net\/arhiva\/#website\"},\"primaryImageOfPage\":{\"@id\":\"https:\/\/sandzakpress.net\/arhiva\/neznani-junak-sa-avale-bosnjak-iz-sandzaka\/#primaryimage\"},\"image\":{\"@id\":\"https:\/\/sandzakpress.net\/arhiva\/neznani-junak-sa-avale-bosnjak-iz-sandzaka\/#primaryimage\"},\"thumbnailUrl\":\"https:\/\/sandzakpress.net\/arhiva\/wp-content\/uploads\/2015\/11\/avalla-400x300.jpg\",\"datePublished\":\"2015-11-08T13:55:35+00:00\",\"breadcrumb\":{\"@id\":\"https:\/\/sandzakpress.net\/arhiva\/neznani-junak-sa-avale-bosnjak-iz-sandzaka\/#breadcrumb\"},\"inLanguage\":\"bs-BA\",\"potentialAction\":[{\"@type\":\"ReadAction\",\"target\":[\"https:\/\/sandzakpress.net\/arhiva\/neznani-junak-sa-avale-bosnjak-iz-sandzaka\/\"]}]},{\"@type\":\"ImageObject\",\"inLanguage\":\"bs-BA\",\"@id\":\"https:\/\/sandzakpress.net\/arhiva\/neznani-junak-sa-avale-bosnjak-iz-sandzaka\/#primaryimage\",\"url\":\"https:\/\/sandzakpress.net\/arhiva\/wp-content\/uploads\/2015\/11\/avalla-400x300.jpg\",\"contentUrl\":\"https:\/\/sandzakpress.net\/arhiva\/wp-content\/uploads\/2015\/11\/avalla-400x300.jpg\",\"width\":400,\"height\":300},{\"@type\":\"BreadcrumbList\",\"@id\":\"https:\/\/sandzakpress.net\/arhiva\/neznani-junak-sa-avale-bosnjak-iz-sandzaka\/#breadcrumb\",\"itemListElement\":[{\"@type\":\"ListItem\",\"position\":1,\"name\":\"Home\",\"item\":\"https:\/\/sandzakpress.net\/arhiva\/\"},{\"@type\":\"ListItem\",\"position\":2,\"name\":\"Neznani junak sa Avale Bo\u0161njak iz Sand\u017eaka\"}]},{\"@type\":\"WebSite\",\"@id\":\"https:\/\/sandzakpress.net\/arhiva\/#website\",\"url\":\"https:\/\/sandzakpress.net\/arhiva\/\",\"name\":\"Sand\u017eak PRESS\",\"description\":\"Prve elektronske novine u Sand\u017eaku\",\"publisher\":{\"@id\":\"https:\/\/sandzakpress.net\/arhiva\/#\/schema\/person\/6e72b67d6e51910a1117b3b483ba20bd\"},\"potentialAction\":[{\"@type\":\"SearchAction\",\"target\":{\"@type\":\"EntryPoint\",\"urlTemplate\":\"https:\/\/sandzakpress.net\/arhiva\/?s={search_term_string}\"},\"query-input\":{\"@type\":\"PropertyValueSpecification\",\"valueRequired\":true,\"valueName\":\"search_term_string\"}}],\"inLanguage\":\"bs-BA\"},{\"@type\":[\"Person\",\"Organization\"],\"@id\":\"https:\/\/sandzakpress.net\/arhiva\/#\/schema\/person\/6e72b67d6e51910a1117b3b483ba20bd\",\"name\":\"Kul\",\"image\":{\"@type\":\"ImageObject\",\"inLanguage\":\"bs-BA\",\"@id\":\"https:\/\/sandzakpress.net\/arhiva\/#\/schema\/person\/image\/\",\"url\":\"https:\/\/secure.gravatar.com\/avatar\/42263f39aa27ac04c43cab85c280eb2e?s=96&d=mm&r=pg\",\"contentUrl\":\"https:\/\/secure.gravatar.com\/avatar\/42263f39aa27ac04c43cab85c280eb2e?s=96&d=mm&r=pg\",\"caption\":\"Kul\"},\"logo\":{\"@id\":\"https:\/\/sandzakpress.net\/arhiva\/#\/schema\/person\/image\/\"}},{\"@type\":\"Person\",\"@id\":\"https:\/\/sandzakpress.net\/arhiva\/#\/schema\/person\/cb59d7e3ab91ab90dd680ad0305a6185\",\"name\":\"Agencija\",\"image\":{\"@type\":\"ImageObject\",\"inLanguage\":\"bs-BA\",\"@id\":\"https:\/\/sandzakpress.net\/arhiva\/#\/schema\/person\/image\/\",\"url\":\"https:\/\/secure.gravatar.com\/avatar\/4b7fafa80a22f0c2afe23966b3961fe0?s=96&d=mm&r=pg\",\"contentUrl\":\"https:\/\/secure.gravatar.com\/avatar\/4b7fafa80a22f0c2afe23966b3961fe0?s=96&d=mm&r=pg\",\"caption\":\"Agencija\"},\"url\":\"https:\/\/sandzakpress.net\/arhiva\/author\/agencija\/\"}]}<\/script>\n<!-- \/ Yoast SEO Premium plugin. -->","yoast_head_json":{"title":"Neznani junak sa Avale Bo\u0161njak iz Sand\u017eaka","robots":{"index":"index","follow":"follow","max-snippet":"max-snippet:-1","max-image-preview":"max-image-preview:large","max-video-preview":"max-video-preview:-1"},"canonical":"https:\/\/sandzakpress.net\/arhiva\/neznani-junak-sa-avale-bosnjak-iz-sandzaka\/","og_locale":"bs_BA","og_type":"article","og_title":"Neznani junak sa Avale Bo\u0161njak iz Sand\u017eaka","og_description":"Ugledni histori\u010dari iz Sarajeva i Sand\u017eaka tvrde da je neznani junak sa Avale Bo\u0161njak iz Sand\u017eaka. I poslije pola vijeka polaganja vjenaca i cvije\u0107a na grob neznanog junaka na Avali u Beogradu, \u0161ira javnost ne zna ko je zapravo \u201cneznani junak\u201d. Ipak, u stru\u010dnim krugovima, ali i me\u0111u narodima u Sand\u017eaku taj neznanac ima svoje [&hellip;]","og_url":"https:\/\/sandzakpress.net\/arhiva\/neznani-junak-sa-avale-bosnjak-iz-sandzaka\/","og_site_name":"Sand\u017eak PRESS","article_published_time":"2015-11-08T13:55:35+00:00","og_image":[{"width":400,"height":300,"url":"https:\/\/sandzakpress.net\/arhiva\/wp-content\/uploads\/2015\/11\/avalla-400x300.jpg","type":"image\/jpeg"}],"author":"Agencija","twitter_card":"summary_large_image","twitter_misc":{"Written by":"Agencija","Est. reading time":"2 minute"},"schema":{"@context":"https:\/\/schema.org","@graph":[{"@type":"Article","@id":"https:\/\/sandzakpress.net\/arhiva\/neznani-junak-sa-avale-bosnjak-iz-sandzaka\/#article","isPartOf":{"@id":"https:\/\/sandzakpress.net\/arhiva\/neznani-junak-sa-avale-bosnjak-iz-sandzaka\/"},"author":{"name":"Agencija","@id":"https:\/\/sandzakpress.net\/arhiva\/#\/schema\/person\/cb59d7e3ab91ab90dd680ad0305a6185"},"headline":"Neznani junak sa Avale Bo\u0161njak iz Sand\u017eaka","datePublished":"2015-11-08T13:55:35+00:00","mainEntityOfPage":{"@id":"https:\/\/sandzakpress.net\/arhiva\/neznani-junak-sa-avale-bosnjak-iz-sandzaka\/"},"wordCount":506,"commentCount":30,"publisher":{"@id":"https:\/\/sandzakpress.net\/arhiva\/#\/schema\/person\/6e72b67d6e51910a1117b3b483ba20bd"},"image":{"@id":"https:\/\/sandzakpress.net\/arhiva\/neznani-junak-sa-avale-bosnjak-iz-sandzaka\/#primaryimage"},"thumbnailUrl":"https:\/\/sandzakpress.net\/arhiva\/wp-content\/uploads\/2015\/11\/avalla-400x300.jpg","articleSection":["Sand\u017eak HISTORIJA","NAJNOVIJE","Sand\u017eak"],"inLanguage":"bs-BA","potentialAction":[{"@type":"CommentAction","name":"Comment","target":["https:\/\/sandzakpress.net\/arhiva\/neznani-junak-sa-avale-bosnjak-iz-sandzaka\/#respond"]}]},{"@type":"WebPage","@id":"https:\/\/sandzakpress.net\/arhiva\/neznani-junak-sa-avale-bosnjak-iz-sandzaka\/","url":"https:\/\/sandzakpress.net\/arhiva\/neznani-junak-sa-avale-bosnjak-iz-sandzaka\/","name":"Neznani junak sa Avale Bo\u0161njak iz Sand\u017eaka","isPartOf":{"@id":"https:\/\/sandzakpress.net\/arhiva\/#website"},"primaryImageOfPage":{"@id":"https:\/\/sandzakpress.net\/arhiva\/neznani-junak-sa-avale-bosnjak-iz-sandzaka\/#primaryimage"},"image":{"@id":"https:\/\/sandzakpress.net\/arhiva\/neznani-junak-sa-avale-bosnjak-iz-sandzaka\/#primaryimage"},"thumbnailUrl":"https:\/\/sandzakpress.net\/arhiva\/wp-content\/uploads\/2015\/11\/avalla-400x300.jpg","datePublished":"2015-11-08T13:55:35+00:00","breadcrumb":{"@id":"https:\/\/sandzakpress.net\/arhiva\/neznani-junak-sa-avale-bosnjak-iz-sandzaka\/#breadcrumb"},"inLanguage":"bs-BA","potentialAction":[{"@type":"ReadAction","target":["https:\/\/sandzakpress.net\/arhiva\/neznani-junak-sa-avale-bosnjak-iz-sandzaka\/"]}]},{"@type":"ImageObject","inLanguage":"bs-BA","@id":"https:\/\/sandzakpress.net\/arhiva\/neznani-junak-sa-avale-bosnjak-iz-sandzaka\/#primaryimage","url":"https:\/\/sandzakpress.net\/arhiva\/wp-content\/uploads\/2015\/11\/avalla-400x300.jpg","contentUrl":"https:\/\/sandzakpress.net\/arhiva\/wp-content\/uploads\/2015\/11\/avalla-400x300.jpg","width":400,"height":300},{"@type":"BreadcrumbList","@id":"https:\/\/sandzakpress.net\/arhiva\/neznani-junak-sa-avale-bosnjak-iz-sandzaka\/#breadcrumb","itemListElement":[{"@type":"ListItem","position":1,"name":"Home","item":"https:\/\/sandzakpress.net\/arhiva\/"},{"@type":"ListItem","position":2,"name":"Neznani junak sa Avale Bo\u0161njak iz Sand\u017eaka"}]},{"@type":"WebSite","@id":"https:\/\/sandzakpress.net\/arhiva\/#website","url":"https:\/\/sandzakpress.net\/arhiva\/","name":"Sand\u017eak PRESS","description":"Prve elektronske novine u Sand\u017eaku","publisher":{"@id":"https:\/\/sandzakpress.net\/arhiva\/#\/schema\/person\/6e72b67d6e51910a1117b3b483ba20bd"},"potentialAction":[{"@type":"SearchAction","target":{"@type":"EntryPoint","urlTemplate":"https:\/\/sandzakpress.net\/arhiva\/?s={search_term_string}"},"query-input":{"@type":"PropertyValueSpecification","valueRequired":true,"valueName":"search_term_string"}}],"inLanguage":"bs-BA"},{"@type":["Person","Organization"],"@id":"https:\/\/sandzakpress.net\/arhiva\/#\/schema\/person\/6e72b67d6e51910a1117b3b483ba20bd","name":"Kul","image":{"@type":"ImageObject","inLanguage":"bs-BA","@id":"https:\/\/sandzakpress.net\/arhiva\/#\/schema\/person\/image\/","url":"https:\/\/secure.gravatar.com\/avatar\/42263f39aa27ac04c43cab85c280eb2e?s=96&d=mm&r=pg","contentUrl":"https:\/\/secure.gravatar.com\/avatar\/42263f39aa27ac04c43cab85c280eb2e?s=96&d=mm&r=pg","caption":"Kul"},"logo":{"@id":"https:\/\/sandzakpress.net\/arhiva\/#\/schema\/person\/image\/"}},{"@type":"Person","@id":"https:\/\/sandzakpress.net\/arhiva\/#\/schema\/person\/cb59d7e3ab91ab90dd680ad0305a6185","name":"Agencija","image":{"@type":"ImageObject","inLanguage":"bs-BA","@id":"https:\/\/sandzakpress.net\/arhiva\/#\/schema\/person\/image\/","url":"https:\/\/secure.gravatar.com\/avatar\/4b7fafa80a22f0c2afe23966b3961fe0?s=96&d=mm&r=pg","contentUrl":"https:\/\/secure.gravatar.com\/avatar\/4b7fafa80a22f0c2afe23966b3961fe0?s=96&d=mm&r=pg","caption":"Agencija"},"url":"https:\/\/sandzakpress.net\/arhiva\/author\/agencija\/"}]}},"_links":{"self":[{"href":"https:\/\/sandzakpress.net\/arhiva\/wp-json\/wp\/v2\/posts\/144679"}],"collection":[{"href":"https:\/\/sandzakpress.net\/arhiva\/wp-json\/wp\/v2\/posts"}],"about":[{"href":"https:\/\/sandzakpress.net\/arhiva\/wp-json\/wp\/v2\/types\/post"}],"author":[{"embeddable":true,"href":"https:\/\/sandzakpress.net\/arhiva\/wp-json\/wp\/v2\/users\/509"}],"replies":[{"embeddable":true,"href":"https:\/\/sandzakpress.net\/arhiva\/wp-json\/wp\/v2\/comments?post=144679"}],"version-history":[{"count":0,"href":"https:\/\/sandzakpress.net\/arhiva\/wp-json\/wp\/v2\/posts\/144679\/revisions"}],"wp:featuredmedia":[{"embeddable":true,"href":"https:\/\/sandzakpress.net\/arhiva\/wp-json\/wp\/v2\/media\/144680"}],"wp:attachment":[{"href":"https:\/\/sandzakpress.net\/arhiva\/wp-json\/wp\/v2\/media?parent=144679"}],"wp:term":[{"taxonomy":"category","embeddable":true,"href":"https:\/\/sandzakpress.net\/arhiva\/wp-json\/wp\/v2\/categories?post=144679"},{"taxonomy":"post_tag","embeddable":true,"href":"https:\/\/sandzakpress.net\/arhiva\/wp-json\/wp\/v2\/tags?post=144679"}],"curies":[{"name":"wp","href":"https:\/\/api.w.org\/{rel}","templated":true}]}}