{"id":14451,"date":"2011-04-01T19:41:11","date_gmt":"2011-04-01T17:41:11","guid":{"rendered":"https:\/\/sandzakpress.net\/arhiva\/?p=14451"},"modified":"2011-04-01T19:41:11","modified_gmt":"2011-04-01T17:41:11","slug":"krsenje-autonomije-islamske-zajednice","status":"publish","type":"post","link":"https:\/\/sandzakpress.net\/arhiva\/krsenje-autonomije-islamske-zajednice\/","title":{"rendered":"Kr\u0161enje autonomije Islamske zajednice"},"content":{"rendered":"<p><strong><a href=\"https:\/\/sandzakpress.net\/arhiva\/wp-content\/uploads\/2011\/04\/BNV-odbor-za-ljudska-prava-i-sloboda-rgb.jpg\"><img loading=\"lazy\" decoding=\"async\" class=\"alignleft size-medium wp-image-14454\" src=\"https:\/\/sandzakpress.net\/arhiva\/wp-content\/uploads\/2011\/04\/BNV-odbor-za-ljudska-prava-i-sloboda-rgb-300x79.jpg\" alt=\"\" width=\"300\" height=\"79\" \/><\/a>Sjeverni Sand\u017eak &#8211; Odbor za za\u0161titu ljudskih prava i sloboda BNV-a o\u0161tro osudjuje  kr\u0161enje Ustavom i Zakonom garantovane autonomnosti Islamske zajednice,  kao i politiku kontinuiteta dijela re\u017eima u Beogradu prema ovoj  najva\u017enijoj instituciji muslimana u Srbiji.Nakon  \u0161to su u novoj, rekonstruisanoj Vladi, bez ministarskog portfelja  ostali Bogoljub \u0160ijakovi\u0107 i Svetozar \u010cipli\u0107 dvojica, u neprijateljskom  odnosu prema muslimanima i Bo\u0161njacima, naj-agilnijih vladinih  \u010dinovnika,\u00a0 to se razumjelo kao pozitivan pomak u politici zvani\u010dnog  Beograda, koja se ogledala u poku\u0161aju razbijanja Islamske zajednice,  onemogu\u0107avanju normalnog funkcionisanja Internacionalnog univerziteta,  osporavanju legaliteta BNV-u, otimanju vakufske imovine, istjerivanju  vjerou\u010ditelja i uru\u0161avanju vjerske nastave. <\/strong><\/p>\n<p>Medjutim, poslednji u nizu akata; davanje dozvole od strane  Ministarstva prosvjete za osnivanje jo\u0161 jedne paralelne ustanove,  potvrdjuje da su snage, neprijateljski nastrojene prema muslimanima u  Srbiji,\u00a0 i dalje uticajne.<\/p>\n<p>Poku\u0161aj osnivanja paralelnog Islamskog fakulteta u Beogradu sa  isturenim odeljenjem u Novom Pazaru, zapravo je jo\u0161 jedan korak u  strategiji ometanja razvoja Islamske zajednice sa ciljem da se bud\u017eetska  sredstva koja\u00a0 po zakonu pripadaju ustanovama IZ-e,\u00a0 usmjere prema  subjektima koji \u0107e u Sand\u017eaku i medju muslimanima,\u00a0 servisirati interese  Beograda.<\/p>\n<p>Kao i u slu\u010daju islamske vjeronauke, fiktivnim formiranjem ovakvih  ustanova formalno \u0107e se omogu\u0107iti finansiranje beogradskih, re\u017eimskih i  obavje\u0161tajnih saradnika.<\/p>\n<p>O\u010dito da ovaj \u010din predstavlja implementaciju onoga \u0161to je, poznati  antiislamist, Darko Tanaskovi\u0107 najavio 2006. godine kada\u00a0 je, izmedju  ostalog, kazao: \u201cda dr\u017eava Srbija mora uspostaviti kontrolu na  obrazovnim ustanovama Islamske zajednice.<\/p>\n<p>\u010cinjenica da su za rukovodioce ove fantomske ustanove izabrati biv\u0161i  julovci, Mehmed Be\u0107ovi\u0107 i \u0160aban Muratovi\u0107, ukazuje na ideolo\u0161ku pozadinu  ovakvog jednog \u010dina. Prvi je poznat po tome \u0161to je u Skoplju kupio  svoju magistarsku i doktorsku diplomu, i iste prodavao drugima, a drugi  predstavlja primjer fabrikovanog intelektualca \u010dija je uloga uni\u0161tavanje  sopstvenog naroda.<\/p>\n<p>Odbor poziva dr\u017eavne organe da sprije\u010de kr\u0161enje Ustavom i Zakonom  garantiranog prava Islamske zajednice na autonomnost u djelovanju, a  ujedno izra\u017eava zabrinutost da \u0107e ovaj, poslednji u nizu neprijateljskih  akata, dovesti do jo\u0161 ve\u0107eg nepovjerenja muslimana u dr\u017eavne organe,  \u0161to, dugoro\u010dno, mo\u017ee imati nesagledive posledice po mir i stabilnost na  ovom prostoru.<\/p>\n<p>Izvor: <strong>Bnv.rs<\/strong><\/p>\n","protected":false},"excerpt":{"rendered":"<p>Sjeverni Sand\u017eak &#8211; Odbor za za\u0161titu ljudskih prava i sloboda BNV-a o\u0161tro osudjuje kr\u0161enje Ustavom i Zakonom garantovane autonomnosti Islamske zajednice, kao i politiku kontinuiteta dijela re\u017eima u Beogradu prema ovoj najva\u017enijoj instituciji muslimana u Srbiji.Nakon \u0161to su u novoj, rekonstruisanoj Vladi, bez ministarskog portfelja ostali Bogoljub \u0160ijakovi\u0107 i Svetozar \u010cipli\u0107 dvojica, u neprijateljskom odnosu [&hellip;]<\/p>\n","protected":false},"author":13,"featured_media":14454,"comment_status":"open","ping_status":"open","sticky":false,"template":"","format":"standard","meta":{"footnotes":""},"categories":[72,800,52,392,393,394],"tags":[],"class_list":{"0":"post-14451","1":"post","2":"type-post","3":"status-publish","4":"format-standard","5":"has-post-thumbnail","7":"category-novi-pazar","8":"category-nacija","9":"category-sjenica","10":"category-prijepolje_","11":"category-priboj","12":"category-nova-varos"},"yoast_head":"<!-- This site is optimized with the Yoast SEO Premium plugin v23.1 (Yoast SEO v24.9) - https:\/\/yoast.com\/wordpress\/plugins\/seo\/ -->\n<title>Kr\u0161enje autonomije Islamske zajednice<\/title>\n<meta name=\"robots\" content=\"index, follow, max-snippet:-1, max-image-preview:large, max-video-preview:-1\" \/>\n<link rel=\"canonical\" href=\"https:\/\/sandzakpress.net\/arhiva\/krsenje-autonomije-islamske-zajednice\/\" \/>\n<meta property=\"og:locale\" content=\"bs_BA\" \/>\n<meta property=\"og:type\" content=\"article\" \/>\n<meta property=\"og:title\" content=\"Kr\u0161enje autonomije Islamske zajednice\" \/>\n<meta property=\"og:description\" content=\"Sjeverni Sand\u017eak &#8211; Odbor za za\u0161titu ljudskih prava i sloboda BNV-a o\u0161tro osudjuje kr\u0161enje Ustavom i Zakonom garantovane autonomnosti Islamske zajednice, kao i politiku kontinuiteta dijela re\u017eima u Beogradu prema ovoj najva\u017enijoj instituciji muslimana u Srbiji.Nakon \u0161to su u novoj, rekonstruisanoj Vladi, bez ministarskog portfelja ostali Bogoljub \u0160ijakovi\u0107 i Svetozar \u010cipli\u0107 dvojica, u neprijateljskom odnosu [&hellip;]\" \/>\n<meta property=\"og:url\" content=\"https:\/\/sandzakpress.net\/arhiva\/krsenje-autonomije-islamske-zajednice\/\" \/>\n<meta property=\"og:site_name\" content=\"Sand\u017eak PRESS\" \/>\n<meta property=\"article:published_time\" content=\"2011-04-01T17:41:11+00:00\" \/>\n<meta property=\"og:image\" content=\"https:\/\/sandzakpress.net\/arhiva\/wp-content\/uploads\/2011\/04\/BNV-odbor-za-ljudska-prava-i-sloboda-rgb.jpg\" \/>\n\t<meta property=\"og:image:width\" content=\"500\" \/>\n\t<meta property=\"og:image:height\" content=\"133\" \/>\n\t<meta property=\"og:image:type\" content=\"image\/jpeg\" \/>\n<meta name=\"twitter:card\" content=\"summary_large_image\" \/>\n<meta name=\"twitter:label1\" content=\"Written by\" \/>\n\t<meta name=\"twitter:data1\" content=\"\" \/>\n\t<meta name=\"twitter:label2\" content=\"Est. reading time\" \/>\n\t<meta name=\"twitter:data2\" content=\"2 minute\" \/>\n<script type=\"application\/ld+json\" class=\"yoast-schema-graph\">{\"@context\":\"https:\/\/schema.org\",\"@graph\":[{\"@type\":\"Article\",\"@id\":\"https:\/\/sandzakpress.net\/arhiva\/krsenje-autonomije-islamske-zajednice\/#article\",\"isPartOf\":{\"@id\":\"https:\/\/sandzakpress.net\/arhiva\/krsenje-autonomije-islamske-zajednice\/\"},\"author\":{\"name\":\"\",\"@id\":\"\"},\"headline\":\"Kr\u0161enje autonomije Islamske zajednice\",\"datePublished\":\"2011-04-01T17:41:11+00:00\",\"mainEntityOfPage\":{\"@id\":\"https:\/\/sandzakpress.net\/arhiva\/krsenje-autonomije-islamske-zajednice\/\"},\"wordCount\":375,\"commentCount\":1,\"publisher\":{\"@id\":\"https:\/\/sandzakpress.net\/arhiva\/#\/schema\/person\/6e72b67d6e51910a1117b3b483ba20bd\"},\"image\":{\"@id\":\"https:\/\/sandzakpress.net\/arhiva\/krsenje-autonomije-islamske-zajednice\/#primaryimage\"},\"thumbnailUrl\":\"https:\/\/sandzakpress.net\/arhiva\/wp-content\/uploads\/2011\/04\/BNV-odbor-za-ljudska-prava-i-sloboda-rgb.jpg\",\"articleSection\":[\"Novi Pazar\",\"Nacija\",\"Sjenica\",\"Prijepolje\",\"Priboj\",\"Nova Varo\u0161\"],\"inLanguage\":\"bs-BA\",\"potentialAction\":[{\"@type\":\"CommentAction\",\"name\":\"Comment\",\"target\":[\"https:\/\/sandzakpress.net\/arhiva\/krsenje-autonomije-islamske-zajednice\/#respond\"]}]},{\"@type\":\"WebPage\",\"@id\":\"https:\/\/sandzakpress.net\/arhiva\/krsenje-autonomije-islamske-zajednice\/\",\"url\":\"https:\/\/sandzakpress.net\/arhiva\/krsenje-autonomije-islamske-zajednice\/\",\"name\":\"Kr\u0161enje autonomije Islamske zajednice\",\"isPartOf\":{\"@id\":\"https:\/\/sandzakpress.net\/arhiva\/#website\"},\"primaryImageOfPage\":{\"@id\":\"https:\/\/sandzakpress.net\/arhiva\/krsenje-autonomije-islamske-zajednice\/#primaryimage\"},\"image\":{\"@id\":\"https:\/\/sandzakpress.net\/arhiva\/krsenje-autonomije-islamske-zajednice\/#primaryimage\"},\"thumbnailUrl\":\"https:\/\/sandzakpress.net\/arhiva\/wp-content\/uploads\/2011\/04\/BNV-odbor-za-ljudska-prava-i-sloboda-rgb.jpg\",\"datePublished\":\"2011-04-01T17:41:11+00:00\",\"breadcrumb\":{\"@id\":\"https:\/\/sandzakpress.net\/arhiva\/krsenje-autonomije-islamske-zajednice\/#breadcrumb\"},\"inLanguage\":\"bs-BA\",\"potentialAction\":[{\"@type\":\"ReadAction\",\"target\":[\"https:\/\/sandzakpress.net\/arhiva\/krsenje-autonomije-islamske-zajednice\/\"]}]},{\"@type\":\"ImageObject\",\"inLanguage\":\"bs-BA\",\"@id\":\"https:\/\/sandzakpress.net\/arhiva\/krsenje-autonomije-islamske-zajednice\/#primaryimage\",\"url\":\"https:\/\/sandzakpress.net\/arhiva\/wp-content\/uploads\/2011\/04\/BNV-odbor-za-ljudska-prava-i-sloboda-rgb.jpg\",\"contentUrl\":\"https:\/\/sandzakpress.net\/arhiva\/wp-content\/uploads\/2011\/04\/BNV-odbor-za-ljudska-prava-i-sloboda-rgb.jpg\",\"width\":500,\"height\":133},{\"@type\":\"BreadcrumbList\",\"@id\":\"https:\/\/sandzakpress.net\/arhiva\/krsenje-autonomije-islamske-zajednice\/#breadcrumb\",\"itemListElement\":[{\"@type\":\"ListItem\",\"position\":1,\"name\":\"Home\",\"item\":\"https:\/\/sandzakpress.net\/arhiva\/\"},{\"@type\":\"ListItem\",\"position\":2,\"name\":\"Kr\u0161enje autonomije Islamske zajednice\"}]},{\"@type\":\"WebSite\",\"@id\":\"https:\/\/sandzakpress.net\/arhiva\/#website\",\"url\":\"https:\/\/sandzakpress.net\/arhiva\/\",\"name\":\"Sand\u017eak PRESS\",\"description\":\"Prve elektronske novine u Sand\u017eaku\",\"publisher\":{\"@id\":\"https:\/\/sandzakpress.net\/arhiva\/#\/schema\/person\/6e72b67d6e51910a1117b3b483ba20bd\"},\"potentialAction\":[{\"@type\":\"SearchAction\",\"target\":{\"@type\":\"EntryPoint\",\"urlTemplate\":\"https:\/\/sandzakpress.net\/arhiva\/?s={search_term_string}\"},\"query-input\":{\"@type\":\"PropertyValueSpecification\",\"valueRequired\":true,\"valueName\":\"search_term_string\"}}],\"inLanguage\":\"bs-BA\"},{\"@type\":[\"Person\",\"Organization\"],\"@id\":\"https:\/\/sandzakpress.net\/arhiva\/#\/schema\/person\/6e72b67d6e51910a1117b3b483ba20bd\",\"name\":\"Kul\",\"image\":{\"@type\":\"ImageObject\",\"inLanguage\":\"bs-BA\",\"@id\":\"https:\/\/sandzakpress.net\/arhiva\/#\/schema\/person\/image\/\",\"url\":\"https:\/\/secure.gravatar.com\/avatar\/42263f39aa27ac04c43cab85c280eb2e?s=96&d=mm&r=pg\",\"contentUrl\":\"https:\/\/secure.gravatar.com\/avatar\/42263f39aa27ac04c43cab85c280eb2e?s=96&d=mm&r=pg\",\"caption\":\"Kul\"},\"logo\":{\"@id\":\"https:\/\/sandzakpress.net\/arhiva\/#\/schema\/person\/image\/\"}},{\"@type\":\"Person\",\"@id\":\"\",\"url\":\"https:\/\/sandzakpress.net\/arhiva\/author\/\"}]}<\/script>\n<!-- \/ Yoast SEO Premium plugin. -->","yoast_head_json":{"title":"Kr\u0161enje autonomije Islamske zajednice","robots":{"index":"index","follow":"follow","max-snippet":"max-snippet:-1","max-image-preview":"max-image-preview:large","max-video-preview":"max-video-preview:-1"},"canonical":"https:\/\/sandzakpress.net\/arhiva\/krsenje-autonomije-islamske-zajednice\/","og_locale":"bs_BA","og_type":"article","og_title":"Kr\u0161enje autonomije Islamske zajednice","og_description":"Sjeverni Sand\u017eak &#8211; Odbor za za\u0161titu ljudskih prava i sloboda BNV-a o\u0161tro osudjuje kr\u0161enje Ustavom i Zakonom garantovane autonomnosti Islamske zajednice, kao i politiku kontinuiteta dijela re\u017eima u Beogradu prema ovoj najva\u017enijoj instituciji muslimana u Srbiji.Nakon \u0161to su u novoj, rekonstruisanoj Vladi, bez ministarskog portfelja ostali Bogoljub \u0160ijakovi\u0107 i Svetozar \u010cipli\u0107 dvojica, u neprijateljskom odnosu [&hellip;]","og_url":"https:\/\/sandzakpress.net\/arhiva\/krsenje-autonomije-islamske-zajednice\/","og_site_name":"Sand\u017eak PRESS","article_published_time":"2011-04-01T17:41:11+00:00","og_image":[{"width":500,"height":133,"url":"https:\/\/sandzakpress.net\/arhiva\/wp-content\/uploads\/2011\/04\/BNV-odbor-za-ljudska-prava-i-sloboda-rgb.jpg","type":"image\/jpeg"}],"twitter_card":"summary_large_image","twitter_misc":{"Written by":"","Est. reading time":"2 minute"},"schema":{"@context":"https:\/\/schema.org","@graph":[{"@type":"Article","@id":"https:\/\/sandzakpress.net\/arhiva\/krsenje-autonomije-islamske-zajednice\/#article","isPartOf":{"@id":"https:\/\/sandzakpress.net\/arhiva\/krsenje-autonomije-islamske-zajednice\/"},"author":{"name":"","@id":""},"headline":"Kr\u0161enje autonomije Islamske zajednice","datePublished":"2011-04-01T17:41:11+00:00","mainEntityOfPage":{"@id":"https:\/\/sandzakpress.net\/arhiva\/krsenje-autonomije-islamske-zajednice\/"},"wordCount":375,"commentCount":1,"publisher":{"@id":"https:\/\/sandzakpress.net\/arhiva\/#\/schema\/person\/6e72b67d6e51910a1117b3b483ba20bd"},"image":{"@id":"https:\/\/sandzakpress.net\/arhiva\/krsenje-autonomije-islamske-zajednice\/#primaryimage"},"thumbnailUrl":"https:\/\/sandzakpress.net\/arhiva\/wp-content\/uploads\/2011\/04\/BNV-odbor-za-ljudska-prava-i-sloboda-rgb.jpg","articleSection":["Novi Pazar","Nacija","Sjenica","Prijepolje","Priboj","Nova Varo\u0161"],"inLanguage":"bs-BA","potentialAction":[{"@type":"CommentAction","name":"Comment","target":["https:\/\/sandzakpress.net\/arhiva\/krsenje-autonomije-islamske-zajednice\/#respond"]}]},{"@type":"WebPage","@id":"https:\/\/sandzakpress.net\/arhiva\/krsenje-autonomije-islamske-zajednice\/","url":"https:\/\/sandzakpress.net\/arhiva\/krsenje-autonomije-islamske-zajednice\/","name":"Kr\u0161enje autonomije Islamske zajednice","isPartOf":{"@id":"https:\/\/sandzakpress.net\/arhiva\/#website"},"primaryImageOfPage":{"@id":"https:\/\/sandzakpress.net\/arhiva\/krsenje-autonomije-islamske-zajednice\/#primaryimage"},"image":{"@id":"https:\/\/sandzakpress.net\/arhiva\/krsenje-autonomije-islamske-zajednice\/#primaryimage"},"thumbnailUrl":"https:\/\/sandzakpress.net\/arhiva\/wp-content\/uploads\/2011\/04\/BNV-odbor-za-ljudska-prava-i-sloboda-rgb.jpg","datePublished":"2011-04-01T17:41:11+00:00","breadcrumb":{"@id":"https:\/\/sandzakpress.net\/arhiva\/krsenje-autonomije-islamske-zajednice\/#breadcrumb"},"inLanguage":"bs-BA","potentialAction":[{"@type":"ReadAction","target":["https:\/\/sandzakpress.net\/arhiva\/krsenje-autonomije-islamske-zajednice\/"]}]},{"@type":"ImageObject","inLanguage":"bs-BA","@id":"https:\/\/sandzakpress.net\/arhiva\/krsenje-autonomije-islamske-zajednice\/#primaryimage","url":"https:\/\/sandzakpress.net\/arhiva\/wp-content\/uploads\/2011\/04\/BNV-odbor-za-ljudska-prava-i-sloboda-rgb.jpg","contentUrl":"https:\/\/sandzakpress.net\/arhiva\/wp-content\/uploads\/2011\/04\/BNV-odbor-za-ljudska-prava-i-sloboda-rgb.jpg","width":500,"height":133},{"@type":"BreadcrumbList","@id":"https:\/\/sandzakpress.net\/arhiva\/krsenje-autonomije-islamske-zajednice\/#breadcrumb","itemListElement":[{"@type":"ListItem","position":1,"name":"Home","item":"https:\/\/sandzakpress.net\/arhiva\/"},{"@type":"ListItem","position":2,"name":"Kr\u0161enje autonomije Islamske zajednice"}]},{"@type":"WebSite","@id":"https:\/\/sandzakpress.net\/arhiva\/#website","url":"https:\/\/sandzakpress.net\/arhiva\/","name":"Sand\u017eak PRESS","description":"Prve elektronske novine u Sand\u017eaku","publisher":{"@id":"https:\/\/sandzakpress.net\/arhiva\/#\/schema\/person\/6e72b67d6e51910a1117b3b483ba20bd"},"potentialAction":[{"@type":"SearchAction","target":{"@type":"EntryPoint","urlTemplate":"https:\/\/sandzakpress.net\/arhiva\/?s={search_term_string}"},"query-input":{"@type":"PropertyValueSpecification","valueRequired":true,"valueName":"search_term_string"}}],"inLanguage":"bs-BA"},{"@type":["Person","Organization"],"@id":"https:\/\/sandzakpress.net\/arhiva\/#\/schema\/person\/6e72b67d6e51910a1117b3b483ba20bd","name":"Kul","image":{"@type":"ImageObject","inLanguage":"bs-BA","@id":"https:\/\/sandzakpress.net\/arhiva\/#\/schema\/person\/image\/","url":"https:\/\/secure.gravatar.com\/avatar\/42263f39aa27ac04c43cab85c280eb2e?s=96&d=mm&r=pg","contentUrl":"https:\/\/secure.gravatar.com\/avatar\/42263f39aa27ac04c43cab85c280eb2e?s=96&d=mm&r=pg","caption":"Kul"},"logo":{"@id":"https:\/\/sandzakpress.net\/arhiva\/#\/schema\/person\/image\/"}},{"@type":"Person","@id":"","url":"https:\/\/sandzakpress.net\/arhiva\/author\/"}]}},"_links":{"self":[{"href":"https:\/\/sandzakpress.net\/arhiva\/wp-json\/wp\/v2\/posts\/14451"}],"collection":[{"href":"https:\/\/sandzakpress.net\/arhiva\/wp-json\/wp\/v2\/posts"}],"about":[{"href":"https:\/\/sandzakpress.net\/arhiva\/wp-json\/wp\/v2\/types\/post"}],"author":[{"embeddable":true,"href":"https:\/\/sandzakpress.net\/arhiva\/wp-json\/wp\/v2\/users\/13"}],"replies":[{"embeddable":true,"href":"https:\/\/sandzakpress.net\/arhiva\/wp-json\/wp\/v2\/comments?post=14451"}],"version-history":[{"count":0,"href":"https:\/\/sandzakpress.net\/arhiva\/wp-json\/wp\/v2\/posts\/14451\/revisions"}],"wp:featuredmedia":[{"embeddable":true,"href":"https:\/\/sandzakpress.net\/arhiva\/wp-json\/wp\/v2\/media\/14454"}],"wp:attachment":[{"href":"https:\/\/sandzakpress.net\/arhiva\/wp-json\/wp\/v2\/media?parent=14451"}],"wp:term":[{"taxonomy":"category","embeddable":true,"href":"https:\/\/sandzakpress.net\/arhiva\/wp-json\/wp\/v2\/categories?post=14451"},{"taxonomy":"post_tag","embeddable":true,"href":"https:\/\/sandzakpress.net\/arhiva\/wp-json\/wp\/v2\/tags?post=14451"}],"curies":[{"name":"wp","href":"https:\/\/api.w.org\/{rel}","templated":true}]}}