{"id":144415,"date":"2015-11-06T12:23:52","date_gmt":"2015-11-06T11:23:52","guid":{"rendered":"https:\/\/sandzakpress.net\/arhiva\/srebrenicanka-ce-zaposliti-50-osoba-i-proizvoditi-7-500-tona-pomfrita-godisnje-2"},"modified":"2015-11-06T12:23:52","modified_gmt":"2015-11-06T11:23:52","slug":"srebrenicanka-ce-zaposliti-50-osoba-i-proizvoditi-7-500-tona-pomfrita-godisnje-2","status":"publish","type":"post","link":"https:\/\/sandzakpress.net\/arhiva\/srebrenicanka-ce-zaposliti-50-osoba-i-proizvoditi-7-500-tona-pomfrita-godisnje-2\/","title":{"rendered":"\u201cSrebreni\u010danka\u201d \u0107e zaposliti 50 osoba i proizvoditi 7.500 tona pomfrita godi\u0161nje"},"content":{"rendered":"<p class=\"subhead\" style=\"text-align: justify\"><strong><a href=\"http:\/\/bosnapress.net\/wp-content\/uploads\/2015\/11\/54538c4e-db60-47a3-a8f9-57e7b0765237-rs-srebrenica-preview.jpg\"><img loading=\"lazy\" decoding=\"async\" class=\"alignnone size-large wp-image-156533\" src=\"http:\/\/bosnapress.net\/wp-content\/uploads\/2015\/11\/54538c4e-db60-47a3-a8f9-57e7b0765237-rs-srebrenica-preview-616x323.jpg\" alt=\"54538c4e-db60-47a3-a8f9-57e7b0765237-rs-srebrenica-preview\" width=\"600\" height=\"315\" \/><\/a>Srebrenica \u00a0\u2013 \u00a0Zavr\u0161ni radovi na fabrici za preradu krompira \u201cSrebreni\u010danka\u201d su u toku. Pogon o kojem se posljednjih godinu pri\u010da u Srebrenici \u0107e biti sve\u010dano otvoren krajem ove ili po\u010detkom naredne godine. Investicija vrijedna devet miliona KM za po\u010detak \u0107e zna\u010diti otvaranje 50 novih radnih mjesta kao i privredni i ekonomski razvoj op\u0161tine.<\/strong><\/p>\n<p class=\"subhead\" style=\"text-align: justify\">U ishrani stanovni\u0161tva Bosne i Hercegovine krompir je namirnica koja zauzima zna\u010dajno mjesto, me\u0111utim, u regiji ne postoji fabrika koja se bavi preradom ove vrste povr\u0107a. Zamrznuti pomfrit koji se nalazi u rashladnim vitrinama marketa i na jelovnicima hotela i restorana uglavnom je uvezen iz Belgije, Holandije i Njema\u010dke. Ta \u010dinjenica, kao i povoljni zemlji\u0161ni i klimatski uslovi bili su dovoljan razlog za investitore da zapo\u010dnu izgradnju fabrike za proizvodnju pomfrita u Srebrenici.<\/p>\n<p>\u201cPlodne i ekolo\u0161ki zdrave doline, kojih na ovom podru\u010dju ima mnogo, pogodne su za uzgoj krompira. Zemlji\u0161ni kapaciteti, tradicija uzgoja ove kulture i dobra saradnja sa op\u0161tinskim vlastima bili su motiv da krenemo s ovim biznisom\u201d, pri\u010da za Anadoliju Osman Agi\u0107, tehni\u010dki direktor fabrike \u201cSrebreni\u010danka\u201d.<\/p>\n<p>U izgradnji pogona, pored doma\u0107eg, u\u010destvuje i strani kapital. Firma \u201cGlobal Trade Ida Sany\u201d iz Istanbula i \u201cTotal Trade International\u201d iz Beograda, ali sa ve\u0107inskim kapitalom u Azerbejd\u017eanu zaslu\u017eni su za izgradnju fabrike povr\u0161ine 3.500 kvadratnih metara.<\/p>\n<p>\u201cVe\u0107 smo u pregovorima sa kompanijama iz Turske, Kuvajta i Rusije, ovih dana o\u010dekujemo i potpisivanje ugovora o saradnji. Planiramo da 70 posto proizvodnje bude izvezeno u te zemlje dok \u0107e 30 posto proizvoda biti plasirano na tr\u017ei\u0161te Bosne i Hercegovine\u201d, ka\u017ee Agi\u0107.<\/p>\n<p>Fabrika po evropskim standardima<\/p>\n<p>U proces proizvodnje bi\u0107e uklju\u010deni brojni poljoprivredni proizvo\u0111a\u010di iz regije Bira\u010d i cijele zemlje, a od presudnog zna\u010daja je kvalitet sirovine koja \u0107e biti otkupljivana. Va\u017eno je da krompir bude minimalno 4 cm u promjeru, a fabrika izgra\u0111ena po evropskim standardima osigura\u0107e neophodne uslove za o\u010duvanje kvaliteta sirovine. Do sada je u mehanizaciju ulo\u017eeno oko 4,5 miliona maraka.<\/p>\n<p>\u201cIzgra\u0111eni su odgovaraju\u0107i skladi\u0161ni kapaciteti s opremom za ventilaciju i temperaturu koja \u0107e biti potpuno kontrolisana, kao i stanje vlage i ugljen-dioksida. Imamo namjeru otkupljivati krompir sa povr\u0161ine od 500 hektara tako da te\u017eimo najboljim mogu\u0107im uslovima za sirovinu koju imamo\u201d, ka\u017ee Agi\u0107.<\/p>\n<p>Pun kapacitet fabrike bi\u0107e proizvodnja 7.500 tona pomfrita godi\u0161nje, a samim tim i veliki profit, kao i mogu\u0107nost zapo\u0161ljavanja vi\u0161e stotina radnika i preko 1.000 poljoprivrednih proizvo\u0111a\u010da iz regije Srebrenica.<\/p>\n<p>\u201cRad \u0107e se odvijati u dvije smjene i dnevno \u0107emo imati 30 tona gotovog proizvoda, a za to \u0107e nam na dnevnom nivou biti potrebno 60 tona sirovine. Godi\u0161nje planiramo otkupiti 15.000 tona krompira za potrebe ove proizvodnje\u201d, pri\u010da Agi\u0107.<\/p>\n<p><strong>Nova prilika za mlade ljude<\/strong><\/p>\n<p>U Srebrenici je u posljednje tri godine otvoreno 200 novih radnih mjesta, a radna mjesta u fabrici za preradu krompira jo\u0161 su jedna prilika za mlade ljude, Srebreni\u010dane, koji \u017eele da rade u ovom gradu i da na taj na\u010din obezbijede bolju budu\u0107nost i egzistenciju svojim porodicama.<\/p>\n<p>\u201cMoramo se okrenuti novim radnim mjestima za mlade ljude i one koji \u017eive u Srebrenici. Tako \u0107emo o\u017eiviti grad i uslu\u017ene djelatnosti koje \u0107e zadr\u017eati ljude ovdje\u201d, ka\u017ee \u0106azim Salimovi\u0107, savjetnik na\u010delnika za privredu u Op\u0161tini Srebrenica.<\/p>\n<p>Istom se nadaju i gra\u0111ani Srebrenice. Mnogi od njih o\u010dekuju priliku i podsticaje za proizvodnju krompira za potrebe \u201cSrebreni\u010danke\u201d. Mladi su izuzetno zainteresovani za posao u fabrici dok poljoprivrednici zahtjevaju povoljne uslove i zagarantovan otkup.<\/p>\n<p>Mom\u010dilo Gruji\u010di\u0107, jedan od starijih Srebreni\u010dana, ka\u017ee da bi volio da se omladina zaposli, da im se omogu\u0107i edukacija kako bi se osposobili za rad u velikoj fabrici u koju je ulo\u017eeno mnogo novca.<\/p>\n<p>\u201cTako \u0107e biti posla za sve. Proizvodim krompir za svoje potrebe, ali volio bih da proizvodim na ve\u0107em nivou i za potrebe fabrike\u201d, dodaje Mom\u010dilo.<\/p>\n<p>Sli\u010dno mi\u0161ljenje dijele i drugi \u017eitelji Srebrenice. \u010culi su za povoljne kreditne linije \u201cZiraat Bank\u201d koja ima ekspozituru u Srebrenici, a zainteresovani su i za njihovo kori\u0161tenje. O\u010dekuju zaposlenje Srebreni\u010dana, onih koji budu najbolji me\u0111u kandidatima.<\/p>\n<p>\u201cImam dosta zemlje i proizvodio bih krompir, jer sam \u010duo da je obezbije\u0111en otkup, samo mi je potrebna mehanizacija\u201d, ka\u017ee Vahid Me\u0161anovi\u0107.<\/p>\n<p>Njegova sugra\u0111anka Sahiba D\u017eananovi\u0107 smatra da je to odli\u010dna ideja i da se nada kako \u0107e prioret u zaposljenju imati Srebreni\u010dani koji \u017eive u gradu.<\/p>\n<p><strong>Konferencija prilika za promociju i nova ulaganja<\/strong><\/p>\n<p>Investiciono \u2013 razvojna konferencija Srebrenica 2015, dvodnevni doga\u0111aj, zakazan za 11. i 12. novembar trebalo bi da osigura nova ulaganja i posao gra\u0111anima. Prezentaciju na konferenciji ima\u0107e i predstavnici \u201cSrebreni\u010danke\u201d koji planiraju po\u010deti sa radom krajem ove i po\u010detkom naredne godine.<\/p>\n<p>\u201c\u017delimo da nas upoznaju i drugi investitori i da ostvarimo saradnju i partnerstva. Izuzetna susretljivost op\u0161tinskih predstavnika kada su u pitanju procedure koje se njih ti\u010du, nama su pokazatelj da smo izabrali dobar teren za rad\u201d, ka\u017ee Agi\u0107.<\/p>\n<p>Na zadovoljstvo \u010delnika Op\u0161tine, prvi put su u prilici organizovati konferenciju koja nema donatorski karakter, nego za cilj ima promociju prirodnih i infrastrukturnih potencijala. Na tom putu privla\u010denja investitora fabrika za preradu krompira \u201cSrebreni\u010danka\u201d sigurno je reprezentativan brend ovog kraja.<\/p>\n<p class=\"subhead\" style=\"text-align: justify\">(Anadolija)<\/p>\n<p>Pogledajte vijest na izvornom sajtu:<\/p>\n<p><a href=\"http:\/\/bosnapress.net\/srebrenicanka-ce-zaposliti-50-osoba-i-proizvoditi-7-500-tona-pomfrita-godisnje\/\" target=\"_blank\">\u201cSrebreni\u010danka\u201d \u0107e zaposliti 50 osoba i proizvoditi 7.500 tona pomfrita godi\u0161nje<\/a><\/p>\n","protected":false},"excerpt":{"rendered":"<p>Srebrenica \u00a0\u2013 \u00a0Zavr\u0161ni radovi na fabrici za preradu krompira \u201cSrebreni\u010danka\u201d su u toku. Pogon o kojem se posljednjih godinu pri\u010da u Srebrenici \u0107e biti sve\u010dano otvoren krajem ove ili po\u010detkom naredne godine. Investicija vrijedna devet miliona KM za po\u010detak \u0107e zna\u010diti otvaranje 50 novih radnih mjesta kao i privredni i ekonomski razvoj op\u0161tine. U ishrani [&hellip;]<\/p>\n","protected":false},"author":83,"featured_media":144419,"comment_status":"open","ping_status":"open","sticky":false,"template":"","format":"standard","meta":{"footnotes":""},"categories":[10513],"tags":[10466],"class_list":{"0":"post-144415","1":"post","2":"type-post","3":"status-publish","4":"format-standard","5":"has-post-thumbnail","7":"category-bosna-press","8":"tag-bosna-i-hercegovina"},"yoast_head":"<!-- This site is optimized with the Yoast SEO Premium plugin v23.1 (Yoast SEO v24.9) - https:\/\/yoast.com\/wordpress\/plugins\/seo\/ -->\n<title>\u201cSrebreni\u010danka\u201d \u0107e zaposliti 50 osoba i proizvoditi 7.500 tona pomfrita godi\u0161nje<\/title>\n<meta name=\"robots\" content=\"index, follow, max-snippet:-1, max-image-preview:large, max-video-preview:-1\" \/>\n<link rel=\"canonical\" href=\"https:\/\/sandzakpress.net\/arhiva\/srebrenicanka-ce-zaposliti-50-osoba-i-proizvoditi-7-500-tona-pomfrita-godisnje-2\/\" \/>\n<meta property=\"og:locale\" content=\"bs_BA\" \/>\n<meta property=\"og:type\" content=\"article\" \/>\n<meta property=\"og:title\" content=\"\u201cSrebreni\u010danka\u201d \u0107e zaposliti 50 osoba i proizvoditi 7.500 tona pomfrita godi\u0161nje\" \/>\n<meta property=\"og:description\" content=\"Srebrenica \u00a0\u2013 \u00a0Zavr\u0161ni radovi na fabrici za preradu krompira \u201cSrebreni\u010danka\u201d su u toku. Pogon o kojem se posljednjih godinu pri\u010da u Srebrenici \u0107e biti sve\u010dano otvoren krajem ove ili po\u010detkom naredne godine. Investicija vrijedna devet miliona KM za po\u010detak \u0107e zna\u010diti otvaranje 50 novih radnih mjesta kao i privredni i ekonomski razvoj op\u0161tine. U ishrani [&hellip;]\" \/>\n<meta property=\"og:url\" content=\"https:\/\/sandzakpress.net\/arhiva\/srebrenicanka-ce-zaposliti-50-osoba-i-proizvoditi-7-500-tona-pomfrita-godisnje-2\/\" \/>\n<meta property=\"og:site_name\" content=\"Sand\u017eak PRESS\" \/>\n<meta property=\"article:published_time\" content=\"2015-11-06T11:23:52+00:00\" \/>\n<meta property=\"og:image\" content=\"https:\/\/sandzakpress.net\/arhiva\/wp-content\/uploads\/2015\/11\/54538c4e-db60-47a3-a8f9-57e7b0765237-rs-srebrenica-preview-616x3233.jpg\" \/>\n\t<meta property=\"og:image:width\" content=\"616\" \/>\n\t<meta property=\"og:image:height\" content=\"323\" \/>\n\t<meta property=\"og:image:type\" content=\"image\/jpeg\" \/>\n<meta name=\"author\" content=\"bosniak\" \/>\n<meta name=\"twitter:card\" content=\"summary_large_image\" \/>\n<meta name=\"twitter:label1\" content=\"Written by\" \/>\n\t<meta name=\"twitter:data1\" content=\"bosniak\" \/>\n\t<meta name=\"twitter:label2\" content=\"Est. reading time\" \/>\n\t<meta name=\"twitter:data2\" content=\"5 minuta\" \/>\n<script type=\"application\/ld+json\" class=\"yoast-schema-graph\">{\"@context\":\"https:\/\/schema.org\",\"@graph\":[{\"@type\":\"Article\",\"@id\":\"https:\/\/sandzakpress.net\/arhiva\/srebrenicanka-ce-zaposliti-50-osoba-i-proizvoditi-7-500-tona-pomfrita-godisnje-2\/#article\",\"isPartOf\":{\"@id\":\"https:\/\/sandzakpress.net\/arhiva\/srebrenicanka-ce-zaposliti-50-osoba-i-proizvoditi-7-500-tona-pomfrita-godisnje-2\/\"},\"author\":{\"name\":\"bosniak\",\"@id\":\"https:\/\/sandzakpress.net\/arhiva\/#\/schema\/person\/c8baee722073534b583ea7bdb2e36c02\"},\"headline\":\"\u201cSrebreni\u010danka\u201d \u0107e zaposliti 50 osoba i proizvoditi 7.500 tona pomfrita godi\u0161nje\",\"datePublished\":\"2015-11-06T11:23:52+00:00\",\"mainEntityOfPage\":{\"@id\":\"https:\/\/sandzakpress.net\/arhiva\/srebrenicanka-ce-zaposliti-50-osoba-i-proizvoditi-7-500-tona-pomfrita-godisnje-2\/\"},\"wordCount\":931,\"commentCount\":0,\"publisher\":{\"@id\":\"https:\/\/sandzakpress.net\/arhiva\/#\/schema\/person\/6e72b67d6e51910a1117b3b483ba20bd\"},\"image\":{\"@id\":\"https:\/\/sandzakpress.net\/arhiva\/srebrenicanka-ce-zaposliti-50-osoba-i-proizvoditi-7-500-tona-pomfrita-godisnje-2\/#primaryimage\"},\"thumbnailUrl\":\"https:\/\/sandzakpress.net\/arhiva\/wp-content\/uploads\/2015\/11\/54538c4e-db60-47a3-a8f9-57e7b0765237-rs-srebrenica-preview-616x3233.jpg\",\"keywords\":[\"Bosna i Hercegovina\"],\"articleSection\":[\"Bosna PRESS\"],\"inLanguage\":\"bs-BA\",\"potentialAction\":[{\"@type\":\"CommentAction\",\"name\":\"Comment\",\"target\":[\"https:\/\/sandzakpress.net\/arhiva\/srebrenicanka-ce-zaposliti-50-osoba-i-proizvoditi-7-500-tona-pomfrita-godisnje-2\/#respond\"]}]},{\"@type\":\"WebPage\",\"@id\":\"https:\/\/sandzakpress.net\/arhiva\/srebrenicanka-ce-zaposliti-50-osoba-i-proizvoditi-7-500-tona-pomfrita-godisnje-2\/\",\"url\":\"https:\/\/sandzakpress.net\/arhiva\/srebrenicanka-ce-zaposliti-50-osoba-i-proizvoditi-7-500-tona-pomfrita-godisnje-2\/\",\"name\":\"\u201cSrebreni\u010danka\u201d \u0107e zaposliti 50 osoba i proizvoditi 7.500 tona pomfrita godi\u0161nje\",\"isPartOf\":{\"@id\":\"https:\/\/sandzakpress.net\/arhiva\/#website\"},\"primaryImageOfPage\":{\"@id\":\"https:\/\/sandzakpress.net\/arhiva\/srebrenicanka-ce-zaposliti-50-osoba-i-proizvoditi-7-500-tona-pomfrita-godisnje-2\/#primaryimage\"},\"image\":{\"@id\":\"https:\/\/sandzakpress.net\/arhiva\/srebrenicanka-ce-zaposliti-50-osoba-i-proizvoditi-7-500-tona-pomfrita-godisnje-2\/#primaryimage\"},\"thumbnailUrl\":\"https:\/\/sandzakpress.net\/arhiva\/wp-content\/uploads\/2015\/11\/54538c4e-db60-47a3-a8f9-57e7b0765237-rs-srebrenica-preview-616x3233.jpg\",\"datePublished\":\"2015-11-06T11:23:52+00:00\",\"breadcrumb\":{\"@id\":\"https:\/\/sandzakpress.net\/arhiva\/srebrenicanka-ce-zaposliti-50-osoba-i-proizvoditi-7-500-tona-pomfrita-godisnje-2\/#breadcrumb\"},\"inLanguage\":\"bs-BA\",\"potentialAction\":[{\"@type\":\"ReadAction\",\"target\":[\"https:\/\/sandzakpress.net\/arhiva\/srebrenicanka-ce-zaposliti-50-osoba-i-proizvoditi-7-500-tona-pomfrita-godisnje-2\/\"]}]},{\"@type\":\"ImageObject\",\"inLanguage\":\"bs-BA\",\"@id\":\"https:\/\/sandzakpress.net\/arhiva\/srebrenicanka-ce-zaposliti-50-osoba-i-proizvoditi-7-500-tona-pomfrita-godisnje-2\/#primaryimage\",\"url\":\"https:\/\/sandzakpress.net\/arhiva\/wp-content\/uploads\/2015\/11\/54538c4e-db60-47a3-a8f9-57e7b0765237-rs-srebrenica-preview-616x3233.jpg\",\"contentUrl\":\"https:\/\/sandzakpress.net\/arhiva\/wp-content\/uploads\/2015\/11\/54538c4e-db60-47a3-a8f9-57e7b0765237-rs-srebrenica-preview-616x3233.jpg\",\"width\":616,\"height\":323},{\"@type\":\"BreadcrumbList\",\"@id\":\"https:\/\/sandzakpress.net\/arhiva\/srebrenicanka-ce-zaposliti-50-osoba-i-proizvoditi-7-500-tona-pomfrita-godisnje-2\/#breadcrumb\",\"itemListElement\":[{\"@type\":\"ListItem\",\"position\":1,\"name\":\"Home\",\"item\":\"https:\/\/sandzakpress.net\/arhiva\/\"},{\"@type\":\"ListItem\",\"position\":2,\"name\":\"\u201cSrebreni\u010danka\u201d \u0107e zaposliti 50 osoba i proizvoditi 7.500 tona pomfrita godi\u0161nje\"}]},{\"@type\":\"WebSite\",\"@id\":\"https:\/\/sandzakpress.net\/arhiva\/#website\",\"url\":\"https:\/\/sandzakpress.net\/arhiva\/\",\"name\":\"Sand\u017eak PRESS\",\"description\":\"Prve elektronske novine u Sand\u017eaku\",\"publisher\":{\"@id\":\"https:\/\/sandzakpress.net\/arhiva\/#\/schema\/person\/6e72b67d6e51910a1117b3b483ba20bd\"},\"potentialAction\":[{\"@type\":\"SearchAction\",\"target\":{\"@type\":\"EntryPoint\",\"urlTemplate\":\"https:\/\/sandzakpress.net\/arhiva\/?s={search_term_string}\"},\"query-input\":{\"@type\":\"PropertyValueSpecification\",\"valueRequired\":true,\"valueName\":\"search_term_string\"}}],\"inLanguage\":\"bs-BA\"},{\"@type\":[\"Person\",\"Organization\"],\"@id\":\"https:\/\/sandzakpress.net\/arhiva\/#\/schema\/person\/6e72b67d6e51910a1117b3b483ba20bd\",\"name\":\"Kul\",\"image\":{\"@type\":\"ImageObject\",\"inLanguage\":\"bs-BA\",\"@id\":\"https:\/\/sandzakpress.net\/arhiva\/#\/schema\/person\/image\/\",\"url\":\"https:\/\/secure.gravatar.com\/avatar\/42263f39aa27ac04c43cab85c280eb2e?s=96&d=mm&r=pg\",\"contentUrl\":\"https:\/\/secure.gravatar.com\/avatar\/42263f39aa27ac04c43cab85c280eb2e?s=96&d=mm&r=pg\",\"caption\":\"Kul\"},\"logo\":{\"@id\":\"https:\/\/sandzakpress.net\/arhiva\/#\/schema\/person\/image\/\"}},{\"@type\":\"Person\",\"@id\":\"https:\/\/sandzakpress.net\/arhiva\/#\/schema\/person\/c8baee722073534b583ea7bdb2e36c02\",\"name\":\"bosniak\",\"image\":{\"@type\":\"ImageObject\",\"inLanguage\":\"bs-BA\",\"@id\":\"https:\/\/sandzakpress.net\/arhiva\/#\/schema\/person\/image\/\",\"url\":\"https:\/\/secure.gravatar.com\/avatar\/a04fd330bfe3a36a72a0ad4a6d89fca7?s=96&d=mm&r=pg\",\"contentUrl\":\"https:\/\/secure.gravatar.com\/avatar\/a04fd330bfe3a36a72a0ad4a6d89fca7?s=96&d=mm&r=pg\",\"caption\":\"bosniak\"},\"url\":\"https:\/\/sandzakpress.net\/arhiva\/author\/bosniak\/\"}]}<\/script>\n<!-- \/ Yoast SEO Premium plugin. -->","yoast_head_json":{"title":"\u201cSrebreni\u010danka\u201d \u0107e zaposliti 50 osoba i proizvoditi 7.500 tona pomfrita godi\u0161nje","robots":{"index":"index","follow":"follow","max-snippet":"max-snippet:-1","max-image-preview":"max-image-preview:large","max-video-preview":"max-video-preview:-1"},"canonical":"https:\/\/sandzakpress.net\/arhiva\/srebrenicanka-ce-zaposliti-50-osoba-i-proizvoditi-7-500-tona-pomfrita-godisnje-2\/","og_locale":"bs_BA","og_type":"article","og_title":"\u201cSrebreni\u010danka\u201d \u0107e zaposliti 50 osoba i proizvoditi 7.500 tona pomfrita godi\u0161nje","og_description":"Srebrenica \u00a0\u2013 \u00a0Zavr\u0161ni radovi na fabrici za preradu krompira \u201cSrebreni\u010danka\u201d su u toku. Pogon o kojem se posljednjih godinu pri\u010da u Srebrenici \u0107e biti sve\u010dano otvoren krajem ove ili po\u010detkom naredne godine. Investicija vrijedna devet miliona KM za po\u010detak \u0107e zna\u010diti otvaranje 50 novih radnih mjesta kao i privredni i ekonomski razvoj op\u0161tine. U ishrani [&hellip;]","og_url":"https:\/\/sandzakpress.net\/arhiva\/srebrenicanka-ce-zaposliti-50-osoba-i-proizvoditi-7-500-tona-pomfrita-godisnje-2\/","og_site_name":"Sand\u017eak PRESS","article_published_time":"2015-11-06T11:23:52+00:00","og_image":[{"width":616,"height":323,"url":"https:\/\/sandzakpress.net\/arhiva\/wp-content\/uploads\/2015\/11\/54538c4e-db60-47a3-a8f9-57e7b0765237-rs-srebrenica-preview-616x3233.jpg","type":"image\/jpeg"}],"author":"bosniak","twitter_card":"summary_large_image","twitter_misc":{"Written by":"bosniak","Est. reading time":"5 minuta"},"schema":{"@context":"https:\/\/schema.org","@graph":[{"@type":"Article","@id":"https:\/\/sandzakpress.net\/arhiva\/srebrenicanka-ce-zaposliti-50-osoba-i-proizvoditi-7-500-tona-pomfrita-godisnje-2\/#article","isPartOf":{"@id":"https:\/\/sandzakpress.net\/arhiva\/srebrenicanka-ce-zaposliti-50-osoba-i-proizvoditi-7-500-tona-pomfrita-godisnje-2\/"},"author":{"name":"bosniak","@id":"https:\/\/sandzakpress.net\/arhiva\/#\/schema\/person\/c8baee722073534b583ea7bdb2e36c02"},"headline":"\u201cSrebreni\u010danka\u201d \u0107e zaposliti 50 osoba i proizvoditi 7.500 tona pomfrita godi\u0161nje","datePublished":"2015-11-06T11:23:52+00:00","mainEntityOfPage":{"@id":"https:\/\/sandzakpress.net\/arhiva\/srebrenicanka-ce-zaposliti-50-osoba-i-proizvoditi-7-500-tona-pomfrita-godisnje-2\/"},"wordCount":931,"commentCount":0,"publisher":{"@id":"https:\/\/sandzakpress.net\/arhiva\/#\/schema\/person\/6e72b67d6e51910a1117b3b483ba20bd"},"image":{"@id":"https:\/\/sandzakpress.net\/arhiva\/srebrenicanka-ce-zaposliti-50-osoba-i-proizvoditi-7-500-tona-pomfrita-godisnje-2\/#primaryimage"},"thumbnailUrl":"https:\/\/sandzakpress.net\/arhiva\/wp-content\/uploads\/2015\/11\/54538c4e-db60-47a3-a8f9-57e7b0765237-rs-srebrenica-preview-616x3233.jpg","keywords":["Bosna i Hercegovina"],"articleSection":["Bosna PRESS"],"inLanguage":"bs-BA","potentialAction":[{"@type":"CommentAction","name":"Comment","target":["https:\/\/sandzakpress.net\/arhiva\/srebrenicanka-ce-zaposliti-50-osoba-i-proizvoditi-7-500-tona-pomfrita-godisnje-2\/#respond"]}]},{"@type":"WebPage","@id":"https:\/\/sandzakpress.net\/arhiva\/srebrenicanka-ce-zaposliti-50-osoba-i-proizvoditi-7-500-tona-pomfrita-godisnje-2\/","url":"https:\/\/sandzakpress.net\/arhiva\/srebrenicanka-ce-zaposliti-50-osoba-i-proizvoditi-7-500-tona-pomfrita-godisnje-2\/","name":"\u201cSrebreni\u010danka\u201d \u0107e zaposliti 50 osoba i proizvoditi 7.500 tona pomfrita godi\u0161nje","isPartOf":{"@id":"https:\/\/sandzakpress.net\/arhiva\/#website"},"primaryImageOfPage":{"@id":"https:\/\/sandzakpress.net\/arhiva\/srebrenicanka-ce-zaposliti-50-osoba-i-proizvoditi-7-500-tona-pomfrita-godisnje-2\/#primaryimage"},"image":{"@id":"https:\/\/sandzakpress.net\/arhiva\/srebrenicanka-ce-zaposliti-50-osoba-i-proizvoditi-7-500-tona-pomfrita-godisnje-2\/#primaryimage"},"thumbnailUrl":"https:\/\/sandzakpress.net\/arhiva\/wp-content\/uploads\/2015\/11\/54538c4e-db60-47a3-a8f9-57e7b0765237-rs-srebrenica-preview-616x3233.jpg","datePublished":"2015-11-06T11:23:52+00:00","breadcrumb":{"@id":"https:\/\/sandzakpress.net\/arhiva\/srebrenicanka-ce-zaposliti-50-osoba-i-proizvoditi-7-500-tona-pomfrita-godisnje-2\/#breadcrumb"},"inLanguage":"bs-BA","potentialAction":[{"@type":"ReadAction","target":["https:\/\/sandzakpress.net\/arhiva\/srebrenicanka-ce-zaposliti-50-osoba-i-proizvoditi-7-500-tona-pomfrita-godisnje-2\/"]}]},{"@type":"ImageObject","inLanguage":"bs-BA","@id":"https:\/\/sandzakpress.net\/arhiva\/srebrenicanka-ce-zaposliti-50-osoba-i-proizvoditi-7-500-tona-pomfrita-godisnje-2\/#primaryimage","url":"https:\/\/sandzakpress.net\/arhiva\/wp-content\/uploads\/2015\/11\/54538c4e-db60-47a3-a8f9-57e7b0765237-rs-srebrenica-preview-616x3233.jpg","contentUrl":"https:\/\/sandzakpress.net\/arhiva\/wp-content\/uploads\/2015\/11\/54538c4e-db60-47a3-a8f9-57e7b0765237-rs-srebrenica-preview-616x3233.jpg","width":616,"height":323},{"@type":"BreadcrumbList","@id":"https:\/\/sandzakpress.net\/arhiva\/srebrenicanka-ce-zaposliti-50-osoba-i-proizvoditi-7-500-tona-pomfrita-godisnje-2\/#breadcrumb","itemListElement":[{"@type":"ListItem","position":1,"name":"Home","item":"https:\/\/sandzakpress.net\/arhiva\/"},{"@type":"ListItem","position":2,"name":"\u201cSrebreni\u010danka\u201d \u0107e zaposliti 50 osoba i proizvoditi 7.500 tona pomfrita godi\u0161nje"}]},{"@type":"WebSite","@id":"https:\/\/sandzakpress.net\/arhiva\/#website","url":"https:\/\/sandzakpress.net\/arhiva\/","name":"Sand\u017eak PRESS","description":"Prve elektronske novine u Sand\u017eaku","publisher":{"@id":"https:\/\/sandzakpress.net\/arhiva\/#\/schema\/person\/6e72b67d6e51910a1117b3b483ba20bd"},"potentialAction":[{"@type":"SearchAction","target":{"@type":"EntryPoint","urlTemplate":"https:\/\/sandzakpress.net\/arhiva\/?s={search_term_string}"},"query-input":{"@type":"PropertyValueSpecification","valueRequired":true,"valueName":"search_term_string"}}],"inLanguage":"bs-BA"},{"@type":["Person","Organization"],"@id":"https:\/\/sandzakpress.net\/arhiva\/#\/schema\/person\/6e72b67d6e51910a1117b3b483ba20bd","name":"Kul","image":{"@type":"ImageObject","inLanguage":"bs-BA","@id":"https:\/\/sandzakpress.net\/arhiva\/#\/schema\/person\/image\/","url":"https:\/\/secure.gravatar.com\/avatar\/42263f39aa27ac04c43cab85c280eb2e?s=96&d=mm&r=pg","contentUrl":"https:\/\/secure.gravatar.com\/avatar\/42263f39aa27ac04c43cab85c280eb2e?s=96&d=mm&r=pg","caption":"Kul"},"logo":{"@id":"https:\/\/sandzakpress.net\/arhiva\/#\/schema\/person\/image\/"}},{"@type":"Person","@id":"https:\/\/sandzakpress.net\/arhiva\/#\/schema\/person\/c8baee722073534b583ea7bdb2e36c02","name":"bosniak","image":{"@type":"ImageObject","inLanguage":"bs-BA","@id":"https:\/\/sandzakpress.net\/arhiva\/#\/schema\/person\/image\/","url":"https:\/\/secure.gravatar.com\/avatar\/a04fd330bfe3a36a72a0ad4a6d89fca7?s=96&d=mm&r=pg","contentUrl":"https:\/\/secure.gravatar.com\/avatar\/a04fd330bfe3a36a72a0ad4a6d89fca7?s=96&d=mm&r=pg","caption":"bosniak"},"url":"https:\/\/sandzakpress.net\/arhiva\/author\/bosniak\/"}]}},"_links":{"self":[{"href":"https:\/\/sandzakpress.net\/arhiva\/wp-json\/wp\/v2\/posts\/144415"}],"collection":[{"href":"https:\/\/sandzakpress.net\/arhiva\/wp-json\/wp\/v2\/posts"}],"about":[{"href":"https:\/\/sandzakpress.net\/arhiva\/wp-json\/wp\/v2\/types\/post"}],"author":[{"embeddable":true,"href":"https:\/\/sandzakpress.net\/arhiva\/wp-json\/wp\/v2\/users\/83"}],"replies":[{"embeddable":true,"href":"https:\/\/sandzakpress.net\/arhiva\/wp-json\/wp\/v2\/comments?post=144415"}],"version-history":[{"count":0,"href":"https:\/\/sandzakpress.net\/arhiva\/wp-json\/wp\/v2\/posts\/144415\/revisions"}],"wp:featuredmedia":[{"embeddable":true,"href":"https:\/\/sandzakpress.net\/arhiva\/wp-json\/wp\/v2\/media\/144419"}],"wp:attachment":[{"href":"https:\/\/sandzakpress.net\/arhiva\/wp-json\/wp\/v2\/media?parent=144415"}],"wp:term":[{"taxonomy":"category","embeddable":true,"href":"https:\/\/sandzakpress.net\/arhiva\/wp-json\/wp\/v2\/categories?post=144415"},{"taxonomy":"post_tag","embeddable":true,"href":"https:\/\/sandzakpress.net\/arhiva\/wp-json\/wp\/v2\/tags?post=144415"}],"curies":[{"name":"wp","href":"https:\/\/api.w.org\/{rel}","templated":true}]}}