{"id":144391,"date":"2015-11-06T15:26:14","date_gmt":"2015-11-06T14:26:14","guid":{"rendered":"https:\/\/sandzakpress.net\/arhiva\/?p=144391"},"modified":"2015-11-06T23:43:33","modified_gmt":"2015-11-06T22:43:33","slug":"stefanovic-u-novom-pazaru-uhapsen-najveci-narko-bos-na-balkanu","status":"publish","type":"post","link":"https:\/\/sandzakpress.net\/arhiva\/stefanovic-u-novom-pazaru-uhapsen-najveci-narko-bos-na-balkanu\/","title":{"rendered":"Stefanovi\u0107: U Novom Pazaru uhap\u0161en najve\u0107i narko-bos na Balkanu"},"content":{"rendered":"<p><strong><img loading=\"lazy\" decoding=\"async\" class=\"aligncenter size-full wp-image-144441\" src=\"https:\/\/sandzakpress.net\/arhiva\/wp-content\/uploads\/2015\/11\/fc9916d3fadc355b33431383f15c09897ca4988ebb7e29010eb6510b5537f710-1.jpg\" alt=\"fc9916d3fadc355b33431383f15c09897ca4988ebb7e29010eb6510b5537f710 (1)\" width=\"600\" height=\"450\" \/><\/strong><\/p>\n<p><strong>Novi Pazar, Tutin &#8211;\u00a0Ministar unutra\u0161njih poslova Neboj\u0161a Stefanovi\u0107 saop\u0161tio je da su danas u \u010detiri odvojene policijske akcije uhap\u0161ena dva najve\u0107a narko bosa u Srbiji, presje\u010den najve\u0107i lanac krijum\u010darenja oru\u017eja na teritoriji Srbije i Francuske, a da je uhap\u0161en i osumnji\u010deni za teroristi\u010dke napade u Makedoniji.<\/strong><\/p>\n<div id=\"newsLead\" class=\"b\">\n<p>Na konferenciji za novinare, Stefanovi\u0107 je precizirao da je uhap\u0161eno vi\u0161e osumnji\u010denih za krijum\u010darenje droge, me\u0111u kojima su jedan od najve\u0107ih narko bosova na Balkanu &#8211; Medo Tuti\u0107\u00a0\u00a0iz Novog Pazara i Mi\u0107a Nikoli\u0107, jedan od najve\u0107ih krijum\u010dara narkotika u Srbiji. Stefanovi\u0107 je rekao da su u akciji u kojoj je uhap\u0161en narko bos Medo Tuti\u0107\u00a0iz Novog Pazara, uhap\u0161ene jo\u0161 \u010detiri osobe iz tog grada i iz Tutina.<\/p>\n<\/div>\n<div id=\"newsContent\">\n<div class=\"newsImgContainer\"><img decoding=\"async\" class=\"img-responsive\" title=\"MUP Srbije\" src=\"http:\/\/www.rtv.rs\/sr_lat\/politika\/slike\/2015\/01\/27\/nebojsa-stefanovic_660x330.jpg\" alt=\"nebojsa stefanovic\" border=\"0\" \/><\/div>\n<p>Ministar je naveo da je policija jutros u\u0161la u prostorije i stanove koje su koristili na teritoriji ta dva grada, da se sumnji\u010de da su godinama krijum\u010darili heroin iz Turske na teritoriji Srbije i zapadne Evrope. Stefanovi\u0107 je rekao da je policija u posljednja \u010detiri mjeseca zaplijenila 13 kilograma heroina te kriminalne grupe, a da su kroz tu akciju otkriveni organizatori i vrh piramide krijum\u010darenja droge, navode\u0107i da je kod njih na\u0111eno i automatsko oru\u017eje, a da se pretres nastavlja.<\/p>\n<h4 class=\"cb-entry-title cb-single-title\"><span style=\"color: #ff0000;\">Otkriven identitet uhap\u0161enog narko-bosa iz Novog Pazara<\/span><\/h4>\n<\/div>\n<p>Osoba koju je ministar policije Neojb\u0161a Stefanovi\u0107 ozna\u010dio kao M.N. i jednog od najve\u0107eg krijum\u010dara nakrotika u Srbiji je zapravio Mi\u0107a Nikoli\u0107 \u2013 Sarma iz Novog Sada, dok je Mevludin Tuti\u0107 iz Novog azara po tvrdnjama Stefnaovi\u0107a, jedan od najve\u0107ih nakro-bosova na Balkanu, otkriva Kurir!<\/p>\n<p>Mi\u0107a Nikoli\u0107, zvani Sarma, (56) novosadski biznismen hap\u0161en je i pre dve godine u akciji BIA i Tu\u017eila\u0161tva za organizovani kriminal, zbog sumnje da je vo\u0111a narko-klana koji pod kontrolom dr\u017ei tr\u017ei\u0161te Novog Sada.<\/p>\n<p>U Novom Sadu, Nikoli\u0107 se legalno bavio izgradnjom stambeno-poslovnih objekata, preko svoje firme \u201cBlu lajn NS gradnja\u201d.<\/p>\n<p>Drugi uhap\u0161eni,\u00a0poznat kao Meda Tuti\u0107a iz Novog Pazara, je ozna\u010den kao najve\u0107i narko-bos na Balkanu, izjavio je ministar Stefanovi\u0107.<\/p>\n<div id=\"newsContent\">\n<div class=\"youtube-embed\" data-video_id=\"XWwDGYF1EAM\"><iframe loading=\"lazy\" title=\"Antiteroristi\u010dke jedinice u Novom Pazaru povodom hap\u0161enja kriminalaca\" width=\"696\" height=\"392\" src=\"https:\/\/www.youtube.com\/embed\/XWwDGYF1EAM?feature=oembed&#038;enablejsapi=1\" frameborder=\"0\" allow=\"accelerometer; autoplay; encrypted-media; gyroscope; picture-in-picture\" allowfullscreen><\/iframe><\/div>\n<\/div>\n<p>(Blic)<\/p>\n","protected":false},"excerpt":{"rendered":"<p>Novi Pazar, Tutin &#8211;\u00a0Ministar unutra\u0161njih poslova Neboj\u0161a Stefanovi\u0107 saop\u0161tio je da su danas u \u010detiri odvojene policijske akcije uhap\u0161ena dva najve\u0107a narko bosa u Srbiji, presje\u010den najve\u0107i lanac krijum\u010darenja oru\u017eja na teritoriji Srbije i Francuske, a da je uhap\u0161en i osumnji\u010deni za teroristi\u010dke napade u Makedoniji. Na konferenciji za novinare, Stefanovi\u0107 je precizirao da je [&hellip;]<\/p>\n","protected":false},"author":83,"featured_media":144441,"comment_status":"open","ping_status":"open","sticky":false,"template":"","format":"standard","meta":{"footnotes":""},"categories":[72,801,8957],"tags":[],"class_list":{"0":"post-144391","1":"post","2":"type-post","3":"status-publish","4":"format-standard","5":"has-post-thumbnail","7":"category-novi-pazar","8":"category-crna_hronika","9":"category-vijesti-dana"},"yoast_head":"<!-- This site is optimized with the Yoast SEO Premium plugin v23.1 (Yoast SEO v24.9) - https:\/\/yoast.com\/wordpress\/plugins\/seo\/ -->\n<title>Stefanovi\u0107: U Novom Pazaru uhap\u0161en najve\u0107i narko-bos na Balkanu<\/title>\n<meta name=\"robots\" content=\"index, follow, max-snippet:-1, max-image-preview:large, max-video-preview:-1\" \/>\n<link rel=\"canonical\" href=\"https:\/\/sandzakpress.net\/arhiva\/stefanovic-u-novom-pazaru-uhapsen-najveci-narko-bos-na-balkanu\/\" \/>\n<meta property=\"og:locale\" content=\"bs_BA\" \/>\n<meta property=\"og:type\" content=\"article\" \/>\n<meta property=\"og:title\" content=\"Stefanovi\u0107: U Novom Pazaru uhap\u0161en najve\u0107i narko-bos na Balkanu\" \/>\n<meta property=\"og:description\" content=\"Novi Pazar, Tutin &#8211;\u00a0Ministar unutra\u0161njih poslova Neboj\u0161a Stefanovi\u0107 saop\u0161tio je da su danas u \u010detiri odvojene policijske akcije uhap\u0161ena dva najve\u0107a narko bosa u Srbiji, presje\u010den najve\u0107i lanac krijum\u010darenja oru\u017eja na teritoriji Srbije i Francuske, a da je uhap\u0161en i osumnji\u010deni za teroristi\u010dke napade u Makedoniji. Na konferenciji za novinare, Stefanovi\u0107 je precizirao da je [&hellip;]\" \/>\n<meta property=\"og:url\" content=\"https:\/\/sandzakpress.net\/arhiva\/stefanovic-u-novom-pazaru-uhapsen-najveci-narko-bos-na-balkanu\/\" \/>\n<meta property=\"og:site_name\" content=\"Sand\u017eak PRESS\" \/>\n<meta property=\"article:published_time\" content=\"2015-11-06T14:26:14+00:00\" \/>\n<meta property=\"article:modified_time\" content=\"2015-11-06T22:43:33+00:00\" \/>\n<meta property=\"og:image\" content=\"https:\/\/sandzakpress.net\/arhiva\/wp-content\/uploads\/2015\/11\/fc9916d3fadc355b33431383f15c09897ca4988ebb7e29010eb6510b5537f710-1.jpg\" \/>\n\t<meta property=\"og:image:width\" content=\"600\" \/>\n\t<meta property=\"og:image:height\" content=\"450\" \/>\n\t<meta property=\"og:image:type\" content=\"image\/jpeg\" \/>\n<meta name=\"author\" content=\"bosniak\" \/>\n<meta name=\"twitter:card\" content=\"summary_large_image\" \/>\n<meta name=\"twitter:label1\" content=\"Written by\" \/>\n\t<meta name=\"twitter:data1\" content=\"bosniak\" \/>\n\t<meta name=\"twitter:label2\" content=\"Est. reading time\" \/>\n\t<meta name=\"twitter:data2\" content=\"2 minute\" \/>\n<script type=\"application\/ld+json\" class=\"yoast-schema-graph\">{\"@context\":\"https:\/\/schema.org\",\"@graph\":[{\"@type\":\"Article\",\"@id\":\"https:\/\/sandzakpress.net\/arhiva\/stefanovic-u-novom-pazaru-uhapsen-najveci-narko-bos-na-balkanu\/#article\",\"isPartOf\":{\"@id\":\"https:\/\/sandzakpress.net\/arhiva\/stefanovic-u-novom-pazaru-uhapsen-najveci-narko-bos-na-balkanu\/\"},\"author\":{\"name\":\"bosniak\",\"@id\":\"https:\/\/sandzakpress.net\/arhiva\/#\/schema\/person\/c8baee722073534b583ea7bdb2e36c02\"},\"headline\":\"Stefanovi\u0107: U Novom Pazaru uhap\u0161en najve\u0107i narko-bos na Balkanu\",\"datePublished\":\"2015-11-06T14:26:14+00:00\",\"dateModified\":\"2015-11-06T22:43:33+00:00\",\"mainEntityOfPage\":{\"@id\":\"https:\/\/sandzakpress.net\/arhiva\/stefanovic-u-novom-pazaru-uhapsen-najveci-narko-bos-na-balkanu\/\"},\"wordCount\":391,\"commentCount\":32,\"publisher\":{\"@id\":\"https:\/\/sandzakpress.net\/arhiva\/#\/schema\/person\/6e72b67d6e51910a1117b3b483ba20bd\"},\"image\":{\"@id\":\"https:\/\/sandzakpress.net\/arhiva\/stefanovic-u-novom-pazaru-uhapsen-najveci-narko-bos-na-balkanu\/#primaryimage\"},\"thumbnailUrl\":\"https:\/\/sandzakpress.net\/arhiva\/wp-content\/uploads\/2015\/11\/fc9916d3fadc355b33431383f15c09897ca4988ebb7e29010eb6510b5537f710-1.jpg\",\"articleSection\":[\"Novi Pazar\",\"Hronika\",\"VIJESTI DANA\"],\"inLanguage\":\"bs-BA\",\"potentialAction\":[{\"@type\":\"CommentAction\",\"name\":\"Comment\",\"target\":[\"https:\/\/sandzakpress.net\/arhiva\/stefanovic-u-novom-pazaru-uhapsen-najveci-narko-bos-na-balkanu\/#respond\"]}]},{\"@type\":\"WebPage\",\"@id\":\"https:\/\/sandzakpress.net\/arhiva\/stefanovic-u-novom-pazaru-uhapsen-najveci-narko-bos-na-balkanu\/\",\"url\":\"https:\/\/sandzakpress.net\/arhiva\/stefanovic-u-novom-pazaru-uhapsen-najveci-narko-bos-na-balkanu\/\",\"name\":\"Stefanovi\u0107: U Novom Pazaru uhap\u0161en najve\u0107i narko-bos na Balkanu\",\"isPartOf\":{\"@id\":\"https:\/\/sandzakpress.net\/arhiva\/#website\"},\"primaryImageOfPage\":{\"@id\":\"https:\/\/sandzakpress.net\/arhiva\/stefanovic-u-novom-pazaru-uhapsen-najveci-narko-bos-na-balkanu\/#primaryimage\"},\"image\":{\"@id\":\"https:\/\/sandzakpress.net\/arhiva\/stefanovic-u-novom-pazaru-uhapsen-najveci-narko-bos-na-balkanu\/#primaryimage\"},\"thumbnailUrl\":\"https:\/\/sandzakpress.net\/arhiva\/wp-content\/uploads\/2015\/11\/fc9916d3fadc355b33431383f15c09897ca4988ebb7e29010eb6510b5537f710-1.jpg\",\"datePublished\":\"2015-11-06T14:26:14+00:00\",\"dateModified\":\"2015-11-06T22:43:33+00:00\",\"breadcrumb\":{\"@id\":\"https:\/\/sandzakpress.net\/arhiva\/stefanovic-u-novom-pazaru-uhapsen-najveci-narko-bos-na-balkanu\/#breadcrumb\"},\"inLanguage\":\"bs-BA\",\"potentialAction\":[{\"@type\":\"ReadAction\",\"target\":[\"https:\/\/sandzakpress.net\/arhiva\/stefanovic-u-novom-pazaru-uhapsen-najveci-narko-bos-na-balkanu\/\"]}]},{\"@type\":\"ImageObject\",\"inLanguage\":\"bs-BA\",\"@id\":\"https:\/\/sandzakpress.net\/arhiva\/stefanovic-u-novom-pazaru-uhapsen-najveci-narko-bos-na-balkanu\/#primaryimage\",\"url\":\"https:\/\/sandzakpress.net\/arhiva\/wp-content\/uploads\/2015\/11\/fc9916d3fadc355b33431383f15c09897ca4988ebb7e29010eb6510b5537f710-1.jpg\",\"contentUrl\":\"https:\/\/sandzakpress.net\/arhiva\/wp-content\/uploads\/2015\/11\/fc9916d3fadc355b33431383f15c09897ca4988ebb7e29010eb6510b5537f710-1.jpg\",\"width\":600,\"height\":450},{\"@type\":\"BreadcrumbList\",\"@id\":\"https:\/\/sandzakpress.net\/arhiva\/stefanovic-u-novom-pazaru-uhapsen-najveci-narko-bos-na-balkanu\/#breadcrumb\",\"itemListElement\":[{\"@type\":\"ListItem\",\"position\":1,\"name\":\"Home\",\"item\":\"https:\/\/sandzakpress.net\/arhiva\/\"},{\"@type\":\"ListItem\",\"position\":2,\"name\":\"Stefanovi\u0107: U Novom Pazaru uhap\u0161en najve\u0107i narko-bos na Balkanu\"}]},{\"@type\":\"WebSite\",\"@id\":\"https:\/\/sandzakpress.net\/arhiva\/#website\",\"url\":\"https:\/\/sandzakpress.net\/arhiva\/\",\"name\":\"Sand\u017eak PRESS\",\"description\":\"Prve elektronske novine u Sand\u017eaku\",\"publisher\":{\"@id\":\"https:\/\/sandzakpress.net\/arhiva\/#\/schema\/person\/6e72b67d6e51910a1117b3b483ba20bd\"},\"potentialAction\":[{\"@type\":\"SearchAction\",\"target\":{\"@type\":\"EntryPoint\",\"urlTemplate\":\"https:\/\/sandzakpress.net\/arhiva\/?s={search_term_string}\"},\"query-input\":{\"@type\":\"PropertyValueSpecification\",\"valueRequired\":true,\"valueName\":\"search_term_string\"}}],\"inLanguage\":\"bs-BA\"},{\"@type\":[\"Person\",\"Organization\"],\"@id\":\"https:\/\/sandzakpress.net\/arhiva\/#\/schema\/person\/6e72b67d6e51910a1117b3b483ba20bd\",\"name\":\"Kul\",\"image\":{\"@type\":\"ImageObject\",\"inLanguage\":\"bs-BA\",\"@id\":\"https:\/\/sandzakpress.net\/arhiva\/#\/schema\/person\/image\/\",\"url\":\"https:\/\/secure.gravatar.com\/avatar\/42263f39aa27ac04c43cab85c280eb2e?s=96&d=mm&r=pg\",\"contentUrl\":\"https:\/\/secure.gravatar.com\/avatar\/42263f39aa27ac04c43cab85c280eb2e?s=96&d=mm&r=pg\",\"caption\":\"Kul\"},\"logo\":{\"@id\":\"https:\/\/sandzakpress.net\/arhiva\/#\/schema\/person\/image\/\"}},{\"@type\":\"Person\",\"@id\":\"https:\/\/sandzakpress.net\/arhiva\/#\/schema\/person\/c8baee722073534b583ea7bdb2e36c02\",\"name\":\"bosniak\",\"image\":{\"@type\":\"ImageObject\",\"inLanguage\":\"bs-BA\",\"@id\":\"https:\/\/sandzakpress.net\/arhiva\/#\/schema\/person\/image\/\",\"url\":\"https:\/\/secure.gravatar.com\/avatar\/a04fd330bfe3a36a72a0ad4a6d89fca7?s=96&d=mm&r=pg\",\"contentUrl\":\"https:\/\/secure.gravatar.com\/avatar\/a04fd330bfe3a36a72a0ad4a6d89fca7?s=96&d=mm&r=pg\",\"caption\":\"bosniak\"},\"url\":\"https:\/\/sandzakpress.net\/arhiva\/author\/bosniak\/\"}]}<\/script>\n<!-- \/ Yoast SEO Premium plugin. -->","yoast_head_json":{"title":"Stefanovi\u0107: U Novom Pazaru uhap\u0161en najve\u0107i narko-bos na Balkanu","robots":{"index":"index","follow":"follow","max-snippet":"max-snippet:-1","max-image-preview":"max-image-preview:large","max-video-preview":"max-video-preview:-1"},"canonical":"https:\/\/sandzakpress.net\/arhiva\/stefanovic-u-novom-pazaru-uhapsen-najveci-narko-bos-na-balkanu\/","og_locale":"bs_BA","og_type":"article","og_title":"Stefanovi\u0107: U Novom Pazaru uhap\u0161en najve\u0107i narko-bos na Balkanu","og_description":"Novi Pazar, Tutin &#8211;\u00a0Ministar unutra\u0161njih poslova Neboj\u0161a Stefanovi\u0107 saop\u0161tio je da su danas u \u010detiri odvojene policijske akcije uhap\u0161ena dva najve\u0107a narko bosa u Srbiji, presje\u010den najve\u0107i lanac krijum\u010darenja oru\u017eja na teritoriji Srbije i Francuske, a da je uhap\u0161en i osumnji\u010deni za teroristi\u010dke napade u Makedoniji. Na konferenciji za novinare, Stefanovi\u0107 je precizirao da je [&hellip;]","og_url":"https:\/\/sandzakpress.net\/arhiva\/stefanovic-u-novom-pazaru-uhapsen-najveci-narko-bos-na-balkanu\/","og_site_name":"Sand\u017eak PRESS","article_published_time":"2015-11-06T14:26:14+00:00","article_modified_time":"2015-11-06T22:43:33+00:00","og_image":[{"width":600,"height":450,"url":"https:\/\/sandzakpress.net\/arhiva\/wp-content\/uploads\/2015\/11\/fc9916d3fadc355b33431383f15c09897ca4988ebb7e29010eb6510b5537f710-1.jpg","type":"image\/jpeg"}],"author":"bosniak","twitter_card":"summary_large_image","twitter_misc":{"Written by":"bosniak","Est. reading time":"2 minute"},"schema":{"@context":"https:\/\/schema.org","@graph":[{"@type":"Article","@id":"https:\/\/sandzakpress.net\/arhiva\/stefanovic-u-novom-pazaru-uhapsen-najveci-narko-bos-na-balkanu\/#article","isPartOf":{"@id":"https:\/\/sandzakpress.net\/arhiva\/stefanovic-u-novom-pazaru-uhapsen-najveci-narko-bos-na-balkanu\/"},"author":{"name":"bosniak","@id":"https:\/\/sandzakpress.net\/arhiva\/#\/schema\/person\/c8baee722073534b583ea7bdb2e36c02"},"headline":"Stefanovi\u0107: U Novom Pazaru uhap\u0161en najve\u0107i narko-bos na Balkanu","datePublished":"2015-11-06T14:26:14+00:00","dateModified":"2015-11-06T22:43:33+00:00","mainEntityOfPage":{"@id":"https:\/\/sandzakpress.net\/arhiva\/stefanovic-u-novom-pazaru-uhapsen-najveci-narko-bos-na-balkanu\/"},"wordCount":391,"commentCount":32,"publisher":{"@id":"https:\/\/sandzakpress.net\/arhiva\/#\/schema\/person\/6e72b67d6e51910a1117b3b483ba20bd"},"image":{"@id":"https:\/\/sandzakpress.net\/arhiva\/stefanovic-u-novom-pazaru-uhapsen-najveci-narko-bos-na-balkanu\/#primaryimage"},"thumbnailUrl":"https:\/\/sandzakpress.net\/arhiva\/wp-content\/uploads\/2015\/11\/fc9916d3fadc355b33431383f15c09897ca4988ebb7e29010eb6510b5537f710-1.jpg","articleSection":["Novi Pazar","Hronika","VIJESTI DANA"],"inLanguage":"bs-BA","potentialAction":[{"@type":"CommentAction","name":"Comment","target":["https:\/\/sandzakpress.net\/arhiva\/stefanovic-u-novom-pazaru-uhapsen-najveci-narko-bos-na-balkanu\/#respond"]}]},{"@type":"WebPage","@id":"https:\/\/sandzakpress.net\/arhiva\/stefanovic-u-novom-pazaru-uhapsen-najveci-narko-bos-na-balkanu\/","url":"https:\/\/sandzakpress.net\/arhiva\/stefanovic-u-novom-pazaru-uhapsen-najveci-narko-bos-na-balkanu\/","name":"Stefanovi\u0107: U Novom Pazaru uhap\u0161en najve\u0107i narko-bos na Balkanu","isPartOf":{"@id":"https:\/\/sandzakpress.net\/arhiva\/#website"},"primaryImageOfPage":{"@id":"https:\/\/sandzakpress.net\/arhiva\/stefanovic-u-novom-pazaru-uhapsen-najveci-narko-bos-na-balkanu\/#primaryimage"},"image":{"@id":"https:\/\/sandzakpress.net\/arhiva\/stefanovic-u-novom-pazaru-uhapsen-najveci-narko-bos-na-balkanu\/#primaryimage"},"thumbnailUrl":"https:\/\/sandzakpress.net\/arhiva\/wp-content\/uploads\/2015\/11\/fc9916d3fadc355b33431383f15c09897ca4988ebb7e29010eb6510b5537f710-1.jpg","datePublished":"2015-11-06T14:26:14+00:00","dateModified":"2015-11-06T22:43:33+00:00","breadcrumb":{"@id":"https:\/\/sandzakpress.net\/arhiva\/stefanovic-u-novom-pazaru-uhapsen-najveci-narko-bos-na-balkanu\/#breadcrumb"},"inLanguage":"bs-BA","potentialAction":[{"@type":"ReadAction","target":["https:\/\/sandzakpress.net\/arhiva\/stefanovic-u-novom-pazaru-uhapsen-najveci-narko-bos-na-balkanu\/"]}]},{"@type":"ImageObject","inLanguage":"bs-BA","@id":"https:\/\/sandzakpress.net\/arhiva\/stefanovic-u-novom-pazaru-uhapsen-najveci-narko-bos-na-balkanu\/#primaryimage","url":"https:\/\/sandzakpress.net\/arhiva\/wp-content\/uploads\/2015\/11\/fc9916d3fadc355b33431383f15c09897ca4988ebb7e29010eb6510b5537f710-1.jpg","contentUrl":"https:\/\/sandzakpress.net\/arhiva\/wp-content\/uploads\/2015\/11\/fc9916d3fadc355b33431383f15c09897ca4988ebb7e29010eb6510b5537f710-1.jpg","width":600,"height":450},{"@type":"BreadcrumbList","@id":"https:\/\/sandzakpress.net\/arhiva\/stefanovic-u-novom-pazaru-uhapsen-najveci-narko-bos-na-balkanu\/#breadcrumb","itemListElement":[{"@type":"ListItem","position":1,"name":"Home","item":"https:\/\/sandzakpress.net\/arhiva\/"},{"@type":"ListItem","position":2,"name":"Stefanovi\u0107: U Novom Pazaru uhap\u0161en najve\u0107i narko-bos na Balkanu"}]},{"@type":"WebSite","@id":"https:\/\/sandzakpress.net\/arhiva\/#website","url":"https:\/\/sandzakpress.net\/arhiva\/","name":"Sand\u017eak PRESS","description":"Prve elektronske novine u Sand\u017eaku","publisher":{"@id":"https:\/\/sandzakpress.net\/arhiva\/#\/schema\/person\/6e72b67d6e51910a1117b3b483ba20bd"},"potentialAction":[{"@type":"SearchAction","target":{"@type":"EntryPoint","urlTemplate":"https:\/\/sandzakpress.net\/arhiva\/?s={search_term_string}"},"query-input":{"@type":"PropertyValueSpecification","valueRequired":true,"valueName":"search_term_string"}}],"inLanguage":"bs-BA"},{"@type":["Person","Organization"],"@id":"https:\/\/sandzakpress.net\/arhiva\/#\/schema\/person\/6e72b67d6e51910a1117b3b483ba20bd","name":"Kul","image":{"@type":"ImageObject","inLanguage":"bs-BA","@id":"https:\/\/sandzakpress.net\/arhiva\/#\/schema\/person\/image\/","url":"https:\/\/secure.gravatar.com\/avatar\/42263f39aa27ac04c43cab85c280eb2e?s=96&d=mm&r=pg","contentUrl":"https:\/\/secure.gravatar.com\/avatar\/42263f39aa27ac04c43cab85c280eb2e?s=96&d=mm&r=pg","caption":"Kul"},"logo":{"@id":"https:\/\/sandzakpress.net\/arhiva\/#\/schema\/person\/image\/"}},{"@type":"Person","@id":"https:\/\/sandzakpress.net\/arhiva\/#\/schema\/person\/c8baee722073534b583ea7bdb2e36c02","name":"bosniak","image":{"@type":"ImageObject","inLanguage":"bs-BA","@id":"https:\/\/sandzakpress.net\/arhiva\/#\/schema\/person\/image\/","url":"https:\/\/secure.gravatar.com\/avatar\/a04fd330bfe3a36a72a0ad4a6d89fca7?s=96&d=mm&r=pg","contentUrl":"https:\/\/secure.gravatar.com\/avatar\/a04fd330bfe3a36a72a0ad4a6d89fca7?s=96&d=mm&r=pg","caption":"bosniak"},"url":"https:\/\/sandzakpress.net\/arhiva\/author\/bosniak\/"}]}},"_links":{"self":[{"href":"https:\/\/sandzakpress.net\/arhiva\/wp-json\/wp\/v2\/posts\/144391"}],"collection":[{"href":"https:\/\/sandzakpress.net\/arhiva\/wp-json\/wp\/v2\/posts"}],"about":[{"href":"https:\/\/sandzakpress.net\/arhiva\/wp-json\/wp\/v2\/types\/post"}],"author":[{"embeddable":true,"href":"https:\/\/sandzakpress.net\/arhiva\/wp-json\/wp\/v2\/users\/83"}],"replies":[{"embeddable":true,"href":"https:\/\/sandzakpress.net\/arhiva\/wp-json\/wp\/v2\/comments?post=144391"}],"version-history":[{"count":0,"href":"https:\/\/sandzakpress.net\/arhiva\/wp-json\/wp\/v2\/posts\/144391\/revisions"}],"wp:featuredmedia":[{"embeddable":true,"href":"https:\/\/sandzakpress.net\/arhiva\/wp-json\/wp\/v2\/media\/144441"}],"wp:attachment":[{"href":"https:\/\/sandzakpress.net\/arhiva\/wp-json\/wp\/v2\/media?parent=144391"}],"wp:term":[{"taxonomy":"category","embeddable":true,"href":"https:\/\/sandzakpress.net\/arhiva\/wp-json\/wp\/v2\/categories?post=144391"},{"taxonomy":"post_tag","embeddable":true,"href":"https:\/\/sandzakpress.net\/arhiva\/wp-json\/wp\/v2\/tags?post=144391"}],"curies":[{"name":"wp","href":"https:\/\/api.w.org\/{rel}","templated":true}]}}