{"id":144340,"date":"2015-11-05T19:40:26","date_gmt":"2015-11-05T18:40:26","guid":{"rendered":"https:\/\/sandzakpress.net\/arhiva\/patrijarh-irinej-sa-zvanicnicima-rs-uvazavati-institucije-i-spustiti-tenzije-foto"},"modified":"2015-11-05T19:40:26","modified_gmt":"2015-11-05T18:40:26","slug":"patrijarh-irinej-sa-zvanicnicima-rs-uvazavati-institucije-i-spustiti-tenzije-foto","status":"publish","type":"post","link":"https:\/\/sandzakpress.net\/arhiva\/patrijarh-irinej-sa-zvanicnicima-rs-uvazavati-institucije-i-spustiti-tenzije-foto\/","title":{"rendered":"Patrijarh Irinej sa zvani\u010dnicima RS: Uva\u017eavati institucije i spustiti tenzije (Foto)"},"content":{"rendered":"<p><img loading=\"lazy\" decoding=\"async\" class=\"\" src=\"http:\/\/slika.nezavisne.rs\/2015\/11\/750x450\/20151105142607_334749.jpg\" alt=\"Patrijarh Irinej sa zvani\u010dnicima RS: Uva\u017eavati institucije i spustiti tenzije (FOTO)\" width=\"601\" height=\"400\" \/><\/p>\n<p><strong>Bijeljina, Banja Luka \u2013 Na dana\u0161njem sastanku velikodostojnika Srpske pravoslavne crkve \/SPC\/ i najvi\u0161ih zvani\u010dnika Republike Srpske u Bijeljini zaklju\u010deno je da je ubudu\u0107e neophodno jedinstvo i me\u0111usobno uva\u017eavanje predstavnika srpskog naroda na svim nivoima vlasti u BiH.<\/strong><\/p>\n<p>Njegova svetost patrijarh srpski Irinej izjavio je nakon sastanka da je razgovarano o aktuelnim problemima, da je izneseno mi\u0161ljenje Crkve i zvani\u010dnika Srpske, te da \u0107e zaklju\u010dci sa ovog skupa biti orijentir za budu\u0107e djelovanje.<\/p>\n<p>\u201cRazgovorali smo onako kako to prili\u010di onima koji predstavljaju narod i onima koji predstavljaju Crkvu. Mislim da smo dovoljno sagledali i da smo dovoljno razgovarali o svim tim problemaima i to \u0107e biti jedan orijentir u na\u0161em \u017eivotu i u na\u0161em pona\u0161anju danas i ubudu\u0107e\u201d, naglasio je patrijarh Irinej.<\/p>\n<p>Patrijarh Irinej rekao je novinarima da su danas predstavnici SPC do\u0161li da razgovaraju sa predstavnicima Republike Srpske o nekim aktuelnim problemima koji su prisutni u na\u0161em vremenu, da ka\u017eu mi\u0161ljenje Crkve o tim pitanjima i da \u010duju \u0161ta predstavnici vlasti Republike Srpske misle o tim problemima.<\/p>\n<p>\u201cDo\u0161li smo da \u010dujemo na koji na\u010din i kako da se kao narod, kao Crkva i kao Republika Srpska postavimo prema tim problemima koji su prisutni u na\u0161em vremenu i na\u0161em \u017eivotu\u201d, rekao je patrijarh Irinej.<\/p>\n<p>Izrazio je zadovoljstvo \u0161to je danas u Bijeljini i Republici Srpskoj. \u201cVi\u0161e puta sam dolazio sa puno radosti u du\u0161i kada sam me\u0111u svojima i me\u0111u svojim narodom\u201d, rekao je patrijarh Irinej.<\/p>\n<p>Predsjednik Republike Srpske Milorad Dodik izjavio je nakon sastanka\u00a0 da je klju\u010dni rezultat dana\u0161njeg razgovora poziv na jedinstvo i me\u0111usobno uva\u017eavanje.<\/p>\n<p>\u201cPoziv za jedinstvo koji je uputio Sveti arhijerejski sinod i pogotovo NJegova svetost patrijarh srpski Irinej, apsolutno treba razumjeti i shvatiti kao potrebu usagla\u0161avanja i politi\u010dkog kursa koji podrazumijeva stalo\u017eenost i mirno rje\u0161avanje problema izme\u0111u politi\u010dara u Republici Srpskoj\u201d, rekao je Dodik novinarima nakon sastanka u Vladi\u010danskom dvoru u Bijeljini.<\/p>\n<p>On je u ime politi\u010dke grupacije koju predstavlja pozvao sve na uzdr\u017eano pona\u0161anje i da se poku\u0161a stvoriti prostor za konsenzus i za kreativan razgovor.<\/p>\n<p>\u201cBila je ovo prilika da potvrdimo i naglasimo potrebu za jedinstvo i me\u0111usobno uva\u017eavanje i da se iz politi\u010dkog razgovora i govora izbaci isklju\u010divost, a pogotovo elementi bilo kakvog nipodi\u0161tavanja\u201d, rekao je predsjednik Srpske.<\/p>\n<p>Prema njegovim rije\u010dima, treba da se iska\u017ee potpuno uva\u017eavanje te\u017eine i zna\u010daja obavljanja svih javnih funkcija na nivou Republike Srpske i na nivou BiH iz Republike Srpske i da se na tom osnovu uspostavi koordinacija i elimini\u0161u svi nesporazumi koji su bili predmet razli\u010ditih tuma\u010denja.<\/p>\n<p>Dodik je rekao da je zahvalan NJegovoj svetosti patrijarhu srpskom Irineju, \u010dlanovima Sinoda i vladikama iz Republike Srpske koji su danas bili na sastanku na kojem je razgovarano o aktuelnim pitanjima.<\/p>\n<p>\u201cZaklju\u010dili smo da se mora \u010de\u0161\u0107e razgovarati na svim nivoima i u okviru politi\u010dkih struktura i sa Srpskom pravoslavnom crkvom \/SPC\/ i drugim vjerskim zajednicama\u201d, dodao je Dodik.<\/p>\n<p>On je rekao da se na sastanku razgovaralo i o konkretnim pitanjima, kao \u0161to je sporazum Islamske vjerske zajednice i BiH.<\/p>\n<p>\u201cSPC se naravno ne mije\u0161a u poslove dr\u017eave i smatra se da je to posao koji treba da urade nadle\u017ene institucije i organi, \u0161to je op\u0161ti zaklju\u010dak u vezi sa tim pitanjem\u201d, istakao je predsjednik Republike Srpske Milorad Dodik.<\/p>\n<p>Predsjednik Narodne skup\u0161tine Nedeljko \u010cubrilovi\u0107 rekao je da je poruka sa ovog sastanka da dogovor ku\u0107u gradi, naglasiv\u0161i da je Republika Srpska \u201cva\u017enija od svih nas\u201d.<\/p>\n<p>Srpski \u010dlan Predsjedni\u0161tva BiH Mladen Ivani\u0107 rekao je da ovo bio dobar i koristan razgovor na kojem je iznesen jasan stav SPC da se ne\u0107e mije\u0161ati u ugovor BiH i Islamske vjerske zajednice. On je dodao da je rje\u010dnik kojim se politi\u010dke razlike iskazuju potrebno svesti u tolerantniji okvir.<\/p>\n<p>Zamjenik predsjedavaju\u0107eg Predstavni\u010dkog doma parlamenta BiH Mladen Bosi\u0107 ocijenio je da je ovo bio dobar sastanak na kojem je dogovoreno da budu uva\u017eavane institucije i funkcije i da u komunikaciji prestane kori\u0161tenje jezika koji izaziva tenzije.<\/p>\n<p>Sastanak je odr\u017ean u Vladi\u010danskom dvoru u Bijeljini gdje su prisustvovali Njegova svetost patrijarh srpski Irinej, \u010dlanovi Svetog arhijerejskog sinoda, predsjednik Republike Srpske Milorad Dodik, predsjednik Narodne skup\u0161tine Nedeljko \u010cubrilovi\u0107, srpski \u010dlan Predsjedni\u0161tva BiH Mladen Ivani\u0107, prvi zamjenik predsjedavaju\u0107eg Predstavni\u010dkog doma parlamenta BiH Mladen Bosi\u0107.<\/p>\n<p><img loading=\"lazy\" decoding=\"async\" class=\"\" src=\"http:\/\/galerija.nezavisne.rs\/v\/20151105144919000000.jpg\" alt=\"\" width=\"601\" height=\"435\" \/><br \/>\n<img loading=\"lazy\" decoding=\"async\" class=\"\" src=\"http:\/\/galerija.nezavisne.rs\/v\/20151105144931000000.jpg\" alt=\"\" width=\"600\" height=\"427\" \/><br \/>\n<img loading=\"lazy\" decoding=\"async\" class=\"\" src=\"http:\/\/galerija.nezavisne.rs\/v\/20151105144955000000.jpg\" alt=\"\" width=\"601\" height=\"427\" \/><br \/>\n<img loading=\"lazy\" decoding=\"async\" class=\"\" src=\"http:\/\/galerija.nezavisne.rs\/v\/20151105145022000000.jpg\" alt=\"\" width=\"600\" height=\"425\" \/><\/p>\n<p>(nezavisne.com)<\/p>\n<p>Pogledajte vijest na izvornom sajtu:<\/p>\n<p><a href=\"http:\/\/bosnapress.net\/patrijarh-irinej-sa-zvanicnicima-rs-uvazavati-institucije-i-spustiti-tenzije-foto\/\" target=\"_blank\">Patrijarh Irinej sa zvani\u010dnicima RS: Uva\u017eavati institucije i spustiti tenzije (Foto)<\/a><\/p>\n","protected":false},"excerpt":{"rendered":"<p>Bijeljina, Banja Luka \u2013 Na dana\u0161njem sastanku velikodostojnika Srpske pravoslavne crkve \/SPC\/ i najvi\u0161ih zvani\u010dnika Republike Srpske u Bijeljini zaklju\u010deno je da je ubudu\u0107e neophodno jedinstvo i me\u0111usobno uva\u017eavanje predstavnika srpskog naroda na svim nivoima vlasti u BiH. Njegova svetost patrijarh srpski Irinej izjavio je nakon sastanka da je razgovarano o aktuelnim problemima, da je [&hellip;]<\/p>\n","protected":false},"author":83,"featured_media":144345,"comment_status":"open","ping_status":"open","sticky":false,"template":"","format":"standard","meta":{"footnotes":""},"categories":[10513],"tags":[10466],"class_list":{"0":"post-144340","1":"post","2":"type-post","3":"status-publish","4":"format-standard","5":"has-post-thumbnail","7":"category-bosna-press","8":"tag-bosna-i-hercegovina"},"yoast_head":"<!-- This site is optimized with the Yoast SEO Premium plugin v23.1 (Yoast SEO v24.9) - https:\/\/yoast.com\/wordpress\/plugins\/seo\/ -->\n<title>Patrijarh Irinej sa zvani\u010dnicima RS: Uva\u017eavati institucije i spustiti tenzije (Foto)<\/title>\n<meta name=\"robots\" content=\"index, follow, max-snippet:-1, max-image-preview:large, max-video-preview:-1\" \/>\n<link rel=\"canonical\" href=\"https:\/\/sandzakpress.net\/arhiva\/patrijarh-irinej-sa-zvanicnicima-rs-uvazavati-institucije-i-spustiti-tenzije-foto\/\" \/>\n<meta property=\"og:locale\" content=\"bs_BA\" \/>\n<meta property=\"og:type\" content=\"article\" \/>\n<meta property=\"og:title\" content=\"Patrijarh Irinej sa zvani\u010dnicima RS: Uva\u017eavati institucije i spustiti tenzije (Foto)\" \/>\n<meta property=\"og:description\" content=\"Bijeljina, Banja Luka \u2013 Na dana\u0161njem sastanku velikodostojnika Srpske pravoslavne crkve \/SPC\/ i najvi\u0161ih zvani\u010dnika Republike Srpske u Bijeljini zaklju\u010deno je da je ubudu\u0107e neophodno jedinstvo i me\u0111usobno uva\u017eavanje predstavnika srpskog naroda na svim nivoima vlasti u BiH. Njegova svetost patrijarh srpski Irinej izjavio je nakon sastanka da je razgovarano o aktuelnim problemima, da je [&hellip;]\" \/>\n<meta property=\"og:url\" content=\"https:\/\/sandzakpress.net\/arhiva\/patrijarh-irinej-sa-zvanicnicima-rs-uvazavati-institucije-i-spustiti-tenzije-foto\/\" \/>\n<meta property=\"og:site_name\" content=\"Sand\u017eak PRESS\" \/>\n<meta property=\"article:published_time\" content=\"2015-11-05T18:40:26+00:00\" \/>\n<meta property=\"og:image\" content=\"https:\/\/sandzakpress.net\/arhiva\/wp-content\/uploads\/2015\/11\/20151105142607_3347492.jpg\" \/>\n\t<meta property=\"og:image:width\" content=\"750\" \/>\n\t<meta property=\"og:image:height\" content=\"500\" \/>\n\t<meta property=\"og:image:type\" content=\"image\/jpeg\" \/>\n<meta name=\"author\" content=\"bosniak\" \/>\n<meta name=\"twitter:card\" content=\"summary_large_image\" \/>\n<meta name=\"twitter:label1\" content=\"Written by\" \/>\n\t<meta name=\"twitter:data1\" content=\"bosniak\" \/>\n\t<meta name=\"twitter:label2\" content=\"Est. reading time\" \/>\n\t<meta name=\"twitter:data2\" content=\"4 minute\" \/>\n<script type=\"application\/ld+json\" class=\"yoast-schema-graph\">{\"@context\":\"https:\/\/schema.org\",\"@graph\":[{\"@type\":\"Article\",\"@id\":\"https:\/\/sandzakpress.net\/arhiva\/patrijarh-irinej-sa-zvanicnicima-rs-uvazavati-institucije-i-spustiti-tenzije-foto\/#article\",\"isPartOf\":{\"@id\":\"https:\/\/sandzakpress.net\/arhiva\/patrijarh-irinej-sa-zvanicnicima-rs-uvazavati-institucije-i-spustiti-tenzije-foto\/\"},\"author\":{\"name\":\"bosniak\",\"@id\":\"https:\/\/sandzakpress.net\/arhiva\/#\/schema\/person\/c8baee722073534b583ea7bdb2e36c02\"},\"headline\":\"Patrijarh Irinej sa zvani\u010dnicima RS: Uva\u017eavati institucije i spustiti tenzije (Foto)\",\"datePublished\":\"2015-11-05T18:40:26+00:00\",\"mainEntityOfPage\":{\"@id\":\"https:\/\/sandzakpress.net\/arhiva\/patrijarh-irinej-sa-zvanicnicima-rs-uvazavati-institucije-i-spustiti-tenzije-foto\/\"},\"wordCount\":801,\"commentCount\":6,\"publisher\":{\"@id\":\"https:\/\/sandzakpress.net\/arhiva\/#\/schema\/person\/6e72b67d6e51910a1117b3b483ba20bd\"},\"image\":{\"@id\":\"https:\/\/sandzakpress.net\/arhiva\/patrijarh-irinej-sa-zvanicnicima-rs-uvazavati-institucije-i-spustiti-tenzije-foto\/#primaryimage\"},\"thumbnailUrl\":\"https:\/\/sandzakpress.net\/arhiva\/wp-content\/uploads\/2015\/11\/20151105142607_3347492.jpg\",\"keywords\":[\"Bosna i Hercegovina\"],\"articleSection\":[\"Bosna PRESS\"],\"inLanguage\":\"bs-BA\",\"potentialAction\":[{\"@type\":\"CommentAction\",\"name\":\"Comment\",\"target\":[\"https:\/\/sandzakpress.net\/arhiva\/patrijarh-irinej-sa-zvanicnicima-rs-uvazavati-institucije-i-spustiti-tenzije-foto\/#respond\"]}]},{\"@type\":\"WebPage\",\"@id\":\"https:\/\/sandzakpress.net\/arhiva\/patrijarh-irinej-sa-zvanicnicima-rs-uvazavati-institucije-i-spustiti-tenzije-foto\/\",\"url\":\"https:\/\/sandzakpress.net\/arhiva\/patrijarh-irinej-sa-zvanicnicima-rs-uvazavati-institucije-i-spustiti-tenzije-foto\/\",\"name\":\"Patrijarh Irinej sa zvani\u010dnicima RS: Uva\u017eavati institucije i spustiti tenzije (Foto)\",\"isPartOf\":{\"@id\":\"https:\/\/sandzakpress.net\/arhiva\/#website\"},\"primaryImageOfPage\":{\"@id\":\"https:\/\/sandzakpress.net\/arhiva\/patrijarh-irinej-sa-zvanicnicima-rs-uvazavati-institucije-i-spustiti-tenzije-foto\/#primaryimage\"},\"image\":{\"@id\":\"https:\/\/sandzakpress.net\/arhiva\/patrijarh-irinej-sa-zvanicnicima-rs-uvazavati-institucije-i-spustiti-tenzije-foto\/#primaryimage\"},\"thumbnailUrl\":\"https:\/\/sandzakpress.net\/arhiva\/wp-content\/uploads\/2015\/11\/20151105142607_3347492.jpg\",\"datePublished\":\"2015-11-05T18:40:26+00:00\",\"breadcrumb\":{\"@id\":\"https:\/\/sandzakpress.net\/arhiva\/patrijarh-irinej-sa-zvanicnicima-rs-uvazavati-institucije-i-spustiti-tenzije-foto\/#breadcrumb\"},\"inLanguage\":\"bs-BA\",\"potentialAction\":[{\"@type\":\"ReadAction\",\"target\":[\"https:\/\/sandzakpress.net\/arhiva\/patrijarh-irinej-sa-zvanicnicima-rs-uvazavati-institucije-i-spustiti-tenzije-foto\/\"]}]},{\"@type\":\"ImageObject\",\"inLanguage\":\"bs-BA\",\"@id\":\"https:\/\/sandzakpress.net\/arhiva\/patrijarh-irinej-sa-zvanicnicima-rs-uvazavati-institucije-i-spustiti-tenzije-foto\/#primaryimage\",\"url\":\"https:\/\/sandzakpress.net\/arhiva\/wp-content\/uploads\/2015\/11\/20151105142607_3347492.jpg\",\"contentUrl\":\"https:\/\/sandzakpress.net\/arhiva\/wp-content\/uploads\/2015\/11\/20151105142607_3347492.jpg\",\"width\":750,\"height\":500},{\"@type\":\"BreadcrumbList\",\"@id\":\"https:\/\/sandzakpress.net\/arhiva\/patrijarh-irinej-sa-zvanicnicima-rs-uvazavati-institucije-i-spustiti-tenzije-foto\/#breadcrumb\",\"itemListElement\":[{\"@type\":\"ListItem\",\"position\":1,\"name\":\"Home\",\"item\":\"https:\/\/sandzakpress.net\/arhiva\/\"},{\"@type\":\"ListItem\",\"position\":2,\"name\":\"Patrijarh Irinej sa zvani\u010dnicima RS: Uva\u017eavati institucije i spustiti tenzije (Foto)\"}]},{\"@type\":\"WebSite\",\"@id\":\"https:\/\/sandzakpress.net\/arhiva\/#website\",\"url\":\"https:\/\/sandzakpress.net\/arhiva\/\",\"name\":\"Sand\u017eak PRESS\",\"description\":\"Prve elektronske novine u Sand\u017eaku\",\"publisher\":{\"@id\":\"https:\/\/sandzakpress.net\/arhiva\/#\/schema\/person\/6e72b67d6e51910a1117b3b483ba20bd\"},\"potentialAction\":[{\"@type\":\"SearchAction\",\"target\":{\"@type\":\"EntryPoint\",\"urlTemplate\":\"https:\/\/sandzakpress.net\/arhiva\/?s={search_term_string}\"},\"query-input\":{\"@type\":\"PropertyValueSpecification\",\"valueRequired\":true,\"valueName\":\"search_term_string\"}}],\"inLanguage\":\"bs-BA\"},{\"@type\":[\"Person\",\"Organization\"],\"@id\":\"https:\/\/sandzakpress.net\/arhiva\/#\/schema\/person\/6e72b67d6e51910a1117b3b483ba20bd\",\"name\":\"Kul\",\"image\":{\"@type\":\"ImageObject\",\"inLanguage\":\"bs-BA\",\"@id\":\"https:\/\/sandzakpress.net\/arhiva\/#\/schema\/person\/image\/\",\"url\":\"https:\/\/secure.gravatar.com\/avatar\/42263f39aa27ac04c43cab85c280eb2e?s=96&d=mm&r=pg\",\"contentUrl\":\"https:\/\/secure.gravatar.com\/avatar\/42263f39aa27ac04c43cab85c280eb2e?s=96&d=mm&r=pg\",\"caption\":\"Kul\"},\"logo\":{\"@id\":\"https:\/\/sandzakpress.net\/arhiva\/#\/schema\/person\/image\/\"}},{\"@type\":\"Person\",\"@id\":\"https:\/\/sandzakpress.net\/arhiva\/#\/schema\/person\/c8baee722073534b583ea7bdb2e36c02\",\"name\":\"bosniak\",\"image\":{\"@type\":\"ImageObject\",\"inLanguage\":\"bs-BA\",\"@id\":\"https:\/\/sandzakpress.net\/arhiva\/#\/schema\/person\/image\/\",\"url\":\"https:\/\/secure.gravatar.com\/avatar\/a04fd330bfe3a36a72a0ad4a6d89fca7?s=96&d=mm&r=pg\",\"contentUrl\":\"https:\/\/secure.gravatar.com\/avatar\/a04fd330bfe3a36a72a0ad4a6d89fca7?s=96&d=mm&r=pg\",\"caption\":\"bosniak\"},\"url\":\"https:\/\/sandzakpress.net\/arhiva\/author\/bosniak\/\"}]}<\/script>\n<!-- \/ Yoast SEO Premium plugin. -->","yoast_head_json":{"title":"Patrijarh Irinej sa zvani\u010dnicima RS: Uva\u017eavati institucije i spustiti tenzije (Foto)","robots":{"index":"index","follow":"follow","max-snippet":"max-snippet:-1","max-image-preview":"max-image-preview:large","max-video-preview":"max-video-preview:-1"},"canonical":"https:\/\/sandzakpress.net\/arhiva\/patrijarh-irinej-sa-zvanicnicima-rs-uvazavati-institucije-i-spustiti-tenzije-foto\/","og_locale":"bs_BA","og_type":"article","og_title":"Patrijarh Irinej sa zvani\u010dnicima RS: Uva\u017eavati institucije i spustiti tenzije (Foto)","og_description":"Bijeljina, Banja Luka \u2013 Na dana\u0161njem sastanku velikodostojnika Srpske pravoslavne crkve \/SPC\/ i najvi\u0161ih zvani\u010dnika Republike Srpske u Bijeljini zaklju\u010deno je da je ubudu\u0107e neophodno jedinstvo i me\u0111usobno uva\u017eavanje predstavnika srpskog naroda na svim nivoima vlasti u BiH. Njegova svetost patrijarh srpski Irinej izjavio je nakon sastanka da je razgovarano o aktuelnim problemima, da je [&hellip;]","og_url":"https:\/\/sandzakpress.net\/arhiva\/patrijarh-irinej-sa-zvanicnicima-rs-uvazavati-institucije-i-spustiti-tenzije-foto\/","og_site_name":"Sand\u017eak PRESS","article_published_time":"2015-11-05T18:40:26+00:00","og_image":[{"width":750,"height":500,"url":"https:\/\/sandzakpress.net\/arhiva\/wp-content\/uploads\/2015\/11\/20151105142607_3347492.jpg","type":"image\/jpeg"}],"author":"bosniak","twitter_card":"summary_large_image","twitter_misc":{"Written by":"bosniak","Est. reading time":"4 minute"},"schema":{"@context":"https:\/\/schema.org","@graph":[{"@type":"Article","@id":"https:\/\/sandzakpress.net\/arhiva\/patrijarh-irinej-sa-zvanicnicima-rs-uvazavati-institucije-i-spustiti-tenzije-foto\/#article","isPartOf":{"@id":"https:\/\/sandzakpress.net\/arhiva\/patrijarh-irinej-sa-zvanicnicima-rs-uvazavati-institucije-i-spustiti-tenzije-foto\/"},"author":{"name":"bosniak","@id":"https:\/\/sandzakpress.net\/arhiva\/#\/schema\/person\/c8baee722073534b583ea7bdb2e36c02"},"headline":"Patrijarh Irinej sa zvani\u010dnicima RS: Uva\u017eavati institucije i spustiti tenzije (Foto)","datePublished":"2015-11-05T18:40:26+00:00","mainEntityOfPage":{"@id":"https:\/\/sandzakpress.net\/arhiva\/patrijarh-irinej-sa-zvanicnicima-rs-uvazavati-institucije-i-spustiti-tenzije-foto\/"},"wordCount":801,"commentCount":6,"publisher":{"@id":"https:\/\/sandzakpress.net\/arhiva\/#\/schema\/person\/6e72b67d6e51910a1117b3b483ba20bd"},"image":{"@id":"https:\/\/sandzakpress.net\/arhiva\/patrijarh-irinej-sa-zvanicnicima-rs-uvazavati-institucije-i-spustiti-tenzije-foto\/#primaryimage"},"thumbnailUrl":"https:\/\/sandzakpress.net\/arhiva\/wp-content\/uploads\/2015\/11\/20151105142607_3347492.jpg","keywords":["Bosna i Hercegovina"],"articleSection":["Bosna PRESS"],"inLanguage":"bs-BA","potentialAction":[{"@type":"CommentAction","name":"Comment","target":["https:\/\/sandzakpress.net\/arhiva\/patrijarh-irinej-sa-zvanicnicima-rs-uvazavati-institucije-i-spustiti-tenzije-foto\/#respond"]}]},{"@type":"WebPage","@id":"https:\/\/sandzakpress.net\/arhiva\/patrijarh-irinej-sa-zvanicnicima-rs-uvazavati-institucije-i-spustiti-tenzije-foto\/","url":"https:\/\/sandzakpress.net\/arhiva\/patrijarh-irinej-sa-zvanicnicima-rs-uvazavati-institucije-i-spustiti-tenzije-foto\/","name":"Patrijarh Irinej sa zvani\u010dnicima RS: Uva\u017eavati institucije i spustiti tenzije (Foto)","isPartOf":{"@id":"https:\/\/sandzakpress.net\/arhiva\/#website"},"primaryImageOfPage":{"@id":"https:\/\/sandzakpress.net\/arhiva\/patrijarh-irinej-sa-zvanicnicima-rs-uvazavati-institucije-i-spustiti-tenzije-foto\/#primaryimage"},"image":{"@id":"https:\/\/sandzakpress.net\/arhiva\/patrijarh-irinej-sa-zvanicnicima-rs-uvazavati-institucije-i-spustiti-tenzije-foto\/#primaryimage"},"thumbnailUrl":"https:\/\/sandzakpress.net\/arhiva\/wp-content\/uploads\/2015\/11\/20151105142607_3347492.jpg","datePublished":"2015-11-05T18:40:26+00:00","breadcrumb":{"@id":"https:\/\/sandzakpress.net\/arhiva\/patrijarh-irinej-sa-zvanicnicima-rs-uvazavati-institucije-i-spustiti-tenzije-foto\/#breadcrumb"},"inLanguage":"bs-BA","potentialAction":[{"@type":"ReadAction","target":["https:\/\/sandzakpress.net\/arhiva\/patrijarh-irinej-sa-zvanicnicima-rs-uvazavati-institucije-i-spustiti-tenzije-foto\/"]}]},{"@type":"ImageObject","inLanguage":"bs-BA","@id":"https:\/\/sandzakpress.net\/arhiva\/patrijarh-irinej-sa-zvanicnicima-rs-uvazavati-institucije-i-spustiti-tenzije-foto\/#primaryimage","url":"https:\/\/sandzakpress.net\/arhiva\/wp-content\/uploads\/2015\/11\/20151105142607_3347492.jpg","contentUrl":"https:\/\/sandzakpress.net\/arhiva\/wp-content\/uploads\/2015\/11\/20151105142607_3347492.jpg","width":750,"height":500},{"@type":"BreadcrumbList","@id":"https:\/\/sandzakpress.net\/arhiva\/patrijarh-irinej-sa-zvanicnicima-rs-uvazavati-institucije-i-spustiti-tenzije-foto\/#breadcrumb","itemListElement":[{"@type":"ListItem","position":1,"name":"Home","item":"https:\/\/sandzakpress.net\/arhiva\/"},{"@type":"ListItem","position":2,"name":"Patrijarh Irinej sa zvani\u010dnicima RS: Uva\u017eavati institucije i spustiti tenzije (Foto)"}]},{"@type":"WebSite","@id":"https:\/\/sandzakpress.net\/arhiva\/#website","url":"https:\/\/sandzakpress.net\/arhiva\/","name":"Sand\u017eak PRESS","description":"Prve elektronske novine u Sand\u017eaku","publisher":{"@id":"https:\/\/sandzakpress.net\/arhiva\/#\/schema\/person\/6e72b67d6e51910a1117b3b483ba20bd"},"potentialAction":[{"@type":"SearchAction","target":{"@type":"EntryPoint","urlTemplate":"https:\/\/sandzakpress.net\/arhiva\/?s={search_term_string}"},"query-input":{"@type":"PropertyValueSpecification","valueRequired":true,"valueName":"search_term_string"}}],"inLanguage":"bs-BA"},{"@type":["Person","Organization"],"@id":"https:\/\/sandzakpress.net\/arhiva\/#\/schema\/person\/6e72b67d6e51910a1117b3b483ba20bd","name":"Kul","image":{"@type":"ImageObject","inLanguage":"bs-BA","@id":"https:\/\/sandzakpress.net\/arhiva\/#\/schema\/person\/image\/","url":"https:\/\/secure.gravatar.com\/avatar\/42263f39aa27ac04c43cab85c280eb2e?s=96&d=mm&r=pg","contentUrl":"https:\/\/secure.gravatar.com\/avatar\/42263f39aa27ac04c43cab85c280eb2e?s=96&d=mm&r=pg","caption":"Kul"},"logo":{"@id":"https:\/\/sandzakpress.net\/arhiva\/#\/schema\/person\/image\/"}},{"@type":"Person","@id":"https:\/\/sandzakpress.net\/arhiva\/#\/schema\/person\/c8baee722073534b583ea7bdb2e36c02","name":"bosniak","image":{"@type":"ImageObject","inLanguage":"bs-BA","@id":"https:\/\/sandzakpress.net\/arhiva\/#\/schema\/person\/image\/","url":"https:\/\/secure.gravatar.com\/avatar\/a04fd330bfe3a36a72a0ad4a6d89fca7?s=96&d=mm&r=pg","contentUrl":"https:\/\/secure.gravatar.com\/avatar\/a04fd330bfe3a36a72a0ad4a6d89fca7?s=96&d=mm&r=pg","caption":"bosniak"},"url":"https:\/\/sandzakpress.net\/arhiva\/author\/bosniak\/"}]}},"_links":{"self":[{"href":"https:\/\/sandzakpress.net\/arhiva\/wp-json\/wp\/v2\/posts\/144340"}],"collection":[{"href":"https:\/\/sandzakpress.net\/arhiva\/wp-json\/wp\/v2\/posts"}],"about":[{"href":"https:\/\/sandzakpress.net\/arhiva\/wp-json\/wp\/v2\/types\/post"}],"author":[{"embeddable":true,"href":"https:\/\/sandzakpress.net\/arhiva\/wp-json\/wp\/v2\/users\/83"}],"replies":[{"embeddable":true,"href":"https:\/\/sandzakpress.net\/arhiva\/wp-json\/wp\/v2\/comments?post=144340"}],"version-history":[{"count":0,"href":"https:\/\/sandzakpress.net\/arhiva\/wp-json\/wp\/v2\/posts\/144340\/revisions"}],"wp:featuredmedia":[{"embeddable":true,"href":"https:\/\/sandzakpress.net\/arhiva\/wp-json\/wp\/v2\/media\/144345"}],"wp:attachment":[{"href":"https:\/\/sandzakpress.net\/arhiva\/wp-json\/wp\/v2\/media?parent=144340"}],"wp:term":[{"taxonomy":"category","embeddable":true,"href":"https:\/\/sandzakpress.net\/arhiva\/wp-json\/wp\/v2\/categories?post=144340"},{"taxonomy":"post_tag","embeddable":true,"href":"https:\/\/sandzakpress.net\/arhiva\/wp-json\/wp\/v2\/tags?post=144340"}],"curies":[{"name":"wp","href":"https:\/\/api.w.org\/{rel}","templated":true}]}}