{"id":144136,"date":"2015-11-04T15:18:54","date_gmt":"2015-11-04T14:18:54","guid":{"rendered":"https:\/\/sandzakpress.net\/arhiva\/?p=144136"},"modified":"2015-11-05T12:35:33","modified_gmt":"2015-11-05T11:35:33","slug":"bosnjacka-demokratska-zajednica-je-svetionik-istine","status":"publish","type":"post","link":"https:\/\/sandzakpress.net\/arhiva\/bosnjacka-demokratska-zajednica-je-svetionik-istine\/","title":{"rendered":"Bali\u0107 &#8211; BDZ je svetionik istine"},"content":{"rendered":"<p><img decoding=\"async\" src=\"http:\/\/www.bdzajednica.me\/materijal\/video\/nusret-radiobp.jpg\" alt=\"\" \/><\/p>\n<p>Zaista sam kao Bo\u0161njak ponosan na Bo\u0161nja\u010dku demokratsku \u00a0zajednicu u Crnoj Gori predvo\u0111enom \u00a0liderom kakav je gospodin Hazbija Kala\u010d. Svidjelo se to mnogima ili ne, kada su u pitanju aktuelni protesti u Crnoj Gori, Bo\u0161nja\u010dka demokratska zajednica je bila na pravom mjestu u pravo vrijeme i sa jasnim stavom, a to je demokratsko trasiranje puta Crne Gore ka svjetlijoj budu\u0107nosti Bo\u0161njackog naroda prevashodno i svih naroda koji sa nama dijele prostor Crne Gore i Sand\u017eaka.<\/p>\n<p>Moram da podvu\u010dem prije svega interes Bo\u0161njaka, jer \u017eivimo u ambijentu gdje smo generalno kao pripadnici Bo\u0161nja\u010dke nacije u mnogo inferiornijem polo\u017eaju u odnosu na ostale narode i gdje \u00a0kao narod sa svojim pravima predstavljamo simbol diskriminacije. Onog momenta kada Crna Gora bude \u00a0na tom nivou dru\u0161tvene odgovornosti da primjena Ustava bude jednaka za svakog gra\u0111anina ponaosob, tada \u0107e i nacionalne stranke svu energiju kanalisati ka unapre\u0111enju privrednog razvoja na\u0161e zemlje koji \u0107e biti od interesa za sve gra\u0111ane Crne Gore.<\/p>\n<p>Ovo sada i jeste borba na putu ka demoktatizaciji na\u0161eg dru\u0161tva u kojem se razli\u010diti narodi bore za ravnopravan status. Dakle, su\u0161tina ove demokratske borbe jeste o\u010duvanje Ustavnog poretka i zakonskih normi koje \u0107e svakog gra\u0111anina staviti u isti polo\u017eaj. Na mnogim internet stranicama mo\u017eemo pro\u010ditati odre\u0111eni broj negativnih komentara usmjerenih protiv BDZ pokreta sa ciljem poku\u0161aja diskreditacije jedine slobodne bo\u0161njacke institucije u Crnoj Gori.<\/p>\n<p>Nego, ako pogledamo sa kojih i kakvih adresa sti\u017eu takve poruke onda \u00a0to samo u\u010dvr\u0161\u0107uje korake i daje jo\u0161 vise elana u borbi za kvalitetnu implementaciju programskih na\u010dela. Ogovaraju \u00a0i potvaraju uglavnom oni koji imaju jak interes, koji \u017eele da se dodvore pretpostavljenima \u00a0ili koji su dobro pla\u0107eni za te usluge. Ustavno pravo svakog \u010dovjeka i politi\u010dke partije jeste da javno izrazi svoje nezadovoljstvo politi\u010dkom situacijom u svojoj zemlji na miran na\u010din.<\/p>\n<p>Bo\u0161nja\u010dka demokratska zajednica u Crnoj Gori upravo je i osnovana kao rezultat nezadovoljstva aktuelnom politi\u010dkim stanjem u zemlji koja se negativno odra\u017eava prije svega na bo\u0161njacki narod i njihova \u00a0prava, a samim tim i na ukupan \u017eivot ogromne ve\u0107ine stanovni\u0161va. Danas kada su na politi\u010dkoj sceni u Crnoj Gori i regionu ve\u0107im dijelom prisutne stranke koje kalkuli\u0161u svojim interesima i svoja programska na\u010dela stavljaju pod tepih kada je u pitanju raspodjela poslovnih pozicija, odnosno kola\u010da i fotelja, Bo\u0161njakcka demokratska zajednica ima eksplicitan i otvoren stav kada su u pitanju politi\u010dke promjene u Crnoj Gori.<\/p>\n<p>Ovi ljudi su bez imalo bojazni artikulisali svoje nezadovoljstvo sada\u0161njim stanjem i mogu slobodno reci doprinijeli da se kona\u010dno nakon skoro dvadeset i pet godina \u010duje glas Bo\u0161njaka i to ba\u0161 tamo gdje treba. Jeste da \u00a0jako ru\u017enu sliku \u0161alje sve to sto se izde\u0161avalo na protestima, a posebno njihova kulminacija pra\u0107ena represivnim mjerama od strane re\u017eima, sto nije ni\u0161ta iznena\u0111uju\u0107e, a isto tako nepristojni iscenirani ili ne napadi na policiju, \u00a0ali neka se time pozabave nadle\u017ene \u00a0institucije. Nekako je postalo normalno i u\u010destalo da mnogi Bosnjaci kritikuju one svoje, pogotovo istaknutije i ponajbolje i da podr\u017eavaju neke van granice a svoje da nipoda\u0161tavaju, pa kritike ne izostaju i kada je u pitanju u\u010de\u0161\u0107e na protestima bo\u0161njackih predstavnika iz ove stranke<\/p>\n<p>Svaka ne\u010dista sabota\u017ea od pojedinaca, grupacije i politi\u010dkog konkurenta prema drugoj strani zna\u010di da je ta opcija na pravome putu. Jer ako la\u017e primijeti da istina \u017eeli da mu otkrije i pokvari maliciozne planove, tada la\u017e pose\u017ee za ne\u010dasnim radnjama i ne bira sredstva da ugrozi istinu. Takav je slu\u010daj i sa BDZ partijom, jer je BDZ svetionik istine \u00a0i ne mo\u017ee joj se nauditi. Zapamtite da BDZ \u00a0ne dijeli narod na \u010detnike i po\u010detnike, partizane i usta\u0161e. Bo\u0161nja\u010dka demokratska zajednica dijeli ljude na dobre i lo\u0161e. Svaka podjela i etiketiranje drugih vodi ka mr\u017enji i netoletanciji. Mi vjerujemo da su vremena mr\u017enje i sukoba pro\u0161lost.<\/p>\n<p>Sudbina nam je da dijelimo isti geografiski prostor i isto par\u010de zemlje. Ostaje nam samo da se dogovaramo i pregovaramo, da pronalazimo najbolje ekonomiske, privredne i institutionalne metode koje \u0107e nas sve gra\u0111ane Crne Gore staviti u ravnopravan polo\u017eaj i koje \u0107e nam napuniti fri\u017eider, obezbijediti kvalitetnu zdravstvenu za\u0161titu, saobra\u0107ajnu infrastrukturu, besplatno obrazovanje, kvalitetan socijalni program kako ljudi ne bi napustsli svoja ognji\u0161ta i vi\u0161e slobodnijih radnih mjesta. Najkra\u0107e re\u010deno, \u017eivot bez stresa. Ako Balkanci razli\u010ditih nacionalnosti na Zapadu Evrope mogu lijepo \u017eivjeti i na tu\u0111em biti na\u0161i, to zaigurno mogu i u Crnoj Gori. \u00a0Prazan d\u017eep je na\u0161 najve\u0107i neprijatelj. Sve dok jednima bude pun, a drugima prazan, bi\u0107e podjela i mr\u017enje, zato se borimo da nam d\u017eep svima bude pun ili podjednako napunjen. Onaj kome je nepravda u\u010dinjena ili mu se i dalje \u010dini bilo to na individualnoj ili koletivnoj razini taj navi\u0161e ima prava na protest i to mu niko ne mo\u017ee osporiti!<\/p>\n<p>Svaka kritika upu\u0107ena prema BDZ stranci, istovremeno je upu\u0107ena i prema svim Bo\u0161njacima u Crnoj Gori i njihovim pravima, jer je ova stranka prepoznatljiva kao istinski borac za bolja prava i polo\u017eaj \u00a0na\u0161eg naroda kroz \u010dvrsto zalaganje za promociju i implementaciju programskih na\u010dela sa kojima nema trgovine. Za to ve\u0107ina Bo\u0161njaka pru\u017eaju \u00a0punu moralnu podr\u0161ku godpodinu Hazbiji jer svakim danom uvi\u0111aju da je on pravi predstavnik i lider Bo\u0161njaka u Crnoj Gori. On samo ne \u0107uti i mudruje, ve\u0107 govori tamo gdje treba i kada treba, jasno i glasno, iskreno, istinito i pravedno u interesa svih gra\u0111ana Crne Gore i Sand\u017eaka. Nama unutar bo\u0161nja\u010dkog korpusa potreban je prije svega dijalog i trebamo se okupiti oko jedne nam zajedni\u010dke rije\u010di, jedne ideje i oko istoga cilja.<\/p>\n<p>&nbsp;<\/p>\n<p>Autor: Mr. Nusret Bali\u0107<\/p>\n","protected":false},"excerpt":{"rendered":"<p>Mr. Nusret Bali\u0107<\/p>\n","protected":false},"author":83,"featured_media":144138,"comment_status":"open","ping_status":"open","sticky":false,"template":"","format":"standard","meta":{"footnotes":""},"categories":[398,397,10196,10174,396,395,399,10173,8957],"tags":[10223],"class_list":{"0":"post-144136","1":"post","2":"type-post","3":"status-publish","4":"format-standard","5":"has-post-thumbnail","7":"category-rozaje","8":"category-berane","9":"category-iz-pera-nasih-autora","10":"category-petnjica-vase-vijesti","11":"category-bijelo_polje","12":"category-pljevlja_","13":"category-plav_","14":"category-gusinje-vase-vijesti","15":"category-vijesti-dana","16":"tag-bdz"},"yoast_head":"<!-- This site is optimized with the Yoast SEO Premium plugin v23.1 (Yoast SEO v24.9) - https:\/\/yoast.com\/wordpress\/plugins\/seo\/ -->\n<title>Bali\u0107 - BDZ je svetionik istine<\/title>\n<meta name=\"robots\" content=\"index, follow, max-snippet:-1, max-image-preview:large, max-video-preview:-1\" \/>\n<link rel=\"canonical\" href=\"https:\/\/sandzakpress.net\/arhiva\/bosnjacka-demokratska-zajednica-je-svetionik-istine\/\" \/>\n<meta property=\"og:locale\" content=\"bs_BA\" \/>\n<meta property=\"og:type\" content=\"article\" \/>\n<meta property=\"og:title\" content=\"Bali\u0107 - BDZ je svetionik istine\" \/>\n<meta property=\"og:description\" content=\"Mr. Nusret Bali\u0107\" \/>\n<meta property=\"og:url\" content=\"https:\/\/sandzakpress.net\/arhiva\/bosnjacka-demokratska-zajednica-je-svetionik-istine\/\" \/>\n<meta property=\"og:site_name\" content=\"Sand\u017eak PRESS\" \/>\n<meta property=\"article:published_time\" content=\"2015-11-04T14:18:54+00:00\" \/>\n<meta property=\"article:modified_time\" content=\"2015-11-05T11:35:33+00:00\" \/>\n<meta property=\"og:image\" content=\"https:\/\/sandzakpress.net\/arhiva\/wp-content\/uploads\/2015\/11\/nusret-radiobp.jpg\" \/>\n\t<meta property=\"og:image:width\" content=\"675\" \/>\n\t<meta property=\"og:image:height\" content=\"354\" \/>\n\t<meta property=\"og:image:type\" content=\"image\/jpeg\" \/>\n<meta name=\"author\" content=\"bosniak\" \/>\n<meta name=\"twitter:card\" content=\"summary_large_image\" \/>\n<meta name=\"twitter:label1\" content=\"Written by\" \/>\n\t<meta name=\"twitter:data1\" content=\"bosniak\" \/>\n\t<meta name=\"twitter:label2\" content=\"Est. reading time\" \/>\n\t<meta name=\"twitter:data2\" content=\"5 minuta\" \/>\n<script type=\"application\/ld+json\" class=\"yoast-schema-graph\">{\"@context\":\"https:\/\/schema.org\",\"@graph\":[{\"@type\":\"Article\",\"@id\":\"https:\/\/sandzakpress.net\/arhiva\/bosnjacka-demokratska-zajednica-je-svetionik-istine\/#article\",\"isPartOf\":{\"@id\":\"https:\/\/sandzakpress.net\/arhiva\/bosnjacka-demokratska-zajednica-je-svetionik-istine\/\"},\"author\":{\"name\":\"bosniak\",\"@id\":\"https:\/\/sandzakpress.net\/arhiva\/#\/schema\/person\/c8baee722073534b583ea7bdb2e36c02\"},\"headline\":\"Bali\u0107 &#8211; BDZ je svetionik istine\",\"datePublished\":\"2015-11-04T14:18:54+00:00\",\"dateModified\":\"2015-11-05T11:35:33+00:00\",\"mainEntityOfPage\":{\"@id\":\"https:\/\/sandzakpress.net\/arhiva\/bosnjacka-demokratska-zajednica-je-svetionik-istine\/\"},\"wordCount\":1031,\"commentCount\":12,\"publisher\":{\"@id\":\"https:\/\/sandzakpress.net\/arhiva\/#\/schema\/person\/6e72b67d6e51910a1117b3b483ba20bd\"},\"image\":{\"@id\":\"https:\/\/sandzakpress.net\/arhiva\/bosnjacka-demokratska-zajednica-je-svetionik-istine\/#primaryimage\"},\"thumbnailUrl\":\"https:\/\/sandzakpress.net\/arhiva\/wp-content\/uploads\/2015\/11\/nusret-radiobp.jpg\",\"keywords\":[\"BDZ\"],\"articleSection\":[\"Ro\u017eaje\",\"Berane\",\"Iz pera na\u0161ih autora\",\"Petnjica\",\"Bijelo Polje\",\"Pljevlja\",\"Plav\",\"Gusinje\",\"VIJESTI DANA\"],\"inLanguage\":\"bs-BA\",\"potentialAction\":[{\"@type\":\"CommentAction\",\"name\":\"Comment\",\"target\":[\"https:\/\/sandzakpress.net\/arhiva\/bosnjacka-demokratska-zajednica-je-svetionik-istine\/#respond\"]}]},{\"@type\":\"WebPage\",\"@id\":\"https:\/\/sandzakpress.net\/arhiva\/bosnjacka-demokratska-zajednica-je-svetionik-istine\/\",\"url\":\"https:\/\/sandzakpress.net\/arhiva\/bosnjacka-demokratska-zajednica-je-svetionik-istine\/\",\"name\":\"Bali\u0107 - BDZ je svetionik istine\",\"isPartOf\":{\"@id\":\"https:\/\/sandzakpress.net\/arhiva\/#website\"},\"primaryImageOfPage\":{\"@id\":\"https:\/\/sandzakpress.net\/arhiva\/bosnjacka-demokratska-zajednica-je-svetionik-istine\/#primaryimage\"},\"image\":{\"@id\":\"https:\/\/sandzakpress.net\/arhiva\/bosnjacka-demokratska-zajednica-je-svetionik-istine\/#primaryimage\"},\"thumbnailUrl\":\"https:\/\/sandzakpress.net\/arhiva\/wp-content\/uploads\/2015\/11\/nusret-radiobp.jpg\",\"datePublished\":\"2015-11-04T14:18:54+00:00\",\"dateModified\":\"2015-11-05T11:35:33+00:00\",\"breadcrumb\":{\"@id\":\"https:\/\/sandzakpress.net\/arhiva\/bosnjacka-demokratska-zajednica-je-svetionik-istine\/#breadcrumb\"},\"inLanguage\":\"bs-BA\",\"potentialAction\":[{\"@type\":\"ReadAction\",\"target\":[\"https:\/\/sandzakpress.net\/arhiva\/bosnjacka-demokratska-zajednica-je-svetionik-istine\/\"]}]},{\"@type\":\"ImageObject\",\"inLanguage\":\"bs-BA\",\"@id\":\"https:\/\/sandzakpress.net\/arhiva\/bosnjacka-demokratska-zajednica-je-svetionik-istine\/#primaryimage\",\"url\":\"https:\/\/sandzakpress.net\/arhiva\/wp-content\/uploads\/2015\/11\/nusret-radiobp.jpg\",\"contentUrl\":\"https:\/\/sandzakpress.net\/arhiva\/wp-content\/uploads\/2015\/11\/nusret-radiobp.jpg\",\"width\":675,\"height\":354},{\"@type\":\"BreadcrumbList\",\"@id\":\"https:\/\/sandzakpress.net\/arhiva\/bosnjacka-demokratska-zajednica-je-svetionik-istine\/#breadcrumb\",\"itemListElement\":[{\"@type\":\"ListItem\",\"position\":1,\"name\":\"Home\",\"item\":\"https:\/\/sandzakpress.net\/arhiva\/\"},{\"@type\":\"ListItem\",\"position\":2,\"name\":\"Bali\u0107 &#8211; BDZ je svetionik istine\"}]},{\"@type\":\"WebSite\",\"@id\":\"https:\/\/sandzakpress.net\/arhiva\/#website\",\"url\":\"https:\/\/sandzakpress.net\/arhiva\/\",\"name\":\"Sand\u017eak PRESS\",\"description\":\"Prve elektronske novine u Sand\u017eaku\",\"publisher\":{\"@id\":\"https:\/\/sandzakpress.net\/arhiva\/#\/schema\/person\/6e72b67d6e51910a1117b3b483ba20bd\"},\"potentialAction\":[{\"@type\":\"SearchAction\",\"target\":{\"@type\":\"EntryPoint\",\"urlTemplate\":\"https:\/\/sandzakpress.net\/arhiva\/?s={search_term_string}\"},\"query-input\":{\"@type\":\"PropertyValueSpecification\",\"valueRequired\":true,\"valueName\":\"search_term_string\"}}],\"inLanguage\":\"bs-BA\"},{\"@type\":[\"Person\",\"Organization\"],\"@id\":\"https:\/\/sandzakpress.net\/arhiva\/#\/schema\/person\/6e72b67d6e51910a1117b3b483ba20bd\",\"name\":\"Kul\",\"image\":{\"@type\":\"ImageObject\",\"inLanguage\":\"bs-BA\",\"@id\":\"https:\/\/sandzakpress.net\/arhiva\/#\/schema\/person\/image\/\",\"url\":\"https:\/\/secure.gravatar.com\/avatar\/42263f39aa27ac04c43cab85c280eb2e?s=96&d=mm&r=pg\",\"contentUrl\":\"https:\/\/secure.gravatar.com\/avatar\/42263f39aa27ac04c43cab85c280eb2e?s=96&d=mm&r=pg\",\"caption\":\"Kul\"},\"logo\":{\"@id\":\"https:\/\/sandzakpress.net\/arhiva\/#\/schema\/person\/image\/\"}},{\"@type\":\"Person\",\"@id\":\"https:\/\/sandzakpress.net\/arhiva\/#\/schema\/person\/c8baee722073534b583ea7bdb2e36c02\",\"name\":\"bosniak\",\"image\":{\"@type\":\"ImageObject\",\"inLanguage\":\"bs-BA\",\"@id\":\"https:\/\/sandzakpress.net\/arhiva\/#\/schema\/person\/image\/\",\"url\":\"https:\/\/secure.gravatar.com\/avatar\/a04fd330bfe3a36a72a0ad4a6d89fca7?s=96&d=mm&r=pg\",\"contentUrl\":\"https:\/\/secure.gravatar.com\/avatar\/a04fd330bfe3a36a72a0ad4a6d89fca7?s=96&d=mm&r=pg\",\"caption\":\"bosniak\"},\"url\":\"https:\/\/sandzakpress.net\/arhiva\/author\/bosniak\/\"}]}<\/script>\n<!-- \/ Yoast SEO Premium plugin. -->","yoast_head_json":{"title":"Bali\u0107 - BDZ je svetionik istine","robots":{"index":"index","follow":"follow","max-snippet":"max-snippet:-1","max-image-preview":"max-image-preview:large","max-video-preview":"max-video-preview:-1"},"canonical":"https:\/\/sandzakpress.net\/arhiva\/bosnjacka-demokratska-zajednica-je-svetionik-istine\/","og_locale":"bs_BA","og_type":"article","og_title":"Bali\u0107 - BDZ je svetionik istine","og_description":"Mr. Nusret Bali\u0107","og_url":"https:\/\/sandzakpress.net\/arhiva\/bosnjacka-demokratska-zajednica-je-svetionik-istine\/","og_site_name":"Sand\u017eak PRESS","article_published_time":"2015-11-04T14:18:54+00:00","article_modified_time":"2015-11-05T11:35:33+00:00","og_image":[{"width":675,"height":354,"url":"https:\/\/sandzakpress.net\/arhiva\/wp-content\/uploads\/2015\/11\/nusret-radiobp.jpg","type":"image\/jpeg"}],"author":"bosniak","twitter_card":"summary_large_image","twitter_misc":{"Written by":"bosniak","Est. reading time":"5 minuta"},"schema":{"@context":"https:\/\/schema.org","@graph":[{"@type":"Article","@id":"https:\/\/sandzakpress.net\/arhiva\/bosnjacka-demokratska-zajednica-je-svetionik-istine\/#article","isPartOf":{"@id":"https:\/\/sandzakpress.net\/arhiva\/bosnjacka-demokratska-zajednica-je-svetionik-istine\/"},"author":{"name":"bosniak","@id":"https:\/\/sandzakpress.net\/arhiva\/#\/schema\/person\/c8baee722073534b583ea7bdb2e36c02"},"headline":"Bali\u0107 &#8211; BDZ je svetionik istine","datePublished":"2015-11-04T14:18:54+00:00","dateModified":"2015-11-05T11:35:33+00:00","mainEntityOfPage":{"@id":"https:\/\/sandzakpress.net\/arhiva\/bosnjacka-demokratska-zajednica-je-svetionik-istine\/"},"wordCount":1031,"commentCount":12,"publisher":{"@id":"https:\/\/sandzakpress.net\/arhiva\/#\/schema\/person\/6e72b67d6e51910a1117b3b483ba20bd"},"image":{"@id":"https:\/\/sandzakpress.net\/arhiva\/bosnjacka-demokratska-zajednica-je-svetionik-istine\/#primaryimage"},"thumbnailUrl":"https:\/\/sandzakpress.net\/arhiva\/wp-content\/uploads\/2015\/11\/nusret-radiobp.jpg","keywords":["BDZ"],"articleSection":["Ro\u017eaje","Berane","Iz pera na\u0161ih autora","Petnjica","Bijelo Polje","Pljevlja","Plav","Gusinje","VIJESTI DANA"],"inLanguage":"bs-BA","potentialAction":[{"@type":"CommentAction","name":"Comment","target":["https:\/\/sandzakpress.net\/arhiva\/bosnjacka-demokratska-zajednica-je-svetionik-istine\/#respond"]}]},{"@type":"WebPage","@id":"https:\/\/sandzakpress.net\/arhiva\/bosnjacka-demokratska-zajednica-je-svetionik-istine\/","url":"https:\/\/sandzakpress.net\/arhiva\/bosnjacka-demokratska-zajednica-je-svetionik-istine\/","name":"Bali\u0107 - BDZ je svetionik istine","isPartOf":{"@id":"https:\/\/sandzakpress.net\/arhiva\/#website"},"primaryImageOfPage":{"@id":"https:\/\/sandzakpress.net\/arhiva\/bosnjacka-demokratska-zajednica-je-svetionik-istine\/#primaryimage"},"image":{"@id":"https:\/\/sandzakpress.net\/arhiva\/bosnjacka-demokratska-zajednica-je-svetionik-istine\/#primaryimage"},"thumbnailUrl":"https:\/\/sandzakpress.net\/arhiva\/wp-content\/uploads\/2015\/11\/nusret-radiobp.jpg","datePublished":"2015-11-04T14:18:54+00:00","dateModified":"2015-11-05T11:35:33+00:00","breadcrumb":{"@id":"https:\/\/sandzakpress.net\/arhiva\/bosnjacka-demokratska-zajednica-je-svetionik-istine\/#breadcrumb"},"inLanguage":"bs-BA","potentialAction":[{"@type":"ReadAction","target":["https:\/\/sandzakpress.net\/arhiva\/bosnjacka-demokratska-zajednica-je-svetionik-istine\/"]}]},{"@type":"ImageObject","inLanguage":"bs-BA","@id":"https:\/\/sandzakpress.net\/arhiva\/bosnjacka-demokratska-zajednica-je-svetionik-istine\/#primaryimage","url":"https:\/\/sandzakpress.net\/arhiva\/wp-content\/uploads\/2015\/11\/nusret-radiobp.jpg","contentUrl":"https:\/\/sandzakpress.net\/arhiva\/wp-content\/uploads\/2015\/11\/nusret-radiobp.jpg","width":675,"height":354},{"@type":"BreadcrumbList","@id":"https:\/\/sandzakpress.net\/arhiva\/bosnjacka-demokratska-zajednica-je-svetionik-istine\/#breadcrumb","itemListElement":[{"@type":"ListItem","position":1,"name":"Home","item":"https:\/\/sandzakpress.net\/arhiva\/"},{"@type":"ListItem","position":2,"name":"Bali\u0107 &#8211; BDZ je svetionik istine"}]},{"@type":"WebSite","@id":"https:\/\/sandzakpress.net\/arhiva\/#website","url":"https:\/\/sandzakpress.net\/arhiva\/","name":"Sand\u017eak PRESS","description":"Prve elektronske novine u Sand\u017eaku","publisher":{"@id":"https:\/\/sandzakpress.net\/arhiva\/#\/schema\/person\/6e72b67d6e51910a1117b3b483ba20bd"},"potentialAction":[{"@type":"SearchAction","target":{"@type":"EntryPoint","urlTemplate":"https:\/\/sandzakpress.net\/arhiva\/?s={search_term_string}"},"query-input":{"@type":"PropertyValueSpecification","valueRequired":true,"valueName":"search_term_string"}}],"inLanguage":"bs-BA"},{"@type":["Person","Organization"],"@id":"https:\/\/sandzakpress.net\/arhiva\/#\/schema\/person\/6e72b67d6e51910a1117b3b483ba20bd","name":"Kul","image":{"@type":"ImageObject","inLanguage":"bs-BA","@id":"https:\/\/sandzakpress.net\/arhiva\/#\/schema\/person\/image\/","url":"https:\/\/secure.gravatar.com\/avatar\/42263f39aa27ac04c43cab85c280eb2e?s=96&d=mm&r=pg","contentUrl":"https:\/\/secure.gravatar.com\/avatar\/42263f39aa27ac04c43cab85c280eb2e?s=96&d=mm&r=pg","caption":"Kul"},"logo":{"@id":"https:\/\/sandzakpress.net\/arhiva\/#\/schema\/person\/image\/"}},{"@type":"Person","@id":"https:\/\/sandzakpress.net\/arhiva\/#\/schema\/person\/c8baee722073534b583ea7bdb2e36c02","name":"bosniak","image":{"@type":"ImageObject","inLanguage":"bs-BA","@id":"https:\/\/sandzakpress.net\/arhiva\/#\/schema\/person\/image\/","url":"https:\/\/secure.gravatar.com\/avatar\/a04fd330bfe3a36a72a0ad4a6d89fca7?s=96&d=mm&r=pg","contentUrl":"https:\/\/secure.gravatar.com\/avatar\/a04fd330bfe3a36a72a0ad4a6d89fca7?s=96&d=mm&r=pg","caption":"bosniak"},"url":"https:\/\/sandzakpress.net\/arhiva\/author\/bosniak\/"}]}},"_links":{"self":[{"href":"https:\/\/sandzakpress.net\/arhiva\/wp-json\/wp\/v2\/posts\/144136"}],"collection":[{"href":"https:\/\/sandzakpress.net\/arhiva\/wp-json\/wp\/v2\/posts"}],"about":[{"href":"https:\/\/sandzakpress.net\/arhiva\/wp-json\/wp\/v2\/types\/post"}],"author":[{"embeddable":true,"href":"https:\/\/sandzakpress.net\/arhiva\/wp-json\/wp\/v2\/users\/83"}],"replies":[{"embeddable":true,"href":"https:\/\/sandzakpress.net\/arhiva\/wp-json\/wp\/v2\/comments?post=144136"}],"version-history":[{"count":0,"href":"https:\/\/sandzakpress.net\/arhiva\/wp-json\/wp\/v2\/posts\/144136\/revisions"}],"wp:featuredmedia":[{"embeddable":true,"href":"https:\/\/sandzakpress.net\/arhiva\/wp-json\/wp\/v2\/media\/144138"}],"wp:attachment":[{"href":"https:\/\/sandzakpress.net\/arhiva\/wp-json\/wp\/v2\/media?parent=144136"}],"wp:term":[{"taxonomy":"category","embeddable":true,"href":"https:\/\/sandzakpress.net\/arhiva\/wp-json\/wp\/v2\/categories?post=144136"},{"taxonomy":"post_tag","embeddable":true,"href":"https:\/\/sandzakpress.net\/arhiva\/wp-json\/wp\/v2\/tags?post=144136"}],"curies":[{"name":"wp","href":"https:\/\/api.w.org\/{rel}","templated":true}]}}