{"id":14386,"date":"2011-03-31T19:15:14","date_gmt":"2011-03-31T17:15:14","guid":{"rendered":"https:\/\/sandzakpress.net\/arhiva\/?p=14386"},"modified":"2011-04-01T00:07:06","modified_gmt":"2011-03-31T22:07:06","slug":"devet-godina-univerziteta-u-novom-pazaru","status":"publish","type":"post","link":"https:\/\/sandzakpress.net\/arhiva\/devet-godina-univerziteta-u-novom-pazaru\/","title":{"rendered":"Devet godina Univerziteta u Novom Pazaru"},"content":{"rendered":"<p><img loading=\"lazy\" decoding=\"async\" class=\"alignleft\" src=\"http:\/\/mesihat.org\/images\/stories\/dan%20UNINP,%2030.03.2011\/dan%20univerziteta%20%2811%29.jpg\" alt=\"\" width=\"331\" height=\"236\" \/><strong>Novi Pazar &#8211; Danas je na Internacionalnom univerzitetu u Novom Pazaru obilje\u017eena deveta godina od osnivanja Univerziteta, manifestacijom \u201eDan univerziteta\u201c i sve\u010danom dodjelom diploma studentima koji su diplomirali u periodu od 30. marta pro\u0161le do 30. marta ove godine. <\/strong><\/p>\n<p>Diplome je danas dobilo ukupno 585 diplomanata Internacionalnog univerziteta koji su diplomirali na odjeljenjima ovog Univerziteta u Novom Pazaru, Beogradu, Ni\u0161u Pan\u010devu i Subotici.<\/p>\n<p>U okviru manifestacije \u201eDani univerziteta\u201c prire\u0111en je bogat kulturno-umjetni\u010dki program, a Univerzitet su, pored studenata i njihovih roditelja, posjetile brojne delegacije i predstavnici Univerziteta iz okru\u017eenja. Na sve\u010danosti su bili prisutni predstavnici Univerziteta iz Tuzle i Zenice, Bosna i Hercegovina, zatim predstavnici Internacionalnog univerziteta iz Struge i Univerziteta FON iz Skoplja, Makedonija, kao i predstavnici Univerziteta Trakija iz turske i predstavnici fondacije Mehmet Akif Ersoj iz Turske. Pored musafira sa Univerziteta u okru\u017eenju sve\u010danosti su prisustvovale i brojne delegacije iz vjerskog, kulturnog i politi\u010dkog \u017eivota Sand\u017eaka. Delegacija Islamske zajednice u Srbiji i predstavnici politi\u010dkih partija koje okupljaju Bo\u0161njake Sand\u017eaka.<\/p>\n<p>Posebno je zna\u010dajna posjeta koju su uprili\u010dili \u0161ef misije OEBS-a u Srbiji, Dimitrios Kipreos, ambasador Austrije Clemens Koja, ambasador Holandije Laurent Stokvis i Wiliam Infante, koordinator Ujedinjenih Nacija i predstavnik UNDP-akoji su obi\u0161li Univerzitet i u dugom i prijatelskom razgovoru sa rektorom prof.dr. Mevludom Dudi\u0107em dali podr\u0161ku Internacionalnom univerzitetu i \u010destitali diplomantima.<\/p>\n<p>Specijalni gost sve\u010danosti bio je pjesnik Abdulah Sidran koji je u svojoj besjedi koja se odnosila na apsurd istakao da se apsurd \u017eivota mo\u017ee prevazi\u0107i samo pobjedom.<\/p>\n<p>Rektor Univerziteta prof.dr. Mevlud Dudi\u0107 je u svojem obra\u0107anju \u010destitao studentima i diplomantima i istakao da \u0107e se Univerzitet i dalje razvijati u pravcu pobolj\u0161anja uslova studiranja i pove\u0107anju znanja koje \u0107e studenti dobijati i sve\u010dano je objavio da je od danas Internacionalni univerzitet u Novom Pazaru ovla\u0161\u0107en od ameri\u010dkog Univerziteta Heritejd\u017e da mo\u017ee izdavati i ameri\u010dke diplome za sve studente u narednom periodu.<\/p>\n<p style=\"text-align: center;\"><img decoding=\"async\" src=\"http:\/\/mesihat.org\/images\/stories\/dan%20UNINP,%2030.03.2011\/dan%20univerziteta%20%285%29.jpg\" alt=\"\" \/><\/p>\n<p>Na kraju sve\u010danosti diplomantima i svim prisutnima se obratio predsjednik Univerziteta, glavni muftija Muamer ef. Zukorli\u0107 koji je rekao da u njegovoj du\u0161i danas stanuje sre\u0107a, koja je u prvom planu. Muftija je govorio i o univerzalnosti znanja koje studenti sti\u010du na Univerzitetu i izme\u0111u ostalog je rekao:<\/p>\n<p>\u201eSamo skladno znanje izme\u0111u svoje snage, mo\u0107i i kvaliteta, ali i svoje produhovljenosti i svoje humanosti, a to se mjeri na vagi podre\u0111enosti \u010dovjeku jeste pravo znanje i to je bio i ostao ideal nastanka i razvoja ovoga Univerziteta. Najbolje znanje, najkvalitetnije znanje, univerzalno znanje, ekspertsko znanje ali podre\u0111eno \u010dovjeku, njegovim vrijednostima u pojedina\u010dnom, porodi\u010dnom i kolektivnom smislu. Dansa vam sa ovoga mjesta svjedo\u010dim da je Internacionalni univerzitet u Novom Pazaru sto\u017eer sre\u0107e slobode i humanosti. Svim diplomantima, njihovim roditeljima, profesorima, cijeloj univerzitetskoj porodici koja se danas izlila iz korita univerziteta. Porodici u kojoj danas sudjeluje Novi Pazar i cijela balkanska regija od srca \u010destitam sa \u017eeljom i uvjerenjem da su diplome simboli u njihovim rukama koji ih moralno, duhovno i akademski obavezuju da budu dobri i korisni ljudi koji \u0107e donositi dobro za sebe, svoje porodice i svoju zajednicu.\u201c<\/p>\n<p>Nakon govora Glavnog muftije diplomantima su dekani departmana na kojima su studirali uru\u010dili diplome.<\/p>\n<p>Izvor:<strong> IslamskaZajednica.org<\/strong><\/p>\n","protected":false},"excerpt":{"rendered":"<p>Novi Pazar &#8211; Danas je na Internacionalnom univerzitetu u Novom Pazaru obilje\u017eena deveta godina od osnivanja Univerziteta, manifestacijom \u201eDan univerziteta\u201c i sve\u010danom dodjelom diploma studentima koji su diplomirali u periodu od 30. marta pro\u0161le do 30. marta ove godine. Diplome je danas dobilo ukupno 585 diplomanata Internacionalnog univerziteta koji su diplomirali na odjeljenjima ovog Univerziteta [&hellip;]<\/p>\n","protected":false},"author":13,"featured_media":81930,"comment_status":"open","ping_status":"open","sticky":false,"template":"","format":"standard","meta":{"footnotes":""},"categories":[72,4],"tags":[],"class_list":{"0":"post-14386","1":"post","2":"type-post","3":"status-publish","4":"format-standard","5":"has-post-thumbnail","7":"category-novi-pazar","8":"category-obrazovanje"},"yoast_head":"<!-- This site is optimized with the Yoast SEO Premium plugin v23.1 (Yoast SEO v24.9) - https:\/\/yoast.com\/wordpress\/plugins\/seo\/ -->\n<title>Devet godina Univerziteta u Novom Pazaru<\/title>\n<meta name=\"robots\" content=\"index, follow, max-snippet:-1, max-image-preview:large, max-video-preview:-1\" \/>\n<link rel=\"canonical\" href=\"https:\/\/sandzakpress.net\/arhiva\/devet-godina-univerziteta-u-novom-pazaru\/\" \/>\n<meta property=\"og:locale\" content=\"bs_BA\" \/>\n<meta property=\"og:type\" content=\"article\" \/>\n<meta property=\"og:title\" content=\"Devet godina Univerziteta u Novom Pazaru\" \/>\n<meta property=\"og:description\" content=\"Novi Pazar &#8211; Danas je na Internacionalnom univerzitetu u Novom Pazaru obilje\u017eena deveta godina od osnivanja Univerziteta, manifestacijom \u201eDan univerziteta\u201c i sve\u010danom dodjelom diploma studentima koji su diplomirali u periodu od 30. marta pro\u0161le do 30. marta ove godine. Diplome je danas dobilo ukupno 585 diplomanata Internacionalnog univerziteta koji su diplomirali na odjeljenjima ovog Univerziteta [&hellip;]\" \/>\n<meta property=\"og:url\" content=\"https:\/\/sandzakpress.net\/arhiva\/devet-godina-univerziteta-u-novom-pazaru\/\" \/>\n<meta property=\"og:site_name\" content=\"Sand\u017eak PRESS\" \/>\n<meta property=\"article:published_time\" content=\"2011-03-31T17:15:14+00:00\" \/>\n<meta property=\"article:modified_time\" content=\"2011-03-31T22:07:06+00:00\" \/>\n<meta property=\"og:image\" content=\"https:\/\/sandzakpress.net\/arhiva\/wp-content\/uploads\/2013\/07\/dan%20univerziteta%20%2811%29.jpg\" \/>\n\t<meta property=\"og:image:width\" content=\"600\" \/>\n\t<meta property=\"og:image:height\" content=\"429\" \/>\n\t<meta property=\"og:image:type\" content=\"image\/jpeg\" \/>\n<meta name=\"twitter:card\" content=\"summary_large_image\" \/>\n<meta name=\"twitter:label1\" content=\"Written by\" \/>\n\t<meta name=\"twitter:data1\" content=\"\" \/>\n\t<meta name=\"twitter:label2\" content=\"Est. reading time\" \/>\n\t<meta name=\"twitter:data2\" content=\"3 minute\" \/>\n<script type=\"application\/ld+json\" class=\"yoast-schema-graph\">{\"@context\":\"https:\/\/schema.org\",\"@graph\":[{\"@type\":\"Article\",\"@id\":\"https:\/\/sandzakpress.net\/arhiva\/devet-godina-univerziteta-u-novom-pazaru\/#article\",\"isPartOf\":{\"@id\":\"https:\/\/sandzakpress.net\/arhiva\/devet-godina-univerziteta-u-novom-pazaru\/\"},\"author\":{\"name\":\"\",\"@id\":\"\"},\"headline\":\"Devet godina Univerziteta u Novom Pazaru\",\"datePublished\":\"2011-03-31T17:15:14+00:00\",\"dateModified\":\"2011-03-31T22:07:06+00:00\",\"mainEntityOfPage\":{\"@id\":\"https:\/\/sandzakpress.net\/arhiva\/devet-godina-univerziteta-u-novom-pazaru\/\"},\"wordCount\":562,\"commentCount\":0,\"publisher\":{\"@id\":\"https:\/\/sandzakpress.net\/arhiva\/#\/schema\/person\/6e72b67d6e51910a1117b3b483ba20bd\"},\"image\":{\"@id\":\"https:\/\/sandzakpress.net\/arhiva\/devet-godina-univerziteta-u-novom-pazaru\/#primaryimage\"},\"thumbnailUrl\":\"https:\/\/sandzakpress.net\/arhiva\/wp-content\/uploads\/2013\/07\/dan%20univerziteta%20%2811%29.jpg\",\"articleSection\":[\"Novi Pazar\",\"Obrazovanje\"],\"inLanguage\":\"bs-BA\",\"potentialAction\":[{\"@type\":\"CommentAction\",\"name\":\"Comment\",\"target\":[\"https:\/\/sandzakpress.net\/arhiva\/devet-godina-univerziteta-u-novom-pazaru\/#respond\"]}]},{\"@type\":\"WebPage\",\"@id\":\"https:\/\/sandzakpress.net\/arhiva\/devet-godina-univerziteta-u-novom-pazaru\/\",\"url\":\"https:\/\/sandzakpress.net\/arhiva\/devet-godina-univerziteta-u-novom-pazaru\/\",\"name\":\"Devet godina Univerziteta u Novom Pazaru\",\"isPartOf\":{\"@id\":\"https:\/\/sandzakpress.net\/arhiva\/#website\"},\"primaryImageOfPage\":{\"@id\":\"https:\/\/sandzakpress.net\/arhiva\/devet-godina-univerziteta-u-novom-pazaru\/#primaryimage\"},\"image\":{\"@id\":\"https:\/\/sandzakpress.net\/arhiva\/devet-godina-univerziteta-u-novom-pazaru\/#primaryimage\"},\"thumbnailUrl\":\"https:\/\/sandzakpress.net\/arhiva\/wp-content\/uploads\/2013\/07\/dan%20univerziteta%20%2811%29.jpg\",\"datePublished\":\"2011-03-31T17:15:14+00:00\",\"dateModified\":\"2011-03-31T22:07:06+00:00\",\"breadcrumb\":{\"@id\":\"https:\/\/sandzakpress.net\/arhiva\/devet-godina-univerziteta-u-novom-pazaru\/#breadcrumb\"},\"inLanguage\":\"bs-BA\",\"potentialAction\":[{\"@type\":\"ReadAction\",\"target\":[\"https:\/\/sandzakpress.net\/arhiva\/devet-godina-univerziteta-u-novom-pazaru\/\"]}]},{\"@type\":\"ImageObject\",\"inLanguage\":\"bs-BA\",\"@id\":\"https:\/\/sandzakpress.net\/arhiva\/devet-godina-univerziteta-u-novom-pazaru\/#primaryimage\",\"url\":\"https:\/\/sandzakpress.net\/arhiva\/wp-content\/uploads\/2013\/07\/dan%20univerziteta%20%2811%29.jpg\",\"contentUrl\":\"https:\/\/sandzakpress.net\/arhiva\/wp-content\/uploads\/2013\/07\/dan%20univerziteta%20%2811%29.jpg\",\"width\":600,\"height\":429},{\"@type\":\"BreadcrumbList\",\"@id\":\"https:\/\/sandzakpress.net\/arhiva\/devet-godina-univerziteta-u-novom-pazaru\/#breadcrumb\",\"itemListElement\":[{\"@type\":\"ListItem\",\"position\":1,\"name\":\"Home\",\"item\":\"https:\/\/sandzakpress.net\/arhiva\/\"},{\"@type\":\"ListItem\",\"position\":2,\"name\":\"Devet godina Univerziteta u Novom Pazaru\"}]},{\"@type\":\"WebSite\",\"@id\":\"https:\/\/sandzakpress.net\/arhiva\/#website\",\"url\":\"https:\/\/sandzakpress.net\/arhiva\/\",\"name\":\"Sand\u017eak PRESS\",\"description\":\"Prve elektronske novine u Sand\u017eaku\",\"publisher\":{\"@id\":\"https:\/\/sandzakpress.net\/arhiva\/#\/schema\/person\/6e72b67d6e51910a1117b3b483ba20bd\"},\"potentialAction\":[{\"@type\":\"SearchAction\",\"target\":{\"@type\":\"EntryPoint\",\"urlTemplate\":\"https:\/\/sandzakpress.net\/arhiva\/?s={search_term_string}\"},\"query-input\":{\"@type\":\"PropertyValueSpecification\",\"valueRequired\":true,\"valueName\":\"search_term_string\"}}],\"inLanguage\":\"bs-BA\"},{\"@type\":[\"Person\",\"Organization\"],\"@id\":\"https:\/\/sandzakpress.net\/arhiva\/#\/schema\/person\/6e72b67d6e51910a1117b3b483ba20bd\",\"name\":\"Kul\",\"image\":{\"@type\":\"ImageObject\",\"inLanguage\":\"bs-BA\",\"@id\":\"https:\/\/sandzakpress.net\/arhiva\/#\/schema\/person\/image\/\",\"url\":\"https:\/\/secure.gravatar.com\/avatar\/42263f39aa27ac04c43cab85c280eb2e?s=96&d=mm&r=pg\",\"contentUrl\":\"https:\/\/secure.gravatar.com\/avatar\/42263f39aa27ac04c43cab85c280eb2e?s=96&d=mm&r=pg\",\"caption\":\"Kul\"},\"logo\":{\"@id\":\"https:\/\/sandzakpress.net\/arhiva\/#\/schema\/person\/image\/\"}},{\"@type\":\"Person\",\"@id\":\"\",\"url\":\"https:\/\/sandzakpress.net\/arhiva\/author\/\"}]}<\/script>\n<!-- \/ Yoast SEO Premium plugin. -->","yoast_head_json":{"title":"Devet godina Univerziteta u Novom Pazaru","robots":{"index":"index","follow":"follow","max-snippet":"max-snippet:-1","max-image-preview":"max-image-preview:large","max-video-preview":"max-video-preview:-1"},"canonical":"https:\/\/sandzakpress.net\/arhiva\/devet-godina-univerziteta-u-novom-pazaru\/","og_locale":"bs_BA","og_type":"article","og_title":"Devet godina Univerziteta u Novom Pazaru","og_description":"Novi Pazar &#8211; Danas je na Internacionalnom univerzitetu u Novom Pazaru obilje\u017eena deveta godina od osnivanja Univerziteta, manifestacijom \u201eDan univerziteta\u201c i sve\u010danom dodjelom diploma studentima koji su diplomirali u periodu od 30. marta pro\u0161le do 30. marta ove godine. Diplome je danas dobilo ukupno 585 diplomanata Internacionalnog univerziteta koji su diplomirali na odjeljenjima ovog Univerziteta [&hellip;]","og_url":"https:\/\/sandzakpress.net\/arhiva\/devet-godina-univerziteta-u-novom-pazaru\/","og_site_name":"Sand\u017eak PRESS","article_published_time":"2011-03-31T17:15:14+00:00","article_modified_time":"2011-03-31T22:07:06+00:00","og_image":[{"width":600,"height":429,"url":"https:\/\/sandzakpress.net\/arhiva\/wp-content\/uploads\/2013\/07\/dan%20univerziteta%20%2811%29.jpg","type":"image\/jpeg"}],"twitter_card":"summary_large_image","twitter_misc":{"Written by":"","Est. reading time":"3 minute"},"schema":{"@context":"https:\/\/schema.org","@graph":[{"@type":"Article","@id":"https:\/\/sandzakpress.net\/arhiva\/devet-godina-univerziteta-u-novom-pazaru\/#article","isPartOf":{"@id":"https:\/\/sandzakpress.net\/arhiva\/devet-godina-univerziteta-u-novom-pazaru\/"},"author":{"name":"","@id":""},"headline":"Devet godina Univerziteta u Novom Pazaru","datePublished":"2011-03-31T17:15:14+00:00","dateModified":"2011-03-31T22:07:06+00:00","mainEntityOfPage":{"@id":"https:\/\/sandzakpress.net\/arhiva\/devet-godina-univerziteta-u-novom-pazaru\/"},"wordCount":562,"commentCount":0,"publisher":{"@id":"https:\/\/sandzakpress.net\/arhiva\/#\/schema\/person\/6e72b67d6e51910a1117b3b483ba20bd"},"image":{"@id":"https:\/\/sandzakpress.net\/arhiva\/devet-godina-univerziteta-u-novom-pazaru\/#primaryimage"},"thumbnailUrl":"https:\/\/sandzakpress.net\/arhiva\/wp-content\/uploads\/2013\/07\/dan%20univerziteta%20%2811%29.jpg","articleSection":["Novi Pazar","Obrazovanje"],"inLanguage":"bs-BA","potentialAction":[{"@type":"CommentAction","name":"Comment","target":["https:\/\/sandzakpress.net\/arhiva\/devet-godina-univerziteta-u-novom-pazaru\/#respond"]}]},{"@type":"WebPage","@id":"https:\/\/sandzakpress.net\/arhiva\/devet-godina-univerziteta-u-novom-pazaru\/","url":"https:\/\/sandzakpress.net\/arhiva\/devet-godina-univerziteta-u-novom-pazaru\/","name":"Devet godina Univerziteta u Novom Pazaru","isPartOf":{"@id":"https:\/\/sandzakpress.net\/arhiva\/#website"},"primaryImageOfPage":{"@id":"https:\/\/sandzakpress.net\/arhiva\/devet-godina-univerziteta-u-novom-pazaru\/#primaryimage"},"image":{"@id":"https:\/\/sandzakpress.net\/arhiva\/devet-godina-univerziteta-u-novom-pazaru\/#primaryimage"},"thumbnailUrl":"https:\/\/sandzakpress.net\/arhiva\/wp-content\/uploads\/2013\/07\/dan%20univerziteta%20%2811%29.jpg","datePublished":"2011-03-31T17:15:14+00:00","dateModified":"2011-03-31T22:07:06+00:00","breadcrumb":{"@id":"https:\/\/sandzakpress.net\/arhiva\/devet-godina-univerziteta-u-novom-pazaru\/#breadcrumb"},"inLanguage":"bs-BA","potentialAction":[{"@type":"ReadAction","target":["https:\/\/sandzakpress.net\/arhiva\/devet-godina-univerziteta-u-novom-pazaru\/"]}]},{"@type":"ImageObject","inLanguage":"bs-BA","@id":"https:\/\/sandzakpress.net\/arhiva\/devet-godina-univerziteta-u-novom-pazaru\/#primaryimage","url":"https:\/\/sandzakpress.net\/arhiva\/wp-content\/uploads\/2013\/07\/dan%20univerziteta%20%2811%29.jpg","contentUrl":"https:\/\/sandzakpress.net\/arhiva\/wp-content\/uploads\/2013\/07\/dan%20univerziteta%20%2811%29.jpg","width":600,"height":429},{"@type":"BreadcrumbList","@id":"https:\/\/sandzakpress.net\/arhiva\/devet-godina-univerziteta-u-novom-pazaru\/#breadcrumb","itemListElement":[{"@type":"ListItem","position":1,"name":"Home","item":"https:\/\/sandzakpress.net\/arhiva\/"},{"@type":"ListItem","position":2,"name":"Devet godina Univerziteta u Novom Pazaru"}]},{"@type":"WebSite","@id":"https:\/\/sandzakpress.net\/arhiva\/#website","url":"https:\/\/sandzakpress.net\/arhiva\/","name":"Sand\u017eak PRESS","description":"Prve elektronske novine u Sand\u017eaku","publisher":{"@id":"https:\/\/sandzakpress.net\/arhiva\/#\/schema\/person\/6e72b67d6e51910a1117b3b483ba20bd"},"potentialAction":[{"@type":"SearchAction","target":{"@type":"EntryPoint","urlTemplate":"https:\/\/sandzakpress.net\/arhiva\/?s={search_term_string}"},"query-input":{"@type":"PropertyValueSpecification","valueRequired":true,"valueName":"search_term_string"}}],"inLanguage":"bs-BA"},{"@type":["Person","Organization"],"@id":"https:\/\/sandzakpress.net\/arhiva\/#\/schema\/person\/6e72b67d6e51910a1117b3b483ba20bd","name":"Kul","image":{"@type":"ImageObject","inLanguage":"bs-BA","@id":"https:\/\/sandzakpress.net\/arhiva\/#\/schema\/person\/image\/","url":"https:\/\/secure.gravatar.com\/avatar\/42263f39aa27ac04c43cab85c280eb2e?s=96&d=mm&r=pg","contentUrl":"https:\/\/secure.gravatar.com\/avatar\/42263f39aa27ac04c43cab85c280eb2e?s=96&d=mm&r=pg","caption":"Kul"},"logo":{"@id":"https:\/\/sandzakpress.net\/arhiva\/#\/schema\/person\/image\/"}},{"@type":"Person","@id":"","url":"https:\/\/sandzakpress.net\/arhiva\/author\/"}]}},"_links":{"self":[{"href":"https:\/\/sandzakpress.net\/arhiva\/wp-json\/wp\/v2\/posts\/14386"}],"collection":[{"href":"https:\/\/sandzakpress.net\/arhiva\/wp-json\/wp\/v2\/posts"}],"about":[{"href":"https:\/\/sandzakpress.net\/arhiva\/wp-json\/wp\/v2\/types\/post"}],"author":[{"embeddable":true,"href":"https:\/\/sandzakpress.net\/arhiva\/wp-json\/wp\/v2\/users\/13"}],"replies":[{"embeddable":true,"href":"https:\/\/sandzakpress.net\/arhiva\/wp-json\/wp\/v2\/comments?post=14386"}],"version-history":[{"count":0,"href":"https:\/\/sandzakpress.net\/arhiva\/wp-json\/wp\/v2\/posts\/14386\/revisions"}],"wp:featuredmedia":[{"embeddable":true,"href":"https:\/\/sandzakpress.net\/arhiva\/wp-json\/wp\/v2\/media\/81930"}],"wp:attachment":[{"href":"https:\/\/sandzakpress.net\/arhiva\/wp-json\/wp\/v2\/media?parent=14386"}],"wp:term":[{"taxonomy":"category","embeddable":true,"href":"https:\/\/sandzakpress.net\/arhiva\/wp-json\/wp\/v2\/categories?post=14386"},{"taxonomy":"post_tag","embeddable":true,"href":"https:\/\/sandzakpress.net\/arhiva\/wp-json\/wp\/v2\/tags?post=14386"}],"curies":[{"name":"wp","href":"https:\/\/api.w.org\/{rel}","templated":true}]}}