{"id":143639,"date":"2015-10-31T19:57:48","date_gmt":"2015-10-31T18:57:48","guid":{"rendered":"https:\/\/sandzakpress.net\/arhiva\/?p=143639"},"modified":"2015-10-31T19:58:51","modified_gmt":"2015-10-31T18:58:51","slug":"fk-novi-pazar-nereseno-protiv-javora-sa-ivancevicem","status":"publish","type":"post","link":"https:\/\/sandzakpress.net\/arhiva\/fk-novi-pazar-nereseno-protiv-javora-sa-ivancevicem\/","title":{"rendered":"FK Novi Pazar nere\u0161eno protiv Javora sa Ivan\u010devi\u0107em!"},"content":{"rendered":"<p><img loading=\"lazy\" decoding=\"async\" class=\"\" src=\"http:\/\/www.sandzakhaber.net\/wp-content\/uploads\/2015\/10\/fknp-650x250.jpg\" alt=\"FK Novi Pazar nere\u0161eno protiv Javora sa Ivan\u010devi\u0107em!\" width=\"601\" height=\"231\" \/><\/p>\n<p><strong>Novi Pazar &#8211; Fudbaleri Javora i Novog Pazara igrali su danas u Ivanjici nere\u0161eno 1:1, u utakmici 16. kola Superlige Srbije.<\/strong><\/p>\n<p>Posle nezanimljivog prvog poluvremena, gosti su iznenadili Ivanji\u010dane golom desetak minuta posle odmora i \u010dinilo se da mogu do sva tri boda.<\/p>\n<p>Javor je, me\u0111utim, zaigrao anga\u017eovanije u nastavku i izjedna\u010dio u 60. minutu, ali nije imao snage za potpun preokret.<\/p>\n<p>Posle ovog remija Javor je napredovao jedno mesto na tabeli i sada je peti, dok su Pazarci, na \u010dijoj je klupi debitovao novi \u0161ef stru\u010dnog \u0161taba Radmilo Ivan\u010devi\u0107, ostali na osmoj poziciji.<\/p>\n<p>Ranije danas Vo\u017edovac je kao doma\u0107in savladao ekipu gradskog rivala rada sa 1:0.<\/p>\n<p>Javor \u2013 Novi Pazar 1:1 (Gafurov 60 \u2013 Radivojevi\u0107 53)<\/p>\n<p>Vo\u017edovac \u2013 Rad 1:0 (Marinkovi\u0107 32)<\/p>\n<p>Od 17 sati igraju Crvena zvezda i OFK Beograd.<\/p>\n<p>U preostalim utakmicama sutra se sastaju Mladost Lu\u010dani \u2013 Jagodina (14 sati), Radni\u010dki Ni\u0161 \u2013 Borac \u010ca\u010dak (14), Radnik Surdulica \u2013 Spartak (14), Metalac \u2013 Partizan (16) i \u010cukari\u010dki \u2013 Vojvodina (17).<\/p>\n<p>(sandzakhaber.net)<\/p>\n","protected":false},"excerpt":{"rendered":"<p>Novi Pazar &#8211; Fudbaleri Javora i Novog Pazara igrali su danas u Ivanjici nere\u0161eno 1:1, u utakmici 16. kola Superlige Srbije. Posle nezanimljivog prvog poluvremena, gosti su iznenadili Ivanji\u010dane golom desetak minuta posle odmora i \u010dinilo se da mogu do sva tri boda. Javor je, me\u0111utim, zaigrao anga\u017eovanije u nastavku i izjedna\u010dio u 60. minutu, [&hellip;]<\/p>\n","protected":false},"author":509,"featured_media":143642,"comment_status":"open","ping_status":"open","sticky":false,"template":"","format":"standard","meta":{"footnotes":""},"categories":[72,13,798,10429],"tags":[],"class_list":{"0":"post-143639","1":"post","2":"type-post","3":"status-publish","4":"format-standard","5":"has-post-thumbnail","7":"category-novi-pazar","8":"category-sport","9":"category-teme","10":"category-vazno"},"yoast_head":"<!-- This site is optimized with the Yoast SEO Premium plugin v23.1 (Yoast SEO v24.9) - https:\/\/yoast.com\/wordpress\/plugins\/seo\/ -->\n<title>FK Novi Pazar nere\u0161eno protiv Javora sa Ivan\u010devi\u0107em!<\/title>\n<meta name=\"robots\" content=\"index, follow, max-snippet:-1, max-image-preview:large, max-video-preview:-1\" \/>\n<link rel=\"canonical\" href=\"https:\/\/sandzakpress.net\/arhiva\/fk-novi-pazar-nereseno-protiv-javora-sa-ivancevicem\/\" \/>\n<meta property=\"og:locale\" content=\"bs_BA\" \/>\n<meta property=\"og:type\" content=\"article\" \/>\n<meta property=\"og:title\" content=\"FK Novi Pazar nere\u0161eno protiv Javora sa Ivan\u010devi\u0107em!\" \/>\n<meta property=\"og:description\" content=\"Novi Pazar &#8211; Fudbaleri Javora i Novog Pazara igrali su danas u Ivanjici nere\u0161eno 1:1, u utakmici 16. kola Superlige Srbije. Posle nezanimljivog prvog poluvremena, gosti su iznenadili Ivanji\u010dane golom desetak minuta posle odmora i \u010dinilo se da mogu do sva tri boda. Javor je, me\u0111utim, zaigrao anga\u017eovanije u nastavku i izjedna\u010dio u 60. minutu, [&hellip;]\" \/>\n<meta property=\"og:url\" content=\"https:\/\/sandzakpress.net\/arhiva\/fk-novi-pazar-nereseno-protiv-javora-sa-ivancevicem\/\" \/>\n<meta property=\"og:site_name\" content=\"Sand\u017eak PRESS\" \/>\n<meta property=\"article:published_time\" content=\"2015-10-31T18:57:48+00:00\" \/>\n<meta property=\"article:modified_time\" content=\"2015-10-31T18:58:51+00:00\" \/>\n<meta property=\"og:image\" content=\"https:\/\/sandzakpress.net\/arhiva\/wp-content\/uploads\/2015\/10\/fb13.jpg\" \/>\n\t<meta property=\"og:image:width\" content=\"650\" \/>\n\t<meta property=\"og:image:height\" content=\"250\" \/>\n\t<meta property=\"og:image:type\" content=\"image\/jpeg\" \/>\n<meta name=\"author\" content=\"Agencija\" \/>\n<meta name=\"twitter:card\" content=\"summary_large_image\" \/>\n<meta name=\"twitter:label1\" content=\"Written by\" \/>\n\t<meta name=\"twitter:data1\" content=\"Agencija\" \/>\n\t<meta name=\"twitter:label2\" content=\"Est. reading time\" \/>\n\t<meta name=\"twitter:data2\" content=\"1 minuta\" \/>\n<script type=\"application\/ld+json\" class=\"yoast-schema-graph\">{\"@context\":\"https:\/\/schema.org\",\"@graph\":[{\"@type\":\"Article\",\"@id\":\"https:\/\/sandzakpress.net\/arhiva\/fk-novi-pazar-nereseno-protiv-javora-sa-ivancevicem\/#article\",\"isPartOf\":{\"@id\":\"https:\/\/sandzakpress.net\/arhiva\/fk-novi-pazar-nereseno-protiv-javora-sa-ivancevicem\/\"},\"author\":{\"name\":\"Agencija\",\"@id\":\"https:\/\/sandzakpress.net\/arhiva\/#\/schema\/person\/cb59d7e3ab91ab90dd680ad0305a6185\"},\"headline\":\"FK Novi Pazar nere\u0161eno protiv Javora sa Ivan\u010devi\u0107em!\",\"datePublished\":\"2015-10-31T18:57:48+00:00\",\"dateModified\":\"2015-10-31T18:58:51+00:00\",\"mainEntityOfPage\":{\"@id\":\"https:\/\/sandzakpress.net\/arhiva\/fk-novi-pazar-nereseno-protiv-javora-sa-ivancevicem\/\"},\"wordCount\":168,\"commentCount\":1,\"publisher\":{\"@id\":\"https:\/\/sandzakpress.net\/arhiva\/#\/schema\/person\/6e72b67d6e51910a1117b3b483ba20bd\"},\"image\":{\"@id\":\"https:\/\/sandzakpress.net\/arhiva\/fk-novi-pazar-nereseno-protiv-javora-sa-ivancevicem\/#primaryimage\"},\"thumbnailUrl\":\"https:\/\/sandzakpress.net\/arhiva\/wp-content\/uploads\/2015\/10\/fb13.jpg\",\"articleSection\":[\"Novi Pazar\",\"Sport\",\"NAJNOVIJE\",\"VA\u017dNO!\"],\"inLanguage\":\"bs-BA\",\"potentialAction\":[{\"@type\":\"CommentAction\",\"name\":\"Comment\",\"target\":[\"https:\/\/sandzakpress.net\/arhiva\/fk-novi-pazar-nereseno-protiv-javora-sa-ivancevicem\/#respond\"]}]},{\"@type\":\"WebPage\",\"@id\":\"https:\/\/sandzakpress.net\/arhiva\/fk-novi-pazar-nereseno-protiv-javora-sa-ivancevicem\/\",\"url\":\"https:\/\/sandzakpress.net\/arhiva\/fk-novi-pazar-nereseno-protiv-javora-sa-ivancevicem\/\",\"name\":\"FK Novi Pazar nere\u0161eno protiv Javora sa Ivan\u010devi\u0107em!\",\"isPartOf\":{\"@id\":\"https:\/\/sandzakpress.net\/arhiva\/#website\"},\"primaryImageOfPage\":{\"@id\":\"https:\/\/sandzakpress.net\/arhiva\/fk-novi-pazar-nereseno-protiv-javora-sa-ivancevicem\/#primaryimage\"},\"image\":{\"@id\":\"https:\/\/sandzakpress.net\/arhiva\/fk-novi-pazar-nereseno-protiv-javora-sa-ivancevicem\/#primaryimage\"},\"thumbnailUrl\":\"https:\/\/sandzakpress.net\/arhiva\/wp-content\/uploads\/2015\/10\/fb13.jpg\",\"datePublished\":\"2015-10-31T18:57:48+00:00\",\"dateModified\":\"2015-10-31T18:58:51+00:00\",\"breadcrumb\":{\"@id\":\"https:\/\/sandzakpress.net\/arhiva\/fk-novi-pazar-nereseno-protiv-javora-sa-ivancevicem\/#breadcrumb\"},\"inLanguage\":\"bs-BA\",\"potentialAction\":[{\"@type\":\"ReadAction\",\"target\":[\"https:\/\/sandzakpress.net\/arhiva\/fk-novi-pazar-nereseno-protiv-javora-sa-ivancevicem\/\"]}]},{\"@type\":\"ImageObject\",\"inLanguage\":\"bs-BA\",\"@id\":\"https:\/\/sandzakpress.net\/arhiva\/fk-novi-pazar-nereseno-protiv-javora-sa-ivancevicem\/#primaryimage\",\"url\":\"https:\/\/sandzakpress.net\/arhiva\/wp-content\/uploads\/2015\/10\/fb13.jpg\",\"contentUrl\":\"https:\/\/sandzakpress.net\/arhiva\/wp-content\/uploads\/2015\/10\/fb13.jpg\",\"width\":650,\"height\":250},{\"@type\":\"BreadcrumbList\",\"@id\":\"https:\/\/sandzakpress.net\/arhiva\/fk-novi-pazar-nereseno-protiv-javora-sa-ivancevicem\/#breadcrumb\",\"itemListElement\":[{\"@type\":\"ListItem\",\"position\":1,\"name\":\"Home\",\"item\":\"https:\/\/sandzakpress.net\/arhiva\/\"},{\"@type\":\"ListItem\",\"position\":2,\"name\":\"FK Novi Pazar nere\u0161eno protiv Javora sa Ivan\u010devi\u0107em!\"}]},{\"@type\":\"WebSite\",\"@id\":\"https:\/\/sandzakpress.net\/arhiva\/#website\",\"url\":\"https:\/\/sandzakpress.net\/arhiva\/\",\"name\":\"Sand\u017eak PRESS\",\"description\":\"Prve elektronske novine u Sand\u017eaku\",\"publisher\":{\"@id\":\"https:\/\/sandzakpress.net\/arhiva\/#\/schema\/person\/6e72b67d6e51910a1117b3b483ba20bd\"},\"potentialAction\":[{\"@type\":\"SearchAction\",\"target\":{\"@type\":\"EntryPoint\",\"urlTemplate\":\"https:\/\/sandzakpress.net\/arhiva\/?s={search_term_string}\"},\"query-input\":{\"@type\":\"PropertyValueSpecification\",\"valueRequired\":true,\"valueName\":\"search_term_string\"}}],\"inLanguage\":\"bs-BA\"},{\"@type\":[\"Person\",\"Organization\"],\"@id\":\"https:\/\/sandzakpress.net\/arhiva\/#\/schema\/person\/6e72b67d6e51910a1117b3b483ba20bd\",\"name\":\"Kul\",\"image\":{\"@type\":\"ImageObject\",\"inLanguage\":\"bs-BA\",\"@id\":\"https:\/\/sandzakpress.net\/arhiva\/#\/schema\/person\/image\/\",\"url\":\"https:\/\/secure.gravatar.com\/avatar\/42263f39aa27ac04c43cab85c280eb2e?s=96&d=mm&r=pg\",\"contentUrl\":\"https:\/\/secure.gravatar.com\/avatar\/42263f39aa27ac04c43cab85c280eb2e?s=96&d=mm&r=pg\",\"caption\":\"Kul\"},\"logo\":{\"@id\":\"https:\/\/sandzakpress.net\/arhiva\/#\/schema\/person\/image\/\"}},{\"@type\":\"Person\",\"@id\":\"https:\/\/sandzakpress.net\/arhiva\/#\/schema\/person\/cb59d7e3ab91ab90dd680ad0305a6185\",\"name\":\"Agencija\",\"image\":{\"@type\":\"ImageObject\",\"inLanguage\":\"bs-BA\",\"@id\":\"https:\/\/sandzakpress.net\/arhiva\/#\/schema\/person\/image\/\",\"url\":\"https:\/\/secure.gravatar.com\/avatar\/4b7fafa80a22f0c2afe23966b3961fe0?s=96&d=mm&r=pg\",\"contentUrl\":\"https:\/\/secure.gravatar.com\/avatar\/4b7fafa80a22f0c2afe23966b3961fe0?s=96&d=mm&r=pg\",\"caption\":\"Agencija\"},\"url\":\"https:\/\/sandzakpress.net\/arhiva\/author\/agencija\/\"}]}<\/script>\n<!-- \/ Yoast SEO Premium plugin. -->","yoast_head_json":{"title":"FK Novi Pazar nere\u0161eno protiv Javora sa Ivan\u010devi\u0107em!","robots":{"index":"index","follow":"follow","max-snippet":"max-snippet:-1","max-image-preview":"max-image-preview:large","max-video-preview":"max-video-preview:-1"},"canonical":"https:\/\/sandzakpress.net\/arhiva\/fk-novi-pazar-nereseno-protiv-javora-sa-ivancevicem\/","og_locale":"bs_BA","og_type":"article","og_title":"FK Novi Pazar nere\u0161eno protiv Javora sa Ivan\u010devi\u0107em!","og_description":"Novi Pazar &#8211; Fudbaleri Javora i Novog Pazara igrali su danas u Ivanjici nere\u0161eno 1:1, u utakmici 16. kola Superlige Srbije. Posle nezanimljivog prvog poluvremena, gosti su iznenadili Ivanji\u010dane golom desetak minuta posle odmora i \u010dinilo se da mogu do sva tri boda. Javor je, me\u0111utim, zaigrao anga\u017eovanije u nastavku i izjedna\u010dio u 60. minutu, [&hellip;]","og_url":"https:\/\/sandzakpress.net\/arhiva\/fk-novi-pazar-nereseno-protiv-javora-sa-ivancevicem\/","og_site_name":"Sand\u017eak PRESS","article_published_time":"2015-10-31T18:57:48+00:00","article_modified_time":"2015-10-31T18:58:51+00:00","og_image":[{"width":650,"height":250,"url":"https:\/\/sandzakpress.net\/arhiva\/wp-content\/uploads\/2015\/10\/fb13.jpg","type":"image\/jpeg"}],"author":"Agencija","twitter_card":"summary_large_image","twitter_misc":{"Written by":"Agencija","Est. reading time":"1 minuta"},"schema":{"@context":"https:\/\/schema.org","@graph":[{"@type":"Article","@id":"https:\/\/sandzakpress.net\/arhiva\/fk-novi-pazar-nereseno-protiv-javora-sa-ivancevicem\/#article","isPartOf":{"@id":"https:\/\/sandzakpress.net\/arhiva\/fk-novi-pazar-nereseno-protiv-javora-sa-ivancevicem\/"},"author":{"name":"Agencija","@id":"https:\/\/sandzakpress.net\/arhiva\/#\/schema\/person\/cb59d7e3ab91ab90dd680ad0305a6185"},"headline":"FK Novi Pazar nere\u0161eno protiv Javora sa Ivan\u010devi\u0107em!","datePublished":"2015-10-31T18:57:48+00:00","dateModified":"2015-10-31T18:58:51+00:00","mainEntityOfPage":{"@id":"https:\/\/sandzakpress.net\/arhiva\/fk-novi-pazar-nereseno-protiv-javora-sa-ivancevicem\/"},"wordCount":168,"commentCount":1,"publisher":{"@id":"https:\/\/sandzakpress.net\/arhiva\/#\/schema\/person\/6e72b67d6e51910a1117b3b483ba20bd"},"image":{"@id":"https:\/\/sandzakpress.net\/arhiva\/fk-novi-pazar-nereseno-protiv-javora-sa-ivancevicem\/#primaryimage"},"thumbnailUrl":"https:\/\/sandzakpress.net\/arhiva\/wp-content\/uploads\/2015\/10\/fb13.jpg","articleSection":["Novi Pazar","Sport","NAJNOVIJE","VA\u017dNO!"],"inLanguage":"bs-BA","potentialAction":[{"@type":"CommentAction","name":"Comment","target":["https:\/\/sandzakpress.net\/arhiva\/fk-novi-pazar-nereseno-protiv-javora-sa-ivancevicem\/#respond"]}]},{"@type":"WebPage","@id":"https:\/\/sandzakpress.net\/arhiva\/fk-novi-pazar-nereseno-protiv-javora-sa-ivancevicem\/","url":"https:\/\/sandzakpress.net\/arhiva\/fk-novi-pazar-nereseno-protiv-javora-sa-ivancevicem\/","name":"FK Novi Pazar nere\u0161eno protiv Javora sa Ivan\u010devi\u0107em!","isPartOf":{"@id":"https:\/\/sandzakpress.net\/arhiva\/#website"},"primaryImageOfPage":{"@id":"https:\/\/sandzakpress.net\/arhiva\/fk-novi-pazar-nereseno-protiv-javora-sa-ivancevicem\/#primaryimage"},"image":{"@id":"https:\/\/sandzakpress.net\/arhiva\/fk-novi-pazar-nereseno-protiv-javora-sa-ivancevicem\/#primaryimage"},"thumbnailUrl":"https:\/\/sandzakpress.net\/arhiva\/wp-content\/uploads\/2015\/10\/fb13.jpg","datePublished":"2015-10-31T18:57:48+00:00","dateModified":"2015-10-31T18:58:51+00:00","breadcrumb":{"@id":"https:\/\/sandzakpress.net\/arhiva\/fk-novi-pazar-nereseno-protiv-javora-sa-ivancevicem\/#breadcrumb"},"inLanguage":"bs-BA","potentialAction":[{"@type":"ReadAction","target":["https:\/\/sandzakpress.net\/arhiva\/fk-novi-pazar-nereseno-protiv-javora-sa-ivancevicem\/"]}]},{"@type":"ImageObject","inLanguage":"bs-BA","@id":"https:\/\/sandzakpress.net\/arhiva\/fk-novi-pazar-nereseno-protiv-javora-sa-ivancevicem\/#primaryimage","url":"https:\/\/sandzakpress.net\/arhiva\/wp-content\/uploads\/2015\/10\/fb13.jpg","contentUrl":"https:\/\/sandzakpress.net\/arhiva\/wp-content\/uploads\/2015\/10\/fb13.jpg","width":650,"height":250},{"@type":"BreadcrumbList","@id":"https:\/\/sandzakpress.net\/arhiva\/fk-novi-pazar-nereseno-protiv-javora-sa-ivancevicem\/#breadcrumb","itemListElement":[{"@type":"ListItem","position":1,"name":"Home","item":"https:\/\/sandzakpress.net\/arhiva\/"},{"@type":"ListItem","position":2,"name":"FK Novi Pazar nere\u0161eno protiv Javora sa Ivan\u010devi\u0107em!"}]},{"@type":"WebSite","@id":"https:\/\/sandzakpress.net\/arhiva\/#website","url":"https:\/\/sandzakpress.net\/arhiva\/","name":"Sand\u017eak PRESS","description":"Prve elektronske novine u Sand\u017eaku","publisher":{"@id":"https:\/\/sandzakpress.net\/arhiva\/#\/schema\/person\/6e72b67d6e51910a1117b3b483ba20bd"},"potentialAction":[{"@type":"SearchAction","target":{"@type":"EntryPoint","urlTemplate":"https:\/\/sandzakpress.net\/arhiva\/?s={search_term_string}"},"query-input":{"@type":"PropertyValueSpecification","valueRequired":true,"valueName":"search_term_string"}}],"inLanguage":"bs-BA"},{"@type":["Person","Organization"],"@id":"https:\/\/sandzakpress.net\/arhiva\/#\/schema\/person\/6e72b67d6e51910a1117b3b483ba20bd","name":"Kul","image":{"@type":"ImageObject","inLanguage":"bs-BA","@id":"https:\/\/sandzakpress.net\/arhiva\/#\/schema\/person\/image\/","url":"https:\/\/secure.gravatar.com\/avatar\/42263f39aa27ac04c43cab85c280eb2e?s=96&d=mm&r=pg","contentUrl":"https:\/\/secure.gravatar.com\/avatar\/42263f39aa27ac04c43cab85c280eb2e?s=96&d=mm&r=pg","caption":"Kul"},"logo":{"@id":"https:\/\/sandzakpress.net\/arhiva\/#\/schema\/person\/image\/"}},{"@type":"Person","@id":"https:\/\/sandzakpress.net\/arhiva\/#\/schema\/person\/cb59d7e3ab91ab90dd680ad0305a6185","name":"Agencija","image":{"@type":"ImageObject","inLanguage":"bs-BA","@id":"https:\/\/sandzakpress.net\/arhiva\/#\/schema\/person\/image\/","url":"https:\/\/secure.gravatar.com\/avatar\/4b7fafa80a22f0c2afe23966b3961fe0?s=96&d=mm&r=pg","contentUrl":"https:\/\/secure.gravatar.com\/avatar\/4b7fafa80a22f0c2afe23966b3961fe0?s=96&d=mm&r=pg","caption":"Agencija"},"url":"https:\/\/sandzakpress.net\/arhiva\/author\/agencija\/"}]}},"_links":{"self":[{"href":"https:\/\/sandzakpress.net\/arhiva\/wp-json\/wp\/v2\/posts\/143639"}],"collection":[{"href":"https:\/\/sandzakpress.net\/arhiva\/wp-json\/wp\/v2\/posts"}],"about":[{"href":"https:\/\/sandzakpress.net\/arhiva\/wp-json\/wp\/v2\/types\/post"}],"author":[{"embeddable":true,"href":"https:\/\/sandzakpress.net\/arhiva\/wp-json\/wp\/v2\/users\/509"}],"replies":[{"embeddable":true,"href":"https:\/\/sandzakpress.net\/arhiva\/wp-json\/wp\/v2\/comments?post=143639"}],"version-history":[{"count":0,"href":"https:\/\/sandzakpress.net\/arhiva\/wp-json\/wp\/v2\/posts\/143639\/revisions"}],"wp:featuredmedia":[{"embeddable":true,"href":"https:\/\/sandzakpress.net\/arhiva\/wp-json\/wp\/v2\/media\/143642"}],"wp:attachment":[{"href":"https:\/\/sandzakpress.net\/arhiva\/wp-json\/wp\/v2\/media?parent=143639"}],"wp:term":[{"taxonomy":"category","embeddable":true,"href":"https:\/\/sandzakpress.net\/arhiva\/wp-json\/wp\/v2\/categories?post=143639"},{"taxonomy":"post_tag","embeddable":true,"href":"https:\/\/sandzakpress.net\/arhiva\/wp-json\/wp\/v2\/tags?post=143639"}],"curies":[{"name":"wp","href":"https:\/\/api.w.org\/{rel}","templated":true}]}}