{"id":143399,"date":"2015-10-30T15:07:58","date_gmt":"2015-10-30T14:07:58","guid":{"rendered":"https:\/\/sandzakpress.net\/arhiva\/?p=143399"},"modified":"2015-10-30T15:25:58","modified_gmt":"2015-10-30T14:25:58","slug":"adem-ljajic-dve-nezaboravne-godine-u-romi-ali-sada-zelim-da-je-pobedim","status":"publish","type":"post","link":"https:\/\/sandzakpress.net\/arhiva\/adem-ljajic-dve-nezaboravne-godine-u-romi-ali-sada-zelim-da-je-pobedim\/","title":{"rendered":"Adem Ljaji\u0107: Dve nezaboravne godine u Romi, ali sada \u017eelim da je pobedim!"},"content":{"rendered":"<p><strong><img loading=\"lazy\" decoding=\"async\" class=\"aligncenter size-full wp-image-143406\" src=\"https:\/\/sandzakpress.net\/arhiva\/wp-content\/uploads\/2015\/10\/14461990985070.jpg\" alt=\"14461990985070\" width=\"640\" height=\"422\" srcset=\"https:\/\/sandzakpress.net\/arhiva\/wp-content\/uploads\/2015\/10\/14461990985070.jpg 640w, https:\/\/sandzakpress.net\/arhiva\/wp-content\/uploads\/2015\/10\/14461990985070-616x406.jpg 616w\" sizes=\"(max-width: 640px) 100vw, 640px\" \/>Italija, Novi Pazar &#8211; Dvije pune sezone, 15 golova u dresu Rome, nekoliko blistavih perioda i nekoliko onih tmurnijih. Pa pozajmica u Inter. Adem Ljaji\u0107 u subotu \u0107e ponovo biti na terenu sa igra\u010dima Rome. Samo \u0161to \u0107e on biti u dresu Intera kada se dvije ekipe sastanu u velikom derbiju 11. kola Serije A.<\/strong><\/p>\n<p>\u201cDve prelepe sezone na Olimpiku nikada ne\u0107u zaboraviti. Tamo su se rodila neka prijateljstva koja \u0107e trajati cijelog \u017eivota. Bilo je te\u0161ko oti\u0107i iz Rima. Ali sada sam sre\u0107an u Interu i sutra \u017eelim da pobijedim! Nema sumnje, jak protivnik, mnogo kvalitetnih igra\u010da koji mogu da naprave razliku u svakom trenutku. Ali i mi smo tu\u201c, ka\u017ee Ljaji\u0107.<\/p>\n<p>Koga se najvi\u0161e pla\u0161i?<br \/>\u201cMiralema Pjani\u0107a. Moj sjajan prijatelj, ali i istinski \u0161ampion. Fenomen\u201c.<\/p>\n<p>Tu je naravno i \u201conaj drugi\u201c\u2026<br \/>\u201cFran\u010desko Toti? Iznad svega sjajan \u010dovjek. U odli\u010dnim smo odnosima. \u010cast mi je \u0161to sam imao priliku da igram sa njima, po\u0161to niko ne mo\u017ee da ospori: On je najbolji u Italiji\u201c.<\/p>\n<p>Koja mu je uspomena ipak najdra\u017ea iz perioda u Romi?<br \/>\u201cGol sa penala u derbiju protiv Lacija. \u010caroban trenutak\u201c.<\/p>\n<p>A najgora?<br \/>\u201cNi\u0161ta nismo osvojili. Bili smo blizu, ali nismo uspeli. Imali smo odli\u010dan tim i dva puta bili drugi. Juventus je prosto bio ja\u010di\u201c.<\/p>\n<p>Sada je me\u0111utim Inter Ljaji\u0107eva realnost. Barem do juna kada isti\u010de pozajmica. Inter \u0107e potom morati da izdvoji 13.500.000 evra kako bi otkupio Ljaji\u0107ev ugovor. Osim ako se Roma ne predomisli.<\/p>\n<p>\u201cNe razmi\u0161ljam tako daleko. Ovdje sam jer sam \u017eeleo da, ako ve\u0107 moram da napustim Rimu, ostanem u Italiji. \u017deleo sam kod Roberta Man\u010dinija, \u017eeleo sam u Inter, jedan od najve\u0107ih klubova na svetu. Za posle \u0107emo videti\u201c.<\/p>\n<p>(FOTO: Action Images)<\/p>\n","protected":false},"excerpt":{"rendered":"<p>Italija, Novi Pazar &#8211; Dvije pune sezone, 15 golova u dresu Rome, nekoliko blistavih perioda i nekoliko onih tmurnijih. Pa pozajmica u Inter. Adem Ljaji\u0107 u subotu \u0107e ponovo biti na terenu sa igra\u010dima Rome. Samo \u0161to \u0107e on biti u dresu Intera kada se dvije ekipe sastanu u velikom derbiju 11. kola Serije A. [&hellip;]<\/p>\n","protected":false},"author":83,"featured_media":143406,"comment_status":"open","ping_status":"open","sticky":false,"template":"","format":"standard","meta":{"footnotes":""},"categories":[72,13,10309,10429],"tags":[],"class_list":{"0":"post-143399","1":"post","2":"type-post","3":"status-publish","4":"format-standard","5":"has-post-thumbnail","7":"category-novi-pazar","8":"category-sport","9":"category-italija","10":"category-vazno"},"yoast_head":"<!-- This site is optimized with the Yoast SEO Premium plugin v23.1 (Yoast SEO v24.9) - https:\/\/yoast.com\/wordpress\/plugins\/seo\/ -->\n<title>Adem Ljaji\u0107: Dve nezaboravne godine u Romi, ali sada \u017eelim da je pobedim!<\/title>\n<meta name=\"robots\" content=\"index, follow, max-snippet:-1, max-image-preview:large, max-video-preview:-1\" \/>\n<link rel=\"canonical\" href=\"https:\/\/sandzakpress.net\/arhiva\/adem-ljajic-dve-nezaboravne-godine-u-romi-ali-sada-zelim-da-je-pobedim\/\" \/>\n<meta property=\"og:locale\" content=\"bs_BA\" \/>\n<meta property=\"og:type\" content=\"article\" \/>\n<meta property=\"og:title\" content=\"Adem Ljaji\u0107: Dve nezaboravne godine u Romi, ali sada \u017eelim da je pobedim!\" \/>\n<meta property=\"og:description\" content=\"Italija, Novi Pazar &#8211; Dvije pune sezone, 15 golova u dresu Rome, nekoliko blistavih perioda i nekoliko onih tmurnijih. Pa pozajmica u Inter. Adem Ljaji\u0107 u subotu \u0107e ponovo biti na terenu sa igra\u010dima Rome. Samo \u0161to \u0107e on biti u dresu Intera kada se dvije ekipe sastanu u velikom derbiju 11. kola Serije A. [&hellip;]\" \/>\n<meta property=\"og:url\" content=\"https:\/\/sandzakpress.net\/arhiva\/adem-ljajic-dve-nezaboravne-godine-u-romi-ali-sada-zelim-da-je-pobedim\/\" \/>\n<meta property=\"og:site_name\" content=\"Sand\u017eak PRESS\" \/>\n<meta property=\"article:published_time\" content=\"2015-10-30T14:07:58+00:00\" \/>\n<meta property=\"article:modified_time\" content=\"2015-10-30T14:25:58+00:00\" \/>\n<meta property=\"og:image\" content=\"https:\/\/sandzakpress.net\/arhiva\/wp-content\/uploads\/2015\/10\/14461990985070.jpg\" \/>\n\t<meta property=\"og:image:width\" content=\"640\" \/>\n\t<meta property=\"og:image:height\" content=\"422\" \/>\n\t<meta property=\"og:image:type\" content=\"image\/jpeg\" \/>\n<meta name=\"author\" content=\"bosniak\" \/>\n<meta name=\"twitter:card\" content=\"summary_large_image\" \/>\n<meta name=\"twitter:label1\" content=\"Written by\" \/>\n\t<meta name=\"twitter:data1\" content=\"bosniak\" \/>\n\t<meta name=\"twitter:label2\" content=\"Est. reading time\" \/>\n\t<meta name=\"twitter:data2\" content=\"2 minute\" \/>\n<script type=\"application\/ld+json\" class=\"yoast-schema-graph\">{\"@context\":\"https:\/\/schema.org\",\"@graph\":[{\"@type\":\"Article\",\"@id\":\"https:\/\/sandzakpress.net\/arhiva\/adem-ljajic-dve-nezaboravne-godine-u-romi-ali-sada-zelim-da-je-pobedim\/#article\",\"isPartOf\":{\"@id\":\"https:\/\/sandzakpress.net\/arhiva\/adem-ljajic-dve-nezaboravne-godine-u-romi-ali-sada-zelim-da-je-pobedim\/\"},\"author\":{\"name\":\"bosniak\",\"@id\":\"https:\/\/sandzakpress.net\/arhiva\/#\/schema\/person\/c8baee722073534b583ea7bdb2e36c02\"},\"headline\":\"Adem Ljaji\u0107: Dve nezaboravne godine u Romi, ali sada \u017eelim da je pobedim!\",\"datePublished\":\"2015-10-30T14:07:58+00:00\",\"dateModified\":\"2015-10-30T14:25:58+00:00\",\"mainEntityOfPage\":{\"@id\":\"https:\/\/sandzakpress.net\/arhiva\/adem-ljajic-dve-nezaboravne-godine-u-romi-ali-sada-zelim-da-je-pobedim\/\"},\"wordCount\":316,\"commentCount\":3,\"publisher\":{\"@id\":\"https:\/\/sandzakpress.net\/arhiva\/#\/schema\/person\/6e72b67d6e51910a1117b3b483ba20bd\"},\"image\":{\"@id\":\"https:\/\/sandzakpress.net\/arhiva\/adem-ljajic-dve-nezaboravne-godine-u-romi-ali-sada-zelim-da-je-pobedim\/#primaryimage\"},\"thumbnailUrl\":\"https:\/\/sandzakpress.net\/arhiva\/wp-content\/uploads\/2015\/10\/14461990985070.jpg\",\"articleSection\":[\"Novi Pazar\",\"Sport\",\"Italija\",\"VA\u017dNO!\"],\"inLanguage\":\"bs-BA\",\"potentialAction\":[{\"@type\":\"CommentAction\",\"name\":\"Comment\",\"target\":[\"https:\/\/sandzakpress.net\/arhiva\/adem-ljajic-dve-nezaboravne-godine-u-romi-ali-sada-zelim-da-je-pobedim\/#respond\"]}]},{\"@type\":\"WebPage\",\"@id\":\"https:\/\/sandzakpress.net\/arhiva\/adem-ljajic-dve-nezaboravne-godine-u-romi-ali-sada-zelim-da-je-pobedim\/\",\"url\":\"https:\/\/sandzakpress.net\/arhiva\/adem-ljajic-dve-nezaboravne-godine-u-romi-ali-sada-zelim-da-je-pobedim\/\",\"name\":\"Adem Ljaji\u0107: Dve nezaboravne godine u Romi, ali sada \u017eelim da je pobedim!\",\"isPartOf\":{\"@id\":\"https:\/\/sandzakpress.net\/arhiva\/#website\"},\"primaryImageOfPage\":{\"@id\":\"https:\/\/sandzakpress.net\/arhiva\/adem-ljajic-dve-nezaboravne-godine-u-romi-ali-sada-zelim-da-je-pobedim\/#primaryimage\"},\"image\":{\"@id\":\"https:\/\/sandzakpress.net\/arhiva\/adem-ljajic-dve-nezaboravne-godine-u-romi-ali-sada-zelim-da-je-pobedim\/#primaryimage\"},\"thumbnailUrl\":\"https:\/\/sandzakpress.net\/arhiva\/wp-content\/uploads\/2015\/10\/14461990985070.jpg\",\"datePublished\":\"2015-10-30T14:07:58+00:00\",\"dateModified\":\"2015-10-30T14:25:58+00:00\",\"breadcrumb\":{\"@id\":\"https:\/\/sandzakpress.net\/arhiva\/adem-ljajic-dve-nezaboravne-godine-u-romi-ali-sada-zelim-da-je-pobedim\/#breadcrumb\"},\"inLanguage\":\"bs-BA\",\"potentialAction\":[{\"@type\":\"ReadAction\",\"target\":[\"https:\/\/sandzakpress.net\/arhiva\/adem-ljajic-dve-nezaboravne-godine-u-romi-ali-sada-zelim-da-je-pobedim\/\"]}]},{\"@type\":\"ImageObject\",\"inLanguage\":\"bs-BA\",\"@id\":\"https:\/\/sandzakpress.net\/arhiva\/adem-ljajic-dve-nezaboravne-godine-u-romi-ali-sada-zelim-da-je-pobedim\/#primaryimage\",\"url\":\"https:\/\/sandzakpress.net\/arhiva\/wp-content\/uploads\/2015\/10\/14461990985070.jpg\",\"contentUrl\":\"https:\/\/sandzakpress.net\/arhiva\/wp-content\/uploads\/2015\/10\/14461990985070.jpg\",\"width\":640,\"height\":422},{\"@type\":\"BreadcrumbList\",\"@id\":\"https:\/\/sandzakpress.net\/arhiva\/adem-ljajic-dve-nezaboravne-godine-u-romi-ali-sada-zelim-da-je-pobedim\/#breadcrumb\",\"itemListElement\":[{\"@type\":\"ListItem\",\"position\":1,\"name\":\"Home\",\"item\":\"https:\/\/sandzakpress.net\/arhiva\/\"},{\"@type\":\"ListItem\",\"position\":2,\"name\":\"Adem Ljaji\u0107: Dve nezaboravne godine u Romi, ali sada \u017eelim da je pobedim!\"}]},{\"@type\":\"WebSite\",\"@id\":\"https:\/\/sandzakpress.net\/arhiva\/#website\",\"url\":\"https:\/\/sandzakpress.net\/arhiva\/\",\"name\":\"Sand\u017eak PRESS\",\"description\":\"Prve elektronske novine u Sand\u017eaku\",\"publisher\":{\"@id\":\"https:\/\/sandzakpress.net\/arhiva\/#\/schema\/person\/6e72b67d6e51910a1117b3b483ba20bd\"},\"potentialAction\":[{\"@type\":\"SearchAction\",\"target\":{\"@type\":\"EntryPoint\",\"urlTemplate\":\"https:\/\/sandzakpress.net\/arhiva\/?s={search_term_string}\"},\"query-input\":{\"@type\":\"PropertyValueSpecification\",\"valueRequired\":true,\"valueName\":\"search_term_string\"}}],\"inLanguage\":\"bs-BA\"},{\"@type\":[\"Person\",\"Organization\"],\"@id\":\"https:\/\/sandzakpress.net\/arhiva\/#\/schema\/person\/6e72b67d6e51910a1117b3b483ba20bd\",\"name\":\"Kul\",\"image\":{\"@type\":\"ImageObject\",\"inLanguage\":\"bs-BA\",\"@id\":\"https:\/\/sandzakpress.net\/arhiva\/#\/schema\/person\/image\/\",\"url\":\"https:\/\/secure.gravatar.com\/avatar\/42263f39aa27ac04c43cab85c280eb2e?s=96&d=mm&r=pg\",\"contentUrl\":\"https:\/\/secure.gravatar.com\/avatar\/42263f39aa27ac04c43cab85c280eb2e?s=96&d=mm&r=pg\",\"caption\":\"Kul\"},\"logo\":{\"@id\":\"https:\/\/sandzakpress.net\/arhiva\/#\/schema\/person\/image\/\"}},{\"@type\":\"Person\",\"@id\":\"https:\/\/sandzakpress.net\/arhiva\/#\/schema\/person\/c8baee722073534b583ea7bdb2e36c02\",\"name\":\"bosniak\",\"image\":{\"@type\":\"ImageObject\",\"inLanguage\":\"bs-BA\",\"@id\":\"https:\/\/sandzakpress.net\/arhiva\/#\/schema\/person\/image\/\",\"url\":\"https:\/\/secure.gravatar.com\/avatar\/a04fd330bfe3a36a72a0ad4a6d89fca7?s=96&d=mm&r=pg\",\"contentUrl\":\"https:\/\/secure.gravatar.com\/avatar\/a04fd330bfe3a36a72a0ad4a6d89fca7?s=96&d=mm&r=pg\",\"caption\":\"bosniak\"},\"url\":\"https:\/\/sandzakpress.net\/arhiva\/author\/bosniak\/\"}]}<\/script>\n<!-- \/ Yoast SEO Premium plugin. -->","yoast_head_json":{"title":"Adem Ljaji\u0107: Dve nezaboravne godine u Romi, ali sada \u017eelim da je pobedim!","robots":{"index":"index","follow":"follow","max-snippet":"max-snippet:-1","max-image-preview":"max-image-preview:large","max-video-preview":"max-video-preview:-1"},"canonical":"https:\/\/sandzakpress.net\/arhiva\/adem-ljajic-dve-nezaboravne-godine-u-romi-ali-sada-zelim-da-je-pobedim\/","og_locale":"bs_BA","og_type":"article","og_title":"Adem Ljaji\u0107: Dve nezaboravne godine u Romi, ali sada \u017eelim da je pobedim!","og_description":"Italija, Novi Pazar &#8211; Dvije pune sezone, 15 golova u dresu Rome, nekoliko blistavih perioda i nekoliko onih tmurnijih. Pa pozajmica u Inter. Adem Ljaji\u0107 u subotu \u0107e ponovo biti na terenu sa igra\u010dima Rome. Samo \u0161to \u0107e on biti u dresu Intera kada se dvije ekipe sastanu u velikom derbiju 11. kola Serije A. [&hellip;]","og_url":"https:\/\/sandzakpress.net\/arhiva\/adem-ljajic-dve-nezaboravne-godine-u-romi-ali-sada-zelim-da-je-pobedim\/","og_site_name":"Sand\u017eak PRESS","article_published_time":"2015-10-30T14:07:58+00:00","article_modified_time":"2015-10-30T14:25:58+00:00","og_image":[{"width":640,"height":422,"url":"https:\/\/sandzakpress.net\/arhiva\/wp-content\/uploads\/2015\/10\/14461990985070.jpg","type":"image\/jpeg"}],"author":"bosniak","twitter_card":"summary_large_image","twitter_misc":{"Written by":"bosniak","Est. reading time":"2 minute"},"schema":{"@context":"https:\/\/schema.org","@graph":[{"@type":"Article","@id":"https:\/\/sandzakpress.net\/arhiva\/adem-ljajic-dve-nezaboravne-godine-u-romi-ali-sada-zelim-da-je-pobedim\/#article","isPartOf":{"@id":"https:\/\/sandzakpress.net\/arhiva\/adem-ljajic-dve-nezaboravne-godine-u-romi-ali-sada-zelim-da-je-pobedim\/"},"author":{"name":"bosniak","@id":"https:\/\/sandzakpress.net\/arhiva\/#\/schema\/person\/c8baee722073534b583ea7bdb2e36c02"},"headline":"Adem Ljaji\u0107: Dve nezaboravne godine u Romi, ali sada \u017eelim da je pobedim!","datePublished":"2015-10-30T14:07:58+00:00","dateModified":"2015-10-30T14:25:58+00:00","mainEntityOfPage":{"@id":"https:\/\/sandzakpress.net\/arhiva\/adem-ljajic-dve-nezaboravne-godine-u-romi-ali-sada-zelim-da-je-pobedim\/"},"wordCount":316,"commentCount":3,"publisher":{"@id":"https:\/\/sandzakpress.net\/arhiva\/#\/schema\/person\/6e72b67d6e51910a1117b3b483ba20bd"},"image":{"@id":"https:\/\/sandzakpress.net\/arhiva\/adem-ljajic-dve-nezaboravne-godine-u-romi-ali-sada-zelim-da-je-pobedim\/#primaryimage"},"thumbnailUrl":"https:\/\/sandzakpress.net\/arhiva\/wp-content\/uploads\/2015\/10\/14461990985070.jpg","articleSection":["Novi Pazar","Sport","Italija","VA\u017dNO!"],"inLanguage":"bs-BA","potentialAction":[{"@type":"CommentAction","name":"Comment","target":["https:\/\/sandzakpress.net\/arhiva\/adem-ljajic-dve-nezaboravne-godine-u-romi-ali-sada-zelim-da-je-pobedim\/#respond"]}]},{"@type":"WebPage","@id":"https:\/\/sandzakpress.net\/arhiva\/adem-ljajic-dve-nezaboravne-godine-u-romi-ali-sada-zelim-da-je-pobedim\/","url":"https:\/\/sandzakpress.net\/arhiva\/adem-ljajic-dve-nezaboravne-godine-u-romi-ali-sada-zelim-da-je-pobedim\/","name":"Adem Ljaji\u0107: Dve nezaboravne godine u Romi, ali sada \u017eelim da je pobedim!","isPartOf":{"@id":"https:\/\/sandzakpress.net\/arhiva\/#website"},"primaryImageOfPage":{"@id":"https:\/\/sandzakpress.net\/arhiva\/adem-ljajic-dve-nezaboravne-godine-u-romi-ali-sada-zelim-da-je-pobedim\/#primaryimage"},"image":{"@id":"https:\/\/sandzakpress.net\/arhiva\/adem-ljajic-dve-nezaboravne-godine-u-romi-ali-sada-zelim-da-je-pobedim\/#primaryimage"},"thumbnailUrl":"https:\/\/sandzakpress.net\/arhiva\/wp-content\/uploads\/2015\/10\/14461990985070.jpg","datePublished":"2015-10-30T14:07:58+00:00","dateModified":"2015-10-30T14:25:58+00:00","breadcrumb":{"@id":"https:\/\/sandzakpress.net\/arhiva\/adem-ljajic-dve-nezaboravne-godine-u-romi-ali-sada-zelim-da-je-pobedim\/#breadcrumb"},"inLanguage":"bs-BA","potentialAction":[{"@type":"ReadAction","target":["https:\/\/sandzakpress.net\/arhiva\/adem-ljajic-dve-nezaboravne-godine-u-romi-ali-sada-zelim-da-je-pobedim\/"]}]},{"@type":"ImageObject","inLanguage":"bs-BA","@id":"https:\/\/sandzakpress.net\/arhiva\/adem-ljajic-dve-nezaboravne-godine-u-romi-ali-sada-zelim-da-je-pobedim\/#primaryimage","url":"https:\/\/sandzakpress.net\/arhiva\/wp-content\/uploads\/2015\/10\/14461990985070.jpg","contentUrl":"https:\/\/sandzakpress.net\/arhiva\/wp-content\/uploads\/2015\/10\/14461990985070.jpg","width":640,"height":422},{"@type":"BreadcrumbList","@id":"https:\/\/sandzakpress.net\/arhiva\/adem-ljajic-dve-nezaboravne-godine-u-romi-ali-sada-zelim-da-je-pobedim\/#breadcrumb","itemListElement":[{"@type":"ListItem","position":1,"name":"Home","item":"https:\/\/sandzakpress.net\/arhiva\/"},{"@type":"ListItem","position":2,"name":"Adem Ljaji\u0107: Dve nezaboravne godine u Romi, ali sada \u017eelim da je pobedim!"}]},{"@type":"WebSite","@id":"https:\/\/sandzakpress.net\/arhiva\/#website","url":"https:\/\/sandzakpress.net\/arhiva\/","name":"Sand\u017eak PRESS","description":"Prve elektronske novine u Sand\u017eaku","publisher":{"@id":"https:\/\/sandzakpress.net\/arhiva\/#\/schema\/person\/6e72b67d6e51910a1117b3b483ba20bd"},"potentialAction":[{"@type":"SearchAction","target":{"@type":"EntryPoint","urlTemplate":"https:\/\/sandzakpress.net\/arhiva\/?s={search_term_string}"},"query-input":{"@type":"PropertyValueSpecification","valueRequired":true,"valueName":"search_term_string"}}],"inLanguage":"bs-BA"},{"@type":["Person","Organization"],"@id":"https:\/\/sandzakpress.net\/arhiva\/#\/schema\/person\/6e72b67d6e51910a1117b3b483ba20bd","name":"Kul","image":{"@type":"ImageObject","inLanguage":"bs-BA","@id":"https:\/\/sandzakpress.net\/arhiva\/#\/schema\/person\/image\/","url":"https:\/\/secure.gravatar.com\/avatar\/42263f39aa27ac04c43cab85c280eb2e?s=96&d=mm&r=pg","contentUrl":"https:\/\/secure.gravatar.com\/avatar\/42263f39aa27ac04c43cab85c280eb2e?s=96&d=mm&r=pg","caption":"Kul"},"logo":{"@id":"https:\/\/sandzakpress.net\/arhiva\/#\/schema\/person\/image\/"}},{"@type":"Person","@id":"https:\/\/sandzakpress.net\/arhiva\/#\/schema\/person\/c8baee722073534b583ea7bdb2e36c02","name":"bosniak","image":{"@type":"ImageObject","inLanguage":"bs-BA","@id":"https:\/\/sandzakpress.net\/arhiva\/#\/schema\/person\/image\/","url":"https:\/\/secure.gravatar.com\/avatar\/a04fd330bfe3a36a72a0ad4a6d89fca7?s=96&d=mm&r=pg","contentUrl":"https:\/\/secure.gravatar.com\/avatar\/a04fd330bfe3a36a72a0ad4a6d89fca7?s=96&d=mm&r=pg","caption":"bosniak"},"url":"https:\/\/sandzakpress.net\/arhiva\/author\/bosniak\/"}]}},"_links":{"self":[{"href":"https:\/\/sandzakpress.net\/arhiva\/wp-json\/wp\/v2\/posts\/143399"}],"collection":[{"href":"https:\/\/sandzakpress.net\/arhiva\/wp-json\/wp\/v2\/posts"}],"about":[{"href":"https:\/\/sandzakpress.net\/arhiva\/wp-json\/wp\/v2\/types\/post"}],"author":[{"embeddable":true,"href":"https:\/\/sandzakpress.net\/arhiva\/wp-json\/wp\/v2\/users\/83"}],"replies":[{"embeddable":true,"href":"https:\/\/sandzakpress.net\/arhiva\/wp-json\/wp\/v2\/comments?post=143399"}],"version-history":[{"count":0,"href":"https:\/\/sandzakpress.net\/arhiva\/wp-json\/wp\/v2\/posts\/143399\/revisions"}],"wp:featuredmedia":[{"embeddable":true,"href":"https:\/\/sandzakpress.net\/arhiva\/wp-json\/wp\/v2\/media\/143406"}],"wp:attachment":[{"href":"https:\/\/sandzakpress.net\/arhiva\/wp-json\/wp\/v2\/media?parent=143399"}],"wp:term":[{"taxonomy":"category","embeddable":true,"href":"https:\/\/sandzakpress.net\/arhiva\/wp-json\/wp\/v2\/categories?post=143399"},{"taxonomy":"post_tag","embeddable":true,"href":"https:\/\/sandzakpress.net\/arhiva\/wp-json\/wp\/v2\/tags?post=143399"}],"curies":[{"name":"wp","href":"https:\/\/api.w.org\/{rel}","templated":true}]}}