{"id":143371,"date":"2015-10-30T14:43:06","date_gmt":"2015-10-30T13:43:06","guid":{"rendered":"https:\/\/sandzakpress.net\/arhiva\/?p=143371"},"modified":"2015-10-30T14:43:06","modified_gmt":"2015-10-30T13:43:06","slug":"beograd-obiljezen-dan-republike-turske","status":"publish","type":"post","link":"https:\/\/sandzakpress.net\/arhiva\/beograd-obiljezen-dan-republike-turske\/","title":{"rendered":"Beograd: Obilje\u017een Dan Republike Turske"},"content":{"rendered":"<p><img decoding=\"async\" src=\"http:\/\/www.sandzacke.rs\/wp-content\/uploads\/2015\/10\/dan-Turske-beograd-620x400.jpg\" alt=\"dan Turske beograd\" \/><\/p>\n<p><strong>Srbija, Turska &#8211; U hotelu Hyatt, ambasador Turske u Srbiji Mehmet Kemal Bozay, organizovao je prijem za nekoliko stotina zvanica, povodom Dana Republike Turske. Prijemu je prisustvovala predsjednica Skup\u0161tine Srbije Maja Gojkovi\u0107, potpredsjednik vlade i ministar za trgovinu, turizam i telekomunikacije u Vladi Srbije Rasim Ljaji\u0107, predstavnici Vojske Srbije, predstavnici vjerskih zajednica, diplomatski kor i drugi.<\/strong><\/p>\n<p>Nakon intoniranja himni Turske i Srbije, ambasador Bozay se svima zahvalio \u0161to su do\u0161li na slavlje i prvo im pro\u010ditao pismo predsjednika Turske Recepa Tayyipa Erdo\u011fana.<\/p>\n<p>Kako je pro\u010ditao Bozay, navode\u0107i da se danas proslavlja 92 godine od osnivanja Republike Turske, nakon pobjedonosnog Narodnog rata za nezavisnost, Erdogan je \u010destitao praznik svim turskim gra\u0111anima \u0161irom svijeta i poru\u010dio:<\/p>\n<p>\u201cDevedesetdvogodi\u0161nja istorija Republike Turske svjedo\u010di da je na\u0161 narod sposoban da se ponovo uspravi i u najte\u017eim okolnostima. To nam daje nadu za budu\u0107nost i lekcije iz te istorije moramo uva\u017eavati prilikom svakog slijede\u0107eg koraka.\u201d<\/p>\n<p>Kako je navedeno u daljem tekstu pisma, sa istim uzbu\u0111enjem, vjerom i entuzijazmom kao prvih dana njenog osnivanja, nastavlja se borba za unaprije\u0111enje \u201cmlade Republike koja je izrasla iz ru\u0161evina \u0161esto godina stare svjetske dr\u017eave\u201d.<\/p>\n<p>\u201cDanas Republika Turska daje nadu ne samo svojim gra\u0111anima, ve\u0107 i svim \u017ertvama, potla\u010denima, srodnim i bratskim zajednicama u na\u0161em regionu i \u0161irom svijeta. U pozadini napada na na\u0161e jedinstvo, solidarnost i bratstvo krije se duboka netrpeljivost zbog uspjeha koje je postigla na\u0161a Republika\u201d, naveo je u pismu Erdogan, a pro\u010ditao Bozay.<\/p>\n<p>U svom pozdravnom govoru, nakon pro\u010ditanog pisma predsjednika Erdogana, Mehmet Kemal Bozay se osvrnuo na bilateralne odnose Srbije i Turske u protekloj godini, koju je nazvao \u201cgodinom po\u010detaka me\u0111usobnih odnosa\u201d.<\/p>\n<p>\u201cNakon sastanka dva premijera u Davosu i posjete predsjednice Skup\u0161tine Turskoj, mnogo projekata je sprovedeno\u201d, rekao je Bozay i naveo da je ove godine otvorena i prva turska banka u Srbiji Halkbanka, zatim prvi kulturni centar Turske Yunus Emre.<\/p>\n<p>Zahvaljuju\u0107i se premijeru Vu\u010di\u0107u, predsjedniku Nikoli\u0107u i predsjednici Skup\u0161tine Maji Gojkovi\u0107 te srpskim i turskim preduzetnicima, Bozay je rekao da je ove godine otvoren \u201cprvi karavansaraj na Koridoru 10, da je o\u017eivjela tekstilna fabrika u Krupnju zahvaljuju\u0107i turskoj firmi Jeanci, da je drugi po veli\u010dini proizvo\u0111a\u010d bijele tehnike u Evropi, Beko osnovao svoj glavni distributivni centar za Balkan u Beogradu te da su po\u010dele i prve konsultacije izme\u0111u turske i srpske policije i da je osnovan i mehanizam ekonomske saradnje Turske, Srbije i BiH\u201d.<\/p>\n<p>Nakon pozdravnog govora, zajedno sa suprugom Azrom Bozay i predsjednicom Narodne skup\u0161tine Srbije Majom Gojkovi\u0107, Bozay je isjekao slavljeni\u010dku tortu.<\/p>\n<p>Prvi predjsednik i osniva\u010d Turske Republike bio je Mustafa Kemal Ataturk, koji je nakon Narodnog rata za nezavisnost, 29. oktobra 1923. proglasio Republiku. Za vrijeme svoga mandata, Ataturk je pokrenuo niz politi\u010dkih i dru\u0161tvenih reformi \u0161irom zemlje, koje su pretvorili Tursku u modernu, sekularnu i evropski orijentisanu dr\u017eavu.<\/p>\n<p>(Anadolu Agency)<\/p>\n","protected":false},"excerpt":{"rendered":"<p>Srbija, Turska &#8211; U hotelu Hyatt, ambasador Turske u Srbiji Mehmet Kemal Bozay, organizovao je prijem za nekoliko stotina zvanica, povodom Dana Republike Turske. Prijemu je prisustvovala predsjednica Skup\u0161tine Srbije Maja Gojkovi\u0107, potpredsjednik vlade i ministar za trgovinu, turizam i telekomunikacije u Vladi Srbije Rasim Ljaji\u0107, predstavnici Vojske Srbije, predstavnici vjerskih zajednica, diplomatski kor i [&hellip;]<\/p>\n","protected":false},"author":83,"featured_media":143375,"comment_status":"open","ping_status":"open","sticky":false,"template":"","format":"standard","meta":{"footnotes":""},"categories":[1,10307,2692],"tags":[],"class_list":{"0":"post-143371","1":"post","2":"type-post","3":"status-publish","4":"format-standard","5":"has-post-thumbnail","7":"category-politika","8":"category-srbija","9":"category-turska-gradovi"},"yoast_head":"<!-- This site is optimized with the Yoast SEO Premium plugin v23.1 (Yoast SEO v24.9) - https:\/\/yoast.com\/wordpress\/plugins\/seo\/ -->\n<title>Beograd: Obilje\u017een Dan Republike Turske<\/title>\n<meta name=\"robots\" content=\"index, follow, max-snippet:-1, max-image-preview:large, max-video-preview:-1\" \/>\n<link rel=\"canonical\" href=\"https:\/\/sandzakpress.net\/arhiva\/beograd-obiljezen-dan-republike-turske\/\" \/>\n<meta property=\"og:locale\" content=\"bs_BA\" \/>\n<meta property=\"og:type\" content=\"article\" \/>\n<meta property=\"og:title\" content=\"Beograd: Obilje\u017een Dan Republike Turske\" \/>\n<meta property=\"og:description\" content=\"Srbija, Turska &#8211; U hotelu Hyatt, ambasador Turske u Srbiji Mehmet Kemal Bozay, organizovao je prijem za nekoliko stotina zvanica, povodom Dana Republike Turske. Prijemu je prisustvovala predsjednica Skup\u0161tine Srbije Maja Gojkovi\u0107, potpredsjednik vlade i ministar za trgovinu, turizam i telekomunikacije u Vladi Srbije Rasim Ljaji\u0107, predstavnici Vojske Srbije, predstavnici vjerskih zajednica, diplomatski kor i [&hellip;]\" \/>\n<meta property=\"og:url\" content=\"https:\/\/sandzakpress.net\/arhiva\/beograd-obiljezen-dan-republike-turske\/\" \/>\n<meta property=\"og:site_name\" content=\"Sand\u017eak PRESS\" \/>\n<meta property=\"article:published_time\" content=\"2015-10-30T13:43:06+00:00\" \/>\n<meta property=\"og:image\" content=\"https:\/\/sandzakpress.net\/arhiva\/wp-content\/uploads\/2015\/10\/dan-Turske-beograd-620x400.jpg\" \/>\n\t<meta property=\"og:image:width\" content=\"620\" \/>\n\t<meta property=\"og:image:height\" content=\"400\" \/>\n\t<meta property=\"og:image:type\" content=\"image\/jpeg\" \/>\n<meta name=\"author\" content=\"bosniak\" \/>\n<meta name=\"twitter:card\" content=\"summary_large_image\" \/>\n<meta name=\"twitter:label1\" content=\"Written by\" \/>\n\t<meta name=\"twitter:data1\" content=\"bosniak\" \/>\n\t<meta name=\"twitter:label2\" content=\"Est. reading time\" \/>\n\t<meta name=\"twitter:data2\" content=\"2 minute\" \/>\n<script type=\"application\/ld+json\" class=\"yoast-schema-graph\">{\"@context\":\"https:\/\/schema.org\",\"@graph\":[{\"@type\":\"Article\",\"@id\":\"https:\/\/sandzakpress.net\/arhiva\/beograd-obiljezen-dan-republike-turske\/#article\",\"isPartOf\":{\"@id\":\"https:\/\/sandzakpress.net\/arhiva\/beograd-obiljezen-dan-republike-turske\/\"},\"author\":{\"name\":\"bosniak\",\"@id\":\"https:\/\/sandzakpress.net\/arhiva\/#\/schema\/person\/c8baee722073534b583ea7bdb2e36c02\"},\"headline\":\"Beograd: Obilje\u017een Dan Republike Turske\",\"datePublished\":\"2015-10-30T13:43:06+00:00\",\"mainEntityOfPage\":{\"@id\":\"https:\/\/sandzakpress.net\/arhiva\/beograd-obiljezen-dan-republike-turske\/\"},\"wordCount\":505,\"commentCount\":3,\"publisher\":{\"@id\":\"https:\/\/sandzakpress.net\/arhiva\/#\/schema\/person\/6e72b67d6e51910a1117b3b483ba20bd\"},\"image\":{\"@id\":\"https:\/\/sandzakpress.net\/arhiva\/beograd-obiljezen-dan-republike-turske\/#primaryimage\"},\"thumbnailUrl\":\"https:\/\/sandzakpress.net\/arhiva\/wp-content\/uploads\/2015\/10\/dan-Turske-beograd-620x400.jpg\",\"articleSection\":[\"Politika\",\"Srbija\",\"Turska\"],\"inLanguage\":\"bs-BA\",\"potentialAction\":[{\"@type\":\"CommentAction\",\"name\":\"Comment\",\"target\":[\"https:\/\/sandzakpress.net\/arhiva\/beograd-obiljezen-dan-republike-turske\/#respond\"]}]},{\"@type\":\"WebPage\",\"@id\":\"https:\/\/sandzakpress.net\/arhiva\/beograd-obiljezen-dan-republike-turske\/\",\"url\":\"https:\/\/sandzakpress.net\/arhiva\/beograd-obiljezen-dan-republike-turske\/\",\"name\":\"Beograd: Obilje\u017een Dan Republike Turske\",\"isPartOf\":{\"@id\":\"https:\/\/sandzakpress.net\/arhiva\/#website\"},\"primaryImageOfPage\":{\"@id\":\"https:\/\/sandzakpress.net\/arhiva\/beograd-obiljezen-dan-republike-turske\/#primaryimage\"},\"image\":{\"@id\":\"https:\/\/sandzakpress.net\/arhiva\/beograd-obiljezen-dan-republike-turske\/#primaryimage\"},\"thumbnailUrl\":\"https:\/\/sandzakpress.net\/arhiva\/wp-content\/uploads\/2015\/10\/dan-Turske-beograd-620x400.jpg\",\"datePublished\":\"2015-10-30T13:43:06+00:00\",\"breadcrumb\":{\"@id\":\"https:\/\/sandzakpress.net\/arhiva\/beograd-obiljezen-dan-republike-turske\/#breadcrumb\"},\"inLanguage\":\"bs-BA\",\"potentialAction\":[{\"@type\":\"ReadAction\",\"target\":[\"https:\/\/sandzakpress.net\/arhiva\/beograd-obiljezen-dan-republike-turske\/\"]}]},{\"@type\":\"ImageObject\",\"inLanguage\":\"bs-BA\",\"@id\":\"https:\/\/sandzakpress.net\/arhiva\/beograd-obiljezen-dan-republike-turske\/#primaryimage\",\"url\":\"https:\/\/sandzakpress.net\/arhiva\/wp-content\/uploads\/2015\/10\/dan-Turske-beograd-620x400.jpg\",\"contentUrl\":\"https:\/\/sandzakpress.net\/arhiva\/wp-content\/uploads\/2015\/10\/dan-Turske-beograd-620x400.jpg\",\"width\":620,\"height\":400},{\"@type\":\"BreadcrumbList\",\"@id\":\"https:\/\/sandzakpress.net\/arhiva\/beograd-obiljezen-dan-republike-turske\/#breadcrumb\",\"itemListElement\":[{\"@type\":\"ListItem\",\"position\":1,\"name\":\"Home\",\"item\":\"https:\/\/sandzakpress.net\/arhiva\/\"},{\"@type\":\"ListItem\",\"position\":2,\"name\":\"Beograd: Obilje\u017een Dan Republike Turske\"}]},{\"@type\":\"WebSite\",\"@id\":\"https:\/\/sandzakpress.net\/arhiva\/#website\",\"url\":\"https:\/\/sandzakpress.net\/arhiva\/\",\"name\":\"Sand\u017eak PRESS\",\"description\":\"Prve elektronske novine u Sand\u017eaku\",\"publisher\":{\"@id\":\"https:\/\/sandzakpress.net\/arhiva\/#\/schema\/person\/6e72b67d6e51910a1117b3b483ba20bd\"},\"potentialAction\":[{\"@type\":\"SearchAction\",\"target\":{\"@type\":\"EntryPoint\",\"urlTemplate\":\"https:\/\/sandzakpress.net\/arhiva\/?s={search_term_string}\"},\"query-input\":{\"@type\":\"PropertyValueSpecification\",\"valueRequired\":true,\"valueName\":\"search_term_string\"}}],\"inLanguage\":\"bs-BA\"},{\"@type\":[\"Person\",\"Organization\"],\"@id\":\"https:\/\/sandzakpress.net\/arhiva\/#\/schema\/person\/6e72b67d6e51910a1117b3b483ba20bd\",\"name\":\"Kul\",\"image\":{\"@type\":\"ImageObject\",\"inLanguage\":\"bs-BA\",\"@id\":\"https:\/\/sandzakpress.net\/arhiva\/#\/schema\/person\/image\/\",\"url\":\"https:\/\/secure.gravatar.com\/avatar\/42263f39aa27ac04c43cab85c280eb2e?s=96&d=mm&r=pg\",\"contentUrl\":\"https:\/\/secure.gravatar.com\/avatar\/42263f39aa27ac04c43cab85c280eb2e?s=96&d=mm&r=pg\",\"caption\":\"Kul\"},\"logo\":{\"@id\":\"https:\/\/sandzakpress.net\/arhiva\/#\/schema\/person\/image\/\"}},{\"@type\":\"Person\",\"@id\":\"https:\/\/sandzakpress.net\/arhiva\/#\/schema\/person\/c8baee722073534b583ea7bdb2e36c02\",\"name\":\"bosniak\",\"image\":{\"@type\":\"ImageObject\",\"inLanguage\":\"bs-BA\",\"@id\":\"https:\/\/sandzakpress.net\/arhiva\/#\/schema\/person\/image\/\",\"url\":\"https:\/\/secure.gravatar.com\/avatar\/a04fd330bfe3a36a72a0ad4a6d89fca7?s=96&d=mm&r=pg\",\"contentUrl\":\"https:\/\/secure.gravatar.com\/avatar\/a04fd330bfe3a36a72a0ad4a6d89fca7?s=96&d=mm&r=pg\",\"caption\":\"bosniak\"},\"url\":\"https:\/\/sandzakpress.net\/arhiva\/author\/bosniak\/\"}]}<\/script>\n<!-- \/ Yoast SEO Premium plugin. -->","yoast_head_json":{"title":"Beograd: Obilje\u017een Dan Republike Turske","robots":{"index":"index","follow":"follow","max-snippet":"max-snippet:-1","max-image-preview":"max-image-preview:large","max-video-preview":"max-video-preview:-1"},"canonical":"https:\/\/sandzakpress.net\/arhiva\/beograd-obiljezen-dan-republike-turske\/","og_locale":"bs_BA","og_type":"article","og_title":"Beograd: Obilje\u017een Dan Republike Turske","og_description":"Srbija, Turska &#8211; U hotelu Hyatt, ambasador Turske u Srbiji Mehmet Kemal Bozay, organizovao je prijem za nekoliko stotina zvanica, povodom Dana Republike Turske. Prijemu je prisustvovala predsjednica Skup\u0161tine Srbije Maja Gojkovi\u0107, potpredsjednik vlade i ministar za trgovinu, turizam i telekomunikacije u Vladi Srbije Rasim Ljaji\u0107, predstavnici Vojske Srbije, predstavnici vjerskih zajednica, diplomatski kor i [&hellip;]","og_url":"https:\/\/sandzakpress.net\/arhiva\/beograd-obiljezen-dan-republike-turske\/","og_site_name":"Sand\u017eak PRESS","article_published_time":"2015-10-30T13:43:06+00:00","og_image":[{"width":620,"height":400,"url":"https:\/\/sandzakpress.net\/arhiva\/wp-content\/uploads\/2015\/10\/dan-Turske-beograd-620x400.jpg","type":"image\/jpeg"}],"author":"bosniak","twitter_card":"summary_large_image","twitter_misc":{"Written by":"bosniak","Est. reading time":"2 minute"},"schema":{"@context":"https:\/\/schema.org","@graph":[{"@type":"Article","@id":"https:\/\/sandzakpress.net\/arhiva\/beograd-obiljezen-dan-republike-turske\/#article","isPartOf":{"@id":"https:\/\/sandzakpress.net\/arhiva\/beograd-obiljezen-dan-republike-turske\/"},"author":{"name":"bosniak","@id":"https:\/\/sandzakpress.net\/arhiva\/#\/schema\/person\/c8baee722073534b583ea7bdb2e36c02"},"headline":"Beograd: Obilje\u017een Dan Republike Turske","datePublished":"2015-10-30T13:43:06+00:00","mainEntityOfPage":{"@id":"https:\/\/sandzakpress.net\/arhiva\/beograd-obiljezen-dan-republike-turske\/"},"wordCount":505,"commentCount":3,"publisher":{"@id":"https:\/\/sandzakpress.net\/arhiva\/#\/schema\/person\/6e72b67d6e51910a1117b3b483ba20bd"},"image":{"@id":"https:\/\/sandzakpress.net\/arhiva\/beograd-obiljezen-dan-republike-turske\/#primaryimage"},"thumbnailUrl":"https:\/\/sandzakpress.net\/arhiva\/wp-content\/uploads\/2015\/10\/dan-Turske-beograd-620x400.jpg","articleSection":["Politika","Srbija","Turska"],"inLanguage":"bs-BA","potentialAction":[{"@type":"CommentAction","name":"Comment","target":["https:\/\/sandzakpress.net\/arhiva\/beograd-obiljezen-dan-republike-turske\/#respond"]}]},{"@type":"WebPage","@id":"https:\/\/sandzakpress.net\/arhiva\/beograd-obiljezen-dan-republike-turske\/","url":"https:\/\/sandzakpress.net\/arhiva\/beograd-obiljezen-dan-republike-turske\/","name":"Beograd: Obilje\u017een Dan Republike Turske","isPartOf":{"@id":"https:\/\/sandzakpress.net\/arhiva\/#website"},"primaryImageOfPage":{"@id":"https:\/\/sandzakpress.net\/arhiva\/beograd-obiljezen-dan-republike-turske\/#primaryimage"},"image":{"@id":"https:\/\/sandzakpress.net\/arhiva\/beograd-obiljezen-dan-republike-turske\/#primaryimage"},"thumbnailUrl":"https:\/\/sandzakpress.net\/arhiva\/wp-content\/uploads\/2015\/10\/dan-Turske-beograd-620x400.jpg","datePublished":"2015-10-30T13:43:06+00:00","breadcrumb":{"@id":"https:\/\/sandzakpress.net\/arhiva\/beograd-obiljezen-dan-republike-turske\/#breadcrumb"},"inLanguage":"bs-BA","potentialAction":[{"@type":"ReadAction","target":["https:\/\/sandzakpress.net\/arhiva\/beograd-obiljezen-dan-republike-turske\/"]}]},{"@type":"ImageObject","inLanguage":"bs-BA","@id":"https:\/\/sandzakpress.net\/arhiva\/beograd-obiljezen-dan-republike-turske\/#primaryimage","url":"https:\/\/sandzakpress.net\/arhiva\/wp-content\/uploads\/2015\/10\/dan-Turske-beograd-620x400.jpg","contentUrl":"https:\/\/sandzakpress.net\/arhiva\/wp-content\/uploads\/2015\/10\/dan-Turske-beograd-620x400.jpg","width":620,"height":400},{"@type":"BreadcrumbList","@id":"https:\/\/sandzakpress.net\/arhiva\/beograd-obiljezen-dan-republike-turske\/#breadcrumb","itemListElement":[{"@type":"ListItem","position":1,"name":"Home","item":"https:\/\/sandzakpress.net\/arhiva\/"},{"@type":"ListItem","position":2,"name":"Beograd: Obilje\u017een Dan Republike Turske"}]},{"@type":"WebSite","@id":"https:\/\/sandzakpress.net\/arhiva\/#website","url":"https:\/\/sandzakpress.net\/arhiva\/","name":"Sand\u017eak PRESS","description":"Prve elektronske novine u Sand\u017eaku","publisher":{"@id":"https:\/\/sandzakpress.net\/arhiva\/#\/schema\/person\/6e72b67d6e51910a1117b3b483ba20bd"},"potentialAction":[{"@type":"SearchAction","target":{"@type":"EntryPoint","urlTemplate":"https:\/\/sandzakpress.net\/arhiva\/?s={search_term_string}"},"query-input":{"@type":"PropertyValueSpecification","valueRequired":true,"valueName":"search_term_string"}}],"inLanguage":"bs-BA"},{"@type":["Person","Organization"],"@id":"https:\/\/sandzakpress.net\/arhiva\/#\/schema\/person\/6e72b67d6e51910a1117b3b483ba20bd","name":"Kul","image":{"@type":"ImageObject","inLanguage":"bs-BA","@id":"https:\/\/sandzakpress.net\/arhiva\/#\/schema\/person\/image\/","url":"https:\/\/secure.gravatar.com\/avatar\/42263f39aa27ac04c43cab85c280eb2e?s=96&d=mm&r=pg","contentUrl":"https:\/\/secure.gravatar.com\/avatar\/42263f39aa27ac04c43cab85c280eb2e?s=96&d=mm&r=pg","caption":"Kul"},"logo":{"@id":"https:\/\/sandzakpress.net\/arhiva\/#\/schema\/person\/image\/"}},{"@type":"Person","@id":"https:\/\/sandzakpress.net\/arhiva\/#\/schema\/person\/c8baee722073534b583ea7bdb2e36c02","name":"bosniak","image":{"@type":"ImageObject","inLanguage":"bs-BA","@id":"https:\/\/sandzakpress.net\/arhiva\/#\/schema\/person\/image\/","url":"https:\/\/secure.gravatar.com\/avatar\/a04fd330bfe3a36a72a0ad4a6d89fca7?s=96&d=mm&r=pg","contentUrl":"https:\/\/secure.gravatar.com\/avatar\/a04fd330bfe3a36a72a0ad4a6d89fca7?s=96&d=mm&r=pg","caption":"bosniak"},"url":"https:\/\/sandzakpress.net\/arhiva\/author\/bosniak\/"}]}},"_links":{"self":[{"href":"https:\/\/sandzakpress.net\/arhiva\/wp-json\/wp\/v2\/posts\/143371"}],"collection":[{"href":"https:\/\/sandzakpress.net\/arhiva\/wp-json\/wp\/v2\/posts"}],"about":[{"href":"https:\/\/sandzakpress.net\/arhiva\/wp-json\/wp\/v2\/types\/post"}],"author":[{"embeddable":true,"href":"https:\/\/sandzakpress.net\/arhiva\/wp-json\/wp\/v2\/users\/83"}],"replies":[{"embeddable":true,"href":"https:\/\/sandzakpress.net\/arhiva\/wp-json\/wp\/v2\/comments?post=143371"}],"version-history":[{"count":0,"href":"https:\/\/sandzakpress.net\/arhiva\/wp-json\/wp\/v2\/posts\/143371\/revisions"}],"wp:featuredmedia":[{"embeddable":true,"href":"https:\/\/sandzakpress.net\/arhiva\/wp-json\/wp\/v2\/media\/143375"}],"wp:attachment":[{"href":"https:\/\/sandzakpress.net\/arhiva\/wp-json\/wp\/v2\/media?parent=143371"}],"wp:term":[{"taxonomy":"category","embeddable":true,"href":"https:\/\/sandzakpress.net\/arhiva\/wp-json\/wp\/v2\/categories?post=143371"},{"taxonomy":"post_tag","embeddable":true,"href":"https:\/\/sandzakpress.net\/arhiva\/wp-json\/wp\/v2\/tags?post=143371"}],"curies":[{"name":"wp","href":"https:\/\/api.w.org\/{rel}","templated":true}]}}