{"id":143154,"date":"2015-10-29T11:35:06","date_gmt":"2015-10-29T10:35:06","guid":{"rendered":"https:\/\/sandzakpress.net\/arhiva\/?p=143154"},"modified":"2015-10-29T11:53:23","modified_gmt":"2015-10-29T10:53:23","slug":"bosnjaci-makedonije-nas-jezik-je-bosanski-a-ne-bosnjacki","status":"publish","type":"post","link":"https:\/\/sandzakpress.net\/arhiva\/bosnjaci-makedonije-nas-jezik-je-bosanski-a-ne-bosnjacki\/","title":{"rendered":"Bo\u0161njaci Makedonije: Na\u0161 jezik je bosanski, a ne bo\u0161nja\u010dki!"},"content":{"rendered":"<p><img decoding=\"async\" src=\"http:\/\/www.akos.ba\/media\/k2\/items\/cache\/e648006ca5f7963b8aaf7e99956c291a_XL.jpg\" alt=\"Bo\u0161njaci Makedonije: Na\u0161 jezik je bosanski, a ne bo\u0161nja\u010dki!\" \/><\/p>\n<p><strong>Makedonija &#8211; \u201cInicijativa je rezultat nezadovoljstva Bo\u0161njaka Makedonije. Suglasno izmjenama iz 2001. godine, u kojim je bo\u0161nja\u010dki narod priznat kako konstitutivan narod sa svim pravima koja u\u017eivaju pripadnici zajednica koje \u017eive u Makedoniji, tra\u017eimo od institucija Republike Makedonije da usaglasi obrasce, pravilnike i cjelokupnu dokumentaciju koju posjeduju za evidentiranje stanovni\u0161tva Republike Makedonije, sa slijede\u0107im ispravnim terminima: Etni\u010dka pripadnost- Bo\u0161njak, jezik: Bosanski\u201d, izjavio je D\u017eemil Bektovi\u0107, predsjednik Bo\u0161nja\u010dke kulturne zajednice, koji je govorio u ime svih gra\u0111anskih organizacija koje su podr\u017eale inicijativu.<\/strong><\/p>\n<p>\u201cZahtijevamo i eksperimentalni program bosanskog jezika u osnovnom obrazovanju, koji traje predugo, da se unaprijedi u Redovnu nastavu na bosanskom jeziku\u201d, pi\u0161e u saop\u0107enju za javnost koje je danas dostavljeno relevantnim institucijama koje trebaju razmatrati zahtjev nevladinih bo\u0161nja\u010dkih organizacija.<\/p>\n<p>Iz inicijative za bosanski jezik reaguju, ukazuju\u0107i da se predmet Jezik i kultura Bo\u0161njaka ne prezentira roditeljima i u\u010denicima Bo\u0161njacima u mnogo \u0161kola, tra\u017ee\u0107i da se osiguraju odgovaraju\u0107i ud\u017ebenici na bosanskom jeziku kako bi se nastava odvijala normalno.<\/p>\n<p>\u201cZa nas je veoma va\u017eno da institucije po\u0161tuju na\u0161a ustavno zagarantirana prava, a to je slobodno izra\u017eavanje nacionalne pripadnosti i pravo na obrazovanje na maternjem jeziku. Nismo Bosanci, ve\u0107 Bo\u0161njaci, i na\u0161 jezik nije bo\u0161nja\u010dki, ve\u0107 bosanski\u201d , navodi se u saop\u0107enju bo\u0161nja\u010dkih nevladinih organizacija.<\/p>\n<p>Predstavnike bo\u0161nja\u010dkih nevladinih organizacija u Makedoniji koje stoje iza ove inicijative primio je narodni pravobranitelj Id\u017eet Memeti, koji je kazao da \u0107e u\u010diniti sve \u0161to je u njegovoj nadle\u017enosti da se maksimalno ispo\u0161tuju prava koja prema Ustavu i zakonima pripadaju gra\u0111anima.<\/p>\n<p>Inicijativu za podr\u0161ku bosanskog jezika i kulture podr\u017ealo je \u0161est nevladinih bo\u0161nja\u010dkih organizacija u Makedoniji: Edu Nisa, Bo\u0161nja\u010dka kulturna zajednica u Makedoniji, Mekteb, Glas Orizara, \u0160adrvan i Divan, kao i desetine intelektualaca i aktivista, pi\u0161e Anadolu Agency.<\/p>\n<p>Akos.ba<\/p>\n","protected":false},"excerpt":{"rendered":"<p>Makedonija &#8211; \u201cInicijativa je rezultat nezadovoljstva Bo\u0161njaka Makedonije. Suglasno izmjenama iz 2001. godine, u kojim je bo\u0161nja\u010dki narod priznat kako konstitutivan narod sa svim pravima koja u\u017eivaju pripadnici zajednica koje \u017eive u Makedoniji, tra\u017eimo od institucija Republike Makedonije da usaglasi obrasce, pravilnike i cjelokupnu dokumentaciju koju posjeduju za evidentiranje stanovni\u0161tva Republike Makedonije, sa slijede\u0107im ispravnim [&hellip;]<\/p>\n","protected":false},"author":83,"featured_media":143155,"comment_status":"open","ping_status":"open","sticky":false,"template":"","format":"standard","meta":{"footnotes":""},"categories":[800,2691,8957],"tags":[],"class_list":{"0":"post-143154","1":"post","2":"type-post","3":"status-publish","4":"format-standard","5":"has-post-thumbnail","7":"category-nacija","8":"category-makedonija","9":"category-vijesti-dana"},"yoast_head":"<!-- This site is optimized with the Yoast SEO Premium plugin v23.1 (Yoast SEO v24.9) - https:\/\/yoast.com\/wordpress\/plugins\/seo\/ -->\n<title>Bo\u0161njaci Makedonije: Na\u0161 jezik je bosanski, a ne bo\u0161nja\u010dki!<\/title>\n<meta name=\"robots\" content=\"index, follow, max-snippet:-1, max-image-preview:large, max-video-preview:-1\" \/>\n<link rel=\"canonical\" href=\"https:\/\/sandzakpress.net\/arhiva\/bosnjaci-makedonije-nas-jezik-je-bosanski-a-ne-bosnjacki\/\" \/>\n<meta property=\"og:locale\" content=\"bs_BA\" \/>\n<meta property=\"og:type\" content=\"article\" \/>\n<meta property=\"og:title\" content=\"Bo\u0161njaci Makedonije: Na\u0161 jezik je bosanski, a ne bo\u0161nja\u010dki!\" \/>\n<meta property=\"og:description\" content=\"Makedonija &#8211; \u201cInicijativa je rezultat nezadovoljstva Bo\u0161njaka Makedonije. Suglasno izmjenama iz 2001. godine, u kojim je bo\u0161nja\u010dki narod priznat kako konstitutivan narod sa svim pravima koja u\u017eivaju pripadnici zajednica koje \u017eive u Makedoniji, tra\u017eimo od institucija Republike Makedonije da usaglasi obrasce, pravilnike i cjelokupnu dokumentaciju koju posjeduju za evidentiranje stanovni\u0161tva Republike Makedonije, sa slijede\u0107im ispravnim [&hellip;]\" \/>\n<meta property=\"og:url\" content=\"https:\/\/sandzakpress.net\/arhiva\/bosnjaci-makedonije-nas-jezik-je-bosanski-a-ne-bosnjacki\/\" \/>\n<meta property=\"og:site_name\" content=\"Sand\u017eak PRESS\" \/>\n<meta property=\"article:published_time\" content=\"2015-10-29T10:35:06+00:00\" \/>\n<meta property=\"article:modified_time\" content=\"2015-10-29T10:53:23+00:00\" \/>\n<meta property=\"og:image\" content=\"https:\/\/sandzakpress.net\/arhiva\/wp-content\/uploads\/2015\/10\/e648006ca5f7963b8aaf7e99956c291a_XL.jpg\" \/>\n\t<meta property=\"og:image:width\" content=\"900\" \/>\n\t<meta property=\"og:image:height\" content=\"600\" \/>\n\t<meta property=\"og:image:type\" content=\"image\/jpeg\" \/>\n<meta name=\"author\" content=\"bosniak\" \/>\n<meta name=\"twitter:card\" content=\"summary_large_image\" \/>\n<meta name=\"twitter:label1\" content=\"Written by\" \/>\n\t<meta name=\"twitter:data1\" content=\"bosniak\" \/>\n\t<meta name=\"twitter:label2\" content=\"Est. reading time\" \/>\n\t<meta name=\"twitter:data2\" content=\"2 minute\" \/>\n<script type=\"application\/ld+json\" class=\"yoast-schema-graph\">{\"@context\":\"https:\/\/schema.org\",\"@graph\":[{\"@type\":\"Article\",\"@id\":\"https:\/\/sandzakpress.net\/arhiva\/bosnjaci-makedonije-nas-jezik-je-bosanski-a-ne-bosnjacki\/#article\",\"isPartOf\":{\"@id\":\"https:\/\/sandzakpress.net\/arhiva\/bosnjaci-makedonije-nas-jezik-je-bosanski-a-ne-bosnjacki\/\"},\"author\":{\"name\":\"bosniak\",\"@id\":\"https:\/\/sandzakpress.net\/arhiva\/#\/schema\/person\/c8baee722073534b583ea7bdb2e36c02\"},\"headline\":\"Bo\u0161njaci Makedonije: Na\u0161 jezik je bosanski, a ne bo\u0161nja\u010dki!\",\"datePublished\":\"2015-10-29T10:35:06+00:00\",\"dateModified\":\"2015-10-29T10:53:23+00:00\",\"mainEntityOfPage\":{\"@id\":\"https:\/\/sandzakpress.net\/arhiva\/bosnjaci-makedonije-nas-jezik-je-bosanski-a-ne-bosnjacki\/\"},\"wordCount\":343,\"commentCount\":55,\"publisher\":{\"@id\":\"https:\/\/sandzakpress.net\/arhiva\/#\/schema\/person\/6e72b67d6e51910a1117b3b483ba20bd\"},\"image\":{\"@id\":\"https:\/\/sandzakpress.net\/arhiva\/bosnjaci-makedonije-nas-jezik-je-bosanski-a-ne-bosnjacki\/#primaryimage\"},\"thumbnailUrl\":\"https:\/\/sandzakpress.net\/arhiva\/wp-content\/uploads\/2015\/10\/e648006ca5f7963b8aaf7e99956c291a_XL.jpg\",\"articleSection\":[\"Nacija\",\"Makedonija\",\"VIJESTI DANA\"],\"inLanguage\":\"bs-BA\",\"potentialAction\":[{\"@type\":\"CommentAction\",\"name\":\"Comment\",\"target\":[\"https:\/\/sandzakpress.net\/arhiva\/bosnjaci-makedonije-nas-jezik-je-bosanski-a-ne-bosnjacki\/#respond\"]}]},{\"@type\":\"WebPage\",\"@id\":\"https:\/\/sandzakpress.net\/arhiva\/bosnjaci-makedonije-nas-jezik-je-bosanski-a-ne-bosnjacki\/\",\"url\":\"https:\/\/sandzakpress.net\/arhiva\/bosnjaci-makedonije-nas-jezik-je-bosanski-a-ne-bosnjacki\/\",\"name\":\"Bo\u0161njaci Makedonije: Na\u0161 jezik je bosanski, a ne bo\u0161nja\u010dki!\",\"isPartOf\":{\"@id\":\"https:\/\/sandzakpress.net\/arhiva\/#website\"},\"primaryImageOfPage\":{\"@id\":\"https:\/\/sandzakpress.net\/arhiva\/bosnjaci-makedonije-nas-jezik-je-bosanski-a-ne-bosnjacki\/#primaryimage\"},\"image\":{\"@id\":\"https:\/\/sandzakpress.net\/arhiva\/bosnjaci-makedonije-nas-jezik-je-bosanski-a-ne-bosnjacki\/#primaryimage\"},\"thumbnailUrl\":\"https:\/\/sandzakpress.net\/arhiva\/wp-content\/uploads\/2015\/10\/e648006ca5f7963b8aaf7e99956c291a_XL.jpg\",\"datePublished\":\"2015-10-29T10:35:06+00:00\",\"dateModified\":\"2015-10-29T10:53:23+00:00\",\"breadcrumb\":{\"@id\":\"https:\/\/sandzakpress.net\/arhiva\/bosnjaci-makedonije-nas-jezik-je-bosanski-a-ne-bosnjacki\/#breadcrumb\"},\"inLanguage\":\"bs-BA\",\"potentialAction\":[{\"@type\":\"ReadAction\",\"target\":[\"https:\/\/sandzakpress.net\/arhiva\/bosnjaci-makedonije-nas-jezik-je-bosanski-a-ne-bosnjacki\/\"]}]},{\"@type\":\"ImageObject\",\"inLanguage\":\"bs-BA\",\"@id\":\"https:\/\/sandzakpress.net\/arhiva\/bosnjaci-makedonije-nas-jezik-je-bosanski-a-ne-bosnjacki\/#primaryimage\",\"url\":\"https:\/\/sandzakpress.net\/arhiva\/wp-content\/uploads\/2015\/10\/e648006ca5f7963b8aaf7e99956c291a_XL.jpg\",\"contentUrl\":\"https:\/\/sandzakpress.net\/arhiva\/wp-content\/uploads\/2015\/10\/e648006ca5f7963b8aaf7e99956c291a_XL.jpg\",\"width\":900,\"height\":600},{\"@type\":\"BreadcrumbList\",\"@id\":\"https:\/\/sandzakpress.net\/arhiva\/bosnjaci-makedonije-nas-jezik-je-bosanski-a-ne-bosnjacki\/#breadcrumb\",\"itemListElement\":[{\"@type\":\"ListItem\",\"position\":1,\"name\":\"Home\",\"item\":\"https:\/\/sandzakpress.net\/arhiva\/\"},{\"@type\":\"ListItem\",\"position\":2,\"name\":\"Bo\u0161njaci Makedonije: Na\u0161 jezik je bosanski, a ne bo\u0161nja\u010dki!\"}]},{\"@type\":\"WebSite\",\"@id\":\"https:\/\/sandzakpress.net\/arhiva\/#website\",\"url\":\"https:\/\/sandzakpress.net\/arhiva\/\",\"name\":\"Sand\u017eak PRESS\",\"description\":\"Prve elektronske novine u Sand\u017eaku\",\"publisher\":{\"@id\":\"https:\/\/sandzakpress.net\/arhiva\/#\/schema\/person\/6e72b67d6e51910a1117b3b483ba20bd\"},\"potentialAction\":[{\"@type\":\"SearchAction\",\"target\":{\"@type\":\"EntryPoint\",\"urlTemplate\":\"https:\/\/sandzakpress.net\/arhiva\/?s={search_term_string}\"},\"query-input\":{\"@type\":\"PropertyValueSpecification\",\"valueRequired\":true,\"valueName\":\"search_term_string\"}}],\"inLanguage\":\"bs-BA\"},{\"@type\":[\"Person\",\"Organization\"],\"@id\":\"https:\/\/sandzakpress.net\/arhiva\/#\/schema\/person\/6e72b67d6e51910a1117b3b483ba20bd\",\"name\":\"Kul\",\"image\":{\"@type\":\"ImageObject\",\"inLanguage\":\"bs-BA\",\"@id\":\"https:\/\/sandzakpress.net\/arhiva\/#\/schema\/person\/image\/\",\"url\":\"https:\/\/secure.gravatar.com\/avatar\/42263f39aa27ac04c43cab85c280eb2e?s=96&d=mm&r=pg\",\"contentUrl\":\"https:\/\/secure.gravatar.com\/avatar\/42263f39aa27ac04c43cab85c280eb2e?s=96&d=mm&r=pg\",\"caption\":\"Kul\"},\"logo\":{\"@id\":\"https:\/\/sandzakpress.net\/arhiva\/#\/schema\/person\/image\/\"}},{\"@type\":\"Person\",\"@id\":\"https:\/\/sandzakpress.net\/arhiva\/#\/schema\/person\/c8baee722073534b583ea7bdb2e36c02\",\"name\":\"bosniak\",\"image\":{\"@type\":\"ImageObject\",\"inLanguage\":\"bs-BA\",\"@id\":\"https:\/\/sandzakpress.net\/arhiva\/#\/schema\/person\/image\/\",\"url\":\"https:\/\/secure.gravatar.com\/avatar\/a04fd330bfe3a36a72a0ad4a6d89fca7?s=96&d=mm&r=pg\",\"contentUrl\":\"https:\/\/secure.gravatar.com\/avatar\/a04fd330bfe3a36a72a0ad4a6d89fca7?s=96&d=mm&r=pg\",\"caption\":\"bosniak\"},\"url\":\"https:\/\/sandzakpress.net\/arhiva\/author\/bosniak\/\"}]}<\/script>\n<!-- \/ Yoast SEO Premium plugin. -->","yoast_head_json":{"title":"Bo\u0161njaci Makedonije: Na\u0161 jezik je bosanski, a ne bo\u0161nja\u010dki!","robots":{"index":"index","follow":"follow","max-snippet":"max-snippet:-1","max-image-preview":"max-image-preview:large","max-video-preview":"max-video-preview:-1"},"canonical":"https:\/\/sandzakpress.net\/arhiva\/bosnjaci-makedonije-nas-jezik-je-bosanski-a-ne-bosnjacki\/","og_locale":"bs_BA","og_type":"article","og_title":"Bo\u0161njaci Makedonije: Na\u0161 jezik je bosanski, a ne bo\u0161nja\u010dki!","og_description":"Makedonija &#8211; \u201cInicijativa je rezultat nezadovoljstva Bo\u0161njaka Makedonije. Suglasno izmjenama iz 2001. godine, u kojim je bo\u0161nja\u010dki narod priznat kako konstitutivan narod sa svim pravima koja u\u017eivaju pripadnici zajednica koje \u017eive u Makedoniji, tra\u017eimo od institucija Republike Makedonije da usaglasi obrasce, pravilnike i cjelokupnu dokumentaciju koju posjeduju za evidentiranje stanovni\u0161tva Republike Makedonije, sa slijede\u0107im ispravnim [&hellip;]","og_url":"https:\/\/sandzakpress.net\/arhiva\/bosnjaci-makedonije-nas-jezik-je-bosanski-a-ne-bosnjacki\/","og_site_name":"Sand\u017eak PRESS","article_published_time":"2015-10-29T10:35:06+00:00","article_modified_time":"2015-10-29T10:53:23+00:00","og_image":[{"width":900,"height":600,"url":"https:\/\/sandzakpress.net\/arhiva\/wp-content\/uploads\/2015\/10\/e648006ca5f7963b8aaf7e99956c291a_XL.jpg","type":"image\/jpeg"}],"author":"bosniak","twitter_card":"summary_large_image","twitter_misc":{"Written by":"bosniak","Est. reading time":"2 minute"},"schema":{"@context":"https:\/\/schema.org","@graph":[{"@type":"Article","@id":"https:\/\/sandzakpress.net\/arhiva\/bosnjaci-makedonije-nas-jezik-je-bosanski-a-ne-bosnjacki\/#article","isPartOf":{"@id":"https:\/\/sandzakpress.net\/arhiva\/bosnjaci-makedonije-nas-jezik-je-bosanski-a-ne-bosnjacki\/"},"author":{"name":"bosniak","@id":"https:\/\/sandzakpress.net\/arhiva\/#\/schema\/person\/c8baee722073534b583ea7bdb2e36c02"},"headline":"Bo\u0161njaci Makedonije: Na\u0161 jezik je bosanski, a ne bo\u0161nja\u010dki!","datePublished":"2015-10-29T10:35:06+00:00","dateModified":"2015-10-29T10:53:23+00:00","mainEntityOfPage":{"@id":"https:\/\/sandzakpress.net\/arhiva\/bosnjaci-makedonije-nas-jezik-je-bosanski-a-ne-bosnjacki\/"},"wordCount":343,"commentCount":55,"publisher":{"@id":"https:\/\/sandzakpress.net\/arhiva\/#\/schema\/person\/6e72b67d6e51910a1117b3b483ba20bd"},"image":{"@id":"https:\/\/sandzakpress.net\/arhiva\/bosnjaci-makedonije-nas-jezik-je-bosanski-a-ne-bosnjacki\/#primaryimage"},"thumbnailUrl":"https:\/\/sandzakpress.net\/arhiva\/wp-content\/uploads\/2015\/10\/e648006ca5f7963b8aaf7e99956c291a_XL.jpg","articleSection":["Nacija","Makedonija","VIJESTI DANA"],"inLanguage":"bs-BA","potentialAction":[{"@type":"CommentAction","name":"Comment","target":["https:\/\/sandzakpress.net\/arhiva\/bosnjaci-makedonije-nas-jezik-je-bosanski-a-ne-bosnjacki\/#respond"]}]},{"@type":"WebPage","@id":"https:\/\/sandzakpress.net\/arhiva\/bosnjaci-makedonije-nas-jezik-je-bosanski-a-ne-bosnjacki\/","url":"https:\/\/sandzakpress.net\/arhiva\/bosnjaci-makedonije-nas-jezik-je-bosanski-a-ne-bosnjacki\/","name":"Bo\u0161njaci Makedonije: Na\u0161 jezik je bosanski, a ne bo\u0161nja\u010dki!","isPartOf":{"@id":"https:\/\/sandzakpress.net\/arhiva\/#website"},"primaryImageOfPage":{"@id":"https:\/\/sandzakpress.net\/arhiva\/bosnjaci-makedonije-nas-jezik-je-bosanski-a-ne-bosnjacki\/#primaryimage"},"image":{"@id":"https:\/\/sandzakpress.net\/arhiva\/bosnjaci-makedonije-nas-jezik-je-bosanski-a-ne-bosnjacki\/#primaryimage"},"thumbnailUrl":"https:\/\/sandzakpress.net\/arhiva\/wp-content\/uploads\/2015\/10\/e648006ca5f7963b8aaf7e99956c291a_XL.jpg","datePublished":"2015-10-29T10:35:06+00:00","dateModified":"2015-10-29T10:53:23+00:00","breadcrumb":{"@id":"https:\/\/sandzakpress.net\/arhiva\/bosnjaci-makedonije-nas-jezik-je-bosanski-a-ne-bosnjacki\/#breadcrumb"},"inLanguage":"bs-BA","potentialAction":[{"@type":"ReadAction","target":["https:\/\/sandzakpress.net\/arhiva\/bosnjaci-makedonije-nas-jezik-je-bosanski-a-ne-bosnjacki\/"]}]},{"@type":"ImageObject","inLanguage":"bs-BA","@id":"https:\/\/sandzakpress.net\/arhiva\/bosnjaci-makedonije-nas-jezik-je-bosanski-a-ne-bosnjacki\/#primaryimage","url":"https:\/\/sandzakpress.net\/arhiva\/wp-content\/uploads\/2015\/10\/e648006ca5f7963b8aaf7e99956c291a_XL.jpg","contentUrl":"https:\/\/sandzakpress.net\/arhiva\/wp-content\/uploads\/2015\/10\/e648006ca5f7963b8aaf7e99956c291a_XL.jpg","width":900,"height":600},{"@type":"BreadcrumbList","@id":"https:\/\/sandzakpress.net\/arhiva\/bosnjaci-makedonije-nas-jezik-je-bosanski-a-ne-bosnjacki\/#breadcrumb","itemListElement":[{"@type":"ListItem","position":1,"name":"Home","item":"https:\/\/sandzakpress.net\/arhiva\/"},{"@type":"ListItem","position":2,"name":"Bo\u0161njaci Makedonije: Na\u0161 jezik je bosanski, a ne bo\u0161nja\u010dki!"}]},{"@type":"WebSite","@id":"https:\/\/sandzakpress.net\/arhiva\/#website","url":"https:\/\/sandzakpress.net\/arhiva\/","name":"Sand\u017eak PRESS","description":"Prve elektronske novine u Sand\u017eaku","publisher":{"@id":"https:\/\/sandzakpress.net\/arhiva\/#\/schema\/person\/6e72b67d6e51910a1117b3b483ba20bd"},"potentialAction":[{"@type":"SearchAction","target":{"@type":"EntryPoint","urlTemplate":"https:\/\/sandzakpress.net\/arhiva\/?s={search_term_string}"},"query-input":{"@type":"PropertyValueSpecification","valueRequired":true,"valueName":"search_term_string"}}],"inLanguage":"bs-BA"},{"@type":["Person","Organization"],"@id":"https:\/\/sandzakpress.net\/arhiva\/#\/schema\/person\/6e72b67d6e51910a1117b3b483ba20bd","name":"Kul","image":{"@type":"ImageObject","inLanguage":"bs-BA","@id":"https:\/\/sandzakpress.net\/arhiva\/#\/schema\/person\/image\/","url":"https:\/\/secure.gravatar.com\/avatar\/42263f39aa27ac04c43cab85c280eb2e?s=96&d=mm&r=pg","contentUrl":"https:\/\/secure.gravatar.com\/avatar\/42263f39aa27ac04c43cab85c280eb2e?s=96&d=mm&r=pg","caption":"Kul"},"logo":{"@id":"https:\/\/sandzakpress.net\/arhiva\/#\/schema\/person\/image\/"}},{"@type":"Person","@id":"https:\/\/sandzakpress.net\/arhiva\/#\/schema\/person\/c8baee722073534b583ea7bdb2e36c02","name":"bosniak","image":{"@type":"ImageObject","inLanguage":"bs-BA","@id":"https:\/\/sandzakpress.net\/arhiva\/#\/schema\/person\/image\/","url":"https:\/\/secure.gravatar.com\/avatar\/a04fd330bfe3a36a72a0ad4a6d89fca7?s=96&d=mm&r=pg","contentUrl":"https:\/\/secure.gravatar.com\/avatar\/a04fd330bfe3a36a72a0ad4a6d89fca7?s=96&d=mm&r=pg","caption":"bosniak"},"url":"https:\/\/sandzakpress.net\/arhiva\/author\/bosniak\/"}]}},"_links":{"self":[{"href":"https:\/\/sandzakpress.net\/arhiva\/wp-json\/wp\/v2\/posts\/143154"}],"collection":[{"href":"https:\/\/sandzakpress.net\/arhiva\/wp-json\/wp\/v2\/posts"}],"about":[{"href":"https:\/\/sandzakpress.net\/arhiva\/wp-json\/wp\/v2\/types\/post"}],"author":[{"embeddable":true,"href":"https:\/\/sandzakpress.net\/arhiva\/wp-json\/wp\/v2\/users\/83"}],"replies":[{"embeddable":true,"href":"https:\/\/sandzakpress.net\/arhiva\/wp-json\/wp\/v2\/comments?post=143154"}],"version-history":[{"count":0,"href":"https:\/\/sandzakpress.net\/arhiva\/wp-json\/wp\/v2\/posts\/143154\/revisions"}],"wp:featuredmedia":[{"embeddable":true,"href":"https:\/\/sandzakpress.net\/arhiva\/wp-json\/wp\/v2\/media\/143155"}],"wp:attachment":[{"href":"https:\/\/sandzakpress.net\/arhiva\/wp-json\/wp\/v2\/media?parent=143154"}],"wp:term":[{"taxonomy":"category","embeddable":true,"href":"https:\/\/sandzakpress.net\/arhiva\/wp-json\/wp\/v2\/categories?post=143154"},{"taxonomy":"post_tag","embeddable":true,"href":"https:\/\/sandzakpress.net\/arhiva\/wp-json\/wp\/v2\/tags?post=143154"}],"curies":[{"name":"wp","href":"https:\/\/api.w.org\/{rel}","templated":true}]}}