{"id":14314,"date":"2011-03-28T23:05:05","date_gmt":"2011-03-28T21:05:05","guid":{"rendered":"https:\/\/sandzakpress.net\/arhiva\/?p=14314"},"modified":"2011-03-28T23:05:05","modified_gmt":"2011-03-28T21:05:05","slug":"poginula-dvojica-radnika-na-gradilistu","status":"publish","type":"post","link":"https:\/\/sandzakpress.net\/arhiva\/poginula-dvojica-radnika-na-gradilistu\/","title":{"rendered":"Poginula dvojica radnika na gradili\u0161tu"},"content":{"rendered":"<p><strong><a href=\"https:\/\/sandzakpress.net\/arhiva\/wp-content\/uploads\/2011\/03\/gradiliste_novipazar_001.jpg\"><img loading=\"lazy\" decoding=\"async\" class=\"alignleft size-medium wp-image-14315\" src=\"https:\/\/sandzakpress.net\/arhiva\/wp-content\/uploads\/2011\/03\/gradiliste_novipazar_001-300x142.jpg\" alt=\"\" width=\"300\" height=\"142\" \/><\/a>Novi Pazar &#8211; Jedan radnik je poginuo na licu mjesta, a drugi je preminuo u bolnici  nakon \u0161to je te\u0161ko povrije\u0111en u nesre\u0107i koja se dogodila danas na  gradili\u0161tu kod Kvanta\u0161ke pijace u Novom Pazaru. <\/strong><\/p>\n<p>Prema nezvani\u010dnim informacijama, na licu mjesta poginuo je 55-godi\u0161nji Hajriz B., a u bolnici je preminuo 49-godi\u0161nji Idriz A.<\/p>\n<p>U novopazarskoj policiji potvrdili su da se nesre\u0107a dogodila danas oko  12:00 \u010dasova i da je istraga u toku, te da jo\u0161 nisu u mogu\u0107nosti da daju  bilo kakve informacije o ovoj nesre\u0107i.<\/p>\n<p>Prema rije\u010dima radnika, koji su bili na ovom gradili\u0161tu, do nesre\u0107e je  do\u0161lo tokom izlijevanja betonske plo\u010de na drugom spratu objekta koji se  gradi.<\/p>\n<p>Radnici nisu novinarima znali da ka\u017eu detalje o tome ko je vlasnik  zgrade, koja firma je izvo\u0111a\u010d radova i da li se radi o poslovnom ili  stambenom objektu.<\/p>\n<p>Izvor: <strong>Sandzak-X.com<\/strong><\/p>\n","protected":false},"excerpt":{"rendered":"<p>Novi Pazar &#8211; Jedan radnik je poginuo na licu mjesta, a drugi je preminuo u bolnici nakon \u0161to je te\u0161ko povrije\u0111en u nesre\u0107i koja se dogodila danas na gradili\u0161tu kod Kvanta\u0161ke pijace u Novom Pazaru. Prema nezvani\u010dnim informacijama, na licu mjesta poginuo je 55-godi\u0161nji Hajriz B., a u bolnici je preminuo 49-godi\u0161nji Idriz A. U [&hellip;]<\/p>\n","protected":false},"author":13,"featured_media":14315,"comment_status":"open","ping_status":"open","sticky":false,"template":"","format":"standard","meta":{"footnotes":""},"categories":[72,801],"tags":[],"class_list":{"0":"post-14314","1":"post","2":"type-post","3":"status-publish","4":"format-standard","5":"has-post-thumbnail","7":"category-novi-pazar","8":"category-crna_hronika"},"yoast_head":"<!-- This site is optimized with the Yoast SEO Premium plugin v23.1 (Yoast SEO v24.9) - https:\/\/yoast.com\/wordpress\/plugins\/seo\/ -->\n<title>Poginula dvojica radnika na gradili\u0161tu<\/title>\n<meta name=\"robots\" content=\"index, follow, max-snippet:-1, max-image-preview:large, max-video-preview:-1\" \/>\n<link rel=\"canonical\" href=\"https:\/\/sandzakpress.net\/arhiva\/poginula-dvojica-radnika-na-gradilistu\/\" \/>\n<meta property=\"og:locale\" content=\"bs_BA\" \/>\n<meta property=\"og:type\" content=\"article\" \/>\n<meta property=\"og:title\" content=\"Poginula dvojica radnika na gradili\u0161tu\" \/>\n<meta property=\"og:description\" content=\"Novi Pazar &#8211; Jedan radnik je poginuo na licu mjesta, a drugi je preminuo u bolnici nakon \u0161to je te\u0161ko povrije\u0111en u nesre\u0107i koja se dogodila danas na gradili\u0161tu kod Kvanta\u0161ke pijace u Novom Pazaru. Prema nezvani\u010dnim informacijama, na licu mjesta poginuo je 55-godi\u0161nji Hajriz B., a u bolnici je preminuo 49-godi\u0161nji Idriz A. U [&hellip;]\" \/>\n<meta property=\"og:url\" content=\"https:\/\/sandzakpress.net\/arhiva\/poginula-dvojica-radnika-na-gradilistu\/\" \/>\n<meta property=\"og:site_name\" content=\"Sand\u017eak PRESS\" \/>\n<meta property=\"article:published_time\" content=\"2011-03-28T21:05:05+00:00\" \/>\n<meta property=\"og:image\" content=\"https:\/\/sandzakpress.net\/arhiva\/wp-content\/uploads\/2011\/03\/gradiliste_novipazar_001.jpg\" \/>\n\t<meta property=\"og:image:width\" content=\"500\" \/>\n\t<meta property=\"og:image:height\" content=\"237\" \/>\n\t<meta property=\"og:image:type\" content=\"image\/jpeg\" \/>\n<meta name=\"twitter:card\" content=\"summary_large_image\" \/>\n<meta name=\"twitter:label1\" content=\"Written by\" \/>\n\t<meta name=\"twitter:data1\" content=\"\" \/>\n\t<meta name=\"twitter:label2\" content=\"Est. reading time\" \/>\n\t<meta name=\"twitter:data2\" content=\"1 minuta\" \/>\n<script type=\"application\/ld+json\" class=\"yoast-schema-graph\">{\"@context\":\"https:\/\/schema.org\",\"@graph\":[{\"@type\":\"Article\",\"@id\":\"https:\/\/sandzakpress.net\/arhiva\/poginula-dvojica-radnika-na-gradilistu\/#article\",\"isPartOf\":{\"@id\":\"https:\/\/sandzakpress.net\/arhiva\/poginula-dvojica-radnika-na-gradilistu\/\"},\"author\":{\"name\":\"\",\"@id\":\"\"},\"headline\":\"Poginula dvojica radnika na gradili\u0161tu\",\"datePublished\":\"2011-03-28T21:05:05+00:00\",\"mainEntityOfPage\":{\"@id\":\"https:\/\/sandzakpress.net\/arhiva\/poginula-dvojica-radnika-na-gradilistu\/\"},\"wordCount\":165,\"commentCount\":5,\"publisher\":{\"@id\":\"https:\/\/sandzakpress.net\/arhiva\/#\/schema\/person\/6e72b67d6e51910a1117b3b483ba20bd\"},\"image\":{\"@id\":\"https:\/\/sandzakpress.net\/arhiva\/poginula-dvojica-radnika-na-gradilistu\/#primaryimage\"},\"thumbnailUrl\":\"https:\/\/sandzakpress.net\/arhiva\/wp-content\/uploads\/2011\/03\/gradiliste_novipazar_001.jpg\",\"articleSection\":[\"Novi Pazar\",\"Hronika\"],\"inLanguage\":\"bs-BA\",\"potentialAction\":[{\"@type\":\"CommentAction\",\"name\":\"Comment\",\"target\":[\"https:\/\/sandzakpress.net\/arhiva\/poginula-dvojica-radnika-na-gradilistu\/#respond\"]}]},{\"@type\":\"WebPage\",\"@id\":\"https:\/\/sandzakpress.net\/arhiva\/poginula-dvojica-radnika-na-gradilistu\/\",\"url\":\"https:\/\/sandzakpress.net\/arhiva\/poginula-dvojica-radnika-na-gradilistu\/\",\"name\":\"Poginula dvojica radnika na gradili\u0161tu\",\"isPartOf\":{\"@id\":\"https:\/\/sandzakpress.net\/arhiva\/#website\"},\"primaryImageOfPage\":{\"@id\":\"https:\/\/sandzakpress.net\/arhiva\/poginula-dvojica-radnika-na-gradilistu\/#primaryimage\"},\"image\":{\"@id\":\"https:\/\/sandzakpress.net\/arhiva\/poginula-dvojica-radnika-na-gradilistu\/#primaryimage\"},\"thumbnailUrl\":\"https:\/\/sandzakpress.net\/arhiva\/wp-content\/uploads\/2011\/03\/gradiliste_novipazar_001.jpg\",\"datePublished\":\"2011-03-28T21:05:05+00:00\",\"breadcrumb\":{\"@id\":\"https:\/\/sandzakpress.net\/arhiva\/poginula-dvojica-radnika-na-gradilistu\/#breadcrumb\"},\"inLanguage\":\"bs-BA\",\"potentialAction\":[{\"@type\":\"ReadAction\",\"target\":[\"https:\/\/sandzakpress.net\/arhiva\/poginula-dvojica-radnika-na-gradilistu\/\"]}]},{\"@type\":\"ImageObject\",\"inLanguage\":\"bs-BA\",\"@id\":\"https:\/\/sandzakpress.net\/arhiva\/poginula-dvojica-radnika-na-gradilistu\/#primaryimage\",\"url\":\"https:\/\/sandzakpress.net\/arhiva\/wp-content\/uploads\/2011\/03\/gradiliste_novipazar_001.jpg\",\"contentUrl\":\"https:\/\/sandzakpress.net\/arhiva\/wp-content\/uploads\/2011\/03\/gradiliste_novipazar_001.jpg\",\"width\":500,\"height\":237},{\"@type\":\"BreadcrumbList\",\"@id\":\"https:\/\/sandzakpress.net\/arhiva\/poginula-dvojica-radnika-na-gradilistu\/#breadcrumb\",\"itemListElement\":[{\"@type\":\"ListItem\",\"position\":1,\"name\":\"Home\",\"item\":\"https:\/\/sandzakpress.net\/arhiva\/\"},{\"@type\":\"ListItem\",\"position\":2,\"name\":\"Poginula dvojica radnika na gradili\u0161tu\"}]},{\"@type\":\"WebSite\",\"@id\":\"https:\/\/sandzakpress.net\/arhiva\/#website\",\"url\":\"https:\/\/sandzakpress.net\/arhiva\/\",\"name\":\"Sand\u017eak PRESS\",\"description\":\"Prve elektronske novine u Sand\u017eaku\",\"publisher\":{\"@id\":\"https:\/\/sandzakpress.net\/arhiva\/#\/schema\/person\/6e72b67d6e51910a1117b3b483ba20bd\"},\"potentialAction\":[{\"@type\":\"SearchAction\",\"target\":{\"@type\":\"EntryPoint\",\"urlTemplate\":\"https:\/\/sandzakpress.net\/arhiva\/?s={search_term_string}\"},\"query-input\":{\"@type\":\"PropertyValueSpecification\",\"valueRequired\":true,\"valueName\":\"search_term_string\"}}],\"inLanguage\":\"bs-BA\"},{\"@type\":[\"Person\",\"Organization\"],\"@id\":\"https:\/\/sandzakpress.net\/arhiva\/#\/schema\/person\/6e72b67d6e51910a1117b3b483ba20bd\",\"name\":\"Kul\",\"image\":{\"@type\":\"ImageObject\",\"inLanguage\":\"bs-BA\",\"@id\":\"https:\/\/sandzakpress.net\/arhiva\/#\/schema\/person\/image\/\",\"url\":\"https:\/\/secure.gravatar.com\/avatar\/42263f39aa27ac04c43cab85c280eb2e?s=96&d=mm&r=pg\",\"contentUrl\":\"https:\/\/secure.gravatar.com\/avatar\/42263f39aa27ac04c43cab85c280eb2e?s=96&d=mm&r=pg\",\"caption\":\"Kul\"},\"logo\":{\"@id\":\"https:\/\/sandzakpress.net\/arhiva\/#\/schema\/person\/image\/\"}},{\"@type\":\"Person\",\"@id\":\"\",\"url\":\"https:\/\/sandzakpress.net\/arhiva\/author\/\"}]}<\/script>\n<!-- \/ Yoast SEO Premium plugin. -->","yoast_head_json":{"title":"Poginula dvojica radnika na gradili\u0161tu","robots":{"index":"index","follow":"follow","max-snippet":"max-snippet:-1","max-image-preview":"max-image-preview:large","max-video-preview":"max-video-preview:-1"},"canonical":"https:\/\/sandzakpress.net\/arhiva\/poginula-dvojica-radnika-na-gradilistu\/","og_locale":"bs_BA","og_type":"article","og_title":"Poginula dvojica radnika na gradili\u0161tu","og_description":"Novi Pazar &#8211; Jedan radnik je poginuo na licu mjesta, a drugi je preminuo u bolnici nakon \u0161to je te\u0161ko povrije\u0111en u nesre\u0107i koja se dogodila danas na gradili\u0161tu kod Kvanta\u0161ke pijace u Novom Pazaru. Prema nezvani\u010dnim informacijama, na licu mjesta poginuo je 55-godi\u0161nji Hajriz B., a u bolnici je preminuo 49-godi\u0161nji Idriz A. U [&hellip;]","og_url":"https:\/\/sandzakpress.net\/arhiva\/poginula-dvojica-radnika-na-gradilistu\/","og_site_name":"Sand\u017eak PRESS","article_published_time":"2011-03-28T21:05:05+00:00","og_image":[{"width":500,"height":237,"url":"https:\/\/sandzakpress.net\/arhiva\/wp-content\/uploads\/2011\/03\/gradiliste_novipazar_001.jpg","type":"image\/jpeg"}],"twitter_card":"summary_large_image","twitter_misc":{"Written by":"","Est. reading time":"1 minuta"},"schema":{"@context":"https:\/\/schema.org","@graph":[{"@type":"Article","@id":"https:\/\/sandzakpress.net\/arhiva\/poginula-dvojica-radnika-na-gradilistu\/#article","isPartOf":{"@id":"https:\/\/sandzakpress.net\/arhiva\/poginula-dvojica-radnika-na-gradilistu\/"},"author":{"name":"","@id":""},"headline":"Poginula dvojica radnika na gradili\u0161tu","datePublished":"2011-03-28T21:05:05+00:00","mainEntityOfPage":{"@id":"https:\/\/sandzakpress.net\/arhiva\/poginula-dvojica-radnika-na-gradilistu\/"},"wordCount":165,"commentCount":5,"publisher":{"@id":"https:\/\/sandzakpress.net\/arhiva\/#\/schema\/person\/6e72b67d6e51910a1117b3b483ba20bd"},"image":{"@id":"https:\/\/sandzakpress.net\/arhiva\/poginula-dvojica-radnika-na-gradilistu\/#primaryimage"},"thumbnailUrl":"https:\/\/sandzakpress.net\/arhiva\/wp-content\/uploads\/2011\/03\/gradiliste_novipazar_001.jpg","articleSection":["Novi Pazar","Hronika"],"inLanguage":"bs-BA","potentialAction":[{"@type":"CommentAction","name":"Comment","target":["https:\/\/sandzakpress.net\/arhiva\/poginula-dvojica-radnika-na-gradilistu\/#respond"]}]},{"@type":"WebPage","@id":"https:\/\/sandzakpress.net\/arhiva\/poginula-dvojica-radnika-na-gradilistu\/","url":"https:\/\/sandzakpress.net\/arhiva\/poginula-dvojica-radnika-na-gradilistu\/","name":"Poginula dvojica radnika na gradili\u0161tu","isPartOf":{"@id":"https:\/\/sandzakpress.net\/arhiva\/#website"},"primaryImageOfPage":{"@id":"https:\/\/sandzakpress.net\/arhiva\/poginula-dvojica-radnika-na-gradilistu\/#primaryimage"},"image":{"@id":"https:\/\/sandzakpress.net\/arhiva\/poginula-dvojica-radnika-na-gradilistu\/#primaryimage"},"thumbnailUrl":"https:\/\/sandzakpress.net\/arhiva\/wp-content\/uploads\/2011\/03\/gradiliste_novipazar_001.jpg","datePublished":"2011-03-28T21:05:05+00:00","breadcrumb":{"@id":"https:\/\/sandzakpress.net\/arhiva\/poginula-dvojica-radnika-na-gradilistu\/#breadcrumb"},"inLanguage":"bs-BA","potentialAction":[{"@type":"ReadAction","target":["https:\/\/sandzakpress.net\/arhiva\/poginula-dvojica-radnika-na-gradilistu\/"]}]},{"@type":"ImageObject","inLanguage":"bs-BA","@id":"https:\/\/sandzakpress.net\/arhiva\/poginula-dvojica-radnika-na-gradilistu\/#primaryimage","url":"https:\/\/sandzakpress.net\/arhiva\/wp-content\/uploads\/2011\/03\/gradiliste_novipazar_001.jpg","contentUrl":"https:\/\/sandzakpress.net\/arhiva\/wp-content\/uploads\/2011\/03\/gradiliste_novipazar_001.jpg","width":500,"height":237},{"@type":"BreadcrumbList","@id":"https:\/\/sandzakpress.net\/arhiva\/poginula-dvojica-radnika-na-gradilistu\/#breadcrumb","itemListElement":[{"@type":"ListItem","position":1,"name":"Home","item":"https:\/\/sandzakpress.net\/arhiva\/"},{"@type":"ListItem","position":2,"name":"Poginula dvojica radnika na gradili\u0161tu"}]},{"@type":"WebSite","@id":"https:\/\/sandzakpress.net\/arhiva\/#website","url":"https:\/\/sandzakpress.net\/arhiva\/","name":"Sand\u017eak PRESS","description":"Prve elektronske novine u Sand\u017eaku","publisher":{"@id":"https:\/\/sandzakpress.net\/arhiva\/#\/schema\/person\/6e72b67d6e51910a1117b3b483ba20bd"},"potentialAction":[{"@type":"SearchAction","target":{"@type":"EntryPoint","urlTemplate":"https:\/\/sandzakpress.net\/arhiva\/?s={search_term_string}"},"query-input":{"@type":"PropertyValueSpecification","valueRequired":true,"valueName":"search_term_string"}}],"inLanguage":"bs-BA"},{"@type":["Person","Organization"],"@id":"https:\/\/sandzakpress.net\/arhiva\/#\/schema\/person\/6e72b67d6e51910a1117b3b483ba20bd","name":"Kul","image":{"@type":"ImageObject","inLanguage":"bs-BA","@id":"https:\/\/sandzakpress.net\/arhiva\/#\/schema\/person\/image\/","url":"https:\/\/secure.gravatar.com\/avatar\/42263f39aa27ac04c43cab85c280eb2e?s=96&d=mm&r=pg","contentUrl":"https:\/\/secure.gravatar.com\/avatar\/42263f39aa27ac04c43cab85c280eb2e?s=96&d=mm&r=pg","caption":"Kul"},"logo":{"@id":"https:\/\/sandzakpress.net\/arhiva\/#\/schema\/person\/image\/"}},{"@type":"Person","@id":"","url":"https:\/\/sandzakpress.net\/arhiva\/author\/"}]}},"_links":{"self":[{"href":"https:\/\/sandzakpress.net\/arhiva\/wp-json\/wp\/v2\/posts\/14314"}],"collection":[{"href":"https:\/\/sandzakpress.net\/arhiva\/wp-json\/wp\/v2\/posts"}],"about":[{"href":"https:\/\/sandzakpress.net\/arhiva\/wp-json\/wp\/v2\/types\/post"}],"author":[{"embeddable":true,"href":"https:\/\/sandzakpress.net\/arhiva\/wp-json\/wp\/v2\/users\/13"}],"replies":[{"embeddable":true,"href":"https:\/\/sandzakpress.net\/arhiva\/wp-json\/wp\/v2\/comments?post=14314"}],"version-history":[{"count":0,"href":"https:\/\/sandzakpress.net\/arhiva\/wp-json\/wp\/v2\/posts\/14314\/revisions"}],"wp:featuredmedia":[{"embeddable":true,"href":"https:\/\/sandzakpress.net\/arhiva\/wp-json\/wp\/v2\/media\/14315"}],"wp:attachment":[{"href":"https:\/\/sandzakpress.net\/arhiva\/wp-json\/wp\/v2\/media?parent=14314"}],"wp:term":[{"taxonomy":"category","embeddable":true,"href":"https:\/\/sandzakpress.net\/arhiva\/wp-json\/wp\/v2\/categories?post=14314"},{"taxonomy":"post_tag","embeddable":true,"href":"https:\/\/sandzakpress.net\/arhiva\/wp-json\/wp\/v2\/tags?post=14314"}],"curies":[{"name":"wp","href":"https:\/\/api.w.org\/{rel}","templated":true}]}}