{"id":14311,"date":"2011-03-28T22:57:52","date_gmt":"2011-03-28T20:57:52","guid":{"rendered":"https:\/\/sandzakpress.net\/arhiva\/?p=14311"},"modified":"2011-03-28T22:57:52","modified_gmt":"2011-03-28T20:57:52","slug":"dzenaza-rah-jusufu-rastoderu-nakon-18-godina","status":"publish","type":"post","link":"https:\/\/sandzakpress.net\/arhiva\/dzenaza-rah-jusufu-rastoderu-nakon-18-godina\/","title":{"rendered":"D\u017eenaza rah. Jusufu Rastoderu nakon 18 godina"},"content":{"rendered":"<p><strong><a href=\"https:\/\/sandzakpress.net\/arhiva\/wp-content\/uploads\/2011\/03\/dzenaza_jusuf_rastoder.jpg\"><img loading=\"lazy\" decoding=\"async\" class=\"alignleft size-medium wp-image-14312\" src=\"https:\/\/sandzakpress.net\/arhiva\/wp-content\/uploads\/2011\/03\/dzenaza_jusuf_rastoder-300x225.jpg\" alt=\"\" width=\"300\" height=\"225\" \/><\/a>Berane &#8211; Rahmetli Jusuf Rastoder je jedan od 19 putnika koje su 1993. godine,  Milan i Sredoje Luki\u0107, vo\u0111e paravojne formacije \u201cOsvjetnici\u201d, oteli iz  voza broj 671, u stanici \u0160trpci blizu Priboja, a zatim ubijeni, ukopan  je 24. 03. 2011. godine, na seoskom mezarju u selu Savin Bor, u  Petnjici.<\/strong><\/p>\n<p>Vi\u0161e od 18 godina trajala je agonija porodice Rastoder. Jusuf  Rastoder je identifikovan nedavno, kada su u jezeru Peru\u0107ac kod Bajine  Baste prona\u0111eni ljudski skeleti iz vremena rata u BiH. Komemorativnoj  sjednici u Domu kulture u Petnjici, pored porodice i rodbine rahmetli  Jusufa, prisustvovao je veliki broj gradjana, kao i predstavnika  politickog i javnog zivota. Komemoraciji i dzenazi rahmetli Jusufa  Rastodera prisustvovala je i visoka delegacija Islamske zajednice u  Srbiji i delegacija Bo\u0161nja\u010dkog nacionalnog vijeca na celu sa  potpredsjednikom Mesihata i direktorom \u201eGazi Isa-beg\u201c medrese  Re\u0161adom-ef. Plojovi\u0107em, a u \u010dijem sastavu su bili predsjednik Izvr\u0161nog  odbora BNV-a, Sami Tandir i predsjednik odbora za za\u0161titu ljudskih prava  i sloboda, prof. dr. Admir Muratovi\u0107.<\/p>\n<p>Re\u0161ad-ef. Plojovi\u0107 se obratio okupljenim vjernicima nakon podne  namaza u dzamiji u Petnjici, ukazav\u0161i na zna\u010daj ovog dana za Bo\u0161njake,  jer je, kako je rekao \u201ckona\u010dno do\u0161ao dan da \u0161ehidi \u0160trbaca, makar to  bilo i sporo, dobiju priliku da budu \u010dasno sahranjeni,\u00a0\u00a0te da im se zna  mezar\u201d. Re\u0161ad-efendija je pozvao vlasti u Beogradu i Podgorici da u\u010dine  sve da istina o ovim zlodjelima \u0161to prije ugleda svjetlost dana,  ponoviv\u0161i obe\u0107anje da Islamska zajednica ne\u0107e odustati dok se ne prona\u0111u  tijela svih ubijenih iz \u0160trbaca i Sjeverina, kao i od otkrivanja  pune\u00a0\u00a0istine o onome sto se dogodilo\u201d.<\/p>\n<p>Izvor:\u00a0<strong>IslamskaZajednica.org<\/strong><\/p>\n","protected":false},"excerpt":{"rendered":"<p>Berane &#8211; Rahmetli Jusuf Rastoder je jedan od 19 putnika koje su 1993. godine, Milan i Sredoje Luki\u0107, vo\u0111e paravojne formacije \u201cOsvjetnici\u201d, oteli iz voza broj 671, u stanici \u0160trpci blizu Priboja, a zatim ubijeni, ukopan je 24. 03. 2011. godine, na seoskom mezarju u selu Savin Bor, u Petnjici. Vi\u0161e od 18 godina trajala [&hellip;]<\/p>\n","protected":false},"author":13,"featured_media":14312,"comment_status":"open","ping_status":"open","sticky":false,"template":"","format":"standard","meta":{"footnotes":""},"categories":[397,5],"tags":[],"class_list":{"0":"post-14311","1":"post","2":"type-post","3":"status-publish","4":"format-standard","5":"has-post-thumbnail","7":"category-berane","8":"category-drustvo"},"yoast_head":"<!-- This site is optimized with the Yoast SEO Premium plugin v23.1 (Yoast SEO v24.9) - https:\/\/yoast.com\/wordpress\/plugins\/seo\/ -->\n<title>D\u017eenaza rah. Jusufu Rastoderu nakon 18 godina<\/title>\n<meta name=\"robots\" content=\"index, follow, max-snippet:-1, max-image-preview:large, max-video-preview:-1\" \/>\n<link rel=\"canonical\" href=\"https:\/\/sandzakpress.net\/arhiva\/dzenaza-rah-jusufu-rastoderu-nakon-18-godina\/\" \/>\n<meta property=\"og:locale\" content=\"bs_BA\" \/>\n<meta property=\"og:type\" content=\"article\" \/>\n<meta property=\"og:title\" content=\"D\u017eenaza rah. Jusufu Rastoderu nakon 18 godina\" \/>\n<meta property=\"og:description\" content=\"Berane &#8211; Rahmetli Jusuf Rastoder je jedan od 19 putnika koje su 1993. godine, Milan i Sredoje Luki\u0107, vo\u0111e paravojne formacije \u201cOsvjetnici\u201d, oteli iz voza broj 671, u stanici \u0160trpci blizu Priboja, a zatim ubijeni, ukopan je 24. 03. 2011. godine, na seoskom mezarju u selu Savin Bor, u Petnjici. Vi\u0161e od 18 godina trajala [&hellip;]\" \/>\n<meta property=\"og:url\" content=\"https:\/\/sandzakpress.net\/arhiva\/dzenaza-rah-jusufu-rastoderu-nakon-18-godina\/\" \/>\n<meta property=\"og:site_name\" content=\"Sand\u017eak PRESS\" \/>\n<meta property=\"article:published_time\" content=\"2011-03-28T20:57:52+00:00\" \/>\n<meta property=\"og:image\" content=\"https:\/\/sandzakpress.net\/arhiva\/wp-content\/uploads\/2011\/03\/dzenaza_jusuf_rastoder.jpg\" \/>\n\t<meta property=\"og:image:width\" content=\"600\" \/>\n\t<meta property=\"og:image:height\" content=\"450\" \/>\n\t<meta property=\"og:image:type\" content=\"image\/jpeg\" \/>\n<meta name=\"twitter:card\" content=\"summary_large_image\" \/>\n<meta name=\"twitter:label1\" content=\"Written by\" \/>\n\t<meta name=\"twitter:data1\" content=\"\" \/>\n\t<meta name=\"twitter:label2\" content=\"Est. reading time\" \/>\n\t<meta name=\"twitter:data2\" content=\"1 minuta\" \/>\n<script type=\"application\/ld+json\" class=\"yoast-schema-graph\">{\"@context\":\"https:\/\/schema.org\",\"@graph\":[{\"@type\":\"Article\",\"@id\":\"https:\/\/sandzakpress.net\/arhiva\/dzenaza-rah-jusufu-rastoderu-nakon-18-godina\/#article\",\"isPartOf\":{\"@id\":\"https:\/\/sandzakpress.net\/arhiva\/dzenaza-rah-jusufu-rastoderu-nakon-18-godina\/\"},\"author\":{\"name\":\"\",\"@id\":\"\"},\"headline\":\"D\u017eenaza rah. Jusufu Rastoderu nakon 18 godina\",\"datePublished\":\"2011-03-28T20:57:52+00:00\",\"mainEntityOfPage\":{\"@id\":\"https:\/\/sandzakpress.net\/arhiva\/dzenaza-rah-jusufu-rastoderu-nakon-18-godina\/\"},\"wordCount\":285,\"commentCount\":3,\"publisher\":{\"@id\":\"https:\/\/sandzakpress.net\/arhiva\/#\/schema\/person\/6e72b67d6e51910a1117b3b483ba20bd\"},\"image\":{\"@id\":\"https:\/\/sandzakpress.net\/arhiva\/dzenaza-rah-jusufu-rastoderu-nakon-18-godina\/#primaryimage\"},\"thumbnailUrl\":\"https:\/\/sandzakpress.net\/arhiva\/wp-content\/uploads\/2011\/03\/dzenaza_jusuf_rastoder.jpg\",\"articleSection\":[\"Berane\",\"Dru\u0161tvo\"],\"inLanguage\":\"bs-BA\",\"potentialAction\":[{\"@type\":\"CommentAction\",\"name\":\"Comment\",\"target\":[\"https:\/\/sandzakpress.net\/arhiva\/dzenaza-rah-jusufu-rastoderu-nakon-18-godina\/#respond\"]}]},{\"@type\":\"WebPage\",\"@id\":\"https:\/\/sandzakpress.net\/arhiva\/dzenaza-rah-jusufu-rastoderu-nakon-18-godina\/\",\"url\":\"https:\/\/sandzakpress.net\/arhiva\/dzenaza-rah-jusufu-rastoderu-nakon-18-godina\/\",\"name\":\"D\u017eenaza rah. Jusufu Rastoderu nakon 18 godina\",\"isPartOf\":{\"@id\":\"https:\/\/sandzakpress.net\/arhiva\/#website\"},\"primaryImageOfPage\":{\"@id\":\"https:\/\/sandzakpress.net\/arhiva\/dzenaza-rah-jusufu-rastoderu-nakon-18-godina\/#primaryimage\"},\"image\":{\"@id\":\"https:\/\/sandzakpress.net\/arhiva\/dzenaza-rah-jusufu-rastoderu-nakon-18-godina\/#primaryimage\"},\"thumbnailUrl\":\"https:\/\/sandzakpress.net\/arhiva\/wp-content\/uploads\/2011\/03\/dzenaza_jusuf_rastoder.jpg\",\"datePublished\":\"2011-03-28T20:57:52+00:00\",\"breadcrumb\":{\"@id\":\"https:\/\/sandzakpress.net\/arhiva\/dzenaza-rah-jusufu-rastoderu-nakon-18-godina\/#breadcrumb\"},\"inLanguage\":\"bs-BA\",\"potentialAction\":[{\"@type\":\"ReadAction\",\"target\":[\"https:\/\/sandzakpress.net\/arhiva\/dzenaza-rah-jusufu-rastoderu-nakon-18-godina\/\"]}]},{\"@type\":\"ImageObject\",\"inLanguage\":\"bs-BA\",\"@id\":\"https:\/\/sandzakpress.net\/arhiva\/dzenaza-rah-jusufu-rastoderu-nakon-18-godina\/#primaryimage\",\"url\":\"https:\/\/sandzakpress.net\/arhiva\/wp-content\/uploads\/2011\/03\/dzenaza_jusuf_rastoder.jpg\",\"contentUrl\":\"https:\/\/sandzakpress.net\/arhiva\/wp-content\/uploads\/2011\/03\/dzenaza_jusuf_rastoder.jpg\",\"width\":600,\"height\":450},{\"@type\":\"BreadcrumbList\",\"@id\":\"https:\/\/sandzakpress.net\/arhiva\/dzenaza-rah-jusufu-rastoderu-nakon-18-godina\/#breadcrumb\",\"itemListElement\":[{\"@type\":\"ListItem\",\"position\":1,\"name\":\"Home\",\"item\":\"https:\/\/sandzakpress.net\/arhiva\/\"},{\"@type\":\"ListItem\",\"position\":2,\"name\":\"D\u017eenaza rah. Jusufu Rastoderu nakon 18 godina\"}]},{\"@type\":\"WebSite\",\"@id\":\"https:\/\/sandzakpress.net\/arhiva\/#website\",\"url\":\"https:\/\/sandzakpress.net\/arhiva\/\",\"name\":\"Sand\u017eak PRESS\",\"description\":\"Prve elektronske novine u Sand\u017eaku\",\"publisher\":{\"@id\":\"https:\/\/sandzakpress.net\/arhiva\/#\/schema\/person\/6e72b67d6e51910a1117b3b483ba20bd\"},\"potentialAction\":[{\"@type\":\"SearchAction\",\"target\":{\"@type\":\"EntryPoint\",\"urlTemplate\":\"https:\/\/sandzakpress.net\/arhiva\/?s={search_term_string}\"},\"query-input\":{\"@type\":\"PropertyValueSpecification\",\"valueRequired\":true,\"valueName\":\"search_term_string\"}}],\"inLanguage\":\"bs-BA\"},{\"@type\":[\"Person\",\"Organization\"],\"@id\":\"https:\/\/sandzakpress.net\/arhiva\/#\/schema\/person\/6e72b67d6e51910a1117b3b483ba20bd\",\"name\":\"Kul\",\"image\":{\"@type\":\"ImageObject\",\"inLanguage\":\"bs-BA\",\"@id\":\"https:\/\/sandzakpress.net\/arhiva\/#\/schema\/person\/image\/\",\"url\":\"https:\/\/secure.gravatar.com\/avatar\/42263f39aa27ac04c43cab85c280eb2e?s=96&d=mm&r=pg\",\"contentUrl\":\"https:\/\/secure.gravatar.com\/avatar\/42263f39aa27ac04c43cab85c280eb2e?s=96&d=mm&r=pg\",\"caption\":\"Kul\"},\"logo\":{\"@id\":\"https:\/\/sandzakpress.net\/arhiva\/#\/schema\/person\/image\/\"}},{\"@type\":\"Person\",\"@id\":\"\",\"url\":\"https:\/\/sandzakpress.net\/arhiva\/author\/\"}]}<\/script>\n<!-- \/ Yoast SEO Premium plugin. -->","yoast_head_json":{"title":"D\u017eenaza rah. Jusufu Rastoderu nakon 18 godina","robots":{"index":"index","follow":"follow","max-snippet":"max-snippet:-1","max-image-preview":"max-image-preview:large","max-video-preview":"max-video-preview:-1"},"canonical":"https:\/\/sandzakpress.net\/arhiva\/dzenaza-rah-jusufu-rastoderu-nakon-18-godina\/","og_locale":"bs_BA","og_type":"article","og_title":"D\u017eenaza rah. Jusufu Rastoderu nakon 18 godina","og_description":"Berane &#8211; Rahmetli Jusuf Rastoder je jedan od 19 putnika koje su 1993. godine, Milan i Sredoje Luki\u0107, vo\u0111e paravojne formacije \u201cOsvjetnici\u201d, oteli iz voza broj 671, u stanici \u0160trpci blizu Priboja, a zatim ubijeni, ukopan je 24. 03. 2011. godine, na seoskom mezarju u selu Savin Bor, u Petnjici. Vi\u0161e od 18 godina trajala [&hellip;]","og_url":"https:\/\/sandzakpress.net\/arhiva\/dzenaza-rah-jusufu-rastoderu-nakon-18-godina\/","og_site_name":"Sand\u017eak PRESS","article_published_time":"2011-03-28T20:57:52+00:00","og_image":[{"width":600,"height":450,"url":"https:\/\/sandzakpress.net\/arhiva\/wp-content\/uploads\/2011\/03\/dzenaza_jusuf_rastoder.jpg","type":"image\/jpeg"}],"twitter_card":"summary_large_image","twitter_misc":{"Written by":"","Est. reading time":"1 minuta"},"schema":{"@context":"https:\/\/schema.org","@graph":[{"@type":"Article","@id":"https:\/\/sandzakpress.net\/arhiva\/dzenaza-rah-jusufu-rastoderu-nakon-18-godina\/#article","isPartOf":{"@id":"https:\/\/sandzakpress.net\/arhiva\/dzenaza-rah-jusufu-rastoderu-nakon-18-godina\/"},"author":{"name":"","@id":""},"headline":"D\u017eenaza rah. Jusufu Rastoderu nakon 18 godina","datePublished":"2011-03-28T20:57:52+00:00","mainEntityOfPage":{"@id":"https:\/\/sandzakpress.net\/arhiva\/dzenaza-rah-jusufu-rastoderu-nakon-18-godina\/"},"wordCount":285,"commentCount":3,"publisher":{"@id":"https:\/\/sandzakpress.net\/arhiva\/#\/schema\/person\/6e72b67d6e51910a1117b3b483ba20bd"},"image":{"@id":"https:\/\/sandzakpress.net\/arhiva\/dzenaza-rah-jusufu-rastoderu-nakon-18-godina\/#primaryimage"},"thumbnailUrl":"https:\/\/sandzakpress.net\/arhiva\/wp-content\/uploads\/2011\/03\/dzenaza_jusuf_rastoder.jpg","articleSection":["Berane","Dru\u0161tvo"],"inLanguage":"bs-BA","potentialAction":[{"@type":"CommentAction","name":"Comment","target":["https:\/\/sandzakpress.net\/arhiva\/dzenaza-rah-jusufu-rastoderu-nakon-18-godina\/#respond"]}]},{"@type":"WebPage","@id":"https:\/\/sandzakpress.net\/arhiva\/dzenaza-rah-jusufu-rastoderu-nakon-18-godina\/","url":"https:\/\/sandzakpress.net\/arhiva\/dzenaza-rah-jusufu-rastoderu-nakon-18-godina\/","name":"D\u017eenaza rah. Jusufu Rastoderu nakon 18 godina","isPartOf":{"@id":"https:\/\/sandzakpress.net\/arhiva\/#website"},"primaryImageOfPage":{"@id":"https:\/\/sandzakpress.net\/arhiva\/dzenaza-rah-jusufu-rastoderu-nakon-18-godina\/#primaryimage"},"image":{"@id":"https:\/\/sandzakpress.net\/arhiva\/dzenaza-rah-jusufu-rastoderu-nakon-18-godina\/#primaryimage"},"thumbnailUrl":"https:\/\/sandzakpress.net\/arhiva\/wp-content\/uploads\/2011\/03\/dzenaza_jusuf_rastoder.jpg","datePublished":"2011-03-28T20:57:52+00:00","breadcrumb":{"@id":"https:\/\/sandzakpress.net\/arhiva\/dzenaza-rah-jusufu-rastoderu-nakon-18-godina\/#breadcrumb"},"inLanguage":"bs-BA","potentialAction":[{"@type":"ReadAction","target":["https:\/\/sandzakpress.net\/arhiva\/dzenaza-rah-jusufu-rastoderu-nakon-18-godina\/"]}]},{"@type":"ImageObject","inLanguage":"bs-BA","@id":"https:\/\/sandzakpress.net\/arhiva\/dzenaza-rah-jusufu-rastoderu-nakon-18-godina\/#primaryimage","url":"https:\/\/sandzakpress.net\/arhiva\/wp-content\/uploads\/2011\/03\/dzenaza_jusuf_rastoder.jpg","contentUrl":"https:\/\/sandzakpress.net\/arhiva\/wp-content\/uploads\/2011\/03\/dzenaza_jusuf_rastoder.jpg","width":600,"height":450},{"@type":"BreadcrumbList","@id":"https:\/\/sandzakpress.net\/arhiva\/dzenaza-rah-jusufu-rastoderu-nakon-18-godina\/#breadcrumb","itemListElement":[{"@type":"ListItem","position":1,"name":"Home","item":"https:\/\/sandzakpress.net\/arhiva\/"},{"@type":"ListItem","position":2,"name":"D\u017eenaza rah. Jusufu Rastoderu nakon 18 godina"}]},{"@type":"WebSite","@id":"https:\/\/sandzakpress.net\/arhiva\/#website","url":"https:\/\/sandzakpress.net\/arhiva\/","name":"Sand\u017eak PRESS","description":"Prve elektronske novine u Sand\u017eaku","publisher":{"@id":"https:\/\/sandzakpress.net\/arhiva\/#\/schema\/person\/6e72b67d6e51910a1117b3b483ba20bd"},"potentialAction":[{"@type":"SearchAction","target":{"@type":"EntryPoint","urlTemplate":"https:\/\/sandzakpress.net\/arhiva\/?s={search_term_string}"},"query-input":{"@type":"PropertyValueSpecification","valueRequired":true,"valueName":"search_term_string"}}],"inLanguage":"bs-BA"},{"@type":["Person","Organization"],"@id":"https:\/\/sandzakpress.net\/arhiva\/#\/schema\/person\/6e72b67d6e51910a1117b3b483ba20bd","name":"Kul","image":{"@type":"ImageObject","inLanguage":"bs-BA","@id":"https:\/\/sandzakpress.net\/arhiva\/#\/schema\/person\/image\/","url":"https:\/\/secure.gravatar.com\/avatar\/42263f39aa27ac04c43cab85c280eb2e?s=96&d=mm&r=pg","contentUrl":"https:\/\/secure.gravatar.com\/avatar\/42263f39aa27ac04c43cab85c280eb2e?s=96&d=mm&r=pg","caption":"Kul"},"logo":{"@id":"https:\/\/sandzakpress.net\/arhiva\/#\/schema\/person\/image\/"}},{"@type":"Person","@id":"","url":"https:\/\/sandzakpress.net\/arhiva\/author\/"}]}},"_links":{"self":[{"href":"https:\/\/sandzakpress.net\/arhiva\/wp-json\/wp\/v2\/posts\/14311"}],"collection":[{"href":"https:\/\/sandzakpress.net\/arhiva\/wp-json\/wp\/v2\/posts"}],"about":[{"href":"https:\/\/sandzakpress.net\/arhiva\/wp-json\/wp\/v2\/types\/post"}],"author":[{"embeddable":true,"href":"https:\/\/sandzakpress.net\/arhiva\/wp-json\/wp\/v2\/users\/13"}],"replies":[{"embeddable":true,"href":"https:\/\/sandzakpress.net\/arhiva\/wp-json\/wp\/v2\/comments?post=14311"}],"version-history":[{"count":0,"href":"https:\/\/sandzakpress.net\/arhiva\/wp-json\/wp\/v2\/posts\/14311\/revisions"}],"wp:featuredmedia":[{"embeddable":true,"href":"https:\/\/sandzakpress.net\/arhiva\/wp-json\/wp\/v2\/media\/14312"}],"wp:attachment":[{"href":"https:\/\/sandzakpress.net\/arhiva\/wp-json\/wp\/v2\/media?parent=14311"}],"wp:term":[{"taxonomy":"category","embeddable":true,"href":"https:\/\/sandzakpress.net\/arhiva\/wp-json\/wp\/v2\/categories?post=14311"},{"taxonomy":"post_tag","embeddable":true,"href":"https:\/\/sandzakpress.net\/arhiva\/wp-json\/wp\/v2\/tags?post=14311"}],"curies":[{"name":"wp","href":"https:\/\/api.w.org\/{rel}","templated":true}]}}