{"id":143060,"date":"2015-10-28T10:02:57","date_gmt":"2015-10-28T09:02:57","guid":{"rendered":"https:\/\/sandzakpress.net\/arhiva\/?p=143060"},"modified":"2015-10-28T15:29:09","modified_gmt":"2015-10-28T14:29:09","slug":"dani-samoopredeljenja-obiljezeni-i-u-prijepolju","status":"publish","type":"post","link":"https:\/\/sandzakpress.net\/arhiva\/dani-samoopredeljenja-obiljezeni-i-u-prijepolju\/","title":{"rendered":"&#8220;Dani samoopredeljenja&#8221; obilje\u017eeni i u Prijepolju"},"content":{"rendered":"<p><img loading=\"lazy\" decoding=\"async\" class=\"aligncenter size-full wp-image-143064\" src=\"https:\/\/sandzakpress.net\/arhiva\/wp-content\/uploads\/2015\/10\/43.jpg\" alt=\"4\" width=\"552\" height=\"368\" \/><\/p>\n<p><strong>Prijepolje &#8211; U ponedeljak 26. oktobra u maloj sali Doma kulture u Prijeplju Bo\u0161nja\u010dko nacionalno vije\u0107e organiziralo je tribina u okviru manifestacije &#8220;Dani samoopredeljenja&#8221;. <\/strong><\/p>\n<p>Na skupu je prikazan film &#8220;Sand\u017eak na\u0161a ku\u0107a&#8221; nakon \u010dega se prisutnima se obratio predsjednik Bo\u0161nja\u010dkog nacionalnog vije\u0107a,\u00a0koji je pred skromnim brojem prisutnih\u00a0govorio o zna\u010daju Vije\u0107a\u00a0kao i o referendumu koji se odr\u017eao 1991. godine.<\/p>\n<p>\u00a0Podsje\u0107amo da je SDA\u00a0na vlasti u Prijepolju u koaliciju sa SDP-om.<\/p>\n<p><img loading=\"lazy\" decoding=\"async\" class=\"aligncenter size-full wp-image-143061\" src=\"https:\/\/sandzakpress.net\/arhiva\/wp-content\/uploads\/2015\/10\/113.jpg\" alt=\"1\" width=\"552\" height=\"368\" \/> <img loading=\"lazy\" decoding=\"async\" class=\"aligncenter size-full wp-image-143062\" src=\"https:\/\/sandzakpress.net\/arhiva\/wp-content\/uploads\/2015\/10\/26.jpg\" alt=\"2\" width=\"552\" height=\"368\" \/><\/p>\n<p>&nbsp;<\/p>\n","protected":false},"excerpt":{"rendered":"<p>Prijepolje &#8211; U ponedeljak 26. oktobra u maloj sali Doma kulture u Prijeplju Bo\u0161nja\u010dko nacionalno vije\u0107e organiziralo je tribina u okviru manifestacije &#8220;Dani samoopredeljenja&#8221;. Na skupu je prikazan film &#8220;Sand\u017eak na\u0161a ku\u0107a&#8221; nakon \u010dega se prisutnima se obratio predsjednik Bo\u0161nja\u010dkog nacionalnog vije\u0107a,\u00a0koji je pred skromnim brojem prisutnih\u00a0govorio o zna\u010daju Vije\u0107a\u00a0kao i o referendumu koji se [&hellip;]<\/p>\n","protected":false},"author":83,"featured_media":143064,"comment_status":"open","ping_status":"open","sticky":false,"template":"","format":"standard","meta":{"footnotes":""},"categories":[1,392,8957],"tags":[],"class_list":{"0":"post-143060","1":"post","2":"type-post","3":"status-publish","4":"format-standard","5":"has-post-thumbnail","7":"category-politika","8":"category-prijepolje_","9":"category-vijesti-dana"},"yoast_head":"<!-- This site is optimized with the Yoast SEO Premium plugin v23.1 (Yoast SEO v24.9) - https:\/\/yoast.com\/wordpress\/plugins\/seo\/ -->\n<title>&quot;Dani samoopredeljenja&quot; obilje\u017eeni i u Prijepolju<\/title>\n<meta name=\"robots\" content=\"index, follow, max-snippet:-1, max-image-preview:large, max-video-preview:-1\" \/>\n<link rel=\"canonical\" href=\"https:\/\/sandzakpress.net\/arhiva\/dani-samoopredeljenja-obiljezeni-i-u-prijepolju\/\" \/>\n<meta property=\"og:locale\" content=\"bs_BA\" \/>\n<meta property=\"og:type\" content=\"article\" \/>\n<meta property=\"og:title\" content=\"&quot;Dani samoopredeljenja&quot; obilje\u017eeni i u Prijepolju\" \/>\n<meta property=\"og:description\" content=\"Prijepolje &#8211; U ponedeljak 26. oktobra u maloj sali Doma kulture u Prijeplju Bo\u0161nja\u010dko nacionalno vije\u0107e organiziralo je tribina u okviru manifestacije &#8220;Dani samoopredeljenja&#8221;. Na skupu je prikazan film &#8220;Sand\u017eak na\u0161a ku\u0107a&#8221; nakon \u010dega se prisutnima se obratio predsjednik Bo\u0161nja\u010dkog nacionalnog vije\u0107a,\u00a0koji je pred skromnim brojem prisutnih\u00a0govorio o zna\u010daju Vije\u0107a\u00a0kao i o referendumu koji se [&hellip;]\" \/>\n<meta property=\"og:url\" content=\"https:\/\/sandzakpress.net\/arhiva\/dani-samoopredeljenja-obiljezeni-i-u-prijepolju\/\" \/>\n<meta property=\"og:site_name\" content=\"Sand\u017eak PRESS\" \/>\n<meta property=\"article:published_time\" content=\"2015-10-28T09:02:57+00:00\" \/>\n<meta property=\"article:modified_time\" content=\"2015-10-28T14:29:09+00:00\" \/>\n<meta property=\"og:image\" content=\"https:\/\/sandzakpress.net\/arhiva\/wp-content\/uploads\/2015\/10\/43.jpg\" \/>\n\t<meta property=\"og:image:width\" content=\"552\" \/>\n\t<meta property=\"og:image:height\" content=\"368\" \/>\n\t<meta property=\"og:image:type\" content=\"image\/jpeg\" \/>\n<meta name=\"author\" content=\"bosniak\" \/>\n<meta name=\"twitter:card\" content=\"summary_large_image\" \/>\n<meta name=\"twitter:label1\" content=\"Written by\" \/>\n\t<meta name=\"twitter:data1\" content=\"bosniak\" \/>\n<script type=\"application\/ld+json\" class=\"yoast-schema-graph\">{\"@context\":\"https:\/\/schema.org\",\"@graph\":[{\"@type\":\"Article\",\"@id\":\"https:\/\/sandzakpress.net\/arhiva\/dani-samoopredeljenja-obiljezeni-i-u-prijepolju\/#article\",\"isPartOf\":{\"@id\":\"https:\/\/sandzakpress.net\/arhiva\/dani-samoopredeljenja-obiljezeni-i-u-prijepolju\/\"},\"author\":{\"name\":\"bosniak\",\"@id\":\"https:\/\/sandzakpress.net\/arhiva\/#\/schema\/person\/c8baee722073534b583ea7bdb2e36c02\"},\"headline\":\"&#8220;Dani samoopredeljenja&#8221; obilje\u017eeni i u Prijepolju\",\"datePublished\":\"2015-10-28T09:02:57+00:00\",\"dateModified\":\"2015-10-28T14:29:09+00:00\",\"mainEntityOfPage\":{\"@id\":\"https:\/\/sandzakpress.net\/arhiva\/dani-samoopredeljenja-obiljezeni-i-u-prijepolju\/\"},\"wordCount\":92,\"commentCount\":26,\"publisher\":{\"@id\":\"https:\/\/sandzakpress.net\/arhiva\/#\/schema\/person\/6e72b67d6e51910a1117b3b483ba20bd\"},\"image\":{\"@id\":\"https:\/\/sandzakpress.net\/arhiva\/dani-samoopredeljenja-obiljezeni-i-u-prijepolju\/#primaryimage\"},\"thumbnailUrl\":\"https:\/\/sandzakpress.net\/arhiva\/wp-content\/uploads\/2015\/10\/43.jpg\",\"articleSection\":[\"Politika\",\"Prijepolje\",\"VIJESTI DANA\"],\"inLanguage\":\"bs-BA\",\"potentialAction\":[{\"@type\":\"CommentAction\",\"name\":\"Comment\",\"target\":[\"https:\/\/sandzakpress.net\/arhiva\/dani-samoopredeljenja-obiljezeni-i-u-prijepolju\/#respond\"]}]},{\"@type\":\"WebPage\",\"@id\":\"https:\/\/sandzakpress.net\/arhiva\/dani-samoopredeljenja-obiljezeni-i-u-prijepolju\/\",\"url\":\"https:\/\/sandzakpress.net\/arhiva\/dani-samoopredeljenja-obiljezeni-i-u-prijepolju\/\",\"name\":\"\\\"Dani samoopredeljenja\\\" obilje\u017eeni i u Prijepolju\",\"isPartOf\":{\"@id\":\"https:\/\/sandzakpress.net\/arhiva\/#website\"},\"primaryImageOfPage\":{\"@id\":\"https:\/\/sandzakpress.net\/arhiva\/dani-samoopredeljenja-obiljezeni-i-u-prijepolju\/#primaryimage\"},\"image\":{\"@id\":\"https:\/\/sandzakpress.net\/arhiva\/dani-samoopredeljenja-obiljezeni-i-u-prijepolju\/#primaryimage\"},\"thumbnailUrl\":\"https:\/\/sandzakpress.net\/arhiva\/wp-content\/uploads\/2015\/10\/43.jpg\",\"datePublished\":\"2015-10-28T09:02:57+00:00\",\"dateModified\":\"2015-10-28T14:29:09+00:00\",\"breadcrumb\":{\"@id\":\"https:\/\/sandzakpress.net\/arhiva\/dani-samoopredeljenja-obiljezeni-i-u-prijepolju\/#breadcrumb\"},\"inLanguage\":\"bs-BA\",\"potentialAction\":[{\"@type\":\"ReadAction\",\"target\":[\"https:\/\/sandzakpress.net\/arhiva\/dani-samoopredeljenja-obiljezeni-i-u-prijepolju\/\"]}]},{\"@type\":\"ImageObject\",\"inLanguage\":\"bs-BA\",\"@id\":\"https:\/\/sandzakpress.net\/arhiva\/dani-samoopredeljenja-obiljezeni-i-u-prijepolju\/#primaryimage\",\"url\":\"https:\/\/sandzakpress.net\/arhiva\/wp-content\/uploads\/2015\/10\/43.jpg\",\"contentUrl\":\"https:\/\/sandzakpress.net\/arhiva\/wp-content\/uploads\/2015\/10\/43.jpg\",\"width\":552,\"height\":368},{\"@type\":\"BreadcrumbList\",\"@id\":\"https:\/\/sandzakpress.net\/arhiva\/dani-samoopredeljenja-obiljezeni-i-u-prijepolju\/#breadcrumb\",\"itemListElement\":[{\"@type\":\"ListItem\",\"position\":1,\"name\":\"Home\",\"item\":\"https:\/\/sandzakpress.net\/arhiva\/\"},{\"@type\":\"ListItem\",\"position\":2,\"name\":\"&#8220;Dani samoopredeljenja&#8221; obilje\u017eeni i u Prijepolju\"}]},{\"@type\":\"WebSite\",\"@id\":\"https:\/\/sandzakpress.net\/arhiva\/#website\",\"url\":\"https:\/\/sandzakpress.net\/arhiva\/\",\"name\":\"Sand\u017eak PRESS\",\"description\":\"Prve elektronske novine u Sand\u017eaku\",\"publisher\":{\"@id\":\"https:\/\/sandzakpress.net\/arhiva\/#\/schema\/person\/6e72b67d6e51910a1117b3b483ba20bd\"},\"potentialAction\":[{\"@type\":\"SearchAction\",\"target\":{\"@type\":\"EntryPoint\",\"urlTemplate\":\"https:\/\/sandzakpress.net\/arhiva\/?s={search_term_string}\"},\"query-input\":{\"@type\":\"PropertyValueSpecification\",\"valueRequired\":true,\"valueName\":\"search_term_string\"}}],\"inLanguage\":\"bs-BA\"},{\"@type\":[\"Person\",\"Organization\"],\"@id\":\"https:\/\/sandzakpress.net\/arhiva\/#\/schema\/person\/6e72b67d6e51910a1117b3b483ba20bd\",\"name\":\"Kul\",\"image\":{\"@type\":\"ImageObject\",\"inLanguage\":\"bs-BA\",\"@id\":\"https:\/\/sandzakpress.net\/arhiva\/#\/schema\/person\/image\/\",\"url\":\"https:\/\/secure.gravatar.com\/avatar\/42263f39aa27ac04c43cab85c280eb2e?s=96&d=mm&r=pg\",\"contentUrl\":\"https:\/\/secure.gravatar.com\/avatar\/42263f39aa27ac04c43cab85c280eb2e?s=96&d=mm&r=pg\",\"caption\":\"Kul\"},\"logo\":{\"@id\":\"https:\/\/sandzakpress.net\/arhiva\/#\/schema\/person\/image\/\"}},{\"@type\":\"Person\",\"@id\":\"https:\/\/sandzakpress.net\/arhiva\/#\/schema\/person\/c8baee722073534b583ea7bdb2e36c02\",\"name\":\"bosniak\",\"image\":{\"@type\":\"ImageObject\",\"inLanguage\":\"bs-BA\",\"@id\":\"https:\/\/sandzakpress.net\/arhiva\/#\/schema\/person\/image\/\",\"url\":\"https:\/\/secure.gravatar.com\/avatar\/a04fd330bfe3a36a72a0ad4a6d89fca7?s=96&d=mm&r=pg\",\"contentUrl\":\"https:\/\/secure.gravatar.com\/avatar\/a04fd330bfe3a36a72a0ad4a6d89fca7?s=96&d=mm&r=pg\",\"caption\":\"bosniak\"},\"url\":\"https:\/\/sandzakpress.net\/arhiva\/author\/bosniak\/\"}]}<\/script>\n<!-- \/ Yoast SEO Premium plugin. -->","yoast_head_json":{"title":"\"Dani samoopredeljenja\" obilje\u017eeni i u Prijepolju","robots":{"index":"index","follow":"follow","max-snippet":"max-snippet:-1","max-image-preview":"max-image-preview:large","max-video-preview":"max-video-preview:-1"},"canonical":"https:\/\/sandzakpress.net\/arhiva\/dani-samoopredeljenja-obiljezeni-i-u-prijepolju\/","og_locale":"bs_BA","og_type":"article","og_title":"\"Dani samoopredeljenja\" obilje\u017eeni i u Prijepolju","og_description":"Prijepolje &#8211; U ponedeljak 26. oktobra u maloj sali Doma kulture u Prijeplju Bo\u0161nja\u010dko nacionalno vije\u0107e organiziralo je tribina u okviru manifestacije &#8220;Dani samoopredeljenja&#8221;. Na skupu je prikazan film &#8220;Sand\u017eak na\u0161a ku\u0107a&#8221; nakon \u010dega se prisutnima se obratio predsjednik Bo\u0161nja\u010dkog nacionalnog vije\u0107a,\u00a0koji je pred skromnim brojem prisutnih\u00a0govorio o zna\u010daju Vije\u0107a\u00a0kao i o referendumu koji se [&hellip;]","og_url":"https:\/\/sandzakpress.net\/arhiva\/dani-samoopredeljenja-obiljezeni-i-u-prijepolju\/","og_site_name":"Sand\u017eak PRESS","article_published_time":"2015-10-28T09:02:57+00:00","article_modified_time":"2015-10-28T14:29:09+00:00","og_image":[{"width":552,"height":368,"url":"https:\/\/sandzakpress.net\/arhiva\/wp-content\/uploads\/2015\/10\/43.jpg","type":"image\/jpeg"}],"author":"bosniak","twitter_card":"summary_large_image","twitter_misc":{"Written by":"bosniak"},"schema":{"@context":"https:\/\/schema.org","@graph":[{"@type":"Article","@id":"https:\/\/sandzakpress.net\/arhiva\/dani-samoopredeljenja-obiljezeni-i-u-prijepolju\/#article","isPartOf":{"@id":"https:\/\/sandzakpress.net\/arhiva\/dani-samoopredeljenja-obiljezeni-i-u-prijepolju\/"},"author":{"name":"bosniak","@id":"https:\/\/sandzakpress.net\/arhiva\/#\/schema\/person\/c8baee722073534b583ea7bdb2e36c02"},"headline":"&#8220;Dani samoopredeljenja&#8221; obilje\u017eeni i u Prijepolju","datePublished":"2015-10-28T09:02:57+00:00","dateModified":"2015-10-28T14:29:09+00:00","mainEntityOfPage":{"@id":"https:\/\/sandzakpress.net\/arhiva\/dani-samoopredeljenja-obiljezeni-i-u-prijepolju\/"},"wordCount":92,"commentCount":26,"publisher":{"@id":"https:\/\/sandzakpress.net\/arhiva\/#\/schema\/person\/6e72b67d6e51910a1117b3b483ba20bd"},"image":{"@id":"https:\/\/sandzakpress.net\/arhiva\/dani-samoopredeljenja-obiljezeni-i-u-prijepolju\/#primaryimage"},"thumbnailUrl":"https:\/\/sandzakpress.net\/arhiva\/wp-content\/uploads\/2015\/10\/43.jpg","articleSection":["Politika","Prijepolje","VIJESTI DANA"],"inLanguage":"bs-BA","potentialAction":[{"@type":"CommentAction","name":"Comment","target":["https:\/\/sandzakpress.net\/arhiva\/dani-samoopredeljenja-obiljezeni-i-u-prijepolju\/#respond"]}]},{"@type":"WebPage","@id":"https:\/\/sandzakpress.net\/arhiva\/dani-samoopredeljenja-obiljezeni-i-u-prijepolju\/","url":"https:\/\/sandzakpress.net\/arhiva\/dani-samoopredeljenja-obiljezeni-i-u-prijepolju\/","name":"\"Dani samoopredeljenja\" obilje\u017eeni i u Prijepolju","isPartOf":{"@id":"https:\/\/sandzakpress.net\/arhiva\/#website"},"primaryImageOfPage":{"@id":"https:\/\/sandzakpress.net\/arhiva\/dani-samoopredeljenja-obiljezeni-i-u-prijepolju\/#primaryimage"},"image":{"@id":"https:\/\/sandzakpress.net\/arhiva\/dani-samoopredeljenja-obiljezeni-i-u-prijepolju\/#primaryimage"},"thumbnailUrl":"https:\/\/sandzakpress.net\/arhiva\/wp-content\/uploads\/2015\/10\/43.jpg","datePublished":"2015-10-28T09:02:57+00:00","dateModified":"2015-10-28T14:29:09+00:00","breadcrumb":{"@id":"https:\/\/sandzakpress.net\/arhiva\/dani-samoopredeljenja-obiljezeni-i-u-prijepolju\/#breadcrumb"},"inLanguage":"bs-BA","potentialAction":[{"@type":"ReadAction","target":["https:\/\/sandzakpress.net\/arhiva\/dani-samoopredeljenja-obiljezeni-i-u-prijepolju\/"]}]},{"@type":"ImageObject","inLanguage":"bs-BA","@id":"https:\/\/sandzakpress.net\/arhiva\/dani-samoopredeljenja-obiljezeni-i-u-prijepolju\/#primaryimage","url":"https:\/\/sandzakpress.net\/arhiva\/wp-content\/uploads\/2015\/10\/43.jpg","contentUrl":"https:\/\/sandzakpress.net\/arhiva\/wp-content\/uploads\/2015\/10\/43.jpg","width":552,"height":368},{"@type":"BreadcrumbList","@id":"https:\/\/sandzakpress.net\/arhiva\/dani-samoopredeljenja-obiljezeni-i-u-prijepolju\/#breadcrumb","itemListElement":[{"@type":"ListItem","position":1,"name":"Home","item":"https:\/\/sandzakpress.net\/arhiva\/"},{"@type":"ListItem","position":2,"name":"&#8220;Dani samoopredeljenja&#8221; obilje\u017eeni i u Prijepolju"}]},{"@type":"WebSite","@id":"https:\/\/sandzakpress.net\/arhiva\/#website","url":"https:\/\/sandzakpress.net\/arhiva\/","name":"Sand\u017eak PRESS","description":"Prve elektronske novine u Sand\u017eaku","publisher":{"@id":"https:\/\/sandzakpress.net\/arhiva\/#\/schema\/person\/6e72b67d6e51910a1117b3b483ba20bd"},"potentialAction":[{"@type":"SearchAction","target":{"@type":"EntryPoint","urlTemplate":"https:\/\/sandzakpress.net\/arhiva\/?s={search_term_string}"},"query-input":{"@type":"PropertyValueSpecification","valueRequired":true,"valueName":"search_term_string"}}],"inLanguage":"bs-BA"},{"@type":["Person","Organization"],"@id":"https:\/\/sandzakpress.net\/arhiva\/#\/schema\/person\/6e72b67d6e51910a1117b3b483ba20bd","name":"Kul","image":{"@type":"ImageObject","inLanguage":"bs-BA","@id":"https:\/\/sandzakpress.net\/arhiva\/#\/schema\/person\/image\/","url":"https:\/\/secure.gravatar.com\/avatar\/42263f39aa27ac04c43cab85c280eb2e?s=96&d=mm&r=pg","contentUrl":"https:\/\/secure.gravatar.com\/avatar\/42263f39aa27ac04c43cab85c280eb2e?s=96&d=mm&r=pg","caption":"Kul"},"logo":{"@id":"https:\/\/sandzakpress.net\/arhiva\/#\/schema\/person\/image\/"}},{"@type":"Person","@id":"https:\/\/sandzakpress.net\/arhiva\/#\/schema\/person\/c8baee722073534b583ea7bdb2e36c02","name":"bosniak","image":{"@type":"ImageObject","inLanguage":"bs-BA","@id":"https:\/\/sandzakpress.net\/arhiva\/#\/schema\/person\/image\/","url":"https:\/\/secure.gravatar.com\/avatar\/a04fd330bfe3a36a72a0ad4a6d89fca7?s=96&d=mm&r=pg","contentUrl":"https:\/\/secure.gravatar.com\/avatar\/a04fd330bfe3a36a72a0ad4a6d89fca7?s=96&d=mm&r=pg","caption":"bosniak"},"url":"https:\/\/sandzakpress.net\/arhiva\/author\/bosniak\/"}]}},"_links":{"self":[{"href":"https:\/\/sandzakpress.net\/arhiva\/wp-json\/wp\/v2\/posts\/143060"}],"collection":[{"href":"https:\/\/sandzakpress.net\/arhiva\/wp-json\/wp\/v2\/posts"}],"about":[{"href":"https:\/\/sandzakpress.net\/arhiva\/wp-json\/wp\/v2\/types\/post"}],"author":[{"embeddable":true,"href":"https:\/\/sandzakpress.net\/arhiva\/wp-json\/wp\/v2\/users\/83"}],"replies":[{"embeddable":true,"href":"https:\/\/sandzakpress.net\/arhiva\/wp-json\/wp\/v2\/comments?post=143060"}],"version-history":[{"count":0,"href":"https:\/\/sandzakpress.net\/arhiva\/wp-json\/wp\/v2\/posts\/143060\/revisions"}],"wp:featuredmedia":[{"embeddable":true,"href":"https:\/\/sandzakpress.net\/arhiva\/wp-json\/wp\/v2\/media\/143064"}],"wp:attachment":[{"href":"https:\/\/sandzakpress.net\/arhiva\/wp-json\/wp\/v2\/media?parent=143060"}],"wp:term":[{"taxonomy":"category","embeddable":true,"href":"https:\/\/sandzakpress.net\/arhiva\/wp-json\/wp\/v2\/categories?post=143060"},{"taxonomy":"post_tag","embeddable":true,"href":"https:\/\/sandzakpress.net\/arhiva\/wp-json\/wp\/v2\/tags?post=143060"}],"curies":[{"name":"wp","href":"https:\/\/api.w.org\/{rel}","templated":true}]}}