{"id":142672,"date":"2015-10-25T15:05:43","date_gmt":"2015-10-25T14:05:43","guid":{"rendered":"https:\/\/sandzakpress.net\/arhiva\/ibrahimovic-u-zivotu-samo-zalim-sto-nikada-nisam-obukao-dres-reprezentacije-bosne-i-hercegovine"},"modified":"2015-10-26T13:25:02","modified_gmt":"2015-10-26T12:25:02","slug":"ibrahimovic-u-zivotu-samo-zalim-sto-nikada-nisam-obukao-dres-reprezentacije-bosne-i-hercegovine","status":"publish","type":"post","link":"https:\/\/sandzakpress.net\/arhiva\/ibrahimovic-u-zivotu-samo-zalim-sto-nikada-nisam-obukao-dres-reprezentacije-bosne-i-hercegovine\/","title":{"rendered":"Ibrahimovi\u0107: U \u017eivotu samo \u017ealim \u0161to nikada nisam obukao dres reprezentacije Bosne i Hercegovine"},"content":{"rendered":"<p><img loading=\"lazy\" decoding=\"async\" class=\"\" src=\"http:\/\/www.cazin.net\/images\/made\/images\/remote\/http_s3-us-west-1.amazonaws.com\/s3cazinnet\/2015\/10\/7362e4940f8e395e3c1a04de27de4016\/b510e750fde512f056b6b613bbb84f86_XL_680_459_s_c1.jpg\" alt=\"Ibrahimovi\u0107: U \u017eivotu samo \u017ealim \u0161to nikada nisam obukao dres reprezentacije Bosne i Hercegovine\" width=\"600\" height=\"405\" \/><\/p>\n<p><strong>\u0160vedska \u2013 Dobro je poznato kako je jedan od najboljih napada\u010da svih vremena Zlatan Ibrahimovi\u0107 na po\u010detku svoje karijere trebao umjesto dresa \u0160vedske da obu\u010de dres Bosne i Hercegovine.<\/strong><\/p>\n<p>Do toga na\u017ealost po Zmajeve nije do\u0161lo, a krivci se trebaju tra\u017eiti u tada\u0161njem vodstvu na\u0161eg nogometa.<\/p>\n<p>Ipak, popularni Ibra je u svojoj biografiji koja je napravila bum na svjetskom tr\u017ei\u0161tu objavio i nekoliko zanimljivih re\u010denica, a ti\u010du se zemlje odakle je porijeklom, a to je Bosna i Hercegovina.<\/p>\n<p>Naime, Ibrahimovi\u0107 je napisao:<\/p>\n<p>\u201cU mojoj karijeri mi je samo zbog jednog \u017eao, a to je \u0161to nikada nisam obukao dres Bosne i Hercegovine\u201d.<\/p>\n<p>I mi ka\u017eemo velika \u0161teta\u2026 jer da je zaigrao ko bi nam bio ravan u svjetskom nogometu. Tandem Ibrahimovi\u0107 i D\u017eeko\u2026 stra\u0161no zvu\u010di\u2026<\/p>\n<p>Ovako samo mo\u017eemo re\u0107i: \u0160teta\u2026<\/p>\n<p>&nbsp;<\/p>\n<p>SportPrimus\/cazin.net<\/p>\n<p>Pogledajte vijest na izvornom sajtu:<\/p>\n<p><a href=\"http:\/\/bosnapress.net\/ibrahimovic-u-zivotu-samo-zalim-sto-nikada-nisam-obukao-dres-reprezentacije-bosne-i-hercegovine\/\" target=\"_blank\">Ibrahimovi\u0107: U \u017eivotu samo \u017ealim \u0161to nikada nisam obukao dres reprezentacije Bosne i Hercegovine<\/a><\/p>\n","protected":false},"excerpt":{"rendered":"<p>\u0160vedska \u2013 Dobro je poznato kako je jedan od najboljih napada\u010da svih vremena Zlatan Ibrahimovi\u0107 na po\u010detku svoje karijere trebao umjesto dresa \u0160vedske da obu\u010de dres Bosne i Hercegovine. Do toga na\u017ealost po Zmajeve nije do\u0161lo, a krivci se trebaju tra\u017eiti u tada\u0161njem vodstvu na\u0161eg nogometa. Ipak, popularni Ibra je u svojoj biografiji koja je [&hellip;]<\/p>\n","protected":false},"author":83,"featured_media":142674,"comment_status":"open","ping_status":"open","sticky":false,"template":"","format":"standard","meta":{"footnotes":""},"categories":[10513,8957],"tags":[10466],"class_list":{"0":"post-142672","1":"post","2":"type-post","3":"status-publish","4":"format-standard","5":"has-post-thumbnail","7":"category-bosna-press","8":"category-vijesti-dana","9":"tag-bosna-i-hercegovina"},"yoast_head":"<!-- This site is optimized with the Yoast SEO Premium plugin v23.1 (Yoast SEO v24.9) - https:\/\/yoast.com\/wordpress\/plugins\/seo\/ -->\n<title>Ibrahimovi\u0107: U \u017eivotu samo \u017ealim \u0161to nikada nisam obukao dres reprezentacije Bosne i Hercegovine<\/title>\n<meta name=\"robots\" content=\"index, follow, max-snippet:-1, max-image-preview:large, max-video-preview:-1\" \/>\n<link rel=\"canonical\" href=\"https:\/\/sandzakpress.net\/arhiva\/ibrahimovic-u-zivotu-samo-zalim-sto-nikada-nisam-obukao-dres-reprezentacije-bosne-i-hercegovine\/\" \/>\n<meta property=\"og:locale\" content=\"bs_BA\" \/>\n<meta property=\"og:type\" content=\"article\" \/>\n<meta property=\"og:title\" content=\"Ibrahimovi\u0107: U \u017eivotu samo \u017ealim \u0161to nikada nisam obukao dres reprezentacije Bosne i Hercegovine\" \/>\n<meta property=\"og:description\" content=\"\u0160vedska \u2013 Dobro je poznato kako je jedan od najboljih napada\u010da svih vremena Zlatan Ibrahimovi\u0107 na po\u010detku svoje karijere trebao umjesto dresa \u0160vedske da obu\u010de dres Bosne i Hercegovine. Do toga na\u017ealost po Zmajeve nije do\u0161lo, a krivci se trebaju tra\u017eiti u tada\u0161njem vodstvu na\u0161eg nogometa. Ipak, popularni Ibra je u svojoj biografiji koja je [&hellip;]\" \/>\n<meta property=\"og:url\" content=\"https:\/\/sandzakpress.net\/arhiva\/ibrahimovic-u-zivotu-samo-zalim-sto-nikada-nisam-obukao-dres-reprezentacije-bosne-i-hercegovine\/\" \/>\n<meta property=\"og:site_name\" content=\"Sand\u017eak PRESS\" \/>\n<meta property=\"article:published_time\" content=\"2015-10-25T14:05:43+00:00\" \/>\n<meta property=\"article:modified_time\" content=\"2015-10-26T12:25:02+00:00\" \/>\n<meta property=\"og:image\" content=\"https:\/\/sandzakpress.net\/arhiva\/wp-content\/uploads\/2015\/10\/b510e750fde512f056b6b613bbb84f86_XL_680_459_s_c11.jpg\" \/>\n\t<meta property=\"og:image:width\" content=\"680\" \/>\n\t<meta property=\"og:image:height\" content=\"459\" \/>\n\t<meta property=\"og:image:type\" content=\"image\/jpeg\" \/>\n<meta name=\"author\" content=\"bosniak\" \/>\n<meta name=\"twitter:card\" content=\"summary_large_image\" \/>\n<meta name=\"twitter:label1\" content=\"Written by\" \/>\n\t<meta name=\"twitter:data1\" content=\"bosniak\" \/>\n\t<meta name=\"twitter:label2\" content=\"Est. reading time\" \/>\n\t<meta name=\"twitter:data2\" content=\"1 minuta\" \/>\n<script type=\"application\/ld+json\" class=\"yoast-schema-graph\">{\"@context\":\"https:\/\/schema.org\",\"@graph\":[{\"@type\":\"Article\",\"@id\":\"https:\/\/sandzakpress.net\/arhiva\/ibrahimovic-u-zivotu-samo-zalim-sto-nikada-nisam-obukao-dres-reprezentacije-bosne-i-hercegovine\/#article\",\"isPartOf\":{\"@id\":\"https:\/\/sandzakpress.net\/arhiva\/ibrahimovic-u-zivotu-samo-zalim-sto-nikada-nisam-obukao-dres-reprezentacije-bosne-i-hercegovine\/\"},\"author\":{\"name\":\"bosniak\",\"@id\":\"https:\/\/sandzakpress.net\/arhiva\/#\/schema\/person\/c8baee722073534b583ea7bdb2e36c02\"},\"headline\":\"Ibrahimovi\u0107: U \u017eivotu samo \u017ealim \u0161to nikada nisam obukao dres reprezentacije Bosne i Hercegovine\",\"datePublished\":\"2015-10-25T14:05:43+00:00\",\"dateModified\":\"2015-10-26T12:25:02+00:00\",\"mainEntityOfPage\":{\"@id\":\"https:\/\/sandzakpress.net\/arhiva\/ibrahimovic-u-zivotu-samo-zalim-sto-nikada-nisam-obukao-dres-reprezentacije-bosne-i-hercegovine\/\"},\"wordCount\":184,\"commentCount\":14,\"publisher\":{\"@id\":\"https:\/\/sandzakpress.net\/arhiva\/#\/schema\/person\/6e72b67d6e51910a1117b3b483ba20bd\"},\"image\":{\"@id\":\"https:\/\/sandzakpress.net\/arhiva\/ibrahimovic-u-zivotu-samo-zalim-sto-nikada-nisam-obukao-dres-reprezentacije-bosne-i-hercegovine\/#primaryimage\"},\"thumbnailUrl\":\"https:\/\/sandzakpress.net\/arhiva\/wp-content\/uploads\/2015\/10\/b510e750fde512f056b6b613bbb84f86_XL_680_459_s_c11.jpg\",\"keywords\":[\"Bosna i Hercegovina\"],\"articleSection\":[\"Bosna PRESS\",\"VIJESTI DANA\"],\"inLanguage\":\"bs-BA\",\"potentialAction\":[{\"@type\":\"CommentAction\",\"name\":\"Comment\",\"target\":[\"https:\/\/sandzakpress.net\/arhiva\/ibrahimovic-u-zivotu-samo-zalim-sto-nikada-nisam-obukao-dres-reprezentacije-bosne-i-hercegovine\/#respond\"]}]},{\"@type\":\"WebPage\",\"@id\":\"https:\/\/sandzakpress.net\/arhiva\/ibrahimovic-u-zivotu-samo-zalim-sto-nikada-nisam-obukao-dres-reprezentacije-bosne-i-hercegovine\/\",\"url\":\"https:\/\/sandzakpress.net\/arhiva\/ibrahimovic-u-zivotu-samo-zalim-sto-nikada-nisam-obukao-dres-reprezentacije-bosne-i-hercegovine\/\",\"name\":\"Ibrahimovi\u0107: U \u017eivotu samo \u017ealim \u0161to nikada nisam obukao dres reprezentacije Bosne i Hercegovine\",\"isPartOf\":{\"@id\":\"https:\/\/sandzakpress.net\/arhiva\/#website\"},\"primaryImageOfPage\":{\"@id\":\"https:\/\/sandzakpress.net\/arhiva\/ibrahimovic-u-zivotu-samo-zalim-sto-nikada-nisam-obukao-dres-reprezentacije-bosne-i-hercegovine\/#primaryimage\"},\"image\":{\"@id\":\"https:\/\/sandzakpress.net\/arhiva\/ibrahimovic-u-zivotu-samo-zalim-sto-nikada-nisam-obukao-dres-reprezentacije-bosne-i-hercegovine\/#primaryimage\"},\"thumbnailUrl\":\"https:\/\/sandzakpress.net\/arhiva\/wp-content\/uploads\/2015\/10\/b510e750fde512f056b6b613bbb84f86_XL_680_459_s_c11.jpg\",\"datePublished\":\"2015-10-25T14:05:43+00:00\",\"dateModified\":\"2015-10-26T12:25:02+00:00\",\"breadcrumb\":{\"@id\":\"https:\/\/sandzakpress.net\/arhiva\/ibrahimovic-u-zivotu-samo-zalim-sto-nikada-nisam-obukao-dres-reprezentacije-bosne-i-hercegovine\/#breadcrumb\"},\"inLanguage\":\"bs-BA\",\"potentialAction\":[{\"@type\":\"ReadAction\",\"target\":[\"https:\/\/sandzakpress.net\/arhiva\/ibrahimovic-u-zivotu-samo-zalim-sto-nikada-nisam-obukao-dres-reprezentacije-bosne-i-hercegovine\/\"]}]},{\"@type\":\"ImageObject\",\"inLanguage\":\"bs-BA\",\"@id\":\"https:\/\/sandzakpress.net\/arhiva\/ibrahimovic-u-zivotu-samo-zalim-sto-nikada-nisam-obukao-dres-reprezentacije-bosne-i-hercegovine\/#primaryimage\",\"url\":\"https:\/\/sandzakpress.net\/arhiva\/wp-content\/uploads\/2015\/10\/b510e750fde512f056b6b613bbb84f86_XL_680_459_s_c11.jpg\",\"contentUrl\":\"https:\/\/sandzakpress.net\/arhiva\/wp-content\/uploads\/2015\/10\/b510e750fde512f056b6b613bbb84f86_XL_680_459_s_c11.jpg\",\"width\":680,\"height\":459},{\"@type\":\"BreadcrumbList\",\"@id\":\"https:\/\/sandzakpress.net\/arhiva\/ibrahimovic-u-zivotu-samo-zalim-sto-nikada-nisam-obukao-dres-reprezentacije-bosne-i-hercegovine\/#breadcrumb\",\"itemListElement\":[{\"@type\":\"ListItem\",\"position\":1,\"name\":\"Home\",\"item\":\"https:\/\/sandzakpress.net\/arhiva\/\"},{\"@type\":\"ListItem\",\"position\":2,\"name\":\"Ibrahimovi\u0107: U \u017eivotu samo \u017ealim \u0161to nikada nisam obukao dres reprezentacije Bosne i Hercegovine\"}]},{\"@type\":\"WebSite\",\"@id\":\"https:\/\/sandzakpress.net\/arhiva\/#website\",\"url\":\"https:\/\/sandzakpress.net\/arhiva\/\",\"name\":\"Sand\u017eak PRESS\",\"description\":\"Prve elektronske novine u Sand\u017eaku\",\"publisher\":{\"@id\":\"https:\/\/sandzakpress.net\/arhiva\/#\/schema\/person\/6e72b67d6e51910a1117b3b483ba20bd\"},\"potentialAction\":[{\"@type\":\"SearchAction\",\"target\":{\"@type\":\"EntryPoint\",\"urlTemplate\":\"https:\/\/sandzakpress.net\/arhiva\/?s={search_term_string}\"},\"query-input\":{\"@type\":\"PropertyValueSpecification\",\"valueRequired\":true,\"valueName\":\"search_term_string\"}}],\"inLanguage\":\"bs-BA\"},{\"@type\":[\"Person\",\"Organization\"],\"@id\":\"https:\/\/sandzakpress.net\/arhiva\/#\/schema\/person\/6e72b67d6e51910a1117b3b483ba20bd\",\"name\":\"Kul\",\"image\":{\"@type\":\"ImageObject\",\"inLanguage\":\"bs-BA\",\"@id\":\"https:\/\/sandzakpress.net\/arhiva\/#\/schema\/person\/image\/\",\"url\":\"https:\/\/secure.gravatar.com\/avatar\/42263f39aa27ac04c43cab85c280eb2e?s=96&d=mm&r=pg\",\"contentUrl\":\"https:\/\/secure.gravatar.com\/avatar\/42263f39aa27ac04c43cab85c280eb2e?s=96&d=mm&r=pg\",\"caption\":\"Kul\"},\"logo\":{\"@id\":\"https:\/\/sandzakpress.net\/arhiva\/#\/schema\/person\/image\/\"}},{\"@type\":\"Person\",\"@id\":\"https:\/\/sandzakpress.net\/arhiva\/#\/schema\/person\/c8baee722073534b583ea7bdb2e36c02\",\"name\":\"bosniak\",\"image\":{\"@type\":\"ImageObject\",\"inLanguage\":\"bs-BA\",\"@id\":\"https:\/\/sandzakpress.net\/arhiva\/#\/schema\/person\/image\/\",\"url\":\"https:\/\/secure.gravatar.com\/avatar\/a04fd330bfe3a36a72a0ad4a6d89fca7?s=96&d=mm&r=pg\",\"contentUrl\":\"https:\/\/secure.gravatar.com\/avatar\/a04fd330bfe3a36a72a0ad4a6d89fca7?s=96&d=mm&r=pg\",\"caption\":\"bosniak\"},\"url\":\"https:\/\/sandzakpress.net\/arhiva\/author\/bosniak\/\"}]}<\/script>\n<!-- \/ Yoast SEO Premium plugin. -->","yoast_head_json":{"title":"Ibrahimovi\u0107: U \u017eivotu samo \u017ealim \u0161to nikada nisam obukao dres reprezentacije Bosne i Hercegovine","robots":{"index":"index","follow":"follow","max-snippet":"max-snippet:-1","max-image-preview":"max-image-preview:large","max-video-preview":"max-video-preview:-1"},"canonical":"https:\/\/sandzakpress.net\/arhiva\/ibrahimovic-u-zivotu-samo-zalim-sto-nikada-nisam-obukao-dres-reprezentacije-bosne-i-hercegovine\/","og_locale":"bs_BA","og_type":"article","og_title":"Ibrahimovi\u0107: U \u017eivotu samo \u017ealim \u0161to nikada nisam obukao dres reprezentacije Bosne i Hercegovine","og_description":"\u0160vedska \u2013 Dobro je poznato kako je jedan od najboljih napada\u010da svih vremena Zlatan Ibrahimovi\u0107 na po\u010detku svoje karijere trebao umjesto dresa \u0160vedske da obu\u010de dres Bosne i Hercegovine. Do toga na\u017ealost po Zmajeve nije do\u0161lo, a krivci se trebaju tra\u017eiti u tada\u0161njem vodstvu na\u0161eg nogometa. Ipak, popularni Ibra je u svojoj biografiji koja je [&hellip;]","og_url":"https:\/\/sandzakpress.net\/arhiva\/ibrahimovic-u-zivotu-samo-zalim-sto-nikada-nisam-obukao-dres-reprezentacije-bosne-i-hercegovine\/","og_site_name":"Sand\u017eak PRESS","article_published_time":"2015-10-25T14:05:43+00:00","article_modified_time":"2015-10-26T12:25:02+00:00","og_image":[{"width":680,"height":459,"url":"https:\/\/sandzakpress.net\/arhiva\/wp-content\/uploads\/2015\/10\/b510e750fde512f056b6b613bbb84f86_XL_680_459_s_c11.jpg","type":"image\/jpeg"}],"author":"bosniak","twitter_card":"summary_large_image","twitter_misc":{"Written by":"bosniak","Est. reading time":"1 minuta"},"schema":{"@context":"https:\/\/schema.org","@graph":[{"@type":"Article","@id":"https:\/\/sandzakpress.net\/arhiva\/ibrahimovic-u-zivotu-samo-zalim-sto-nikada-nisam-obukao-dres-reprezentacije-bosne-i-hercegovine\/#article","isPartOf":{"@id":"https:\/\/sandzakpress.net\/arhiva\/ibrahimovic-u-zivotu-samo-zalim-sto-nikada-nisam-obukao-dres-reprezentacije-bosne-i-hercegovine\/"},"author":{"name":"bosniak","@id":"https:\/\/sandzakpress.net\/arhiva\/#\/schema\/person\/c8baee722073534b583ea7bdb2e36c02"},"headline":"Ibrahimovi\u0107: U \u017eivotu samo \u017ealim \u0161to nikada nisam obukao dres reprezentacije Bosne i Hercegovine","datePublished":"2015-10-25T14:05:43+00:00","dateModified":"2015-10-26T12:25:02+00:00","mainEntityOfPage":{"@id":"https:\/\/sandzakpress.net\/arhiva\/ibrahimovic-u-zivotu-samo-zalim-sto-nikada-nisam-obukao-dres-reprezentacije-bosne-i-hercegovine\/"},"wordCount":184,"commentCount":14,"publisher":{"@id":"https:\/\/sandzakpress.net\/arhiva\/#\/schema\/person\/6e72b67d6e51910a1117b3b483ba20bd"},"image":{"@id":"https:\/\/sandzakpress.net\/arhiva\/ibrahimovic-u-zivotu-samo-zalim-sto-nikada-nisam-obukao-dres-reprezentacije-bosne-i-hercegovine\/#primaryimage"},"thumbnailUrl":"https:\/\/sandzakpress.net\/arhiva\/wp-content\/uploads\/2015\/10\/b510e750fde512f056b6b613bbb84f86_XL_680_459_s_c11.jpg","keywords":["Bosna i Hercegovina"],"articleSection":["Bosna PRESS","VIJESTI DANA"],"inLanguage":"bs-BA","potentialAction":[{"@type":"CommentAction","name":"Comment","target":["https:\/\/sandzakpress.net\/arhiva\/ibrahimovic-u-zivotu-samo-zalim-sto-nikada-nisam-obukao-dres-reprezentacije-bosne-i-hercegovine\/#respond"]}]},{"@type":"WebPage","@id":"https:\/\/sandzakpress.net\/arhiva\/ibrahimovic-u-zivotu-samo-zalim-sto-nikada-nisam-obukao-dres-reprezentacije-bosne-i-hercegovine\/","url":"https:\/\/sandzakpress.net\/arhiva\/ibrahimovic-u-zivotu-samo-zalim-sto-nikada-nisam-obukao-dres-reprezentacije-bosne-i-hercegovine\/","name":"Ibrahimovi\u0107: U \u017eivotu samo \u017ealim \u0161to nikada nisam obukao dres reprezentacije Bosne i Hercegovine","isPartOf":{"@id":"https:\/\/sandzakpress.net\/arhiva\/#website"},"primaryImageOfPage":{"@id":"https:\/\/sandzakpress.net\/arhiva\/ibrahimovic-u-zivotu-samo-zalim-sto-nikada-nisam-obukao-dres-reprezentacije-bosne-i-hercegovine\/#primaryimage"},"image":{"@id":"https:\/\/sandzakpress.net\/arhiva\/ibrahimovic-u-zivotu-samo-zalim-sto-nikada-nisam-obukao-dres-reprezentacije-bosne-i-hercegovine\/#primaryimage"},"thumbnailUrl":"https:\/\/sandzakpress.net\/arhiva\/wp-content\/uploads\/2015\/10\/b510e750fde512f056b6b613bbb84f86_XL_680_459_s_c11.jpg","datePublished":"2015-10-25T14:05:43+00:00","dateModified":"2015-10-26T12:25:02+00:00","breadcrumb":{"@id":"https:\/\/sandzakpress.net\/arhiva\/ibrahimovic-u-zivotu-samo-zalim-sto-nikada-nisam-obukao-dres-reprezentacije-bosne-i-hercegovine\/#breadcrumb"},"inLanguage":"bs-BA","potentialAction":[{"@type":"ReadAction","target":["https:\/\/sandzakpress.net\/arhiva\/ibrahimovic-u-zivotu-samo-zalim-sto-nikada-nisam-obukao-dres-reprezentacije-bosne-i-hercegovine\/"]}]},{"@type":"ImageObject","inLanguage":"bs-BA","@id":"https:\/\/sandzakpress.net\/arhiva\/ibrahimovic-u-zivotu-samo-zalim-sto-nikada-nisam-obukao-dres-reprezentacije-bosne-i-hercegovine\/#primaryimage","url":"https:\/\/sandzakpress.net\/arhiva\/wp-content\/uploads\/2015\/10\/b510e750fde512f056b6b613bbb84f86_XL_680_459_s_c11.jpg","contentUrl":"https:\/\/sandzakpress.net\/arhiva\/wp-content\/uploads\/2015\/10\/b510e750fde512f056b6b613bbb84f86_XL_680_459_s_c11.jpg","width":680,"height":459},{"@type":"BreadcrumbList","@id":"https:\/\/sandzakpress.net\/arhiva\/ibrahimovic-u-zivotu-samo-zalim-sto-nikada-nisam-obukao-dres-reprezentacije-bosne-i-hercegovine\/#breadcrumb","itemListElement":[{"@type":"ListItem","position":1,"name":"Home","item":"https:\/\/sandzakpress.net\/arhiva\/"},{"@type":"ListItem","position":2,"name":"Ibrahimovi\u0107: U \u017eivotu samo \u017ealim \u0161to nikada nisam obukao dres reprezentacije Bosne i Hercegovine"}]},{"@type":"WebSite","@id":"https:\/\/sandzakpress.net\/arhiva\/#website","url":"https:\/\/sandzakpress.net\/arhiva\/","name":"Sand\u017eak PRESS","description":"Prve elektronske novine u Sand\u017eaku","publisher":{"@id":"https:\/\/sandzakpress.net\/arhiva\/#\/schema\/person\/6e72b67d6e51910a1117b3b483ba20bd"},"potentialAction":[{"@type":"SearchAction","target":{"@type":"EntryPoint","urlTemplate":"https:\/\/sandzakpress.net\/arhiva\/?s={search_term_string}"},"query-input":{"@type":"PropertyValueSpecification","valueRequired":true,"valueName":"search_term_string"}}],"inLanguage":"bs-BA"},{"@type":["Person","Organization"],"@id":"https:\/\/sandzakpress.net\/arhiva\/#\/schema\/person\/6e72b67d6e51910a1117b3b483ba20bd","name":"Kul","image":{"@type":"ImageObject","inLanguage":"bs-BA","@id":"https:\/\/sandzakpress.net\/arhiva\/#\/schema\/person\/image\/","url":"https:\/\/secure.gravatar.com\/avatar\/42263f39aa27ac04c43cab85c280eb2e?s=96&d=mm&r=pg","contentUrl":"https:\/\/secure.gravatar.com\/avatar\/42263f39aa27ac04c43cab85c280eb2e?s=96&d=mm&r=pg","caption":"Kul"},"logo":{"@id":"https:\/\/sandzakpress.net\/arhiva\/#\/schema\/person\/image\/"}},{"@type":"Person","@id":"https:\/\/sandzakpress.net\/arhiva\/#\/schema\/person\/c8baee722073534b583ea7bdb2e36c02","name":"bosniak","image":{"@type":"ImageObject","inLanguage":"bs-BA","@id":"https:\/\/sandzakpress.net\/arhiva\/#\/schema\/person\/image\/","url":"https:\/\/secure.gravatar.com\/avatar\/a04fd330bfe3a36a72a0ad4a6d89fca7?s=96&d=mm&r=pg","contentUrl":"https:\/\/secure.gravatar.com\/avatar\/a04fd330bfe3a36a72a0ad4a6d89fca7?s=96&d=mm&r=pg","caption":"bosniak"},"url":"https:\/\/sandzakpress.net\/arhiva\/author\/bosniak\/"}]}},"_links":{"self":[{"href":"https:\/\/sandzakpress.net\/arhiva\/wp-json\/wp\/v2\/posts\/142672"}],"collection":[{"href":"https:\/\/sandzakpress.net\/arhiva\/wp-json\/wp\/v2\/posts"}],"about":[{"href":"https:\/\/sandzakpress.net\/arhiva\/wp-json\/wp\/v2\/types\/post"}],"author":[{"embeddable":true,"href":"https:\/\/sandzakpress.net\/arhiva\/wp-json\/wp\/v2\/users\/83"}],"replies":[{"embeddable":true,"href":"https:\/\/sandzakpress.net\/arhiva\/wp-json\/wp\/v2\/comments?post=142672"}],"version-history":[{"count":0,"href":"https:\/\/sandzakpress.net\/arhiva\/wp-json\/wp\/v2\/posts\/142672\/revisions"}],"wp:featuredmedia":[{"embeddable":true,"href":"https:\/\/sandzakpress.net\/arhiva\/wp-json\/wp\/v2\/media\/142674"}],"wp:attachment":[{"href":"https:\/\/sandzakpress.net\/arhiva\/wp-json\/wp\/v2\/media?parent=142672"}],"wp:term":[{"taxonomy":"category","embeddable":true,"href":"https:\/\/sandzakpress.net\/arhiva\/wp-json\/wp\/v2\/categories?post=142672"},{"taxonomy":"post_tag","embeddable":true,"href":"https:\/\/sandzakpress.net\/arhiva\/wp-json\/wp\/v2\/tags?post=142672"}],"curies":[{"name":"wp","href":"https:\/\/api.w.org\/{rel}","templated":true}]}}