{"id":142654,"date":"2015-10-25T10:34:01","date_gmt":"2015-10-25T09:34:01","guid":{"rendered":"https:\/\/sandzakpress.net\/arhiva\/?p=142654"},"modified":"2015-10-25T10:34:01","modified_gmt":"2015-10-25T09:34:01","slug":"odrzana-izborna-skupstina-u-iz-i-kc-plav-gusinje-u-new-yorku","status":"publish","type":"post","link":"https:\/\/sandzakpress.net\/arhiva\/odrzana-izborna-skupstina-u-iz-i-kc-plav-gusinje-u-new-yorku\/","title":{"rendered":"Odr\u017eana izborna skup\u0161tina u IZ i KC Plav-Gusinje u New Yorku"},"content":{"rendered":"<p><img decoding=\"async\" src=\"http:\/\/www.bosnjaci.net\/foto\/680_Bosnjacki_centar_Izborna_Skupstina_IZPGNY_24_okt_2015c.jpg\" alt=\"\" \/><\/p>\n<p><strong>Amerika &#8211; U subotu, 24.oktobra 2015. godine u Bo\u0161nja\u010dkom islamskom centru na Richmond Hill-u u radnoj i prije svega tolerantnoj atmosferi odr\u017eana je Izborna skup\u0161tina Islamske zajednice &amp; Kulturnog centra Plav-Gusinje u New Yorku. <\/strong><\/p>\n<p>Glavni imam u Zajednici hafiz Hako ef. Omeragi\u0107 prou\u010dio je a\u0161are iz Kur'ana \u010casnog za uspje\u0161an rad Skup\u0161tine, dok je potpredsjednik Odbora dr. had\u017ei Mersim Ziljki\u0107, upoznao prisutne o radu Izborne skup\u0161tinu.<\/p>\n<p>Had\u017ei Ago Kolenovi\u0107 u svojstvu predsjednika Odbora Zajednice zahvalio se svim \u010dlanovima i delegatima Skup\u0161tine koji su ih izabrali na dvogodi\u0161nji mandat da ih predstavljaju. <\/p>\n<p>&#8211; \u201eUlaskom u Odbor IZ &amp;KC Plav-Gusinje, mi smo na sebe preuzeli veliku odgovornost, prije svega mislim na adaptiranje Centra. Ali samim izborom dok smo \u010dekali dozvole za rad u Centru, \u010dlanovi Odbora prihvatili smo se posla da renoviramo Ali-pa\u0161inu d\u017eamiju\u201c \u2013 rekao je Kolenovi\u0107.<br \/>On je tako\u0111er podvukao, mo\u017eda su imali odre\u0111enih gre\u0161aka u radu, ali svaki \u010dovjek koji radi mo\u017ee da pogrije\u0161i, dok je samo Allah nepogrje\u0161iv. Ipak, odgovorno tvrdim da smo sve poslove u Centru odradili na jedan krajnje kvalitetan na\u010din.<\/p>\n<p>&#8211; Iako Centar jo\u0161 zvani\u010dno otvoren mi smo u proteklom periodu imali niz zapa\u017eenih skupova. Izdvojit \u0107u dru\u017eenje na\u0161ih \u017eene, koji je ocijenjen kao jedan od najzna\u010dajnih koji se dogodio u na\u0161oj Zajednici. Kao i skup na\u0161e omladine koju predvodi Muhamed Zeki\u0107, koji su nakon skupova koji su imali ovdje u Centru, sami se organizirali i oti\u0161li u vi\u0161e gradova u Sand\u017eaku gdje su podijelili humanitarnu pomo\u0107 koju su sakupili, rekao je predsjednik Kolenovi\u0107.<br \/>On se posebno zahvalio svim \u010dlanovima Odbora koji su odradili veliki posao, a posebnu h. Smajlu Srdanovi\u0107u koji je koordinirao gra\u0111evinskim poslovima u Centru.<\/p>\n<table border=\"0\" width=\"680\" cellspacing=\"0\" cellpadding=\"5\" align=\"center\" bgcolor=\"Gainsboro\">\n<tbody>\n<tr>\n<td align=\"left\"><center><a href=\"http:\/\/www.bosnjaci.net\/foto\/Bosnjacki_centar_Izborna_Skupstina_IZPGNY_24_okt_2015a.jpg\" rel=\"lightbox\"><img decoding=\"async\" src=\"http:\/\/www.bosnjaci.net\/foto\/680_Bosnjacki_centar_Izborna_Skupstina_IZPGNY_24_okt_2015a.jpg\" alt=\"\" width=\"680\" border=\"0\" \/><\/a><br \/>Stari Odbor predaje raport<\/center><\/td>\n<\/tr>\n<\/tbody>\n<\/table>\n<p>\u010clan Odbora h. Smajle Sranovi\u0107 obratio se delegatima Skup\u0161tine u svojstvu koordinatora gra\u0111evinskim poslovima na Centru, koji je rekao da ne\u0161to najbolje \u0161to nam se ovdje u tu\u0111ini dogodilo je kupovina Ali-pa\u0161ine d\u017eamije u Astoriji. \u2013 Ponosan sam \u0161to smo mi muslimani kupili objekat i na\u0161im vrijednim rukama adaptirali ga i renovirali u jedan od ljep\u0161ih centara sa prate\u0107im terenima za rekreaciju.<\/p>\n<table border=\"0\" width=\"300\" cellspacing=\"0\" cellpadding=\"5\" align=\"right\" bgcolor=\"Gainsboro\">\n<tbody>\n<tr>\n<td align=\"left\"><center><a href=\"http:\/\/www.bosnjaci.net\/foto\/Bosnjacki_centar_Izborna_Skupstina_IZPGNY_24_okt_2015eZekic.jpg\" rel=\"lightbox\"><img decoding=\"async\" src=\"http:\/\/www.bosnjaci.net\/foto\/300_Bosnjacki_centar_Izborna_Skupstina_IZPGNY_24_okt_2015eZekic.jpg\" alt=\"\" width=\"300\" border=\"0\" \/><\/a><br \/>Zeki\u0107: Ne \u017eelimo da me\u0111u vama a ni me\u0111u nama bude neki politi\u010dki razlog za bilo kakve podjele<br \/><a href=\"http:\/\/www.bosnjaci.net\/foto\/Bosnjacki_centar_Izborna_Skupstina_IZPGNY_24_okt_2015g.jpg\" rel=\"lightbox\"><img decoding=\"async\" src=\"http:\/\/www.bosnjaci.net\/foto\/300_Bosnjacki_centar_Izborna_Skupstina_IZPGNY_24_okt_2015g.jpg\" alt=\"\" width=\"300\" border=\"0\" \/><\/a><br \/>Radno predsjedni\u0161tvo<br \/><a href=\"http:\/\/www.bosnjaci.net\/foto\/Bosnjacki_centar_Izborna_Skupstina_IZPGNY_24_okt_2015h.jpg\" rel=\"lightbox\"><img decoding=\"async\" src=\"http:\/\/www.bosnjaci.net\/foto\/300_Bosnjacki_centar_Izborna_Skupstina_IZPGNY_24_okt_2015h.jpg\" alt=\"\" width=\"300\" border=\"0\" \/><\/a><br \/>Izborna komisija<\/center><\/td>\n<\/tr>\n<\/tbody>\n<\/table>\n<p>Sve smo to uspje\u0161no zavr\u0161ili jer nije imalo ljudi da nas ko\u010de i bojkotuju u poslovima, rekao je h. Srdanovi\u0107, nastavljaju\u0107i: &#8211; Zatim smo u\u0161li u jedan najve\u0107i i historijski projekat za na\u0161 narod i za na\u0161e potomstvo u ovoj zemlji. Ovaj Centar treba da bude slika muslimana, Bo\u0161njaka i Albanaca.<\/p>\n<p>Srdanovi\u0107 je posebno istakao: \u201eNekome nije u interesu da budemo zajedno, da budemo slo\u017eni, da budemo jaki, organizovani&#8230; Zato vas pozivam da ne dozvolimo da nas bilo ko razdvaja i dijeli, naglasio je on!<\/p>\n<p>Prisutnima se obratio i predstavnik bo\u0161nja\u010dke omladine Muhamed Zeki\u0107 koji je na sve prisutne ostavio sna\u017ean utisak. Omladinac Zeki\u0107 je izme\u0111u ostaloga rekao: &#8211; Kada ste vi stariji odlu\u010dili da izgradite d\u017eamiju i centar, ta\u010dno je da ste to uradili u ime Allaha d\u017e.\u0161., ali ste uradili radi va\u0161e djece, radi nas mladih da imamo svoj centar okupljanja i da ne budemo na udaru raznih faktora.<\/p>\n<p>Zeki\u0107 je posebno istakao da je grupa bo\u0161nja\u010dke omladine posjetila Sand\u017eak i Kosovo: Bili smo u Sand\u017eak i Kosovo i tamo smo u nekoliko gradova podijelili 250 paketa humanitarne pomo\u0107i socijalno ogro\u017eenim porodicama. Samo da vam naglasim, sakupili smo $11,000 i oti\u0161li smo sami, bez vas ali i radi vas, da tamo na lice mjesta podijelimo onima kojima je na\u0161a pomo\u0107 potrebna, rekao je on.<\/p>\n<p>&#8211; \u201eMi mladi se dru\u017eimo ovdje i ponosni smo da budemo zajedno a ne odvojeno. Ne \u017eelimo da me\u0111u vama a ni me\u0111u nama bude neki politi\u010dki razlog za bilo kakve podjele\u201c \u2013 rekao je on i zaklju\u010dio: Upamtite, mi mladi ne\u0107emo dozvoliti da do\u0111e do bilo kakve podjele\u201c! <\/p>\n<p>Primje\u0107eno je na Skup\u0161tini nisu bili prisutni sekretar i blagajnik IZ &amp; KC Plav-Gusinje, \u0161to je za razlog pitao \u0160aban Cecunjanin.<\/p>\n<p>\u0160efkija \u0160eljo Lali\u010di\u0107 je iznio podatke o broju \u010dlanova IZ i broju prisutnih delegata. <\/p>\n<p>Nakon izbora \u010dlanova Radnog predsjedni\u0161va koje su \u010dinili:<br \/>&#8211; Muzafer Radon\u010di\u0107, predsjedavaju\u0107i,<br \/>&#8211; Mirsad Huski\u0107, potpredsjednik,<br \/>&#8211; Mirsad \u0160iljkovi\u0107, zapisni\u010dar.<\/p>\n<p>Te Izborna komisija:<br \/>&#8211; Muharem Puri\u0161i\u0107,<br \/>&#8211; Kupo \u2013 \u0160ato Lje\u0161nanin<br \/>&#8211; Sadat Graca.<\/p>\n<p>Vo\u0111en je dijalog oko na\u010dina glasanja tako da su delegati davali prijedloge da se na najfunkcionalniji na\u010di sprovede izbvor novih \u010dlanova koji \u0107e \u010diniti Odbor IZ. Radno predsjedni\u0161tvo na \u010delu sa Muzaferom Radon\u010di\u0107em vodili su ra\u010duna da na glasanje idu samo prijedlozi koji se ne kose sa Statutom IZ, na \u0161ta je u vi\u0161e navrata sa diskusijama podsje\u0107ao i delegat Zaim Dervi\u0161evi\u0107.<\/p>\n<p>Nakon prijedloga delegata za izbor novih \u010dlanova koji \u0107e voditi IZ uslijedilo je glasanje, tako da su u Odbor u\u0161li deset \u010dlanova sa najve\u0107im brojem glasova. <\/p>\n<table border=\"0\" width=\"680\" cellspacing=\"0\" cellpadding=\"5\" align=\"center\" bgcolor=\"Gainsboro\">\n<tbody>\n<tr>\n<td align=\"left\"><center><a href=\"http:\/\/www.bosnjaci.net\/foto\/Bosnjacki_centar_Izborna_Skupstina_IZPGNY_24_okt_2015j.jpg\" rel=\"lightbox\"><img decoding=\"async\" src=\"http:\/\/www.bosnjaci.net\/foto\/680_Bosnjacki_centar_Izborna_Skupstina_IZPGNY_24_okt_2015j.jpg\" alt=\"\" width=\"680\" border=\"0\" \/><\/a><br \/>\u010clanovi novog Odbora Zajednice<\/center><\/td>\n<\/tr>\n<\/tbody>\n<\/table>\n<p>Nakon skoro sahat vremena preciznog brojanja glasova, Muharem Puri\u0161i\u0107, predsjednik Izborne komisije je pro\u010ditao imena \u010dlanovi novog Odbora koji \u0107e voditi Islamsku zajednicu &amp; Kulturni centar Plav-Gusinje u New Yorku u naredne dvije godine, to su:<br \/>h. Smajle Srdanovi\u0107, Kemal Hot, h. Esmir Bekte\u0161evi\u0107, Ismet Pjetrovi\u0107, h. dr. Mersim Ziljki\u0107, Ujkan Todi\u0107, Fadil Radon\u010di\u0107, Nazmo Mujevi\u0107, Mirsad Klapija, Ragip \u010ceki\u0107, i hafiz Hako ef. Omeragi\u0107, u svojstvu Glavnog imama ulazi direktno u Odbor.<\/p>\n<p>Nakon provedenih izbora prisutni su pri\u0161li da se rukuju i \u010destitaju novoizabranim \u010dlanovima, po\u017eeliv\u0161i im uspje\u0161an i napredan rad.<\/p>\n<p>\u017delimo jo\u0161 naglasiti da je ovo jedna od najboljih Skup\u0161tina koja je do sada odr\u017eana u Zajednici u New Yorku, to je u vi\u0161e navrata naglasio i predsjedavaju\u0107i Radon\u010di\u0107. <br \/>Srda\u010dne \u010destitke svim delegatima na strpljenju i posebno svim izabranim \u010dlanovima Odbora.<\/p>\n<table border=\"0\" width=\"680\" cellspacing=\"0\" cellpadding=\"5\" align=\"center\" bgcolor=\"Gainsboro\">\n<tbody>\n<tr>\n<td align=\"left\"><center><a href=\"http:\/\/www.bosnjaci.net\/foto\/Bosnjacki_centar_Izborna_Skupstina_IZPGNY_24_okt_2015i.jpg\" rel=\"lightbox\"><img decoding=\"async\" src=\"http:\/\/www.bosnjaci.net\/foto\/680_Bosnjacki_centar_Izborna_Skupstina_IZPGNY_24_okt_2015i.jpg\" alt=\"\" width=\"680\" border=\"0\" \/><\/a><\/center><\/td>\n<\/tr>\n<\/tbody>\n<\/table>\n<p>(Bosnjaci.net)<\/p>\n","protected":false},"excerpt":{"rendered":"<p>Amerika &#8211; U subotu, 24.oktobra 2015. godine u Bo\u0161nja\u010dkom islamskom centru na Richmond Hill-u u radnoj i prije svega tolerantnoj atmosferi odr\u017eana je Izborna skup\u0161tina Islamske zajednice &amp; Kulturnog centra Plav-Gusinje u New Yorku. Glavni imam u Zajednici hafiz Hako ef. Omeragi\u0107 prou\u010dio je a\u0161are iz Kur'ana \u010casnog za uspje\u0161an rad Skup\u0161tine, dok je potpredsjednik [&hellip;]<\/p>\n","protected":false},"author":83,"featured_media":142655,"comment_status":"open","ping_status":"open","sticky":false,"template":"","format":"standard","meta":{"footnotes":""},"categories":[3012,5,10429],"tags":[],"class_list":{"0":"post-142654","1":"post","2":"type-post","3":"status-publish","4":"format-standard","5":"has-post-thumbnail","7":"category-amerika-gradovi","8":"category-drustvo","9":"category-vazno"},"yoast_head":"<!-- This site is optimized with the Yoast SEO Premium plugin v23.1 (Yoast SEO v24.9) - https:\/\/yoast.com\/wordpress\/plugins\/seo\/ -->\n<title>Odr\u017eana izborna skup\u0161tina u IZ i KC Plav-Gusinje u New Yorku<\/title>\n<meta name=\"robots\" content=\"index, follow, max-snippet:-1, max-image-preview:large, max-video-preview:-1\" \/>\n<link rel=\"canonical\" href=\"https:\/\/sandzakpress.net\/arhiva\/odrzana-izborna-skupstina-u-iz-i-kc-plav-gusinje-u-new-yorku\/\" \/>\n<meta property=\"og:locale\" content=\"bs_BA\" \/>\n<meta property=\"og:type\" content=\"article\" \/>\n<meta property=\"og:title\" content=\"Odr\u017eana izborna skup\u0161tina u IZ i KC Plav-Gusinje u New Yorku\" \/>\n<meta property=\"og:description\" content=\"Amerika &#8211; U subotu, 24.oktobra 2015. godine u Bo\u0161nja\u010dkom islamskom centru na Richmond Hill-u u radnoj i prije svega tolerantnoj atmosferi odr\u017eana je Izborna skup\u0161tina Islamske zajednice &amp; Kulturnog centra Plav-Gusinje u New Yorku. Glavni imam u Zajednici hafiz Hako ef. Omeragi\u0107 prou\u010dio je a\u0161are iz Kur&#039;ana \u010casnog za uspje\u0161an rad Skup\u0161tine, dok je potpredsjednik [&hellip;]\" \/>\n<meta property=\"og:url\" content=\"https:\/\/sandzakpress.net\/arhiva\/odrzana-izborna-skupstina-u-iz-i-kc-plav-gusinje-u-new-yorku\/\" \/>\n<meta property=\"og:site_name\" content=\"Sand\u017eak PRESS\" \/>\n<meta property=\"article:published_time\" content=\"2015-10-25T09:34:01+00:00\" \/>\n<meta property=\"og:image\" content=\"https:\/\/sandzakpress.net\/arhiva\/wp-content\/uploads\/2015\/10\/680_Bosnjacki_centar_Izborna_Skupstina_IZPGNY_24_okt_2015c.jpg\" \/>\n\t<meta property=\"og:image:width\" content=\"680\" \/>\n\t<meta property=\"og:image:height\" content=\"359\" \/>\n\t<meta property=\"og:image:type\" content=\"image\/jpeg\" \/>\n<meta name=\"author\" content=\"bosniak\" \/>\n<meta name=\"twitter:card\" content=\"summary_large_image\" \/>\n<meta name=\"twitter:label1\" content=\"Written by\" \/>\n\t<meta name=\"twitter:data1\" content=\"bosniak\" \/>\n\t<meta name=\"twitter:label2\" content=\"Est. reading time\" \/>\n\t<meta name=\"twitter:data2\" content=\"5 minuta\" \/>\n<script type=\"application\/ld+json\" class=\"yoast-schema-graph\">{\"@context\":\"https:\/\/schema.org\",\"@graph\":[{\"@type\":\"Article\",\"@id\":\"https:\/\/sandzakpress.net\/arhiva\/odrzana-izborna-skupstina-u-iz-i-kc-plav-gusinje-u-new-yorku\/#article\",\"isPartOf\":{\"@id\":\"https:\/\/sandzakpress.net\/arhiva\/odrzana-izborna-skupstina-u-iz-i-kc-plav-gusinje-u-new-yorku\/\"},\"author\":{\"name\":\"bosniak\",\"@id\":\"https:\/\/sandzakpress.net\/arhiva\/#\/schema\/person\/c8baee722073534b583ea7bdb2e36c02\"},\"headline\":\"Odr\u017eana izborna skup\u0161tina u IZ i KC Plav-Gusinje u New Yorku\",\"datePublished\":\"2015-10-25T09:34:01+00:00\",\"mainEntityOfPage\":{\"@id\":\"https:\/\/sandzakpress.net\/arhiva\/odrzana-izborna-skupstina-u-iz-i-kc-plav-gusinje-u-new-yorku\/\"},\"wordCount\":1044,\"commentCount\":1,\"publisher\":{\"@id\":\"https:\/\/sandzakpress.net\/arhiva\/#\/schema\/person\/6e72b67d6e51910a1117b3b483ba20bd\"},\"image\":{\"@id\":\"https:\/\/sandzakpress.net\/arhiva\/odrzana-izborna-skupstina-u-iz-i-kc-plav-gusinje-u-new-yorku\/#primaryimage\"},\"thumbnailUrl\":\"https:\/\/sandzakpress.net\/arhiva\/wp-content\/uploads\/2015\/10\/680_Bosnjacki_centar_Izborna_Skupstina_IZPGNY_24_okt_2015c.jpg\",\"articleSection\":[\"Amerika\",\"Dru\u0161tvo\",\"VA\u017dNO!\"],\"inLanguage\":\"bs-BA\",\"potentialAction\":[{\"@type\":\"CommentAction\",\"name\":\"Comment\",\"target\":[\"https:\/\/sandzakpress.net\/arhiva\/odrzana-izborna-skupstina-u-iz-i-kc-plav-gusinje-u-new-yorku\/#respond\"]}]},{\"@type\":\"WebPage\",\"@id\":\"https:\/\/sandzakpress.net\/arhiva\/odrzana-izborna-skupstina-u-iz-i-kc-plav-gusinje-u-new-yorku\/\",\"url\":\"https:\/\/sandzakpress.net\/arhiva\/odrzana-izborna-skupstina-u-iz-i-kc-plav-gusinje-u-new-yorku\/\",\"name\":\"Odr\u017eana izborna skup\u0161tina u IZ i KC Plav-Gusinje u New Yorku\",\"isPartOf\":{\"@id\":\"https:\/\/sandzakpress.net\/arhiva\/#website\"},\"primaryImageOfPage\":{\"@id\":\"https:\/\/sandzakpress.net\/arhiva\/odrzana-izborna-skupstina-u-iz-i-kc-plav-gusinje-u-new-yorku\/#primaryimage\"},\"image\":{\"@id\":\"https:\/\/sandzakpress.net\/arhiva\/odrzana-izborna-skupstina-u-iz-i-kc-plav-gusinje-u-new-yorku\/#primaryimage\"},\"thumbnailUrl\":\"https:\/\/sandzakpress.net\/arhiva\/wp-content\/uploads\/2015\/10\/680_Bosnjacki_centar_Izborna_Skupstina_IZPGNY_24_okt_2015c.jpg\",\"datePublished\":\"2015-10-25T09:34:01+00:00\",\"breadcrumb\":{\"@id\":\"https:\/\/sandzakpress.net\/arhiva\/odrzana-izborna-skupstina-u-iz-i-kc-plav-gusinje-u-new-yorku\/#breadcrumb\"},\"inLanguage\":\"bs-BA\",\"potentialAction\":[{\"@type\":\"ReadAction\",\"target\":[\"https:\/\/sandzakpress.net\/arhiva\/odrzana-izborna-skupstina-u-iz-i-kc-plav-gusinje-u-new-yorku\/\"]}]},{\"@type\":\"ImageObject\",\"inLanguage\":\"bs-BA\",\"@id\":\"https:\/\/sandzakpress.net\/arhiva\/odrzana-izborna-skupstina-u-iz-i-kc-plav-gusinje-u-new-yorku\/#primaryimage\",\"url\":\"https:\/\/sandzakpress.net\/arhiva\/wp-content\/uploads\/2015\/10\/680_Bosnjacki_centar_Izborna_Skupstina_IZPGNY_24_okt_2015c.jpg\",\"contentUrl\":\"https:\/\/sandzakpress.net\/arhiva\/wp-content\/uploads\/2015\/10\/680_Bosnjacki_centar_Izborna_Skupstina_IZPGNY_24_okt_2015c.jpg\",\"width\":680,\"height\":359},{\"@type\":\"BreadcrumbList\",\"@id\":\"https:\/\/sandzakpress.net\/arhiva\/odrzana-izborna-skupstina-u-iz-i-kc-plav-gusinje-u-new-yorku\/#breadcrumb\",\"itemListElement\":[{\"@type\":\"ListItem\",\"position\":1,\"name\":\"Home\",\"item\":\"https:\/\/sandzakpress.net\/arhiva\/\"},{\"@type\":\"ListItem\",\"position\":2,\"name\":\"Odr\u017eana izborna skup\u0161tina u IZ i KC Plav-Gusinje u New Yorku\"}]},{\"@type\":\"WebSite\",\"@id\":\"https:\/\/sandzakpress.net\/arhiva\/#website\",\"url\":\"https:\/\/sandzakpress.net\/arhiva\/\",\"name\":\"Sand\u017eak PRESS\",\"description\":\"Prve elektronske novine u Sand\u017eaku\",\"publisher\":{\"@id\":\"https:\/\/sandzakpress.net\/arhiva\/#\/schema\/person\/6e72b67d6e51910a1117b3b483ba20bd\"},\"potentialAction\":[{\"@type\":\"SearchAction\",\"target\":{\"@type\":\"EntryPoint\",\"urlTemplate\":\"https:\/\/sandzakpress.net\/arhiva\/?s={search_term_string}\"},\"query-input\":{\"@type\":\"PropertyValueSpecification\",\"valueRequired\":true,\"valueName\":\"search_term_string\"}}],\"inLanguage\":\"bs-BA\"},{\"@type\":[\"Person\",\"Organization\"],\"@id\":\"https:\/\/sandzakpress.net\/arhiva\/#\/schema\/person\/6e72b67d6e51910a1117b3b483ba20bd\",\"name\":\"Kul\",\"image\":{\"@type\":\"ImageObject\",\"inLanguage\":\"bs-BA\",\"@id\":\"https:\/\/sandzakpress.net\/arhiva\/#\/schema\/person\/image\/\",\"url\":\"https:\/\/secure.gravatar.com\/avatar\/42263f39aa27ac04c43cab85c280eb2e?s=96&d=mm&r=pg\",\"contentUrl\":\"https:\/\/secure.gravatar.com\/avatar\/42263f39aa27ac04c43cab85c280eb2e?s=96&d=mm&r=pg\",\"caption\":\"Kul\"},\"logo\":{\"@id\":\"https:\/\/sandzakpress.net\/arhiva\/#\/schema\/person\/image\/\"}},{\"@type\":\"Person\",\"@id\":\"https:\/\/sandzakpress.net\/arhiva\/#\/schema\/person\/c8baee722073534b583ea7bdb2e36c02\",\"name\":\"bosniak\",\"image\":{\"@type\":\"ImageObject\",\"inLanguage\":\"bs-BA\",\"@id\":\"https:\/\/sandzakpress.net\/arhiva\/#\/schema\/person\/image\/\",\"url\":\"https:\/\/secure.gravatar.com\/avatar\/a04fd330bfe3a36a72a0ad4a6d89fca7?s=96&d=mm&r=pg\",\"contentUrl\":\"https:\/\/secure.gravatar.com\/avatar\/a04fd330bfe3a36a72a0ad4a6d89fca7?s=96&d=mm&r=pg\",\"caption\":\"bosniak\"},\"url\":\"https:\/\/sandzakpress.net\/arhiva\/author\/bosniak\/\"}]}<\/script>\n<!-- \/ Yoast SEO Premium plugin. -->","yoast_head_json":{"title":"Odr\u017eana izborna skup\u0161tina u IZ i KC Plav-Gusinje u New Yorku","robots":{"index":"index","follow":"follow","max-snippet":"max-snippet:-1","max-image-preview":"max-image-preview:large","max-video-preview":"max-video-preview:-1"},"canonical":"https:\/\/sandzakpress.net\/arhiva\/odrzana-izborna-skupstina-u-iz-i-kc-plav-gusinje-u-new-yorku\/","og_locale":"bs_BA","og_type":"article","og_title":"Odr\u017eana izborna skup\u0161tina u IZ i KC Plav-Gusinje u New Yorku","og_description":"Amerika &#8211; U subotu, 24.oktobra 2015. godine u Bo\u0161nja\u010dkom islamskom centru na Richmond Hill-u u radnoj i prije svega tolerantnoj atmosferi odr\u017eana je Izborna skup\u0161tina Islamske zajednice &amp; Kulturnog centra Plav-Gusinje u New Yorku. Glavni imam u Zajednici hafiz Hako ef. Omeragi\u0107 prou\u010dio je a\u0161are iz Kur'ana \u010casnog za uspje\u0161an rad Skup\u0161tine, dok je potpredsjednik [&hellip;]","og_url":"https:\/\/sandzakpress.net\/arhiva\/odrzana-izborna-skupstina-u-iz-i-kc-plav-gusinje-u-new-yorku\/","og_site_name":"Sand\u017eak PRESS","article_published_time":"2015-10-25T09:34:01+00:00","og_image":[{"width":680,"height":359,"url":"https:\/\/sandzakpress.net\/arhiva\/wp-content\/uploads\/2015\/10\/680_Bosnjacki_centar_Izborna_Skupstina_IZPGNY_24_okt_2015c.jpg","type":"image\/jpeg"}],"author":"bosniak","twitter_card":"summary_large_image","twitter_misc":{"Written by":"bosniak","Est. reading time":"5 minuta"},"schema":{"@context":"https:\/\/schema.org","@graph":[{"@type":"Article","@id":"https:\/\/sandzakpress.net\/arhiva\/odrzana-izborna-skupstina-u-iz-i-kc-plav-gusinje-u-new-yorku\/#article","isPartOf":{"@id":"https:\/\/sandzakpress.net\/arhiva\/odrzana-izborna-skupstina-u-iz-i-kc-plav-gusinje-u-new-yorku\/"},"author":{"name":"bosniak","@id":"https:\/\/sandzakpress.net\/arhiva\/#\/schema\/person\/c8baee722073534b583ea7bdb2e36c02"},"headline":"Odr\u017eana izborna skup\u0161tina u IZ i KC Plav-Gusinje u New Yorku","datePublished":"2015-10-25T09:34:01+00:00","mainEntityOfPage":{"@id":"https:\/\/sandzakpress.net\/arhiva\/odrzana-izborna-skupstina-u-iz-i-kc-plav-gusinje-u-new-yorku\/"},"wordCount":1044,"commentCount":1,"publisher":{"@id":"https:\/\/sandzakpress.net\/arhiva\/#\/schema\/person\/6e72b67d6e51910a1117b3b483ba20bd"},"image":{"@id":"https:\/\/sandzakpress.net\/arhiva\/odrzana-izborna-skupstina-u-iz-i-kc-plav-gusinje-u-new-yorku\/#primaryimage"},"thumbnailUrl":"https:\/\/sandzakpress.net\/arhiva\/wp-content\/uploads\/2015\/10\/680_Bosnjacki_centar_Izborna_Skupstina_IZPGNY_24_okt_2015c.jpg","articleSection":["Amerika","Dru\u0161tvo","VA\u017dNO!"],"inLanguage":"bs-BA","potentialAction":[{"@type":"CommentAction","name":"Comment","target":["https:\/\/sandzakpress.net\/arhiva\/odrzana-izborna-skupstina-u-iz-i-kc-plav-gusinje-u-new-yorku\/#respond"]}]},{"@type":"WebPage","@id":"https:\/\/sandzakpress.net\/arhiva\/odrzana-izborna-skupstina-u-iz-i-kc-plav-gusinje-u-new-yorku\/","url":"https:\/\/sandzakpress.net\/arhiva\/odrzana-izborna-skupstina-u-iz-i-kc-plav-gusinje-u-new-yorku\/","name":"Odr\u017eana izborna skup\u0161tina u IZ i KC Plav-Gusinje u New Yorku","isPartOf":{"@id":"https:\/\/sandzakpress.net\/arhiva\/#website"},"primaryImageOfPage":{"@id":"https:\/\/sandzakpress.net\/arhiva\/odrzana-izborna-skupstina-u-iz-i-kc-plav-gusinje-u-new-yorku\/#primaryimage"},"image":{"@id":"https:\/\/sandzakpress.net\/arhiva\/odrzana-izborna-skupstina-u-iz-i-kc-plav-gusinje-u-new-yorku\/#primaryimage"},"thumbnailUrl":"https:\/\/sandzakpress.net\/arhiva\/wp-content\/uploads\/2015\/10\/680_Bosnjacki_centar_Izborna_Skupstina_IZPGNY_24_okt_2015c.jpg","datePublished":"2015-10-25T09:34:01+00:00","breadcrumb":{"@id":"https:\/\/sandzakpress.net\/arhiva\/odrzana-izborna-skupstina-u-iz-i-kc-plav-gusinje-u-new-yorku\/#breadcrumb"},"inLanguage":"bs-BA","potentialAction":[{"@type":"ReadAction","target":["https:\/\/sandzakpress.net\/arhiva\/odrzana-izborna-skupstina-u-iz-i-kc-plav-gusinje-u-new-yorku\/"]}]},{"@type":"ImageObject","inLanguage":"bs-BA","@id":"https:\/\/sandzakpress.net\/arhiva\/odrzana-izborna-skupstina-u-iz-i-kc-plav-gusinje-u-new-yorku\/#primaryimage","url":"https:\/\/sandzakpress.net\/arhiva\/wp-content\/uploads\/2015\/10\/680_Bosnjacki_centar_Izborna_Skupstina_IZPGNY_24_okt_2015c.jpg","contentUrl":"https:\/\/sandzakpress.net\/arhiva\/wp-content\/uploads\/2015\/10\/680_Bosnjacki_centar_Izborna_Skupstina_IZPGNY_24_okt_2015c.jpg","width":680,"height":359},{"@type":"BreadcrumbList","@id":"https:\/\/sandzakpress.net\/arhiva\/odrzana-izborna-skupstina-u-iz-i-kc-plav-gusinje-u-new-yorku\/#breadcrumb","itemListElement":[{"@type":"ListItem","position":1,"name":"Home","item":"https:\/\/sandzakpress.net\/arhiva\/"},{"@type":"ListItem","position":2,"name":"Odr\u017eana izborna skup\u0161tina u IZ i KC Plav-Gusinje u New Yorku"}]},{"@type":"WebSite","@id":"https:\/\/sandzakpress.net\/arhiva\/#website","url":"https:\/\/sandzakpress.net\/arhiva\/","name":"Sand\u017eak PRESS","description":"Prve elektronske novine u Sand\u017eaku","publisher":{"@id":"https:\/\/sandzakpress.net\/arhiva\/#\/schema\/person\/6e72b67d6e51910a1117b3b483ba20bd"},"potentialAction":[{"@type":"SearchAction","target":{"@type":"EntryPoint","urlTemplate":"https:\/\/sandzakpress.net\/arhiva\/?s={search_term_string}"},"query-input":{"@type":"PropertyValueSpecification","valueRequired":true,"valueName":"search_term_string"}}],"inLanguage":"bs-BA"},{"@type":["Person","Organization"],"@id":"https:\/\/sandzakpress.net\/arhiva\/#\/schema\/person\/6e72b67d6e51910a1117b3b483ba20bd","name":"Kul","image":{"@type":"ImageObject","inLanguage":"bs-BA","@id":"https:\/\/sandzakpress.net\/arhiva\/#\/schema\/person\/image\/","url":"https:\/\/secure.gravatar.com\/avatar\/42263f39aa27ac04c43cab85c280eb2e?s=96&d=mm&r=pg","contentUrl":"https:\/\/secure.gravatar.com\/avatar\/42263f39aa27ac04c43cab85c280eb2e?s=96&d=mm&r=pg","caption":"Kul"},"logo":{"@id":"https:\/\/sandzakpress.net\/arhiva\/#\/schema\/person\/image\/"}},{"@type":"Person","@id":"https:\/\/sandzakpress.net\/arhiva\/#\/schema\/person\/c8baee722073534b583ea7bdb2e36c02","name":"bosniak","image":{"@type":"ImageObject","inLanguage":"bs-BA","@id":"https:\/\/sandzakpress.net\/arhiva\/#\/schema\/person\/image\/","url":"https:\/\/secure.gravatar.com\/avatar\/a04fd330bfe3a36a72a0ad4a6d89fca7?s=96&d=mm&r=pg","contentUrl":"https:\/\/secure.gravatar.com\/avatar\/a04fd330bfe3a36a72a0ad4a6d89fca7?s=96&d=mm&r=pg","caption":"bosniak"},"url":"https:\/\/sandzakpress.net\/arhiva\/author\/bosniak\/"}]}},"_links":{"self":[{"href":"https:\/\/sandzakpress.net\/arhiva\/wp-json\/wp\/v2\/posts\/142654"}],"collection":[{"href":"https:\/\/sandzakpress.net\/arhiva\/wp-json\/wp\/v2\/posts"}],"about":[{"href":"https:\/\/sandzakpress.net\/arhiva\/wp-json\/wp\/v2\/types\/post"}],"author":[{"embeddable":true,"href":"https:\/\/sandzakpress.net\/arhiva\/wp-json\/wp\/v2\/users\/83"}],"replies":[{"embeddable":true,"href":"https:\/\/sandzakpress.net\/arhiva\/wp-json\/wp\/v2\/comments?post=142654"}],"version-history":[{"count":0,"href":"https:\/\/sandzakpress.net\/arhiva\/wp-json\/wp\/v2\/posts\/142654\/revisions"}],"wp:featuredmedia":[{"embeddable":true,"href":"https:\/\/sandzakpress.net\/arhiva\/wp-json\/wp\/v2\/media\/142655"}],"wp:attachment":[{"href":"https:\/\/sandzakpress.net\/arhiva\/wp-json\/wp\/v2\/media?parent=142654"}],"wp:term":[{"taxonomy":"category","embeddable":true,"href":"https:\/\/sandzakpress.net\/arhiva\/wp-json\/wp\/v2\/categories?post=142654"},{"taxonomy":"post_tag","embeddable":true,"href":"https:\/\/sandzakpress.net\/arhiva\/wp-json\/wp\/v2\/tags?post=142654"}],"curies":[{"name":"wp","href":"https:\/\/api.w.org\/{rel}","templated":true}]}}