{"id":142539,"date":"2015-10-24T14:07:43","date_gmt":"2015-10-24T12:07:43","guid":{"rendered":"https:\/\/sandzakpress.net\/arhiva\/?p=142539"},"modified":"2015-10-24T14:07:43","modified_gmt":"2015-10-24T12:07:43","slug":"bijelo-polje-mladici-osudeni-za-ubistvo-nemanje-gazdica","status":"publish","type":"post","link":"https:\/\/sandzakpress.net\/arhiva\/bijelo-polje-mladici-osudeni-za-ubistvo-nemanje-gazdica\/","title":{"rendered":"Bijelo Polje: Mladi\u0107i osu\u0111eni za ubistvo Nemanje Gazdi\u0107a"},"content":{"rendered":"<p><img decoding=\"async\" src=\"http:\/\/www.vijesti.me\/media\/cache\/7b\/27\/7b27027e1655a706648d9e5bfa062d58.jpg\" alt=\"Bijelo Polje: Mladi\u0107i osu\u0111eni za ubistvo Nemanje Gazdi\u0107a\" \/><\/p>\n<p><strong>Bijelo Polje &#8211; Milenko Golubovi\u0107 (24), osu\u0111en je 14 godina zatvora, Stefan Sokovi\u0107 (18) na 13, maloljetni O. G. (16) na 4 godine i \u0161est mjeseci maloljetni\u010dkog zatvora, dok je maloljetni J. O. (16), oslobo\u0111en u Vi\u0161em sudu u Bijelom Polju, zbog ubistva Nemanje Gazdi\u0107a.<\/strong><\/p>\n<p>Obrazla\u017eu\u0107i presudu sudija \u0160efkija \u0110e\u0161evi\u0107 je istakao da je \u010dinjeni\u010dno pravno dokazano da su trojica mladi\u0107a po\u010dinili djelo koje im se stavlja na teret, a da je Gazdi\u0107 smrtonosne povrede zadobio isklju\u010divo od udaraca a ne od pada, kako su tvrdili optu\u017eeni. Izvedenim dokazima kao i iskazima svjedoka nije potvr\u0111eno da je maloljetni O.J. u\u010destvovao.<\/p>\n<p>Gazdi\u0107 je preminuo u Klini\u010dkom centru Crne Gore, nakon \u0161to je 16. jula 2011, u stanju kome, doveden u tu zdravstvenu instituciju. Njega su mladi\u0107i pretukli ispred no\u0107nog kluba \u201eMunicipijum S\u201d u Pljevljima, pri \u010demu se nije opirao.<\/p>\n<p>Mladi\u0107i su i ranijom presudom istog vije\u0107a, koju je ukinuo Apelacioni sud,\u00a0bili osu\u0111eni na 31, 5 godinu zatvora.<\/p>\n<p>(Vijesti)<\/p>\n","protected":false},"excerpt":{"rendered":"<p>Bijelo Polje &#8211; Milenko Golubovi\u0107 (24), osu\u0111en je 14 godina zatvora, Stefan Sokovi\u0107 (18) na 13, maloljetni O. G. (16) na 4 godine i \u0161est mjeseci maloljetni\u010dkog zatvora, dok je maloljetni J. O. (16), oslobo\u0111en u Vi\u0161em sudu u Bijelom Polju, zbog ubistva Nemanje Gazdi\u0107a. Obrazla\u017eu\u0107i presudu sudija \u0160efkija \u0110e\u0161evi\u0107 je istakao da je \u010dinjeni\u010dno [&hellip;]<\/p>\n","protected":false},"author":83,"featured_media":142555,"comment_status":"open","ping_status":"open","sticky":false,"template":"","format":"standard","meta":{"footnotes":""},"categories":[396,801],"tags":[],"class_list":{"0":"post-142539","1":"post","2":"type-post","3":"status-publish","4":"format-standard","5":"has-post-thumbnail","7":"category-bijelo_polje","8":"category-crna_hronika"},"yoast_head":"<!-- This site is optimized with the Yoast SEO Premium plugin v23.1 (Yoast SEO v24.9) - https:\/\/yoast.com\/wordpress\/plugins\/seo\/ -->\n<title>Bijelo Polje: Mladi\u0107i osu\u0111eni za ubistvo Nemanje Gazdi\u0107a<\/title>\n<meta name=\"robots\" content=\"index, follow, max-snippet:-1, max-image-preview:large, max-video-preview:-1\" \/>\n<link rel=\"canonical\" href=\"https:\/\/sandzakpress.net\/arhiva\/bijelo-polje-mladici-osudeni-za-ubistvo-nemanje-gazdica\/\" \/>\n<meta property=\"og:locale\" content=\"bs_BA\" \/>\n<meta property=\"og:type\" content=\"article\" \/>\n<meta property=\"og:title\" content=\"Bijelo Polje: Mladi\u0107i osu\u0111eni za ubistvo Nemanje Gazdi\u0107a\" \/>\n<meta property=\"og:description\" content=\"Bijelo Polje &#8211; Milenko Golubovi\u0107 (24), osu\u0111en je 14 godina zatvora, Stefan Sokovi\u0107 (18) na 13, maloljetni O. G. (16) na 4 godine i \u0161est mjeseci maloljetni\u010dkog zatvora, dok je maloljetni J. O. (16), oslobo\u0111en u Vi\u0161em sudu u Bijelom Polju, zbog ubistva Nemanje Gazdi\u0107a. Obrazla\u017eu\u0107i presudu sudija \u0160efkija \u0110e\u0161evi\u0107 je istakao da je \u010dinjeni\u010dno [&hellip;]\" \/>\n<meta property=\"og:url\" content=\"https:\/\/sandzakpress.net\/arhiva\/bijelo-polje-mladici-osudeni-za-ubistvo-nemanje-gazdica\/\" \/>\n<meta property=\"og:site_name\" content=\"Sand\u017eak PRESS\" \/>\n<meta property=\"article:published_time\" content=\"2015-10-24T12:07:43+00:00\" \/>\n<meta property=\"og:image\" content=\"https:\/\/sandzakpress.net\/arhiva\/wp-content\/uploads\/2015\/10\/7b27027e1655a706648d9e5bfa062d58.jpg\" \/>\n\t<meta property=\"og:image:width\" content=\"560\" \/>\n\t<meta property=\"og:image:height\" content=\"352\" \/>\n\t<meta property=\"og:image:type\" content=\"image\/jpeg\" \/>\n<meta name=\"author\" content=\"bosniak\" \/>\n<meta name=\"twitter:card\" content=\"summary_large_image\" \/>\n<meta name=\"twitter:label1\" content=\"Written by\" \/>\n\t<meta name=\"twitter:data1\" content=\"bosniak\" \/>\n\t<meta name=\"twitter:label2\" content=\"Est. reading time\" \/>\n\t<meta name=\"twitter:data2\" content=\"1 minuta\" \/>\n<script type=\"application\/ld+json\" class=\"yoast-schema-graph\">{\"@context\":\"https:\/\/schema.org\",\"@graph\":[{\"@type\":\"Article\",\"@id\":\"https:\/\/sandzakpress.net\/arhiva\/bijelo-polje-mladici-osudeni-za-ubistvo-nemanje-gazdica\/#article\",\"isPartOf\":{\"@id\":\"https:\/\/sandzakpress.net\/arhiva\/bijelo-polje-mladici-osudeni-za-ubistvo-nemanje-gazdica\/\"},\"author\":{\"name\":\"bosniak\",\"@id\":\"https:\/\/sandzakpress.net\/arhiva\/#\/schema\/person\/c8baee722073534b583ea7bdb2e36c02\"},\"headline\":\"Bijelo Polje: Mladi\u0107i osu\u0111eni za ubistvo Nemanje Gazdi\u0107a\",\"datePublished\":\"2015-10-24T12:07:43+00:00\",\"mainEntityOfPage\":{\"@id\":\"https:\/\/sandzakpress.net\/arhiva\/bijelo-polje-mladici-osudeni-za-ubistvo-nemanje-gazdica\/\"},\"wordCount\":180,\"commentCount\":0,\"publisher\":{\"@id\":\"https:\/\/sandzakpress.net\/arhiva\/#\/schema\/person\/6e72b67d6e51910a1117b3b483ba20bd\"},\"image\":{\"@id\":\"https:\/\/sandzakpress.net\/arhiva\/bijelo-polje-mladici-osudeni-za-ubistvo-nemanje-gazdica\/#primaryimage\"},\"thumbnailUrl\":\"https:\/\/sandzakpress.net\/arhiva\/wp-content\/uploads\/2015\/10\/7b27027e1655a706648d9e5bfa062d58.jpg\",\"articleSection\":[\"Bijelo Polje\",\"Hronika\"],\"inLanguage\":\"bs-BA\",\"potentialAction\":[{\"@type\":\"CommentAction\",\"name\":\"Comment\",\"target\":[\"https:\/\/sandzakpress.net\/arhiva\/bijelo-polje-mladici-osudeni-za-ubistvo-nemanje-gazdica\/#respond\"]}]},{\"@type\":\"WebPage\",\"@id\":\"https:\/\/sandzakpress.net\/arhiva\/bijelo-polje-mladici-osudeni-za-ubistvo-nemanje-gazdica\/\",\"url\":\"https:\/\/sandzakpress.net\/arhiva\/bijelo-polje-mladici-osudeni-za-ubistvo-nemanje-gazdica\/\",\"name\":\"Bijelo Polje: Mladi\u0107i osu\u0111eni za ubistvo Nemanje Gazdi\u0107a\",\"isPartOf\":{\"@id\":\"https:\/\/sandzakpress.net\/arhiva\/#website\"},\"primaryImageOfPage\":{\"@id\":\"https:\/\/sandzakpress.net\/arhiva\/bijelo-polje-mladici-osudeni-za-ubistvo-nemanje-gazdica\/#primaryimage\"},\"image\":{\"@id\":\"https:\/\/sandzakpress.net\/arhiva\/bijelo-polje-mladici-osudeni-za-ubistvo-nemanje-gazdica\/#primaryimage\"},\"thumbnailUrl\":\"https:\/\/sandzakpress.net\/arhiva\/wp-content\/uploads\/2015\/10\/7b27027e1655a706648d9e5bfa062d58.jpg\",\"datePublished\":\"2015-10-24T12:07:43+00:00\",\"breadcrumb\":{\"@id\":\"https:\/\/sandzakpress.net\/arhiva\/bijelo-polje-mladici-osudeni-za-ubistvo-nemanje-gazdica\/#breadcrumb\"},\"inLanguage\":\"bs-BA\",\"potentialAction\":[{\"@type\":\"ReadAction\",\"target\":[\"https:\/\/sandzakpress.net\/arhiva\/bijelo-polje-mladici-osudeni-za-ubistvo-nemanje-gazdica\/\"]}]},{\"@type\":\"ImageObject\",\"inLanguage\":\"bs-BA\",\"@id\":\"https:\/\/sandzakpress.net\/arhiva\/bijelo-polje-mladici-osudeni-za-ubistvo-nemanje-gazdica\/#primaryimage\",\"url\":\"https:\/\/sandzakpress.net\/arhiva\/wp-content\/uploads\/2015\/10\/7b27027e1655a706648d9e5bfa062d58.jpg\",\"contentUrl\":\"https:\/\/sandzakpress.net\/arhiva\/wp-content\/uploads\/2015\/10\/7b27027e1655a706648d9e5bfa062d58.jpg\",\"width\":560,\"height\":352},{\"@type\":\"BreadcrumbList\",\"@id\":\"https:\/\/sandzakpress.net\/arhiva\/bijelo-polje-mladici-osudeni-za-ubistvo-nemanje-gazdica\/#breadcrumb\",\"itemListElement\":[{\"@type\":\"ListItem\",\"position\":1,\"name\":\"Home\",\"item\":\"https:\/\/sandzakpress.net\/arhiva\/\"},{\"@type\":\"ListItem\",\"position\":2,\"name\":\"Bijelo Polje: Mladi\u0107i osu\u0111eni za ubistvo Nemanje Gazdi\u0107a\"}]},{\"@type\":\"WebSite\",\"@id\":\"https:\/\/sandzakpress.net\/arhiva\/#website\",\"url\":\"https:\/\/sandzakpress.net\/arhiva\/\",\"name\":\"Sand\u017eak PRESS\",\"description\":\"Prve elektronske novine u Sand\u017eaku\",\"publisher\":{\"@id\":\"https:\/\/sandzakpress.net\/arhiva\/#\/schema\/person\/6e72b67d6e51910a1117b3b483ba20bd\"},\"potentialAction\":[{\"@type\":\"SearchAction\",\"target\":{\"@type\":\"EntryPoint\",\"urlTemplate\":\"https:\/\/sandzakpress.net\/arhiva\/?s={search_term_string}\"},\"query-input\":{\"@type\":\"PropertyValueSpecification\",\"valueRequired\":true,\"valueName\":\"search_term_string\"}}],\"inLanguage\":\"bs-BA\"},{\"@type\":[\"Person\",\"Organization\"],\"@id\":\"https:\/\/sandzakpress.net\/arhiva\/#\/schema\/person\/6e72b67d6e51910a1117b3b483ba20bd\",\"name\":\"Kul\",\"image\":{\"@type\":\"ImageObject\",\"inLanguage\":\"bs-BA\",\"@id\":\"https:\/\/sandzakpress.net\/arhiva\/#\/schema\/person\/image\/\",\"url\":\"https:\/\/secure.gravatar.com\/avatar\/42263f39aa27ac04c43cab85c280eb2e?s=96&d=mm&r=pg\",\"contentUrl\":\"https:\/\/secure.gravatar.com\/avatar\/42263f39aa27ac04c43cab85c280eb2e?s=96&d=mm&r=pg\",\"caption\":\"Kul\"},\"logo\":{\"@id\":\"https:\/\/sandzakpress.net\/arhiva\/#\/schema\/person\/image\/\"}},{\"@type\":\"Person\",\"@id\":\"https:\/\/sandzakpress.net\/arhiva\/#\/schema\/person\/c8baee722073534b583ea7bdb2e36c02\",\"name\":\"bosniak\",\"image\":{\"@type\":\"ImageObject\",\"inLanguage\":\"bs-BA\",\"@id\":\"https:\/\/sandzakpress.net\/arhiva\/#\/schema\/person\/image\/\",\"url\":\"https:\/\/secure.gravatar.com\/avatar\/a04fd330bfe3a36a72a0ad4a6d89fca7?s=96&d=mm&r=pg\",\"contentUrl\":\"https:\/\/secure.gravatar.com\/avatar\/a04fd330bfe3a36a72a0ad4a6d89fca7?s=96&d=mm&r=pg\",\"caption\":\"bosniak\"},\"url\":\"https:\/\/sandzakpress.net\/arhiva\/author\/bosniak\/\"}]}<\/script>\n<!-- \/ Yoast SEO Premium plugin. -->","yoast_head_json":{"title":"Bijelo Polje: Mladi\u0107i osu\u0111eni za ubistvo Nemanje Gazdi\u0107a","robots":{"index":"index","follow":"follow","max-snippet":"max-snippet:-1","max-image-preview":"max-image-preview:large","max-video-preview":"max-video-preview:-1"},"canonical":"https:\/\/sandzakpress.net\/arhiva\/bijelo-polje-mladici-osudeni-za-ubistvo-nemanje-gazdica\/","og_locale":"bs_BA","og_type":"article","og_title":"Bijelo Polje: Mladi\u0107i osu\u0111eni za ubistvo Nemanje Gazdi\u0107a","og_description":"Bijelo Polje &#8211; Milenko Golubovi\u0107 (24), osu\u0111en je 14 godina zatvora, Stefan Sokovi\u0107 (18) na 13, maloljetni O. G. (16) na 4 godine i \u0161est mjeseci maloljetni\u010dkog zatvora, dok je maloljetni J. O. (16), oslobo\u0111en u Vi\u0161em sudu u Bijelom Polju, zbog ubistva Nemanje Gazdi\u0107a. Obrazla\u017eu\u0107i presudu sudija \u0160efkija \u0110e\u0161evi\u0107 je istakao da je \u010dinjeni\u010dno [&hellip;]","og_url":"https:\/\/sandzakpress.net\/arhiva\/bijelo-polje-mladici-osudeni-za-ubistvo-nemanje-gazdica\/","og_site_name":"Sand\u017eak PRESS","article_published_time":"2015-10-24T12:07:43+00:00","og_image":[{"width":560,"height":352,"url":"https:\/\/sandzakpress.net\/arhiva\/wp-content\/uploads\/2015\/10\/7b27027e1655a706648d9e5bfa062d58.jpg","type":"image\/jpeg"}],"author":"bosniak","twitter_card":"summary_large_image","twitter_misc":{"Written by":"bosniak","Est. reading time":"1 minuta"},"schema":{"@context":"https:\/\/schema.org","@graph":[{"@type":"Article","@id":"https:\/\/sandzakpress.net\/arhiva\/bijelo-polje-mladici-osudeni-za-ubistvo-nemanje-gazdica\/#article","isPartOf":{"@id":"https:\/\/sandzakpress.net\/arhiva\/bijelo-polje-mladici-osudeni-za-ubistvo-nemanje-gazdica\/"},"author":{"name":"bosniak","@id":"https:\/\/sandzakpress.net\/arhiva\/#\/schema\/person\/c8baee722073534b583ea7bdb2e36c02"},"headline":"Bijelo Polje: Mladi\u0107i osu\u0111eni za ubistvo Nemanje Gazdi\u0107a","datePublished":"2015-10-24T12:07:43+00:00","mainEntityOfPage":{"@id":"https:\/\/sandzakpress.net\/arhiva\/bijelo-polje-mladici-osudeni-za-ubistvo-nemanje-gazdica\/"},"wordCount":180,"commentCount":0,"publisher":{"@id":"https:\/\/sandzakpress.net\/arhiva\/#\/schema\/person\/6e72b67d6e51910a1117b3b483ba20bd"},"image":{"@id":"https:\/\/sandzakpress.net\/arhiva\/bijelo-polje-mladici-osudeni-za-ubistvo-nemanje-gazdica\/#primaryimage"},"thumbnailUrl":"https:\/\/sandzakpress.net\/arhiva\/wp-content\/uploads\/2015\/10\/7b27027e1655a706648d9e5bfa062d58.jpg","articleSection":["Bijelo Polje","Hronika"],"inLanguage":"bs-BA","potentialAction":[{"@type":"CommentAction","name":"Comment","target":["https:\/\/sandzakpress.net\/arhiva\/bijelo-polje-mladici-osudeni-za-ubistvo-nemanje-gazdica\/#respond"]}]},{"@type":"WebPage","@id":"https:\/\/sandzakpress.net\/arhiva\/bijelo-polje-mladici-osudeni-za-ubistvo-nemanje-gazdica\/","url":"https:\/\/sandzakpress.net\/arhiva\/bijelo-polje-mladici-osudeni-za-ubistvo-nemanje-gazdica\/","name":"Bijelo Polje: Mladi\u0107i osu\u0111eni za ubistvo Nemanje Gazdi\u0107a","isPartOf":{"@id":"https:\/\/sandzakpress.net\/arhiva\/#website"},"primaryImageOfPage":{"@id":"https:\/\/sandzakpress.net\/arhiva\/bijelo-polje-mladici-osudeni-za-ubistvo-nemanje-gazdica\/#primaryimage"},"image":{"@id":"https:\/\/sandzakpress.net\/arhiva\/bijelo-polje-mladici-osudeni-za-ubistvo-nemanje-gazdica\/#primaryimage"},"thumbnailUrl":"https:\/\/sandzakpress.net\/arhiva\/wp-content\/uploads\/2015\/10\/7b27027e1655a706648d9e5bfa062d58.jpg","datePublished":"2015-10-24T12:07:43+00:00","breadcrumb":{"@id":"https:\/\/sandzakpress.net\/arhiva\/bijelo-polje-mladici-osudeni-za-ubistvo-nemanje-gazdica\/#breadcrumb"},"inLanguage":"bs-BA","potentialAction":[{"@type":"ReadAction","target":["https:\/\/sandzakpress.net\/arhiva\/bijelo-polje-mladici-osudeni-za-ubistvo-nemanje-gazdica\/"]}]},{"@type":"ImageObject","inLanguage":"bs-BA","@id":"https:\/\/sandzakpress.net\/arhiva\/bijelo-polje-mladici-osudeni-za-ubistvo-nemanje-gazdica\/#primaryimage","url":"https:\/\/sandzakpress.net\/arhiva\/wp-content\/uploads\/2015\/10\/7b27027e1655a706648d9e5bfa062d58.jpg","contentUrl":"https:\/\/sandzakpress.net\/arhiva\/wp-content\/uploads\/2015\/10\/7b27027e1655a706648d9e5bfa062d58.jpg","width":560,"height":352},{"@type":"BreadcrumbList","@id":"https:\/\/sandzakpress.net\/arhiva\/bijelo-polje-mladici-osudeni-za-ubistvo-nemanje-gazdica\/#breadcrumb","itemListElement":[{"@type":"ListItem","position":1,"name":"Home","item":"https:\/\/sandzakpress.net\/arhiva\/"},{"@type":"ListItem","position":2,"name":"Bijelo Polje: Mladi\u0107i osu\u0111eni za ubistvo Nemanje Gazdi\u0107a"}]},{"@type":"WebSite","@id":"https:\/\/sandzakpress.net\/arhiva\/#website","url":"https:\/\/sandzakpress.net\/arhiva\/","name":"Sand\u017eak PRESS","description":"Prve elektronske novine u Sand\u017eaku","publisher":{"@id":"https:\/\/sandzakpress.net\/arhiva\/#\/schema\/person\/6e72b67d6e51910a1117b3b483ba20bd"},"potentialAction":[{"@type":"SearchAction","target":{"@type":"EntryPoint","urlTemplate":"https:\/\/sandzakpress.net\/arhiva\/?s={search_term_string}"},"query-input":{"@type":"PropertyValueSpecification","valueRequired":true,"valueName":"search_term_string"}}],"inLanguage":"bs-BA"},{"@type":["Person","Organization"],"@id":"https:\/\/sandzakpress.net\/arhiva\/#\/schema\/person\/6e72b67d6e51910a1117b3b483ba20bd","name":"Kul","image":{"@type":"ImageObject","inLanguage":"bs-BA","@id":"https:\/\/sandzakpress.net\/arhiva\/#\/schema\/person\/image\/","url":"https:\/\/secure.gravatar.com\/avatar\/42263f39aa27ac04c43cab85c280eb2e?s=96&d=mm&r=pg","contentUrl":"https:\/\/secure.gravatar.com\/avatar\/42263f39aa27ac04c43cab85c280eb2e?s=96&d=mm&r=pg","caption":"Kul"},"logo":{"@id":"https:\/\/sandzakpress.net\/arhiva\/#\/schema\/person\/image\/"}},{"@type":"Person","@id":"https:\/\/sandzakpress.net\/arhiva\/#\/schema\/person\/c8baee722073534b583ea7bdb2e36c02","name":"bosniak","image":{"@type":"ImageObject","inLanguage":"bs-BA","@id":"https:\/\/sandzakpress.net\/arhiva\/#\/schema\/person\/image\/","url":"https:\/\/secure.gravatar.com\/avatar\/a04fd330bfe3a36a72a0ad4a6d89fca7?s=96&d=mm&r=pg","contentUrl":"https:\/\/secure.gravatar.com\/avatar\/a04fd330bfe3a36a72a0ad4a6d89fca7?s=96&d=mm&r=pg","caption":"bosniak"},"url":"https:\/\/sandzakpress.net\/arhiva\/author\/bosniak\/"}]}},"_links":{"self":[{"href":"https:\/\/sandzakpress.net\/arhiva\/wp-json\/wp\/v2\/posts\/142539"}],"collection":[{"href":"https:\/\/sandzakpress.net\/arhiva\/wp-json\/wp\/v2\/posts"}],"about":[{"href":"https:\/\/sandzakpress.net\/arhiva\/wp-json\/wp\/v2\/types\/post"}],"author":[{"embeddable":true,"href":"https:\/\/sandzakpress.net\/arhiva\/wp-json\/wp\/v2\/users\/83"}],"replies":[{"embeddable":true,"href":"https:\/\/sandzakpress.net\/arhiva\/wp-json\/wp\/v2\/comments?post=142539"}],"version-history":[{"count":0,"href":"https:\/\/sandzakpress.net\/arhiva\/wp-json\/wp\/v2\/posts\/142539\/revisions"}],"wp:featuredmedia":[{"embeddable":true,"href":"https:\/\/sandzakpress.net\/arhiva\/wp-json\/wp\/v2\/media\/142555"}],"wp:attachment":[{"href":"https:\/\/sandzakpress.net\/arhiva\/wp-json\/wp\/v2\/media?parent=142539"}],"wp:term":[{"taxonomy":"category","embeddable":true,"href":"https:\/\/sandzakpress.net\/arhiva\/wp-json\/wp\/v2\/categories?post=142539"},{"taxonomy":"post_tag","embeddable":true,"href":"https:\/\/sandzakpress.net\/arhiva\/wp-json\/wp\/v2\/tags?post=142539"}],"curies":[{"name":"wp","href":"https:\/\/api.w.org\/{rel}","templated":true}]}}