{"id":142505,"date":"2015-10-24T12:19:55","date_gmt":"2015-10-24T10:19:55","guid":{"rendered":"https:\/\/sandzakpress.net\/arhiva\/banu-podrzava-rad-bosnjackih-filologa-i-branit-ce-njihov-naucni-i-moralni-integritet"},"modified":"2015-10-24T14:30:26","modified_gmt":"2015-10-24T12:30:26","slug":"banu-podrzava-rad-bosnjackih-filologa-i-branit-ce-njihov-naucni-i-moralni-integritet","status":"publish","type":"post","link":"https:\/\/sandzakpress.net\/arhiva\/banu-podrzava-rad-bosnjackih-filologa-i-branit-ce-njihov-naucni-i-moralni-integritet\/","title":{"rendered":"BANU podr\u017eava rad bo\u0161nja\u010dkih filologa i branit \u0107e njihov nau\u010dni i moralni integritet"},"content":{"rendered":"<p style=\"text-align: justify;\"><strong><a href=\"http:\/\/bosnapress.net\/wp-content\/uploads\/2015\/10\/5.jpg\"><img loading=\"lazy\" decoding=\"async\" class=\"alignnone size-large wp-image-153964\" src=\"http:\/\/bosnapress.net\/wp-content\/uploads\/2015\/10\/5-616x411.jpg\" alt=\"5\" width=\"600\" height=\"400\" \/><\/a>Sarajevo \u2013 Bo\u0161nja\u010dka akademija nauka i umjetnosti (BANU) oglasila se saop\u0107enjem za javnost povodom medijskih napada na akademika D\u017eevada Jahi\u0107a, autora Rje\u010dnika bosanskog jezika u kojem isti\u010de da\u00a0stoji iza rada bo\u0161nja\u010dkih filologa, podr\u017eava taj rad i branit \u0107e njihov nau\u010dni i moralni integritet od ovakvih napada i poku\u0161aja diskreditacije otkuda god oni dolazili<\/strong><br \/> <span id=\"more-153963\"><\/span><\/p>\n<p style=\"text-align: justify;\">\u00a0\u00a0\u00a0\u00a0 U zadnje vrijeme svjedoci smo bezobzirnih pritisaka iz manjeg entiteta, a osobito nakon o\u010dite krize u kojoj se na\u0161lo vo\u0111stvo tog entiteta zbog sve o\u0161trijih kritika mjera o\u010dite diskriminacije koja se na prostoru tog entiteta vr\u0161i nad pripadnicima drugih naroda, a osobito bo\u0161nja\u010dkog naroda, mjera koje idu od negacije njihovih politi\u010dkih, kulturnih, socijalnih i imovinskih pitanja, do pristrasne sudske prakse i promjene imena gradova, spomeni\u010dkih mjesta i ulica, a \u0161to sve ima cilj da se Bo\u0161njaci sasvim eliminiraju sa prostora tog entiteta i tako dovr\u0161i etni\u010dko \u010di\u0161\u0107enje zapo\u010deto tokom agresije.\u00a0 Sve te mjere uperene protiv Bo\u0161njaka imaju svoj logi\u010dni izraz i kulminiraju u naporu\u00a0 da se negira bosansko ime uop\u0107e i da se time potpuno mijenja ne samo stanje\u00a0 u Republici Srpskoj nego i ukupna slika Bosne i Hercegovine.<\/p>\n<p style=\"text-align: justify;\">\u00a0\u00a0\u00a0\u00a0 Sva ta antidejtonska, pravno neodr\u017eiva i genocidna, djelovanja kulminiraju u potpunom negiranju postojanja jezika Bo\u0161njaka koji se od iskona naziva <em>bosanskim<\/em> i koji ima jasan teritorijalni i historijski kontinuitet vi\u0161e od hiljadu godina. Ime i upotrebu tog jezika najprije je zabranjivala austrijska okupatorska uprava u Bosni i Hercegovini, a sada to poku\u0161ava \u010diniti i srpska entitetska uprava, koja se time pona\u0161a na jednak na\u010din kao i austrougarski okupator. Naime, pored toga \u0161to je ta uprava potpuno pravoslavizirala cjelokupan obrazovni sistem i sistem kulturnih institucija, te sve one nose imena srpskih svetaca i zna\u010dajnih ljudi srpske historije, nasilno iselila pola miliona Bo\u0161njaka, ona je preduzela i obimne mjere sistematskog zatiranja bosanske toponomastike, nasilno mijenjaju\u0107i imena gradova i na mjesto izvornih i historijskih uvode\u0107i srpske znakove i toponime naseljenih mjesta, trgova, ulica, gradskih rejona i lokaliteta. Sve se u tome dijelu Bosne i Hercegovine nasilno i bezobzirno srbizira i time vr\u0161i zlo\u010din genocida, kako je on definiran u me\u0111unarodnom pravu.<\/p>\n<p style=\"text-align: justify;\">\u00a0\u00a0\u00a0\u00a0 Najve\u0107i zlo\u010din koji ima genocidno zna\u010denje ipak predstavlja zabrana u\u010denja i upotrebe naziva sopstvenog jezika za Bo\u0161njake. Kad su po\u010dele u\u010destale reakcije javnosti i posebno institucija bo\u0161nja\u010dkog naroda protiv ovih diskriminatorskih mjera srpske vlasti, do\u0161lo je do podr\u0161ke toj vlasti ne samo od strane politi\u010dkih nego i nau\u010dnih institucija iz Srbije.Tako je \u010dak i SANU poku\u0161ala podr\u017eati ovu genocidnu politiku, koja implicira negaciju i naroda i zemlje Bosne, do koje se dolazi diskriminacijom bosanskog imena. Kada je to razotkriveno kao obi\u010dno politikanstvo, tada se te\u017ei\u0161te takve negacije\u00a0 prenijelo na diskriminiranje najistaknutijih bo\u0161nja\u010dkih nau\u010dnika koji su zapo\u010deli rad na obradi jezika svog naroda i tako definitivno skinuli veo skrivanja istine o njemu i stali u odbranu iskonskoga prava naroda na svoj jezik i prava da taj svoj jezik imenuje historijskim imenom svoje zemlje. Poku\u0161aji da se u toj kampanji protiv bo\u0161nja\u010dkih filolo\u0161kih autoriteta anga\u017eiraju razni ljudi \u017eeljni li\u010dne slave i koristi samo su ponavljanje nekada uspje\u0161ne, a danas bezuspje\u0161ne, prakse kori\u0161tenja denacionaliziranih i korumpiranih Bo\u0161njaka, ili bolje re\u0107i muslimana, koji nemaju nacionalnu svijest, koji vi\u0161e ne zna\u010de ni\u0161ta u bo\u0161nja\u010dkoj javnosti, niti \u0107e odlu\u010divati o sudbini na\u0161eg naroda i njegovog jezika.<\/p>\n<p style=\"text-align: justify;\">\u00a0\u00a0\u00a0\u00a0 Bo\u0161nja\u010dka akademija nauka i umjetnosti (BANU), kao najvi\u0161a nau\u010dna institucija bo\u0161nja\u010dkog naroda u cjelini, stoji iza rada bo\u0161nja\u010dkih filologa, podr\u017eava taj rad i branit \u0107e njihov nau\u010dni i moralni integritet od ovakvih napada i poku\u0161aja diskreditacije otkuda god oni dolazili, saop\u0107eno je iz Informativne slu\u017ebe BANU.<\/p>\n<p style=\"text-align: justify;\">(Bosna PRESS)<\/p>\n<p style=\"text-align: justify;\">Pogledajte vijest na izvornom sajtu:<\/p>\n<p><a href=\"http:\/\/bosnapress.net\/banu-podrzava-rad-bosnjackih-filologa-i-branit-ce-njihov-naucni-i-moralni-integritet\/\" target=\"_blank\">BANU podr\u017eava rad bo\u0161nja\u010dkih filologa i branit \u0107e njihov nau\u010dni i moralni integritet<\/a><\/p>\n","protected":false},"excerpt":{"rendered":"<p>Sarajevo \u2013 Bo\u0161nja\u010dka akademija nauka i umjetnosti (BANU) oglasila se saop\u0107enjem za javnost povodom medijskih napada na akademika D\u017eevada Jahi\u0107a, autora Rje\u010dnika bosanskog jezika u kojem isti\u010de da\u00a0stoji iza rada bo\u0161nja\u010dkih filologa, podr\u017eava taj rad i branit \u0107e njihov nau\u010dni i moralni integritet od ovakvih napada i poku\u0161aja diskreditacije otkuda god oni dolazili \u00a0\u00a0\u00a0\u00a0 U [&hellip;]<\/p>\n","protected":false},"author":83,"featured_media":142507,"comment_status":"open","ping_status":"open","sticky":false,"template":"","format":"standard","meta":{"footnotes":""},"categories":[10513,8957],"tags":[10466],"class_list":{"0":"post-142505","1":"post","2":"type-post","3":"status-publish","4":"format-standard","5":"has-post-thumbnail","7":"category-bosna-press","8":"category-vijesti-dana","9":"tag-bosna-i-hercegovina"},"yoast_head":"<!-- This site is optimized with the Yoast SEO Premium plugin v23.1 (Yoast SEO v24.9) - https:\/\/yoast.com\/wordpress\/plugins\/seo\/ -->\n<title>BANU podr\u017eava rad bo\u0161nja\u010dkih filologa i branit \u0107e njihov nau\u010dni i moralni integritet<\/title>\n<meta name=\"robots\" content=\"index, follow, max-snippet:-1, max-image-preview:large, max-video-preview:-1\" \/>\n<link rel=\"canonical\" href=\"https:\/\/sandzakpress.net\/arhiva\/banu-podrzava-rad-bosnjackih-filologa-i-branit-ce-njihov-naucni-i-moralni-integritet\/\" \/>\n<meta property=\"og:locale\" content=\"bs_BA\" \/>\n<meta property=\"og:type\" content=\"article\" \/>\n<meta property=\"og:title\" content=\"BANU podr\u017eava rad bo\u0161nja\u010dkih filologa i branit \u0107e njihov nau\u010dni i moralni integritet\" \/>\n<meta property=\"og:description\" content=\"Sarajevo \u2013 Bo\u0161nja\u010dka akademija nauka i umjetnosti (BANU) oglasila se saop\u0107enjem za javnost povodom medijskih napada na akademika D\u017eevada Jahi\u0107a, autora Rje\u010dnika bosanskog jezika u kojem isti\u010de da\u00a0stoji iza rada bo\u0161nja\u010dkih filologa, podr\u017eava taj rad i branit \u0107e njihov nau\u010dni i moralni integritet od ovakvih napada i poku\u0161aja diskreditacije otkuda god oni dolazili \u00a0\u00a0\u00a0\u00a0 U [&hellip;]\" \/>\n<meta property=\"og:url\" content=\"https:\/\/sandzakpress.net\/arhiva\/banu-podrzava-rad-bosnjackih-filologa-i-branit-ce-njihov-naucni-i-moralni-integritet\/\" \/>\n<meta property=\"og:site_name\" content=\"Sand\u017eak PRESS\" \/>\n<meta property=\"article:published_time\" content=\"2015-10-24T10:19:55+00:00\" \/>\n<meta property=\"article:modified_time\" content=\"2015-10-24T12:30:26+00:00\" \/>\n<meta property=\"og:image\" content=\"https:\/\/sandzakpress.net\/arhiva\/wp-content\/uploads\/2015\/10\/5-616x4111.jpg\" \/>\n\t<meta property=\"og:image:width\" content=\"616\" \/>\n\t<meta property=\"og:image:height\" content=\"411\" \/>\n\t<meta property=\"og:image:type\" content=\"image\/jpeg\" \/>\n<meta name=\"author\" content=\"bosniak\" \/>\n<meta name=\"twitter:card\" content=\"summary_large_image\" \/>\n<meta name=\"twitter:label1\" content=\"Written by\" \/>\n\t<meta name=\"twitter:data1\" content=\"bosniak\" \/>\n\t<meta name=\"twitter:label2\" content=\"Est. reading time\" \/>\n\t<meta name=\"twitter:data2\" content=\"3 minute\" \/>\n<script type=\"application\/ld+json\" class=\"yoast-schema-graph\">{\"@context\":\"https:\/\/schema.org\",\"@graph\":[{\"@type\":\"Article\",\"@id\":\"https:\/\/sandzakpress.net\/arhiva\/banu-podrzava-rad-bosnjackih-filologa-i-branit-ce-njihov-naucni-i-moralni-integritet\/#article\",\"isPartOf\":{\"@id\":\"https:\/\/sandzakpress.net\/arhiva\/banu-podrzava-rad-bosnjackih-filologa-i-branit-ce-njihov-naucni-i-moralni-integritet\/\"},\"author\":{\"name\":\"bosniak\",\"@id\":\"https:\/\/sandzakpress.net\/arhiva\/#\/schema\/person\/c8baee722073534b583ea7bdb2e36c02\"},\"headline\":\"BANU podr\u017eava rad bo\u0161nja\u010dkih filologa i branit \u0107e njihov nau\u010dni i moralni integritet\",\"datePublished\":\"2015-10-24T10:19:55+00:00\",\"dateModified\":\"2015-10-24T12:30:26+00:00\",\"mainEntityOfPage\":{\"@id\":\"https:\/\/sandzakpress.net\/arhiva\/banu-podrzava-rad-bosnjackih-filologa-i-branit-ce-njihov-naucni-i-moralni-integritet\/\"},\"wordCount\":714,\"commentCount\":0,\"publisher\":{\"@id\":\"https:\/\/sandzakpress.net\/arhiva\/#\/schema\/person\/6e72b67d6e51910a1117b3b483ba20bd\"},\"image\":{\"@id\":\"https:\/\/sandzakpress.net\/arhiva\/banu-podrzava-rad-bosnjackih-filologa-i-branit-ce-njihov-naucni-i-moralni-integritet\/#primaryimage\"},\"thumbnailUrl\":\"https:\/\/sandzakpress.net\/arhiva\/wp-content\/uploads\/2015\/10\/5-616x4111.jpg\",\"keywords\":[\"Bosna i Hercegovina\"],\"articleSection\":[\"Bosna PRESS\",\"VIJESTI DANA\"],\"inLanguage\":\"bs-BA\",\"potentialAction\":[{\"@type\":\"CommentAction\",\"name\":\"Comment\",\"target\":[\"https:\/\/sandzakpress.net\/arhiva\/banu-podrzava-rad-bosnjackih-filologa-i-branit-ce-njihov-naucni-i-moralni-integritet\/#respond\"]}]},{\"@type\":\"WebPage\",\"@id\":\"https:\/\/sandzakpress.net\/arhiva\/banu-podrzava-rad-bosnjackih-filologa-i-branit-ce-njihov-naucni-i-moralni-integritet\/\",\"url\":\"https:\/\/sandzakpress.net\/arhiva\/banu-podrzava-rad-bosnjackih-filologa-i-branit-ce-njihov-naucni-i-moralni-integritet\/\",\"name\":\"BANU podr\u017eava rad bo\u0161nja\u010dkih filologa i branit \u0107e njihov nau\u010dni i moralni integritet\",\"isPartOf\":{\"@id\":\"https:\/\/sandzakpress.net\/arhiva\/#website\"},\"primaryImageOfPage\":{\"@id\":\"https:\/\/sandzakpress.net\/arhiva\/banu-podrzava-rad-bosnjackih-filologa-i-branit-ce-njihov-naucni-i-moralni-integritet\/#primaryimage\"},\"image\":{\"@id\":\"https:\/\/sandzakpress.net\/arhiva\/banu-podrzava-rad-bosnjackih-filologa-i-branit-ce-njihov-naucni-i-moralni-integritet\/#primaryimage\"},\"thumbnailUrl\":\"https:\/\/sandzakpress.net\/arhiva\/wp-content\/uploads\/2015\/10\/5-616x4111.jpg\",\"datePublished\":\"2015-10-24T10:19:55+00:00\",\"dateModified\":\"2015-10-24T12:30:26+00:00\",\"breadcrumb\":{\"@id\":\"https:\/\/sandzakpress.net\/arhiva\/banu-podrzava-rad-bosnjackih-filologa-i-branit-ce-njihov-naucni-i-moralni-integritet\/#breadcrumb\"},\"inLanguage\":\"bs-BA\",\"potentialAction\":[{\"@type\":\"ReadAction\",\"target\":[\"https:\/\/sandzakpress.net\/arhiva\/banu-podrzava-rad-bosnjackih-filologa-i-branit-ce-njihov-naucni-i-moralni-integritet\/\"]}]},{\"@type\":\"ImageObject\",\"inLanguage\":\"bs-BA\",\"@id\":\"https:\/\/sandzakpress.net\/arhiva\/banu-podrzava-rad-bosnjackih-filologa-i-branit-ce-njihov-naucni-i-moralni-integritet\/#primaryimage\",\"url\":\"https:\/\/sandzakpress.net\/arhiva\/wp-content\/uploads\/2015\/10\/5-616x4111.jpg\",\"contentUrl\":\"https:\/\/sandzakpress.net\/arhiva\/wp-content\/uploads\/2015\/10\/5-616x4111.jpg\",\"width\":616,\"height\":411},{\"@type\":\"BreadcrumbList\",\"@id\":\"https:\/\/sandzakpress.net\/arhiva\/banu-podrzava-rad-bosnjackih-filologa-i-branit-ce-njihov-naucni-i-moralni-integritet\/#breadcrumb\",\"itemListElement\":[{\"@type\":\"ListItem\",\"position\":1,\"name\":\"Home\",\"item\":\"https:\/\/sandzakpress.net\/arhiva\/\"},{\"@type\":\"ListItem\",\"position\":2,\"name\":\"BANU podr\u017eava rad bo\u0161nja\u010dkih filologa i branit \u0107e njihov nau\u010dni i moralni integritet\"}]},{\"@type\":\"WebSite\",\"@id\":\"https:\/\/sandzakpress.net\/arhiva\/#website\",\"url\":\"https:\/\/sandzakpress.net\/arhiva\/\",\"name\":\"Sand\u017eak PRESS\",\"description\":\"Prve elektronske novine u Sand\u017eaku\",\"publisher\":{\"@id\":\"https:\/\/sandzakpress.net\/arhiva\/#\/schema\/person\/6e72b67d6e51910a1117b3b483ba20bd\"},\"potentialAction\":[{\"@type\":\"SearchAction\",\"target\":{\"@type\":\"EntryPoint\",\"urlTemplate\":\"https:\/\/sandzakpress.net\/arhiva\/?s={search_term_string}\"},\"query-input\":{\"@type\":\"PropertyValueSpecification\",\"valueRequired\":true,\"valueName\":\"search_term_string\"}}],\"inLanguage\":\"bs-BA\"},{\"@type\":[\"Person\",\"Organization\"],\"@id\":\"https:\/\/sandzakpress.net\/arhiva\/#\/schema\/person\/6e72b67d6e51910a1117b3b483ba20bd\",\"name\":\"Kul\",\"image\":{\"@type\":\"ImageObject\",\"inLanguage\":\"bs-BA\",\"@id\":\"https:\/\/sandzakpress.net\/arhiva\/#\/schema\/person\/image\/\",\"url\":\"https:\/\/secure.gravatar.com\/avatar\/42263f39aa27ac04c43cab85c280eb2e?s=96&d=mm&r=pg\",\"contentUrl\":\"https:\/\/secure.gravatar.com\/avatar\/42263f39aa27ac04c43cab85c280eb2e?s=96&d=mm&r=pg\",\"caption\":\"Kul\"},\"logo\":{\"@id\":\"https:\/\/sandzakpress.net\/arhiva\/#\/schema\/person\/image\/\"}},{\"@type\":\"Person\",\"@id\":\"https:\/\/sandzakpress.net\/arhiva\/#\/schema\/person\/c8baee722073534b583ea7bdb2e36c02\",\"name\":\"bosniak\",\"image\":{\"@type\":\"ImageObject\",\"inLanguage\":\"bs-BA\",\"@id\":\"https:\/\/sandzakpress.net\/arhiva\/#\/schema\/person\/image\/\",\"url\":\"https:\/\/secure.gravatar.com\/avatar\/a04fd330bfe3a36a72a0ad4a6d89fca7?s=96&d=mm&r=pg\",\"contentUrl\":\"https:\/\/secure.gravatar.com\/avatar\/a04fd330bfe3a36a72a0ad4a6d89fca7?s=96&d=mm&r=pg\",\"caption\":\"bosniak\"},\"url\":\"https:\/\/sandzakpress.net\/arhiva\/author\/bosniak\/\"}]}<\/script>\n<!-- \/ Yoast SEO Premium plugin. -->","yoast_head_json":{"title":"BANU podr\u017eava rad bo\u0161nja\u010dkih filologa i branit \u0107e njihov nau\u010dni i moralni integritet","robots":{"index":"index","follow":"follow","max-snippet":"max-snippet:-1","max-image-preview":"max-image-preview:large","max-video-preview":"max-video-preview:-1"},"canonical":"https:\/\/sandzakpress.net\/arhiva\/banu-podrzava-rad-bosnjackih-filologa-i-branit-ce-njihov-naucni-i-moralni-integritet\/","og_locale":"bs_BA","og_type":"article","og_title":"BANU podr\u017eava rad bo\u0161nja\u010dkih filologa i branit \u0107e njihov nau\u010dni i moralni integritet","og_description":"Sarajevo \u2013 Bo\u0161nja\u010dka akademija nauka i umjetnosti (BANU) oglasila se saop\u0107enjem za javnost povodom medijskih napada na akademika D\u017eevada Jahi\u0107a, autora Rje\u010dnika bosanskog jezika u kojem isti\u010de da\u00a0stoji iza rada bo\u0161nja\u010dkih filologa, podr\u017eava taj rad i branit \u0107e njihov nau\u010dni i moralni integritet od ovakvih napada i poku\u0161aja diskreditacije otkuda god oni dolazili \u00a0\u00a0\u00a0\u00a0 U [&hellip;]","og_url":"https:\/\/sandzakpress.net\/arhiva\/banu-podrzava-rad-bosnjackih-filologa-i-branit-ce-njihov-naucni-i-moralni-integritet\/","og_site_name":"Sand\u017eak PRESS","article_published_time":"2015-10-24T10:19:55+00:00","article_modified_time":"2015-10-24T12:30:26+00:00","og_image":[{"width":616,"height":411,"url":"https:\/\/sandzakpress.net\/arhiva\/wp-content\/uploads\/2015\/10\/5-616x4111.jpg","type":"image\/jpeg"}],"author":"bosniak","twitter_card":"summary_large_image","twitter_misc":{"Written by":"bosniak","Est. reading time":"3 minute"},"schema":{"@context":"https:\/\/schema.org","@graph":[{"@type":"Article","@id":"https:\/\/sandzakpress.net\/arhiva\/banu-podrzava-rad-bosnjackih-filologa-i-branit-ce-njihov-naucni-i-moralni-integritet\/#article","isPartOf":{"@id":"https:\/\/sandzakpress.net\/arhiva\/banu-podrzava-rad-bosnjackih-filologa-i-branit-ce-njihov-naucni-i-moralni-integritet\/"},"author":{"name":"bosniak","@id":"https:\/\/sandzakpress.net\/arhiva\/#\/schema\/person\/c8baee722073534b583ea7bdb2e36c02"},"headline":"BANU podr\u017eava rad bo\u0161nja\u010dkih filologa i branit \u0107e njihov nau\u010dni i moralni integritet","datePublished":"2015-10-24T10:19:55+00:00","dateModified":"2015-10-24T12:30:26+00:00","mainEntityOfPage":{"@id":"https:\/\/sandzakpress.net\/arhiva\/banu-podrzava-rad-bosnjackih-filologa-i-branit-ce-njihov-naucni-i-moralni-integritet\/"},"wordCount":714,"commentCount":0,"publisher":{"@id":"https:\/\/sandzakpress.net\/arhiva\/#\/schema\/person\/6e72b67d6e51910a1117b3b483ba20bd"},"image":{"@id":"https:\/\/sandzakpress.net\/arhiva\/banu-podrzava-rad-bosnjackih-filologa-i-branit-ce-njihov-naucni-i-moralni-integritet\/#primaryimage"},"thumbnailUrl":"https:\/\/sandzakpress.net\/arhiva\/wp-content\/uploads\/2015\/10\/5-616x4111.jpg","keywords":["Bosna i Hercegovina"],"articleSection":["Bosna PRESS","VIJESTI DANA"],"inLanguage":"bs-BA","potentialAction":[{"@type":"CommentAction","name":"Comment","target":["https:\/\/sandzakpress.net\/arhiva\/banu-podrzava-rad-bosnjackih-filologa-i-branit-ce-njihov-naucni-i-moralni-integritet\/#respond"]}]},{"@type":"WebPage","@id":"https:\/\/sandzakpress.net\/arhiva\/banu-podrzava-rad-bosnjackih-filologa-i-branit-ce-njihov-naucni-i-moralni-integritet\/","url":"https:\/\/sandzakpress.net\/arhiva\/banu-podrzava-rad-bosnjackih-filologa-i-branit-ce-njihov-naucni-i-moralni-integritet\/","name":"BANU podr\u017eava rad bo\u0161nja\u010dkih filologa i branit \u0107e njihov nau\u010dni i moralni integritet","isPartOf":{"@id":"https:\/\/sandzakpress.net\/arhiva\/#website"},"primaryImageOfPage":{"@id":"https:\/\/sandzakpress.net\/arhiva\/banu-podrzava-rad-bosnjackih-filologa-i-branit-ce-njihov-naucni-i-moralni-integritet\/#primaryimage"},"image":{"@id":"https:\/\/sandzakpress.net\/arhiva\/banu-podrzava-rad-bosnjackih-filologa-i-branit-ce-njihov-naucni-i-moralni-integritet\/#primaryimage"},"thumbnailUrl":"https:\/\/sandzakpress.net\/arhiva\/wp-content\/uploads\/2015\/10\/5-616x4111.jpg","datePublished":"2015-10-24T10:19:55+00:00","dateModified":"2015-10-24T12:30:26+00:00","breadcrumb":{"@id":"https:\/\/sandzakpress.net\/arhiva\/banu-podrzava-rad-bosnjackih-filologa-i-branit-ce-njihov-naucni-i-moralni-integritet\/#breadcrumb"},"inLanguage":"bs-BA","potentialAction":[{"@type":"ReadAction","target":["https:\/\/sandzakpress.net\/arhiva\/banu-podrzava-rad-bosnjackih-filologa-i-branit-ce-njihov-naucni-i-moralni-integritet\/"]}]},{"@type":"ImageObject","inLanguage":"bs-BA","@id":"https:\/\/sandzakpress.net\/arhiva\/banu-podrzava-rad-bosnjackih-filologa-i-branit-ce-njihov-naucni-i-moralni-integritet\/#primaryimage","url":"https:\/\/sandzakpress.net\/arhiva\/wp-content\/uploads\/2015\/10\/5-616x4111.jpg","contentUrl":"https:\/\/sandzakpress.net\/arhiva\/wp-content\/uploads\/2015\/10\/5-616x4111.jpg","width":616,"height":411},{"@type":"BreadcrumbList","@id":"https:\/\/sandzakpress.net\/arhiva\/banu-podrzava-rad-bosnjackih-filologa-i-branit-ce-njihov-naucni-i-moralni-integritet\/#breadcrumb","itemListElement":[{"@type":"ListItem","position":1,"name":"Home","item":"https:\/\/sandzakpress.net\/arhiva\/"},{"@type":"ListItem","position":2,"name":"BANU podr\u017eava rad bo\u0161nja\u010dkih filologa i branit \u0107e njihov nau\u010dni i moralni integritet"}]},{"@type":"WebSite","@id":"https:\/\/sandzakpress.net\/arhiva\/#website","url":"https:\/\/sandzakpress.net\/arhiva\/","name":"Sand\u017eak PRESS","description":"Prve elektronske novine u Sand\u017eaku","publisher":{"@id":"https:\/\/sandzakpress.net\/arhiva\/#\/schema\/person\/6e72b67d6e51910a1117b3b483ba20bd"},"potentialAction":[{"@type":"SearchAction","target":{"@type":"EntryPoint","urlTemplate":"https:\/\/sandzakpress.net\/arhiva\/?s={search_term_string}"},"query-input":{"@type":"PropertyValueSpecification","valueRequired":true,"valueName":"search_term_string"}}],"inLanguage":"bs-BA"},{"@type":["Person","Organization"],"@id":"https:\/\/sandzakpress.net\/arhiva\/#\/schema\/person\/6e72b67d6e51910a1117b3b483ba20bd","name":"Kul","image":{"@type":"ImageObject","inLanguage":"bs-BA","@id":"https:\/\/sandzakpress.net\/arhiva\/#\/schema\/person\/image\/","url":"https:\/\/secure.gravatar.com\/avatar\/42263f39aa27ac04c43cab85c280eb2e?s=96&d=mm&r=pg","contentUrl":"https:\/\/secure.gravatar.com\/avatar\/42263f39aa27ac04c43cab85c280eb2e?s=96&d=mm&r=pg","caption":"Kul"},"logo":{"@id":"https:\/\/sandzakpress.net\/arhiva\/#\/schema\/person\/image\/"}},{"@type":"Person","@id":"https:\/\/sandzakpress.net\/arhiva\/#\/schema\/person\/c8baee722073534b583ea7bdb2e36c02","name":"bosniak","image":{"@type":"ImageObject","inLanguage":"bs-BA","@id":"https:\/\/sandzakpress.net\/arhiva\/#\/schema\/person\/image\/","url":"https:\/\/secure.gravatar.com\/avatar\/a04fd330bfe3a36a72a0ad4a6d89fca7?s=96&d=mm&r=pg","contentUrl":"https:\/\/secure.gravatar.com\/avatar\/a04fd330bfe3a36a72a0ad4a6d89fca7?s=96&d=mm&r=pg","caption":"bosniak"},"url":"https:\/\/sandzakpress.net\/arhiva\/author\/bosniak\/"}]}},"_links":{"self":[{"href":"https:\/\/sandzakpress.net\/arhiva\/wp-json\/wp\/v2\/posts\/142505"}],"collection":[{"href":"https:\/\/sandzakpress.net\/arhiva\/wp-json\/wp\/v2\/posts"}],"about":[{"href":"https:\/\/sandzakpress.net\/arhiva\/wp-json\/wp\/v2\/types\/post"}],"author":[{"embeddable":true,"href":"https:\/\/sandzakpress.net\/arhiva\/wp-json\/wp\/v2\/users\/83"}],"replies":[{"embeddable":true,"href":"https:\/\/sandzakpress.net\/arhiva\/wp-json\/wp\/v2\/comments?post=142505"}],"version-history":[{"count":0,"href":"https:\/\/sandzakpress.net\/arhiva\/wp-json\/wp\/v2\/posts\/142505\/revisions"}],"wp:featuredmedia":[{"embeddable":true,"href":"https:\/\/sandzakpress.net\/arhiva\/wp-json\/wp\/v2\/media\/142507"}],"wp:attachment":[{"href":"https:\/\/sandzakpress.net\/arhiva\/wp-json\/wp\/v2\/media?parent=142505"}],"wp:term":[{"taxonomy":"category","embeddable":true,"href":"https:\/\/sandzakpress.net\/arhiva\/wp-json\/wp\/v2\/categories?post=142505"},{"taxonomy":"post_tag","embeddable":true,"href":"https:\/\/sandzakpress.net\/arhiva\/wp-json\/wp\/v2\/tags?post=142505"}],"curies":[{"name":"wp","href":"https:\/\/api.w.org\/{rel}","templated":true}]}}