{"id":142341,"date":"2015-10-23T15:00:16","date_gmt":"2015-10-23T13:00:16","guid":{"rendered":"https:\/\/sandzakpress.net\/arhiva\/?p=142341"},"modified":"2015-10-23T16:14:48","modified_gmt":"2015-10-23T14:14:48","slug":"sandzaklija-kandidat-nacionalnih-zajednica-za-zastupnika-u-saboru-hrvatske","status":"publish","type":"post","link":"https:\/\/sandzakpress.net\/arhiva\/sandzaklija-kandidat-nacionalnih-zajednica-za-zastupnika-u-saboru-hrvatske\/","title":{"rendered":"Sand\u017eaklija kandidat nacionalnih zajednica za zastupnika u Saboru Hrvatske"},"content":{"rendered":"<p><img loading=\"lazy\" decoding=\"async\" class=\"aligncenter size-full wp-image-142342\" src=\"https:\/\/sandzakpress.net\/arhiva\/wp-content\/uploads\/2015\/10\/12039280_147715978908224_6153642531672375065_n.jpg\" alt=\"12039280_147715978908224_6153642531672375065_n\" width=\"542\" height=\"542\" srcset=\"https:\/\/sandzakpress.net\/arhiva\/wp-content\/uploads\/2015\/10\/12039280_147715978908224_6153642531672375065_n.jpg 542w, https:\/\/sandzakpress.net\/arhiva\/wp-content\/uploads\/2015\/10\/12039280_147715978908224_6153642531672375065_n-150x150.jpg 150w, https:\/\/sandzakpress.net\/arhiva\/wp-content\/uploads\/2015\/10\/12039280_147715978908224_6153642531672375065_n-90x90.jpg 90w, https:\/\/sandzakpress.net\/arhiva\/wp-content\/uploads\/2015\/10\/12039280_147715978908224_6153642531672375065_n-380x380.jpg 380w, https:\/\/sandzakpress.net\/arhiva\/wp-content\/uploads\/2015\/10\/12039280_147715978908224_6153642531672375065_n-125x125.jpg 125w\" sizes=\"(max-width: 542px) 100vw, 542px\" \/><\/p>\n<p><strong>Sjenica, Hrvatska &#8211; Kandidat za zastupnika u Saboru RH albanske, bo\u0161nja\u010dke, crnogorske, makedonske i slovenske nacionalne manjine u Republici Hrvatskoj Lutvija Graca ro\u0111en, 6. 5. 1957. godine u Sjenici. Osnovnu \u0161kolu zavr\u0161io u Novom Pazaru, srednju tehni\u010dku \u0161kolu u Beogradu, Vi\u0161u tehni\u010dku u \u010ca\u010dku, a Tehni\u010dki fakultet u Rijeci i stekao zvanje diplomiranog in\u017eenjera strojarstva. O\u017eenjen sam i otac dva sina. Stariji Nermin, 25 god., po zanimanju magistar ekonomije i trenutno poha\u0111a 5 godinu Logistike i menad\u017ementa na Pomorskom fakultetu.<\/strong><\/p>\n<p>Mla\u0111i Emin, 23 god., poha\u0111a 4. godinu brodo strojarstva tako\u0111er na Pomorskom fakultetu. Nakon zavr\u0161etka fakulteta zaposlio sam se u rije\u010dkoj tvrtki Bimont u tehni\u010dko-tehnolo\u0161koj pripremi. Tromi poslovni sustav nije mi dao dovoljno prostora za isticanje vlasti-tih poduzetni\u010dkih vizija i za profesionalni napredak zbog \u010dega napu\u0161tam sigurnost radnog mjesta i zapo\u010dinjem vlastiti privatni poduzetni\u010dki poduhvat. Najprije osnivam privatni trgova\u010dki obrt 1989. g., a 1990. g. osnivam obiteljsku tvrtku koju sam doveo do srednje velike tvrtke \u010dija se imovina procjenjuje na cca 20 milijuna eura.<\/p>\n<p>U kreiranju poslovne vizije i sustava poslovanja, simpatije su mi okrenute primarnoj proizvodnji i stvaranju novih vrijednosti. Tako u poslovnom sustavu instaliram komplementarni spoj trgovine i proizvodnje. Usporedno sa poduzetni\u010dkom gradio sam i karijeru sportskog djelatnika kroz anga\u017eman u nekoliko sportskih sredina. Zbog izrazite sklonosti boksa\u010dkom sportu, a i sam sam se nekad aktivno bavio boksom, u periodu od 1992-1996. g. \u010d l a n s a m I z v r \u0161 n o g o d b o r a Boksa\u010dkog kluba Rijeka iz Rijeke. Od 1998-2002. g. obna\u0161am du\u017enost \u010dlana Odbora za me\u0111unarodnu suradnju Hrvatskog saveza profesionalnog boksa. Od 2005. g. do danas nalazim se na mjestu predsjednika Hrvatskog saveza profesionalnog boksa. Bio sam doma\u0107in i suorganizator 44-og Kongresa World Boxing Council (WBC) pod pokroviteljstvom predsjednika Republike gosp. Stjepana Mesi\u0107a, odr\u017eanog 2006.g u Dubrovniku, na kojem je sudjelovalo preko 100 dr\u017eava iz cijelog svijeta. Od 2007. g, \u010dlan sam Izvr\u0161nog odbora europske udruge Profesionalnog boksa za srednju i jugoisto\u010dnu Europu.<\/p>\n<p>Ove aktivnosti omogu\u0107ile su mi brojne i zna\u010dajne kontakte i suradnju s najvi\u0161im dru\u0161tvenim i dr\u017eavnim du\u017enosnicima. Vi\u0161e puta sam bio na prijemima kod predsjednika Republike g. Stjepana Mesi\u0107a i Premijera Republike Hrvatske, te se susretao s nizom najvi\u0161ih vladinih \u010dlanova i dr\u017eavnih du\u017enosnika.<\/p>\n","protected":false},"excerpt":{"rendered":"<p>Sjenica, Hrvatska &#8211; Kandidat za zastupnika u Saboru RH albanske, bo\u0161nja\u010dke, crnogorske, makedonske i slovenske nacionalne manjine u Republici Hrvatskoj Lutvija Graca ro\u0111en, 6. 5. 1957. godine u Sjenici. Osnovnu \u0161kolu zavr\u0161io u Novom Pazaru, srednju tehni\u010dku \u0161kolu u Beogradu, Vi\u0161u tehni\u010dku u \u010ca\u010dku, a Tehni\u010dki fakultet u Rijeci i stekao zvanje diplomiranog in\u017eenjera strojarstva. [&hellip;]<\/p>\n","protected":false},"author":83,"featured_media":142342,"comment_status":"open","ping_status":"open","sticky":false,"template":"","format":"standard","meta":{"footnotes":""},"categories":[1,52,10306,8957],"tags":[],"class_list":{"0":"post-142341","1":"post","2":"type-post","3":"status-publish","4":"format-standard","5":"has-post-thumbnail","7":"category-politika","8":"category-sjenica","9":"category-hrvatska","10":"category-vijesti-dana"},"yoast_head":"<!-- This site is optimized with the Yoast SEO Premium plugin v23.1 (Yoast SEO v24.9) - https:\/\/yoast.com\/wordpress\/plugins\/seo\/ -->\n<title>Sand\u017eaklija kandidat nacionalnih zajednica za zastupnika u Saboru Hrvatske<\/title>\n<meta name=\"robots\" content=\"index, follow, max-snippet:-1, max-image-preview:large, max-video-preview:-1\" \/>\n<link rel=\"canonical\" href=\"https:\/\/sandzakpress.net\/arhiva\/sandzaklija-kandidat-nacionalnih-zajednica-za-zastupnika-u-saboru-hrvatske\/\" \/>\n<meta property=\"og:locale\" content=\"bs_BA\" \/>\n<meta property=\"og:type\" content=\"article\" \/>\n<meta property=\"og:title\" content=\"Sand\u017eaklija kandidat nacionalnih zajednica za zastupnika u Saboru Hrvatske\" \/>\n<meta property=\"og:description\" content=\"Sjenica, Hrvatska &#8211; Kandidat za zastupnika u Saboru RH albanske, bo\u0161nja\u010dke, crnogorske, makedonske i slovenske nacionalne manjine u Republici Hrvatskoj Lutvija Graca ro\u0111en, 6. 5. 1957. godine u Sjenici. Osnovnu \u0161kolu zavr\u0161io u Novom Pazaru, srednju tehni\u010dku \u0161kolu u Beogradu, Vi\u0161u tehni\u010dku u \u010ca\u010dku, a Tehni\u010dki fakultet u Rijeci i stekao zvanje diplomiranog in\u017eenjera strojarstva. [&hellip;]\" \/>\n<meta property=\"og:url\" content=\"https:\/\/sandzakpress.net\/arhiva\/sandzaklija-kandidat-nacionalnih-zajednica-za-zastupnika-u-saboru-hrvatske\/\" \/>\n<meta property=\"og:site_name\" content=\"Sand\u017eak PRESS\" \/>\n<meta property=\"article:published_time\" content=\"2015-10-23T13:00:16+00:00\" \/>\n<meta property=\"article:modified_time\" content=\"2015-10-23T14:14:48+00:00\" \/>\n<meta property=\"og:image\" content=\"https:\/\/sandzakpress.net\/arhiva\/wp-content\/uploads\/2015\/10\/12039280_147715978908224_6153642531672375065_n.jpg\" \/>\n\t<meta property=\"og:image:width\" content=\"542\" \/>\n\t<meta property=\"og:image:height\" content=\"542\" \/>\n\t<meta property=\"og:image:type\" content=\"image\/jpeg\" \/>\n<meta name=\"author\" content=\"bosniak\" \/>\n<meta name=\"twitter:card\" content=\"summary_large_image\" \/>\n<meta name=\"twitter:label1\" content=\"Written by\" \/>\n\t<meta name=\"twitter:data1\" content=\"bosniak\" \/>\n\t<meta name=\"twitter:label2\" content=\"Est. reading time\" \/>\n\t<meta name=\"twitter:data2\" content=\"2 minute\" \/>\n<script type=\"application\/ld+json\" class=\"yoast-schema-graph\">{\"@context\":\"https:\/\/schema.org\",\"@graph\":[{\"@type\":\"Article\",\"@id\":\"https:\/\/sandzakpress.net\/arhiva\/sandzaklija-kandidat-nacionalnih-zajednica-za-zastupnika-u-saboru-hrvatske\/#article\",\"isPartOf\":{\"@id\":\"https:\/\/sandzakpress.net\/arhiva\/sandzaklija-kandidat-nacionalnih-zajednica-za-zastupnika-u-saboru-hrvatske\/\"},\"author\":{\"name\":\"bosniak\",\"@id\":\"https:\/\/sandzakpress.net\/arhiva\/#\/schema\/person\/c8baee722073534b583ea7bdb2e36c02\"},\"headline\":\"Sand\u017eaklija kandidat nacionalnih zajednica za zastupnika u Saboru Hrvatske\",\"datePublished\":\"2015-10-23T13:00:16+00:00\",\"dateModified\":\"2015-10-23T14:14:48+00:00\",\"mainEntityOfPage\":{\"@id\":\"https:\/\/sandzakpress.net\/arhiva\/sandzaklija-kandidat-nacionalnih-zajednica-za-zastupnika-u-saboru-hrvatske\/\"},\"wordCount\":415,\"commentCount\":1,\"publisher\":{\"@id\":\"https:\/\/sandzakpress.net\/arhiva\/#\/schema\/person\/6e72b67d6e51910a1117b3b483ba20bd\"},\"image\":{\"@id\":\"https:\/\/sandzakpress.net\/arhiva\/sandzaklija-kandidat-nacionalnih-zajednica-za-zastupnika-u-saboru-hrvatske\/#primaryimage\"},\"thumbnailUrl\":\"https:\/\/sandzakpress.net\/arhiva\/wp-content\/uploads\/2015\/10\/12039280_147715978908224_6153642531672375065_n.jpg\",\"articleSection\":[\"Politika\",\"Sjenica\",\"Hrvatska\",\"VIJESTI DANA\"],\"inLanguage\":\"bs-BA\",\"potentialAction\":[{\"@type\":\"CommentAction\",\"name\":\"Comment\",\"target\":[\"https:\/\/sandzakpress.net\/arhiva\/sandzaklija-kandidat-nacionalnih-zajednica-za-zastupnika-u-saboru-hrvatske\/#respond\"]}]},{\"@type\":\"WebPage\",\"@id\":\"https:\/\/sandzakpress.net\/arhiva\/sandzaklija-kandidat-nacionalnih-zajednica-za-zastupnika-u-saboru-hrvatske\/\",\"url\":\"https:\/\/sandzakpress.net\/arhiva\/sandzaklija-kandidat-nacionalnih-zajednica-za-zastupnika-u-saboru-hrvatske\/\",\"name\":\"Sand\u017eaklija kandidat nacionalnih zajednica za zastupnika u Saboru Hrvatske\",\"isPartOf\":{\"@id\":\"https:\/\/sandzakpress.net\/arhiva\/#website\"},\"primaryImageOfPage\":{\"@id\":\"https:\/\/sandzakpress.net\/arhiva\/sandzaklija-kandidat-nacionalnih-zajednica-za-zastupnika-u-saboru-hrvatske\/#primaryimage\"},\"image\":{\"@id\":\"https:\/\/sandzakpress.net\/arhiva\/sandzaklija-kandidat-nacionalnih-zajednica-za-zastupnika-u-saboru-hrvatske\/#primaryimage\"},\"thumbnailUrl\":\"https:\/\/sandzakpress.net\/arhiva\/wp-content\/uploads\/2015\/10\/12039280_147715978908224_6153642531672375065_n.jpg\",\"datePublished\":\"2015-10-23T13:00:16+00:00\",\"dateModified\":\"2015-10-23T14:14:48+00:00\",\"breadcrumb\":{\"@id\":\"https:\/\/sandzakpress.net\/arhiva\/sandzaklija-kandidat-nacionalnih-zajednica-za-zastupnika-u-saboru-hrvatske\/#breadcrumb\"},\"inLanguage\":\"bs-BA\",\"potentialAction\":[{\"@type\":\"ReadAction\",\"target\":[\"https:\/\/sandzakpress.net\/arhiva\/sandzaklija-kandidat-nacionalnih-zajednica-za-zastupnika-u-saboru-hrvatske\/\"]}]},{\"@type\":\"ImageObject\",\"inLanguage\":\"bs-BA\",\"@id\":\"https:\/\/sandzakpress.net\/arhiva\/sandzaklija-kandidat-nacionalnih-zajednica-za-zastupnika-u-saboru-hrvatske\/#primaryimage\",\"url\":\"https:\/\/sandzakpress.net\/arhiva\/wp-content\/uploads\/2015\/10\/12039280_147715978908224_6153642531672375065_n.jpg\",\"contentUrl\":\"https:\/\/sandzakpress.net\/arhiva\/wp-content\/uploads\/2015\/10\/12039280_147715978908224_6153642531672375065_n.jpg\",\"width\":542,\"height\":542},{\"@type\":\"BreadcrumbList\",\"@id\":\"https:\/\/sandzakpress.net\/arhiva\/sandzaklija-kandidat-nacionalnih-zajednica-za-zastupnika-u-saboru-hrvatske\/#breadcrumb\",\"itemListElement\":[{\"@type\":\"ListItem\",\"position\":1,\"name\":\"Home\",\"item\":\"https:\/\/sandzakpress.net\/arhiva\/\"},{\"@type\":\"ListItem\",\"position\":2,\"name\":\"Sand\u017eaklija kandidat nacionalnih zajednica za zastupnika u Saboru Hrvatske\"}]},{\"@type\":\"WebSite\",\"@id\":\"https:\/\/sandzakpress.net\/arhiva\/#website\",\"url\":\"https:\/\/sandzakpress.net\/arhiva\/\",\"name\":\"Sand\u017eak PRESS\",\"description\":\"Prve elektronske novine u Sand\u017eaku\",\"publisher\":{\"@id\":\"https:\/\/sandzakpress.net\/arhiva\/#\/schema\/person\/6e72b67d6e51910a1117b3b483ba20bd\"},\"potentialAction\":[{\"@type\":\"SearchAction\",\"target\":{\"@type\":\"EntryPoint\",\"urlTemplate\":\"https:\/\/sandzakpress.net\/arhiva\/?s={search_term_string}\"},\"query-input\":{\"@type\":\"PropertyValueSpecification\",\"valueRequired\":true,\"valueName\":\"search_term_string\"}}],\"inLanguage\":\"bs-BA\"},{\"@type\":[\"Person\",\"Organization\"],\"@id\":\"https:\/\/sandzakpress.net\/arhiva\/#\/schema\/person\/6e72b67d6e51910a1117b3b483ba20bd\",\"name\":\"Kul\",\"image\":{\"@type\":\"ImageObject\",\"inLanguage\":\"bs-BA\",\"@id\":\"https:\/\/sandzakpress.net\/arhiva\/#\/schema\/person\/image\/\",\"url\":\"https:\/\/secure.gravatar.com\/avatar\/42263f39aa27ac04c43cab85c280eb2e?s=96&d=mm&r=pg\",\"contentUrl\":\"https:\/\/secure.gravatar.com\/avatar\/42263f39aa27ac04c43cab85c280eb2e?s=96&d=mm&r=pg\",\"caption\":\"Kul\"},\"logo\":{\"@id\":\"https:\/\/sandzakpress.net\/arhiva\/#\/schema\/person\/image\/\"}},{\"@type\":\"Person\",\"@id\":\"https:\/\/sandzakpress.net\/arhiva\/#\/schema\/person\/c8baee722073534b583ea7bdb2e36c02\",\"name\":\"bosniak\",\"image\":{\"@type\":\"ImageObject\",\"inLanguage\":\"bs-BA\",\"@id\":\"https:\/\/sandzakpress.net\/arhiva\/#\/schema\/person\/image\/\",\"url\":\"https:\/\/secure.gravatar.com\/avatar\/a04fd330bfe3a36a72a0ad4a6d89fca7?s=96&d=mm&r=pg\",\"contentUrl\":\"https:\/\/secure.gravatar.com\/avatar\/a04fd330bfe3a36a72a0ad4a6d89fca7?s=96&d=mm&r=pg\",\"caption\":\"bosniak\"},\"url\":\"https:\/\/sandzakpress.net\/arhiva\/author\/bosniak\/\"}]}<\/script>\n<!-- \/ Yoast SEO Premium plugin. -->","yoast_head_json":{"title":"Sand\u017eaklija kandidat nacionalnih zajednica za zastupnika u Saboru Hrvatske","robots":{"index":"index","follow":"follow","max-snippet":"max-snippet:-1","max-image-preview":"max-image-preview:large","max-video-preview":"max-video-preview:-1"},"canonical":"https:\/\/sandzakpress.net\/arhiva\/sandzaklija-kandidat-nacionalnih-zajednica-za-zastupnika-u-saboru-hrvatske\/","og_locale":"bs_BA","og_type":"article","og_title":"Sand\u017eaklija kandidat nacionalnih zajednica za zastupnika u Saboru Hrvatske","og_description":"Sjenica, Hrvatska &#8211; Kandidat za zastupnika u Saboru RH albanske, bo\u0161nja\u010dke, crnogorske, makedonske i slovenske nacionalne manjine u Republici Hrvatskoj Lutvija Graca ro\u0111en, 6. 5. 1957. godine u Sjenici. Osnovnu \u0161kolu zavr\u0161io u Novom Pazaru, srednju tehni\u010dku \u0161kolu u Beogradu, Vi\u0161u tehni\u010dku u \u010ca\u010dku, a Tehni\u010dki fakultet u Rijeci i stekao zvanje diplomiranog in\u017eenjera strojarstva. [&hellip;]","og_url":"https:\/\/sandzakpress.net\/arhiva\/sandzaklija-kandidat-nacionalnih-zajednica-za-zastupnika-u-saboru-hrvatske\/","og_site_name":"Sand\u017eak PRESS","article_published_time":"2015-10-23T13:00:16+00:00","article_modified_time":"2015-10-23T14:14:48+00:00","og_image":[{"width":542,"height":542,"url":"https:\/\/sandzakpress.net\/arhiva\/wp-content\/uploads\/2015\/10\/12039280_147715978908224_6153642531672375065_n.jpg","type":"image\/jpeg"}],"author":"bosniak","twitter_card":"summary_large_image","twitter_misc":{"Written by":"bosniak","Est. reading time":"2 minute"},"schema":{"@context":"https:\/\/schema.org","@graph":[{"@type":"Article","@id":"https:\/\/sandzakpress.net\/arhiva\/sandzaklija-kandidat-nacionalnih-zajednica-za-zastupnika-u-saboru-hrvatske\/#article","isPartOf":{"@id":"https:\/\/sandzakpress.net\/arhiva\/sandzaklija-kandidat-nacionalnih-zajednica-za-zastupnika-u-saboru-hrvatske\/"},"author":{"name":"bosniak","@id":"https:\/\/sandzakpress.net\/arhiva\/#\/schema\/person\/c8baee722073534b583ea7bdb2e36c02"},"headline":"Sand\u017eaklija kandidat nacionalnih zajednica za zastupnika u Saboru Hrvatske","datePublished":"2015-10-23T13:00:16+00:00","dateModified":"2015-10-23T14:14:48+00:00","mainEntityOfPage":{"@id":"https:\/\/sandzakpress.net\/arhiva\/sandzaklija-kandidat-nacionalnih-zajednica-za-zastupnika-u-saboru-hrvatske\/"},"wordCount":415,"commentCount":1,"publisher":{"@id":"https:\/\/sandzakpress.net\/arhiva\/#\/schema\/person\/6e72b67d6e51910a1117b3b483ba20bd"},"image":{"@id":"https:\/\/sandzakpress.net\/arhiva\/sandzaklija-kandidat-nacionalnih-zajednica-za-zastupnika-u-saboru-hrvatske\/#primaryimage"},"thumbnailUrl":"https:\/\/sandzakpress.net\/arhiva\/wp-content\/uploads\/2015\/10\/12039280_147715978908224_6153642531672375065_n.jpg","articleSection":["Politika","Sjenica","Hrvatska","VIJESTI DANA"],"inLanguage":"bs-BA","potentialAction":[{"@type":"CommentAction","name":"Comment","target":["https:\/\/sandzakpress.net\/arhiva\/sandzaklija-kandidat-nacionalnih-zajednica-za-zastupnika-u-saboru-hrvatske\/#respond"]}]},{"@type":"WebPage","@id":"https:\/\/sandzakpress.net\/arhiva\/sandzaklija-kandidat-nacionalnih-zajednica-za-zastupnika-u-saboru-hrvatske\/","url":"https:\/\/sandzakpress.net\/arhiva\/sandzaklija-kandidat-nacionalnih-zajednica-za-zastupnika-u-saboru-hrvatske\/","name":"Sand\u017eaklija kandidat nacionalnih zajednica za zastupnika u Saboru Hrvatske","isPartOf":{"@id":"https:\/\/sandzakpress.net\/arhiva\/#website"},"primaryImageOfPage":{"@id":"https:\/\/sandzakpress.net\/arhiva\/sandzaklija-kandidat-nacionalnih-zajednica-za-zastupnika-u-saboru-hrvatske\/#primaryimage"},"image":{"@id":"https:\/\/sandzakpress.net\/arhiva\/sandzaklija-kandidat-nacionalnih-zajednica-za-zastupnika-u-saboru-hrvatske\/#primaryimage"},"thumbnailUrl":"https:\/\/sandzakpress.net\/arhiva\/wp-content\/uploads\/2015\/10\/12039280_147715978908224_6153642531672375065_n.jpg","datePublished":"2015-10-23T13:00:16+00:00","dateModified":"2015-10-23T14:14:48+00:00","breadcrumb":{"@id":"https:\/\/sandzakpress.net\/arhiva\/sandzaklija-kandidat-nacionalnih-zajednica-za-zastupnika-u-saboru-hrvatske\/#breadcrumb"},"inLanguage":"bs-BA","potentialAction":[{"@type":"ReadAction","target":["https:\/\/sandzakpress.net\/arhiva\/sandzaklija-kandidat-nacionalnih-zajednica-za-zastupnika-u-saboru-hrvatske\/"]}]},{"@type":"ImageObject","inLanguage":"bs-BA","@id":"https:\/\/sandzakpress.net\/arhiva\/sandzaklija-kandidat-nacionalnih-zajednica-za-zastupnika-u-saboru-hrvatske\/#primaryimage","url":"https:\/\/sandzakpress.net\/arhiva\/wp-content\/uploads\/2015\/10\/12039280_147715978908224_6153642531672375065_n.jpg","contentUrl":"https:\/\/sandzakpress.net\/arhiva\/wp-content\/uploads\/2015\/10\/12039280_147715978908224_6153642531672375065_n.jpg","width":542,"height":542},{"@type":"BreadcrumbList","@id":"https:\/\/sandzakpress.net\/arhiva\/sandzaklija-kandidat-nacionalnih-zajednica-za-zastupnika-u-saboru-hrvatske\/#breadcrumb","itemListElement":[{"@type":"ListItem","position":1,"name":"Home","item":"https:\/\/sandzakpress.net\/arhiva\/"},{"@type":"ListItem","position":2,"name":"Sand\u017eaklija kandidat nacionalnih zajednica za zastupnika u Saboru Hrvatske"}]},{"@type":"WebSite","@id":"https:\/\/sandzakpress.net\/arhiva\/#website","url":"https:\/\/sandzakpress.net\/arhiva\/","name":"Sand\u017eak PRESS","description":"Prve elektronske novine u Sand\u017eaku","publisher":{"@id":"https:\/\/sandzakpress.net\/arhiva\/#\/schema\/person\/6e72b67d6e51910a1117b3b483ba20bd"},"potentialAction":[{"@type":"SearchAction","target":{"@type":"EntryPoint","urlTemplate":"https:\/\/sandzakpress.net\/arhiva\/?s={search_term_string}"},"query-input":{"@type":"PropertyValueSpecification","valueRequired":true,"valueName":"search_term_string"}}],"inLanguage":"bs-BA"},{"@type":["Person","Organization"],"@id":"https:\/\/sandzakpress.net\/arhiva\/#\/schema\/person\/6e72b67d6e51910a1117b3b483ba20bd","name":"Kul","image":{"@type":"ImageObject","inLanguage":"bs-BA","@id":"https:\/\/sandzakpress.net\/arhiva\/#\/schema\/person\/image\/","url":"https:\/\/secure.gravatar.com\/avatar\/42263f39aa27ac04c43cab85c280eb2e?s=96&d=mm&r=pg","contentUrl":"https:\/\/secure.gravatar.com\/avatar\/42263f39aa27ac04c43cab85c280eb2e?s=96&d=mm&r=pg","caption":"Kul"},"logo":{"@id":"https:\/\/sandzakpress.net\/arhiva\/#\/schema\/person\/image\/"}},{"@type":"Person","@id":"https:\/\/sandzakpress.net\/arhiva\/#\/schema\/person\/c8baee722073534b583ea7bdb2e36c02","name":"bosniak","image":{"@type":"ImageObject","inLanguage":"bs-BA","@id":"https:\/\/sandzakpress.net\/arhiva\/#\/schema\/person\/image\/","url":"https:\/\/secure.gravatar.com\/avatar\/a04fd330bfe3a36a72a0ad4a6d89fca7?s=96&d=mm&r=pg","contentUrl":"https:\/\/secure.gravatar.com\/avatar\/a04fd330bfe3a36a72a0ad4a6d89fca7?s=96&d=mm&r=pg","caption":"bosniak"},"url":"https:\/\/sandzakpress.net\/arhiva\/author\/bosniak\/"}]}},"_links":{"self":[{"href":"https:\/\/sandzakpress.net\/arhiva\/wp-json\/wp\/v2\/posts\/142341"}],"collection":[{"href":"https:\/\/sandzakpress.net\/arhiva\/wp-json\/wp\/v2\/posts"}],"about":[{"href":"https:\/\/sandzakpress.net\/arhiva\/wp-json\/wp\/v2\/types\/post"}],"author":[{"embeddable":true,"href":"https:\/\/sandzakpress.net\/arhiva\/wp-json\/wp\/v2\/users\/83"}],"replies":[{"embeddable":true,"href":"https:\/\/sandzakpress.net\/arhiva\/wp-json\/wp\/v2\/comments?post=142341"}],"version-history":[{"count":0,"href":"https:\/\/sandzakpress.net\/arhiva\/wp-json\/wp\/v2\/posts\/142341\/revisions"}],"wp:featuredmedia":[{"embeddable":true,"href":"https:\/\/sandzakpress.net\/arhiva\/wp-json\/wp\/v2\/media\/142342"}],"wp:attachment":[{"href":"https:\/\/sandzakpress.net\/arhiva\/wp-json\/wp\/v2\/media?parent=142341"}],"wp:term":[{"taxonomy":"category","embeddable":true,"href":"https:\/\/sandzakpress.net\/arhiva\/wp-json\/wp\/v2\/categories?post=142341"},{"taxonomy":"post_tag","embeddable":true,"href":"https:\/\/sandzakpress.net\/arhiva\/wp-json\/wp\/v2\/tags?post=142341"}],"curies":[{"name":"wp","href":"https:\/\/api.w.org\/{rel}","templated":true}]}}