{"id":142290,"date":"2015-10-16T11:40:00","date_gmt":"2015-10-16T09:40:00","guid":{"rendered":"https:\/\/sandzakpress.net\/arhiva\/?p=142290"},"modified":"2015-10-23T11:47:41","modified_gmt":"2015-10-23T09:47:41","slug":"obiljezena-godisnjica-otvaranja-isturenog-odjeljenja-skole-kurana-u-dzematu-gazi-isa-beg-u-frankfurtu","status":"publish","type":"post","link":"https:\/\/sandzakpress.net\/arhiva\/obiljezena-godisnjica-otvaranja-isturenog-odjeljenja-skole-kurana-u-dzematu-gazi-isa-beg-u-frankfurtu\/","title":{"rendered":"Obilje\u017eena godi\u0161njica otvaranja isturenog odjeljenja \u0160kole Kur'ana u  d\u017eematu Gazi Isa-beg u Frankfurtu"},"content":{"rendered":"<p><img loading=\"lazy\" decoding=\"async\" class=\"alignnone size-full wp-image-28562\" src=\"http:\/\/mesihat.org\/wp-content\/uploads\/2015\/10\/32.jpg\" alt=\"3\" width=\"1280\" height=\"960\" \/><\/p>\n<p><strong>Njema\u010dka &#8211; U petak, 16. oktobra, obilje\u017eena je godi\u0161njica od otvaranja isturenog odjeljenja \u0160kole Kur'ana u sand\u017ea\u010dkom d\u017eematu Gazi Isa-beg u Frankfurtu. Tim povodom, a i u povodu Nove hid\u017eretske godine, uprili\u010dena je sve\u010danost na kojoj su najmla\u0111i polaznici \u0160kole pokazali znanje ste\u010deno u protekloj \u0161kolskoj godini.<\/strong><\/p>\n<p>Skupu je prisustvovao i sam direktor \u0160kole Kurana \u010casnog, hafiz Irfan ef. Mali\u0107, koji se obratio skupu i \u010dastitao djeci i njihovim roditeljima ovaj povod, \u010dine\u0107i dovu Allahu d\u017e.\u0161. da u narednom periodu ovo odjeljenje \u0160kole Kur'ana postigne jo\u0161 bolje rezultate, ve\u0107i broj u\u010denika, te da svaka bo\u0161nja\u010dka porodica u tom gradu ima skog u\u010da\u010da Kur'ana.<\/p>\n<div class=\"youtube-embed\" data-video_id=\"IveVzkbK9zA\"><iframe loading=\"lazy\" title=\"Obilje\u017eena godi\u0161njica odjeljenja \u0160KOLE KUR&#039;ANA \u010cASNOG u Frankfurtu\" width=\"696\" height=\"522\" src=\"https:\/\/www.youtube.com\/embed\/IveVzkbK9zA?feature=oembed&#038;enablejsapi=1\" frameborder=\"0\" allow=\"accelerometer; autoplay; encrypted-media; gyroscope; picture-in-picture\" allowfullscreen><\/iframe><\/div>\n<p>Prisutnima se obratio i predsjednik d\u017eemata, Ferhan Sejdovi\u0107, koji je ina\u010de bio i inicijator otvaranja ovog odjeljenja, uru\u010div\u0161i svoj prosutnoj djeci skromnu hediju od d\u017eemata, a \u0160koli Kur'ana u Novom Pazaru odre\u0111enu nov\u010danu pomo\u0107. Trenutno, funkciju profesora u ovom odjeljenju \u0160kole obna\u0161a Mumin ef. Halilovi\u0107, koji je kao i njegovi prethodnici dao doprinos u podizanju i funkcionisanju ovog odjeljenja.<\/p>\n<p>(Mesihat)<\/p>\n<p><a href=\"http:\/\/mesihat.org\/wp-content\/uploads\/2015\/10\/15.jpg\"><img loading=\"lazy\" decoding=\"async\" class=\"alignnone size-full wp-image-28560\" src=\"http:\/\/mesihat.org\/wp-content\/uploads\/2015\/10\/15.jpg\" alt=\"1\" width=\"1280\" height=\"960\" \/><\/a> <a href=\"http:\/\/mesihat.org\/wp-content\/uploads\/2015\/10\/24.jpg\"><img loading=\"lazy\" decoding=\"async\" class=\"alignnone size-full wp-image-28561\" src=\"http:\/\/mesihat.org\/wp-content\/uploads\/2015\/10\/24.jpg\" alt=\"2\" width=\"1280\" height=\"720\" \/><\/a>\u00a0\u00a0<a href=\"http:\/\/mesihat.org\/wp-content\/uploads\/2015\/10\/42.jpg\"><img loading=\"lazy\" decoding=\"async\" class=\"alignnone size-full wp-image-28563\" src=\"http:\/\/mesihat.org\/wp-content\/uploads\/2015\/10\/42.jpg\" alt=\"4\" width=\"960\" height=\"1280\" \/><\/a> <a href=\"http:\/\/mesihat.org\/wp-content\/uploads\/2015\/10\/53.jpg\"><img loading=\"lazy\" decoding=\"async\" class=\"alignnone size-full wp-image-28564\" src=\"http:\/\/mesihat.org\/wp-content\/uploads\/2015\/10\/53.jpg\" alt=\"5\" width=\"1280\" height=\"720\" \/><\/a> <a href=\"http:\/\/mesihat.org\/wp-content\/uploads\/2015\/10\/62.jpg\"><img loading=\"lazy\" decoding=\"async\" class=\"alignnone size-full wp-image-28565\" src=\"http:\/\/mesihat.org\/wp-content\/uploads\/2015\/10\/62.jpg\" alt=\"6\" width=\"1280\" height=\"720\" \/><\/a><\/p>\n","protected":false},"excerpt":{"rendered":"<p>Njema\u010dka &#8211; U petak, 16. oktobra, obilje\u017eena je godi\u0161njica od otvaranja isturenog odjeljenja \u0160kole Kur'ana u sand\u017ea\u010dkom d\u017eematu Gazi Isa-beg u Frankfurtu. Tim povodom, a i u povodu Nove hid\u017eretske godine, uprili\u010dena je sve\u010danost na kojoj su najmla\u0111i polaznici \u0160kole pokazali znanje ste\u010deno u protekloj \u0161kolskoj godini. Skupu je prisustvovao i sam direktor \u0160kole Kurana [&hellip;]<\/p>\n","protected":false},"author":83,"featured_media":142319,"comment_status":"open","ping_status":"open","sticky":false,"template":"","format":"standard","meta":{"footnotes":""},"categories":[9538,802],"tags":[],"class_list":{"0":"post-142290","1":"post","2":"type-post","3":"status-publish","4":"format-standard","5":"has-post-thumbnail","7":"category-njemacka-dijaspora-gradovi-vase-vijesti","8":"category-islamska_zajednica"},"yoast_head":"<!-- This site is optimized with the Yoast SEO Premium plugin v23.1 (Yoast SEO v24.9) - https:\/\/yoast.com\/wordpress\/plugins\/seo\/ -->\n<title>Obilje\u017eena godi\u0161njica otvaranja isturenog odjeljenja \u0160kole Kur&#039;ana u d\u017eematu Gazi Isa-beg u Frankfurtu<\/title>\n<meta name=\"robots\" content=\"index, follow, max-snippet:-1, max-image-preview:large, max-video-preview:-1\" \/>\n<link rel=\"canonical\" href=\"https:\/\/sandzakpress.net\/arhiva\/obiljezena-godisnjica-otvaranja-isturenog-odjeljenja-skole-kurana-u-dzematu-gazi-isa-beg-u-frankfurtu\/\" \/>\n<meta property=\"og:locale\" content=\"bs_BA\" \/>\n<meta property=\"og:type\" content=\"article\" \/>\n<meta property=\"og:title\" content=\"Obilje\u017eena godi\u0161njica otvaranja isturenog odjeljenja \u0160kole Kur&#039;ana u d\u017eematu Gazi Isa-beg u Frankfurtu\" \/>\n<meta property=\"og:description\" content=\"Njema\u010dka &#8211; U petak, 16. oktobra, obilje\u017eena je godi\u0161njica od otvaranja isturenog odjeljenja \u0160kole Kur&#039;ana u sand\u017ea\u010dkom d\u017eematu Gazi Isa-beg u Frankfurtu. Tim povodom, a i u povodu Nove hid\u017eretske godine, uprili\u010dena je sve\u010danost na kojoj su najmla\u0111i polaznici \u0160kole pokazali znanje ste\u010deno u protekloj \u0161kolskoj godini. Skupu je prisustvovao i sam direktor \u0160kole Kurana [&hellip;]\" \/>\n<meta property=\"og:url\" content=\"https:\/\/sandzakpress.net\/arhiva\/obiljezena-godisnjica-otvaranja-isturenog-odjeljenja-skole-kurana-u-dzematu-gazi-isa-beg-u-frankfurtu\/\" \/>\n<meta property=\"og:site_name\" content=\"Sand\u017eak PRESS\" \/>\n<meta property=\"article:published_time\" content=\"2015-10-16T09:40:00+00:00\" \/>\n<meta property=\"article:modified_time\" content=\"2015-10-23T09:47:41+00:00\" \/>\n<meta property=\"og:image\" content=\"https:\/\/sandzakpress.net\/arhiva\/wp-content\/uploads\/2015\/10\/32.jpg\" \/>\n\t<meta property=\"og:image:width\" content=\"1280\" \/>\n\t<meta property=\"og:image:height\" content=\"960\" \/>\n\t<meta property=\"og:image:type\" content=\"image\/jpeg\" \/>\n<meta name=\"author\" content=\"bosniak\" \/>\n<meta name=\"twitter:card\" content=\"summary_large_image\" \/>\n<meta name=\"twitter:label1\" content=\"Written by\" \/>\n\t<meta name=\"twitter:data1\" content=\"bosniak\" \/>\n\t<meta name=\"twitter:label2\" content=\"Est. reading time\" \/>\n\t<meta name=\"twitter:data2\" content=\"1 minuta\" \/>\n<script type=\"application\/ld+json\" class=\"yoast-schema-graph\">{\"@context\":\"https:\/\/schema.org\",\"@graph\":[{\"@type\":\"Article\",\"@id\":\"https:\/\/sandzakpress.net\/arhiva\/obiljezena-godisnjica-otvaranja-isturenog-odjeljenja-skole-kurana-u-dzematu-gazi-isa-beg-u-frankfurtu\/#article\",\"isPartOf\":{\"@id\":\"https:\/\/sandzakpress.net\/arhiva\/obiljezena-godisnjica-otvaranja-isturenog-odjeljenja-skole-kurana-u-dzematu-gazi-isa-beg-u-frankfurtu\/\"},\"author\":{\"name\":\"bosniak\",\"@id\":\"https:\/\/sandzakpress.net\/arhiva\/#\/schema\/person\/c8baee722073534b583ea7bdb2e36c02\"},\"headline\":\"Obilje\u017eena godi\u0161njica otvaranja isturenog odjeljenja \u0160kole Kur'ana u d\u017eematu Gazi Isa-beg u Frankfurtu\",\"datePublished\":\"2015-10-16T09:40:00+00:00\",\"dateModified\":\"2015-10-23T09:47:41+00:00\",\"mainEntityOfPage\":{\"@id\":\"https:\/\/sandzakpress.net\/arhiva\/obiljezena-godisnjica-otvaranja-isturenog-odjeljenja-skole-kurana-u-dzematu-gazi-isa-beg-u-frankfurtu\/\"},\"wordCount\":217,\"commentCount\":0,\"publisher\":{\"@id\":\"https:\/\/sandzakpress.net\/arhiva\/#\/schema\/person\/6e72b67d6e51910a1117b3b483ba20bd\"},\"image\":{\"@id\":\"https:\/\/sandzakpress.net\/arhiva\/obiljezena-godisnjica-otvaranja-isturenog-odjeljenja-skole-kurana-u-dzematu-gazi-isa-beg-u-frankfurtu\/#primaryimage\"},\"thumbnailUrl\":\"https:\/\/sandzakpress.net\/arhiva\/wp-content\/uploads\/2015\/10\/32.jpg\",\"articleSection\":[\"Njema\u010dka\",\"Islamska zajednica\"],\"inLanguage\":\"bs-BA\",\"potentialAction\":[{\"@type\":\"CommentAction\",\"name\":\"Comment\",\"target\":[\"https:\/\/sandzakpress.net\/arhiva\/obiljezena-godisnjica-otvaranja-isturenog-odjeljenja-skole-kurana-u-dzematu-gazi-isa-beg-u-frankfurtu\/#respond\"]}]},{\"@type\":\"WebPage\",\"@id\":\"https:\/\/sandzakpress.net\/arhiva\/obiljezena-godisnjica-otvaranja-isturenog-odjeljenja-skole-kurana-u-dzematu-gazi-isa-beg-u-frankfurtu\/\",\"url\":\"https:\/\/sandzakpress.net\/arhiva\/obiljezena-godisnjica-otvaranja-isturenog-odjeljenja-skole-kurana-u-dzematu-gazi-isa-beg-u-frankfurtu\/\",\"name\":\"Obilje\u017eena godi\u0161njica otvaranja isturenog odjeljenja \u0160kole Kur'ana u d\u017eematu Gazi Isa-beg u Frankfurtu\",\"isPartOf\":{\"@id\":\"https:\/\/sandzakpress.net\/arhiva\/#website\"},\"primaryImageOfPage\":{\"@id\":\"https:\/\/sandzakpress.net\/arhiva\/obiljezena-godisnjica-otvaranja-isturenog-odjeljenja-skole-kurana-u-dzematu-gazi-isa-beg-u-frankfurtu\/#primaryimage\"},\"image\":{\"@id\":\"https:\/\/sandzakpress.net\/arhiva\/obiljezena-godisnjica-otvaranja-isturenog-odjeljenja-skole-kurana-u-dzematu-gazi-isa-beg-u-frankfurtu\/#primaryimage\"},\"thumbnailUrl\":\"https:\/\/sandzakpress.net\/arhiva\/wp-content\/uploads\/2015\/10\/32.jpg\",\"datePublished\":\"2015-10-16T09:40:00+00:00\",\"dateModified\":\"2015-10-23T09:47:41+00:00\",\"breadcrumb\":{\"@id\":\"https:\/\/sandzakpress.net\/arhiva\/obiljezena-godisnjica-otvaranja-isturenog-odjeljenja-skole-kurana-u-dzematu-gazi-isa-beg-u-frankfurtu\/#breadcrumb\"},\"inLanguage\":\"bs-BA\",\"potentialAction\":[{\"@type\":\"ReadAction\",\"target\":[\"https:\/\/sandzakpress.net\/arhiva\/obiljezena-godisnjica-otvaranja-isturenog-odjeljenja-skole-kurana-u-dzematu-gazi-isa-beg-u-frankfurtu\/\"]}]},{\"@type\":\"ImageObject\",\"inLanguage\":\"bs-BA\",\"@id\":\"https:\/\/sandzakpress.net\/arhiva\/obiljezena-godisnjica-otvaranja-isturenog-odjeljenja-skole-kurana-u-dzematu-gazi-isa-beg-u-frankfurtu\/#primaryimage\",\"url\":\"https:\/\/sandzakpress.net\/arhiva\/wp-content\/uploads\/2015\/10\/32.jpg\",\"contentUrl\":\"https:\/\/sandzakpress.net\/arhiva\/wp-content\/uploads\/2015\/10\/32.jpg\",\"width\":1280,\"height\":960},{\"@type\":\"BreadcrumbList\",\"@id\":\"https:\/\/sandzakpress.net\/arhiva\/obiljezena-godisnjica-otvaranja-isturenog-odjeljenja-skole-kurana-u-dzematu-gazi-isa-beg-u-frankfurtu\/#breadcrumb\",\"itemListElement\":[{\"@type\":\"ListItem\",\"position\":1,\"name\":\"Home\",\"item\":\"https:\/\/sandzakpress.net\/arhiva\/\"},{\"@type\":\"ListItem\",\"position\":2,\"name\":\"Obilje\u017eena godi\u0161njica otvaranja isturenog odjeljenja \u0160kole Kur'ana u d\u017eematu Gazi Isa-beg u Frankfurtu\"}]},{\"@type\":\"WebSite\",\"@id\":\"https:\/\/sandzakpress.net\/arhiva\/#website\",\"url\":\"https:\/\/sandzakpress.net\/arhiva\/\",\"name\":\"Sand\u017eak PRESS\",\"description\":\"Prve elektronske novine u Sand\u017eaku\",\"publisher\":{\"@id\":\"https:\/\/sandzakpress.net\/arhiva\/#\/schema\/person\/6e72b67d6e51910a1117b3b483ba20bd\"},\"potentialAction\":[{\"@type\":\"SearchAction\",\"target\":{\"@type\":\"EntryPoint\",\"urlTemplate\":\"https:\/\/sandzakpress.net\/arhiva\/?s={search_term_string}\"},\"query-input\":{\"@type\":\"PropertyValueSpecification\",\"valueRequired\":true,\"valueName\":\"search_term_string\"}}],\"inLanguage\":\"bs-BA\"},{\"@type\":[\"Person\",\"Organization\"],\"@id\":\"https:\/\/sandzakpress.net\/arhiva\/#\/schema\/person\/6e72b67d6e51910a1117b3b483ba20bd\",\"name\":\"Kul\",\"image\":{\"@type\":\"ImageObject\",\"inLanguage\":\"bs-BA\",\"@id\":\"https:\/\/sandzakpress.net\/arhiva\/#\/schema\/person\/image\/\",\"url\":\"https:\/\/secure.gravatar.com\/avatar\/42263f39aa27ac04c43cab85c280eb2e?s=96&d=mm&r=pg\",\"contentUrl\":\"https:\/\/secure.gravatar.com\/avatar\/42263f39aa27ac04c43cab85c280eb2e?s=96&d=mm&r=pg\",\"caption\":\"Kul\"},\"logo\":{\"@id\":\"https:\/\/sandzakpress.net\/arhiva\/#\/schema\/person\/image\/\"}},{\"@type\":\"Person\",\"@id\":\"https:\/\/sandzakpress.net\/arhiva\/#\/schema\/person\/c8baee722073534b583ea7bdb2e36c02\",\"name\":\"bosniak\",\"image\":{\"@type\":\"ImageObject\",\"inLanguage\":\"bs-BA\",\"@id\":\"https:\/\/sandzakpress.net\/arhiva\/#\/schema\/person\/image\/\",\"url\":\"https:\/\/secure.gravatar.com\/avatar\/a04fd330bfe3a36a72a0ad4a6d89fca7?s=96&d=mm&r=pg\",\"contentUrl\":\"https:\/\/secure.gravatar.com\/avatar\/a04fd330bfe3a36a72a0ad4a6d89fca7?s=96&d=mm&r=pg\",\"caption\":\"bosniak\"},\"url\":\"https:\/\/sandzakpress.net\/arhiva\/author\/bosniak\/\"}]}<\/script>\n<!-- \/ Yoast SEO Premium plugin. -->","yoast_head_json":{"title":"Obilje\u017eena godi\u0161njica otvaranja isturenog odjeljenja \u0160kole Kur'ana u d\u017eematu Gazi Isa-beg u Frankfurtu","robots":{"index":"index","follow":"follow","max-snippet":"max-snippet:-1","max-image-preview":"max-image-preview:large","max-video-preview":"max-video-preview:-1"},"canonical":"https:\/\/sandzakpress.net\/arhiva\/obiljezena-godisnjica-otvaranja-isturenog-odjeljenja-skole-kurana-u-dzematu-gazi-isa-beg-u-frankfurtu\/","og_locale":"bs_BA","og_type":"article","og_title":"Obilje\u017eena godi\u0161njica otvaranja isturenog odjeljenja \u0160kole Kur'ana u d\u017eematu Gazi Isa-beg u Frankfurtu","og_description":"Njema\u010dka &#8211; U petak, 16. oktobra, obilje\u017eena je godi\u0161njica od otvaranja isturenog odjeljenja \u0160kole Kur'ana u sand\u017ea\u010dkom d\u017eematu Gazi Isa-beg u Frankfurtu. Tim povodom, a i u povodu Nove hid\u017eretske godine, uprili\u010dena je sve\u010danost na kojoj su najmla\u0111i polaznici \u0160kole pokazali znanje ste\u010deno u protekloj \u0161kolskoj godini. Skupu je prisustvovao i sam direktor \u0160kole Kurana [&hellip;]","og_url":"https:\/\/sandzakpress.net\/arhiva\/obiljezena-godisnjica-otvaranja-isturenog-odjeljenja-skole-kurana-u-dzematu-gazi-isa-beg-u-frankfurtu\/","og_site_name":"Sand\u017eak PRESS","article_published_time":"2015-10-16T09:40:00+00:00","article_modified_time":"2015-10-23T09:47:41+00:00","og_image":[{"width":1280,"height":960,"url":"https:\/\/sandzakpress.net\/arhiva\/wp-content\/uploads\/2015\/10\/32.jpg","type":"image\/jpeg"}],"author":"bosniak","twitter_card":"summary_large_image","twitter_misc":{"Written by":"bosniak","Est. reading time":"1 minuta"},"schema":{"@context":"https:\/\/schema.org","@graph":[{"@type":"Article","@id":"https:\/\/sandzakpress.net\/arhiva\/obiljezena-godisnjica-otvaranja-isturenog-odjeljenja-skole-kurana-u-dzematu-gazi-isa-beg-u-frankfurtu\/#article","isPartOf":{"@id":"https:\/\/sandzakpress.net\/arhiva\/obiljezena-godisnjica-otvaranja-isturenog-odjeljenja-skole-kurana-u-dzematu-gazi-isa-beg-u-frankfurtu\/"},"author":{"name":"bosniak","@id":"https:\/\/sandzakpress.net\/arhiva\/#\/schema\/person\/c8baee722073534b583ea7bdb2e36c02"},"headline":"Obilje\u017eena godi\u0161njica otvaranja isturenog odjeljenja \u0160kole Kur'ana u d\u017eematu Gazi Isa-beg u Frankfurtu","datePublished":"2015-10-16T09:40:00+00:00","dateModified":"2015-10-23T09:47:41+00:00","mainEntityOfPage":{"@id":"https:\/\/sandzakpress.net\/arhiva\/obiljezena-godisnjica-otvaranja-isturenog-odjeljenja-skole-kurana-u-dzematu-gazi-isa-beg-u-frankfurtu\/"},"wordCount":217,"commentCount":0,"publisher":{"@id":"https:\/\/sandzakpress.net\/arhiva\/#\/schema\/person\/6e72b67d6e51910a1117b3b483ba20bd"},"image":{"@id":"https:\/\/sandzakpress.net\/arhiva\/obiljezena-godisnjica-otvaranja-isturenog-odjeljenja-skole-kurana-u-dzematu-gazi-isa-beg-u-frankfurtu\/#primaryimage"},"thumbnailUrl":"https:\/\/sandzakpress.net\/arhiva\/wp-content\/uploads\/2015\/10\/32.jpg","articleSection":["Njema\u010dka","Islamska zajednica"],"inLanguage":"bs-BA","potentialAction":[{"@type":"CommentAction","name":"Comment","target":["https:\/\/sandzakpress.net\/arhiva\/obiljezena-godisnjica-otvaranja-isturenog-odjeljenja-skole-kurana-u-dzematu-gazi-isa-beg-u-frankfurtu\/#respond"]}]},{"@type":"WebPage","@id":"https:\/\/sandzakpress.net\/arhiva\/obiljezena-godisnjica-otvaranja-isturenog-odjeljenja-skole-kurana-u-dzematu-gazi-isa-beg-u-frankfurtu\/","url":"https:\/\/sandzakpress.net\/arhiva\/obiljezena-godisnjica-otvaranja-isturenog-odjeljenja-skole-kurana-u-dzematu-gazi-isa-beg-u-frankfurtu\/","name":"Obilje\u017eena godi\u0161njica otvaranja isturenog odjeljenja \u0160kole Kur'ana u d\u017eematu Gazi Isa-beg u Frankfurtu","isPartOf":{"@id":"https:\/\/sandzakpress.net\/arhiva\/#website"},"primaryImageOfPage":{"@id":"https:\/\/sandzakpress.net\/arhiva\/obiljezena-godisnjica-otvaranja-isturenog-odjeljenja-skole-kurana-u-dzematu-gazi-isa-beg-u-frankfurtu\/#primaryimage"},"image":{"@id":"https:\/\/sandzakpress.net\/arhiva\/obiljezena-godisnjica-otvaranja-isturenog-odjeljenja-skole-kurana-u-dzematu-gazi-isa-beg-u-frankfurtu\/#primaryimage"},"thumbnailUrl":"https:\/\/sandzakpress.net\/arhiva\/wp-content\/uploads\/2015\/10\/32.jpg","datePublished":"2015-10-16T09:40:00+00:00","dateModified":"2015-10-23T09:47:41+00:00","breadcrumb":{"@id":"https:\/\/sandzakpress.net\/arhiva\/obiljezena-godisnjica-otvaranja-isturenog-odjeljenja-skole-kurana-u-dzematu-gazi-isa-beg-u-frankfurtu\/#breadcrumb"},"inLanguage":"bs-BA","potentialAction":[{"@type":"ReadAction","target":["https:\/\/sandzakpress.net\/arhiva\/obiljezena-godisnjica-otvaranja-isturenog-odjeljenja-skole-kurana-u-dzematu-gazi-isa-beg-u-frankfurtu\/"]}]},{"@type":"ImageObject","inLanguage":"bs-BA","@id":"https:\/\/sandzakpress.net\/arhiva\/obiljezena-godisnjica-otvaranja-isturenog-odjeljenja-skole-kurana-u-dzematu-gazi-isa-beg-u-frankfurtu\/#primaryimage","url":"https:\/\/sandzakpress.net\/arhiva\/wp-content\/uploads\/2015\/10\/32.jpg","contentUrl":"https:\/\/sandzakpress.net\/arhiva\/wp-content\/uploads\/2015\/10\/32.jpg","width":1280,"height":960},{"@type":"BreadcrumbList","@id":"https:\/\/sandzakpress.net\/arhiva\/obiljezena-godisnjica-otvaranja-isturenog-odjeljenja-skole-kurana-u-dzematu-gazi-isa-beg-u-frankfurtu\/#breadcrumb","itemListElement":[{"@type":"ListItem","position":1,"name":"Home","item":"https:\/\/sandzakpress.net\/arhiva\/"},{"@type":"ListItem","position":2,"name":"Obilje\u017eena godi\u0161njica otvaranja isturenog odjeljenja \u0160kole Kur'ana u d\u017eematu Gazi Isa-beg u Frankfurtu"}]},{"@type":"WebSite","@id":"https:\/\/sandzakpress.net\/arhiva\/#website","url":"https:\/\/sandzakpress.net\/arhiva\/","name":"Sand\u017eak PRESS","description":"Prve elektronske novine u Sand\u017eaku","publisher":{"@id":"https:\/\/sandzakpress.net\/arhiva\/#\/schema\/person\/6e72b67d6e51910a1117b3b483ba20bd"},"potentialAction":[{"@type":"SearchAction","target":{"@type":"EntryPoint","urlTemplate":"https:\/\/sandzakpress.net\/arhiva\/?s={search_term_string}"},"query-input":{"@type":"PropertyValueSpecification","valueRequired":true,"valueName":"search_term_string"}}],"inLanguage":"bs-BA"},{"@type":["Person","Organization"],"@id":"https:\/\/sandzakpress.net\/arhiva\/#\/schema\/person\/6e72b67d6e51910a1117b3b483ba20bd","name":"Kul","image":{"@type":"ImageObject","inLanguage":"bs-BA","@id":"https:\/\/sandzakpress.net\/arhiva\/#\/schema\/person\/image\/","url":"https:\/\/secure.gravatar.com\/avatar\/42263f39aa27ac04c43cab85c280eb2e?s=96&d=mm&r=pg","contentUrl":"https:\/\/secure.gravatar.com\/avatar\/42263f39aa27ac04c43cab85c280eb2e?s=96&d=mm&r=pg","caption":"Kul"},"logo":{"@id":"https:\/\/sandzakpress.net\/arhiva\/#\/schema\/person\/image\/"}},{"@type":"Person","@id":"https:\/\/sandzakpress.net\/arhiva\/#\/schema\/person\/c8baee722073534b583ea7bdb2e36c02","name":"bosniak","image":{"@type":"ImageObject","inLanguage":"bs-BA","@id":"https:\/\/sandzakpress.net\/arhiva\/#\/schema\/person\/image\/","url":"https:\/\/secure.gravatar.com\/avatar\/a04fd330bfe3a36a72a0ad4a6d89fca7?s=96&d=mm&r=pg","contentUrl":"https:\/\/secure.gravatar.com\/avatar\/a04fd330bfe3a36a72a0ad4a6d89fca7?s=96&d=mm&r=pg","caption":"bosniak"},"url":"https:\/\/sandzakpress.net\/arhiva\/author\/bosniak\/"}]}},"_links":{"self":[{"href":"https:\/\/sandzakpress.net\/arhiva\/wp-json\/wp\/v2\/posts\/142290"}],"collection":[{"href":"https:\/\/sandzakpress.net\/arhiva\/wp-json\/wp\/v2\/posts"}],"about":[{"href":"https:\/\/sandzakpress.net\/arhiva\/wp-json\/wp\/v2\/types\/post"}],"author":[{"embeddable":true,"href":"https:\/\/sandzakpress.net\/arhiva\/wp-json\/wp\/v2\/users\/83"}],"replies":[{"embeddable":true,"href":"https:\/\/sandzakpress.net\/arhiva\/wp-json\/wp\/v2\/comments?post=142290"}],"version-history":[{"count":0,"href":"https:\/\/sandzakpress.net\/arhiva\/wp-json\/wp\/v2\/posts\/142290\/revisions"}],"wp:featuredmedia":[{"embeddable":true,"href":"https:\/\/sandzakpress.net\/arhiva\/wp-json\/wp\/v2\/media\/142319"}],"wp:attachment":[{"href":"https:\/\/sandzakpress.net\/arhiva\/wp-json\/wp\/v2\/media?parent=142290"}],"wp:term":[{"taxonomy":"category","embeddable":true,"href":"https:\/\/sandzakpress.net\/arhiva\/wp-json\/wp\/v2\/categories?post=142290"},{"taxonomy":"post_tag","embeddable":true,"href":"https:\/\/sandzakpress.net\/arhiva\/wp-json\/wp\/v2\/tags?post=142290"}],"curies":[{"name":"wp","href":"https:\/\/api.w.org\/{rel}","templated":true}]}}