{"id":142168,"date":"2015-10-22T12:33:24","date_gmt":"2015-10-22T10:33:24","guid":{"rendered":"https:\/\/sandzakpress.net\/arhiva\/?p=142168"},"modified":"2015-10-22T12:33:24","modified_gmt":"2015-10-22T10:33:24","slug":"bihorke-i-pesterke-u-svijetu-ne-daju-da-se-zavicaj-zaboravi","status":"publish","type":"post","link":"https:\/\/sandzakpress.net\/arhiva\/bihorke-i-pesterke-u-svijetu-ne-daju-da-se-zavicaj-zaboravi\/","title":{"rendered":"Bihorke i Pe\u0161terke u svijetu ne daju da se zavi\u010daj zaboravi"},"content":{"rendered":"<p><img decoding=\"async\" src=\"http:\/\/www.bosnjaci.net\/foto\/680_Bisera_Luksemburg_ok_2015b.jpg\" alt=\"\" \/><\/p>\n<p><strong>Luksemburg\u00a0&#8211; Ovog vikenda je u Luxemburgu u organizaciji BD Fonda (Bo\u0161nja\u010dki donatorski fond) odr\u017eana promocija knjige \u201eKo\u0161tanpoljski \u0161apati\u201c autorice Selve Ramc\u030cilovic\u0301. O njenom djelu govorila je prof. dr. Bisera Sulji\u0107-Bo\u0161kailo, kao i etnolog Sulejman Ali\u010dkovi\u0107 koji je govorio o zna\u010daju ove dvije Bo\u0161njakinje koje, jedna sa Pe\u0161teri, druga iz Bihora ovjekovje\u010duju zavi\u010daj svojim djelima. Moderator ve\u0107eri bio je Enver Kora\u0107, koji je u ime BD Fonda pozdravio kako go\u0161\u0107e tako i mnogobrojnu publiku, te prestavio ove dvije autorice.<\/strong><\/p>\n<p><img decoding=\"async\" class=\" alignright\" src=\"http:\/\/www.bosnjaci.net\/foto\/300_Bisera_Luksemburg_ok_2015c.jpg\" alt=\"\" \/><\/p>\n<p>Autorica i slavljenica ve\u010deri Selva S\u030cabotic\u0301 \u2013 Ramc\u030cilovic\u0301 ro\u0111ena je 1966. godine u Dobrodolama kod Berana (Crna Gora). Zadnje tri godine osnovne s\u030ckole zavrs\u030cila je u Delime\u0111u, Opc\u0301ina Tutin, a gimnaziju u Novom Pazaru (Srbija). Studirala je agronomiju u Pris\u030ctini (Kosovo).<\/p>\n<p>Pis\u030ce prozu i poeziju. Prvu knjigu, Put spasa, objavila je 2008. godine. Nedugo zatim, 2011. godine objavila je i drugu knjigu, Elkine tis\u030cine, ovu tre\u0107u knjigu Ko\u0161tanpoljski \u0161apati objavila je Narodna biblioteka u Novom Pazaru.<\/p>\n<table border=\"0\" width=\"680\" cellspacing=\"0\" cellpadding=\"5\" align=\"center\" bgcolor=\"Gainsboro\">\n<tbody>\n<tr>\n<td align=\"left\"><center><a href=\"http:\/\/www.bosnjaci.net\/foto\/Bisera_Luksemburg_ok_2015e.jpg\" rel=\"lightbox\"><img decoding=\"async\" src=\"http:\/\/www.bosnjaci.net\/foto\/680_Bisera_Luksemburg_ok_2015e.jpg\" alt=\"\" width=\"680\" border=\"0\" \/><\/a><\/center><\/td>\n<\/tr>\n<\/tbody>\n<\/table>\n<p>&nbsp;<\/p>\n<table border=\"0\" width=\"300\" cellspacing=\"0\" cellpadding=\"5\" align=\"right\" bgcolor=\"Gainsboro\">\n<tbody>\n<tr>\n<td align=\"left\"><center><a href=\"http:\/\/www.bosnjaci.net\/foto\/Bisera_Luksemburg_ok_2015b3gg.jpg\" rel=\"lightbox\"><img decoding=\"async\" src=\"http:\/\/www.bosnjaci.net\/foto\/300_Bisera_Luksemburg_ok_2015b3gg.jpg\" alt=\"\" width=\"300\" border=\"0\" \/><\/a><\/center><\/td>\n<\/tr>\n<\/tbody>\n<\/table>\n<p>Selva svoje nepresus\u030cne inspiracije crpi iz djetinjstva i svoje rane mladosti koju je provela u Sandz\u030caku. Sandz\u030cak je za nju, ka\u017ee nepregledna oaza, kojem se c\u030cesto s nostalgijom vrac\u0301a, ne samo pisanom rijec\u030cju vec\u0301 i umjetnic\u030ckim slikanjem. Vis\u030ce od dvadeset godina ova autorica z\u030civi i stvara u Luxembourgu.<\/p>\n<p>\u201eAutori\u010dina sje\u0107anja su tu da nam pru\u017ee \u017eivotne pri\u010de iz kojih \u0107emo izvu\u010di kao od u\u010diteljice \u017eivota poruke. One su tu da slu\u017ee i kao bedem da se ne zaboravi ne\u0161to \u0161to je bilo. \u201eKo\u0161tanpoljski \u0161apati\u201c su glasovi od kojih smo pobjegli u svijet, ali i glasovi koji nas vra\u0107aju zavi\u010daju i pored tih te\u0161kih i bolnih trenutaka koji su ostali iza nas. I kada u svoj regal postavite ovu knjigu, ona \u0107e vam dati svoj zavi\u010daj uvijek kada je otvorite \u2013 ova knjiga \u0107e odgovoriti va\u0161oj djeci na pitanja \u2013 za\u0161to mi \u017eivimo ovdje, a ne tamo, gdje su \u017eivjeli na\u0161i preci\u201c, rekla je na kraju izlaganja o ovom djelu Bisera Sulji\u0107-Bo\u0161kailo, dok je autorica Selva Ram\u010dilovi\u0107 pro\u010ditala isje\u010dak iz svoje knjige, dodaju\u0107i na kraju:<\/p>\n<p>&#8211; \u201eDok stvaram svoja djela ja se osje\u0107am kao neko ko tiho kora\u010da pijeskom &#8211; koraci se ne \u010duju, ali tragovi ostaju.\u201c<\/p>\n<table border=\"0\" width=\"680\" cellspacing=\"0\" cellpadding=\"5\" align=\"center\" bgcolor=\"Gainsboro\">\n<tbody>\n<tr>\n<td align=\"left\"><center><a href=\"http:\/\/www.bosnjaci.net\/foto\/Bisera_Luksemburg_ok_2015d.jpg\" rel=\"lightbox\"><img decoding=\"async\" src=\"http:\/\/www.bosnjaci.net\/foto\/680_Bisera_Luksemburg_ok_2015d.jpg\" alt=\"\" width=\"680\" border=\"0\" \/><\/a><\/center><\/td>\n<\/tr>\n<\/tbody>\n<\/table>\n<p>&nbsp;<\/p>\n<table border=\"0\" width=\"300\" cellspacing=\"0\" cellpadding=\"5\" align=\"right\" bgcolor=\"Gainsboro\">\n<tbody>\n<tr>\n<td align=\"left\"><center><a href=\"http:\/\/www.bosnjaci.net\/foto\/Bisera_Luksemburg_ok_2015a.jpg\" rel=\"lightbox\"><img decoding=\"async\" src=\"http:\/\/www.bosnjaci.net\/foto\/300_Bisera_Luksemburg_ok_2015a.jpg\" alt=\"\" width=\"300\" border=\"0\" \/><\/a><\/center><\/td>\n<\/tr>\n<\/tbody>\n<\/table>\n<p>Mnogobrojna publika, Selvini prijatelji i rodbina je ove ve\u010deri provela lijepu ve\u010der u razgovoru i ukusnim Selvinim kola\u010dima. Kao na posjedak u rodnom Sand\u017eaku, &#8211; reko\u0161e u\u010desnici promocije.<\/p>\n<p>Podr\u0161ku autoricama uputila je i Bo\u0161nja\u010dka kulturna zajednica iz Luxemburga.<\/p>\n<p>Da naglasimo na kraju da je Udru\u017eenje BD Fond osnovano je 2007. god. sa ciljem finansiranja bo\u0161nja\u010dkih studenata slabog imovinskog stanja sa prostora Ex.YU. Od nastanka pa do danas ovo udru\u017eenje je u prosjeku finansiralo po 7 studenata godi\u0161nje. Finansirani su i neki izdava\u010dki projekti, te pomognuti i neki pisci. Novac za ove i druge projekte dolazi od raznih donatora, gdje je uklju\u010deno oko 15 portugalskih i na\u0161ih firmi. Trenutni predsjednik je Rahim Skenderovi\u0107.<\/p>\n<table border=\"0\" width=\"680\" cellspacing=\"0\" cellpadding=\"5\" align=\"center\" bgcolor=\"Gainsboro\">\n<tbody>\n<tr>\n<td align=\"left\"><center><a href=\"http:\/\/www.bosnjaci.net\/foto\/Bisera_Luksemburg_ok_2015f.jpg\" rel=\"lightbox\"><img decoding=\"async\" src=\"http:\/\/www.bosnjaci.net\/foto\/680_Bisera_Luksemburg_ok_2015f.jpg\" alt=\"\" width=\"680\" border=\"0\" \/><\/a><\/center><\/td>\n<\/tr>\n<\/tbody>\n<\/table>\n<p>(bosnjaci.net)<\/p>\n","protected":false},"excerpt":{"rendered":"<p>Luksemburg\u00a0&#8211; Ovog vikenda je u Luxemburgu u organizaciji BD Fonda (Bo\u0161nja\u010dki donatorski fond) odr\u017eana promocija knjige \u201eKo\u0161tanpoljski \u0161apati\u201c autorice Selve Ramc\u030cilovic\u0301. O njenom djelu govorila je prof. dr. Bisera Sulji\u0107-Bo\u0161kailo, kao i etnolog Sulejman Ali\u010dkovi\u0107 koji je govorio o zna\u010daju ove dvije Bo\u0161njakinje koje, jedna sa Pe\u0161teri, druga iz Bihora ovjekovje\u010duju zavi\u010daj svojim djelima. Moderator [&hellip;]<\/p>\n","protected":false},"author":509,"featured_media":142169,"comment_status":"open","ping_status":"open","sticky":false,"template":"","format":"standard","meta":{"footnotes":""},"categories":[9,9549,798,10429],"tags":[],"class_list":{"0":"post-142168","1":"post","2":"type-post","3":"status-publish","4":"format-standard","5":"has-post-thumbnail","7":"category-svijet","8":"category-luxemburg","9":"category-teme","10":"category-vazno"},"yoast_head":"<!-- This site is optimized with the Yoast SEO Premium plugin v23.1 (Yoast SEO v24.9) - https:\/\/yoast.com\/wordpress\/plugins\/seo\/ -->\n<title>Bihorke i Pe\u0161terke u svijetu ne daju da se zavi\u010daj zaboravi<\/title>\n<meta name=\"robots\" content=\"index, follow, max-snippet:-1, max-image-preview:large, max-video-preview:-1\" \/>\n<link rel=\"canonical\" href=\"https:\/\/sandzakpress.net\/arhiva\/bihorke-i-pesterke-u-svijetu-ne-daju-da-se-zavicaj-zaboravi\/\" \/>\n<meta property=\"og:locale\" content=\"bs_BA\" \/>\n<meta property=\"og:type\" content=\"article\" \/>\n<meta property=\"og:title\" content=\"Bihorke i Pe\u0161terke u svijetu ne daju da se zavi\u010daj zaboravi\" \/>\n<meta property=\"og:description\" content=\"Luksemburg\u00a0&#8211; Ovog vikenda je u Luxemburgu u organizaciji BD Fonda (Bo\u0161nja\u010dki donatorski fond) odr\u017eana promocija knjige \u201eKo\u0161tanpoljski \u0161apati\u201c autorice Selve Ramc\u030cilovic\u0301. O njenom djelu govorila je prof. dr. Bisera Sulji\u0107-Bo\u0161kailo, kao i etnolog Sulejman Ali\u010dkovi\u0107 koji je govorio o zna\u010daju ove dvije Bo\u0161njakinje koje, jedna sa Pe\u0161teri, druga iz Bihora ovjekovje\u010duju zavi\u010daj svojim djelima. Moderator [&hellip;]\" \/>\n<meta property=\"og:url\" content=\"https:\/\/sandzakpress.net\/arhiva\/bihorke-i-pesterke-u-svijetu-ne-daju-da-se-zavicaj-zaboravi\/\" \/>\n<meta property=\"og:site_name\" content=\"Sand\u017eak PRESS\" \/>\n<meta property=\"article:published_time\" content=\"2015-10-22T10:33:24+00:00\" \/>\n<meta property=\"og:image\" content=\"https:\/\/sandzakpress.net\/arhiva\/wp-content\/uploads\/2015\/10\/680_Bisera_Luksemburg_ok_2015b.jpg\" \/>\n\t<meta property=\"og:image:width\" content=\"680\" \/>\n\t<meta property=\"og:image:height\" content=\"408\" \/>\n\t<meta property=\"og:image:type\" content=\"image\/jpeg\" \/>\n<meta name=\"author\" content=\"Agencija\" \/>\n<meta name=\"twitter:card\" content=\"summary_large_image\" \/>\n<meta name=\"twitter:label1\" content=\"Written by\" \/>\n\t<meta name=\"twitter:data1\" content=\"Agencija\" \/>\n\t<meta name=\"twitter:label2\" content=\"Est. reading time\" \/>\n\t<meta name=\"twitter:data2\" content=\"3 minute\" \/>\n<script type=\"application\/ld+json\" class=\"yoast-schema-graph\">{\"@context\":\"https:\/\/schema.org\",\"@graph\":[{\"@type\":\"Article\",\"@id\":\"https:\/\/sandzakpress.net\/arhiva\/bihorke-i-pesterke-u-svijetu-ne-daju-da-se-zavicaj-zaboravi\/#article\",\"isPartOf\":{\"@id\":\"https:\/\/sandzakpress.net\/arhiva\/bihorke-i-pesterke-u-svijetu-ne-daju-da-se-zavicaj-zaboravi\/\"},\"author\":{\"name\":\"Agencija\",\"@id\":\"https:\/\/sandzakpress.net\/arhiva\/#\/schema\/person\/cb59d7e3ab91ab90dd680ad0305a6185\"},\"headline\":\"Bihorke i Pe\u0161terke u svijetu ne daju da se zavi\u010daj zaboravi\",\"datePublished\":\"2015-10-22T10:33:24+00:00\",\"mainEntityOfPage\":{\"@id\":\"https:\/\/sandzakpress.net\/arhiva\/bihorke-i-pesterke-u-svijetu-ne-daju-da-se-zavicaj-zaboravi\/\"},\"wordCount\":551,\"commentCount\":0,\"publisher\":{\"@id\":\"https:\/\/sandzakpress.net\/arhiva\/#\/schema\/person\/6e72b67d6e51910a1117b3b483ba20bd\"},\"image\":{\"@id\":\"https:\/\/sandzakpress.net\/arhiva\/bihorke-i-pesterke-u-svijetu-ne-daju-da-se-zavicaj-zaboravi\/#primaryimage\"},\"thumbnailUrl\":\"https:\/\/sandzakpress.net\/arhiva\/wp-content\/uploads\/2015\/10\/680_Bisera_Luksemburg_ok_2015b.jpg\",\"articleSection\":[\"Svijet\",\"Luksemburg\",\"NAJNOVIJE\",\"VA\u017dNO!\"],\"inLanguage\":\"bs-BA\",\"potentialAction\":[{\"@type\":\"CommentAction\",\"name\":\"Comment\",\"target\":[\"https:\/\/sandzakpress.net\/arhiva\/bihorke-i-pesterke-u-svijetu-ne-daju-da-se-zavicaj-zaboravi\/#respond\"]}]},{\"@type\":\"WebPage\",\"@id\":\"https:\/\/sandzakpress.net\/arhiva\/bihorke-i-pesterke-u-svijetu-ne-daju-da-se-zavicaj-zaboravi\/\",\"url\":\"https:\/\/sandzakpress.net\/arhiva\/bihorke-i-pesterke-u-svijetu-ne-daju-da-se-zavicaj-zaboravi\/\",\"name\":\"Bihorke i Pe\u0161terke u svijetu ne daju da se zavi\u010daj zaboravi\",\"isPartOf\":{\"@id\":\"https:\/\/sandzakpress.net\/arhiva\/#website\"},\"primaryImageOfPage\":{\"@id\":\"https:\/\/sandzakpress.net\/arhiva\/bihorke-i-pesterke-u-svijetu-ne-daju-da-se-zavicaj-zaboravi\/#primaryimage\"},\"image\":{\"@id\":\"https:\/\/sandzakpress.net\/arhiva\/bihorke-i-pesterke-u-svijetu-ne-daju-da-se-zavicaj-zaboravi\/#primaryimage\"},\"thumbnailUrl\":\"https:\/\/sandzakpress.net\/arhiva\/wp-content\/uploads\/2015\/10\/680_Bisera_Luksemburg_ok_2015b.jpg\",\"datePublished\":\"2015-10-22T10:33:24+00:00\",\"breadcrumb\":{\"@id\":\"https:\/\/sandzakpress.net\/arhiva\/bihorke-i-pesterke-u-svijetu-ne-daju-da-se-zavicaj-zaboravi\/#breadcrumb\"},\"inLanguage\":\"bs-BA\",\"potentialAction\":[{\"@type\":\"ReadAction\",\"target\":[\"https:\/\/sandzakpress.net\/arhiva\/bihorke-i-pesterke-u-svijetu-ne-daju-da-se-zavicaj-zaboravi\/\"]}]},{\"@type\":\"ImageObject\",\"inLanguage\":\"bs-BA\",\"@id\":\"https:\/\/sandzakpress.net\/arhiva\/bihorke-i-pesterke-u-svijetu-ne-daju-da-se-zavicaj-zaboravi\/#primaryimage\",\"url\":\"https:\/\/sandzakpress.net\/arhiva\/wp-content\/uploads\/2015\/10\/680_Bisera_Luksemburg_ok_2015b.jpg\",\"contentUrl\":\"https:\/\/sandzakpress.net\/arhiva\/wp-content\/uploads\/2015\/10\/680_Bisera_Luksemburg_ok_2015b.jpg\",\"width\":680,\"height\":408},{\"@type\":\"BreadcrumbList\",\"@id\":\"https:\/\/sandzakpress.net\/arhiva\/bihorke-i-pesterke-u-svijetu-ne-daju-da-se-zavicaj-zaboravi\/#breadcrumb\",\"itemListElement\":[{\"@type\":\"ListItem\",\"position\":1,\"name\":\"Home\",\"item\":\"https:\/\/sandzakpress.net\/arhiva\/\"},{\"@type\":\"ListItem\",\"position\":2,\"name\":\"Bihorke i Pe\u0161terke u svijetu ne daju da se zavi\u010daj zaboravi\"}]},{\"@type\":\"WebSite\",\"@id\":\"https:\/\/sandzakpress.net\/arhiva\/#website\",\"url\":\"https:\/\/sandzakpress.net\/arhiva\/\",\"name\":\"Sand\u017eak PRESS\",\"description\":\"Prve elektronske novine u Sand\u017eaku\",\"publisher\":{\"@id\":\"https:\/\/sandzakpress.net\/arhiva\/#\/schema\/person\/6e72b67d6e51910a1117b3b483ba20bd\"},\"potentialAction\":[{\"@type\":\"SearchAction\",\"target\":{\"@type\":\"EntryPoint\",\"urlTemplate\":\"https:\/\/sandzakpress.net\/arhiva\/?s={search_term_string}\"},\"query-input\":{\"@type\":\"PropertyValueSpecification\",\"valueRequired\":true,\"valueName\":\"search_term_string\"}}],\"inLanguage\":\"bs-BA\"},{\"@type\":[\"Person\",\"Organization\"],\"@id\":\"https:\/\/sandzakpress.net\/arhiva\/#\/schema\/person\/6e72b67d6e51910a1117b3b483ba20bd\",\"name\":\"Kul\",\"image\":{\"@type\":\"ImageObject\",\"inLanguage\":\"bs-BA\",\"@id\":\"https:\/\/sandzakpress.net\/arhiva\/#\/schema\/person\/image\/\",\"url\":\"https:\/\/secure.gravatar.com\/avatar\/42263f39aa27ac04c43cab85c280eb2e?s=96&d=mm&r=pg\",\"contentUrl\":\"https:\/\/secure.gravatar.com\/avatar\/42263f39aa27ac04c43cab85c280eb2e?s=96&d=mm&r=pg\",\"caption\":\"Kul\"},\"logo\":{\"@id\":\"https:\/\/sandzakpress.net\/arhiva\/#\/schema\/person\/image\/\"}},{\"@type\":\"Person\",\"@id\":\"https:\/\/sandzakpress.net\/arhiva\/#\/schema\/person\/cb59d7e3ab91ab90dd680ad0305a6185\",\"name\":\"Agencija\",\"image\":{\"@type\":\"ImageObject\",\"inLanguage\":\"bs-BA\",\"@id\":\"https:\/\/sandzakpress.net\/arhiva\/#\/schema\/person\/image\/\",\"url\":\"https:\/\/secure.gravatar.com\/avatar\/4b7fafa80a22f0c2afe23966b3961fe0?s=96&d=mm&r=pg\",\"contentUrl\":\"https:\/\/secure.gravatar.com\/avatar\/4b7fafa80a22f0c2afe23966b3961fe0?s=96&d=mm&r=pg\",\"caption\":\"Agencija\"},\"url\":\"https:\/\/sandzakpress.net\/arhiva\/author\/agencija\/\"}]}<\/script>\n<!-- \/ Yoast SEO Premium plugin. -->","yoast_head_json":{"title":"Bihorke i Pe\u0161terke u svijetu ne daju da se zavi\u010daj zaboravi","robots":{"index":"index","follow":"follow","max-snippet":"max-snippet:-1","max-image-preview":"max-image-preview:large","max-video-preview":"max-video-preview:-1"},"canonical":"https:\/\/sandzakpress.net\/arhiva\/bihorke-i-pesterke-u-svijetu-ne-daju-da-se-zavicaj-zaboravi\/","og_locale":"bs_BA","og_type":"article","og_title":"Bihorke i Pe\u0161terke u svijetu ne daju da se zavi\u010daj zaboravi","og_description":"Luksemburg\u00a0&#8211; Ovog vikenda je u Luxemburgu u organizaciji BD Fonda (Bo\u0161nja\u010dki donatorski fond) odr\u017eana promocija knjige \u201eKo\u0161tanpoljski \u0161apati\u201c autorice Selve Ramc\u030cilovic\u0301. O njenom djelu govorila je prof. dr. Bisera Sulji\u0107-Bo\u0161kailo, kao i etnolog Sulejman Ali\u010dkovi\u0107 koji je govorio o zna\u010daju ove dvije Bo\u0161njakinje koje, jedna sa Pe\u0161teri, druga iz Bihora ovjekovje\u010duju zavi\u010daj svojim djelima. Moderator [&hellip;]","og_url":"https:\/\/sandzakpress.net\/arhiva\/bihorke-i-pesterke-u-svijetu-ne-daju-da-se-zavicaj-zaboravi\/","og_site_name":"Sand\u017eak PRESS","article_published_time":"2015-10-22T10:33:24+00:00","og_image":[{"width":680,"height":408,"url":"https:\/\/sandzakpress.net\/arhiva\/wp-content\/uploads\/2015\/10\/680_Bisera_Luksemburg_ok_2015b.jpg","type":"image\/jpeg"}],"author":"Agencija","twitter_card":"summary_large_image","twitter_misc":{"Written by":"Agencija","Est. reading time":"3 minute"},"schema":{"@context":"https:\/\/schema.org","@graph":[{"@type":"Article","@id":"https:\/\/sandzakpress.net\/arhiva\/bihorke-i-pesterke-u-svijetu-ne-daju-da-se-zavicaj-zaboravi\/#article","isPartOf":{"@id":"https:\/\/sandzakpress.net\/arhiva\/bihorke-i-pesterke-u-svijetu-ne-daju-da-se-zavicaj-zaboravi\/"},"author":{"name":"Agencija","@id":"https:\/\/sandzakpress.net\/arhiva\/#\/schema\/person\/cb59d7e3ab91ab90dd680ad0305a6185"},"headline":"Bihorke i Pe\u0161terke u svijetu ne daju da se zavi\u010daj zaboravi","datePublished":"2015-10-22T10:33:24+00:00","mainEntityOfPage":{"@id":"https:\/\/sandzakpress.net\/arhiva\/bihorke-i-pesterke-u-svijetu-ne-daju-da-se-zavicaj-zaboravi\/"},"wordCount":551,"commentCount":0,"publisher":{"@id":"https:\/\/sandzakpress.net\/arhiva\/#\/schema\/person\/6e72b67d6e51910a1117b3b483ba20bd"},"image":{"@id":"https:\/\/sandzakpress.net\/arhiva\/bihorke-i-pesterke-u-svijetu-ne-daju-da-se-zavicaj-zaboravi\/#primaryimage"},"thumbnailUrl":"https:\/\/sandzakpress.net\/arhiva\/wp-content\/uploads\/2015\/10\/680_Bisera_Luksemburg_ok_2015b.jpg","articleSection":["Svijet","Luksemburg","NAJNOVIJE","VA\u017dNO!"],"inLanguage":"bs-BA","potentialAction":[{"@type":"CommentAction","name":"Comment","target":["https:\/\/sandzakpress.net\/arhiva\/bihorke-i-pesterke-u-svijetu-ne-daju-da-se-zavicaj-zaboravi\/#respond"]}]},{"@type":"WebPage","@id":"https:\/\/sandzakpress.net\/arhiva\/bihorke-i-pesterke-u-svijetu-ne-daju-da-se-zavicaj-zaboravi\/","url":"https:\/\/sandzakpress.net\/arhiva\/bihorke-i-pesterke-u-svijetu-ne-daju-da-se-zavicaj-zaboravi\/","name":"Bihorke i Pe\u0161terke u svijetu ne daju da se zavi\u010daj zaboravi","isPartOf":{"@id":"https:\/\/sandzakpress.net\/arhiva\/#website"},"primaryImageOfPage":{"@id":"https:\/\/sandzakpress.net\/arhiva\/bihorke-i-pesterke-u-svijetu-ne-daju-da-se-zavicaj-zaboravi\/#primaryimage"},"image":{"@id":"https:\/\/sandzakpress.net\/arhiva\/bihorke-i-pesterke-u-svijetu-ne-daju-da-se-zavicaj-zaboravi\/#primaryimage"},"thumbnailUrl":"https:\/\/sandzakpress.net\/arhiva\/wp-content\/uploads\/2015\/10\/680_Bisera_Luksemburg_ok_2015b.jpg","datePublished":"2015-10-22T10:33:24+00:00","breadcrumb":{"@id":"https:\/\/sandzakpress.net\/arhiva\/bihorke-i-pesterke-u-svijetu-ne-daju-da-se-zavicaj-zaboravi\/#breadcrumb"},"inLanguage":"bs-BA","potentialAction":[{"@type":"ReadAction","target":["https:\/\/sandzakpress.net\/arhiva\/bihorke-i-pesterke-u-svijetu-ne-daju-da-se-zavicaj-zaboravi\/"]}]},{"@type":"ImageObject","inLanguage":"bs-BA","@id":"https:\/\/sandzakpress.net\/arhiva\/bihorke-i-pesterke-u-svijetu-ne-daju-da-se-zavicaj-zaboravi\/#primaryimage","url":"https:\/\/sandzakpress.net\/arhiva\/wp-content\/uploads\/2015\/10\/680_Bisera_Luksemburg_ok_2015b.jpg","contentUrl":"https:\/\/sandzakpress.net\/arhiva\/wp-content\/uploads\/2015\/10\/680_Bisera_Luksemburg_ok_2015b.jpg","width":680,"height":408},{"@type":"BreadcrumbList","@id":"https:\/\/sandzakpress.net\/arhiva\/bihorke-i-pesterke-u-svijetu-ne-daju-da-se-zavicaj-zaboravi\/#breadcrumb","itemListElement":[{"@type":"ListItem","position":1,"name":"Home","item":"https:\/\/sandzakpress.net\/arhiva\/"},{"@type":"ListItem","position":2,"name":"Bihorke i Pe\u0161terke u svijetu ne daju da se zavi\u010daj zaboravi"}]},{"@type":"WebSite","@id":"https:\/\/sandzakpress.net\/arhiva\/#website","url":"https:\/\/sandzakpress.net\/arhiva\/","name":"Sand\u017eak PRESS","description":"Prve elektronske novine u Sand\u017eaku","publisher":{"@id":"https:\/\/sandzakpress.net\/arhiva\/#\/schema\/person\/6e72b67d6e51910a1117b3b483ba20bd"},"potentialAction":[{"@type":"SearchAction","target":{"@type":"EntryPoint","urlTemplate":"https:\/\/sandzakpress.net\/arhiva\/?s={search_term_string}"},"query-input":{"@type":"PropertyValueSpecification","valueRequired":true,"valueName":"search_term_string"}}],"inLanguage":"bs-BA"},{"@type":["Person","Organization"],"@id":"https:\/\/sandzakpress.net\/arhiva\/#\/schema\/person\/6e72b67d6e51910a1117b3b483ba20bd","name":"Kul","image":{"@type":"ImageObject","inLanguage":"bs-BA","@id":"https:\/\/sandzakpress.net\/arhiva\/#\/schema\/person\/image\/","url":"https:\/\/secure.gravatar.com\/avatar\/42263f39aa27ac04c43cab85c280eb2e?s=96&d=mm&r=pg","contentUrl":"https:\/\/secure.gravatar.com\/avatar\/42263f39aa27ac04c43cab85c280eb2e?s=96&d=mm&r=pg","caption":"Kul"},"logo":{"@id":"https:\/\/sandzakpress.net\/arhiva\/#\/schema\/person\/image\/"}},{"@type":"Person","@id":"https:\/\/sandzakpress.net\/arhiva\/#\/schema\/person\/cb59d7e3ab91ab90dd680ad0305a6185","name":"Agencija","image":{"@type":"ImageObject","inLanguage":"bs-BA","@id":"https:\/\/sandzakpress.net\/arhiva\/#\/schema\/person\/image\/","url":"https:\/\/secure.gravatar.com\/avatar\/4b7fafa80a22f0c2afe23966b3961fe0?s=96&d=mm&r=pg","contentUrl":"https:\/\/secure.gravatar.com\/avatar\/4b7fafa80a22f0c2afe23966b3961fe0?s=96&d=mm&r=pg","caption":"Agencija"},"url":"https:\/\/sandzakpress.net\/arhiva\/author\/agencija\/"}]}},"_links":{"self":[{"href":"https:\/\/sandzakpress.net\/arhiva\/wp-json\/wp\/v2\/posts\/142168"}],"collection":[{"href":"https:\/\/sandzakpress.net\/arhiva\/wp-json\/wp\/v2\/posts"}],"about":[{"href":"https:\/\/sandzakpress.net\/arhiva\/wp-json\/wp\/v2\/types\/post"}],"author":[{"embeddable":true,"href":"https:\/\/sandzakpress.net\/arhiva\/wp-json\/wp\/v2\/users\/509"}],"replies":[{"embeddable":true,"href":"https:\/\/sandzakpress.net\/arhiva\/wp-json\/wp\/v2\/comments?post=142168"}],"version-history":[{"count":0,"href":"https:\/\/sandzakpress.net\/arhiva\/wp-json\/wp\/v2\/posts\/142168\/revisions"}],"wp:featuredmedia":[{"embeddable":true,"href":"https:\/\/sandzakpress.net\/arhiva\/wp-json\/wp\/v2\/media\/142169"}],"wp:attachment":[{"href":"https:\/\/sandzakpress.net\/arhiva\/wp-json\/wp\/v2\/media?parent=142168"}],"wp:term":[{"taxonomy":"category","embeddable":true,"href":"https:\/\/sandzakpress.net\/arhiva\/wp-json\/wp\/v2\/categories?post=142168"},{"taxonomy":"post_tag","embeddable":true,"href":"https:\/\/sandzakpress.net\/arhiva\/wp-json\/wp\/v2\/tags?post=142168"}],"curies":[{"name":"wp","href":"https:\/\/api.w.org\/{rel}","templated":true}]}}