{"id":14187,"date":"2011-03-24T03:54:30","date_gmt":"2011-03-24T02:54:30","guid":{"rendered":"https:\/\/sandzakpress.net\/arhiva\/?p=14187"},"modified":"2011-03-24T03:54:30","modified_gmt":"2011-03-24T02:54:30","slug":"crnogorska-kuca-statistika-i-politika","status":"publish","type":"post","link":"https:\/\/sandzakpress.net\/arhiva\/crnogorska-kuca-statistika-i-politika\/","title":{"rendered":"&#8220;Crnogorska ku\u0107a&#8221; &#8211; statistika i politika"},"content":{"rendered":"<p><a href=\"https:\/\/sandzakpress.net\/arhiva\/wp-content\/uploads\/2011\/03\/500px-Luxemburg.jpg\"><img loading=\"lazy\" decoding=\"async\" class=\"aligncenter size-full wp-image-14188\" title=\"500px-Luxemburg\" src=\"https:\/\/sandzakpress.net\/arhiva\/wp-content\/uploads\/2011\/03\/500px-Luxemburg.jpg\" alt=\"\" width=\"616\" height=\"284\" \/><\/a><\/p>\n<p><strong>Vlada Crne Gore ula\u017ee velike napore da saradnju njene tzv. \u201edijaspore i matice\u201c, podigne na jedan visoki nivo. U kontekstu toga organizovat \u0107e osnivanje takozvanih \u201eCrnogorskih ku\u0107a\u201c, gdje \u0107e na\u0161a, bo\u0161nja\u010dka, djeca imati priliku da u\u010de svoj \u201ematernji\u201c, to jest Crnogorski jezik!? &#8211; to re\u010de u svom uvodnom izlaganju Ivan Mili\u0107, MVPEI \u2013 v.d. Generalni direktor Direktorata za konzularne poslove.<\/strong><\/p>\n<p>Potpisnik ovih redova je po\u017eurio da se javi prvi za rije\u010d, da se slu\u010dajno ne desi ono \u0161to se uvjek de\u0161avalo u sli\u010dnim prilikama, a posebno u vrijeme socijalrealizma, kada su na\u0161i sunarodnici znali da takvim i sli\u010dnim gostima, padnu na koljena i po\u010dnu se zahvaljivati za sve ono \u0161to su oni ko bajagi za nas uradili, \u010dak i za ono \u0161to nisu uradili; i za sve \u0161to treba da urade; i za sve \u0161to bi trebalo da urade; a da ne govorim o tome koliko smo sre\u0107ni i po\u010dastvovani njihovom posjetom.<br \/>\nNo, eto ovaj put sam uspio da ih preduhitrim i da sebe, naravno i ostale, po\u0161tedim silnih hvalospjeva i nabuloza koje samo poljuljani i pokolebljeni bo\u0161nja\u010dki umovi mogu skrojiti i sastaviti.<\/p>\n<p>Po\u0161to sam od svog babe i majke dobro vaspitan, uljudno sam pozdravio na\u0161e goste, prije nego \u0161to sam postavio pitanje dao sam kratak komentar na izjavu gospodina Mili\u0107a.<\/p>\n<p>\u201eU dvadeset godina od kako \u017eivim i radim u Luxemburgu, nisam nikada sreo Crnogorca, rekoh pomenutom gospodinu i ostalima, i nastavih: \u0160to naravno potkrijepljuje \u010dinjenicu, da je dijaspora u Luxemburgu koju danas zovu crnogorskom, zapravo Bo\u0161nja\u010dka dijaspora. S obzirom na taj podatak, kao i na \u010dinjenicu da je Crna Gora multinacionlana, multikulturna i multikonfesionalna dr\u017eava, i da su u Crnoj Gori priznati pored Crnogorskog, i Bosanski, i Srpski i drugi jezici; i da u Crnoj Gori ne postoji jedna monokultura, time otvoreno pitam, da li bi Vlada Crne Gora bila spremna da finansira dopunsku nastavu i na tim jezicima?<\/p>\n<p>Nisam pitanje ni zavr\u0161io, dalo se primjetiti kako Mili\u0107 ma\u0161e glavom, lijevo-desno, u znak negiranja. Ipak, nastavio sam:<br \/>\n\u201eKoristim priliku da uputim protest u ime dijaspore, zbog odluke Monstata da se dijaspori ne dozvoli izja\u0161njavanje dalje od ta\u010dke 6, to jest po pitanju, izme\u0111u ostalog, o nacionalnoj i vjerskoj pripadnosti, kao i jeziku. Na taj na\u010din se naru\u0161avaju elementarna ljudska prava, kao i pravo na jednakost\u201c&#8230; nisam ni zavr\u0161io Mili\u0107 se ubaci sa pri\u010dom:<\/p>\n<table border=\"0\" cellspacing=\"0\" cellpadding=\"5\" width=\"250\" align=\"right\" bgcolor=\"Gainsboro\">\n<tbody>\n<tr>\n<td align=\"left\"><span style=\"color: black;\"><img decoding=\"async\" src=\"http:\/\/www.bosnjaci.net\/foto\/Ivan_Milic_CG_2.jpg\" border=\"0\" alt=\"\" width=\"250\" \/><br \/>\nIvan Mili\u0107<br \/>\n<em>\u201eNije va\u017eno kako nazivamo jezik kojim govorimo, va\u017eno je da se razumijemo, svi mi govorimo istim jezikom samo ga druga\u010dije nazivamo\u201c, <\/em>re\u010de gospodin Mili\u0107. Pomislih onako za sebe, ako nije va\u017eno kako nazivamo jezik, za\u0161to se onda Mili\u0107 ne izjasni da govori bosanskim jezikom.<br \/>\n<\/span><\/td>\n<\/tr>\n<\/tbody>\n<\/table>\n<p><em>\u201eNije va\u017eno kako nazivamo jezik kojim govorimo, va\u017eno je da se razumijemo, svi mi govorimo istim jezikom samo ga druga\u010dije nazivamo\u201c, <\/em>re\u010de gospodin Mili\u0107. Pomislih onako za sebe, ako nije va\u017eno kako nazivamo jezik, za\u0161to se onda Mili\u0107 ne izjasni da govori bosanskim jezikom.<\/p>\n<p>Mili\u0107 opet nastavi:\u00a0<em>\u201eTo pitanje jezika ne treba politizirati. A \u0161to se ti\u010de popisa, to je samo statistika a ne politika\u201c, i jo\u0161 dodade \u201eda nije siguran da li \u0107e gospodin Kora\u0107<\/em><em> (misli na potpisnika ovih redova), <\/em><em>biti zadovoljan odgovorom\u201c. <\/em><\/p>\n<p>\u201eNaravno da nisam zadovoljan\u201c, rekao sam, i dodao: Ako nije va\u017eno kako zovemo jezik kojim govorimo, za\u0161to ste onda va\u0161 jezik nazvali crnogorskim, za\u0161to niste ostali kod srpsko-hrvatskog. Pa i u Bosni su jezik nazvali bosanskim, pa ni Srbi niti Hrvati u Bosni se ne izja\u0161njavaju da govore bosanski (&#8230;) Gospodine Mili\u0107u, ne mo\u017eete vi nikada natjerati Bo\u0161njake da govore crnogorskim jezikom\u201c!<br \/>\n\u0160to se ti\u010de popisa stanovni\u0161tva, ako je to \u201estatistika a ne politika\u201c kako ka\u017eete, za\u0161to onda Monstat na uzoru kako su to uradili iseljenicima, ne stopira i one gra\u0111ane koji \u017eive u CG, da se izja\u0161njavaju od ta\u010dke 6?! U tom slu\u010daju bi to bila stvarno samo \u201estatistika a ne politika\u201c, u protivnom to je i te kako politika. Zar Crnu Goru ne zanima koliko ima gra\u0111ana? Zar Crnu Goru ne zanima gdje oni \u017eive i koliko \u0107e dugo ostati itsl.? Na osnovu zakona o popisu, to su stavke koje se u dijaspori moraju popuniti, ali se one nalaze iza pitanja 6, \u0161to zna\u010di da je odluka Monstata nezakonita!!!<\/p>\n<p>Sa jedne strane imate odluku Monstata, iza koje sigurno neko drugi stoji, neko mnogo ja\u010di; sa druge strane odluku Vlade Crne Gore koja navodno preko MIP-a i Centra za iseljenike ho\u0107e neku vrstu saradnje sa navodno \u201enjenom\u201c dijasporom. A kao \u0161to se da zaklju\u010diti te dvije stvari su izuzetno kontradiktorne!<\/p>\n<p>Rekao sam Mili\u0107u, da Bo\u0161njaci u procesu povratka nezavisnosti Crne Gore odigrali zna\u010dajnu ulogu, ba\u0161 kao kad dijete ho\u0107e da prohoda pa mu je potreban samo mali ali presudni oslonac da krene, kao kada mu date mali prst. Crnoj Gori Bo\u0161njaci su bili taj mali prst a vi sada ho\u0107ete da ga odsje\u010dete.<br \/>\nPo\u0161to smo se dotakli i teme oko inscenirane podjele Bo\u0161njaka, od strane Vlade Crne Gore, na dva korpusa: Bo\u0161njake i Muslimane, u poku\u0161aju negiranja takve teze, Mili\u0107 izme\u0111u ostalog re\u010de i to da ima jednog prijatelja koji se izja\u0161njava kao musliman (Kalomperovi\u0107 op. a.) i kako da on to njemu zabrani, zar bi to bilo demokratski.<\/p>\n<p>Odgovorio sam mu na to: \u201eGospodine Mili\u0107u postoji u svijetu ne\u0161to \u0161to se naziva\u00a0<em>political correctness<\/em>, po principima politikal korektnisa danas se Eskimo vi\u0161e ne zove Eskimo, ve\u0107 Inuit. Jer Eskimo je u neku ruku pogrdan naziv, koji su im dali bijelci, \u0161to bi u prijevodu zna\u010dilo &#8211; oni koji \u017ederu \u017eivu ribu. Po principima\u00a0<em>political correctness<\/em>, danas se Cigani ne zovu Cigani, ve\u0107 Romi. Zar je onda politi\u010dki korektno da nas u nacionalnom smislu nazivate muslimanima a ne Bo\u0161njacima?!<\/p>\n<p>Ta\u010dno je da nije demokratski da nekome zabranjujete da se izja\u0161njava kao Musliman, i ne treba da zabranjujete, treba samo da omogu\u0107ite Crnogorcima i Srbima da se mogu izja\u0161njavati kao pravoslavci, i Hrvatima kao katolici, i onda \u0107e to biti demokratski.\u201c<\/p>\n<p>Kada ve\u0107 govorimo o korektnosti, moram ipak re\u0107i da je Mili\u0107 bio vrlo ugodan sagovornik, spreman i voljan za otvorenu diskusuju, iako je i sam priznao, nije dovoljno mo\u0107an da mnogo \u0161ta od pomenutog promjeni. Priznavanje nemo\u0107i je zaista ljudska osobina, jer se otvoreno zna da ima onih koji nam u vrhu kroje crnogorske kape, na nama je da te podvale odbacimo. Zato oprezno moram priznati da se sti\u010de dojam, da je Mili\u0107 jedan veliki \u010dovjek, i to ne samo zbog svojih, kako mi se u\u010dinilo, dva metra i pedeset visine.<\/p>\n<table border=\"0\" cellspacing=\"0\" cellpadding=\"5\" width=\"640\" align=\"center\" bgcolor=\"Gainsboro\">\n<tbody>\n<tr>\n<td align=\"left\"><span style=\"color: black;\"><img decoding=\"async\" src=\"http:\/\/www.bosnjaci.net\/foto\/KORAC1_Sastanak_u_Luxemburgu.jpg\" border=\"0\" alt=\"\" width=\"640\" \/><br \/>\nSa sastanka u Luxemburgu<\/span><\/td>\n<\/tr>\n<\/tbody>\n<\/table>\n<p>Spomenuti skup koji je organizovalo Udru\u017eenje \u201cCorespodenz Montenegro Luxembourg\u201c, a propratila ga je i Televizija Crne Gore, ali samo djelimi\u010dno. Ipak, iskoristio sam priliku da pred tv kamerama, uputim apel Vladi Crne Gore da preina\u010di odluku Monstata, jer se time grubo zakidaju prava gra\u0111ana Crne Gore u emigarciji. Me\u0111utim po\u0161to je skup snimio i jedan na\u0161 lokalni kamerman, Ervin Muratovi\u0107, nadamo se da \u0107e te uskoro mo\u0107i taj video da propratite na Bo\u0161njaci.Net.<\/p>\n<p>Autor: <strong>Enver Kora\u0107<\/strong><\/p>\n<p>Izvor:<strong> Bosnjaci.net<\/strong><\/p>\n","protected":false},"excerpt":{"rendered":"<p>Vlada Crne Gore ula\u017ee velike napore da saradnju njene tzv. \u201edijaspore i matice\u201c, podigne na jedan visoki nivo. U kontekstu toga organizovat \u0107e osnivanje takozvanih \u201eCrnogorskih ku\u0107a\u201c, gdje \u0107e na\u0161a, bo\u0161nja\u010dka, djeca imati priliku da u\u010de svoj \u201ematernji\u201c, to jest Crnogorski jezik!? &#8211; to re\u010de u svom uvodnom izlaganju Ivan Mili\u0107, MVPEI \u2013 v.d. Generalni [&hellip;]<\/p>\n","protected":false},"author":83,"featured_media":14188,"comment_status":"open","ping_status":"open","sticky":false,"template":"","format":"standard","meta":{"footnotes":""},"categories":[398,397,396,395,399],"tags":[],"class_list":{"0":"post-14187","1":"post","2":"type-post","3":"status-publish","4":"format-standard","5":"has-post-thumbnail","7":"category-rozaje","8":"category-berane","9":"category-bijelo_polje","10":"category-pljevlja_","11":"category-plav_"},"yoast_head":"<!-- This site is optimized with the Yoast SEO Premium plugin v23.1 (Yoast SEO v24.9) - https:\/\/yoast.com\/wordpress\/plugins\/seo\/ -->\n<title>&quot;Crnogorska ku\u0107a&quot; - statistika i politika<\/title>\n<meta name=\"robots\" content=\"index, follow, max-snippet:-1, max-image-preview:large, max-video-preview:-1\" \/>\n<link rel=\"canonical\" href=\"https:\/\/sandzakpress.net\/arhiva\/crnogorska-kuca-statistika-i-politika\/\" \/>\n<meta property=\"og:locale\" content=\"bs_BA\" \/>\n<meta property=\"og:type\" content=\"article\" \/>\n<meta property=\"og:title\" content=\"&quot;Crnogorska ku\u0107a&quot; - statistika i politika\" \/>\n<meta property=\"og:description\" content=\"Vlada Crne Gore ula\u017ee velike napore da saradnju njene tzv. \u201edijaspore i matice\u201c, podigne na jedan visoki nivo. U kontekstu toga organizovat \u0107e osnivanje takozvanih \u201eCrnogorskih ku\u0107a\u201c, gdje \u0107e na\u0161a, bo\u0161nja\u010dka, djeca imati priliku da u\u010de svoj \u201ematernji\u201c, to jest Crnogorski jezik!? &#8211; to re\u010de u svom uvodnom izlaganju Ivan Mili\u0107, MVPEI \u2013 v.d. Generalni [&hellip;]\" \/>\n<meta property=\"og:url\" content=\"https:\/\/sandzakpress.net\/arhiva\/crnogorska-kuca-statistika-i-politika\/\" \/>\n<meta property=\"og:site_name\" content=\"Sand\u017eak PRESS\" \/>\n<meta property=\"article:published_time\" content=\"2011-03-24T02:54:30+00:00\" \/>\n<meta property=\"og:image\" content=\"https:\/\/sandzakpress.net\/arhiva\/wp-content\/uploads\/2011\/03\/500px-Luxemburg.jpg\" \/>\n\t<meta property=\"og:image:width\" content=\"616\" \/>\n\t<meta property=\"og:image:height\" content=\"284\" \/>\n\t<meta property=\"og:image:type\" content=\"image\/jpeg\" \/>\n<meta name=\"author\" content=\"bosniak\" \/>\n<meta name=\"twitter:card\" content=\"summary_large_image\" \/>\n<meta name=\"twitter:label1\" content=\"Written by\" \/>\n\t<meta name=\"twitter:data1\" content=\"bosniak\" \/>\n\t<meta name=\"twitter:label2\" content=\"Est. reading time\" \/>\n\t<meta name=\"twitter:data2\" content=\"6 minuta\" \/>\n<script type=\"application\/ld+json\" class=\"yoast-schema-graph\">{\"@context\":\"https:\/\/schema.org\",\"@graph\":[{\"@type\":\"Article\",\"@id\":\"https:\/\/sandzakpress.net\/arhiva\/crnogorska-kuca-statistika-i-politika\/#article\",\"isPartOf\":{\"@id\":\"https:\/\/sandzakpress.net\/arhiva\/crnogorska-kuca-statistika-i-politika\/\"},\"author\":{\"name\":\"bosniak\",\"@id\":\"https:\/\/sandzakpress.net\/arhiva\/#\/schema\/person\/c8baee722073534b583ea7bdb2e36c02\"},\"headline\":\"&#8220;Crnogorska ku\u0107a&#8221; &#8211; statistika i politika\",\"datePublished\":\"2011-03-24T02:54:30+00:00\",\"mainEntityOfPage\":{\"@id\":\"https:\/\/sandzakpress.net\/arhiva\/crnogorska-kuca-statistika-i-politika\/\"},\"wordCount\":1247,\"commentCount\":0,\"publisher\":{\"@id\":\"https:\/\/sandzakpress.net\/arhiva\/#\/schema\/person\/6e72b67d6e51910a1117b3b483ba20bd\"},\"image\":{\"@id\":\"https:\/\/sandzakpress.net\/arhiva\/crnogorska-kuca-statistika-i-politika\/#primaryimage\"},\"thumbnailUrl\":\"https:\/\/sandzakpress.net\/arhiva\/wp-content\/uploads\/2011\/03\/500px-Luxemburg.jpg\",\"articleSection\":[\"Ro\u017eaje\",\"Berane\",\"Bijelo Polje\",\"Pljevlja\",\"Plav\"],\"inLanguage\":\"bs-BA\",\"potentialAction\":[{\"@type\":\"CommentAction\",\"name\":\"Comment\",\"target\":[\"https:\/\/sandzakpress.net\/arhiva\/crnogorska-kuca-statistika-i-politika\/#respond\"]}]},{\"@type\":\"WebPage\",\"@id\":\"https:\/\/sandzakpress.net\/arhiva\/crnogorska-kuca-statistika-i-politika\/\",\"url\":\"https:\/\/sandzakpress.net\/arhiva\/crnogorska-kuca-statistika-i-politika\/\",\"name\":\"\\\"Crnogorska ku\u0107a\\\" - statistika i politika\",\"isPartOf\":{\"@id\":\"https:\/\/sandzakpress.net\/arhiva\/#website\"},\"primaryImageOfPage\":{\"@id\":\"https:\/\/sandzakpress.net\/arhiva\/crnogorska-kuca-statistika-i-politika\/#primaryimage\"},\"image\":{\"@id\":\"https:\/\/sandzakpress.net\/arhiva\/crnogorska-kuca-statistika-i-politika\/#primaryimage\"},\"thumbnailUrl\":\"https:\/\/sandzakpress.net\/arhiva\/wp-content\/uploads\/2011\/03\/500px-Luxemburg.jpg\",\"datePublished\":\"2011-03-24T02:54:30+00:00\",\"breadcrumb\":{\"@id\":\"https:\/\/sandzakpress.net\/arhiva\/crnogorska-kuca-statistika-i-politika\/#breadcrumb\"},\"inLanguage\":\"bs-BA\",\"potentialAction\":[{\"@type\":\"ReadAction\",\"target\":[\"https:\/\/sandzakpress.net\/arhiva\/crnogorska-kuca-statistika-i-politika\/\"]}]},{\"@type\":\"ImageObject\",\"inLanguage\":\"bs-BA\",\"@id\":\"https:\/\/sandzakpress.net\/arhiva\/crnogorska-kuca-statistika-i-politika\/#primaryimage\",\"url\":\"https:\/\/sandzakpress.net\/arhiva\/wp-content\/uploads\/2011\/03\/500px-Luxemburg.jpg\",\"contentUrl\":\"https:\/\/sandzakpress.net\/arhiva\/wp-content\/uploads\/2011\/03\/500px-Luxemburg.jpg\",\"width\":616,\"height\":284},{\"@type\":\"BreadcrumbList\",\"@id\":\"https:\/\/sandzakpress.net\/arhiva\/crnogorska-kuca-statistika-i-politika\/#breadcrumb\",\"itemListElement\":[{\"@type\":\"ListItem\",\"position\":1,\"name\":\"Home\",\"item\":\"https:\/\/sandzakpress.net\/arhiva\/\"},{\"@type\":\"ListItem\",\"position\":2,\"name\":\"&#8220;Crnogorska ku\u0107a&#8221; &#8211; statistika i politika\"}]},{\"@type\":\"WebSite\",\"@id\":\"https:\/\/sandzakpress.net\/arhiva\/#website\",\"url\":\"https:\/\/sandzakpress.net\/arhiva\/\",\"name\":\"Sand\u017eak PRESS\",\"description\":\"Prve elektronske novine u Sand\u017eaku\",\"publisher\":{\"@id\":\"https:\/\/sandzakpress.net\/arhiva\/#\/schema\/person\/6e72b67d6e51910a1117b3b483ba20bd\"},\"potentialAction\":[{\"@type\":\"SearchAction\",\"target\":{\"@type\":\"EntryPoint\",\"urlTemplate\":\"https:\/\/sandzakpress.net\/arhiva\/?s={search_term_string}\"},\"query-input\":{\"@type\":\"PropertyValueSpecification\",\"valueRequired\":true,\"valueName\":\"search_term_string\"}}],\"inLanguage\":\"bs-BA\"},{\"@type\":[\"Person\",\"Organization\"],\"@id\":\"https:\/\/sandzakpress.net\/arhiva\/#\/schema\/person\/6e72b67d6e51910a1117b3b483ba20bd\",\"name\":\"Kul\",\"image\":{\"@type\":\"ImageObject\",\"inLanguage\":\"bs-BA\",\"@id\":\"https:\/\/sandzakpress.net\/arhiva\/#\/schema\/person\/image\/\",\"url\":\"https:\/\/secure.gravatar.com\/avatar\/42263f39aa27ac04c43cab85c280eb2e?s=96&d=mm&r=pg\",\"contentUrl\":\"https:\/\/secure.gravatar.com\/avatar\/42263f39aa27ac04c43cab85c280eb2e?s=96&d=mm&r=pg\",\"caption\":\"Kul\"},\"logo\":{\"@id\":\"https:\/\/sandzakpress.net\/arhiva\/#\/schema\/person\/image\/\"}},{\"@type\":\"Person\",\"@id\":\"https:\/\/sandzakpress.net\/arhiva\/#\/schema\/person\/c8baee722073534b583ea7bdb2e36c02\",\"name\":\"bosniak\",\"image\":{\"@type\":\"ImageObject\",\"inLanguage\":\"bs-BA\",\"@id\":\"https:\/\/sandzakpress.net\/arhiva\/#\/schema\/person\/image\/\",\"url\":\"https:\/\/secure.gravatar.com\/avatar\/a04fd330bfe3a36a72a0ad4a6d89fca7?s=96&d=mm&r=pg\",\"contentUrl\":\"https:\/\/secure.gravatar.com\/avatar\/a04fd330bfe3a36a72a0ad4a6d89fca7?s=96&d=mm&r=pg\",\"caption\":\"bosniak\"},\"url\":\"https:\/\/sandzakpress.net\/arhiva\/author\/bosniak\/\"}]}<\/script>\n<!-- \/ Yoast SEO Premium plugin. -->","yoast_head_json":{"title":"\"Crnogorska ku\u0107a\" - statistika i politika","robots":{"index":"index","follow":"follow","max-snippet":"max-snippet:-1","max-image-preview":"max-image-preview:large","max-video-preview":"max-video-preview:-1"},"canonical":"https:\/\/sandzakpress.net\/arhiva\/crnogorska-kuca-statistika-i-politika\/","og_locale":"bs_BA","og_type":"article","og_title":"\"Crnogorska ku\u0107a\" - statistika i politika","og_description":"Vlada Crne Gore ula\u017ee velike napore da saradnju njene tzv. \u201edijaspore i matice\u201c, podigne na jedan visoki nivo. U kontekstu toga organizovat \u0107e osnivanje takozvanih \u201eCrnogorskih ku\u0107a\u201c, gdje \u0107e na\u0161a, bo\u0161nja\u010dka, djeca imati priliku da u\u010de svoj \u201ematernji\u201c, to jest Crnogorski jezik!? &#8211; to re\u010de u svom uvodnom izlaganju Ivan Mili\u0107, MVPEI \u2013 v.d. Generalni [&hellip;]","og_url":"https:\/\/sandzakpress.net\/arhiva\/crnogorska-kuca-statistika-i-politika\/","og_site_name":"Sand\u017eak PRESS","article_published_time":"2011-03-24T02:54:30+00:00","og_image":[{"width":616,"height":284,"url":"https:\/\/sandzakpress.net\/arhiva\/wp-content\/uploads\/2011\/03\/500px-Luxemburg.jpg","type":"image\/jpeg"}],"author":"bosniak","twitter_card":"summary_large_image","twitter_misc":{"Written by":"bosniak","Est. reading time":"6 minuta"},"schema":{"@context":"https:\/\/schema.org","@graph":[{"@type":"Article","@id":"https:\/\/sandzakpress.net\/arhiva\/crnogorska-kuca-statistika-i-politika\/#article","isPartOf":{"@id":"https:\/\/sandzakpress.net\/arhiva\/crnogorska-kuca-statistika-i-politika\/"},"author":{"name":"bosniak","@id":"https:\/\/sandzakpress.net\/arhiva\/#\/schema\/person\/c8baee722073534b583ea7bdb2e36c02"},"headline":"&#8220;Crnogorska ku\u0107a&#8221; &#8211; statistika i politika","datePublished":"2011-03-24T02:54:30+00:00","mainEntityOfPage":{"@id":"https:\/\/sandzakpress.net\/arhiva\/crnogorska-kuca-statistika-i-politika\/"},"wordCount":1247,"commentCount":0,"publisher":{"@id":"https:\/\/sandzakpress.net\/arhiva\/#\/schema\/person\/6e72b67d6e51910a1117b3b483ba20bd"},"image":{"@id":"https:\/\/sandzakpress.net\/arhiva\/crnogorska-kuca-statistika-i-politika\/#primaryimage"},"thumbnailUrl":"https:\/\/sandzakpress.net\/arhiva\/wp-content\/uploads\/2011\/03\/500px-Luxemburg.jpg","articleSection":["Ro\u017eaje","Berane","Bijelo Polje","Pljevlja","Plav"],"inLanguage":"bs-BA","potentialAction":[{"@type":"CommentAction","name":"Comment","target":["https:\/\/sandzakpress.net\/arhiva\/crnogorska-kuca-statistika-i-politika\/#respond"]}]},{"@type":"WebPage","@id":"https:\/\/sandzakpress.net\/arhiva\/crnogorska-kuca-statistika-i-politika\/","url":"https:\/\/sandzakpress.net\/arhiva\/crnogorska-kuca-statistika-i-politika\/","name":"\"Crnogorska ku\u0107a\" - statistika i politika","isPartOf":{"@id":"https:\/\/sandzakpress.net\/arhiva\/#website"},"primaryImageOfPage":{"@id":"https:\/\/sandzakpress.net\/arhiva\/crnogorska-kuca-statistika-i-politika\/#primaryimage"},"image":{"@id":"https:\/\/sandzakpress.net\/arhiva\/crnogorska-kuca-statistika-i-politika\/#primaryimage"},"thumbnailUrl":"https:\/\/sandzakpress.net\/arhiva\/wp-content\/uploads\/2011\/03\/500px-Luxemburg.jpg","datePublished":"2011-03-24T02:54:30+00:00","breadcrumb":{"@id":"https:\/\/sandzakpress.net\/arhiva\/crnogorska-kuca-statistika-i-politika\/#breadcrumb"},"inLanguage":"bs-BA","potentialAction":[{"@type":"ReadAction","target":["https:\/\/sandzakpress.net\/arhiva\/crnogorska-kuca-statistika-i-politika\/"]}]},{"@type":"ImageObject","inLanguage":"bs-BA","@id":"https:\/\/sandzakpress.net\/arhiva\/crnogorska-kuca-statistika-i-politika\/#primaryimage","url":"https:\/\/sandzakpress.net\/arhiva\/wp-content\/uploads\/2011\/03\/500px-Luxemburg.jpg","contentUrl":"https:\/\/sandzakpress.net\/arhiva\/wp-content\/uploads\/2011\/03\/500px-Luxemburg.jpg","width":616,"height":284},{"@type":"BreadcrumbList","@id":"https:\/\/sandzakpress.net\/arhiva\/crnogorska-kuca-statistika-i-politika\/#breadcrumb","itemListElement":[{"@type":"ListItem","position":1,"name":"Home","item":"https:\/\/sandzakpress.net\/arhiva\/"},{"@type":"ListItem","position":2,"name":"&#8220;Crnogorska ku\u0107a&#8221; &#8211; statistika i politika"}]},{"@type":"WebSite","@id":"https:\/\/sandzakpress.net\/arhiva\/#website","url":"https:\/\/sandzakpress.net\/arhiva\/","name":"Sand\u017eak PRESS","description":"Prve elektronske novine u Sand\u017eaku","publisher":{"@id":"https:\/\/sandzakpress.net\/arhiva\/#\/schema\/person\/6e72b67d6e51910a1117b3b483ba20bd"},"potentialAction":[{"@type":"SearchAction","target":{"@type":"EntryPoint","urlTemplate":"https:\/\/sandzakpress.net\/arhiva\/?s={search_term_string}"},"query-input":{"@type":"PropertyValueSpecification","valueRequired":true,"valueName":"search_term_string"}}],"inLanguage":"bs-BA"},{"@type":["Person","Organization"],"@id":"https:\/\/sandzakpress.net\/arhiva\/#\/schema\/person\/6e72b67d6e51910a1117b3b483ba20bd","name":"Kul","image":{"@type":"ImageObject","inLanguage":"bs-BA","@id":"https:\/\/sandzakpress.net\/arhiva\/#\/schema\/person\/image\/","url":"https:\/\/secure.gravatar.com\/avatar\/42263f39aa27ac04c43cab85c280eb2e?s=96&d=mm&r=pg","contentUrl":"https:\/\/secure.gravatar.com\/avatar\/42263f39aa27ac04c43cab85c280eb2e?s=96&d=mm&r=pg","caption":"Kul"},"logo":{"@id":"https:\/\/sandzakpress.net\/arhiva\/#\/schema\/person\/image\/"}},{"@type":"Person","@id":"https:\/\/sandzakpress.net\/arhiva\/#\/schema\/person\/c8baee722073534b583ea7bdb2e36c02","name":"bosniak","image":{"@type":"ImageObject","inLanguage":"bs-BA","@id":"https:\/\/sandzakpress.net\/arhiva\/#\/schema\/person\/image\/","url":"https:\/\/secure.gravatar.com\/avatar\/a04fd330bfe3a36a72a0ad4a6d89fca7?s=96&d=mm&r=pg","contentUrl":"https:\/\/secure.gravatar.com\/avatar\/a04fd330bfe3a36a72a0ad4a6d89fca7?s=96&d=mm&r=pg","caption":"bosniak"},"url":"https:\/\/sandzakpress.net\/arhiva\/author\/bosniak\/"}]}},"_links":{"self":[{"href":"https:\/\/sandzakpress.net\/arhiva\/wp-json\/wp\/v2\/posts\/14187"}],"collection":[{"href":"https:\/\/sandzakpress.net\/arhiva\/wp-json\/wp\/v2\/posts"}],"about":[{"href":"https:\/\/sandzakpress.net\/arhiva\/wp-json\/wp\/v2\/types\/post"}],"author":[{"embeddable":true,"href":"https:\/\/sandzakpress.net\/arhiva\/wp-json\/wp\/v2\/users\/83"}],"replies":[{"embeddable":true,"href":"https:\/\/sandzakpress.net\/arhiva\/wp-json\/wp\/v2\/comments?post=14187"}],"version-history":[{"count":0,"href":"https:\/\/sandzakpress.net\/arhiva\/wp-json\/wp\/v2\/posts\/14187\/revisions"}],"wp:featuredmedia":[{"embeddable":true,"href":"https:\/\/sandzakpress.net\/arhiva\/wp-json\/wp\/v2\/media\/14188"}],"wp:attachment":[{"href":"https:\/\/sandzakpress.net\/arhiva\/wp-json\/wp\/v2\/media?parent=14187"}],"wp:term":[{"taxonomy":"category","embeddable":true,"href":"https:\/\/sandzakpress.net\/arhiva\/wp-json\/wp\/v2\/categories?post=14187"},{"taxonomy":"post_tag","embeddable":true,"href":"https:\/\/sandzakpress.net\/arhiva\/wp-json\/wp\/v2\/tags?post=14187"}],"curies":[{"name":"wp","href":"https:\/\/api.w.org\/{rel}","templated":true}]}}