{"id":141755,"date":"2015-10-19T14:50:47","date_gmt":"2015-10-19T12:50:47","guid":{"rendered":"https:\/\/sandzakpress.net\/arhiva\/?p=141755"},"modified":"2015-10-19T14:50:47","modified_gmt":"2015-10-19T12:50:47","slug":"za-ubistvo-navijaca-zvezde-u-istanbulu-25-godina","status":"publish","type":"post","link":"https:\/\/sandzakpress.net\/arhiva\/za-ubistvo-navijaca-zvezde-u-istanbulu-25-godina\/","title":{"rendered":"Za ubistvo navija\u010da Zvezde u Istanbulu 25 godina"},"content":{"rendered":"<p><img decoding=\"async\" src=\"http:\/\/www.b92.net\/news\/pics\/2015\/10\/19\/7702708345624d26b2d414621124530_v4_big.jpg\" alt=\"Foto: Tanjug (arhiva)\" \/><\/p>\n<p><strong>Turska, Srbija &#8211; Navija\u010d Galatasaraja Kadri Akta\u0161, koji je pro\u0161le godine uo\u010di ko\u0161arka\u0161kog me\u010da protiv Crvene zvezde usmrtio Marka Ivkovi\u0107a, osu\u0111en je na 25 godina zatvora.<\/strong><\/p>\n<p>Sud u Istanbulu donio je danas prvostepenu odluku, ali ujedno i oslobodio \u0161est osoba da su umje\u0161ani u ubistvo, pi\u0161e turski Hurijet.<\/p>\n<p>Marko Ivkovi\u0107 je u novembru 2014. godine, uo\u010di utakmice dva tima u Istanbulu u okviru Evrolige, ubijen no\u017eem ispred hale Abdi Ipek\u010di u sukobu dvije navija\u010dke strane.<\/p>\n<p>(B92)<\/p>\n","protected":false},"excerpt":{"rendered":"<p>Turska, Srbija &#8211; Navija\u010d Galatasaraja Kadri Akta\u0161, koji je pro\u0161le godine uo\u010di ko\u0161arka\u0161kog me\u010da protiv Crvene zvezde usmrtio Marka Ivkovi\u0107a, osu\u0111en je na 25 godina zatvora. Sud u Istanbulu donio je danas prvostepenu odluku, ali ujedno i oslobodio \u0161est osoba da su umje\u0161ani u ubistvo, pi\u0161e turski Hurijet. Marko Ivkovi\u0107 je u novembru 2014. godine, [&hellip;]<\/p>\n","protected":false},"author":83,"featured_media":141758,"comment_status":"open","ping_status":"open","sticky":false,"template":"","format":"standard","meta":{"footnotes":""},"categories":[10307,801,2692,10429],"tags":[],"class_list":{"0":"post-141755","1":"post","2":"type-post","3":"status-publish","4":"format-standard","5":"has-post-thumbnail","7":"category-srbija","8":"category-crna_hronika","9":"category-turska-gradovi","10":"category-vazno"},"yoast_head":"<!-- This site is optimized with the Yoast SEO Premium plugin v23.1 (Yoast SEO v24.9) - https:\/\/yoast.com\/wordpress\/plugins\/seo\/ -->\n<title>Za ubistvo navija\u010da Zvezde u Istanbulu 25 godina<\/title>\n<meta name=\"robots\" content=\"index, follow, max-snippet:-1, max-image-preview:large, max-video-preview:-1\" \/>\n<link rel=\"canonical\" href=\"https:\/\/sandzakpress.net\/arhiva\/za-ubistvo-navijaca-zvezde-u-istanbulu-25-godina\/\" \/>\n<meta property=\"og:locale\" content=\"bs_BA\" \/>\n<meta property=\"og:type\" content=\"article\" \/>\n<meta property=\"og:title\" content=\"Za ubistvo navija\u010da Zvezde u Istanbulu 25 godina\" \/>\n<meta property=\"og:description\" content=\"Turska, Srbija &#8211; Navija\u010d Galatasaraja Kadri Akta\u0161, koji je pro\u0161le godine uo\u010di ko\u0161arka\u0161kog me\u010da protiv Crvene zvezde usmrtio Marka Ivkovi\u0107a, osu\u0111en je na 25 godina zatvora. Sud u Istanbulu donio je danas prvostepenu odluku, ali ujedno i oslobodio \u0161est osoba da su umje\u0161ani u ubistvo, pi\u0161e turski Hurijet. Marko Ivkovi\u0107 je u novembru 2014. godine, [&hellip;]\" \/>\n<meta property=\"og:url\" content=\"https:\/\/sandzakpress.net\/arhiva\/za-ubistvo-navijaca-zvezde-u-istanbulu-25-godina\/\" \/>\n<meta property=\"og:site_name\" content=\"Sand\u017eak PRESS\" \/>\n<meta property=\"article:published_time\" content=\"2015-10-19T12:50:47+00:00\" \/>\n<meta property=\"og:image\" content=\"https:\/\/sandzakpress.net\/arhiva\/wp-content\/uploads\/2015\/10\/7702708345624d26b2d414621124530_v4_big.jpg\" \/>\n\t<meta property=\"og:image:width\" content=\"640\" \/>\n\t<meta property=\"og:image:height\" content=\"443\" \/>\n\t<meta property=\"og:image:type\" content=\"image\/jpeg\" \/>\n<meta name=\"author\" content=\"bosniak\" \/>\n<meta name=\"twitter:card\" content=\"summary_large_image\" \/>\n<meta name=\"twitter:label1\" content=\"Written by\" \/>\n\t<meta name=\"twitter:data1\" content=\"bosniak\" \/>\n<script type=\"application\/ld+json\" class=\"yoast-schema-graph\">{\"@context\":\"https:\/\/schema.org\",\"@graph\":[{\"@type\":\"Article\",\"@id\":\"https:\/\/sandzakpress.net\/arhiva\/za-ubistvo-navijaca-zvezde-u-istanbulu-25-godina\/#article\",\"isPartOf\":{\"@id\":\"https:\/\/sandzakpress.net\/arhiva\/za-ubistvo-navijaca-zvezde-u-istanbulu-25-godina\/\"},\"author\":{\"name\":\"bosniak\",\"@id\":\"https:\/\/sandzakpress.net\/arhiva\/#\/schema\/person\/c8baee722073534b583ea7bdb2e36c02\"},\"headline\":\"Za ubistvo navija\u010da Zvezde u Istanbulu 25 godina\",\"datePublished\":\"2015-10-19T12:50:47+00:00\",\"mainEntityOfPage\":{\"@id\":\"https:\/\/sandzakpress.net\/arhiva\/za-ubistvo-navijaca-zvezde-u-istanbulu-25-godina\/\"},\"wordCount\":95,\"commentCount\":4,\"publisher\":{\"@id\":\"https:\/\/sandzakpress.net\/arhiva\/#\/schema\/person\/6e72b67d6e51910a1117b3b483ba20bd\"},\"image\":{\"@id\":\"https:\/\/sandzakpress.net\/arhiva\/za-ubistvo-navijaca-zvezde-u-istanbulu-25-godina\/#primaryimage\"},\"thumbnailUrl\":\"https:\/\/sandzakpress.net\/arhiva\/wp-content\/uploads\/2015\/10\/7702708345624d26b2d414621124530_v4_big.jpg\",\"articleSection\":[\"Srbija\",\"Hronika\",\"Turska\",\"VA\u017dNO!\"],\"inLanguage\":\"bs-BA\",\"potentialAction\":[{\"@type\":\"CommentAction\",\"name\":\"Comment\",\"target\":[\"https:\/\/sandzakpress.net\/arhiva\/za-ubistvo-navijaca-zvezde-u-istanbulu-25-godina\/#respond\"]}]},{\"@type\":\"WebPage\",\"@id\":\"https:\/\/sandzakpress.net\/arhiva\/za-ubistvo-navijaca-zvezde-u-istanbulu-25-godina\/\",\"url\":\"https:\/\/sandzakpress.net\/arhiva\/za-ubistvo-navijaca-zvezde-u-istanbulu-25-godina\/\",\"name\":\"Za ubistvo navija\u010da Zvezde u Istanbulu 25 godina\",\"isPartOf\":{\"@id\":\"https:\/\/sandzakpress.net\/arhiva\/#website\"},\"primaryImageOfPage\":{\"@id\":\"https:\/\/sandzakpress.net\/arhiva\/za-ubistvo-navijaca-zvezde-u-istanbulu-25-godina\/#primaryimage\"},\"image\":{\"@id\":\"https:\/\/sandzakpress.net\/arhiva\/za-ubistvo-navijaca-zvezde-u-istanbulu-25-godina\/#primaryimage\"},\"thumbnailUrl\":\"https:\/\/sandzakpress.net\/arhiva\/wp-content\/uploads\/2015\/10\/7702708345624d26b2d414621124530_v4_big.jpg\",\"datePublished\":\"2015-10-19T12:50:47+00:00\",\"breadcrumb\":{\"@id\":\"https:\/\/sandzakpress.net\/arhiva\/za-ubistvo-navijaca-zvezde-u-istanbulu-25-godina\/#breadcrumb\"},\"inLanguage\":\"bs-BA\",\"potentialAction\":[{\"@type\":\"ReadAction\",\"target\":[\"https:\/\/sandzakpress.net\/arhiva\/za-ubistvo-navijaca-zvezde-u-istanbulu-25-godina\/\"]}]},{\"@type\":\"ImageObject\",\"inLanguage\":\"bs-BA\",\"@id\":\"https:\/\/sandzakpress.net\/arhiva\/za-ubistvo-navijaca-zvezde-u-istanbulu-25-godina\/#primaryimage\",\"url\":\"https:\/\/sandzakpress.net\/arhiva\/wp-content\/uploads\/2015\/10\/7702708345624d26b2d414621124530_v4_big.jpg\",\"contentUrl\":\"https:\/\/sandzakpress.net\/arhiva\/wp-content\/uploads\/2015\/10\/7702708345624d26b2d414621124530_v4_big.jpg\",\"width\":640,\"height\":443},{\"@type\":\"BreadcrumbList\",\"@id\":\"https:\/\/sandzakpress.net\/arhiva\/za-ubistvo-navijaca-zvezde-u-istanbulu-25-godina\/#breadcrumb\",\"itemListElement\":[{\"@type\":\"ListItem\",\"position\":1,\"name\":\"Home\",\"item\":\"https:\/\/sandzakpress.net\/arhiva\/\"},{\"@type\":\"ListItem\",\"position\":2,\"name\":\"Za ubistvo navija\u010da Zvezde u Istanbulu 25 godina\"}]},{\"@type\":\"WebSite\",\"@id\":\"https:\/\/sandzakpress.net\/arhiva\/#website\",\"url\":\"https:\/\/sandzakpress.net\/arhiva\/\",\"name\":\"Sand\u017eak PRESS\",\"description\":\"Prve elektronske novine u Sand\u017eaku\",\"publisher\":{\"@id\":\"https:\/\/sandzakpress.net\/arhiva\/#\/schema\/person\/6e72b67d6e51910a1117b3b483ba20bd\"},\"potentialAction\":[{\"@type\":\"SearchAction\",\"target\":{\"@type\":\"EntryPoint\",\"urlTemplate\":\"https:\/\/sandzakpress.net\/arhiva\/?s={search_term_string}\"},\"query-input\":{\"@type\":\"PropertyValueSpecification\",\"valueRequired\":true,\"valueName\":\"search_term_string\"}}],\"inLanguage\":\"bs-BA\"},{\"@type\":[\"Person\",\"Organization\"],\"@id\":\"https:\/\/sandzakpress.net\/arhiva\/#\/schema\/person\/6e72b67d6e51910a1117b3b483ba20bd\",\"name\":\"Kul\",\"image\":{\"@type\":\"ImageObject\",\"inLanguage\":\"bs-BA\",\"@id\":\"https:\/\/sandzakpress.net\/arhiva\/#\/schema\/person\/image\/\",\"url\":\"https:\/\/secure.gravatar.com\/avatar\/42263f39aa27ac04c43cab85c280eb2e?s=96&d=mm&r=pg\",\"contentUrl\":\"https:\/\/secure.gravatar.com\/avatar\/42263f39aa27ac04c43cab85c280eb2e?s=96&d=mm&r=pg\",\"caption\":\"Kul\"},\"logo\":{\"@id\":\"https:\/\/sandzakpress.net\/arhiva\/#\/schema\/person\/image\/\"}},{\"@type\":\"Person\",\"@id\":\"https:\/\/sandzakpress.net\/arhiva\/#\/schema\/person\/c8baee722073534b583ea7bdb2e36c02\",\"name\":\"bosniak\",\"image\":{\"@type\":\"ImageObject\",\"inLanguage\":\"bs-BA\",\"@id\":\"https:\/\/sandzakpress.net\/arhiva\/#\/schema\/person\/image\/\",\"url\":\"https:\/\/secure.gravatar.com\/avatar\/a04fd330bfe3a36a72a0ad4a6d89fca7?s=96&d=mm&r=pg\",\"contentUrl\":\"https:\/\/secure.gravatar.com\/avatar\/a04fd330bfe3a36a72a0ad4a6d89fca7?s=96&d=mm&r=pg\",\"caption\":\"bosniak\"},\"url\":\"https:\/\/sandzakpress.net\/arhiva\/author\/bosniak\/\"}]}<\/script>\n<!-- \/ Yoast SEO Premium plugin. -->","yoast_head_json":{"title":"Za ubistvo navija\u010da Zvezde u Istanbulu 25 godina","robots":{"index":"index","follow":"follow","max-snippet":"max-snippet:-1","max-image-preview":"max-image-preview:large","max-video-preview":"max-video-preview:-1"},"canonical":"https:\/\/sandzakpress.net\/arhiva\/za-ubistvo-navijaca-zvezde-u-istanbulu-25-godina\/","og_locale":"bs_BA","og_type":"article","og_title":"Za ubistvo navija\u010da Zvezde u Istanbulu 25 godina","og_description":"Turska, Srbija &#8211; Navija\u010d Galatasaraja Kadri Akta\u0161, koji je pro\u0161le godine uo\u010di ko\u0161arka\u0161kog me\u010da protiv Crvene zvezde usmrtio Marka Ivkovi\u0107a, osu\u0111en je na 25 godina zatvora. Sud u Istanbulu donio je danas prvostepenu odluku, ali ujedno i oslobodio \u0161est osoba da su umje\u0161ani u ubistvo, pi\u0161e turski Hurijet. Marko Ivkovi\u0107 je u novembru 2014. godine, [&hellip;]","og_url":"https:\/\/sandzakpress.net\/arhiva\/za-ubistvo-navijaca-zvezde-u-istanbulu-25-godina\/","og_site_name":"Sand\u017eak PRESS","article_published_time":"2015-10-19T12:50:47+00:00","og_image":[{"width":640,"height":443,"url":"https:\/\/sandzakpress.net\/arhiva\/wp-content\/uploads\/2015\/10\/7702708345624d26b2d414621124530_v4_big.jpg","type":"image\/jpeg"}],"author":"bosniak","twitter_card":"summary_large_image","twitter_misc":{"Written by":"bosniak"},"schema":{"@context":"https:\/\/schema.org","@graph":[{"@type":"Article","@id":"https:\/\/sandzakpress.net\/arhiva\/za-ubistvo-navijaca-zvezde-u-istanbulu-25-godina\/#article","isPartOf":{"@id":"https:\/\/sandzakpress.net\/arhiva\/za-ubistvo-navijaca-zvezde-u-istanbulu-25-godina\/"},"author":{"name":"bosniak","@id":"https:\/\/sandzakpress.net\/arhiva\/#\/schema\/person\/c8baee722073534b583ea7bdb2e36c02"},"headline":"Za ubistvo navija\u010da Zvezde u Istanbulu 25 godina","datePublished":"2015-10-19T12:50:47+00:00","mainEntityOfPage":{"@id":"https:\/\/sandzakpress.net\/arhiva\/za-ubistvo-navijaca-zvezde-u-istanbulu-25-godina\/"},"wordCount":95,"commentCount":4,"publisher":{"@id":"https:\/\/sandzakpress.net\/arhiva\/#\/schema\/person\/6e72b67d6e51910a1117b3b483ba20bd"},"image":{"@id":"https:\/\/sandzakpress.net\/arhiva\/za-ubistvo-navijaca-zvezde-u-istanbulu-25-godina\/#primaryimage"},"thumbnailUrl":"https:\/\/sandzakpress.net\/arhiva\/wp-content\/uploads\/2015\/10\/7702708345624d26b2d414621124530_v4_big.jpg","articleSection":["Srbija","Hronika","Turska","VA\u017dNO!"],"inLanguage":"bs-BA","potentialAction":[{"@type":"CommentAction","name":"Comment","target":["https:\/\/sandzakpress.net\/arhiva\/za-ubistvo-navijaca-zvezde-u-istanbulu-25-godina\/#respond"]}]},{"@type":"WebPage","@id":"https:\/\/sandzakpress.net\/arhiva\/za-ubistvo-navijaca-zvezde-u-istanbulu-25-godina\/","url":"https:\/\/sandzakpress.net\/arhiva\/za-ubistvo-navijaca-zvezde-u-istanbulu-25-godina\/","name":"Za ubistvo navija\u010da Zvezde u Istanbulu 25 godina","isPartOf":{"@id":"https:\/\/sandzakpress.net\/arhiva\/#website"},"primaryImageOfPage":{"@id":"https:\/\/sandzakpress.net\/arhiva\/za-ubistvo-navijaca-zvezde-u-istanbulu-25-godina\/#primaryimage"},"image":{"@id":"https:\/\/sandzakpress.net\/arhiva\/za-ubistvo-navijaca-zvezde-u-istanbulu-25-godina\/#primaryimage"},"thumbnailUrl":"https:\/\/sandzakpress.net\/arhiva\/wp-content\/uploads\/2015\/10\/7702708345624d26b2d414621124530_v4_big.jpg","datePublished":"2015-10-19T12:50:47+00:00","breadcrumb":{"@id":"https:\/\/sandzakpress.net\/arhiva\/za-ubistvo-navijaca-zvezde-u-istanbulu-25-godina\/#breadcrumb"},"inLanguage":"bs-BA","potentialAction":[{"@type":"ReadAction","target":["https:\/\/sandzakpress.net\/arhiva\/za-ubistvo-navijaca-zvezde-u-istanbulu-25-godina\/"]}]},{"@type":"ImageObject","inLanguage":"bs-BA","@id":"https:\/\/sandzakpress.net\/arhiva\/za-ubistvo-navijaca-zvezde-u-istanbulu-25-godina\/#primaryimage","url":"https:\/\/sandzakpress.net\/arhiva\/wp-content\/uploads\/2015\/10\/7702708345624d26b2d414621124530_v4_big.jpg","contentUrl":"https:\/\/sandzakpress.net\/arhiva\/wp-content\/uploads\/2015\/10\/7702708345624d26b2d414621124530_v4_big.jpg","width":640,"height":443},{"@type":"BreadcrumbList","@id":"https:\/\/sandzakpress.net\/arhiva\/za-ubistvo-navijaca-zvezde-u-istanbulu-25-godina\/#breadcrumb","itemListElement":[{"@type":"ListItem","position":1,"name":"Home","item":"https:\/\/sandzakpress.net\/arhiva\/"},{"@type":"ListItem","position":2,"name":"Za ubistvo navija\u010da Zvezde u Istanbulu 25 godina"}]},{"@type":"WebSite","@id":"https:\/\/sandzakpress.net\/arhiva\/#website","url":"https:\/\/sandzakpress.net\/arhiva\/","name":"Sand\u017eak PRESS","description":"Prve elektronske novine u Sand\u017eaku","publisher":{"@id":"https:\/\/sandzakpress.net\/arhiva\/#\/schema\/person\/6e72b67d6e51910a1117b3b483ba20bd"},"potentialAction":[{"@type":"SearchAction","target":{"@type":"EntryPoint","urlTemplate":"https:\/\/sandzakpress.net\/arhiva\/?s={search_term_string}"},"query-input":{"@type":"PropertyValueSpecification","valueRequired":true,"valueName":"search_term_string"}}],"inLanguage":"bs-BA"},{"@type":["Person","Organization"],"@id":"https:\/\/sandzakpress.net\/arhiva\/#\/schema\/person\/6e72b67d6e51910a1117b3b483ba20bd","name":"Kul","image":{"@type":"ImageObject","inLanguage":"bs-BA","@id":"https:\/\/sandzakpress.net\/arhiva\/#\/schema\/person\/image\/","url":"https:\/\/secure.gravatar.com\/avatar\/42263f39aa27ac04c43cab85c280eb2e?s=96&d=mm&r=pg","contentUrl":"https:\/\/secure.gravatar.com\/avatar\/42263f39aa27ac04c43cab85c280eb2e?s=96&d=mm&r=pg","caption":"Kul"},"logo":{"@id":"https:\/\/sandzakpress.net\/arhiva\/#\/schema\/person\/image\/"}},{"@type":"Person","@id":"https:\/\/sandzakpress.net\/arhiva\/#\/schema\/person\/c8baee722073534b583ea7bdb2e36c02","name":"bosniak","image":{"@type":"ImageObject","inLanguage":"bs-BA","@id":"https:\/\/sandzakpress.net\/arhiva\/#\/schema\/person\/image\/","url":"https:\/\/secure.gravatar.com\/avatar\/a04fd330bfe3a36a72a0ad4a6d89fca7?s=96&d=mm&r=pg","contentUrl":"https:\/\/secure.gravatar.com\/avatar\/a04fd330bfe3a36a72a0ad4a6d89fca7?s=96&d=mm&r=pg","caption":"bosniak"},"url":"https:\/\/sandzakpress.net\/arhiva\/author\/bosniak\/"}]}},"_links":{"self":[{"href":"https:\/\/sandzakpress.net\/arhiva\/wp-json\/wp\/v2\/posts\/141755"}],"collection":[{"href":"https:\/\/sandzakpress.net\/arhiva\/wp-json\/wp\/v2\/posts"}],"about":[{"href":"https:\/\/sandzakpress.net\/arhiva\/wp-json\/wp\/v2\/types\/post"}],"author":[{"embeddable":true,"href":"https:\/\/sandzakpress.net\/arhiva\/wp-json\/wp\/v2\/users\/83"}],"replies":[{"embeddable":true,"href":"https:\/\/sandzakpress.net\/arhiva\/wp-json\/wp\/v2\/comments?post=141755"}],"version-history":[{"count":0,"href":"https:\/\/sandzakpress.net\/arhiva\/wp-json\/wp\/v2\/posts\/141755\/revisions"}],"wp:featuredmedia":[{"embeddable":true,"href":"https:\/\/sandzakpress.net\/arhiva\/wp-json\/wp\/v2\/media\/141758"}],"wp:attachment":[{"href":"https:\/\/sandzakpress.net\/arhiva\/wp-json\/wp\/v2\/media?parent=141755"}],"wp:term":[{"taxonomy":"category","embeddable":true,"href":"https:\/\/sandzakpress.net\/arhiva\/wp-json\/wp\/v2\/categories?post=141755"},{"taxonomy":"post_tag","embeddable":true,"href":"https:\/\/sandzakpress.net\/arhiva\/wp-json\/wp\/v2\/tags?post=141755"}],"curies":[{"name":"wp","href":"https:\/\/api.w.org\/{rel}","templated":true}]}}