{"id":141612,"date":"2015-10-19T11:46:55","date_gmt":"2015-10-19T09:46:55","guid":{"rendered":"https:\/\/sandzakpress.net\/arhiva\/?p=141612"},"modified":"2015-10-19T11:46:55","modified_gmt":"2015-10-19T09:46:55","slug":"vorzugsstimmen-haupl-und-strache-voran-bei-spo-punkteten-migranten","status":"publish","type":"post","link":"https:\/\/sandzakpress.net\/arhiva\/vorzugsstimmen-haupl-und-strache-voran-bei-spo-punkteten-migranten\/","title":{"rendered":"Vorzugsstimmen: H\u00e4upl und Strache voran, bei SP\u00d6 punkteten Migranten"},"content":{"rendered":"<p><img decoding=\"async\" src=\"http:\/\/www.kosmo.at\/wp-content\/uploads\/2015\/07\/201505211151508771_Husagic-Main.jpg?cb8d94\" alt=\"\" \/><\/p>\n<p><strong>Gemeinderat Al-Rawi und Ahmed Husagi\u0107 bei Sozialdemokraten unter den ersten f\u00fcnf, Manfred Juraczka weit abgeschlagen<\/strong><\/p>\n<p>Wien \u2013 Bei der Wiener SP\u00d6 punkten au\u00dfer den Spitzenfunktion\u00e4ren vor allem Kandidaten mit Migrationshintergrund. Zumindest zeigt das die Auswertung der Vorzugsstimmen.<\/p>\n<p>Bei der Gemeinderatswahl haben es gleich zwei unter die ersten f\u00fcnf der SP\u00d6 geschafft. Gemeinderat Omar Al-Rawi, der irakische Wurzeln hat, landete mit 2.496 Stimmen auf Platz drei.<\/p>\n<p>Ahmed Husagi\u0107, der im Integrationsb\u00fcro der Stadt arbeitet und in Bosnien-Herzegowina geboren wurde, kam auf den f\u00fcnften Platz. Er kandidierte auf Listenplatz 105 und wird nicht in den Gemeinderat einziehen.<\/p>\n<p>&nbsp;<\/p>\n<p style=\"text-align: center;\"><strong>Omar Al \u2013 Rawi<\/strong><\/p>\n<p><img loading=\"lazy\" decoding=\"async\" class=\"aligncenter size-full wp-image-152460\" src=\"http:\/\/bosnapress.net\/wp-content\/uploads\/2015\/10\/Omar-al-Rawi.jpg\" alt=\"Omar-al-Rawi\" width=\"632\" height=\"356\" \/><\/p>\n<p><img decoding=\"async\" src=\"http:\/\/bosnapress.net\/wp-content\/uploads\/2015\/10\/Capture3535.jpg\" alt=\"Capture3535\" \/><\/p>\n","protected":false},"excerpt":{"rendered":"<p>Gemeinderat Al-Rawi und Ahmed Husagi\u0107 bei Sozialdemokraten unter den ersten f\u00fcnf, Manfred Juraczka weit abgeschlagen Wien \u2013 Bei der Wiener SP\u00d6 punkten au\u00dfer den Spitzenfunktion\u00e4ren vor allem Kandidaten mit Migrationshintergrund. Zumindest zeigt das die Auswertung der Vorzugsstimmen. Bei der Gemeinderatswahl haben es gleich zwei unter die ersten f\u00fcnf der SP\u00d6 geschafft. Gemeinderat Omar Al-Rawi, der [&hellip;]<\/p>\n","protected":false},"author":83,"featured_media":141613,"comment_status":"open","ping_status":"open","sticky":false,"template":"","format":"standard","meta":{"footnotes":""},"categories":[10502],"tags":[],"class_list":{"0":"post-141612","1":"post","2":"type-post","3":"status-publish","4":"format-standard","5":"has-post-thumbnail","7":"category-deutsch"},"yoast_head":"<!-- This site is optimized with the Yoast SEO Premium plugin v23.1 (Yoast SEO v24.9) - https:\/\/yoast.com\/wordpress\/plugins\/seo\/ -->\n<title>Vorzugsstimmen: H\u00e4upl und Strache voran, bei SP\u00d6 punkteten Migranten<\/title>\n<meta name=\"robots\" content=\"index, follow, max-snippet:-1, max-image-preview:large, max-video-preview:-1\" \/>\n<link rel=\"canonical\" href=\"https:\/\/sandzakpress.net\/arhiva\/vorzugsstimmen-haupl-und-strache-voran-bei-spo-punkteten-migranten\/\" \/>\n<meta property=\"og:locale\" content=\"bs_BA\" \/>\n<meta property=\"og:type\" content=\"article\" \/>\n<meta property=\"og:title\" content=\"Vorzugsstimmen: H\u00e4upl und Strache voran, bei SP\u00d6 punkteten Migranten\" \/>\n<meta property=\"og:description\" content=\"Gemeinderat Al-Rawi und Ahmed Husagi\u0107 bei Sozialdemokraten unter den ersten f\u00fcnf, Manfred Juraczka weit abgeschlagen Wien \u2013 Bei der Wiener SP\u00d6 punkten au\u00dfer den Spitzenfunktion\u00e4ren vor allem Kandidaten mit Migrationshintergrund. Zumindest zeigt das die Auswertung der Vorzugsstimmen. Bei der Gemeinderatswahl haben es gleich zwei unter die ersten f\u00fcnf der SP\u00d6 geschafft. Gemeinderat Omar Al-Rawi, der [&hellip;]\" \/>\n<meta property=\"og:url\" content=\"https:\/\/sandzakpress.net\/arhiva\/vorzugsstimmen-haupl-und-strache-voran-bei-spo-punkteten-migranten\/\" \/>\n<meta property=\"og:site_name\" content=\"Sand\u017eak PRESS\" \/>\n<meta property=\"article:published_time\" content=\"2015-10-19T09:46:55+00:00\" \/>\n<meta property=\"og:image\" content=\"https:\/\/sandzakpress.net\/arhiva\/wp-content\/uploads\/2015\/10\/201505211151508771_Husagic-Main1.jpg\" \/>\n\t<meta property=\"og:image:width\" content=\"448\" \/>\n\t<meta property=\"og:image:height\" content=\"320\" \/>\n\t<meta property=\"og:image:type\" content=\"image\/jpeg\" \/>\n<meta name=\"author\" content=\"bosniak\" \/>\n<meta name=\"twitter:card\" content=\"summary_large_image\" \/>\n<meta name=\"twitter:label1\" content=\"Written by\" \/>\n\t<meta name=\"twitter:data1\" content=\"bosniak\" \/>\n\t<meta name=\"twitter:label2\" content=\"Est. reading time\" \/>\n\t<meta name=\"twitter:data2\" content=\"1 minuta\" \/>\n<script type=\"application\/ld+json\" class=\"yoast-schema-graph\">{\"@context\":\"https:\/\/schema.org\",\"@graph\":[{\"@type\":\"Article\",\"@id\":\"https:\/\/sandzakpress.net\/arhiva\/vorzugsstimmen-haupl-und-strache-voran-bei-spo-punkteten-migranten\/#article\",\"isPartOf\":{\"@id\":\"https:\/\/sandzakpress.net\/arhiva\/vorzugsstimmen-haupl-und-strache-voran-bei-spo-punkteten-migranten\/\"},\"author\":{\"name\":\"bosniak\",\"@id\":\"https:\/\/sandzakpress.net\/arhiva\/#\/schema\/person\/c8baee722073534b583ea7bdb2e36c02\"},\"headline\":\"Vorzugsstimmen: H\u00e4upl und Strache voran, bei SP\u00d6 punkteten Migranten\",\"datePublished\":\"2015-10-19T09:46:55+00:00\",\"mainEntityOfPage\":{\"@id\":\"https:\/\/sandzakpress.net\/arhiva\/vorzugsstimmen-haupl-und-strache-voran-bei-spo-punkteten-migranten\/\"},\"wordCount\":112,\"commentCount\":0,\"publisher\":{\"@id\":\"https:\/\/sandzakpress.net\/arhiva\/#\/schema\/person\/6e72b67d6e51910a1117b3b483ba20bd\"},\"image\":{\"@id\":\"https:\/\/sandzakpress.net\/arhiva\/vorzugsstimmen-haupl-und-strache-voran-bei-spo-punkteten-migranten\/#primaryimage\"},\"thumbnailUrl\":\"https:\/\/sandzakpress.net\/arhiva\/wp-content\/uploads\/2015\/10\/201505211151508771_Husagic-Main1.jpg\",\"articleSection\":[\"Deutsch\"],\"inLanguage\":\"bs-BA\",\"potentialAction\":[{\"@type\":\"CommentAction\",\"name\":\"Comment\",\"target\":[\"https:\/\/sandzakpress.net\/arhiva\/vorzugsstimmen-haupl-und-strache-voran-bei-spo-punkteten-migranten\/#respond\"]}]},{\"@type\":\"WebPage\",\"@id\":\"https:\/\/sandzakpress.net\/arhiva\/vorzugsstimmen-haupl-und-strache-voran-bei-spo-punkteten-migranten\/\",\"url\":\"https:\/\/sandzakpress.net\/arhiva\/vorzugsstimmen-haupl-und-strache-voran-bei-spo-punkteten-migranten\/\",\"name\":\"Vorzugsstimmen: H\u00e4upl und Strache voran, bei SP\u00d6 punkteten Migranten\",\"isPartOf\":{\"@id\":\"https:\/\/sandzakpress.net\/arhiva\/#website\"},\"primaryImageOfPage\":{\"@id\":\"https:\/\/sandzakpress.net\/arhiva\/vorzugsstimmen-haupl-und-strache-voran-bei-spo-punkteten-migranten\/#primaryimage\"},\"image\":{\"@id\":\"https:\/\/sandzakpress.net\/arhiva\/vorzugsstimmen-haupl-und-strache-voran-bei-spo-punkteten-migranten\/#primaryimage\"},\"thumbnailUrl\":\"https:\/\/sandzakpress.net\/arhiva\/wp-content\/uploads\/2015\/10\/201505211151508771_Husagic-Main1.jpg\",\"datePublished\":\"2015-10-19T09:46:55+00:00\",\"breadcrumb\":{\"@id\":\"https:\/\/sandzakpress.net\/arhiva\/vorzugsstimmen-haupl-und-strache-voran-bei-spo-punkteten-migranten\/#breadcrumb\"},\"inLanguage\":\"bs-BA\",\"potentialAction\":[{\"@type\":\"ReadAction\",\"target\":[\"https:\/\/sandzakpress.net\/arhiva\/vorzugsstimmen-haupl-und-strache-voran-bei-spo-punkteten-migranten\/\"]}]},{\"@type\":\"ImageObject\",\"inLanguage\":\"bs-BA\",\"@id\":\"https:\/\/sandzakpress.net\/arhiva\/vorzugsstimmen-haupl-und-strache-voran-bei-spo-punkteten-migranten\/#primaryimage\",\"url\":\"https:\/\/sandzakpress.net\/arhiva\/wp-content\/uploads\/2015\/10\/201505211151508771_Husagic-Main1.jpg\",\"contentUrl\":\"https:\/\/sandzakpress.net\/arhiva\/wp-content\/uploads\/2015\/10\/201505211151508771_Husagic-Main1.jpg\",\"width\":448,\"height\":320},{\"@type\":\"BreadcrumbList\",\"@id\":\"https:\/\/sandzakpress.net\/arhiva\/vorzugsstimmen-haupl-und-strache-voran-bei-spo-punkteten-migranten\/#breadcrumb\",\"itemListElement\":[{\"@type\":\"ListItem\",\"position\":1,\"name\":\"Home\",\"item\":\"https:\/\/sandzakpress.net\/arhiva\/\"},{\"@type\":\"ListItem\",\"position\":2,\"name\":\"Vorzugsstimmen: H\u00e4upl und Strache voran, bei SP\u00d6 punkteten Migranten\"}]},{\"@type\":\"WebSite\",\"@id\":\"https:\/\/sandzakpress.net\/arhiva\/#website\",\"url\":\"https:\/\/sandzakpress.net\/arhiva\/\",\"name\":\"Sand\u017eak PRESS\",\"description\":\"Prve elektronske novine u Sand\u017eaku\",\"publisher\":{\"@id\":\"https:\/\/sandzakpress.net\/arhiva\/#\/schema\/person\/6e72b67d6e51910a1117b3b483ba20bd\"},\"potentialAction\":[{\"@type\":\"SearchAction\",\"target\":{\"@type\":\"EntryPoint\",\"urlTemplate\":\"https:\/\/sandzakpress.net\/arhiva\/?s={search_term_string}\"},\"query-input\":{\"@type\":\"PropertyValueSpecification\",\"valueRequired\":true,\"valueName\":\"search_term_string\"}}],\"inLanguage\":\"bs-BA\"},{\"@type\":[\"Person\",\"Organization\"],\"@id\":\"https:\/\/sandzakpress.net\/arhiva\/#\/schema\/person\/6e72b67d6e51910a1117b3b483ba20bd\",\"name\":\"Kul\",\"image\":{\"@type\":\"ImageObject\",\"inLanguage\":\"bs-BA\",\"@id\":\"https:\/\/sandzakpress.net\/arhiva\/#\/schema\/person\/image\/\",\"url\":\"https:\/\/secure.gravatar.com\/avatar\/42263f39aa27ac04c43cab85c280eb2e?s=96&d=mm&r=pg\",\"contentUrl\":\"https:\/\/secure.gravatar.com\/avatar\/42263f39aa27ac04c43cab85c280eb2e?s=96&d=mm&r=pg\",\"caption\":\"Kul\"},\"logo\":{\"@id\":\"https:\/\/sandzakpress.net\/arhiva\/#\/schema\/person\/image\/\"}},{\"@type\":\"Person\",\"@id\":\"https:\/\/sandzakpress.net\/arhiva\/#\/schema\/person\/c8baee722073534b583ea7bdb2e36c02\",\"name\":\"bosniak\",\"image\":{\"@type\":\"ImageObject\",\"inLanguage\":\"bs-BA\",\"@id\":\"https:\/\/sandzakpress.net\/arhiva\/#\/schema\/person\/image\/\",\"url\":\"https:\/\/secure.gravatar.com\/avatar\/a04fd330bfe3a36a72a0ad4a6d89fca7?s=96&d=mm&r=pg\",\"contentUrl\":\"https:\/\/secure.gravatar.com\/avatar\/a04fd330bfe3a36a72a0ad4a6d89fca7?s=96&d=mm&r=pg\",\"caption\":\"bosniak\"},\"url\":\"https:\/\/sandzakpress.net\/arhiva\/author\/bosniak\/\"}]}<\/script>\n<!-- \/ Yoast SEO Premium plugin. -->","yoast_head_json":{"title":"Vorzugsstimmen: H\u00e4upl und Strache voran, bei SP\u00d6 punkteten Migranten","robots":{"index":"index","follow":"follow","max-snippet":"max-snippet:-1","max-image-preview":"max-image-preview:large","max-video-preview":"max-video-preview:-1"},"canonical":"https:\/\/sandzakpress.net\/arhiva\/vorzugsstimmen-haupl-und-strache-voran-bei-spo-punkteten-migranten\/","og_locale":"bs_BA","og_type":"article","og_title":"Vorzugsstimmen: H\u00e4upl und Strache voran, bei SP\u00d6 punkteten Migranten","og_description":"Gemeinderat Al-Rawi und Ahmed Husagi\u0107 bei Sozialdemokraten unter den ersten f\u00fcnf, Manfred Juraczka weit abgeschlagen Wien \u2013 Bei der Wiener SP\u00d6 punkten au\u00dfer den Spitzenfunktion\u00e4ren vor allem Kandidaten mit Migrationshintergrund. Zumindest zeigt das die Auswertung der Vorzugsstimmen. Bei der Gemeinderatswahl haben es gleich zwei unter die ersten f\u00fcnf der SP\u00d6 geschafft. Gemeinderat Omar Al-Rawi, der [&hellip;]","og_url":"https:\/\/sandzakpress.net\/arhiva\/vorzugsstimmen-haupl-und-strache-voran-bei-spo-punkteten-migranten\/","og_site_name":"Sand\u017eak PRESS","article_published_time":"2015-10-19T09:46:55+00:00","og_image":[{"width":448,"height":320,"url":"https:\/\/sandzakpress.net\/arhiva\/wp-content\/uploads\/2015\/10\/201505211151508771_Husagic-Main1.jpg","type":"image\/jpeg"}],"author":"bosniak","twitter_card":"summary_large_image","twitter_misc":{"Written by":"bosniak","Est. reading time":"1 minuta"},"schema":{"@context":"https:\/\/schema.org","@graph":[{"@type":"Article","@id":"https:\/\/sandzakpress.net\/arhiva\/vorzugsstimmen-haupl-und-strache-voran-bei-spo-punkteten-migranten\/#article","isPartOf":{"@id":"https:\/\/sandzakpress.net\/arhiva\/vorzugsstimmen-haupl-und-strache-voran-bei-spo-punkteten-migranten\/"},"author":{"name":"bosniak","@id":"https:\/\/sandzakpress.net\/arhiva\/#\/schema\/person\/c8baee722073534b583ea7bdb2e36c02"},"headline":"Vorzugsstimmen: H\u00e4upl und Strache voran, bei SP\u00d6 punkteten Migranten","datePublished":"2015-10-19T09:46:55+00:00","mainEntityOfPage":{"@id":"https:\/\/sandzakpress.net\/arhiva\/vorzugsstimmen-haupl-und-strache-voran-bei-spo-punkteten-migranten\/"},"wordCount":112,"commentCount":0,"publisher":{"@id":"https:\/\/sandzakpress.net\/arhiva\/#\/schema\/person\/6e72b67d6e51910a1117b3b483ba20bd"},"image":{"@id":"https:\/\/sandzakpress.net\/arhiva\/vorzugsstimmen-haupl-und-strache-voran-bei-spo-punkteten-migranten\/#primaryimage"},"thumbnailUrl":"https:\/\/sandzakpress.net\/arhiva\/wp-content\/uploads\/2015\/10\/201505211151508771_Husagic-Main1.jpg","articleSection":["Deutsch"],"inLanguage":"bs-BA","potentialAction":[{"@type":"CommentAction","name":"Comment","target":["https:\/\/sandzakpress.net\/arhiva\/vorzugsstimmen-haupl-und-strache-voran-bei-spo-punkteten-migranten\/#respond"]}]},{"@type":"WebPage","@id":"https:\/\/sandzakpress.net\/arhiva\/vorzugsstimmen-haupl-und-strache-voran-bei-spo-punkteten-migranten\/","url":"https:\/\/sandzakpress.net\/arhiva\/vorzugsstimmen-haupl-und-strache-voran-bei-spo-punkteten-migranten\/","name":"Vorzugsstimmen: H\u00e4upl und Strache voran, bei SP\u00d6 punkteten Migranten","isPartOf":{"@id":"https:\/\/sandzakpress.net\/arhiva\/#website"},"primaryImageOfPage":{"@id":"https:\/\/sandzakpress.net\/arhiva\/vorzugsstimmen-haupl-und-strache-voran-bei-spo-punkteten-migranten\/#primaryimage"},"image":{"@id":"https:\/\/sandzakpress.net\/arhiva\/vorzugsstimmen-haupl-und-strache-voran-bei-spo-punkteten-migranten\/#primaryimage"},"thumbnailUrl":"https:\/\/sandzakpress.net\/arhiva\/wp-content\/uploads\/2015\/10\/201505211151508771_Husagic-Main1.jpg","datePublished":"2015-10-19T09:46:55+00:00","breadcrumb":{"@id":"https:\/\/sandzakpress.net\/arhiva\/vorzugsstimmen-haupl-und-strache-voran-bei-spo-punkteten-migranten\/#breadcrumb"},"inLanguage":"bs-BA","potentialAction":[{"@type":"ReadAction","target":["https:\/\/sandzakpress.net\/arhiva\/vorzugsstimmen-haupl-und-strache-voran-bei-spo-punkteten-migranten\/"]}]},{"@type":"ImageObject","inLanguage":"bs-BA","@id":"https:\/\/sandzakpress.net\/arhiva\/vorzugsstimmen-haupl-und-strache-voran-bei-spo-punkteten-migranten\/#primaryimage","url":"https:\/\/sandzakpress.net\/arhiva\/wp-content\/uploads\/2015\/10\/201505211151508771_Husagic-Main1.jpg","contentUrl":"https:\/\/sandzakpress.net\/arhiva\/wp-content\/uploads\/2015\/10\/201505211151508771_Husagic-Main1.jpg","width":448,"height":320},{"@type":"BreadcrumbList","@id":"https:\/\/sandzakpress.net\/arhiva\/vorzugsstimmen-haupl-und-strache-voran-bei-spo-punkteten-migranten\/#breadcrumb","itemListElement":[{"@type":"ListItem","position":1,"name":"Home","item":"https:\/\/sandzakpress.net\/arhiva\/"},{"@type":"ListItem","position":2,"name":"Vorzugsstimmen: H\u00e4upl und Strache voran, bei SP\u00d6 punkteten Migranten"}]},{"@type":"WebSite","@id":"https:\/\/sandzakpress.net\/arhiva\/#website","url":"https:\/\/sandzakpress.net\/arhiva\/","name":"Sand\u017eak PRESS","description":"Prve elektronske novine u Sand\u017eaku","publisher":{"@id":"https:\/\/sandzakpress.net\/arhiva\/#\/schema\/person\/6e72b67d6e51910a1117b3b483ba20bd"},"potentialAction":[{"@type":"SearchAction","target":{"@type":"EntryPoint","urlTemplate":"https:\/\/sandzakpress.net\/arhiva\/?s={search_term_string}"},"query-input":{"@type":"PropertyValueSpecification","valueRequired":true,"valueName":"search_term_string"}}],"inLanguage":"bs-BA"},{"@type":["Person","Organization"],"@id":"https:\/\/sandzakpress.net\/arhiva\/#\/schema\/person\/6e72b67d6e51910a1117b3b483ba20bd","name":"Kul","image":{"@type":"ImageObject","inLanguage":"bs-BA","@id":"https:\/\/sandzakpress.net\/arhiva\/#\/schema\/person\/image\/","url":"https:\/\/secure.gravatar.com\/avatar\/42263f39aa27ac04c43cab85c280eb2e?s=96&d=mm&r=pg","contentUrl":"https:\/\/secure.gravatar.com\/avatar\/42263f39aa27ac04c43cab85c280eb2e?s=96&d=mm&r=pg","caption":"Kul"},"logo":{"@id":"https:\/\/sandzakpress.net\/arhiva\/#\/schema\/person\/image\/"}},{"@type":"Person","@id":"https:\/\/sandzakpress.net\/arhiva\/#\/schema\/person\/c8baee722073534b583ea7bdb2e36c02","name":"bosniak","image":{"@type":"ImageObject","inLanguage":"bs-BA","@id":"https:\/\/sandzakpress.net\/arhiva\/#\/schema\/person\/image\/","url":"https:\/\/secure.gravatar.com\/avatar\/a04fd330bfe3a36a72a0ad4a6d89fca7?s=96&d=mm&r=pg","contentUrl":"https:\/\/secure.gravatar.com\/avatar\/a04fd330bfe3a36a72a0ad4a6d89fca7?s=96&d=mm&r=pg","caption":"bosniak"},"url":"https:\/\/sandzakpress.net\/arhiva\/author\/bosniak\/"}]}},"_links":{"self":[{"href":"https:\/\/sandzakpress.net\/arhiva\/wp-json\/wp\/v2\/posts\/141612"}],"collection":[{"href":"https:\/\/sandzakpress.net\/arhiva\/wp-json\/wp\/v2\/posts"}],"about":[{"href":"https:\/\/sandzakpress.net\/arhiva\/wp-json\/wp\/v2\/types\/post"}],"author":[{"embeddable":true,"href":"https:\/\/sandzakpress.net\/arhiva\/wp-json\/wp\/v2\/users\/83"}],"replies":[{"embeddable":true,"href":"https:\/\/sandzakpress.net\/arhiva\/wp-json\/wp\/v2\/comments?post=141612"}],"version-history":[{"count":0,"href":"https:\/\/sandzakpress.net\/arhiva\/wp-json\/wp\/v2\/posts\/141612\/revisions"}],"wp:featuredmedia":[{"embeddable":true,"href":"https:\/\/sandzakpress.net\/arhiva\/wp-json\/wp\/v2\/media\/141613"}],"wp:attachment":[{"href":"https:\/\/sandzakpress.net\/arhiva\/wp-json\/wp\/v2\/media?parent=141612"}],"wp:term":[{"taxonomy":"category","embeddable":true,"href":"https:\/\/sandzakpress.net\/arhiva\/wp-json\/wp\/v2\/categories?post=141612"},{"taxonomy":"post_tag","embeddable":true,"href":"https:\/\/sandzakpress.net\/arhiva\/wp-json\/wp\/v2\/tags?post=141612"}],"curies":[{"name":"wp","href":"https:\/\/api.w.org\/{rel}","templated":true}]}}