{"id":1416,"date":"2010-01-17T12:51:04","date_gmt":"2010-01-17T11:51:04","guid":{"rendered":"https:\/\/sandzakpress.net\/arhiva\/?p=1416"},"modified":"2010-01-17T12:51:04","modified_gmt":"2010-01-17T11:51:04","slug":"najvise-se-zaposljavaju-srednjoskolci","status":"publish","type":"post","link":"https:\/\/sandzakpress.net\/arhiva\/najvise-se-zaposljavaju-srednjoskolci\/","title":{"rendered":"Najvi\u0161e se zapo\u0161ljavaju srednjo\u0161kolci"},"content":{"rendered":"<p><strong><a href=\"https:\/\/sandzakpress.net\/arhiva\/wp-content\/uploads\/2010\/01\/san06_ocp_w380_h300.jpg\"><img loading=\"lazy\" decoding=\"async\" class=\"alignleft size-medium wp-image-1417\" title=\"san06_ocp_w380_h300\" src=\"https:\/\/sandzakpress.net\/arhiva\/wp-content\/uploads\/2010\/01\/san06_ocp_w380_h300-300x236.jpg\" alt=\"\" width=\"300\" height=\"236\" \/><\/a>Bijelo Polje &#8211; Stopa nezaposlenosti u Bijelom Polju trenutno iznosi 18, 30 odsto, a prema analizi kvalifikacione strukture broj nezaposlenih sa zavr\u0161enim \u010detvrtim i sedmim stepenom stru\u010dne spreme se pove\u0107ava. U pore\u0111enju sa podacima za isti period prethodne godine, broj nezaposlenih u Bijelom Polju pove\u0107an je za \u010detiri odsto. Od ukupnog broja nezaposlenih, 45 odsto su \u017eene, prvi put zaposlenje tra\u017ei 28 odsto evidentiranih, a na evidenciji Biroa rada je i 79 osoba sa invaliditetom.<\/strong><\/p>\n<p>Prema podacima Biroa rada, u Bijelom Polju je 3.789 nezaposlenih. Najvi\u0161e ih je sa tre\u0107im stepenom 1.383, sa \u010detvrtim je 1.121 nezaposleni, sa prvim, odnosno zavr\u0161enom osnovnom \u0161kolom 853, a sa drugim stepenom 185.<\/p>\n<p>Nezaposlenih sa petim stepenom je 21, sa \u0161estim 120, a sa sedmim 207 gra\u0111ana.<\/p>\n<p>U prvih devet mjeseci 2009. godine, u Birou rada je ogla\u0161ena potreba za prijem 1.791 radnika od \u010dega 1.136 ili 63 odsto radnih mjesta na odre\u0111eno i 653 na neodre\u0111eno vrijeme. U istom periodu bilo je 97 oglasa za prijem pripravnika, \u0161to je za 60 odsto manje u odnosu na uporedni period iz prethodne godine. \u201eNajvi\u0161e se zapo\u0161ljavaju radnici sa tre\u0107im i \u010detvrtim stepenom stru\u010dne spreme. Zaposlena su 54 prodavca, 27 kuhara, isto toliko automehani\u010dara i 41 sa diplomom gimnazije. Zaposlena su i 34 trgova\u010dka i 29 ekonomskih tehni\u010dara. U okviru sedmog stepena stru\u010dne spreme zaposlena su 42 profesora razredne nastave, 19 profesora engleskog jezika i 10 be\u010dlora primijenjenog menad\u017ementa. Od 1. januara 2009. po\u010dela je primjena novog Zakona o zapo\u0161ljavanju i radu stranaca, koji se odnosi na izdavanje radnih dozvola za sezonski rad i zapo\u0161ljavanje i u tom periodu su izdate 84 dozvole za zapo\u0161ljavanje i dvije za sezonski rad stranaca\u201c, ka\u017eu u bjelopoljskom Birou rada.<\/p>\n","protected":false},"excerpt":{"rendered":"<p>Bijelo Polje &#8211; Stopa nezaposlenosti u Bijelom Polju trenutno iznosi 18, 30 odsto, a prema analizi kvalifikacione strukture broj nezaposlenih sa zavr\u0161enim \u010detvrtim i sedmim stepenom stru\u010dne spreme se pove\u0107ava. U pore\u0111enju sa podacima za isti period prethodne godine, broj nezaposlenih u Bijelom Polju pove\u0107an je za \u010detiri odsto. Od ukupnog broja nezaposlenih, 45 odsto [&hellip;]<\/p>\n","protected":false},"author":83,"featured_media":1417,"comment_status":"open","ping_status":"open","sticky":false,"template":"","format":"standard","meta":{"footnotes":""},"categories":[3],"tags":[],"class_list":{"0":"post-1416","1":"post","2":"type-post","3":"status-publish","4":"format-standard","5":"has-post-thumbnail","7":"category-privreda"},"yoast_head":"<!-- This site is optimized with the Yoast SEO Premium plugin v23.1 (Yoast SEO v24.9) - https:\/\/yoast.com\/wordpress\/plugins\/seo\/ -->\n<title>Najvi\u0161e se zapo\u0161ljavaju srednjo\u0161kolci<\/title>\n<meta name=\"robots\" content=\"index, follow, max-snippet:-1, max-image-preview:large, max-video-preview:-1\" \/>\n<link rel=\"canonical\" href=\"https:\/\/sandzakpress.net\/arhiva\/najvise-se-zaposljavaju-srednjoskolci\/\" \/>\n<meta property=\"og:locale\" content=\"bs_BA\" \/>\n<meta property=\"og:type\" content=\"article\" \/>\n<meta property=\"og:title\" content=\"Najvi\u0161e se zapo\u0161ljavaju srednjo\u0161kolci\" \/>\n<meta property=\"og:description\" content=\"Bijelo Polje &#8211; Stopa nezaposlenosti u Bijelom Polju trenutno iznosi 18, 30 odsto, a prema analizi kvalifikacione strukture broj nezaposlenih sa zavr\u0161enim \u010detvrtim i sedmim stepenom stru\u010dne spreme se pove\u0107ava. U pore\u0111enju sa podacima za isti period prethodne godine, broj nezaposlenih u Bijelom Polju pove\u0107an je za \u010detiri odsto. Od ukupnog broja nezaposlenih, 45 odsto [&hellip;]\" \/>\n<meta property=\"og:url\" content=\"https:\/\/sandzakpress.net\/arhiva\/najvise-se-zaposljavaju-srednjoskolci\/\" \/>\n<meta property=\"og:site_name\" content=\"Sand\u017eak PRESS\" \/>\n<meta property=\"article:published_time\" content=\"2010-01-17T11:51:04+00:00\" \/>\n<meta property=\"og:image\" content=\"https:\/\/sandzakpress.net\/arhiva\/wp-content\/uploads\/2010\/01\/san06_ocp_w380_h300.jpg\" \/>\n\t<meta property=\"og:image:width\" content=\"380\" \/>\n\t<meta property=\"og:image:height\" content=\"300\" \/>\n\t<meta property=\"og:image:type\" content=\"image\/jpeg\" \/>\n<meta name=\"author\" content=\"bosniak\" \/>\n<meta name=\"twitter:card\" content=\"summary_large_image\" \/>\n<meta name=\"twitter:label1\" content=\"Written by\" \/>\n\t<meta name=\"twitter:data1\" content=\"bosniak\" \/>\n\t<meta name=\"twitter:label2\" content=\"Est. reading time\" \/>\n\t<meta name=\"twitter:data2\" content=\"1 minuta\" \/>\n<script type=\"application\/ld+json\" class=\"yoast-schema-graph\">{\"@context\":\"https:\/\/schema.org\",\"@graph\":[{\"@type\":\"Article\",\"@id\":\"https:\/\/sandzakpress.net\/arhiva\/najvise-se-zaposljavaju-srednjoskolci\/#article\",\"isPartOf\":{\"@id\":\"https:\/\/sandzakpress.net\/arhiva\/najvise-se-zaposljavaju-srednjoskolci\/\"},\"author\":{\"name\":\"bosniak\",\"@id\":\"https:\/\/sandzakpress.net\/arhiva\/#\/schema\/person\/c8baee722073534b583ea7bdb2e36c02\"},\"headline\":\"Najvi\u0161e se zapo\u0161ljavaju srednjo\u0161kolci\",\"datePublished\":\"2010-01-17T11:51:04+00:00\",\"mainEntityOfPage\":{\"@id\":\"https:\/\/sandzakpress.net\/arhiva\/najvise-se-zaposljavaju-srednjoskolci\/\"},\"wordCount\":284,\"commentCount\":0,\"publisher\":{\"@id\":\"https:\/\/sandzakpress.net\/arhiva\/#\/schema\/person\/6e72b67d6e51910a1117b3b483ba20bd\"},\"image\":{\"@id\":\"https:\/\/sandzakpress.net\/arhiva\/najvise-se-zaposljavaju-srednjoskolci\/#primaryimage\"},\"thumbnailUrl\":\"https:\/\/sandzakpress.net\/arhiva\/wp-content\/uploads\/2010\/01\/san06_ocp_w380_h300.jpg\",\"articleSection\":[\"Privreda\"],\"inLanguage\":\"bs-BA\",\"potentialAction\":[{\"@type\":\"CommentAction\",\"name\":\"Comment\",\"target\":[\"https:\/\/sandzakpress.net\/arhiva\/najvise-se-zaposljavaju-srednjoskolci\/#respond\"]}]},{\"@type\":\"WebPage\",\"@id\":\"https:\/\/sandzakpress.net\/arhiva\/najvise-se-zaposljavaju-srednjoskolci\/\",\"url\":\"https:\/\/sandzakpress.net\/arhiva\/najvise-se-zaposljavaju-srednjoskolci\/\",\"name\":\"Najvi\u0161e se zapo\u0161ljavaju srednjo\u0161kolci\",\"isPartOf\":{\"@id\":\"https:\/\/sandzakpress.net\/arhiva\/#website\"},\"primaryImageOfPage\":{\"@id\":\"https:\/\/sandzakpress.net\/arhiva\/najvise-se-zaposljavaju-srednjoskolci\/#primaryimage\"},\"image\":{\"@id\":\"https:\/\/sandzakpress.net\/arhiva\/najvise-se-zaposljavaju-srednjoskolci\/#primaryimage\"},\"thumbnailUrl\":\"https:\/\/sandzakpress.net\/arhiva\/wp-content\/uploads\/2010\/01\/san06_ocp_w380_h300.jpg\",\"datePublished\":\"2010-01-17T11:51:04+00:00\",\"breadcrumb\":{\"@id\":\"https:\/\/sandzakpress.net\/arhiva\/najvise-se-zaposljavaju-srednjoskolci\/#breadcrumb\"},\"inLanguage\":\"bs-BA\",\"potentialAction\":[{\"@type\":\"ReadAction\",\"target\":[\"https:\/\/sandzakpress.net\/arhiva\/najvise-se-zaposljavaju-srednjoskolci\/\"]}]},{\"@type\":\"ImageObject\",\"inLanguage\":\"bs-BA\",\"@id\":\"https:\/\/sandzakpress.net\/arhiva\/najvise-se-zaposljavaju-srednjoskolci\/#primaryimage\",\"url\":\"https:\/\/sandzakpress.net\/arhiva\/wp-content\/uploads\/2010\/01\/san06_ocp_w380_h300.jpg\",\"contentUrl\":\"https:\/\/sandzakpress.net\/arhiva\/wp-content\/uploads\/2010\/01\/san06_ocp_w380_h300.jpg\",\"width\":380,\"height\":300},{\"@type\":\"BreadcrumbList\",\"@id\":\"https:\/\/sandzakpress.net\/arhiva\/najvise-se-zaposljavaju-srednjoskolci\/#breadcrumb\",\"itemListElement\":[{\"@type\":\"ListItem\",\"position\":1,\"name\":\"Home\",\"item\":\"https:\/\/sandzakpress.net\/arhiva\/\"},{\"@type\":\"ListItem\",\"position\":2,\"name\":\"Najvi\u0161e se zapo\u0161ljavaju srednjo\u0161kolci\"}]},{\"@type\":\"WebSite\",\"@id\":\"https:\/\/sandzakpress.net\/arhiva\/#website\",\"url\":\"https:\/\/sandzakpress.net\/arhiva\/\",\"name\":\"Sand\u017eak PRESS\",\"description\":\"Prve elektronske novine u Sand\u017eaku\",\"publisher\":{\"@id\":\"https:\/\/sandzakpress.net\/arhiva\/#\/schema\/person\/6e72b67d6e51910a1117b3b483ba20bd\"},\"potentialAction\":[{\"@type\":\"SearchAction\",\"target\":{\"@type\":\"EntryPoint\",\"urlTemplate\":\"https:\/\/sandzakpress.net\/arhiva\/?s={search_term_string}\"},\"query-input\":{\"@type\":\"PropertyValueSpecification\",\"valueRequired\":true,\"valueName\":\"search_term_string\"}}],\"inLanguage\":\"bs-BA\"},{\"@type\":[\"Person\",\"Organization\"],\"@id\":\"https:\/\/sandzakpress.net\/arhiva\/#\/schema\/person\/6e72b67d6e51910a1117b3b483ba20bd\",\"name\":\"Kul\",\"image\":{\"@type\":\"ImageObject\",\"inLanguage\":\"bs-BA\",\"@id\":\"https:\/\/sandzakpress.net\/arhiva\/#\/schema\/person\/image\/\",\"url\":\"https:\/\/secure.gravatar.com\/avatar\/42263f39aa27ac04c43cab85c280eb2e?s=96&d=mm&r=pg\",\"contentUrl\":\"https:\/\/secure.gravatar.com\/avatar\/42263f39aa27ac04c43cab85c280eb2e?s=96&d=mm&r=pg\",\"caption\":\"Kul\"},\"logo\":{\"@id\":\"https:\/\/sandzakpress.net\/arhiva\/#\/schema\/person\/image\/\"}},{\"@type\":\"Person\",\"@id\":\"https:\/\/sandzakpress.net\/arhiva\/#\/schema\/person\/c8baee722073534b583ea7bdb2e36c02\",\"name\":\"bosniak\",\"image\":{\"@type\":\"ImageObject\",\"inLanguage\":\"bs-BA\",\"@id\":\"https:\/\/sandzakpress.net\/arhiva\/#\/schema\/person\/image\/\",\"url\":\"https:\/\/secure.gravatar.com\/avatar\/a04fd330bfe3a36a72a0ad4a6d89fca7?s=96&d=mm&r=pg\",\"contentUrl\":\"https:\/\/secure.gravatar.com\/avatar\/a04fd330bfe3a36a72a0ad4a6d89fca7?s=96&d=mm&r=pg\",\"caption\":\"bosniak\"},\"url\":\"https:\/\/sandzakpress.net\/arhiva\/author\/bosniak\/\"}]}<\/script>\n<!-- \/ Yoast SEO Premium plugin. -->","yoast_head_json":{"title":"Najvi\u0161e se zapo\u0161ljavaju srednjo\u0161kolci","robots":{"index":"index","follow":"follow","max-snippet":"max-snippet:-1","max-image-preview":"max-image-preview:large","max-video-preview":"max-video-preview:-1"},"canonical":"https:\/\/sandzakpress.net\/arhiva\/najvise-se-zaposljavaju-srednjoskolci\/","og_locale":"bs_BA","og_type":"article","og_title":"Najvi\u0161e se zapo\u0161ljavaju srednjo\u0161kolci","og_description":"Bijelo Polje &#8211; Stopa nezaposlenosti u Bijelom Polju trenutno iznosi 18, 30 odsto, a prema analizi kvalifikacione strukture broj nezaposlenih sa zavr\u0161enim \u010detvrtim i sedmim stepenom stru\u010dne spreme se pove\u0107ava. U pore\u0111enju sa podacima za isti period prethodne godine, broj nezaposlenih u Bijelom Polju pove\u0107an je za \u010detiri odsto. Od ukupnog broja nezaposlenih, 45 odsto [&hellip;]","og_url":"https:\/\/sandzakpress.net\/arhiva\/najvise-se-zaposljavaju-srednjoskolci\/","og_site_name":"Sand\u017eak PRESS","article_published_time":"2010-01-17T11:51:04+00:00","og_image":[{"width":380,"height":300,"url":"https:\/\/sandzakpress.net\/arhiva\/wp-content\/uploads\/2010\/01\/san06_ocp_w380_h300.jpg","type":"image\/jpeg"}],"author":"bosniak","twitter_card":"summary_large_image","twitter_misc":{"Written by":"bosniak","Est. reading time":"1 minuta"},"schema":{"@context":"https:\/\/schema.org","@graph":[{"@type":"Article","@id":"https:\/\/sandzakpress.net\/arhiva\/najvise-se-zaposljavaju-srednjoskolci\/#article","isPartOf":{"@id":"https:\/\/sandzakpress.net\/arhiva\/najvise-se-zaposljavaju-srednjoskolci\/"},"author":{"name":"bosniak","@id":"https:\/\/sandzakpress.net\/arhiva\/#\/schema\/person\/c8baee722073534b583ea7bdb2e36c02"},"headline":"Najvi\u0161e se zapo\u0161ljavaju srednjo\u0161kolci","datePublished":"2010-01-17T11:51:04+00:00","mainEntityOfPage":{"@id":"https:\/\/sandzakpress.net\/arhiva\/najvise-se-zaposljavaju-srednjoskolci\/"},"wordCount":284,"commentCount":0,"publisher":{"@id":"https:\/\/sandzakpress.net\/arhiva\/#\/schema\/person\/6e72b67d6e51910a1117b3b483ba20bd"},"image":{"@id":"https:\/\/sandzakpress.net\/arhiva\/najvise-se-zaposljavaju-srednjoskolci\/#primaryimage"},"thumbnailUrl":"https:\/\/sandzakpress.net\/arhiva\/wp-content\/uploads\/2010\/01\/san06_ocp_w380_h300.jpg","articleSection":["Privreda"],"inLanguage":"bs-BA","potentialAction":[{"@type":"CommentAction","name":"Comment","target":["https:\/\/sandzakpress.net\/arhiva\/najvise-se-zaposljavaju-srednjoskolci\/#respond"]}]},{"@type":"WebPage","@id":"https:\/\/sandzakpress.net\/arhiva\/najvise-se-zaposljavaju-srednjoskolci\/","url":"https:\/\/sandzakpress.net\/arhiva\/najvise-se-zaposljavaju-srednjoskolci\/","name":"Najvi\u0161e se zapo\u0161ljavaju srednjo\u0161kolci","isPartOf":{"@id":"https:\/\/sandzakpress.net\/arhiva\/#website"},"primaryImageOfPage":{"@id":"https:\/\/sandzakpress.net\/arhiva\/najvise-se-zaposljavaju-srednjoskolci\/#primaryimage"},"image":{"@id":"https:\/\/sandzakpress.net\/arhiva\/najvise-se-zaposljavaju-srednjoskolci\/#primaryimage"},"thumbnailUrl":"https:\/\/sandzakpress.net\/arhiva\/wp-content\/uploads\/2010\/01\/san06_ocp_w380_h300.jpg","datePublished":"2010-01-17T11:51:04+00:00","breadcrumb":{"@id":"https:\/\/sandzakpress.net\/arhiva\/najvise-se-zaposljavaju-srednjoskolci\/#breadcrumb"},"inLanguage":"bs-BA","potentialAction":[{"@type":"ReadAction","target":["https:\/\/sandzakpress.net\/arhiva\/najvise-se-zaposljavaju-srednjoskolci\/"]}]},{"@type":"ImageObject","inLanguage":"bs-BA","@id":"https:\/\/sandzakpress.net\/arhiva\/najvise-se-zaposljavaju-srednjoskolci\/#primaryimage","url":"https:\/\/sandzakpress.net\/arhiva\/wp-content\/uploads\/2010\/01\/san06_ocp_w380_h300.jpg","contentUrl":"https:\/\/sandzakpress.net\/arhiva\/wp-content\/uploads\/2010\/01\/san06_ocp_w380_h300.jpg","width":380,"height":300},{"@type":"BreadcrumbList","@id":"https:\/\/sandzakpress.net\/arhiva\/najvise-se-zaposljavaju-srednjoskolci\/#breadcrumb","itemListElement":[{"@type":"ListItem","position":1,"name":"Home","item":"https:\/\/sandzakpress.net\/arhiva\/"},{"@type":"ListItem","position":2,"name":"Najvi\u0161e se zapo\u0161ljavaju srednjo\u0161kolci"}]},{"@type":"WebSite","@id":"https:\/\/sandzakpress.net\/arhiva\/#website","url":"https:\/\/sandzakpress.net\/arhiva\/","name":"Sand\u017eak PRESS","description":"Prve elektronske novine u Sand\u017eaku","publisher":{"@id":"https:\/\/sandzakpress.net\/arhiva\/#\/schema\/person\/6e72b67d6e51910a1117b3b483ba20bd"},"potentialAction":[{"@type":"SearchAction","target":{"@type":"EntryPoint","urlTemplate":"https:\/\/sandzakpress.net\/arhiva\/?s={search_term_string}"},"query-input":{"@type":"PropertyValueSpecification","valueRequired":true,"valueName":"search_term_string"}}],"inLanguage":"bs-BA"},{"@type":["Person","Organization"],"@id":"https:\/\/sandzakpress.net\/arhiva\/#\/schema\/person\/6e72b67d6e51910a1117b3b483ba20bd","name":"Kul","image":{"@type":"ImageObject","inLanguage":"bs-BA","@id":"https:\/\/sandzakpress.net\/arhiva\/#\/schema\/person\/image\/","url":"https:\/\/secure.gravatar.com\/avatar\/42263f39aa27ac04c43cab85c280eb2e?s=96&d=mm&r=pg","contentUrl":"https:\/\/secure.gravatar.com\/avatar\/42263f39aa27ac04c43cab85c280eb2e?s=96&d=mm&r=pg","caption":"Kul"},"logo":{"@id":"https:\/\/sandzakpress.net\/arhiva\/#\/schema\/person\/image\/"}},{"@type":"Person","@id":"https:\/\/sandzakpress.net\/arhiva\/#\/schema\/person\/c8baee722073534b583ea7bdb2e36c02","name":"bosniak","image":{"@type":"ImageObject","inLanguage":"bs-BA","@id":"https:\/\/sandzakpress.net\/arhiva\/#\/schema\/person\/image\/","url":"https:\/\/secure.gravatar.com\/avatar\/a04fd330bfe3a36a72a0ad4a6d89fca7?s=96&d=mm&r=pg","contentUrl":"https:\/\/secure.gravatar.com\/avatar\/a04fd330bfe3a36a72a0ad4a6d89fca7?s=96&d=mm&r=pg","caption":"bosniak"},"url":"https:\/\/sandzakpress.net\/arhiva\/author\/bosniak\/"}]}},"_links":{"self":[{"href":"https:\/\/sandzakpress.net\/arhiva\/wp-json\/wp\/v2\/posts\/1416"}],"collection":[{"href":"https:\/\/sandzakpress.net\/arhiva\/wp-json\/wp\/v2\/posts"}],"about":[{"href":"https:\/\/sandzakpress.net\/arhiva\/wp-json\/wp\/v2\/types\/post"}],"author":[{"embeddable":true,"href":"https:\/\/sandzakpress.net\/arhiva\/wp-json\/wp\/v2\/users\/83"}],"replies":[{"embeddable":true,"href":"https:\/\/sandzakpress.net\/arhiva\/wp-json\/wp\/v2\/comments?post=1416"}],"version-history":[{"count":0,"href":"https:\/\/sandzakpress.net\/arhiva\/wp-json\/wp\/v2\/posts\/1416\/revisions"}],"wp:featuredmedia":[{"embeddable":true,"href":"https:\/\/sandzakpress.net\/arhiva\/wp-json\/wp\/v2\/media\/1417"}],"wp:attachment":[{"href":"https:\/\/sandzakpress.net\/arhiva\/wp-json\/wp\/v2\/media?parent=1416"}],"wp:term":[{"taxonomy":"category","embeddable":true,"href":"https:\/\/sandzakpress.net\/arhiva\/wp-json\/wp\/v2\/categories?post=1416"},{"taxonomy":"post_tag","embeddable":true,"href":"https:\/\/sandzakpress.net\/arhiva\/wp-json\/wp\/v2\/tags?post=1416"}],"curies":[{"name":"wp","href":"https:\/\/api.w.org\/{rel}","templated":true}]}}