{"id":141333,"date":"2015-10-16T17:33:08","date_gmt":"2015-10-16T15:33:08","guid":{"rendered":"https:\/\/sandzakpress.net\/arhiva\/demografija-albanci-ce-dominirati-balkanom"},"modified":"2015-10-16T17:33:08","modified_gmt":"2015-10-16T15:33:08","slug":"demografija-albanci-ce-dominirati-balkanom","status":"publish","type":"post","link":"https:\/\/sandzakpress.net\/arhiva\/demografija-albanci-ce-dominirati-balkanom\/","title":{"rendered":"Demografija: Albanci \u0107e dominirati Balkanom"},"content":{"rendered":"<p><img decoding=\"async\" src=\"http:\/\/i1.wp.com\/bosnjaci.agency\/wp-content\/uploads\/2014\/12\/mali-Albanac.jpg?w=696\" alt=\"DJECAK S ALBANSKOM ZASTAVOM\" \/><\/p>\n<p><strong>Balkan \u2013 Do 2020. godine na Kosovu i u Albaniji do\u0107i \u0107e do najve\u0107eg porasta broja stanovnika, dok \u0107e BiH zabilje\u017eiti najmanju stopu prirodnog prira\u0161taja.<\/strong><\/p>\n<p>Demografska slika svijeta, ali i zemalja Balkana, u predstoje\u0107im godinama bit \u0107e mnogo druga\u010dija od one koju danas poznajemo.<\/p>\n<p>Tako \u0107e u pojedinim zemljama procent ro\u0111enih biti mnogo ve\u0107i od procenta umrlih, dok \u0107e neke zemlje pogoditi \u201cbijela kuga\u201d. Novinari agencije Anadolija istra\u017eili su kako \u0107e to izgledati svijet i region Balkana u godinama koje predstoje.<\/p>\n<p>Prema rezultatima istra\u017eivanja Svjetske banke (WB) na temu \u201cPokazatelji svjetskog razvoja\u201d, najve\u0107u stopa rasta prirodnog prira\u0161taja me\u0111u zemljama Balkana zabilje\u017eit \u0107e Kosovo.<br \/>\nNaime, prema najnovijim podacima WB, u periodu od 2010. do 2020. godine nova evropska dr\u017eava \u0107e zabilje\u017eiti godi\u0161nji rast stanovni\u0161tva od 0,7 posto, \u0161to je ujedno i jedan od najve\u0107ih procenata na evropskom nivou! Poslije Kosova slijedi Albanija, gdje \u0107e, kako se navodi, u istom periodu biti zabilje\u017een rast prirodnog prira\u0161taja od 0,2 posto na godi\u0161njoj osnovi.<\/p>\n<p>U narednih nekoliko godina prirodni prira\u0161taj u Makeodniji, gdje, tako\u0111er, postoji zna\u010dajan broj albanskog stanovni\u0161tva, bit \u0107e 0,0, \u0161to zna\u010di da \u0107e ta zemlja imati jednak broj umrlih i ro\u0111enih.<\/p>\n<p>Me\u0111utim, u preostalim zemljama regiona, odnosno biv\u0161e Jugoslavije, predvi\u0111a se izrazito negativan prirodni prira\u0161taj do 2020. godine. Tako \u0107e, prema procjenama WB, u Srbiji u navedenom periodu negativan prirodni prira\u0161taj iznositi 0,2 posto na godi\u0161njoj osnovi.<\/p>\n<p>Poslije Srbije, slijede\u0107a zemlja koja posljednjih godina bilje\u017ei izrazito negativan prirast stanovni\u0161tva je Hrvatska. U zemlji koja ove godine ulazi u Evropsku uniju (EU), do 2020. godine negativan prirodni prira\u0161taj iznosit \u0107e 0,3 posto. Ipak, prema analizi Svjetske banke Bosna i Hercegovina (BiH) \u0107e do 2020. godine zabilje\u017eiti najni\u017ei prirodni prira\u0161taj!<\/p>\n<p>Prema obrascu demografa, jedan narod bi mogao nestati ako broj starih preko 60 godina bude dva i po puta ve\u0107i od broja mladih do 19 godina.<\/p>\n<p>Srbijanski demograf Biljana Spasi\u0107, autorica knjige \u201cZa\u0161to nestaju Srbi\u201d objavljene prije nekoliko godina, ve\u0107 godinama upozorava na \u201cbijelu kugu\u201d u Srbiji.<\/p>\n<p>Srbija, kako tvrdi, ozbiljno ide kao stra\u0161noj depopulaciji te bi tako \u201cveliki broj gra\u0111ana u Srbiji moglo do\u017eivjeti sudbinu da u sopstvenoj zemlji \u017eivi u enklavama\u201d.<\/p>\n<p>Kako godinama poru\u010duje, razlozi slabog nataliteta u Srbiji su abortusi, \u010dak 300.000 godi\u0161nje, ali i egiozam, hedonizam i samoljublje. Prema njenim rije\u010dima, u Srbiji ima oko 300 \u0161kola s po samo jednim \u0111akom i oko 250.000 neo\u017eenjenih momaka starosti do 40 godina.<\/p>\n<p>Da bi prirodni prira\u0161taj u Srbiji postao pozitivan, smatra ona, svaka porodica bi trebalo da ima najmanje \u010detvoro djece.<\/p>\n<p>Prema procjenama WB, BiH \u0107e do 2020. godine do\u017eivjeti negativan prirodni prira\u0161taj od 0,4 posto na godi\u0161njoj osnovi.<\/p>\n<p>Sociolog i profesor na Fakultetu politi\u010dkih nauka (FPN) u Sarajevu prof. dr. Jusuf \u017diga za agenciju Anadolija (AA) je kazao da se BiH ve\u0107 nalazi u kriti\u010dnom stanju kada je u pitanju prirodni prira\u0161taj stanovni\u0161tva.<\/p>\n<p>\u201cBiH se ve\u0107 nalazi u stanju \u2018bijele kuge\u2019, odnosno bilje\u017ei ve\u0107i broj umrlih od broja ro\u0111enih, dok je situacija u ve\u0107ini zemalja regiona isto tako kriti\u010dna. To su jasne \u010dinjenice\u201d, kazao je \u017diga.<\/p>\n<p>Napomenuo je da negativan prirodni prira\u0161taj mo\u017ee u zna\u010dajnom obliku utjecati i na politi\u010dka de\u0161avanja na Balkanu.<\/p>\n<p>\u201cU jednom nesre\u0111enom ambijentu kao \u0161to je Balkan, mogu\u0107e je da demografska kretanja poprime i neke druge konotacije koje su politi\u010dki i teritorijalno pretenzivne\u201d, zaklju\u010dio je profesor \u017diga.<\/p>\n<p><strong>Turska i Irska imat \u0107e najve\u0107i porast stanovni\u0161tva<br \/>\n<\/strong><br \/>\nPosmatrano na nivou svijeta, najve\u0107i prirodni prira\u0161taj do 2020. godine zabilje\u017eit \u0107e Niger, i to 3,5 posto, Malavi 3,3 posto, Tanzanija 3,1 posto, Zambija 3,1 posto i Uganda 3 posto. Posmatrano prema evropskim zemljama, najni\u017ei negativni prirodni prira\u0161taj \u0107e zabilje\u017eiti Bugarska 0,7, Gruzija 0,7, Moldavija 0,6, Ukrajina 0,6, i Litvanija 0,5 posto.<\/p>\n<p>S druge strane, najve\u0107i porast u broju stanovnika do 2020. godine \u0107e do\u017eivjeti Turska i Irska gdje \u0107e, prema studiji Svjetske banke, broj stanovnika porasti za 1,0 posto na godi\u0161njoj osnovi. Slijede Norve\u0161ka sa 0,7 posto, \u0160vedska 0,5 i Francuska 0,4 posto.<\/p>\n<p><strong>Stvoriti ambijent pozitivnog \u017eivljenja<br \/>\n<\/strong><br \/>\nProfesor \u017diga tvrdi da je potrebno inicirati stabilne politike koje bi stimulirale pozitivan prirast stanovni\u0161tva.<\/p>\n<p>\u201cPotrebne su pronatalitetne politike kako bi se stimulirao prirast stanovni\u0161tva. Potrebno je stvoriti ambijent pozitivnog \u017eivljenja u zemlji, olak\u0161ati zapo\u0161ljavanje mladima, olak\u0161ati status trudnica dok su na porodiljskom bolovanju. Tako\u0111er, potrebno je da se privilegira ra\u0111anje ve\u0107eg broja djece u smislu mogu\u0107eg besplatnog \u0161kolovanja ili zaposlenja\u201d, objasnio je \u017diga.<\/p>\n<p>Izvor: Anadolija<\/p>\n<p>Pogledajte vijest na izvornom sajtu:<\/p>\n<p><a href=\"http:\/\/bosnapress.net\/demografija-albanci-ce-dominirati-balkanom\/\" target=\"_blank\">Demografija: Albanci \u0107e dominirati Balkanom<\/a><\/p>\n","protected":false},"excerpt":{"rendered":"<p>Balkan \u2013 Do 2020. godine na Kosovu i u Albaniji do\u0107i \u0107e do najve\u0107eg porasta broja stanovnika, dok \u0107e BiH zabilje\u017eiti najmanju stopu prirodnog prira\u0161taja. Demografska slika svijeta, ali i zemalja Balkana, u predstoje\u0107im godinama bit \u0107e mnogo druga\u010dija od one koju danas poznajemo. Tako \u0107e u pojedinim zemljama procent ro\u0111enih biti mnogo ve\u0107i od [&hellip;]<\/p>\n","protected":false},"author":83,"featured_media":141334,"comment_status":"open","ping_status":"open","sticky":false,"template":"","format":"standard","meta":{"footnotes":""},"categories":[10513],"tags":[10466],"class_list":{"0":"post-141333","1":"post","2":"type-post","3":"status-publish","4":"format-standard","5":"has-post-thumbnail","7":"category-bosna-press","8":"tag-bosna-i-hercegovina"},"yoast_head":"<!-- This site is optimized with the Yoast SEO Premium plugin v23.1 (Yoast SEO v24.9) - https:\/\/yoast.com\/wordpress\/plugins\/seo\/ -->\n<title>Demografija: Albanci \u0107e dominirati Balkanom<\/title>\n<meta name=\"robots\" content=\"index, follow, max-snippet:-1, max-image-preview:large, max-video-preview:-1\" \/>\n<link rel=\"canonical\" href=\"https:\/\/sandzakpress.net\/arhiva\/demografija-albanci-ce-dominirati-balkanom\/\" \/>\n<meta property=\"og:locale\" content=\"bs_BA\" \/>\n<meta property=\"og:type\" content=\"article\" \/>\n<meta property=\"og:title\" content=\"Demografija: Albanci \u0107e dominirati Balkanom\" \/>\n<meta property=\"og:description\" content=\"Balkan \u2013 Do 2020. godine na Kosovu i u Albaniji do\u0107i \u0107e do najve\u0107eg porasta broja stanovnika, dok \u0107e BiH zabilje\u017eiti najmanju stopu prirodnog prira\u0161taja. Demografska slika svijeta, ali i zemalja Balkana, u predstoje\u0107im godinama bit \u0107e mnogo druga\u010dija od one koju danas poznajemo. Tako \u0107e u pojedinim zemljama procent ro\u0111enih biti mnogo ve\u0107i od [&hellip;]\" \/>\n<meta property=\"og:url\" content=\"https:\/\/sandzakpress.net\/arhiva\/demografija-albanci-ce-dominirati-balkanom\/\" \/>\n<meta property=\"og:site_name\" content=\"Sand\u017eak PRESS\" \/>\n<meta property=\"article:published_time\" content=\"2015-10-16T15:33:08+00:00\" \/>\n<meta property=\"og:image\" content=\"https:\/\/sandzakpress.net\/arhiva\/wp-content\/uploads\/2015\/10\/mali-Albanac.jpg\" \/>\n\t<meta property=\"og:image:width\" content=\"640\" \/>\n\t<meta property=\"og:image:height\" content=\"427\" \/>\n\t<meta property=\"og:image:type\" content=\"image\/jpeg\" \/>\n<meta name=\"author\" content=\"bosniak\" \/>\n<meta name=\"twitter:card\" content=\"summary_large_image\" \/>\n<meta name=\"twitter:label1\" content=\"Written by\" \/>\n\t<meta name=\"twitter:data1\" content=\"bosniak\" \/>\n\t<meta name=\"twitter:label2\" content=\"Est. reading time\" \/>\n\t<meta name=\"twitter:data2\" content=\"4 minute\" \/>\n<script type=\"application\/ld+json\" class=\"yoast-schema-graph\">{\"@context\":\"https:\/\/schema.org\",\"@graph\":[{\"@type\":\"Article\",\"@id\":\"https:\/\/sandzakpress.net\/arhiva\/demografija-albanci-ce-dominirati-balkanom\/#article\",\"isPartOf\":{\"@id\":\"https:\/\/sandzakpress.net\/arhiva\/demografija-albanci-ce-dominirati-balkanom\/\"},\"author\":{\"name\":\"bosniak\",\"@id\":\"https:\/\/sandzakpress.net\/arhiva\/#\/schema\/person\/c8baee722073534b583ea7bdb2e36c02\"},\"headline\":\"Demografija: Albanci \u0107e dominirati Balkanom\",\"datePublished\":\"2015-10-16T15:33:08+00:00\",\"mainEntityOfPage\":{\"@id\":\"https:\/\/sandzakpress.net\/arhiva\/demografija-albanci-ce-dominirati-balkanom\/\"},\"wordCount\":786,\"commentCount\":7,\"publisher\":{\"@id\":\"https:\/\/sandzakpress.net\/arhiva\/#\/schema\/person\/6e72b67d6e51910a1117b3b483ba20bd\"},\"image\":{\"@id\":\"https:\/\/sandzakpress.net\/arhiva\/demografija-albanci-ce-dominirati-balkanom\/#primaryimage\"},\"thumbnailUrl\":\"https:\/\/sandzakpress.net\/arhiva\/wp-content\/uploads\/2015\/10\/mali-Albanac.jpg\",\"keywords\":[\"Bosna i Hercegovina\"],\"articleSection\":[\"Bosna PRESS\"],\"inLanguage\":\"bs-BA\",\"potentialAction\":[{\"@type\":\"CommentAction\",\"name\":\"Comment\",\"target\":[\"https:\/\/sandzakpress.net\/arhiva\/demografija-albanci-ce-dominirati-balkanom\/#respond\"]}]},{\"@type\":\"WebPage\",\"@id\":\"https:\/\/sandzakpress.net\/arhiva\/demografija-albanci-ce-dominirati-balkanom\/\",\"url\":\"https:\/\/sandzakpress.net\/arhiva\/demografija-albanci-ce-dominirati-balkanom\/\",\"name\":\"Demografija: Albanci \u0107e dominirati Balkanom\",\"isPartOf\":{\"@id\":\"https:\/\/sandzakpress.net\/arhiva\/#website\"},\"primaryImageOfPage\":{\"@id\":\"https:\/\/sandzakpress.net\/arhiva\/demografija-albanci-ce-dominirati-balkanom\/#primaryimage\"},\"image\":{\"@id\":\"https:\/\/sandzakpress.net\/arhiva\/demografija-albanci-ce-dominirati-balkanom\/#primaryimage\"},\"thumbnailUrl\":\"https:\/\/sandzakpress.net\/arhiva\/wp-content\/uploads\/2015\/10\/mali-Albanac.jpg\",\"datePublished\":\"2015-10-16T15:33:08+00:00\",\"breadcrumb\":{\"@id\":\"https:\/\/sandzakpress.net\/arhiva\/demografija-albanci-ce-dominirati-balkanom\/#breadcrumb\"},\"inLanguage\":\"bs-BA\",\"potentialAction\":[{\"@type\":\"ReadAction\",\"target\":[\"https:\/\/sandzakpress.net\/arhiva\/demografija-albanci-ce-dominirati-balkanom\/\"]}]},{\"@type\":\"ImageObject\",\"inLanguage\":\"bs-BA\",\"@id\":\"https:\/\/sandzakpress.net\/arhiva\/demografija-albanci-ce-dominirati-balkanom\/#primaryimage\",\"url\":\"https:\/\/sandzakpress.net\/arhiva\/wp-content\/uploads\/2015\/10\/mali-Albanac.jpg\",\"contentUrl\":\"https:\/\/sandzakpress.net\/arhiva\/wp-content\/uploads\/2015\/10\/mali-Albanac.jpg\",\"width\":640,\"height\":427},{\"@type\":\"BreadcrumbList\",\"@id\":\"https:\/\/sandzakpress.net\/arhiva\/demografija-albanci-ce-dominirati-balkanom\/#breadcrumb\",\"itemListElement\":[{\"@type\":\"ListItem\",\"position\":1,\"name\":\"Home\",\"item\":\"https:\/\/sandzakpress.net\/arhiva\/\"},{\"@type\":\"ListItem\",\"position\":2,\"name\":\"Demografija: Albanci \u0107e dominirati Balkanom\"}]},{\"@type\":\"WebSite\",\"@id\":\"https:\/\/sandzakpress.net\/arhiva\/#website\",\"url\":\"https:\/\/sandzakpress.net\/arhiva\/\",\"name\":\"Sand\u017eak PRESS\",\"description\":\"Prve elektronske novine u Sand\u017eaku\",\"publisher\":{\"@id\":\"https:\/\/sandzakpress.net\/arhiva\/#\/schema\/person\/6e72b67d6e51910a1117b3b483ba20bd\"},\"potentialAction\":[{\"@type\":\"SearchAction\",\"target\":{\"@type\":\"EntryPoint\",\"urlTemplate\":\"https:\/\/sandzakpress.net\/arhiva\/?s={search_term_string}\"},\"query-input\":{\"@type\":\"PropertyValueSpecification\",\"valueRequired\":true,\"valueName\":\"search_term_string\"}}],\"inLanguage\":\"bs-BA\"},{\"@type\":[\"Person\",\"Organization\"],\"@id\":\"https:\/\/sandzakpress.net\/arhiva\/#\/schema\/person\/6e72b67d6e51910a1117b3b483ba20bd\",\"name\":\"Kul\",\"image\":{\"@type\":\"ImageObject\",\"inLanguage\":\"bs-BA\",\"@id\":\"https:\/\/sandzakpress.net\/arhiva\/#\/schema\/person\/image\/\",\"url\":\"https:\/\/secure.gravatar.com\/avatar\/42263f39aa27ac04c43cab85c280eb2e?s=96&d=mm&r=pg\",\"contentUrl\":\"https:\/\/secure.gravatar.com\/avatar\/42263f39aa27ac04c43cab85c280eb2e?s=96&d=mm&r=pg\",\"caption\":\"Kul\"},\"logo\":{\"@id\":\"https:\/\/sandzakpress.net\/arhiva\/#\/schema\/person\/image\/\"}},{\"@type\":\"Person\",\"@id\":\"https:\/\/sandzakpress.net\/arhiva\/#\/schema\/person\/c8baee722073534b583ea7bdb2e36c02\",\"name\":\"bosniak\",\"image\":{\"@type\":\"ImageObject\",\"inLanguage\":\"bs-BA\",\"@id\":\"https:\/\/sandzakpress.net\/arhiva\/#\/schema\/person\/image\/\",\"url\":\"https:\/\/secure.gravatar.com\/avatar\/a04fd330bfe3a36a72a0ad4a6d89fca7?s=96&d=mm&r=pg\",\"contentUrl\":\"https:\/\/secure.gravatar.com\/avatar\/a04fd330bfe3a36a72a0ad4a6d89fca7?s=96&d=mm&r=pg\",\"caption\":\"bosniak\"},\"url\":\"https:\/\/sandzakpress.net\/arhiva\/author\/bosniak\/\"}]}<\/script>\n<!-- \/ Yoast SEO Premium plugin. -->","yoast_head_json":{"title":"Demografija: Albanci \u0107e dominirati Balkanom","robots":{"index":"index","follow":"follow","max-snippet":"max-snippet:-1","max-image-preview":"max-image-preview:large","max-video-preview":"max-video-preview:-1"},"canonical":"https:\/\/sandzakpress.net\/arhiva\/demografija-albanci-ce-dominirati-balkanom\/","og_locale":"bs_BA","og_type":"article","og_title":"Demografija: Albanci \u0107e dominirati Balkanom","og_description":"Balkan \u2013 Do 2020. godine na Kosovu i u Albaniji do\u0107i \u0107e do najve\u0107eg porasta broja stanovnika, dok \u0107e BiH zabilje\u017eiti najmanju stopu prirodnog prira\u0161taja. Demografska slika svijeta, ali i zemalja Balkana, u predstoje\u0107im godinama bit \u0107e mnogo druga\u010dija od one koju danas poznajemo. Tako \u0107e u pojedinim zemljama procent ro\u0111enih biti mnogo ve\u0107i od [&hellip;]","og_url":"https:\/\/sandzakpress.net\/arhiva\/demografija-albanci-ce-dominirati-balkanom\/","og_site_name":"Sand\u017eak PRESS","article_published_time":"2015-10-16T15:33:08+00:00","og_image":[{"width":640,"height":427,"url":"https:\/\/sandzakpress.net\/arhiva\/wp-content\/uploads\/2015\/10\/mali-Albanac.jpg","type":"image\/jpeg"}],"author":"bosniak","twitter_card":"summary_large_image","twitter_misc":{"Written by":"bosniak","Est. reading time":"4 minute"},"schema":{"@context":"https:\/\/schema.org","@graph":[{"@type":"Article","@id":"https:\/\/sandzakpress.net\/arhiva\/demografija-albanci-ce-dominirati-balkanom\/#article","isPartOf":{"@id":"https:\/\/sandzakpress.net\/arhiva\/demografija-albanci-ce-dominirati-balkanom\/"},"author":{"name":"bosniak","@id":"https:\/\/sandzakpress.net\/arhiva\/#\/schema\/person\/c8baee722073534b583ea7bdb2e36c02"},"headline":"Demografija: Albanci \u0107e dominirati Balkanom","datePublished":"2015-10-16T15:33:08+00:00","mainEntityOfPage":{"@id":"https:\/\/sandzakpress.net\/arhiva\/demografija-albanci-ce-dominirati-balkanom\/"},"wordCount":786,"commentCount":7,"publisher":{"@id":"https:\/\/sandzakpress.net\/arhiva\/#\/schema\/person\/6e72b67d6e51910a1117b3b483ba20bd"},"image":{"@id":"https:\/\/sandzakpress.net\/arhiva\/demografija-albanci-ce-dominirati-balkanom\/#primaryimage"},"thumbnailUrl":"https:\/\/sandzakpress.net\/arhiva\/wp-content\/uploads\/2015\/10\/mali-Albanac.jpg","keywords":["Bosna i Hercegovina"],"articleSection":["Bosna PRESS"],"inLanguage":"bs-BA","potentialAction":[{"@type":"CommentAction","name":"Comment","target":["https:\/\/sandzakpress.net\/arhiva\/demografija-albanci-ce-dominirati-balkanom\/#respond"]}]},{"@type":"WebPage","@id":"https:\/\/sandzakpress.net\/arhiva\/demografija-albanci-ce-dominirati-balkanom\/","url":"https:\/\/sandzakpress.net\/arhiva\/demografija-albanci-ce-dominirati-balkanom\/","name":"Demografija: Albanci \u0107e dominirati Balkanom","isPartOf":{"@id":"https:\/\/sandzakpress.net\/arhiva\/#website"},"primaryImageOfPage":{"@id":"https:\/\/sandzakpress.net\/arhiva\/demografija-albanci-ce-dominirati-balkanom\/#primaryimage"},"image":{"@id":"https:\/\/sandzakpress.net\/arhiva\/demografija-albanci-ce-dominirati-balkanom\/#primaryimage"},"thumbnailUrl":"https:\/\/sandzakpress.net\/arhiva\/wp-content\/uploads\/2015\/10\/mali-Albanac.jpg","datePublished":"2015-10-16T15:33:08+00:00","breadcrumb":{"@id":"https:\/\/sandzakpress.net\/arhiva\/demografija-albanci-ce-dominirati-balkanom\/#breadcrumb"},"inLanguage":"bs-BA","potentialAction":[{"@type":"ReadAction","target":["https:\/\/sandzakpress.net\/arhiva\/demografija-albanci-ce-dominirati-balkanom\/"]}]},{"@type":"ImageObject","inLanguage":"bs-BA","@id":"https:\/\/sandzakpress.net\/arhiva\/demografija-albanci-ce-dominirati-balkanom\/#primaryimage","url":"https:\/\/sandzakpress.net\/arhiva\/wp-content\/uploads\/2015\/10\/mali-Albanac.jpg","contentUrl":"https:\/\/sandzakpress.net\/arhiva\/wp-content\/uploads\/2015\/10\/mali-Albanac.jpg","width":640,"height":427},{"@type":"BreadcrumbList","@id":"https:\/\/sandzakpress.net\/arhiva\/demografija-albanci-ce-dominirati-balkanom\/#breadcrumb","itemListElement":[{"@type":"ListItem","position":1,"name":"Home","item":"https:\/\/sandzakpress.net\/arhiva\/"},{"@type":"ListItem","position":2,"name":"Demografija: Albanci \u0107e dominirati Balkanom"}]},{"@type":"WebSite","@id":"https:\/\/sandzakpress.net\/arhiva\/#website","url":"https:\/\/sandzakpress.net\/arhiva\/","name":"Sand\u017eak PRESS","description":"Prve elektronske novine u Sand\u017eaku","publisher":{"@id":"https:\/\/sandzakpress.net\/arhiva\/#\/schema\/person\/6e72b67d6e51910a1117b3b483ba20bd"},"potentialAction":[{"@type":"SearchAction","target":{"@type":"EntryPoint","urlTemplate":"https:\/\/sandzakpress.net\/arhiva\/?s={search_term_string}"},"query-input":{"@type":"PropertyValueSpecification","valueRequired":true,"valueName":"search_term_string"}}],"inLanguage":"bs-BA"},{"@type":["Person","Organization"],"@id":"https:\/\/sandzakpress.net\/arhiva\/#\/schema\/person\/6e72b67d6e51910a1117b3b483ba20bd","name":"Kul","image":{"@type":"ImageObject","inLanguage":"bs-BA","@id":"https:\/\/sandzakpress.net\/arhiva\/#\/schema\/person\/image\/","url":"https:\/\/secure.gravatar.com\/avatar\/42263f39aa27ac04c43cab85c280eb2e?s=96&d=mm&r=pg","contentUrl":"https:\/\/secure.gravatar.com\/avatar\/42263f39aa27ac04c43cab85c280eb2e?s=96&d=mm&r=pg","caption":"Kul"},"logo":{"@id":"https:\/\/sandzakpress.net\/arhiva\/#\/schema\/person\/image\/"}},{"@type":"Person","@id":"https:\/\/sandzakpress.net\/arhiva\/#\/schema\/person\/c8baee722073534b583ea7bdb2e36c02","name":"bosniak","image":{"@type":"ImageObject","inLanguage":"bs-BA","@id":"https:\/\/sandzakpress.net\/arhiva\/#\/schema\/person\/image\/","url":"https:\/\/secure.gravatar.com\/avatar\/a04fd330bfe3a36a72a0ad4a6d89fca7?s=96&d=mm&r=pg","contentUrl":"https:\/\/secure.gravatar.com\/avatar\/a04fd330bfe3a36a72a0ad4a6d89fca7?s=96&d=mm&r=pg","caption":"bosniak"},"url":"https:\/\/sandzakpress.net\/arhiva\/author\/bosniak\/"}]}},"_links":{"self":[{"href":"https:\/\/sandzakpress.net\/arhiva\/wp-json\/wp\/v2\/posts\/141333"}],"collection":[{"href":"https:\/\/sandzakpress.net\/arhiva\/wp-json\/wp\/v2\/posts"}],"about":[{"href":"https:\/\/sandzakpress.net\/arhiva\/wp-json\/wp\/v2\/types\/post"}],"author":[{"embeddable":true,"href":"https:\/\/sandzakpress.net\/arhiva\/wp-json\/wp\/v2\/users\/83"}],"replies":[{"embeddable":true,"href":"https:\/\/sandzakpress.net\/arhiva\/wp-json\/wp\/v2\/comments?post=141333"}],"version-history":[{"count":0,"href":"https:\/\/sandzakpress.net\/arhiva\/wp-json\/wp\/v2\/posts\/141333\/revisions"}],"wp:featuredmedia":[{"embeddable":true,"href":"https:\/\/sandzakpress.net\/arhiva\/wp-json\/wp\/v2\/media\/141334"}],"wp:attachment":[{"href":"https:\/\/sandzakpress.net\/arhiva\/wp-json\/wp\/v2\/media?parent=141333"}],"wp:term":[{"taxonomy":"category","embeddable":true,"href":"https:\/\/sandzakpress.net\/arhiva\/wp-json\/wp\/v2\/categories?post=141333"},{"taxonomy":"post_tag","embeddable":true,"href":"https:\/\/sandzakpress.net\/arhiva\/wp-json\/wp\/v2\/tags?post=141333"}],"curies":[{"name":"wp","href":"https:\/\/api.w.org\/{rel}","templated":true}]}}