{"id":140987,"date":"2015-10-14T11:31:20","date_gmt":"2015-10-14T09:31:20","guid":{"rendered":"https:\/\/sandzakpress.net\/arhiva\/?p=140987"},"modified":"2015-10-14T14:13:12","modified_gmt":"2015-10-14T12:13:12","slug":"djevojcica-iz-dijaspore-svojom-pjesmom-dirnula-cijeli-sandzak-pogledajte","status":"publish","type":"post","link":"https:\/\/sandzakpress.net\/arhiva\/djevojcica-iz-dijaspore-svojom-pjesmom-dirnula-cijeli-sandzak-pogledajte\/","title":{"rendered":"Djevoj\u010dica iz dijaspore svojom pjesmom dirnula cijeli Sand\u017eak &#8211; POGLEDAJTE"},"content":{"rendered":"<div class=\"youtube-embed\" data-video_id=\"MGqKh88GINg\"><iframe loading=\"lazy\" title=\"Djevoj\u010dica iz dijaspore pjeva o svom rodnom kraju - Dirljiva pjesma\" width=\"696\" height=\"522\" src=\"https:\/\/www.youtube.com\/embed\/MGqKh88GINg?feature=oembed&#038;enablejsapi=1\" frameborder=\"0\" allow=\"accelerometer; autoplay; encrypted-media; gyroscope; picture-in-picture\" allowfullscreen><\/iframe><\/div>\n<p><strong>Njema\u010dka &#8211; Snimak za sada nepoznate djevoj\u010dice iz Njema\u010dke koja pjeva pjesmu o svojoj \u010de\u017enji za rodnim Tutinom, za sestrama Elidom i Ernom, je dirnu svakog Sand\u017eakliju koji osje\u0107a patriotizam u svom srcu.<\/strong><\/p>\n<p>Pjesma sadr\u017ei elemente tragedije koja je zadesila Bo\u0161njake u dijaspori, gdje su im djeca izlo\u017eena asimilaciji i te\u0161kom zapadnja\u010dkom \u017eivotu sa manje\u00a0ljubavi, dru\u0161tva, porodice, domovine i slobode, kavog ima u Sand\u017eaku.<\/p>\n<p>Ako je ova djevo\u010dica sudbine da \u017eivi onako kako je opisala, onda \u0107e njen glas makar uticati na sve one koji ne biraju sredstva da napuste Sand\u017eak i presele se na Zapad.<\/p>\n<p>Svaka ti \u010dast na pjesmi, ti si na\u0161 heroj i ti si na\u0161e zlato.<\/p>\n","protected":false},"excerpt":{"rendered":"<p>Njema\u010dka &#8211; Snimak za sada nepoznate djevoj\u010dice iz Njema\u010dke koja pjeva pjesmu o svojoj \u010de\u017enji za rodnim Tutinom, za sestrama Elidom i Ernom, je dirnu svakog Sand\u017eakliju koji osje\u0107a patriotizam u svom srcu. Pjesma sadr\u017ei elemente tragedije koja je zadesila Bo\u0161njake u dijaspori, gdje su im djeca izlo\u017eena asimilaciji i te\u0161kom zapadnja\u010dkom \u017eivotu sa manje\u00a0ljubavi, [&hellip;]<\/p>\n","protected":false},"author":83,"featured_media":140988,"comment_status":"open","ping_status":"open","sticky":false,"template":"","format":"standard","meta":{"footnotes":""},"categories":[398,800,3012,9538,72,397,10177,9539,52,10174,10178,327,9550,9544,392,396,9543,393,395,10175,399,394,10176,10173,9548,9545,9549,10310,10309,8957,2692],"tags":[],"class_list":{"0":"post-140987","1":"post","2":"type-post","3":"status-publish","4":"format-standard","5":"has-post-thumbnail","7":"category-rozaje","8":"category-nacija","9":"category-amerika-gradovi","10":"category-njemacka-dijaspora-gradovi-vase-vijesti","11":"category-novi-pazar","12":"category-berane","13":"category-kanada-vase-vijesti","14":"category-austrija-dijaspora-gradovi-vase-vijesti","15":"category-sjenica","16":"category-petnjica-vase-vijesti","17":"category-australija-vase-vijesti","18":"category-tutin","19":"category-francuska-dijaspora-gradovi-vase-vijesti","20":"category-svicarska-dijaspora-gradovi-vase-vijesti","21":"category-prijepolje_","22":"category-bijelo_polje","23":"category-svedska-dijaspora-gradovi-vase-vijesti","24":"category-priboj","25":"category-pljevlja_","26":"category-danska-dijaspora-gradovi-vase-vijesti","27":"category-plav_","28":"category-nova-varos","29":"category-norveska-dijaspora-gradovi-vase-vijesti","30":"category-gusinje-vase-vijesti","31":"category-belgija-dijaspora-gradovi-vase-vijesti","32":"category-holandija-dijaspora-gradovi-vase-vijesti","33":"category-luxemburg","34":"category-velika-britanija","35":"category-italija","36":"category-vijesti-dana","37":"category-turska-gradovi"},"yoast_head":"<!-- This site is optimized with the Yoast SEO Premium plugin v23.1 (Yoast SEO v24.9) - https:\/\/yoast.com\/wordpress\/plugins\/seo\/ -->\n<title>Djevoj\u010dica iz dijaspore svojom pjesmom dirnula cijeli Sand\u017eak - POGLEDAJTE<\/title>\n<meta name=\"robots\" content=\"index, follow, max-snippet:-1, max-image-preview:large, max-video-preview:-1\" \/>\n<link rel=\"canonical\" href=\"https:\/\/sandzakpress.net\/arhiva\/djevojcica-iz-dijaspore-svojom-pjesmom-dirnula-cijeli-sandzak-pogledajte\/\" \/>\n<meta property=\"og:locale\" content=\"bs_BA\" \/>\n<meta property=\"og:type\" content=\"article\" \/>\n<meta property=\"og:title\" content=\"Djevoj\u010dica iz dijaspore svojom pjesmom dirnula cijeli Sand\u017eak - POGLEDAJTE\" \/>\n<meta property=\"og:description\" content=\"Njema\u010dka &#8211; Snimak za sada nepoznate djevoj\u010dice iz Njema\u010dke koja pjeva pjesmu o svojoj \u010de\u017enji za rodnim Tutinom, za sestrama Elidom i Ernom, je dirnu svakog Sand\u017eakliju koji osje\u0107a patriotizam u svom srcu. Pjesma sadr\u017ei elemente tragedije koja je zadesila Bo\u0161njake u dijaspori, gdje su im djeca izlo\u017eena asimilaciji i te\u0161kom zapadnja\u010dkom \u017eivotu sa manje\u00a0ljubavi, [&hellip;]\" \/>\n<meta property=\"og:url\" content=\"https:\/\/sandzakpress.net\/arhiva\/djevojcica-iz-dijaspore-svojom-pjesmom-dirnula-cijeli-sandzak-pogledajte\/\" \/>\n<meta property=\"og:site_name\" content=\"Sand\u017eak PRESS\" \/>\n<meta property=\"article:published_time\" content=\"2015-10-14T09:31:20+00:00\" \/>\n<meta property=\"article:modified_time\" content=\"2015-10-14T12:13:12+00:00\" \/>\n<meta property=\"og:image\" content=\"https:\/\/sandzakpress.net\/arhiva\/wp-content\/uploads\/2015\/10\/021.jpg\" \/>\n\t<meta property=\"og:image:width\" content=\"480\" \/>\n\t<meta property=\"og:image:height\" content=\"360\" \/>\n\t<meta property=\"og:image:type\" content=\"image\/jpeg\" \/>\n<meta name=\"author\" content=\"bosniak\" \/>\n<meta name=\"twitter:card\" content=\"summary_large_image\" \/>\n<meta name=\"twitter:label1\" content=\"Written by\" \/>\n\t<meta name=\"twitter:data1\" content=\"bosniak\" \/>\n\t<meta name=\"twitter:label2\" content=\"Est. reading time\" \/>\n\t<meta name=\"twitter:data2\" content=\"1 minuta\" \/>\n<script type=\"application\/ld+json\" class=\"yoast-schema-graph\">{\"@context\":\"https:\/\/schema.org\",\"@graph\":[{\"@type\":\"Article\",\"@id\":\"https:\/\/sandzakpress.net\/arhiva\/djevojcica-iz-dijaspore-svojom-pjesmom-dirnula-cijeli-sandzak-pogledajte\/#article\",\"isPartOf\":{\"@id\":\"https:\/\/sandzakpress.net\/arhiva\/djevojcica-iz-dijaspore-svojom-pjesmom-dirnula-cijeli-sandzak-pogledajte\/\"},\"author\":{\"name\":\"bosniak\",\"@id\":\"https:\/\/sandzakpress.net\/arhiva\/#\/schema\/person\/c8baee722073534b583ea7bdb2e36c02\"},\"headline\":\"Djevoj\u010dica iz dijaspore svojom pjesmom dirnula cijeli Sand\u017eak &#8211; POGLEDAJTE\",\"datePublished\":\"2015-10-14T09:31:20+00:00\",\"dateModified\":\"2015-10-14T12:13:12+00:00\",\"mainEntityOfPage\":{\"@id\":\"https:\/\/sandzakpress.net\/arhiva\/djevojcica-iz-dijaspore-svojom-pjesmom-dirnula-cijeli-sandzak-pogledajte\/\"},\"wordCount\":147,\"commentCount\":43,\"publisher\":{\"@id\":\"https:\/\/sandzakpress.net\/arhiva\/#\/schema\/person\/6e72b67d6e51910a1117b3b483ba20bd\"},\"image\":{\"@id\":\"https:\/\/sandzakpress.net\/arhiva\/djevojcica-iz-dijaspore-svojom-pjesmom-dirnula-cijeli-sandzak-pogledajte\/#primaryimage\"},\"thumbnailUrl\":\"https:\/\/sandzakpress.net\/arhiva\/wp-content\/uploads\/2015\/10\/021.jpg\",\"articleSection\":[\"Ro\u017eaje\",\"Nacija\",\"Amerika\",\"Njema\u010dka\",\"Novi Pazar\",\"Berane\",\"Kanada\",\"Austrija\",\"Sjenica\",\"Petnjica\",\"Australija\",\"Tutin\",\"Francuska\",\"\u0160vicarska\",\"Prijepolje\",\"Bijelo Polje\",\"\u0160vedska\",\"Priboj\",\"Pljevlja\",\"Danska\",\"Plav\",\"Nova Varo\u0161\",\"Norve\u0161ka\",\"Gusinje\",\"Belgija\",\"Holandija\",\"Luksemburg\",\"Velika Britanija\",\"Italija\",\"VIJESTI DANA\",\"Turska\"],\"inLanguage\":\"bs-BA\",\"potentialAction\":[{\"@type\":\"CommentAction\",\"name\":\"Comment\",\"target\":[\"https:\/\/sandzakpress.net\/arhiva\/djevojcica-iz-dijaspore-svojom-pjesmom-dirnula-cijeli-sandzak-pogledajte\/#respond\"]}]},{\"@type\":\"WebPage\",\"@id\":\"https:\/\/sandzakpress.net\/arhiva\/djevojcica-iz-dijaspore-svojom-pjesmom-dirnula-cijeli-sandzak-pogledajte\/\",\"url\":\"https:\/\/sandzakpress.net\/arhiva\/djevojcica-iz-dijaspore-svojom-pjesmom-dirnula-cijeli-sandzak-pogledajte\/\",\"name\":\"Djevoj\u010dica iz dijaspore svojom pjesmom dirnula cijeli Sand\u017eak - POGLEDAJTE\",\"isPartOf\":{\"@id\":\"https:\/\/sandzakpress.net\/arhiva\/#website\"},\"primaryImageOfPage\":{\"@id\":\"https:\/\/sandzakpress.net\/arhiva\/djevojcica-iz-dijaspore-svojom-pjesmom-dirnula-cijeli-sandzak-pogledajte\/#primaryimage\"},\"image\":{\"@id\":\"https:\/\/sandzakpress.net\/arhiva\/djevojcica-iz-dijaspore-svojom-pjesmom-dirnula-cijeli-sandzak-pogledajte\/#primaryimage\"},\"thumbnailUrl\":\"https:\/\/sandzakpress.net\/arhiva\/wp-content\/uploads\/2015\/10\/021.jpg\",\"datePublished\":\"2015-10-14T09:31:20+00:00\",\"dateModified\":\"2015-10-14T12:13:12+00:00\",\"breadcrumb\":{\"@id\":\"https:\/\/sandzakpress.net\/arhiva\/djevojcica-iz-dijaspore-svojom-pjesmom-dirnula-cijeli-sandzak-pogledajte\/#breadcrumb\"},\"inLanguage\":\"bs-BA\",\"potentialAction\":[{\"@type\":\"ReadAction\",\"target\":[\"https:\/\/sandzakpress.net\/arhiva\/djevojcica-iz-dijaspore-svojom-pjesmom-dirnula-cijeli-sandzak-pogledajte\/\"]}]},{\"@type\":\"ImageObject\",\"inLanguage\":\"bs-BA\",\"@id\":\"https:\/\/sandzakpress.net\/arhiva\/djevojcica-iz-dijaspore-svojom-pjesmom-dirnula-cijeli-sandzak-pogledajte\/#primaryimage\",\"url\":\"https:\/\/sandzakpress.net\/arhiva\/wp-content\/uploads\/2015\/10\/021.jpg\",\"contentUrl\":\"https:\/\/sandzakpress.net\/arhiva\/wp-content\/uploads\/2015\/10\/021.jpg\",\"width\":480,\"height\":360},{\"@type\":\"BreadcrumbList\",\"@id\":\"https:\/\/sandzakpress.net\/arhiva\/djevojcica-iz-dijaspore-svojom-pjesmom-dirnula-cijeli-sandzak-pogledajte\/#breadcrumb\",\"itemListElement\":[{\"@type\":\"ListItem\",\"position\":1,\"name\":\"Home\",\"item\":\"https:\/\/sandzakpress.net\/arhiva\/\"},{\"@type\":\"ListItem\",\"position\":2,\"name\":\"Djevoj\u010dica iz dijaspore svojom pjesmom dirnula cijeli Sand\u017eak &#8211; POGLEDAJTE\"}]},{\"@type\":\"WebSite\",\"@id\":\"https:\/\/sandzakpress.net\/arhiva\/#website\",\"url\":\"https:\/\/sandzakpress.net\/arhiva\/\",\"name\":\"Sand\u017eak PRESS\",\"description\":\"Prve elektronske novine u Sand\u017eaku\",\"publisher\":{\"@id\":\"https:\/\/sandzakpress.net\/arhiva\/#\/schema\/person\/6e72b67d6e51910a1117b3b483ba20bd\"},\"potentialAction\":[{\"@type\":\"SearchAction\",\"target\":{\"@type\":\"EntryPoint\",\"urlTemplate\":\"https:\/\/sandzakpress.net\/arhiva\/?s={search_term_string}\"},\"query-input\":{\"@type\":\"PropertyValueSpecification\",\"valueRequired\":true,\"valueName\":\"search_term_string\"}}],\"inLanguage\":\"bs-BA\"},{\"@type\":[\"Person\",\"Organization\"],\"@id\":\"https:\/\/sandzakpress.net\/arhiva\/#\/schema\/person\/6e72b67d6e51910a1117b3b483ba20bd\",\"name\":\"Kul\",\"image\":{\"@type\":\"ImageObject\",\"inLanguage\":\"bs-BA\",\"@id\":\"https:\/\/sandzakpress.net\/arhiva\/#\/schema\/person\/image\/\",\"url\":\"https:\/\/secure.gravatar.com\/avatar\/42263f39aa27ac04c43cab85c280eb2e?s=96&d=mm&r=pg\",\"contentUrl\":\"https:\/\/secure.gravatar.com\/avatar\/42263f39aa27ac04c43cab85c280eb2e?s=96&d=mm&r=pg\",\"caption\":\"Kul\"},\"logo\":{\"@id\":\"https:\/\/sandzakpress.net\/arhiva\/#\/schema\/person\/image\/\"}},{\"@type\":\"Person\",\"@id\":\"https:\/\/sandzakpress.net\/arhiva\/#\/schema\/person\/c8baee722073534b583ea7bdb2e36c02\",\"name\":\"bosniak\",\"image\":{\"@type\":\"ImageObject\",\"inLanguage\":\"bs-BA\",\"@id\":\"https:\/\/sandzakpress.net\/arhiva\/#\/schema\/person\/image\/\",\"url\":\"https:\/\/secure.gravatar.com\/avatar\/a04fd330bfe3a36a72a0ad4a6d89fca7?s=96&d=mm&r=pg\",\"contentUrl\":\"https:\/\/secure.gravatar.com\/avatar\/a04fd330bfe3a36a72a0ad4a6d89fca7?s=96&d=mm&r=pg\",\"caption\":\"bosniak\"},\"url\":\"https:\/\/sandzakpress.net\/arhiva\/author\/bosniak\/\"}]}<\/script>\n<!-- \/ Yoast SEO Premium plugin. -->","yoast_head_json":{"title":"Djevoj\u010dica iz dijaspore svojom pjesmom dirnula cijeli Sand\u017eak - POGLEDAJTE","robots":{"index":"index","follow":"follow","max-snippet":"max-snippet:-1","max-image-preview":"max-image-preview:large","max-video-preview":"max-video-preview:-1"},"canonical":"https:\/\/sandzakpress.net\/arhiva\/djevojcica-iz-dijaspore-svojom-pjesmom-dirnula-cijeli-sandzak-pogledajte\/","og_locale":"bs_BA","og_type":"article","og_title":"Djevoj\u010dica iz dijaspore svojom pjesmom dirnula cijeli Sand\u017eak - POGLEDAJTE","og_description":"Njema\u010dka &#8211; Snimak za sada nepoznate djevoj\u010dice iz Njema\u010dke koja pjeva pjesmu o svojoj \u010de\u017enji za rodnim Tutinom, za sestrama Elidom i Ernom, je dirnu svakog Sand\u017eakliju koji osje\u0107a patriotizam u svom srcu. Pjesma sadr\u017ei elemente tragedije koja je zadesila Bo\u0161njake u dijaspori, gdje su im djeca izlo\u017eena asimilaciji i te\u0161kom zapadnja\u010dkom \u017eivotu sa manje\u00a0ljubavi, [&hellip;]","og_url":"https:\/\/sandzakpress.net\/arhiva\/djevojcica-iz-dijaspore-svojom-pjesmom-dirnula-cijeli-sandzak-pogledajte\/","og_site_name":"Sand\u017eak PRESS","article_published_time":"2015-10-14T09:31:20+00:00","article_modified_time":"2015-10-14T12:13:12+00:00","og_image":[{"width":480,"height":360,"url":"https:\/\/sandzakpress.net\/arhiva\/wp-content\/uploads\/2015\/10\/021.jpg","type":"image\/jpeg"}],"author":"bosniak","twitter_card":"summary_large_image","twitter_misc":{"Written by":"bosniak","Est. reading time":"1 minuta"},"schema":{"@context":"https:\/\/schema.org","@graph":[{"@type":"Article","@id":"https:\/\/sandzakpress.net\/arhiva\/djevojcica-iz-dijaspore-svojom-pjesmom-dirnula-cijeli-sandzak-pogledajte\/#article","isPartOf":{"@id":"https:\/\/sandzakpress.net\/arhiva\/djevojcica-iz-dijaspore-svojom-pjesmom-dirnula-cijeli-sandzak-pogledajte\/"},"author":{"name":"bosniak","@id":"https:\/\/sandzakpress.net\/arhiva\/#\/schema\/person\/c8baee722073534b583ea7bdb2e36c02"},"headline":"Djevoj\u010dica iz dijaspore svojom pjesmom dirnula cijeli Sand\u017eak &#8211; POGLEDAJTE","datePublished":"2015-10-14T09:31:20+00:00","dateModified":"2015-10-14T12:13:12+00:00","mainEntityOfPage":{"@id":"https:\/\/sandzakpress.net\/arhiva\/djevojcica-iz-dijaspore-svojom-pjesmom-dirnula-cijeli-sandzak-pogledajte\/"},"wordCount":147,"commentCount":43,"publisher":{"@id":"https:\/\/sandzakpress.net\/arhiva\/#\/schema\/person\/6e72b67d6e51910a1117b3b483ba20bd"},"image":{"@id":"https:\/\/sandzakpress.net\/arhiva\/djevojcica-iz-dijaspore-svojom-pjesmom-dirnula-cijeli-sandzak-pogledajte\/#primaryimage"},"thumbnailUrl":"https:\/\/sandzakpress.net\/arhiva\/wp-content\/uploads\/2015\/10\/021.jpg","articleSection":["Ro\u017eaje","Nacija","Amerika","Njema\u010dka","Novi Pazar","Berane","Kanada","Austrija","Sjenica","Petnjica","Australija","Tutin","Francuska","\u0160vicarska","Prijepolje","Bijelo Polje","\u0160vedska","Priboj","Pljevlja","Danska","Plav","Nova Varo\u0161","Norve\u0161ka","Gusinje","Belgija","Holandija","Luksemburg","Velika Britanija","Italija","VIJESTI DANA","Turska"],"inLanguage":"bs-BA","potentialAction":[{"@type":"CommentAction","name":"Comment","target":["https:\/\/sandzakpress.net\/arhiva\/djevojcica-iz-dijaspore-svojom-pjesmom-dirnula-cijeli-sandzak-pogledajte\/#respond"]}]},{"@type":"WebPage","@id":"https:\/\/sandzakpress.net\/arhiva\/djevojcica-iz-dijaspore-svojom-pjesmom-dirnula-cijeli-sandzak-pogledajte\/","url":"https:\/\/sandzakpress.net\/arhiva\/djevojcica-iz-dijaspore-svojom-pjesmom-dirnula-cijeli-sandzak-pogledajte\/","name":"Djevoj\u010dica iz dijaspore svojom pjesmom dirnula cijeli Sand\u017eak - POGLEDAJTE","isPartOf":{"@id":"https:\/\/sandzakpress.net\/arhiva\/#website"},"primaryImageOfPage":{"@id":"https:\/\/sandzakpress.net\/arhiva\/djevojcica-iz-dijaspore-svojom-pjesmom-dirnula-cijeli-sandzak-pogledajte\/#primaryimage"},"image":{"@id":"https:\/\/sandzakpress.net\/arhiva\/djevojcica-iz-dijaspore-svojom-pjesmom-dirnula-cijeli-sandzak-pogledajte\/#primaryimage"},"thumbnailUrl":"https:\/\/sandzakpress.net\/arhiva\/wp-content\/uploads\/2015\/10\/021.jpg","datePublished":"2015-10-14T09:31:20+00:00","dateModified":"2015-10-14T12:13:12+00:00","breadcrumb":{"@id":"https:\/\/sandzakpress.net\/arhiva\/djevojcica-iz-dijaspore-svojom-pjesmom-dirnula-cijeli-sandzak-pogledajte\/#breadcrumb"},"inLanguage":"bs-BA","potentialAction":[{"@type":"ReadAction","target":["https:\/\/sandzakpress.net\/arhiva\/djevojcica-iz-dijaspore-svojom-pjesmom-dirnula-cijeli-sandzak-pogledajte\/"]}]},{"@type":"ImageObject","inLanguage":"bs-BA","@id":"https:\/\/sandzakpress.net\/arhiva\/djevojcica-iz-dijaspore-svojom-pjesmom-dirnula-cijeli-sandzak-pogledajte\/#primaryimage","url":"https:\/\/sandzakpress.net\/arhiva\/wp-content\/uploads\/2015\/10\/021.jpg","contentUrl":"https:\/\/sandzakpress.net\/arhiva\/wp-content\/uploads\/2015\/10\/021.jpg","width":480,"height":360},{"@type":"BreadcrumbList","@id":"https:\/\/sandzakpress.net\/arhiva\/djevojcica-iz-dijaspore-svojom-pjesmom-dirnula-cijeli-sandzak-pogledajte\/#breadcrumb","itemListElement":[{"@type":"ListItem","position":1,"name":"Home","item":"https:\/\/sandzakpress.net\/arhiva\/"},{"@type":"ListItem","position":2,"name":"Djevoj\u010dica iz dijaspore svojom pjesmom dirnula cijeli Sand\u017eak &#8211; POGLEDAJTE"}]},{"@type":"WebSite","@id":"https:\/\/sandzakpress.net\/arhiva\/#website","url":"https:\/\/sandzakpress.net\/arhiva\/","name":"Sand\u017eak PRESS","description":"Prve elektronske novine u Sand\u017eaku","publisher":{"@id":"https:\/\/sandzakpress.net\/arhiva\/#\/schema\/person\/6e72b67d6e51910a1117b3b483ba20bd"},"potentialAction":[{"@type":"SearchAction","target":{"@type":"EntryPoint","urlTemplate":"https:\/\/sandzakpress.net\/arhiva\/?s={search_term_string}"},"query-input":{"@type":"PropertyValueSpecification","valueRequired":true,"valueName":"search_term_string"}}],"inLanguage":"bs-BA"},{"@type":["Person","Organization"],"@id":"https:\/\/sandzakpress.net\/arhiva\/#\/schema\/person\/6e72b67d6e51910a1117b3b483ba20bd","name":"Kul","image":{"@type":"ImageObject","inLanguage":"bs-BA","@id":"https:\/\/sandzakpress.net\/arhiva\/#\/schema\/person\/image\/","url":"https:\/\/secure.gravatar.com\/avatar\/42263f39aa27ac04c43cab85c280eb2e?s=96&d=mm&r=pg","contentUrl":"https:\/\/secure.gravatar.com\/avatar\/42263f39aa27ac04c43cab85c280eb2e?s=96&d=mm&r=pg","caption":"Kul"},"logo":{"@id":"https:\/\/sandzakpress.net\/arhiva\/#\/schema\/person\/image\/"}},{"@type":"Person","@id":"https:\/\/sandzakpress.net\/arhiva\/#\/schema\/person\/c8baee722073534b583ea7bdb2e36c02","name":"bosniak","image":{"@type":"ImageObject","inLanguage":"bs-BA","@id":"https:\/\/sandzakpress.net\/arhiva\/#\/schema\/person\/image\/","url":"https:\/\/secure.gravatar.com\/avatar\/a04fd330bfe3a36a72a0ad4a6d89fca7?s=96&d=mm&r=pg","contentUrl":"https:\/\/secure.gravatar.com\/avatar\/a04fd330bfe3a36a72a0ad4a6d89fca7?s=96&d=mm&r=pg","caption":"bosniak"},"url":"https:\/\/sandzakpress.net\/arhiva\/author\/bosniak\/"}]}},"_links":{"self":[{"href":"https:\/\/sandzakpress.net\/arhiva\/wp-json\/wp\/v2\/posts\/140987"}],"collection":[{"href":"https:\/\/sandzakpress.net\/arhiva\/wp-json\/wp\/v2\/posts"}],"about":[{"href":"https:\/\/sandzakpress.net\/arhiva\/wp-json\/wp\/v2\/types\/post"}],"author":[{"embeddable":true,"href":"https:\/\/sandzakpress.net\/arhiva\/wp-json\/wp\/v2\/users\/83"}],"replies":[{"embeddable":true,"href":"https:\/\/sandzakpress.net\/arhiva\/wp-json\/wp\/v2\/comments?post=140987"}],"version-history":[{"count":0,"href":"https:\/\/sandzakpress.net\/arhiva\/wp-json\/wp\/v2\/posts\/140987\/revisions"}],"wp:featuredmedia":[{"embeddable":true,"href":"https:\/\/sandzakpress.net\/arhiva\/wp-json\/wp\/v2\/media\/140988"}],"wp:attachment":[{"href":"https:\/\/sandzakpress.net\/arhiva\/wp-json\/wp\/v2\/media?parent=140987"}],"wp:term":[{"taxonomy":"category","embeddable":true,"href":"https:\/\/sandzakpress.net\/arhiva\/wp-json\/wp\/v2\/categories?post=140987"},{"taxonomy":"post_tag","embeddable":true,"href":"https:\/\/sandzakpress.net\/arhiva\/wp-json\/wp\/v2\/tags?post=140987"}],"curies":[{"name":"wp","href":"https:\/\/api.w.org\/{rel}","templated":true}]}}