{"id":14090,"date":"2011-03-21T12:45:04","date_gmt":"2011-03-21T11:45:04","guid":{"rendered":"https:\/\/sandzakpress.net\/arhiva\/?p=14090"},"modified":"2011-03-21T13:19:53","modified_gmt":"2011-03-21T12:19:53","slug":"zaradeno-ali-neisplaceno","status":"publish","type":"post","link":"https:\/\/sandzakpress.net\/arhiva\/zaradeno-ali-neisplaceno\/","title":{"rendered":"Zara\u0111eno, ali neispla\u0107eno"},"content":{"rendered":"<p><a href=\"https:\/\/sandzakpress.net\/arhiva\/wp-content\/uploads\/2011\/03\/vijest-2480-copy.jpg\"><img loading=\"lazy\" decoding=\"async\" class=\"aligncenter size-full wp-image-14092\" title=\"vijest-2480 copy\" src=\"https:\/\/sandzakpress.net\/arhiva\/wp-content\/uploads\/2011\/03\/vijest-2480-copy.jpg\" alt=\"\" width=\"617\" height=\"285\" \/><\/a><\/p>\n<p><strong>&#8220;sand\u017eak&#8221; &#8211; \u201cImao sam iscrpne razgovore sa ministrom Dinki\u0107em i donijeli smo odluku da do kraja januara sa ra\u010duna Ministarstva ekonomije na namjenski ra\u010dun\u00a0 bude upla\u0107eno 120 miliona dinara za isplatu radnika novopazarskog preduze\u0107a \u2018Vojin Popovi\u0107.\u2019\u201c \u2013 ovo je 16. 12. 2010. godine\u00a0 u Novom Pazaru izjavio ministar rada i socijalne politike Rasim Ljaji\u0107.<\/strong><\/p>\n<p>Jedno misle, drugo govore, a tre\u0107e rade. Ovo je najkra\u0107i i najbolji opis na\u0161ih politi\u010dara. Vole oni tako dati obe\u0107anja, pri\u010dati pri\u010de, zalagati se za bolji \u017eivot i to samo kada im treba na\u0161 glas! Pristat \u0107e grdan narod na sve, dat \u0107e im glasove samo da bude kako na\u0161i politi\u010dari ka\u017eu. Onog trenutka kada im narod, kao glasa\u010dka ma\u0161ina, vi\u0161e nije nimalo zanimljiv, politi\u010dari zaboravljaju i \u0161ta su nam rekli i na \u0161ta su se zaklinjali, jer li\u010dni interesi su mnogo va\u017eniji od interesa i boljitka naroda. Fotelja je mnogo udobna i ne bi je na\u0161i politi\u010dari dali ni za \u0161ta na svijetu. Najupe\u010datljivija obe\u0107anja su ona vezana za smanjenje broja nezaposlenih, za pokretanje zamrle privrede, za boljitak&#8230; Ta obe\u0107anja poslije i najvi\u0161e bole, jer se broj nezaposlenih ne smanjuje. Naprotiv, pove\u0107ava se, uni\u0161tava se i ono \u0161to se jo\u0161 mo\u017ee uni\u0161titi u privredi, a boljitka nema ni na pomolu.<\/p>\n<p>U aprilu pro\u0161le godine, uz velike pompe, najavljena je i prodaja TK \u201eRa\u0161ka\u201c. Re\u010deno je: \u201eObjavljen je javni poziv za prodaju imovinskih cjelina Tekstilnog kombinata \u2018Ra\u0161ka\u2019. Prve licitacije bit \u0107e obavljene 31. maja. Uvjet je da se jave strate\u0161ki partneri koji \u0107e organizirati proizvodnju i zaposliti minimalan broj ljudi.\u201c U\u0161pravo to je u Novom Pazaru prije skoro godinu dana izjavio potpredsjednik Vlade i ministar ekonomije i regionalnog razvoja Mla\u0111an Dinki\u0107. Dinki\u0107 je napomenuo da nije bitno \u0161ta \u0107e ti partneri proizvoditi, ve\u0107 da se proizvodnja organizira kako bi se zaposlili radnici i obezbjedilo tr\u017ei\u0161te. TK \u201eRa\u0161ka\u201c i dalje propada, ne \u010duje se zvuk ma\u0161ina&#8230; Na istim su samo pra\u0161ina i pau\u010dina. \u201eUkoliko se ne otvore novi pogoni i radna mjesta, Sand\u017eaku prijeti masovno iseljavanje mladih zbog nezaposlenosti, jer je u Novom Pazaru 40% mladih do 28 godina bez posla.\u201d \u2013 i to je ministar Dinki\u0107 rekao. Obe\u0107avao je Dinki\u0107 mnogo \u0161ta, ali slabe fajde su gra\u0111ani Sand\u017eaka imali od toga.<\/p>\n<p>Zajedno, ruku pod ruku sa njim, obe\u0107avo je i sand\u017ea\u010dki ministar Rasim Ljaji\u0107. Posebno se, samo po sebi, nametnulo dato obe\u0107anje radnicima nekada\u0161njeg novopazarskog giganta HK \u201cVojin Popovi\u0107\u201d. \u0160esnaestog decembra pro\u0161le godine, ministar Ljaji\u0107 je obe\u0107ao isplatu socijalnog programa za oko 260 radnika koji su radili do posljednjeg dana, odnosno do momenta kada je preduze\u0107e oti\u0161lo u ste\u010daj.<\/p>\n<p>\u201cImali smo vrlo duge razgovore sa ministrom Dinki\u0107em oko rje\u0161avanja problema radnika HK Vojin Popovi\u0107. Sastanku su prisustvovali potencijalni investitori i ulaga\u010di. Dogovorili smo se i obezbjedili sredstva da namirimo sve radnike ve\u0107 krajem\u00a0 januara. Sa ra\u010duna Ministarsva ekonomije na ra\u010dun Ministarstva rada i socijalne politike bit \u0107e preba\u010deno 120 miliona dinara za namirivanje radnika i njihovih potra\u017eivanja. To \u0107e biti jedna forma socijalnog programa za sve radnike koji su radili u \u2018Vojin Popovi\u0107u\u2019, a razgovarali smo sa potencijalnim investitorom koji ima obavezu da ulo\u017ei pet miliona eura u preduze\u0107e. Dr\u017eava \u0107e mu dati podsticajna sredstva za svako otvoreno novo radno mjesto u iznosu od 5.000 evra. I o\u010dekujemo otvaranje izme\u0111u 120 i 150 novih radnih mjesta. Na\u0161a ideja je da ve\u0107 marta mjeseca 2011. imamo potpuno aktivirano preduze\u0107e \u2018Vojin Popovi\u0107\u2019, i klanicu i Ribnjak i ostale proizvodne pogone u okviru nekada\u0161njeg novopazarskog gi- ganta Vojin Popovi\u0107a.\u201d \u2013 rekao je ministar Rasim Ljaji\u0107.<\/p>\n<p>Na \u017ealost, januar je pro\u0161ao, a radnici Vojin Popovi\u0107a nisu dobili ni prebijenu paru. Nadali su se da \u0107e tim novcem mo\u0107i podmiriti, dodu\u0161e sada malo lak\u0161e, sve svoje obaveze.\u00a0 \u017dalos-no je i nadasve neprimjereno davati namu\u010denim radnicima i sve siroma\u0161nijem narodu obe\u0107anja za koja i oni koji ih daju znaju da ne\u0107e biti ispunjena. Politi\u010dari i vrijeme nas stalno ka\u017enjavaju kroz lekcije koje se ponavljaju i koje nikako da nau\u010dimo.<\/p>\n<p>Autor: <strong>D\u017eenita Nicevi\u0107<\/strong><\/p>\n","protected":false},"excerpt":{"rendered":"<p>&#8220;sand\u017eak&#8221; &#8211; \u201cImao sam iscrpne razgovore sa ministrom Dinki\u0107em i donijeli smo odluku da do kraja januara sa ra\u010duna Ministarstva ekonomije na namjenski ra\u010dun\u00a0 bude upla\u0107eno 120 miliona dinara za isplatu radnika novopazarskog preduze\u0107a \u2018Vojin Popovi\u0107.\u2019\u201c \u2013 ovo je 16. 12. 2010. godine\u00a0 u Novom Pazaru izjavio ministar rada i socijalne politike Rasim Ljaji\u0107. Jedno [&hellip;]<\/p>\n","protected":false},"author":83,"featured_media":14092,"comment_status":"open","ping_status":"open","sticky":false,"template":"","format":"standard","meta":{"footnotes":""},"categories":[72],"tags":[],"class_list":{"0":"post-14090","1":"post","2":"type-post","3":"status-publish","4":"format-standard","5":"has-post-thumbnail","7":"category-novi-pazar"},"yoast_head":"<!-- This site is optimized with the Yoast SEO Premium plugin v23.1 (Yoast SEO v24.9) - https:\/\/yoast.com\/wordpress\/plugins\/seo\/ -->\n<title>Zara\u0111eno, ali neispla\u0107eno<\/title>\n<meta name=\"robots\" content=\"index, follow, max-snippet:-1, max-image-preview:large, max-video-preview:-1\" \/>\n<link rel=\"canonical\" href=\"https:\/\/sandzakpress.net\/arhiva\/zaradeno-ali-neisplaceno\/\" \/>\n<meta property=\"og:locale\" content=\"bs_BA\" \/>\n<meta property=\"og:type\" content=\"article\" \/>\n<meta property=\"og:title\" content=\"Zara\u0111eno, ali neispla\u0107eno\" \/>\n<meta property=\"og:description\" content=\"&#8220;sand\u017eak&#8221; &#8211; \u201cImao sam iscrpne razgovore sa ministrom Dinki\u0107em i donijeli smo odluku da do kraja januara sa ra\u010duna Ministarstva ekonomije na namjenski ra\u010dun\u00a0 bude upla\u0107eno 120 miliona dinara za isplatu radnika novopazarskog preduze\u0107a \u2018Vojin Popovi\u0107.\u2019\u201c \u2013 ovo je 16. 12. 2010. godine\u00a0 u Novom Pazaru izjavio ministar rada i socijalne politike Rasim Ljaji\u0107. Jedno [&hellip;]\" \/>\n<meta property=\"og:url\" content=\"https:\/\/sandzakpress.net\/arhiva\/zaradeno-ali-neisplaceno\/\" \/>\n<meta property=\"og:site_name\" content=\"Sand\u017eak PRESS\" \/>\n<meta property=\"article:published_time\" content=\"2011-03-21T11:45:04+00:00\" \/>\n<meta property=\"article:modified_time\" content=\"2011-03-21T12:19:53+00:00\" \/>\n<meta property=\"og:image\" content=\"https:\/\/sandzakpress.net\/arhiva\/wp-content\/uploads\/2011\/03\/vijest-2480-copy.jpg\" \/>\n\t<meta property=\"og:image:width\" content=\"616\" \/>\n\t<meta property=\"og:image:height\" content=\"285\" \/>\n\t<meta property=\"og:image:type\" content=\"image\/jpeg\" \/>\n<meta name=\"author\" content=\"bosniak\" \/>\n<meta name=\"twitter:card\" content=\"summary_large_image\" \/>\n<meta name=\"twitter:label1\" content=\"Written by\" \/>\n\t<meta name=\"twitter:data1\" content=\"bosniak\" \/>\n\t<meta name=\"twitter:label2\" content=\"Est. reading time\" \/>\n\t<meta name=\"twitter:data2\" content=\"4 minute\" \/>\n<script type=\"application\/ld+json\" class=\"yoast-schema-graph\">{\"@context\":\"https:\/\/schema.org\",\"@graph\":[{\"@type\":\"Article\",\"@id\":\"https:\/\/sandzakpress.net\/arhiva\/zaradeno-ali-neisplaceno\/#article\",\"isPartOf\":{\"@id\":\"https:\/\/sandzakpress.net\/arhiva\/zaradeno-ali-neisplaceno\/\"},\"author\":{\"name\":\"bosniak\",\"@id\":\"https:\/\/sandzakpress.net\/arhiva\/#\/schema\/person\/c8baee722073534b583ea7bdb2e36c02\"},\"headline\":\"Zara\u0111eno, ali neispla\u0107eno\",\"datePublished\":\"2011-03-21T11:45:04+00:00\",\"dateModified\":\"2011-03-21T12:19:53+00:00\",\"mainEntityOfPage\":{\"@id\":\"https:\/\/sandzakpress.net\/arhiva\/zaradeno-ali-neisplaceno\/\"},\"wordCount\":728,\"commentCount\":5,\"publisher\":{\"@id\":\"https:\/\/sandzakpress.net\/arhiva\/#\/schema\/person\/6e72b67d6e51910a1117b3b483ba20bd\"},\"image\":{\"@id\":\"https:\/\/sandzakpress.net\/arhiva\/zaradeno-ali-neisplaceno\/#primaryimage\"},\"thumbnailUrl\":\"https:\/\/sandzakpress.net\/arhiva\/wp-content\/uploads\/2011\/03\/vijest-2480-copy.jpg\",\"articleSection\":[\"Novi Pazar\"],\"inLanguage\":\"bs-BA\",\"potentialAction\":[{\"@type\":\"CommentAction\",\"name\":\"Comment\",\"target\":[\"https:\/\/sandzakpress.net\/arhiva\/zaradeno-ali-neisplaceno\/#respond\"]}]},{\"@type\":\"WebPage\",\"@id\":\"https:\/\/sandzakpress.net\/arhiva\/zaradeno-ali-neisplaceno\/\",\"url\":\"https:\/\/sandzakpress.net\/arhiva\/zaradeno-ali-neisplaceno\/\",\"name\":\"Zara\u0111eno, ali neispla\u0107eno\",\"isPartOf\":{\"@id\":\"https:\/\/sandzakpress.net\/arhiva\/#website\"},\"primaryImageOfPage\":{\"@id\":\"https:\/\/sandzakpress.net\/arhiva\/zaradeno-ali-neisplaceno\/#primaryimage\"},\"image\":{\"@id\":\"https:\/\/sandzakpress.net\/arhiva\/zaradeno-ali-neisplaceno\/#primaryimage\"},\"thumbnailUrl\":\"https:\/\/sandzakpress.net\/arhiva\/wp-content\/uploads\/2011\/03\/vijest-2480-copy.jpg\",\"datePublished\":\"2011-03-21T11:45:04+00:00\",\"dateModified\":\"2011-03-21T12:19:53+00:00\",\"breadcrumb\":{\"@id\":\"https:\/\/sandzakpress.net\/arhiva\/zaradeno-ali-neisplaceno\/#breadcrumb\"},\"inLanguage\":\"bs-BA\",\"potentialAction\":[{\"@type\":\"ReadAction\",\"target\":[\"https:\/\/sandzakpress.net\/arhiva\/zaradeno-ali-neisplaceno\/\"]}]},{\"@type\":\"ImageObject\",\"inLanguage\":\"bs-BA\",\"@id\":\"https:\/\/sandzakpress.net\/arhiva\/zaradeno-ali-neisplaceno\/#primaryimage\",\"url\":\"https:\/\/sandzakpress.net\/arhiva\/wp-content\/uploads\/2011\/03\/vijest-2480-copy.jpg\",\"contentUrl\":\"https:\/\/sandzakpress.net\/arhiva\/wp-content\/uploads\/2011\/03\/vijest-2480-copy.jpg\",\"width\":616,\"height\":285},{\"@type\":\"BreadcrumbList\",\"@id\":\"https:\/\/sandzakpress.net\/arhiva\/zaradeno-ali-neisplaceno\/#breadcrumb\",\"itemListElement\":[{\"@type\":\"ListItem\",\"position\":1,\"name\":\"Home\",\"item\":\"https:\/\/sandzakpress.net\/arhiva\/\"},{\"@type\":\"ListItem\",\"position\":2,\"name\":\"Zara\u0111eno, ali neispla\u0107eno\"}]},{\"@type\":\"WebSite\",\"@id\":\"https:\/\/sandzakpress.net\/arhiva\/#website\",\"url\":\"https:\/\/sandzakpress.net\/arhiva\/\",\"name\":\"Sand\u017eak PRESS\",\"description\":\"Prve elektronske novine u Sand\u017eaku\",\"publisher\":{\"@id\":\"https:\/\/sandzakpress.net\/arhiva\/#\/schema\/person\/6e72b67d6e51910a1117b3b483ba20bd\"},\"potentialAction\":[{\"@type\":\"SearchAction\",\"target\":{\"@type\":\"EntryPoint\",\"urlTemplate\":\"https:\/\/sandzakpress.net\/arhiva\/?s={search_term_string}\"},\"query-input\":{\"@type\":\"PropertyValueSpecification\",\"valueRequired\":true,\"valueName\":\"search_term_string\"}}],\"inLanguage\":\"bs-BA\"},{\"@type\":[\"Person\",\"Organization\"],\"@id\":\"https:\/\/sandzakpress.net\/arhiva\/#\/schema\/person\/6e72b67d6e51910a1117b3b483ba20bd\",\"name\":\"Kul\",\"image\":{\"@type\":\"ImageObject\",\"inLanguage\":\"bs-BA\",\"@id\":\"https:\/\/sandzakpress.net\/arhiva\/#\/schema\/person\/image\/\",\"url\":\"https:\/\/secure.gravatar.com\/avatar\/42263f39aa27ac04c43cab85c280eb2e?s=96&d=mm&r=pg\",\"contentUrl\":\"https:\/\/secure.gravatar.com\/avatar\/42263f39aa27ac04c43cab85c280eb2e?s=96&d=mm&r=pg\",\"caption\":\"Kul\"},\"logo\":{\"@id\":\"https:\/\/sandzakpress.net\/arhiva\/#\/schema\/person\/image\/\"}},{\"@type\":\"Person\",\"@id\":\"https:\/\/sandzakpress.net\/arhiva\/#\/schema\/person\/c8baee722073534b583ea7bdb2e36c02\",\"name\":\"bosniak\",\"image\":{\"@type\":\"ImageObject\",\"inLanguage\":\"bs-BA\",\"@id\":\"https:\/\/sandzakpress.net\/arhiva\/#\/schema\/person\/image\/\",\"url\":\"https:\/\/secure.gravatar.com\/avatar\/a04fd330bfe3a36a72a0ad4a6d89fca7?s=96&d=mm&r=pg\",\"contentUrl\":\"https:\/\/secure.gravatar.com\/avatar\/a04fd330bfe3a36a72a0ad4a6d89fca7?s=96&d=mm&r=pg\",\"caption\":\"bosniak\"},\"url\":\"https:\/\/sandzakpress.net\/arhiva\/author\/bosniak\/\"}]}<\/script>\n<!-- \/ Yoast SEO Premium plugin. -->","yoast_head_json":{"title":"Zara\u0111eno, ali neispla\u0107eno","robots":{"index":"index","follow":"follow","max-snippet":"max-snippet:-1","max-image-preview":"max-image-preview:large","max-video-preview":"max-video-preview:-1"},"canonical":"https:\/\/sandzakpress.net\/arhiva\/zaradeno-ali-neisplaceno\/","og_locale":"bs_BA","og_type":"article","og_title":"Zara\u0111eno, ali neispla\u0107eno","og_description":"&#8220;sand\u017eak&#8221; &#8211; \u201cImao sam iscrpne razgovore sa ministrom Dinki\u0107em i donijeli smo odluku da do kraja januara sa ra\u010duna Ministarstva ekonomije na namjenski ra\u010dun\u00a0 bude upla\u0107eno 120 miliona dinara za isplatu radnika novopazarskog preduze\u0107a \u2018Vojin Popovi\u0107.\u2019\u201c \u2013 ovo je 16. 12. 2010. godine\u00a0 u Novom Pazaru izjavio ministar rada i socijalne politike Rasim Ljaji\u0107. Jedno [&hellip;]","og_url":"https:\/\/sandzakpress.net\/arhiva\/zaradeno-ali-neisplaceno\/","og_site_name":"Sand\u017eak PRESS","article_published_time":"2011-03-21T11:45:04+00:00","article_modified_time":"2011-03-21T12:19:53+00:00","og_image":[{"width":616,"height":285,"url":"https:\/\/sandzakpress.net\/arhiva\/wp-content\/uploads\/2011\/03\/vijest-2480-copy.jpg","type":"image\/jpeg"}],"author":"bosniak","twitter_card":"summary_large_image","twitter_misc":{"Written by":"bosniak","Est. reading time":"4 minute"},"schema":{"@context":"https:\/\/schema.org","@graph":[{"@type":"Article","@id":"https:\/\/sandzakpress.net\/arhiva\/zaradeno-ali-neisplaceno\/#article","isPartOf":{"@id":"https:\/\/sandzakpress.net\/arhiva\/zaradeno-ali-neisplaceno\/"},"author":{"name":"bosniak","@id":"https:\/\/sandzakpress.net\/arhiva\/#\/schema\/person\/c8baee722073534b583ea7bdb2e36c02"},"headline":"Zara\u0111eno, ali neispla\u0107eno","datePublished":"2011-03-21T11:45:04+00:00","dateModified":"2011-03-21T12:19:53+00:00","mainEntityOfPage":{"@id":"https:\/\/sandzakpress.net\/arhiva\/zaradeno-ali-neisplaceno\/"},"wordCount":728,"commentCount":5,"publisher":{"@id":"https:\/\/sandzakpress.net\/arhiva\/#\/schema\/person\/6e72b67d6e51910a1117b3b483ba20bd"},"image":{"@id":"https:\/\/sandzakpress.net\/arhiva\/zaradeno-ali-neisplaceno\/#primaryimage"},"thumbnailUrl":"https:\/\/sandzakpress.net\/arhiva\/wp-content\/uploads\/2011\/03\/vijest-2480-copy.jpg","articleSection":["Novi Pazar"],"inLanguage":"bs-BA","potentialAction":[{"@type":"CommentAction","name":"Comment","target":["https:\/\/sandzakpress.net\/arhiva\/zaradeno-ali-neisplaceno\/#respond"]}]},{"@type":"WebPage","@id":"https:\/\/sandzakpress.net\/arhiva\/zaradeno-ali-neisplaceno\/","url":"https:\/\/sandzakpress.net\/arhiva\/zaradeno-ali-neisplaceno\/","name":"Zara\u0111eno, ali neispla\u0107eno","isPartOf":{"@id":"https:\/\/sandzakpress.net\/arhiva\/#website"},"primaryImageOfPage":{"@id":"https:\/\/sandzakpress.net\/arhiva\/zaradeno-ali-neisplaceno\/#primaryimage"},"image":{"@id":"https:\/\/sandzakpress.net\/arhiva\/zaradeno-ali-neisplaceno\/#primaryimage"},"thumbnailUrl":"https:\/\/sandzakpress.net\/arhiva\/wp-content\/uploads\/2011\/03\/vijest-2480-copy.jpg","datePublished":"2011-03-21T11:45:04+00:00","dateModified":"2011-03-21T12:19:53+00:00","breadcrumb":{"@id":"https:\/\/sandzakpress.net\/arhiva\/zaradeno-ali-neisplaceno\/#breadcrumb"},"inLanguage":"bs-BA","potentialAction":[{"@type":"ReadAction","target":["https:\/\/sandzakpress.net\/arhiva\/zaradeno-ali-neisplaceno\/"]}]},{"@type":"ImageObject","inLanguage":"bs-BA","@id":"https:\/\/sandzakpress.net\/arhiva\/zaradeno-ali-neisplaceno\/#primaryimage","url":"https:\/\/sandzakpress.net\/arhiva\/wp-content\/uploads\/2011\/03\/vijest-2480-copy.jpg","contentUrl":"https:\/\/sandzakpress.net\/arhiva\/wp-content\/uploads\/2011\/03\/vijest-2480-copy.jpg","width":616,"height":285},{"@type":"BreadcrumbList","@id":"https:\/\/sandzakpress.net\/arhiva\/zaradeno-ali-neisplaceno\/#breadcrumb","itemListElement":[{"@type":"ListItem","position":1,"name":"Home","item":"https:\/\/sandzakpress.net\/arhiva\/"},{"@type":"ListItem","position":2,"name":"Zara\u0111eno, ali neispla\u0107eno"}]},{"@type":"WebSite","@id":"https:\/\/sandzakpress.net\/arhiva\/#website","url":"https:\/\/sandzakpress.net\/arhiva\/","name":"Sand\u017eak PRESS","description":"Prve elektronske novine u Sand\u017eaku","publisher":{"@id":"https:\/\/sandzakpress.net\/arhiva\/#\/schema\/person\/6e72b67d6e51910a1117b3b483ba20bd"},"potentialAction":[{"@type":"SearchAction","target":{"@type":"EntryPoint","urlTemplate":"https:\/\/sandzakpress.net\/arhiva\/?s={search_term_string}"},"query-input":{"@type":"PropertyValueSpecification","valueRequired":true,"valueName":"search_term_string"}}],"inLanguage":"bs-BA"},{"@type":["Person","Organization"],"@id":"https:\/\/sandzakpress.net\/arhiva\/#\/schema\/person\/6e72b67d6e51910a1117b3b483ba20bd","name":"Kul","image":{"@type":"ImageObject","inLanguage":"bs-BA","@id":"https:\/\/sandzakpress.net\/arhiva\/#\/schema\/person\/image\/","url":"https:\/\/secure.gravatar.com\/avatar\/42263f39aa27ac04c43cab85c280eb2e?s=96&d=mm&r=pg","contentUrl":"https:\/\/secure.gravatar.com\/avatar\/42263f39aa27ac04c43cab85c280eb2e?s=96&d=mm&r=pg","caption":"Kul"},"logo":{"@id":"https:\/\/sandzakpress.net\/arhiva\/#\/schema\/person\/image\/"}},{"@type":"Person","@id":"https:\/\/sandzakpress.net\/arhiva\/#\/schema\/person\/c8baee722073534b583ea7bdb2e36c02","name":"bosniak","image":{"@type":"ImageObject","inLanguage":"bs-BA","@id":"https:\/\/sandzakpress.net\/arhiva\/#\/schema\/person\/image\/","url":"https:\/\/secure.gravatar.com\/avatar\/a04fd330bfe3a36a72a0ad4a6d89fca7?s=96&d=mm&r=pg","contentUrl":"https:\/\/secure.gravatar.com\/avatar\/a04fd330bfe3a36a72a0ad4a6d89fca7?s=96&d=mm&r=pg","caption":"bosniak"},"url":"https:\/\/sandzakpress.net\/arhiva\/author\/bosniak\/"}]}},"_links":{"self":[{"href":"https:\/\/sandzakpress.net\/arhiva\/wp-json\/wp\/v2\/posts\/14090"}],"collection":[{"href":"https:\/\/sandzakpress.net\/arhiva\/wp-json\/wp\/v2\/posts"}],"about":[{"href":"https:\/\/sandzakpress.net\/arhiva\/wp-json\/wp\/v2\/types\/post"}],"author":[{"embeddable":true,"href":"https:\/\/sandzakpress.net\/arhiva\/wp-json\/wp\/v2\/users\/83"}],"replies":[{"embeddable":true,"href":"https:\/\/sandzakpress.net\/arhiva\/wp-json\/wp\/v2\/comments?post=14090"}],"version-history":[{"count":0,"href":"https:\/\/sandzakpress.net\/arhiva\/wp-json\/wp\/v2\/posts\/14090\/revisions"}],"wp:featuredmedia":[{"embeddable":true,"href":"https:\/\/sandzakpress.net\/arhiva\/wp-json\/wp\/v2\/media\/14092"}],"wp:attachment":[{"href":"https:\/\/sandzakpress.net\/arhiva\/wp-json\/wp\/v2\/media?parent=14090"}],"wp:term":[{"taxonomy":"category","embeddable":true,"href":"https:\/\/sandzakpress.net\/arhiva\/wp-json\/wp\/v2\/categories?post=14090"},{"taxonomy":"post_tag","embeddable":true,"href":"https:\/\/sandzakpress.net\/arhiva\/wp-json\/wp\/v2\/tags?post=14090"}],"curies":[{"name":"wp","href":"https:\/\/api.w.org\/{rel}","templated":true}]}}