{"id":140884,"date":"2015-10-13T16:43:15","date_gmt":"2015-10-13T14:43:15","guid":{"rendered":"https:\/\/sandzakpress.net\/arhiva\/?p=140884"},"modified":"2015-10-13T16:46:55","modified_gmt":"2015-10-13T14:46:55","slug":"draskovi-sinovi-prozivaju-u-centru-pazara-ko-god-hoce-problem-ubicemo-njega-i-jos-petoricu","status":"publish","type":"post","link":"https:\/\/sandzakpress.net\/arhiva\/draskovi-sinovi-prozivaju-u-centru-pazara-ko-god-hoce-problem-ubicemo-njega-i-jos-petoricu\/","title":{"rendered":"Dra\u0161kovi sinovi prozivaju u centru Pazara &#8211; &#8216;Ko god ho\u0107e problem ubi\u0107emo njega i jo\u0161 petoricu!&#8217;"},"content":{"rendered":"<p><img loading=\"lazy\" decoding=\"async\" class=\"aligncenter  wp-image-140888\" src=\"https:\/\/sandzakpress.net\/arhiva\/wp-content\/uploads\/2015\/10\/12088075_898570246845710_677242929979075107_n1.jpg\" alt=\"12088075_898570246845710_677242929979075107_n\" width=\"603\" height=\"460\" \/><\/p>\n<p><strong>Novi Pazar &#8211; Nemanja Mikovi\u0107 i Igor Mikovi\u0107 poznatiji kao Dra\u0161kovi sinovi nakon \u0161to su prebili Bo\u0161njaka-muslimana u centru novog Pazara nastavljaju sa provokacijama u cilju podizanja me\u0111unacionalne tenzije u ovom gradu.<\/strong><\/p>\n<p>S obzirom da ih je policija pustila na slobodu nakon \u0161to su izvr\u0161ili poku\u0161aj ubistva nad taksistom\u00a0M.T. kada su ga brutalno pretukli, oni \u0161alju poruku svim gra\u0111anima Novog Pazara prijete\u0107i im da \u0107e im ugroziti \u017eivot svako ko ne postupi onako kako oni nala\u017eu.<\/p>\n<p><em><span data-reactid=\".0.1:5.0.1:$comment898570246845710_898583733511028\/=10.0.$right.0.$left.0.0.1.$comment-body.0.0\"><span data-reactid=\".0.1:5.0.1:$comment898570246845710_898583733511028\/=10.0.$right.0.$left.0.0.1.$comment-body.0.0.$end\/=1$text0\/=010\">&#8220;\u0160etamo malo,da vidimo imal koja mu\u0161ka ******\u00a0da ga ******,na primer neki ratnik za tastaturom koji zna da laje da mu *****\u00a0u sred usta na sred Centra Pazara. <\/span><\/span><span data-reactid=\".0.1:5.0.1:$comment898570246845710_898583733511028\/=10.0.$right.0.$left.0.0.1.$comment-body.0.0\"><span data-reactid=\".0.1:5.0.1:$comment898570246845710_898583733511028\/=10.0.$right.0.$left.0.0.1.$comment-body.0.0.$end\/=1$text0\/=010\">Svaki dan se \u0161etam nikako niko da mi ka\u017ee u o\u010di bilo \u0161ta ,ali za monitorom su tako jaki &#8230;..&#8221;<\/span><\/span><\/em><\/p>\n<p><em><span data-reactid=\".0.1:5.0.1:$comment898570246845710_898583733511028\/=10.0.$right.0.$left.0.0.1.$comment-body.0.3\"><span data-reactid=\".0.1:5.0.1:$comment898570246845710_898583733511028\/=10.0.$right.0.$left.0.0.1.$comment-body.0.3.0\"><span data-reactid=\".0.1:5.0.1:$comment898570246845710_898583733511028\/=10.0.$right.0.$left.0.0.1.$comment-body.0.3.0.$end\/=1$text0\/=010\">&#8220;Ko god misli da mo\u017ee ili ho\u0107e ******\u00a0problem dobit \u0107e ga . Znaju dje \u017eivim i garantujem mu ima da ga odnesu ko ono mrtvo pa\u0161\u010de sto sam ubio. Osetim li se ugro\u017eenim Ja ili Moja Porodica tako mi \u010casnog Krsta i Gospoda Isusa Hrista kunem se u najsvetije bar petoricu \u0107u povest sa mnom. Ko god sumnja u moje rije\u010di neka me isku\u0161a.&#8221;<\/span><\/span><\/span><\/em><\/p>\n<h4><span style=\"color: #800000;\"><strong>Krivi\u010dna djela naru\u0161avanja javnog mira i prijetnje atakovanja na tijelo i \u017eivot gra\u0111ana<\/strong><\/span><\/h4>\n<p><img loading=\"lazy\" decoding=\"async\" class=\"aligncenter size-full wp-image-140886\" src=\"https:\/\/sandzakpress.net\/arhiva\/wp-content\/uploads\/2015\/10\/23626.jpg\" alt=\"23626\" width=\"510\" height=\"775\" \/><\/p>\n<p style=\"text-align: center;\"><span style=\"text-decoration: underline;\"><strong>Za sada nije poznato da je MUP reagovao na ovaj \u010din<\/strong><\/span><\/p>\n<p>&nbsp;<\/p>\n<h4 class=\"cb-entry-title cb-single-title\"><strong><span style=\"color: #800000;\">\u201cDra\u0161kovi sinovi\u201d prebili Bo\u0161njaka u sred Novog Pazara\u00a0\u2013 Krv zalila taksi na sve strane (Foto)<\/span><\/strong><\/h4>\n<p>&nbsp;<\/p>\n<p><strong>Ovo su slike od preksino\u0107. Kada su tzv. \u201cDra\u0161kovi sinovi\u201d presjekli put taksisti M.T. i brutalno ga pretukli. Za na\u0161u agenciju ka\u017ee da policija nije htjela da izvr\u0161i uvi\u0111aj u autu i unese u zapisnik da se tamo nalazila krv. Sa njima su bila jo\u0161 dva lica koja jo\u0161 uvije nisu identifikovana.<\/strong><\/p>\n<p>Kako saznajemo, \u201cDra\u0161kovi sinovi\u201d su\u00a0 Nemanja Mikovi\u0107 i Igor Mikovi\u0107, sinovi Dra\u0161ka Mikovi\u0107a koji je vlasnik kafane \u201cKod Dra\u0161ka\u201d povi\u0161e Gazilara. Dra\u0161kovi sinovi imaju pozama\u0161an dosije u policiji. Jedan od njih je prele\u017eao 5 godina zatvora za ubistvo u pomenutoj kafani.\u00a0Na\u0161 sagovornik isti\u010de da je Igor Mikovi\u0107 dr\u017eao upren pi\u0161tolj.<\/p>\n<p>\u2013 Taksista je po pozivu krenuo da pokupi putnike, me\u0111utim, u Omladinskoj ulici sustiglo ga je vozilo \u010da\u010danskih registarskih oznaka i prepre\u010dilo mu put. Iz automobila su iza\u0161la bra\u0107a i uz psovke i prijetnje izvukle taksistu iz vozila i brutalno ga pretukli, nanjev\u0161i mu vidne povrede \u2013 ka\u017eu u novopazarskoj policijii.<\/p>\n<p>\u2013 Odre\u0111en im je pritvor do 48 \u010dasova, a oba uhap\u0161ena su od ranije poznata policiji po nasilni\u010dkom pona\u0161anju i protiv njih je ve\u0107 podnijeto nekoliko krivi\u010dnih prijava \u2013 ka\u017eu u policiji.<\/p>\n<p><img decoding=\"async\" src=\"https:\/\/sandzakpress.net\/arhiva\/wp-content\/uploads\/2015\/10\/igor-640x480-616x462.jpg\" alt=\"igor-640x480\" \/><\/p>\n<p>&nbsp;<\/p>\n<p>&nbsp;<\/p>\n","protected":false},"excerpt":{"rendered":"<p>Novi Pazar &#8211; Nemanja Mikovi\u0107 i Igor Mikovi\u0107 poznatiji kao Dra\u0161kovi sinovi nakon \u0161to su prebili Bo\u0161njaka-muslimana u centru novog Pazara nastavljaju sa provokacijama u cilju podizanja me\u0111unacionalne tenzije u ovom gradu. S obzirom da ih je policija pustila na slobodu nakon \u0161to su izvr\u0161ili poku\u0161aj ubistva nad taksistom\u00a0M.T. kada su ga brutalno pretukli, oni [&hellip;]<\/p>\n","protected":false},"author":83,"featured_media":140888,"comment_status":"open","ping_status":"open","sticky":false,"template":"","format":"standard","meta":{"footnotes":""},"categories":[72,801,8957],"tags":[],"class_list":{"0":"post-140884","1":"post","2":"type-post","3":"status-publish","4":"format-standard","5":"has-post-thumbnail","7":"category-novi-pazar","8":"category-crna_hronika","9":"category-vijesti-dana"},"yoast_head":"<!-- This site is optimized with the Yoast SEO Premium plugin v23.1 (Yoast SEO v24.9) - https:\/\/yoast.com\/wordpress\/plugins\/seo\/ -->\n<title>Dra\u0161kovi sinovi prozivaju u centru Pazara - &#039;Ko god ho\u0107e problem ubi\u0107emo njega i jo\u0161 petoricu!&#039;<\/title>\n<meta name=\"robots\" content=\"index, follow, max-snippet:-1, max-image-preview:large, max-video-preview:-1\" \/>\n<link rel=\"canonical\" href=\"https:\/\/sandzakpress.net\/arhiva\/draskovi-sinovi-prozivaju-u-centru-pazara-ko-god-hoce-problem-ubicemo-njega-i-jos-petoricu\/\" \/>\n<meta property=\"og:locale\" content=\"bs_BA\" \/>\n<meta property=\"og:type\" content=\"article\" \/>\n<meta property=\"og:title\" content=\"Dra\u0161kovi sinovi prozivaju u centru Pazara - &#039;Ko god ho\u0107e problem ubi\u0107emo njega i jo\u0161 petoricu!&#039;\" \/>\n<meta property=\"og:description\" content=\"Novi Pazar &#8211; Nemanja Mikovi\u0107 i Igor Mikovi\u0107 poznatiji kao Dra\u0161kovi sinovi nakon \u0161to su prebili Bo\u0161njaka-muslimana u centru novog Pazara nastavljaju sa provokacijama u cilju podizanja me\u0111unacionalne tenzije u ovom gradu. S obzirom da ih je policija pustila na slobodu nakon \u0161to su izvr\u0161ili poku\u0161aj ubistva nad taksistom\u00a0M.T. kada su ga brutalno pretukli, oni [&hellip;]\" \/>\n<meta property=\"og:url\" content=\"https:\/\/sandzakpress.net\/arhiva\/draskovi-sinovi-prozivaju-u-centru-pazara-ko-god-hoce-problem-ubicemo-njega-i-jos-petoricu\/\" \/>\n<meta property=\"og:site_name\" content=\"Sand\u017eak PRESS\" \/>\n<meta property=\"article:published_time\" content=\"2015-10-13T14:43:15+00:00\" \/>\n<meta property=\"article:modified_time\" content=\"2015-10-13T14:46:55+00:00\" \/>\n<meta property=\"og:image\" content=\"https:\/\/sandzakpress.net\/arhiva\/wp-content\/uploads\/2015\/10\/12088075_898570246845710_677242929979075107_n1.jpg\" \/>\n\t<meta property=\"og:image:width\" content=\"540\" \/>\n\t<meta property=\"og:image:height\" content=\"412\" \/>\n\t<meta property=\"og:image:type\" content=\"image\/jpeg\" \/>\n<meta name=\"author\" content=\"bosniak\" \/>\n<meta name=\"twitter:card\" content=\"summary_large_image\" \/>\n<meta name=\"twitter:label1\" content=\"Written by\" \/>\n\t<meta name=\"twitter:data1\" content=\"bosniak\" \/>\n\t<meta name=\"twitter:label2\" content=\"Est. reading time\" \/>\n\t<meta name=\"twitter:data2\" content=\"2 minute\" \/>\n<script type=\"application\/ld+json\" class=\"yoast-schema-graph\">{\"@context\":\"https:\/\/schema.org\",\"@graph\":[{\"@type\":\"Article\",\"@id\":\"https:\/\/sandzakpress.net\/arhiva\/draskovi-sinovi-prozivaju-u-centru-pazara-ko-god-hoce-problem-ubicemo-njega-i-jos-petoricu\/#article\",\"isPartOf\":{\"@id\":\"https:\/\/sandzakpress.net\/arhiva\/draskovi-sinovi-prozivaju-u-centru-pazara-ko-god-hoce-problem-ubicemo-njega-i-jos-petoricu\/\"},\"author\":{\"name\":\"bosniak\",\"@id\":\"https:\/\/sandzakpress.net\/arhiva\/#\/schema\/person\/c8baee722073534b583ea7bdb2e36c02\"},\"headline\":\"Dra\u0161kovi sinovi prozivaju u centru Pazara &#8211; &#8216;Ko god ho\u0107e problem ubi\u0107emo njega i jo\u0161 petoricu!&#8217;\",\"datePublished\":\"2015-10-13T14:43:15+00:00\",\"dateModified\":\"2015-10-13T14:46:55+00:00\",\"mainEntityOfPage\":{\"@id\":\"https:\/\/sandzakpress.net\/arhiva\/draskovi-sinovi-prozivaju-u-centru-pazara-ko-god-hoce-problem-ubicemo-njega-i-jos-petoricu\/\"},\"wordCount\":482,\"commentCount\":43,\"publisher\":{\"@id\":\"https:\/\/sandzakpress.net\/arhiva\/#\/schema\/person\/6e72b67d6e51910a1117b3b483ba20bd\"},\"image\":{\"@id\":\"https:\/\/sandzakpress.net\/arhiva\/draskovi-sinovi-prozivaju-u-centru-pazara-ko-god-hoce-problem-ubicemo-njega-i-jos-petoricu\/#primaryimage\"},\"thumbnailUrl\":\"https:\/\/sandzakpress.net\/arhiva\/wp-content\/uploads\/2015\/10\/12088075_898570246845710_677242929979075107_n1.jpg\",\"articleSection\":[\"Novi Pazar\",\"Hronika\",\"VIJESTI DANA\"],\"inLanguage\":\"bs-BA\",\"potentialAction\":[{\"@type\":\"CommentAction\",\"name\":\"Comment\",\"target\":[\"https:\/\/sandzakpress.net\/arhiva\/draskovi-sinovi-prozivaju-u-centru-pazara-ko-god-hoce-problem-ubicemo-njega-i-jos-petoricu\/#respond\"]}]},{\"@type\":\"WebPage\",\"@id\":\"https:\/\/sandzakpress.net\/arhiva\/draskovi-sinovi-prozivaju-u-centru-pazara-ko-god-hoce-problem-ubicemo-njega-i-jos-petoricu\/\",\"url\":\"https:\/\/sandzakpress.net\/arhiva\/draskovi-sinovi-prozivaju-u-centru-pazara-ko-god-hoce-problem-ubicemo-njega-i-jos-petoricu\/\",\"name\":\"Dra\u0161kovi sinovi prozivaju u centru Pazara - 'Ko god ho\u0107e problem ubi\u0107emo njega i jo\u0161 petoricu!'\",\"isPartOf\":{\"@id\":\"https:\/\/sandzakpress.net\/arhiva\/#website\"},\"primaryImageOfPage\":{\"@id\":\"https:\/\/sandzakpress.net\/arhiva\/draskovi-sinovi-prozivaju-u-centru-pazara-ko-god-hoce-problem-ubicemo-njega-i-jos-petoricu\/#primaryimage\"},\"image\":{\"@id\":\"https:\/\/sandzakpress.net\/arhiva\/draskovi-sinovi-prozivaju-u-centru-pazara-ko-god-hoce-problem-ubicemo-njega-i-jos-petoricu\/#primaryimage\"},\"thumbnailUrl\":\"https:\/\/sandzakpress.net\/arhiva\/wp-content\/uploads\/2015\/10\/12088075_898570246845710_677242929979075107_n1.jpg\",\"datePublished\":\"2015-10-13T14:43:15+00:00\",\"dateModified\":\"2015-10-13T14:46:55+00:00\",\"breadcrumb\":{\"@id\":\"https:\/\/sandzakpress.net\/arhiva\/draskovi-sinovi-prozivaju-u-centru-pazara-ko-god-hoce-problem-ubicemo-njega-i-jos-petoricu\/#breadcrumb\"},\"inLanguage\":\"bs-BA\",\"potentialAction\":[{\"@type\":\"ReadAction\",\"target\":[\"https:\/\/sandzakpress.net\/arhiva\/draskovi-sinovi-prozivaju-u-centru-pazara-ko-god-hoce-problem-ubicemo-njega-i-jos-petoricu\/\"]}]},{\"@type\":\"ImageObject\",\"inLanguage\":\"bs-BA\",\"@id\":\"https:\/\/sandzakpress.net\/arhiva\/draskovi-sinovi-prozivaju-u-centru-pazara-ko-god-hoce-problem-ubicemo-njega-i-jos-petoricu\/#primaryimage\",\"url\":\"https:\/\/sandzakpress.net\/arhiva\/wp-content\/uploads\/2015\/10\/12088075_898570246845710_677242929979075107_n1.jpg\",\"contentUrl\":\"https:\/\/sandzakpress.net\/arhiva\/wp-content\/uploads\/2015\/10\/12088075_898570246845710_677242929979075107_n1.jpg\",\"width\":540,\"height\":412},{\"@type\":\"BreadcrumbList\",\"@id\":\"https:\/\/sandzakpress.net\/arhiva\/draskovi-sinovi-prozivaju-u-centru-pazara-ko-god-hoce-problem-ubicemo-njega-i-jos-petoricu\/#breadcrumb\",\"itemListElement\":[{\"@type\":\"ListItem\",\"position\":1,\"name\":\"Home\",\"item\":\"https:\/\/sandzakpress.net\/arhiva\/\"},{\"@type\":\"ListItem\",\"position\":2,\"name\":\"Dra\u0161kovi sinovi prozivaju u centru Pazara &#8211; &#8216;Ko god ho\u0107e problem ubi\u0107emo njega i jo\u0161 petoricu!&#8217;\"}]},{\"@type\":\"WebSite\",\"@id\":\"https:\/\/sandzakpress.net\/arhiva\/#website\",\"url\":\"https:\/\/sandzakpress.net\/arhiva\/\",\"name\":\"Sand\u017eak PRESS\",\"description\":\"Prve elektronske novine u Sand\u017eaku\",\"publisher\":{\"@id\":\"https:\/\/sandzakpress.net\/arhiva\/#\/schema\/person\/6e72b67d6e51910a1117b3b483ba20bd\"},\"potentialAction\":[{\"@type\":\"SearchAction\",\"target\":{\"@type\":\"EntryPoint\",\"urlTemplate\":\"https:\/\/sandzakpress.net\/arhiva\/?s={search_term_string}\"},\"query-input\":{\"@type\":\"PropertyValueSpecification\",\"valueRequired\":true,\"valueName\":\"search_term_string\"}}],\"inLanguage\":\"bs-BA\"},{\"@type\":[\"Person\",\"Organization\"],\"@id\":\"https:\/\/sandzakpress.net\/arhiva\/#\/schema\/person\/6e72b67d6e51910a1117b3b483ba20bd\",\"name\":\"Kul\",\"image\":{\"@type\":\"ImageObject\",\"inLanguage\":\"bs-BA\",\"@id\":\"https:\/\/sandzakpress.net\/arhiva\/#\/schema\/person\/image\/\",\"url\":\"https:\/\/secure.gravatar.com\/avatar\/42263f39aa27ac04c43cab85c280eb2e?s=96&d=mm&r=pg\",\"contentUrl\":\"https:\/\/secure.gravatar.com\/avatar\/42263f39aa27ac04c43cab85c280eb2e?s=96&d=mm&r=pg\",\"caption\":\"Kul\"},\"logo\":{\"@id\":\"https:\/\/sandzakpress.net\/arhiva\/#\/schema\/person\/image\/\"}},{\"@type\":\"Person\",\"@id\":\"https:\/\/sandzakpress.net\/arhiva\/#\/schema\/person\/c8baee722073534b583ea7bdb2e36c02\",\"name\":\"bosniak\",\"image\":{\"@type\":\"ImageObject\",\"inLanguage\":\"bs-BA\",\"@id\":\"https:\/\/sandzakpress.net\/arhiva\/#\/schema\/person\/image\/\",\"url\":\"https:\/\/secure.gravatar.com\/avatar\/a04fd330bfe3a36a72a0ad4a6d89fca7?s=96&d=mm&r=pg\",\"contentUrl\":\"https:\/\/secure.gravatar.com\/avatar\/a04fd330bfe3a36a72a0ad4a6d89fca7?s=96&d=mm&r=pg\",\"caption\":\"bosniak\"},\"url\":\"https:\/\/sandzakpress.net\/arhiva\/author\/bosniak\/\"}]}<\/script>\n<!-- \/ Yoast SEO Premium plugin. -->","yoast_head_json":{"title":"Dra\u0161kovi sinovi prozivaju u centru Pazara - 'Ko god ho\u0107e problem ubi\u0107emo njega i jo\u0161 petoricu!'","robots":{"index":"index","follow":"follow","max-snippet":"max-snippet:-1","max-image-preview":"max-image-preview:large","max-video-preview":"max-video-preview:-1"},"canonical":"https:\/\/sandzakpress.net\/arhiva\/draskovi-sinovi-prozivaju-u-centru-pazara-ko-god-hoce-problem-ubicemo-njega-i-jos-petoricu\/","og_locale":"bs_BA","og_type":"article","og_title":"Dra\u0161kovi sinovi prozivaju u centru Pazara - 'Ko god ho\u0107e problem ubi\u0107emo njega i jo\u0161 petoricu!'","og_description":"Novi Pazar &#8211; Nemanja Mikovi\u0107 i Igor Mikovi\u0107 poznatiji kao Dra\u0161kovi sinovi nakon \u0161to su prebili Bo\u0161njaka-muslimana u centru novog Pazara nastavljaju sa provokacijama u cilju podizanja me\u0111unacionalne tenzije u ovom gradu. S obzirom da ih je policija pustila na slobodu nakon \u0161to su izvr\u0161ili poku\u0161aj ubistva nad taksistom\u00a0M.T. kada su ga brutalno pretukli, oni [&hellip;]","og_url":"https:\/\/sandzakpress.net\/arhiva\/draskovi-sinovi-prozivaju-u-centru-pazara-ko-god-hoce-problem-ubicemo-njega-i-jos-petoricu\/","og_site_name":"Sand\u017eak PRESS","article_published_time":"2015-10-13T14:43:15+00:00","article_modified_time":"2015-10-13T14:46:55+00:00","og_image":[{"width":540,"height":412,"url":"https:\/\/sandzakpress.net\/arhiva\/wp-content\/uploads\/2015\/10\/12088075_898570246845710_677242929979075107_n1.jpg","type":"image\/jpeg"}],"author":"bosniak","twitter_card":"summary_large_image","twitter_misc":{"Written by":"bosniak","Est. reading time":"2 minute"},"schema":{"@context":"https:\/\/schema.org","@graph":[{"@type":"Article","@id":"https:\/\/sandzakpress.net\/arhiva\/draskovi-sinovi-prozivaju-u-centru-pazara-ko-god-hoce-problem-ubicemo-njega-i-jos-petoricu\/#article","isPartOf":{"@id":"https:\/\/sandzakpress.net\/arhiva\/draskovi-sinovi-prozivaju-u-centru-pazara-ko-god-hoce-problem-ubicemo-njega-i-jos-petoricu\/"},"author":{"name":"bosniak","@id":"https:\/\/sandzakpress.net\/arhiva\/#\/schema\/person\/c8baee722073534b583ea7bdb2e36c02"},"headline":"Dra\u0161kovi sinovi prozivaju u centru Pazara &#8211; &#8216;Ko god ho\u0107e problem ubi\u0107emo njega i jo\u0161 petoricu!&#8217;","datePublished":"2015-10-13T14:43:15+00:00","dateModified":"2015-10-13T14:46:55+00:00","mainEntityOfPage":{"@id":"https:\/\/sandzakpress.net\/arhiva\/draskovi-sinovi-prozivaju-u-centru-pazara-ko-god-hoce-problem-ubicemo-njega-i-jos-petoricu\/"},"wordCount":482,"commentCount":43,"publisher":{"@id":"https:\/\/sandzakpress.net\/arhiva\/#\/schema\/person\/6e72b67d6e51910a1117b3b483ba20bd"},"image":{"@id":"https:\/\/sandzakpress.net\/arhiva\/draskovi-sinovi-prozivaju-u-centru-pazara-ko-god-hoce-problem-ubicemo-njega-i-jos-petoricu\/#primaryimage"},"thumbnailUrl":"https:\/\/sandzakpress.net\/arhiva\/wp-content\/uploads\/2015\/10\/12088075_898570246845710_677242929979075107_n1.jpg","articleSection":["Novi Pazar","Hronika","VIJESTI DANA"],"inLanguage":"bs-BA","potentialAction":[{"@type":"CommentAction","name":"Comment","target":["https:\/\/sandzakpress.net\/arhiva\/draskovi-sinovi-prozivaju-u-centru-pazara-ko-god-hoce-problem-ubicemo-njega-i-jos-petoricu\/#respond"]}]},{"@type":"WebPage","@id":"https:\/\/sandzakpress.net\/arhiva\/draskovi-sinovi-prozivaju-u-centru-pazara-ko-god-hoce-problem-ubicemo-njega-i-jos-petoricu\/","url":"https:\/\/sandzakpress.net\/arhiva\/draskovi-sinovi-prozivaju-u-centru-pazara-ko-god-hoce-problem-ubicemo-njega-i-jos-petoricu\/","name":"Dra\u0161kovi sinovi prozivaju u centru Pazara - 'Ko god ho\u0107e problem ubi\u0107emo njega i jo\u0161 petoricu!'","isPartOf":{"@id":"https:\/\/sandzakpress.net\/arhiva\/#website"},"primaryImageOfPage":{"@id":"https:\/\/sandzakpress.net\/arhiva\/draskovi-sinovi-prozivaju-u-centru-pazara-ko-god-hoce-problem-ubicemo-njega-i-jos-petoricu\/#primaryimage"},"image":{"@id":"https:\/\/sandzakpress.net\/arhiva\/draskovi-sinovi-prozivaju-u-centru-pazara-ko-god-hoce-problem-ubicemo-njega-i-jos-petoricu\/#primaryimage"},"thumbnailUrl":"https:\/\/sandzakpress.net\/arhiva\/wp-content\/uploads\/2015\/10\/12088075_898570246845710_677242929979075107_n1.jpg","datePublished":"2015-10-13T14:43:15+00:00","dateModified":"2015-10-13T14:46:55+00:00","breadcrumb":{"@id":"https:\/\/sandzakpress.net\/arhiva\/draskovi-sinovi-prozivaju-u-centru-pazara-ko-god-hoce-problem-ubicemo-njega-i-jos-petoricu\/#breadcrumb"},"inLanguage":"bs-BA","potentialAction":[{"@type":"ReadAction","target":["https:\/\/sandzakpress.net\/arhiva\/draskovi-sinovi-prozivaju-u-centru-pazara-ko-god-hoce-problem-ubicemo-njega-i-jos-petoricu\/"]}]},{"@type":"ImageObject","inLanguage":"bs-BA","@id":"https:\/\/sandzakpress.net\/arhiva\/draskovi-sinovi-prozivaju-u-centru-pazara-ko-god-hoce-problem-ubicemo-njega-i-jos-petoricu\/#primaryimage","url":"https:\/\/sandzakpress.net\/arhiva\/wp-content\/uploads\/2015\/10\/12088075_898570246845710_677242929979075107_n1.jpg","contentUrl":"https:\/\/sandzakpress.net\/arhiva\/wp-content\/uploads\/2015\/10\/12088075_898570246845710_677242929979075107_n1.jpg","width":540,"height":412},{"@type":"BreadcrumbList","@id":"https:\/\/sandzakpress.net\/arhiva\/draskovi-sinovi-prozivaju-u-centru-pazara-ko-god-hoce-problem-ubicemo-njega-i-jos-petoricu\/#breadcrumb","itemListElement":[{"@type":"ListItem","position":1,"name":"Home","item":"https:\/\/sandzakpress.net\/arhiva\/"},{"@type":"ListItem","position":2,"name":"Dra\u0161kovi sinovi prozivaju u centru Pazara &#8211; &#8216;Ko god ho\u0107e problem ubi\u0107emo njega i jo\u0161 petoricu!&#8217;"}]},{"@type":"WebSite","@id":"https:\/\/sandzakpress.net\/arhiva\/#website","url":"https:\/\/sandzakpress.net\/arhiva\/","name":"Sand\u017eak PRESS","description":"Prve elektronske novine u Sand\u017eaku","publisher":{"@id":"https:\/\/sandzakpress.net\/arhiva\/#\/schema\/person\/6e72b67d6e51910a1117b3b483ba20bd"},"potentialAction":[{"@type":"SearchAction","target":{"@type":"EntryPoint","urlTemplate":"https:\/\/sandzakpress.net\/arhiva\/?s={search_term_string}"},"query-input":{"@type":"PropertyValueSpecification","valueRequired":true,"valueName":"search_term_string"}}],"inLanguage":"bs-BA"},{"@type":["Person","Organization"],"@id":"https:\/\/sandzakpress.net\/arhiva\/#\/schema\/person\/6e72b67d6e51910a1117b3b483ba20bd","name":"Kul","image":{"@type":"ImageObject","inLanguage":"bs-BA","@id":"https:\/\/sandzakpress.net\/arhiva\/#\/schema\/person\/image\/","url":"https:\/\/secure.gravatar.com\/avatar\/42263f39aa27ac04c43cab85c280eb2e?s=96&d=mm&r=pg","contentUrl":"https:\/\/secure.gravatar.com\/avatar\/42263f39aa27ac04c43cab85c280eb2e?s=96&d=mm&r=pg","caption":"Kul"},"logo":{"@id":"https:\/\/sandzakpress.net\/arhiva\/#\/schema\/person\/image\/"}},{"@type":"Person","@id":"https:\/\/sandzakpress.net\/arhiva\/#\/schema\/person\/c8baee722073534b583ea7bdb2e36c02","name":"bosniak","image":{"@type":"ImageObject","inLanguage":"bs-BA","@id":"https:\/\/sandzakpress.net\/arhiva\/#\/schema\/person\/image\/","url":"https:\/\/secure.gravatar.com\/avatar\/a04fd330bfe3a36a72a0ad4a6d89fca7?s=96&d=mm&r=pg","contentUrl":"https:\/\/secure.gravatar.com\/avatar\/a04fd330bfe3a36a72a0ad4a6d89fca7?s=96&d=mm&r=pg","caption":"bosniak"},"url":"https:\/\/sandzakpress.net\/arhiva\/author\/bosniak\/"}]}},"_links":{"self":[{"href":"https:\/\/sandzakpress.net\/arhiva\/wp-json\/wp\/v2\/posts\/140884"}],"collection":[{"href":"https:\/\/sandzakpress.net\/arhiva\/wp-json\/wp\/v2\/posts"}],"about":[{"href":"https:\/\/sandzakpress.net\/arhiva\/wp-json\/wp\/v2\/types\/post"}],"author":[{"embeddable":true,"href":"https:\/\/sandzakpress.net\/arhiva\/wp-json\/wp\/v2\/users\/83"}],"replies":[{"embeddable":true,"href":"https:\/\/sandzakpress.net\/arhiva\/wp-json\/wp\/v2\/comments?post=140884"}],"version-history":[{"count":0,"href":"https:\/\/sandzakpress.net\/arhiva\/wp-json\/wp\/v2\/posts\/140884\/revisions"}],"wp:featuredmedia":[{"embeddable":true,"href":"https:\/\/sandzakpress.net\/arhiva\/wp-json\/wp\/v2\/media\/140888"}],"wp:attachment":[{"href":"https:\/\/sandzakpress.net\/arhiva\/wp-json\/wp\/v2\/media?parent=140884"}],"wp:term":[{"taxonomy":"category","embeddable":true,"href":"https:\/\/sandzakpress.net\/arhiva\/wp-json\/wp\/v2\/categories?post=140884"},{"taxonomy":"post_tag","embeddable":true,"href":"https:\/\/sandzakpress.net\/arhiva\/wp-json\/wp\/v2\/tags?post=140884"}],"curies":[{"name":"wp","href":"https:\/\/api.w.org\/{rel}","templated":true}]}}