{"id":140717,"date":"2015-10-12T14:20:24","date_gmt":"2015-10-12T12:20:24","guid":{"rendered":"https:\/\/sandzakpress.net\/arhiva\/zukic-sbb-ce-dobiti-sva-ministarstva-u-vladi-fbih-na-kojima-se-nalaze-ministri-iz-df-a"},"modified":"2015-10-12T14:20:24","modified_gmt":"2015-10-12T12:20:24","slug":"zukic-sbb-ce-dobiti-sva-ministarstva-u-vladi-fbih-na-kojima-se-nalaze-ministri-iz-df-a","status":"publish","type":"post","link":"https:\/\/sandzakpress.net\/arhiva\/zukic-sbb-ce-dobiti-sva-ministarstva-u-vladi-fbih-na-kojima-se-nalaze-ministri-iz-df-a\/","title":{"rendered":"Zuki\u0107: SBB \u0107e dobiti sva ministarstva u Vladi FBiH na kojima se nalaze ministri iz DF-a"},"content":{"rendered":"<div class=\"uvod_holder\">\n<h3 class=\"uvod\"><\/h3>\n<\/div>\n<div class=\"rel\">\n<div class=\"tekst\">\n<div class=\"img_normalna\"><a class=\"resizeimg\" href=\"http:\/\/www.klix.ba\/vijesti\/bih\/zukic-sbb-ce-dobiti-sva-ministarstva-u-vladi-fbih-na-kojima-se-nalaze-ministri-iz-df-a\/151012026#\"><img loading=\"lazy\" decoding=\"async\" class=\"\" src=\"http:\/\/static.klix.ba\/media\/images\/vijesti\/151012026.jpg?v=1\" alt=\"Zuki\u0107: SBB \u0107e dobiti sva ministarstva u Vladi FBiH na kojima se nalaze ministri iz DF-a\" width=\"604\" height=\"450\" \/><\/a><\/div>\n<\/div>\n<\/div>\n<p><strong>Sarajevo \u2013 Amir Zuki\u0107, generalni sekretar SDA, kazao je za Klix.ba da o\u010dekuje da \u0107e se u \u0161to kra\u0107em roku izvr\u0161iti rekonstrukcija Vlade FBiH. Zuki\u0107 ka\u017ee da bi SBB-u trebala pripasti sva ministarstva na \u010dijem \u010delu su ministri iz DF-a.<\/strong><\/p>\n<p>Generalni sekretar Stranke demokratske akcije Amir Zuki\u0107 kazao je kako \u0107e predsjednici SDA i Saveza za bolju budu\u0107nost nastaviti pregovore u smislu dogovaranja detalja, te da \u0107e nakon toga timovi napraviti sporazum koji bi strana\u010dki organi trebali potvrditi.<\/p>\n<p>\u201cO\u010dekujem da \u0107e se u \u0161to kra\u0107em roku izvr\u0161iti izmjena ministara u Vladi Federacije BiH i da \u0107e ona raditi u punom kapacitetu. Prema dosada\u0161njim pregovorima SBB \u0107e dobiti sva ministarstva na kojim se nalaze ministri Demokratske fronte\u201d, kazao je Zuki\u0107.<\/p>\n<p>Demokratska fronta je u Vladi Federacije BiH imala zamjenika predsjednika i ministra trgovine Aleksandra Remeti\u0107a, ministra energije, rudarstva i industrije Reufa Bajrovi\u0107a, ministra rada i socijalne politike Milana Mandilovi\u0107a i ministricu \u017eivotne sredine i turizma Snje\u017eanu Soldat.<\/p>\n<p>Zuki\u0107 je dodao da SDA poku\u0161ava i trudi se da u kriznim situacijama stablizuje politi\u010dke prilike u Federaciji BiH, te da posebno na tome radi predsjednik SDA Bakir Izetbegovi\u0107.<\/p>\n<p>\u201cEkonomski pokazatelji su puno bolji u ovoj, nego u protekle \u010detiri godine. Mislim da \u0107e i ova koalicija doprinijeti stabilizaciji politi\u010dkih prilika i dovoljno je da je ekonomski dobra situacija kako bi se ljudi po\u010deli baviti biznisom i da se otvaraju radna mjesta\u201d, zaklju\u010dio je Zuki\u0107.<\/p>\n<p>(klix)<\/p>\n<p>Pogledajte vijest na izvornom sajtu:<\/p>\n<p><a href=\"http:\/\/bosnapress.net\/zukic-sbb-ce-dobiti-sva-ministarstva-u-vladi-fbih-na-kojima-se-nalaze-ministri-iz-df-a\/\" target=\"_blank\">Zuki\u0107: SBB \u0107e dobiti sva ministarstva u Vladi FBiH na kojima se nalaze ministri iz DF-a<\/a><\/p>\n","protected":false},"excerpt":{"rendered":"<p>Sarajevo \u2013 Amir Zuki\u0107, generalni sekretar SDA, kazao je za Klix.ba da o\u010dekuje da \u0107e se u \u0161to kra\u0107em roku izvr\u0161iti rekonstrukcija Vlade FBiH. Zuki\u0107 ka\u017ee da bi SBB-u trebala pripasti sva ministarstva na \u010dijem \u010delu su ministri iz DF-a. Generalni sekretar Stranke demokratske akcije Amir Zuki\u0107 kazao je kako \u0107e predsjednici SDA i Saveza [&hellip;]<\/p>\n","protected":false},"author":83,"featured_media":140718,"comment_status":"open","ping_status":"open","sticky":false,"template":"","format":"standard","meta":{"footnotes":""},"categories":[10513],"tags":[10466],"class_list":{"0":"post-140717","1":"post","2":"type-post","3":"status-publish","4":"format-standard","5":"has-post-thumbnail","7":"category-bosna-press","8":"tag-bosna-i-hercegovina"},"yoast_head":"<!-- This site is optimized with the Yoast SEO Premium plugin v23.1 (Yoast SEO v24.9) - https:\/\/yoast.com\/wordpress\/plugins\/seo\/ -->\n<title>Zuki\u0107: SBB \u0107e dobiti sva ministarstva u Vladi FBiH na kojima se nalaze ministri iz DF-a<\/title>\n<meta name=\"robots\" content=\"index, follow, max-snippet:-1, max-image-preview:large, max-video-preview:-1\" \/>\n<link rel=\"canonical\" href=\"https:\/\/sandzakpress.net\/arhiva\/zukic-sbb-ce-dobiti-sva-ministarstva-u-vladi-fbih-na-kojima-se-nalaze-ministri-iz-df-a\/\" \/>\n<meta property=\"og:locale\" content=\"bs_BA\" \/>\n<meta property=\"og:type\" content=\"article\" \/>\n<meta property=\"og:title\" content=\"Zuki\u0107: SBB \u0107e dobiti sva ministarstva u Vladi FBiH na kojima se nalaze ministri iz DF-a\" \/>\n<meta property=\"og:description\" content=\"Sarajevo \u2013 Amir Zuki\u0107, generalni sekretar SDA, kazao je za Klix.ba da o\u010dekuje da \u0107e se u \u0161to kra\u0107em roku izvr\u0161iti rekonstrukcija Vlade FBiH. Zuki\u0107 ka\u017ee da bi SBB-u trebala pripasti sva ministarstva na \u010dijem \u010delu su ministri iz DF-a. Generalni sekretar Stranke demokratske akcije Amir Zuki\u0107 kazao je kako \u0107e predsjednici SDA i Saveza [&hellip;]\" \/>\n<meta property=\"og:url\" content=\"https:\/\/sandzakpress.net\/arhiva\/zukic-sbb-ce-dobiti-sva-ministarstva-u-vladi-fbih-na-kojima-se-nalaze-ministri-iz-df-a\/\" \/>\n<meta property=\"og:site_name\" content=\"Sand\u017eak PRESS\" \/>\n<meta property=\"article:published_time\" content=\"2015-10-12T12:20:24+00:00\" \/>\n<meta property=\"og:image\" content=\"https:\/\/sandzakpress.net\/arhiva\/wp-content\/uploads\/2015\/10\/151012026.jpg\" \/>\n\t<meta property=\"og:image:width\" content=\"470\" \/>\n\t<meta property=\"og:image:height\" content=\"350\" \/>\n\t<meta property=\"og:image:type\" content=\"image\/jpeg\" \/>\n<meta name=\"author\" content=\"bosniak\" \/>\n<meta name=\"twitter:card\" content=\"summary_large_image\" \/>\n<meta name=\"twitter:label1\" content=\"Written by\" \/>\n\t<meta name=\"twitter:data1\" content=\"bosniak\" \/>\n\t<meta name=\"twitter:label2\" content=\"Est. reading time\" \/>\n\t<meta name=\"twitter:data2\" content=\"1 minuta\" \/>\n<script type=\"application\/ld+json\" class=\"yoast-schema-graph\">{\"@context\":\"https:\/\/schema.org\",\"@graph\":[{\"@type\":\"Article\",\"@id\":\"https:\/\/sandzakpress.net\/arhiva\/zukic-sbb-ce-dobiti-sva-ministarstva-u-vladi-fbih-na-kojima-se-nalaze-ministri-iz-df-a\/#article\",\"isPartOf\":{\"@id\":\"https:\/\/sandzakpress.net\/arhiva\/zukic-sbb-ce-dobiti-sva-ministarstva-u-vladi-fbih-na-kojima-se-nalaze-ministri-iz-df-a\/\"},\"author\":{\"name\":\"bosniak\",\"@id\":\"https:\/\/sandzakpress.net\/arhiva\/#\/schema\/person\/c8baee722073534b583ea7bdb2e36c02\"},\"headline\":\"Zuki\u0107: SBB \u0107e dobiti sva ministarstva u Vladi FBiH na kojima se nalaze ministri iz DF-a\",\"datePublished\":\"2015-10-12T12:20:24+00:00\",\"mainEntityOfPage\":{\"@id\":\"https:\/\/sandzakpress.net\/arhiva\/zukic-sbb-ce-dobiti-sva-ministarstva-u-vladi-fbih-na-kojima-se-nalaze-ministri-iz-df-a\/\"},\"wordCount\":288,\"commentCount\":0,\"publisher\":{\"@id\":\"https:\/\/sandzakpress.net\/arhiva\/#\/schema\/person\/6e72b67d6e51910a1117b3b483ba20bd\"},\"image\":{\"@id\":\"https:\/\/sandzakpress.net\/arhiva\/zukic-sbb-ce-dobiti-sva-ministarstva-u-vladi-fbih-na-kojima-se-nalaze-ministri-iz-df-a\/#primaryimage\"},\"thumbnailUrl\":\"https:\/\/sandzakpress.net\/arhiva\/wp-content\/uploads\/2015\/10\/151012026.jpg\",\"keywords\":[\"Bosna i Hercegovina\"],\"articleSection\":[\"Bosna PRESS\"],\"inLanguage\":\"bs-BA\",\"potentialAction\":[{\"@type\":\"CommentAction\",\"name\":\"Comment\",\"target\":[\"https:\/\/sandzakpress.net\/arhiva\/zukic-sbb-ce-dobiti-sva-ministarstva-u-vladi-fbih-na-kojima-se-nalaze-ministri-iz-df-a\/#respond\"]}]},{\"@type\":\"WebPage\",\"@id\":\"https:\/\/sandzakpress.net\/arhiva\/zukic-sbb-ce-dobiti-sva-ministarstva-u-vladi-fbih-na-kojima-se-nalaze-ministri-iz-df-a\/\",\"url\":\"https:\/\/sandzakpress.net\/arhiva\/zukic-sbb-ce-dobiti-sva-ministarstva-u-vladi-fbih-na-kojima-se-nalaze-ministri-iz-df-a\/\",\"name\":\"Zuki\u0107: SBB \u0107e dobiti sva ministarstva u Vladi FBiH na kojima se nalaze ministri iz DF-a\",\"isPartOf\":{\"@id\":\"https:\/\/sandzakpress.net\/arhiva\/#website\"},\"primaryImageOfPage\":{\"@id\":\"https:\/\/sandzakpress.net\/arhiva\/zukic-sbb-ce-dobiti-sva-ministarstva-u-vladi-fbih-na-kojima-se-nalaze-ministri-iz-df-a\/#primaryimage\"},\"image\":{\"@id\":\"https:\/\/sandzakpress.net\/arhiva\/zukic-sbb-ce-dobiti-sva-ministarstva-u-vladi-fbih-na-kojima-se-nalaze-ministri-iz-df-a\/#primaryimage\"},\"thumbnailUrl\":\"https:\/\/sandzakpress.net\/arhiva\/wp-content\/uploads\/2015\/10\/151012026.jpg\",\"datePublished\":\"2015-10-12T12:20:24+00:00\",\"breadcrumb\":{\"@id\":\"https:\/\/sandzakpress.net\/arhiva\/zukic-sbb-ce-dobiti-sva-ministarstva-u-vladi-fbih-na-kojima-se-nalaze-ministri-iz-df-a\/#breadcrumb\"},\"inLanguage\":\"bs-BA\",\"potentialAction\":[{\"@type\":\"ReadAction\",\"target\":[\"https:\/\/sandzakpress.net\/arhiva\/zukic-sbb-ce-dobiti-sva-ministarstva-u-vladi-fbih-na-kojima-se-nalaze-ministri-iz-df-a\/\"]}]},{\"@type\":\"ImageObject\",\"inLanguage\":\"bs-BA\",\"@id\":\"https:\/\/sandzakpress.net\/arhiva\/zukic-sbb-ce-dobiti-sva-ministarstva-u-vladi-fbih-na-kojima-se-nalaze-ministri-iz-df-a\/#primaryimage\",\"url\":\"https:\/\/sandzakpress.net\/arhiva\/wp-content\/uploads\/2015\/10\/151012026.jpg\",\"contentUrl\":\"https:\/\/sandzakpress.net\/arhiva\/wp-content\/uploads\/2015\/10\/151012026.jpg\",\"width\":470,\"height\":350},{\"@type\":\"BreadcrumbList\",\"@id\":\"https:\/\/sandzakpress.net\/arhiva\/zukic-sbb-ce-dobiti-sva-ministarstva-u-vladi-fbih-na-kojima-se-nalaze-ministri-iz-df-a\/#breadcrumb\",\"itemListElement\":[{\"@type\":\"ListItem\",\"position\":1,\"name\":\"Home\",\"item\":\"https:\/\/sandzakpress.net\/arhiva\/\"},{\"@type\":\"ListItem\",\"position\":2,\"name\":\"Zuki\u0107: SBB \u0107e dobiti sva ministarstva u Vladi FBiH na kojima se nalaze ministri iz DF-a\"}]},{\"@type\":\"WebSite\",\"@id\":\"https:\/\/sandzakpress.net\/arhiva\/#website\",\"url\":\"https:\/\/sandzakpress.net\/arhiva\/\",\"name\":\"Sand\u017eak PRESS\",\"description\":\"Prve elektronske novine u Sand\u017eaku\",\"publisher\":{\"@id\":\"https:\/\/sandzakpress.net\/arhiva\/#\/schema\/person\/6e72b67d6e51910a1117b3b483ba20bd\"},\"potentialAction\":[{\"@type\":\"SearchAction\",\"target\":{\"@type\":\"EntryPoint\",\"urlTemplate\":\"https:\/\/sandzakpress.net\/arhiva\/?s={search_term_string}\"},\"query-input\":{\"@type\":\"PropertyValueSpecification\",\"valueRequired\":true,\"valueName\":\"search_term_string\"}}],\"inLanguage\":\"bs-BA\"},{\"@type\":[\"Person\",\"Organization\"],\"@id\":\"https:\/\/sandzakpress.net\/arhiva\/#\/schema\/person\/6e72b67d6e51910a1117b3b483ba20bd\",\"name\":\"Kul\",\"image\":{\"@type\":\"ImageObject\",\"inLanguage\":\"bs-BA\",\"@id\":\"https:\/\/sandzakpress.net\/arhiva\/#\/schema\/person\/image\/\",\"url\":\"https:\/\/secure.gravatar.com\/avatar\/42263f39aa27ac04c43cab85c280eb2e?s=96&d=mm&r=pg\",\"contentUrl\":\"https:\/\/secure.gravatar.com\/avatar\/42263f39aa27ac04c43cab85c280eb2e?s=96&d=mm&r=pg\",\"caption\":\"Kul\"},\"logo\":{\"@id\":\"https:\/\/sandzakpress.net\/arhiva\/#\/schema\/person\/image\/\"}},{\"@type\":\"Person\",\"@id\":\"https:\/\/sandzakpress.net\/arhiva\/#\/schema\/person\/c8baee722073534b583ea7bdb2e36c02\",\"name\":\"bosniak\",\"image\":{\"@type\":\"ImageObject\",\"inLanguage\":\"bs-BA\",\"@id\":\"https:\/\/sandzakpress.net\/arhiva\/#\/schema\/person\/image\/\",\"url\":\"https:\/\/secure.gravatar.com\/avatar\/a04fd330bfe3a36a72a0ad4a6d89fca7?s=96&d=mm&r=pg\",\"contentUrl\":\"https:\/\/secure.gravatar.com\/avatar\/a04fd330bfe3a36a72a0ad4a6d89fca7?s=96&d=mm&r=pg\",\"caption\":\"bosniak\"},\"url\":\"https:\/\/sandzakpress.net\/arhiva\/author\/bosniak\/\"}]}<\/script>\n<!-- \/ Yoast SEO Premium plugin. -->","yoast_head_json":{"title":"Zuki\u0107: SBB \u0107e dobiti sva ministarstva u Vladi FBiH na kojima se nalaze ministri iz DF-a","robots":{"index":"index","follow":"follow","max-snippet":"max-snippet:-1","max-image-preview":"max-image-preview:large","max-video-preview":"max-video-preview:-1"},"canonical":"https:\/\/sandzakpress.net\/arhiva\/zukic-sbb-ce-dobiti-sva-ministarstva-u-vladi-fbih-na-kojima-se-nalaze-ministri-iz-df-a\/","og_locale":"bs_BA","og_type":"article","og_title":"Zuki\u0107: SBB \u0107e dobiti sva ministarstva u Vladi FBiH na kojima se nalaze ministri iz DF-a","og_description":"Sarajevo \u2013 Amir Zuki\u0107, generalni sekretar SDA, kazao je za Klix.ba da o\u010dekuje da \u0107e se u \u0161to kra\u0107em roku izvr\u0161iti rekonstrukcija Vlade FBiH. Zuki\u0107 ka\u017ee da bi SBB-u trebala pripasti sva ministarstva na \u010dijem \u010delu su ministri iz DF-a. Generalni sekretar Stranke demokratske akcije Amir Zuki\u0107 kazao je kako \u0107e predsjednici SDA i Saveza [&hellip;]","og_url":"https:\/\/sandzakpress.net\/arhiva\/zukic-sbb-ce-dobiti-sva-ministarstva-u-vladi-fbih-na-kojima-se-nalaze-ministri-iz-df-a\/","og_site_name":"Sand\u017eak PRESS","article_published_time":"2015-10-12T12:20:24+00:00","og_image":[{"width":470,"height":350,"url":"https:\/\/sandzakpress.net\/arhiva\/wp-content\/uploads\/2015\/10\/151012026.jpg","type":"image\/jpeg"}],"author":"bosniak","twitter_card":"summary_large_image","twitter_misc":{"Written by":"bosniak","Est. reading time":"1 minuta"},"schema":{"@context":"https:\/\/schema.org","@graph":[{"@type":"Article","@id":"https:\/\/sandzakpress.net\/arhiva\/zukic-sbb-ce-dobiti-sva-ministarstva-u-vladi-fbih-na-kojima-se-nalaze-ministri-iz-df-a\/#article","isPartOf":{"@id":"https:\/\/sandzakpress.net\/arhiva\/zukic-sbb-ce-dobiti-sva-ministarstva-u-vladi-fbih-na-kojima-se-nalaze-ministri-iz-df-a\/"},"author":{"name":"bosniak","@id":"https:\/\/sandzakpress.net\/arhiva\/#\/schema\/person\/c8baee722073534b583ea7bdb2e36c02"},"headline":"Zuki\u0107: SBB \u0107e dobiti sva ministarstva u Vladi FBiH na kojima se nalaze ministri iz DF-a","datePublished":"2015-10-12T12:20:24+00:00","mainEntityOfPage":{"@id":"https:\/\/sandzakpress.net\/arhiva\/zukic-sbb-ce-dobiti-sva-ministarstva-u-vladi-fbih-na-kojima-se-nalaze-ministri-iz-df-a\/"},"wordCount":288,"commentCount":0,"publisher":{"@id":"https:\/\/sandzakpress.net\/arhiva\/#\/schema\/person\/6e72b67d6e51910a1117b3b483ba20bd"},"image":{"@id":"https:\/\/sandzakpress.net\/arhiva\/zukic-sbb-ce-dobiti-sva-ministarstva-u-vladi-fbih-na-kojima-se-nalaze-ministri-iz-df-a\/#primaryimage"},"thumbnailUrl":"https:\/\/sandzakpress.net\/arhiva\/wp-content\/uploads\/2015\/10\/151012026.jpg","keywords":["Bosna i Hercegovina"],"articleSection":["Bosna PRESS"],"inLanguage":"bs-BA","potentialAction":[{"@type":"CommentAction","name":"Comment","target":["https:\/\/sandzakpress.net\/arhiva\/zukic-sbb-ce-dobiti-sva-ministarstva-u-vladi-fbih-na-kojima-se-nalaze-ministri-iz-df-a\/#respond"]}]},{"@type":"WebPage","@id":"https:\/\/sandzakpress.net\/arhiva\/zukic-sbb-ce-dobiti-sva-ministarstva-u-vladi-fbih-na-kojima-se-nalaze-ministri-iz-df-a\/","url":"https:\/\/sandzakpress.net\/arhiva\/zukic-sbb-ce-dobiti-sva-ministarstva-u-vladi-fbih-na-kojima-se-nalaze-ministri-iz-df-a\/","name":"Zuki\u0107: SBB \u0107e dobiti sva ministarstva u Vladi FBiH na kojima se nalaze ministri iz DF-a","isPartOf":{"@id":"https:\/\/sandzakpress.net\/arhiva\/#website"},"primaryImageOfPage":{"@id":"https:\/\/sandzakpress.net\/arhiva\/zukic-sbb-ce-dobiti-sva-ministarstva-u-vladi-fbih-na-kojima-se-nalaze-ministri-iz-df-a\/#primaryimage"},"image":{"@id":"https:\/\/sandzakpress.net\/arhiva\/zukic-sbb-ce-dobiti-sva-ministarstva-u-vladi-fbih-na-kojima-se-nalaze-ministri-iz-df-a\/#primaryimage"},"thumbnailUrl":"https:\/\/sandzakpress.net\/arhiva\/wp-content\/uploads\/2015\/10\/151012026.jpg","datePublished":"2015-10-12T12:20:24+00:00","breadcrumb":{"@id":"https:\/\/sandzakpress.net\/arhiva\/zukic-sbb-ce-dobiti-sva-ministarstva-u-vladi-fbih-na-kojima-se-nalaze-ministri-iz-df-a\/#breadcrumb"},"inLanguage":"bs-BA","potentialAction":[{"@type":"ReadAction","target":["https:\/\/sandzakpress.net\/arhiva\/zukic-sbb-ce-dobiti-sva-ministarstva-u-vladi-fbih-na-kojima-se-nalaze-ministri-iz-df-a\/"]}]},{"@type":"ImageObject","inLanguage":"bs-BA","@id":"https:\/\/sandzakpress.net\/arhiva\/zukic-sbb-ce-dobiti-sva-ministarstva-u-vladi-fbih-na-kojima-se-nalaze-ministri-iz-df-a\/#primaryimage","url":"https:\/\/sandzakpress.net\/arhiva\/wp-content\/uploads\/2015\/10\/151012026.jpg","contentUrl":"https:\/\/sandzakpress.net\/arhiva\/wp-content\/uploads\/2015\/10\/151012026.jpg","width":470,"height":350},{"@type":"BreadcrumbList","@id":"https:\/\/sandzakpress.net\/arhiva\/zukic-sbb-ce-dobiti-sva-ministarstva-u-vladi-fbih-na-kojima-se-nalaze-ministri-iz-df-a\/#breadcrumb","itemListElement":[{"@type":"ListItem","position":1,"name":"Home","item":"https:\/\/sandzakpress.net\/arhiva\/"},{"@type":"ListItem","position":2,"name":"Zuki\u0107: SBB \u0107e dobiti sva ministarstva u Vladi FBiH na kojima se nalaze ministri iz DF-a"}]},{"@type":"WebSite","@id":"https:\/\/sandzakpress.net\/arhiva\/#website","url":"https:\/\/sandzakpress.net\/arhiva\/","name":"Sand\u017eak PRESS","description":"Prve elektronske novine u Sand\u017eaku","publisher":{"@id":"https:\/\/sandzakpress.net\/arhiva\/#\/schema\/person\/6e72b67d6e51910a1117b3b483ba20bd"},"potentialAction":[{"@type":"SearchAction","target":{"@type":"EntryPoint","urlTemplate":"https:\/\/sandzakpress.net\/arhiva\/?s={search_term_string}"},"query-input":{"@type":"PropertyValueSpecification","valueRequired":true,"valueName":"search_term_string"}}],"inLanguage":"bs-BA"},{"@type":["Person","Organization"],"@id":"https:\/\/sandzakpress.net\/arhiva\/#\/schema\/person\/6e72b67d6e51910a1117b3b483ba20bd","name":"Kul","image":{"@type":"ImageObject","inLanguage":"bs-BA","@id":"https:\/\/sandzakpress.net\/arhiva\/#\/schema\/person\/image\/","url":"https:\/\/secure.gravatar.com\/avatar\/42263f39aa27ac04c43cab85c280eb2e?s=96&d=mm&r=pg","contentUrl":"https:\/\/secure.gravatar.com\/avatar\/42263f39aa27ac04c43cab85c280eb2e?s=96&d=mm&r=pg","caption":"Kul"},"logo":{"@id":"https:\/\/sandzakpress.net\/arhiva\/#\/schema\/person\/image\/"}},{"@type":"Person","@id":"https:\/\/sandzakpress.net\/arhiva\/#\/schema\/person\/c8baee722073534b583ea7bdb2e36c02","name":"bosniak","image":{"@type":"ImageObject","inLanguage":"bs-BA","@id":"https:\/\/sandzakpress.net\/arhiva\/#\/schema\/person\/image\/","url":"https:\/\/secure.gravatar.com\/avatar\/a04fd330bfe3a36a72a0ad4a6d89fca7?s=96&d=mm&r=pg","contentUrl":"https:\/\/secure.gravatar.com\/avatar\/a04fd330bfe3a36a72a0ad4a6d89fca7?s=96&d=mm&r=pg","caption":"bosniak"},"url":"https:\/\/sandzakpress.net\/arhiva\/author\/bosniak\/"}]}},"_links":{"self":[{"href":"https:\/\/sandzakpress.net\/arhiva\/wp-json\/wp\/v2\/posts\/140717"}],"collection":[{"href":"https:\/\/sandzakpress.net\/arhiva\/wp-json\/wp\/v2\/posts"}],"about":[{"href":"https:\/\/sandzakpress.net\/arhiva\/wp-json\/wp\/v2\/types\/post"}],"author":[{"embeddable":true,"href":"https:\/\/sandzakpress.net\/arhiva\/wp-json\/wp\/v2\/users\/83"}],"replies":[{"embeddable":true,"href":"https:\/\/sandzakpress.net\/arhiva\/wp-json\/wp\/v2\/comments?post=140717"}],"version-history":[{"count":0,"href":"https:\/\/sandzakpress.net\/arhiva\/wp-json\/wp\/v2\/posts\/140717\/revisions"}],"wp:featuredmedia":[{"embeddable":true,"href":"https:\/\/sandzakpress.net\/arhiva\/wp-json\/wp\/v2\/media\/140718"}],"wp:attachment":[{"href":"https:\/\/sandzakpress.net\/arhiva\/wp-json\/wp\/v2\/media?parent=140717"}],"wp:term":[{"taxonomy":"category","embeddable":true,"href":"https:\/\/sandzakpress.net\/arhiva\/wp-json\/wp\/v2\/categories?post=140717"},{"taxonomy":"post_tag","embeddable":true,"href":"https:\/\/sandzakpress.net\/arhiva\/wp-json\/wp\/v2\/tags?post=140717"}],"curies":[{"name":"wp","href":"https:\/\/api.w.org\/{rel}","templated":true}]}}